{"id":961,"date":"2017-12-11T08:35:55","date_gmt":"2017-12-11T07:35:55","guid":{"rendered":"http:\/\/www.stjb-delasalle.fr\/?p=961"},"modified":"2017-12-11T08:35:55","modified_gmt":"2017-12-11T07:35:55","slug":"de-la-geometrie-a-la-decoration-de-noel","status":"publish","type":"post","link":"https:\/\/www.stjb-delasalle.fr\/site\/2017\/12\/11\/de-la-geometrie-a-la-decoration-de-noel\/","title":{"rendered":"De la g\u00e9om\u00e9trie &#8230; \u00e0 la d\u00e9coration de No\u00ebl."},"content":{"rendered":"<p><strong>Les \u00e9l\u00e8ves de sixi\u00e8mes<\/strong> ont utilis\u00e9 leurs instruments de g\u00e9om\u00e9trie et suivi un programme de construction pour obtenir une \u00e9toile , avec leurs professeurs de math\u00e9matiques <strong>Mmes Breton, Long et Gaudron<\/strong>, ils ont joint l&rsquo;utile \u00e0 l&rsquo;agr\u00e9able.<br \/>\nToutes les \u00e9toiles assembl\u00e9es ont form\u00e9 un sapin.<br \/>\nVendredi \u00e0 l&rsquo;aide de <strong>Claudie et de Corinne<\/strong> des \u00e9l\u00e8ves disponibles ont install\u00e9 leur cr\u00e9ation dans le self afin de souhaiter de joyeuses f\u00eates \u00e0 tous.<\/p>\n<p style=\"text-align: right;\"><strong>Isabelle Gaudron<\/strong><\/p>\n<p>&nbsp;<\/p>\n<p style=\"text-align: center;\"><a href=\"http:\/\/www.stjb-delasalle.fr\/wp-content\/uploads\/2017\/12\/IMG_0583-e1512977739945.jpg\"><img fetchpriority=\"high\" decoding=\"async\" class=\"alignnone wp-image-960 size-full\" src=\"http:\/\/www.stjb-delasalle.fr\/wp-content\/uploads\/2017\/12\/IMG_0583-e1512977739945.jpg\" alt=\"\" width=\"240\" height=\"320\" \/><\/a><\/p>\n<p><a href=\"http:\/\/www.stjb-delasalle.fr\/wp-content\/uploads\/2017\/12\/IMG_0599-e1512977720346.jpg\"><img decoding=\"async\" class=\"aligncenter wp-image-959 size-full\" src=\"http:\/\/www.stjb-delasalle.fr\/wp-content\/uploads\/2017\/12\/IMG_0599-e1512977720346.jpg\" alt=\"\" width=\"240\" height=\"320\" \/><\/a><\/p>\n<p><img decoding=\"async\" class=\"size-full wp-image-957 aligncenter\" src=\"http:\/\/www.stjb-delasalle.fr\/wp-content\/uploads\/2017\/12\/IMG_0591-e1512977729848.jpg\" alt=\"\" width=\"240\" height=\"320\" \/><\/p>\n<p><img loading=\"lazy\" decoding=\"async\" class=\"size-full wp-image-956 aligncenter\" src=\"http:\/\/www.stjb-delasalle.fr\/wp-content\/uploads\/2017\/12\/IMG_0586.jpg\" alt=\"\" width=\"320\" height=\"240\" \/><\/p>\n<p><img loading=\"lazy\" decoding=\"async\" class=\"size-full wp-image-955 aligncenter\" src=\"http:\/\/www.stjb-delasalle.fr\/wp-content\/uploads\/2017\/12\/IMG_0585.jpg\" alt=\"\" width=\"320\" height=\"240\" \/><\/p>\n","protected":false},"excerpt":{"rendered":"<p>Les \u00e9l\u00e8ves de sixi\u00e8mes ont utilis\u00e9 leurs instruments de g\u00e9om\u00e9trie et suivi un programme de construction pour obtenir une \u00e9toile , avec leurs professeurs de math\u00e9matiques Mmes Breton, Long et Gaudron, ils ont joint l&rsquo;utile \u00e0 l&rsquo;agr\u00e9able. Toutes les \u00e9toiles assembl\u00e9es ont form\u00e9 un sapin. Vendredi \u00e0 l&rsquo;aide de Claudie et de Corinne des \u00e9l\u00e8ves [&hellip;]<\/p>\n","protected":false},"author":1,"featured_media":958,"comment_status":"closed","ping_status":"closed","sticky":false,"template":"","format":"standard","meta":{"site-sidebar-layout":"default","site-content-layout":"","ast-site-content-layout":"default","site-content-style":"default","site-sidebar-style":"default","ast-global-header-display":"","ast-banner-title-visibility":"","ast-main-header-display":"","ast-hfb-above-header-display":"","ast-hfb-below-header-display":"","ast-hfb-mobile-header-display":"","site-post-title":"","ast-breadcrumbs-content":"","ast-featured-img":"","footer-sml-layout":"","ast-disable-related-posts":"","theme-transparent-header-meta":"","adv-header-id-meta":"","stick-header-meta":"","header-above-stick-meta":"","header-main-stick-meta":"","header-below-stick-meta":"","astra-migrate-meta-layouts":"default","ast-page-background-enabled":"default","ast-page-background-meta":{"desktop":{"background-color":"var(--ast-global-color-4)","background-image":"","background-repeat":"repeat","background-position":"center center","background-size":"auto","background-attachment":"scroll","background-type":"","background-media":"","overlay-type":"","overlay-color":"","overlay-opacity":"","overlay-gradient":""},"tablet":{"background-color":"","background-image":"","background-repeat":"repeat","background-position":"center center","background-size":"auto","background-attachment":"scroll","background-type":"","background-media":"","overlay-type":"","overlay-color":"","overlay-opacity":"","overlay-gradient":""},"mobile":{"background-color":"","background-image":"","background-repeat":"repeat","background-position":"center center","background-size":"auto","background-attachment":"scroll","background-type":"","background-media":"","overlay-type":"","overlay-color":"","overlay-opacity":"","overlay-gradient":""}},"ast-content-background-meta":{"desktop":{"background-color":"var(--ast-global-color-5)","background-image":"","background-repeat":"repeat","background-position":"center center","background-size":"auto","background-attachment":"scroll","background-type":"","background-media":"","overlay-type":"","overlay-color":"","overlay-opacity":"","overlay-gradient":""},"tablet":{"background-color":"var(--ast-global-color-5)","background-image":"","background-repeat":"repeat","background-position":"center center","background-size":"auto","background-attachment":"scroll","background-type":"","background-media":"","overlay-type":"","overlay-color":"","overlay-opacity":"","overlay-gradient":""},"mobile":{"background-color":"var(--ast-global-color-5)","background-image":"","background-repeat":"repeat","background-position":"center center","background-size":"auto","background-attachment":"scroll","background-type":"","background-media":"","overlay-type":"","overlay-color":"","overlay-opacity":"","overlay-gradient":""}},"footnotes":""},"categories":[6],"tags":[],"class_list":["post-961","post","type-post","status-publish","format-standard","has-post-thumbnail","hentry","category-college"],"yoast_head":"<!-- This site is optimized with the Yoast SEO plugin v27.5 - https:\/\/yoast.com\/product\/yoast-seo-wordpress\/ -->\n<title>De la g\u00e9om\u00e9trie ... \u00e0 la d\u00e9coration de No\u00ebl. - Coll\u00e8ge Saint Jean Baptiste de La Salle<\/title>\n<meta name=\"robots\" content=\"index, follow, max-snippet:-1, max-image-preview:large, max-video-preview:-1\" \/>\n<link rel=\"canonical\" href=\"https:\/\/www.stjb-delasalle.fr\/site\/2017\/12\/11\/de-la-geometrie-a-la-decoration-de-noel\/\" \/>\n<meta property=\"og:locale\" content=\"fr_FR\" \/>\n<meta property=\"og:type\" content=\"article\" \/>\n<meta property=\"og:title\" content=\"De la g\u00e9om\u00e9trie ... \u00e0 la d\u00e9coration de No\u00ebl. - Coll\u00e8ge Saint Jean Baptiste de La Salle\" \/>\n<meta property=\"og:description\" content=\"Les \u00e9l\u00e8ves de sixi\u00e8mes ont utilis\u00e9 leurs instruments de g\u00e9om\u00e9trie et suivi un programme de construction pour obtenir une \u00e9toile , avec leurs professeurs de math\u00e9matiques Mmes Breton, Long et Gaudron, ils ont joint l&rsquo;utile \u00e0 l&rsquo;agr\u00e9able. Toutes les \u00e9toiles assembl\u00e9es ont form\u00e9 un sapin. Vendredi \u00e0 l&rsquo;aide de Claudie et de Corinne des \u00e9l\u00e8ves [&hellip;]\" \/>\n<meta property=\"og:url\" content=\"https:\/\/www.stjb-delasalle.fr\/site\/2017\/12\/11\/de-la-geometrie-a-la-decoration-de-noel\/\" \/>\n<meta property=\"og:site_name\" content=\"Coll\u00e8ge Saint Jean Baptiste de La Salle\" \/>\n<meta property=\"article:published_time\" content=\"2017-12-11T07:35:55+00:00\" \/>\n<meta name=\"author\" content=\"r.zucchetti\" \/>\n<meta name=\"twitter:card\" content=\"summary_large_image\" \/>\n<meta name=\"twitter:label1\" content=\"\u00c9crit par\" \/>\n\t<meta name=\"twitter:data1\" content=\"r.zucchetti\" \/>\n<script type=\"application\/ld+json\" class=\"yoast-schema-graph\">{\"@context\":\"https:\\\/\\\/schema.org\",\"@graph\":[{\"@type\":\"Article\",\"@id\":\"https:\\\/\\\/www.stjb-delasalle.fr\\\/site\\\/2017\\\/12\\\/11\\\/de-la-geometrie-a-la-decoration-de-noel\\\/#article\",\"isPartOf\":{\"@id\":\"https:\\\/\\\/www.stjb-delasalle.fr\\\/site\\\/2017\\\/12\\\/11\\\/de-la-geometrie-a-la-decoration-de-noel\\\/\"},\"author\":{\"name\":\"r.zucchetti\",\"@id\":\"https:\\\/\\\/www.stjb-delasalle.fr\\\/site\\\/#\\\/schema\\\/person\\\/36988a7b4178dd69b805a25eea2b8f8f\"},\"headline\":\"De la g\u00e9om\u00e9trie &#8230; \u00e0 la d\u00e9coration de No\u00ebl.\",\"datePublished\":\"2017-12-11T07:35:55+00:00\",\"mainEntityOfPage\":{\"@id\":\"https:\\\/\\\/www.stjb-delasalle.fr\\\/site\\\/2017\\\/12\\\/11\\\/de-la-geometrie-a-la-decoration-de-noel\\\/\"},\"wordCount\":91,\"publisher\":{\"@id\":\"https:\\\/\\\/www.stjb-delasalle.fr\\\/site\\\/#organization\"},\"image\":{\"@id\":\"https:\\\/\\\/www.stjb-delasalle.fr\\\/site\\\/2017\\\/12\\\/11\\\/de-la-geometrie-a-la-decoration-de-noel\\\/#primaryimage\"},\"thumbnailUrl\":\"\",\"articleSection\":[\"Coll\u00e8ge\"],\"inLanguage\":\"fr-FR\"},{\"@type\":\"WebPage\",\"@id\":\"https:\\\/\\\/www.stjb-delasalle.fr\\\/site\\\/2017\\\/12\\\/11\\\/de-la-geometrie-a-la-decoration-de-noel\\\/\",\"url\":\"https:\\\/\\\/www.stjb-delasalle.fr\\\/site\\\/2017\\\/12\\\/11\\\/de-la-geometrie-a-la-decoration-de-noel\\\/\",\"name\":\"De la g\u00e9om\u00e9trie ... \u00e0 la d\u00e9coration de No\u00ebl. - Coll\u00e8ge Saint Jean Baptiste de La Salle\",\"isPartOf\":{\"@id\":\"https:\\\/\\\/www.stjb-delasalle.fr\\\/site\\\/#website\"},\"primaryImageOfPage\":{\"@id\":\"https:\\\/\\\/www.stjb-delasalle.fr\\\/site\\\/2017\\\/12\\\/11\\\/de-la-geometrie-a-la-decoration-de-noel\\\/#primaryimage\"},\"image\":{\"@id\":\"https:\\\/\\\/www.stjb-delasalle.fr\\\/site\\\/2017\\\/12\\\/11\\\/de-la-geometrie-a-la-decoration-de-noel\\\/#primaryimage\"},\"thumbnailUrl\":\"\",\"datePublished\":\"2017-12-11T07:35:55+00:00\",\"breadcrumb\":{\"@id\":\"https:\\\/\\\/www.stjb-delasalle.fr\\\/site\\\/2017\\\/12\\\/11\\\/de-la-geometrie-a-la-decoration-de-noel\\\/#breadcrumb\"},\"inLanguage\":\"fr-FR\",\"potentialAction\":[{\"@type\":\"ReadAction\",\"target\":[\"https:\\\/\\\/www.stjb-delasalle.fr\\\/site\\\/2017\\\/12\\\/11\\\/de-la-geometrie-a-la-decoration-de-noel\\\/\"]}]},{\"@type\":\"ImageObject\",\"inLanguage\":\"fr-FR\",\"@id\":\"https:\\\/\\\/www.stjb-delasalle.fr\\\/site\\\/2017\\\/12\\\/11\\\/de-la-geometrie-a-la-decoration-de-noel\\\/#primaryimage\",\"url\":\"\",\"contentUrl\":\"\"},{\"@type\":\"BreadcrumbList\",\"@id\":\"https:\\\/\\\/www.stjb-delasalle.fr\\\/site\\\/2017\\\/12\\\/11\\\/de-la-geometrie-a-la-decoration-de-noel\\\/#breadcrumb\",\"itemListElement\":[{\"@type\":\"ListItem\",\"position\":1,\"name\":\"Accueil\",\"item\":\"https:\\\/\\\/www.stjb-delasalle.fr\\\/site\\\/\"},{\"@type\":\"ListItem\",\"position\":2,\"name\":\"De la g\u00e9om\u00e9trie &#8230; \u00e0 la d\u00e9coration de No\u00ebl.\"}]},{\"@type\":\"WebSite\",\"@id\":\"https:\\\/\\\/www.stjb-delasalle.fr\\\/site\\\/#website\",\"url\":\"https:\\\/\\\/www.stjb-delasalle.fr\\\/site\\\/\",\"name\":\"Coll\u00e8ge Saint Jean Baptiste de La Salle\",\"description\":\"Notre coll\u00e8ge vous accueille sur le site du Rancher \u00e0 Teloch\u00e9\",\"publisher\":{\"@id\":\"https:\\\/\\\/www.stjb-delasalle.fr\\\/site\\\/#organization\"},\"potentialAction\":[{\"@type\":\"SearchAction\",\"target\":{\"@type\":\"EntryPoint\",\"urlTemplate\":\"https:\\\/\\\/www.stjb-delasalle.fr\\\/site\\\/?s={search_term_string}\"},\"query-input\":{\"@type\":\"PropertyValueSpecification\",\"valueRequired\":true,\"valueName\":\"search_term_string\"}}],\"inLanguage\":\"fr-FR\"},{\"@type\":\"Organization\",\"@id\":\"https:\\\/\\\/www.stjb-delasalle.fr\\\/site\\\/#organization\",\"name\":\"Coll\u00e8ge Saint Jean Baptiste de La Salle\",\"url\":\"https:\\\/\\\/www.stjb-delasalle.fr\\\/site\\\/\",\"logo\":{\"@type\":\"ImageObject\",\"inLanguage\":\"fr-FR\",\"@id\":\"https:\\\/\\\/www.stjb-delasalle.fr\\\/site\\\/#\\\/schema\\\/logo\\\/image\\\/\",\"url\":\"https:\\\/\\\/www.stjb-delasalle.fr\\\/site\\\/wp-content\\\/uploads\\\/2021\\\/11\\\/logostjb_petit_transp.png\",\"contentUrl\":\"https:\\\/\\\/www.stjb-delasalle.fr\\\/site\\\/wp-content\\\/uploads\\\/2021\\\/11\\\/logostjb_petit_transp.png\",\"width\":180,\"height\":127,\"caption\":\"Coll\u00e8ge Saint Jean Baptiste de La Salle\"},\"image\":{\"@id\":\"https:\\\/\\\/www.stjb-delasalle.fr\\\/site\\\/#\\\/schema\\\/logo\\\/image\\\/\"}},{\"@type\":\"Person\",\"@id\":\"https:\\\/\\\/www.stjb-delasalle.fr\\\/site\\\/#\\\/schema\\\/person\\\/36988a7b4178dd69b805a25eea2b8f8f\",\"name\":\"r.zucchetti\",\"image\":{\"@type\":\"ImageObject\",\"inLanguage\":\"fr-FR\",\"@id\":\"https:\\\/\\\/secure.gravatar.com\\\/avatar\\\/de909cd474d221f967baff6582e1e559c4977b81139138190583ff7dda97b212?s=96&d=mm&r=g\",\"url\":\"https:\\\/\\\/secure.gravatar.com\\\/avatar\\\/de909cd474d221f967baff6582e1e559c4977b81139138190583ff7dda97b212?s=96&d=mm&r=g\",\"contentUrl\":\"https:\\\/\\\/secure.gravatar.com\\\/avatar\\\/de909cd474d221f967baff6582e1e559c4977b81139138190583ff7dda97b212?s=96&d=mm&r=g\",\"caption\":\"r.zucchetti\"},\"sameAs\":[\"https:\\\/\\\/www.stjb-delasalle.fr\\\/site\"],\"url\":\"https:\\\/\\\/www.stjb-delasalle.fr\\\/site\\\/author\\\/r-zucchetti\\\/\"}]}<\/script>\n<!-- \/ Yoast SEO plugin. -->","yoast_head_json":{"title":"De la g\u00e9om\u00e9trie ... \u00e0 la d\u00e9coration de No\u00ebl. - Coll\u00e8ge Saint Jean Baptiste de La Salle","robots":{"index":"index","follow":"follow","max-snippet":"max-snippet:-1","max-image-preview":"max-image-preview:large","max-video-preview":"max-video-preview:-1"},"canonical":"https:\/\/www.stjb-delasalle.fr\/site\/2017\/12\/11\/de-la-geometrie-a-la-decoration-de-noel\/","og_locale":"fr_FR","og_type":"article","og_title":"De la g\u00e9om\u00e9trie ... \u00e0 la d\u00e9coration de No\u00ebl. - Coll\u00e8ge Saint Jean Baptiste de La Salle","og_description":"Les \u00e9l\u00e8ves de sixi\u00e8mes ont utilis\u00e9 leurs instruments de g\u00e9om\u00e9trie et suivi un programme de construction pour obtenir une \u00e9toile , avec leurs professeurs de math\u00e9matiques Mmes Breton, Long et Gaudron, ils ont joint l&rsquo;utile \u00e0 l&rsquo;agr\u00e9able. Toutes les \u00e9toiles assembl\u00e9es ont form\u00e9 un sapin. Vendredi \u00e0 l&rsquo;aide de Claudie et de Corinne des \u00e9l\u00e8ves [&hellip;]","og_url":"https:\/\/www.stjb-delasalle.fr\/site\/2017\/12\/11\/de-la-geometrie-a-la-decoration-de-noel\/","og_site_name":"Coll\u00e8ge Saint Jean Baptiste de La Salle","article_published_time":"2017-12-11T07:35:55+00:00","author":"r.zucchetti","twitter_card":"summary_large_image","twitter_misc":{"\u00c9crit par":"r.zucchetti"},"schema":{"@context":"https:\/\/schema.org","@graph":[{"@type":"Article","@id":"https:\/\/www.stjb-delasalle.fr\/site\/2017\/12\/11\/de-la-geometrie-a-la-decoration-de-noel\/#article","isPartOf":{"@id":"https:\/\/www.stjb-delasalle.fr\/site\/2017\/12\/11\/de-la-geometrie-a-la-decoration-de-noel\/"},"author":{"name":"r.zucchetti","@id":"https:\/\/www.stjb-delasalle.fr\/site\/#\/schema\/person\/36988a7b4178dd69b805a25eea2b8f8f"},"headline":"De la g\u00e9om\u00e9trie &#8230; \u00e0 la d\u00e9coration de No\u00ebl.","datePublished":"2017-12-11T07:35:55+00:00","mainEntityOfPage":{"@id":"https:\/\/www.stjb-delasalle.fr\/site\/2017\/12\/11\/de-la-geometrie-a-la-decoration-de-noel\/"},"wordCount":91,"publisher":{"@id":"https:\/\/www.stjb-delasalle.fr\/site\/#organization"},"image":{"@id":"https:\/\/www.stjb-delasalle.fr\/site\/2017\/12\/11\/de-la-geometrie-a-la-decoration-de-noel\/#primaryimage"},"thumbnailUrl":"","articleSection":["Coll\u00e8ge"],"inLanguage":"fr-FR"},{"@type":"WebPage","@id":"https:\/\/www.stjb-delasalle.fr\/site\/2017\/12\/11\/de-la-geometrie-a-la-decoration-de-noel\/","url":"https:\/\/www.stjb-delasalle.fr\/site\/2017\/12\/11\/de-la-geometrie-a-la-decoration-de-noel\/","name":"De la g\u00e9om\u00e9trie ... \u00e0 la d\u00e9coration de No\u00ebl. - Coll\u00e8ge Saint Jean Baptiste de La Salle","isPartOf":{"@id":"https:\/\/www.stjb-delasalle.fr\/site\/#website"},"primaryImageOfPage":{"@id":"https:\/\/www.stjb-delasalle.fr\/site\/2017\/12\/11\/de-la-geometrie-a-la-decoration-de-noel\/#primaryimage"},"image":{"@id":"https:\/\/www.stjb-delasalle.fr\/site\/2017\/12\/11\/de-la-geometrie-a-la-decoration-de-noel\/#primaryimage"},"thumbnailUrl":"","datePublished":"2017-12-11T07:35:55+00:00","breadcrumb":{"@id":"https:\/\/www.stjb-delasalle.fr\/site\/2017\/12\/11\/de-la-geometrie-a-la-decoration-de-noel\/#breadcrumb"},"inLanguage":"fr-FR","potentialAction":[{"@type":"ReadAction","target":["https:\/\/www.stjb-delasalle.fr\/site\/2017\/12\/11\/de-la-geometrie-a-la-decoration-de-noel\/"]}]},{"@type":"ImageObject","inLanguage":"fr-FR","@id":"https:\/\/www.stjb-delasalle.fr\/site\/2017\/12\/11\/de-la-geometrie-a-la-decoration-de-noel\/#primaryimage","url":"","contentUrl":""},{"@type":"BreadcrumbList","@id":"https:\/\/www.stjb-delasalle.fr\/site\/2017\/12\/11\/de-la-geometrie-a-la-decoration-de-noel\/#breadcrumb","itemListElement":[{"@type":"ListItem","position":1,"name":"Accueil","item":"https:\/\/www.stjb-delasalle.fr\/site\/"},{"@type":"ListItem","position":2,"name":"De la g\u00e9om\u00e9trie &#8230; \u00e0 la d\u00e9coration de No\u00ebl."}]},{"@type":"WebSite","@id":"https:\/\/www.stjb-delasalle.fr\/site\/#website","url":"https:\/\/www.stjb-delasalle.fr\/site\/","name":"Coll\u00e8ge Saint Jean Baptiste de La Salle","description":"Notre coll\u00e8ge vous accueille sur le site du Rancher \u00e0 Teloch\u00e9","publisher":{"@id":"https:\/\/www.stjb-delasalle.fr\/site\/#organization"},"potentialAction":[{"@type":"SearchAction","target":{"@type":"EntryPoint","urlTemplate":"https:\/\/www.stjb-delasalle.fr\/site\/?s={search_term_string}"},"query-input":{"@type":"PropertyValueSpecification","valueRequired":true,"valueName":"search_term_string"}}],"inLanguage":"fr-FR"},{"@type":"Organization","@id":"https:\/\/www.stjb-delasalle.fr\/site\/#organization","name":"Coll\u00e8ge Saint Jean Baptiste de La Salle","url":"https:\/\/www.stjb-delasalle.fr\/site\/","logo":{"@type":"ImageObject","inLanguage":"fr-FR","@id":"https:\/\/www.stjb-delasalle.fr\/site\/#\/schema\/logo\/image\/","url":"https:\/\/www.stjb-delasalle.fr\/site\/wp-content\/uploads\/2021\/11\/logostjb_petit_transp.png","contentUrl":"https:\/\/www.stjb-delasalle.fr\/site\/wp-content\/uploads\/2021\/11\/logostjb_petit_transp.png","width":180,"height":127,"caption":"Coll\u00e8ge Saint Jean Baptiste de La Salle"},"image":{"@id":"https:\/\/www.stjb-delasalle.fr\/site\/#\/schema\/logo\/image\/"}},{"@type":"Person","@id":"https:\/\/www.stjb-delasalle.fr\/site\/#\/schema\/person\/36988a7b4178dd69b805a25eea2b8f8f","name":"r.zucchetti","image":{"@type":"ImageObject","inLanguage":"fr-FR","@id":"https:\/\/secure.gravatar.com\/avatar\/de909cd474d221f967baff6582e1e559c4977b81139138190583ff7dda97b212?s=96&d=mm&r=g","url":"https:\/\/secure.gravatar.com\/avatar\/de909cd474d221f967baff6582e1e559c4977b81139138190583ff7dda97b212?s=96&d=mm&r=g","contentUrl":"https:\/\/secure.gravatar.com\/avatar\/de909cd474d221f967baff6582e1e559c4977b81139138190583ff7dda97b212?s=96&d=mm&r=g","caption":"r.zucchetti"},"sameAs":["https:\/\/www.stjb-delasalle.fr\/site"],"url":"https:\/\/www.stjb-delasalle.fr\/site\/author\/r-zucchetti\/"}]}},"_links":{"self":[{"href":"https:\/\/www.stjb-delasalle.fr\/site\/wp-json\/wp\/v2\/posts\/961","targetHints":{"allow":["GET"]}}],"collection":[{"href":"https:\/\/www.stjb-delasalle.fr\/site\/wp-json\/wp\/v2\/posts"}],"about":[{"href":"https:\/\/www.stjb-delasalle.fr\/site\/wp-json\/wp\/v2\/types\/post"}],"author":[{"embeddable":true,"href":"https:\/\/www.stjb-delasalle.fr\/site\/wp-json\/wp\/v2\/users\/1"}],"replies":[{"embeddable":true,"href":"https:\/\/www.stjb-delasalle.fr\/site\/wp-json\/wp\/v2\/comments?post=961"}],"version-history":[{"count":0,"href":"https:\/\/www.stjb-delasalle.fr\/site\/wp-json\/wp\/v2\/posts\/961\/revisions"}],"wp:featuredmedia":[{"embeddable":true,"href":"https:\/\/www.stjb-delasalle.fr\/site\/wp-json\/"}],"wp:attachment":[{"href":"https:\/\/www.stjb-delasalle.fr\/site\/wp-json\/wp\/v2\/media?parent=961"}],"wp:term":[{"taxonomy":"category","embeddable":true,"href":"https:\/\/www.stjb-delasalle.fr\/site\/wp-json\/wp\/v2\/categories?post=961"},{"taxonomy":"post_tag","embeddable":true,"href":"https:\/\/www.stjb-delasalle.fr\/site\/wp-json\/wp\/v2\/tags?post=961"}],"curies":[{"name":"wp","href":"https:\/\/api.w.org\/{rel}","templated":true}]}}