{"id":8858,"date":"2021-10-12T07:59:44","date_gmt":"2021-10-12T05:59:44","guid":{"rendered":"https:\/\/www.stjb-delasalle.fr\/?p=8858"},"modified":"2021-10-12T07:59:44","modified_gmt":"2021-10-12T05:59:44","slug":"la-recolte-des-pommes-en-jus","status":"publish","type":"post","link":"https:\/\/www.stjb-delasalle.fr\/site\/2021\/10\/12\/la-recolte-des-pommes-en-jus\/","title":{"rendered":"&#x1f34e;&#x1f34f; La r\u00e9colte des pommes en jus !"},"content":{"rendered":"<p>Vendredi dernier, des \u00e9l\u00e8ves de 6eme, 5\u00e8me et 4eme sont all\u00e9s presser les pommes du verger de notre coll\u00e8ge. Nous avons r\u00e9colt\u00e9 200 Litres de jus de pommes avec l\u2019aide de l\u2019entreprise <strong>pressi-mobile.<\/strong><\/p>\n<p><img fetchpriority=\"high\" decoding=\"async\" class=\"alignleft size-large wp-image-8859\" src=\"https:\/\/www.stjb-delasalle.fr\/wp-content\/uploads\/2021\/10\/20211008_133031-576x1024.jpg\" alt=\"\" width=\"576\" height=\"1024\" \/> <img decoding=\"async\" class=\"alignleft size-large wp-image-8860\" src=\"https:\/\/www.stjb-delasalle.fr\/wp-content\/uploads\/2021\/10\/20211008_140403-1024x576.jpg\" alt=\"\" width=\"1024\" height=\"576\" \/> <img decoding=\"async\" class=\"alignleft size-large wp-image-8861\" src=\"https:\/\/www.stjb-delasalle.fr\/wp-content\/uploads\/2021\/10\/20211008_140723-1024x576.jpg\" alt=\"\" width=\"1024\" height=\"576\" \/> <img loading=\"lazy\" decoding=\"async\" class=\"alignleft size-large wp-image-8862\" src=\"https:\/\/www.stjb-delasalle.fr\/wp-content\/uploads\/2021\/10\/20211008_131942-1024x576.jpg\" alt=\"\" width=\"1024\" height=\"576\" \/> <img loading=\"lazy\" decoding=\"async\" class=\"alignleft size-large wp-image-8863\" src=\"https:\/\/www.stjb-delasalle.fr\/wp-content\/uploads\/2021\/10\/20211008_132308-1024x576.jpg\" alt=\"\" width=\"1024\" height=\"576\" \/> <img loading=\"lazy\" decoding=\"async\" class=\"alignleft size-large wp-image-8864\" src=\"https:\/\/www.stjb-delasalle.fr\/wp-content\/uploads\/2021\/10\/20211008_132316-1024x576.jpg\" alt=\"\" width=\"1024\" height=\"576\" \/> <img loading=\"lazy\" decoding=\"async\" class=\"alignleft size-large wp-image-8865\" src=\"https:\/\/www.stjb-delasalle.fr\/wp-content\/uploads\/2021\/10\/20211008_132334-1024x576.jpg\" alt=\"\" width=\"1024\" height=\"576\" \/> <img loading=\"lazy\" decoding=\"async\" class=\"alignleft size-large wp-image-8866\" src=\"https:\/\/www.stjb-delasalle.fr\/wp-content\/uploads\/2021\/10\/20211008_132338-1024x576.jpg\" alt=\"\" width=\"1024\" height=\"576\" \/> <img loading=\"lazy\" decoding=\"async\" class=\"alignleft size-large wp-image-8867\" src=\"https:\/\/www.stjb-delasalle.fr\/wp-content\/uploads\/2021\/10\/20211008_132517-1024x576.jpg\" alt=\"\" width=\"1024\" height=\"576\" \/> <img loading=\"lazy\" decoding=\"async\" class=\"alignleft size-large wp-image-8868\" src=\"https:\/\/www.stjb-delasalle.fr\/wp-content\/uploads\/2021\/10\/20211008_132644-1024x576.jpg\" alt=\"\" width=\"1024\" height=\"576\" \/> <img loading=\"lazy\" decoding=\"async\" class=\"alignleft size-large wp-image-8869\" src=\"https:\/\/www.stjb-delasalle.fr\/wp-content\/uploads\/2021\/10\/20211008_132841-1024x576.jpg\" alt=\"\" width=\"1024\" height=\"576\" \/><\/p>\n","protected":false},"excerpt":{"rendered":"<p>Vendredi dernier, des \u00e9l\u00e8ves de 6eme, 5\u00e8me et 4eme sont all\u00e9s presser les pommes du verger de notre coll\u00e8ge. Nous avons r\u00e9colt\u00e9 200 Litres de jus de pommes avec l\u2019aide de l\u2019entreprise pressi-mobile.<\/p>\n","protected":false},"author":1,"featured_media":8870,"comment_status":"closed","ping_status":"closed","sticky":false,"template":"","format":"standard","meta":{"site-sidebar-layout":"default","site-content-layout":"","ast-site-content-layout":"default","site-content-style":"default","site-sidebar-style":"default","ast-global-header-display":"","ast-banner-title-visibility":"","ast-main-header-display":"","ast-hfb-above-header-display":"","ast-hfb-below-header-display":"","ast-hfb-mobile-header-display":"","site-post-title":"","ast-breadcrumbs-content":"","ast-featured-img":"","footer-sml-layout":"","ast-disable-related-posts":"","theme-transparent-header-meta":"","adv-header-id-meta":"","stick-header-meta":"","header-above-stick-meta":"","header-main-stick-meta":"","header-below-stick-meta":"","astra-migrate-meta-layouts":"default","ast-page-background-enabled":"default","ast-page-background-meta":{"desktop":{"background-color":"var(--ast-global-color-4)","background-image":"","background-repeat":"repeat","background-position":"center center","background-size":"auto","background-attachment":"scroll","background-type":"","background-media":"","overlay-type":"","overlay-color":"","overlay-opacity":"","overlay-gradient":""},"tablet":{"background-color":"","background-image":"","background-repeat":"repeat","background-position":"center center","background-size":"auto","background-attachment":"scroll","background-type":"","background-media":"","overlay-type":"","overlay-color":"","overlay-opacity":"","overlay-gradient":""},"mobile":{"background-color":"","background-image":"","background-repeat":"repeat","background-position":"center center","background-size":"auto","background-attachment":"scroll","background-type":"","background-media":"","overlay-type":"","overlay-color":"","overlay-opacity":"","overlay-gradient":""}},"ast-content-background-meta":{"desktop":{"background-color":"var(--ast-global-color-5)","background-image":"","background-repeat":"repeat","background-position":"center center","background-size":"auto","background-attachment":"scroll","background-type":"","background-media":"","overlay-type":"","overlay-color":"","overlay-opacity":"","overlay-gradient":""},"tablet":{"background-color":"var(--ast-global-color-5)","background-image":"","background-repeat":"repeat","background-position":"center center","background-size":"auto","background-attachment":"scroll","background-type":"","background-media":"","overlay-type":"","overlay-color":"","overlay-opacity":"","overlay-gradient":""},"mobile":{"background-color":"var(--ast-global-color-5)","background-image":"","background-repeat":"repeat","background-position":"center center","background-size":"auto","background-attachment":"scroll","background-type":"","background-media":"","overlay-type":"","overlay-color":"","overlay-opacity":"","overlay-gradient":""}},"footnotes":""},"categories":[6],"tags":[],"class_list":["post-8858","post","type-post","status-publish","format-standard","has-post-thumbnail","hentry","category-college"],"yoast_head":"<!-- This site is optimized with the Yoast SEO plugin v27.5 - https:\/\/yoast.com\/product\/yoast-seo-wordpress\/ -->\n<title>&#x1f34e;&#x1f34f; La r\u00e9colte des pommes en jus ! - Coll\u00e8ge Saint Jean Baptiste de La Salle<\/title>\n<meta name=\"robots\" content=\"index, follow, max-snippet:-1, max-image-preview:large, max-video-preview:-1\" \/>\n<link rel=\"canonical\" href=\"https:\/\/www.stjb-delasalle.fr\/site\/2021\/10\/12\/la-recolte-des-pommes-en-jus\/\" \/>\n<meta property=\"og:locale\" content=\"fr_FR\" \/>\n<meta property=\"og:type\" content=\"article\" \/>\n<meta property=\"og:title\" content=\"&#x1f34e;&#x1f34f; La r\u00e9colte des pommes en jus ! - Coll\u00e8ge Saint Jean Baptiste de La Salle\" \/>\n<meta property=\"og:description\" content=\"Vendredi dernier, des \u00e9l\u00e8ves de 6eme, 5\u00e8me et 4eme sont all\u00e9s presser les pommes du verger de notre coll\u00e8ge. Nous avons r\u00e9colt\u00e9 200 Litres de jus de pommes avec l\u2019aide de l\u2019entreprise pressi-mobile.\" \/>\n<meta property=\"og:url\" content=\"https:\/\/www.stjb-delasalle.fr\/site\/2021\/10\/12\/la-recolte-des-pommes-en-jus\/\" \/>\n<meta property=\"og:site_name\" content=\"Coll\u00e8ge Saint Jean Baptiste de La Salle\" \/>\n<meta property=\"article:published_time\" content=\"2021-10-12T05:59:44+00:00\" \/>\n<meta name=\"author\" content=\"r.zucchetti\" \/>\n<meta name=\"twitter:card\" content=\"summary_large_image\" \/>\n<meta name=\"twitter:label1\" content=\"\u00c9crit par\" \/>\n\t<meta name=\"twitter:data1\" content=\"r.zucchetti\" \/>\n<script type=\"application\/ld+json\" class=\"yoast-schema-graph\">{\"@context\":\"https:\\\/\\\/schema.org\",\"@graph\":[{\"@type\":\"Article\",\"@id\":\"https:\\\/\\\/www.stjb-delasalle.fr\\\/site\\\/2021\\\/10\\\/12\\\/la-recolte-des-pommes-en-jus\\\/#article\",\"isPartOf\":{\"@id\":\"https:\\\/\\\/www.stjb-delasalle.fr\\\/site\\\/2021\\\/10\\\/12\\\/la-recolte-des-pommes-en-jus\\\/\"},\"author\":{\"name\":\"r.zucchetti\",\"@id\":\"https:\\\/\\\/www.stjb-delasalle.fr\\\/site\\\/#\\\/schema\\\/person\\\/36988a7b4178dd69b805a25eea2b8f8f\"},\"headline\":\"&#x1f34e;&#x1f34f; La r\u00e9colte des pommes en jus !\",\"datePublished\":\"2021-10-12T05:59:44+00:00\",\"mainEntityOfPage\":{\"@id\":\"https:\\\/\\\/www.stjb-delasalle.fr\\\/site\\\/2021\\\/10\\\/12\\\/la-recolte-des-pommes-en-jus\\\/\"},\"wordCount\":51,\"publisher\":{\"@id\":\"https:\\\/\\\/www.stjb-delasalle.fr\\\/site\\\/#organization\"},\"image\":{\"@id\":\"https:\\\/\\\/www.stjb-delasalle.fr\\\/site\\\/2021\\\/10\\\/12\\\/la-recolte-des-pommes-en-jus\\\/#primaryimage\"},\"thumbnailUrl\":\"\",\"articleSection\":[\"Coll\u00e8ge\"],\"inLanguage\":\"fr-FR\"},{\"@type\":\"WebPage\",\"@id\":\"https:\\\/\\\/www.stjb-delasalle.fr\\\/site\\\/2021\\\/10\\\/12\\\/la-recolte-des-pommes-en-jus\\\/\",\"url\":\"https:\\\/\\\/www.stjb-delasalle.fr\\\/site\\\/2021\\\/10\\\/12\\\/la-recolte-des-pommes-en-jus\\\/\",\"name\":\"&#x1f34e;&#x1f34f; La r\u00e9colte des pommes en jus ! - Coll\u00e8ge Saint Jean Baptiste de La Salle\",\"isPartOf\":{\"@id\":\"https:\\\/\\\/www.stjb-delasalle.fr\\\/site\\\/#website\"},\"primaryImageOfPage\":{\"@id\":\"https:\\\/\\\/www.stjb-delasalle.fr\\\/site\\\/2021\\\/10\\\/12\\\/la-recolte-des-pommes-en-jus\\\/#primaryimage\"},\"image\":{\"@id\":\"https:\\\/\\\/www.stjb-delasalle.fr\\\/site\\\/2021\\\/10\\\/12\\\/la-recolte-des-pommes-en-jus\\\/#primaryimage\"},\"thumbnailUrl\":\"\",\"datePublished\":\"2021-10-12T05:59:44+00:00\",\"breadcrumb\":{\"@id\":\"https:\\\/\\\/www.stjb-delasalle.fr\\\/site\\\/2021\\\/10\\\/12\\\/la-recolte-des-pommes-en-jus\\\/#breadcrumb\"},\"inLanguage\":\"fr-FR\",\"potentialAction\":[{\"@type\":\"ReadAction\",\"target\":[\"https:\\\/\\\/www.stjb-delasalle.fr\\\/site\\\/2021\\\/10\\\/12\\\/la-recolte-des-pommes-en-jus\\\/\"]}]},{\"@type\":\"ImageObject\",\"inLanguage\":\"fr-FR\",\"@id\":\"https:\\\/\\\/www.stjb-delasalle.fr\\\/site\\\/2021\\\/10\\\/12\\\/la-recolte-des-pommes-en-jus\\\/#primaryimage\",\"url\":\"\",\"contentUrl\":\"\"},{\"@type\":\"BreadcrumbList\",\"@id\":\"https:\\\/\\\/www.stjb-delasalle.fr\\\/site\\\/2021\\\/10\\\/12\\\/la-recolte-des-pommes-en-jus\\\/#breadcrumb\",\"itemListElement\":[{\"@type\":\"ListItem\",\"position\":1,\"name\":\"Accueil\",\"item\":\"https:\\\/\\\/www.stjb-delasalle.fr\\\/site\\\/\"},{\"@type\":\"ListItem\",\"position\":2,\"name\":\"&#x1f34e;&#x1f34f; La r\u00e9colte des pommes en jus !\"}]},{\"@type\":\"WebSite\",\"@id\":\"https:\\\/\\\/www.stjb-delasalle.fr\\\/site\\\/#website\",\"url\":\"https:\\\/\\\/www.stjb-delasalle.fr\\\/site\\\/\",\"name\":\"Coll\u00e8ge Saint Jean Baptiste de La Salle\",\"description\":\"Notre coll\u00e8ge vous accueille sur le site du Rancher \u00e0 Teloch\u00e9\",\"publisher\":{\"@id\":\"https:\\\/\\\/www.stjb-delasalle.fr\\\/site\\\/#organization\"},\"potentialAction\":[{\"@type\":\"SearchAction\",\"target\":{\"@type\":\"EntryPoint\",\"urlTemplate\":\"https:\\\/\\\/www.stjb-delasalle.fr\\\/site\\\/?s={search_term_string}\"},\"query-input\":{\"@type\":\"PropertyValueSpecification\",\"valueRequired\":true,\"valueName\":\"search_term_string\"}}],\"inLanguage\":\"fr-FR\"},{\"@type\":\"Organization\",\"@id\":\"https:\\\/\\\/www.stjb-delasalle.fr\\\/site\\\/#organization\",\"name\":\"Coll\u00e8ge Saint Jean Baptiste de La Salle\",\"url\":\"https:\\\/\\\/www.stjb-delasalle.fr\\\/site\\\/\",\"logo\":{\"@type\":\"ImageObject\",\"inLanguage\":\"fr-FR\",\"@id\":\"https:\\\/\\\/www.stjb-delasalle.fr\\\/site\\\/#\\\/schema\\\/logo\\\/image\\\/\",\"url\":\"https:\\\/\\\/www.stjb-delasalle.fr\\\/site\\\/wp-content\\\/uploads\\\/2021\\\/11\\\/logostjb_petit_transp.png\",\"contentUrl\":\"https:\\\/\\\/www.stjb-delasalle.fr\\\/site\\\/wp-content\\\/uploads\\\/2021\\\/11\\\/logostjb_petit_transp.png\",\"width\":180,\"height\":127,\"caption\":\"Coll\u00e8ge Saint Jean Baptiste de La Salle\"},\"image\":{\"@id\":\"https:\\\/\\\/www.stjb-delasalle.fr\\\/site\\\/#\\\/schema\\\/logo\\\/image\\\/\"}},{\"@type\":\"Person\",\"@id\":\"https:\\\/\\\/www.stjb-delasalle.fr\\\/site\\\/#\\\/schema\\\/person\\\/36988a7b4178dd69b805a25eea2b8f8f\",\"name\":\"r.zucchetti\",\"image\":{\"@type\":\"ImageObject\",\"inLanguage\":\"fr-FR\",\"@id\":\"https:\\\/\\\/secure.gravatar.com\\\/avatar\\\/de909cd474d221f967baff6582e1e559c4977b81139138190583ff7dda97b212?s=96&d=mm&r=g\",\"url\":\"https:\\\/\\\/secure.gravatar.com\\\/avatar\\\/de909cd474d221f967baff6582e1e559c4977b81139138190583ff7dda97b212?s=96&d=mm&r=g\",\"contentUrl\":\"https:\\\/\\\/secure.gravatar.com\\\/avatar\\\/de909cd474d221f967baff6582e1e559c4977b81139138190583ff7dda97b212?s=96&d=mm&r=g\",\"caption\":\"r.zucchetti\"},\"sameAs\":[\"https:\\\/\\\/www.stjb-delasalle.fr\\\/site\"],\"url\":\"https:\\\/\\\/www.stjb-delasalle.fr\\\/site\\\/author\\\/r-zucchetti\\\/\"}]}<\/script>\n<!-- \/ Yoast SEO plugin. -->","yoast_head_json":{"title":"&#x1f34e;&#x1f34f; La r\u00e9colte des pommes en jus ! - Coll\u00e8ge Saint Jean Baptiste de La Salle","robots":{"index":"index","follow":"follow","max-snippet":"max-snippet:-1","max-image-preview":"max-image-preview:large","max-video-preview":"max-video-preview:-1"},"canonical":"https:\/\/www.stjb-delasalle.fr\/site\/2021\/10\/12\/la-recolte-des-pommes-en-jus\/","og_locale":"fr_FR","og_type":"article","og_title":"&#x1f34e;&#x1f34f; La r\u00e9colte des pommes en jus ! - Coll\u00e8ge Saint Jean Baptiste de La Salle","og_description":"Vendredi dernier, des \u00e9l\u00e8ves de 6eme, 5\u00e8me et 4eme sont all\u00e9s presser les pommes du verger de notre coll\u00e8ge. Nous avons r\u00e9colt\u00e9 200 Litres de jus de pommes avec l\u2019aide de l\u2019entreprise pressi-mobile.","og_url":"https:\/\/www.stjb-delasalle.fr\/site\/2021\/10\/12\/la-recolte-des-pommes-en-jus\/","og_site_name":"Coll\u00e8ge Saint Jean Baptiste de La Salle","article_published_time":"2021-10-12T05:59:44+00:00","author":"r.zucchetti","twitter_card":"summary_large_image","twitter_misc":{"\u00c9crit par":"r.zucchetti"},"schema":{"@context":"https:\/\/schema.org","@graph":[{"@type":"Article","@id":"https:\/\/www.stjb-delasalle.fr\/site\/2021\/10\/12\/la-recolte-des-pommes-en-jus\/#article","isPartOf":{"@id":"https:\/\/www.stjb-delasalle.fr\/site\/2021\/10\/12\/la-recolte-des-pommes-en-jus\/"},"author":{"name":"r.zucchetti","@id":"https:\/\/www.stjb-delasalle.fr\/site\/#\/schema\/person\/36988a7b4178dd69b805a25eea2b8f8f"},"headline":"&#x1f34e;&#x1f34f; La r\u00e9colte des pommes en jus !","datePublished":"2021-10-12T05:59:44+00:00","mainEntityOfPage":{"@id":"https:\/\/www.stjb-delasalle.fr\/site\/2021\/10\/12\/la-recolte-des-pommes-en-jus\/"},"wordCount":51,"publisher":{"@id":"https:\/\/www.stjb-delasalle.fr\/site\/#organization"},"image":{"@id":"https:\/\/www.stjb-delasalle.fr\/site\/2021\/10\/12\/la-recolte-des-pommes-en-jus\/#primaryimage"},"thumbnailUrl":"","articleSection":["Coll\u00e8ge"],"inLanguage":"fr-FR"},{"@type":"WebPage","@id":"https:\/\/www.stjb-delasalle.fr\/site\/2021\/10\/12\/la-recolte-des-pommes-en-jus\/","url":"https:\/\/www.stjb-delasalle.fr\/site\/2021\/10\/12\/la-recolte-des-pommes-en-jus\/","name":"&#x1f34e;&#x1f34f; La r\u00e9colte des pommes en jus ! - Coll\u00e8ge Saint Jean Baptiste de La Salle","isPartOf":{"@id":"https:\/\/www.stjb-delasalle.fr\/site\/#website"},"primaryImageOfPage":{"@id":"https:\/\/www.stjb-delasalle.fr\/site\/2021\/10\/12\/la-recolte-des-pommes-en-jus\/#primaryimage"},"image":{"@id":"https:\/\/www.stjb-delasalle.fr\/site\/2021\/10\/12\/la-recolte-des-pommes-en-jus\/#primaryimage"},"thumbnailUrl":"","datePublished":"2021-10-12T05:59:44+00:00","breadcrumb":{"@id":"https:\/\/www.stjb-delasalle.fr\/site\/2021\/10\/12\/la-recolte-des-pommes-en-jus\/#breadcrumb"},"inLanguage":"fr-FR","potentialAction":[{"@type":"ReadAction","target":["https:\/\/www.stjb-delasalle.fr\/site\/2021\/10\/12\/la-recolte-des-pommes-en-jus\/"]}]},{"@type":"ImageObject","inLanguage":"fr-FR","@id":"https:\/\/www.stjb-delasalle.fr\/site\/2021\/10\/12\/la-recolte-des-pommes-en-jus\/#primaryimage","url":"","contentUrl":""},{"@type":"BreadcrumbList","@id":"https:\/\/www.stjb-delasalle.fr\/site\/2021\/10\/12\/la-recolte-des-pommes-en-jus\/#breadcrumb","itemListElement":[{"@type":"ListItem","position":1,"name":"Accueil","item":"https:\/\/www.stjb-delasalle.fr\/site\/"},{"@type":"ListItem","position":2,"name":"&#x1f34e;&#x1f34f; La r\u00e9colte des pommes en jus !"}]},{"@type":"WebSite","@id":"https:\/\/www.stjb-delasalle.fr\/site\/#website","url":"https:\/\/www.stjb-delasalle.fr\/site\/","name":"Coll\u00e8ge Saint Jean Baptiste de La Salle","description":"Notre coll\u00e8ge vous accueille sur le site du Rancher \u00e0 Teloch\u00e9","publisher":{"@id":"https:\/\/www.stjb-delasalle.fr\/site\/#organization"},"potentialAction":[{"@type":"SearchAction","target":{"@type":"EntryPoint","urlTemplate":"https:\/\/www.stjb-delasalle.fr\/site\/?s={search_term_string}"},"query-input":{"@type":"PropertyValueSpecification","valueRequired":true,"valueName":"search_term_string"}}],"inLanguage":"fr-FR"},{"@type":"Organization","@id":"https:\/\/www.stjb-delasalle.fr\/site\/#organization","name":"Coll\u00e8ge Saint Jean Baptiste de La Salle","url":"https:\/\/www.stjb-delasalle.fr\/site\/","logo":{"@type":"ImageObject","inLanguage":"fr-FR","@id":"https:\/\/www.stjb-delasalle.fr\/site\/#\/schema\/logo\/image\/","url":"https:\/\/www.stjb-delasalle.fr\/site\/wp-content\/uploads\/2021\/11\/logostjb_petit_transp.png","contentUrl":"https:\/\/www.stjb-delasalle.fr\/site\/wp-content\/uploads\/2021\/11\/logostjb_petit_transp.png","width":180,"height":127,"caption":"Coll\u00e8ge Saint Jean Baptiste de La Salle"},"image":{"@id":"https:\/\/www.stjb-delasalle.fr\/site\/#\/schema\/logo\/image\/"}},{"@type":"Person","@id":"https:\/\/www.stjb-delasalle.fr\/site\/#\/schema\/person\/36988a7b4178dd69b805a25eea2b8f8f","name":"r.zucchetti","image":{"@type":"ImageObject","inLanguage":"fr-FR","@id":"https:\/\/secure.gravatar.com\/avatar\/de909cd474d221f967baff6582e1e559c4977b81139138190583ff7dda97b212?s=96&d=mm&r=g","url":"https:\/\/secure.gravatar.com\/avatar\/de909cd474d221f967baff6582e1e559c4977b81139138190583ff7dda97b212?s=96&d=mm&r=g","contentUrl":"https:\/\/secure.gravatar.com\/avatar\/de909cd474d221f967baff6582e1e559c4977b81139138190583ff7dda97b212?s=96&d=mm&r=g","caption":"r.zucchetti"},"sameAs":["https:\/\/www.stjb-delasalle.fr\/site"],"url":"https:\/\/www.stjb-delasalle.fr\/site\/author\/r-zucchetti\/"}]}},"_links":{"self":[{"href":"https:\/\/www.stjb-delasalle.fr\/site\/wp-json\/wp\/v2\/posts\/8858","targetHints":{"allow":["GET"]}}],"collection":[{"href":"https:\/\/www.stjb-delasalle.fr\/site\/wp-json\/wp\/v2\/posts"}],"about":[{"href":"https:\/\/www.stjb-delasalle.fr\/site\/wp-json\/wp\/v2\/types\/post"}],"author":[{"embeddable":true,"href":"https:\/\/www.stjb-delasalle.fr\/site\/wp-json\/wp\/v2\/users\/1"}],"replies":[{"embeddable":true,"href":"https:\/\/www.stjb-delasalle.fr\/site\/wp-json\/wp\/v2\/comments?post=8858"}],"version-history":[{"count":0,"href":"https:\/\/www.stjb-delasalle.fr\/site\/wp-json\/wp\/v2\/posts\/8858\/revisions"}],"wp:featuredmedia":[{"embeddable":true,"href":"https:\/\/www.stjb-delasalle.fr\/site\/wp-json\/"}],"wp:attachment":[{"href":"https:\/\/www.stjb-delasalle.fr\/site\/wp-json\/wp\/v2\/media?parent=8858"}],"wp:term":[{"taxonomy":"category","embeddable":true,"href":"https:\/\/www.stjb-delasalle.fr\/site\/wp-json\/wp\/v2\/categories?post=8858"},{"taxonomy":"post_tag","embeddable":true,"href":"https:\/\/www.stjb-delasalle.fr\/site\/wp-json\/wp\/v2\/tags?post=8858"}],"curies":[{"name":"wp","href":"https:\/\/api.w.org\/{rel}","templated":true}]}}