{"id":882,"date":"2017-11-15T11:17:41","date_gmt":"2017-11-15T10:17:41","guid":{"rendered":"http:\/\/www.stjb-delasalle.fr\/?p=882"},"modified":"2017-11-15T11:17:41","modified_gmt":"2017-11-15T10:17:41","slug":"la-formation-des-delegues","status":"publish","type":"post","link":"https:\/\/www.stjb-delasalle.fr\/site\/2017\/11\/15\/la-formation-des-delegues\/","title":{"rendered":"La Formation des d\u00e9l\u00e9gu\u00e9s"},"content":{"rendered":"<div id=\"pl-882\"  class=\"panel-layout\" >\n<div id=\"pg-882-0\"  class=\"panel-grid panel-no-style\" >\n<div id=\"pgc-882-0-0\"  class=\"panel-grid-cell\"  data-weight=\"1\" >\n<div id=\"panel-882-0-0-0\" class=\"so-panel widget widget_sow-editor panel-first-child\" data-index=\"0\" >\n<div class=\"so-widget-sow-editor so-widget-sow-editor-base\">\n<div class=\"siteorigin-widget-tinymce textwidget\">\n<p><strong>Renseigner, Former, Accompagner<\/strong> les \u00e9l\u00e8ves tout au long de leur mandat est indispensable si l\u2019on veut qu\u2019ils deviennent des acteurs \u00e0 part enti\u00e8re de la communaut\u00e9 \u00e9ducative et qu\u2019ils ne restent pas de simples interlocuteurs plus ou moins identifi\u00e9s et actifs.<\/p>\n<p>La formation a pour objet de les aider \u00e0 assumer pleinement leurs r\u00f4les au sein des diff\u00e9rentes instances de l\u2019\u00e9tablissement dans lesquelles ils sont repr\u00e9sent\u00e9s. Elle doit contribuer \u00e0 transformer la nature des relations \u00e0 l\u2019int\u00e9rieur de la communaut\u00e9 en facilitant l\u2019expression des \u00e9l\u00e8ves et la participation \u00e0 la vie de l\u2019\u00e9tablissement.<\/p>\n<p>Nous leur souhaitons donc une belle ann\u00e9e d\u2019exp\u00e9rience et d\u2019enrichissement dans ce nouveau\u00a0 \u00ab\u00a0r\u00f4le de d\u00e9l\u00e9gu\u00e9\u00a0\u00bb.<\/p>\n<p style=\"text-align: center;\"><span style=\"color: #006ba8;\"><strong>Mme GALLIOT et l\u2019Equipe Educative<\/strong><\/span><\/p>\n<p>Voici quelques souvenirs de cette journ\u00e9e:<\/p>\n<\/div>\n<\/div>\n<\/div>\n<div id=\"panel-882-0-0-1\" class=\"so-panel widget widget_sow-slider panel-last-child\" data-index=\"1\" data-style=\"{&quot;background_image_attachment&quot;:false,&quot;background_display&quot;:&quot;tile&quot;,&quot;iw-visible-screen&quot;:&quot;iw-all&quot;,&quot;iw-visible-layout&quot;:&quot;iw-all&quot;}\" >\n<div class=\"so-widget-sow-slider so-widget-sow-slider-default-abf3e628296a\">\n<div class=\"sow-slider-base \" style=\"display: none\">\n<ul class=\"sow-slider-images\" data-settings=\"{&quot;pagination&quot;:true,&quot;speed&quot;:800,&quot;timeout&quot;:8000,&quot;swipe&quot;:true}\">\n<li class=\"sow-slider-image\" style=\"\" >\n<div class=\"sow-slider-image-container\">\n<div class=\"sow-slider-image-wrapper\" style=\"max-width: 4608px\">\n\t\t\t\t\t\t\t\t\t\t<img fetchpriority=\"high\" decoding=\"async\" width=\"4608\" height=\"2592\" src=\"http:\/\/www.stjb-delasalle.fr\/wp-content\/uploads\/2017\/11\/20171108_091517.jpg\" class=\"attachment-full size-full\" alt=\"\" srcset=\"http:\/\/www.stjb-delasalle.fr\/wp-content\/uploads\/2017\/11\/20171108_091517.jpg 4608w, http:\/\/www.stjb-delasalle.fr\/wp-content\/uploads\/2017\/11\/20171108_091517-300x169.jpg 300w, http:\/\/www.stjb-delasalle.fr\/wp-content\/uploads\/2017\/11\/20171108_091517-768x432.jpg 768w, http:\/\/www.stjb-delasalle.fr\/wp-content\/uploads\/2017\/11\/20171108_091517-1024x576.jpg 1024w\" sizes=\"(max-width: 4608px) 100vw, 4608px\" \/>\t\t\t\t\t\t\t\t\t<\/div>\n<\/p><\/div>\n<\/li>\n<li class=\"sow-slider-image\" style=\"\" >\n<div class=\"sow-slider-image-container\">\n<div class=\"sow-slider-image-wrapper\" style=\"max-width: 3024px\">\n\t\t\t\t\t\t\t\t\t\t<img decoding=\"async\" width=\"3024\" height=\"4032\" src=\"http:\/\/www.stjb-delasalle.fr\/wp-content\/uploads\/2017\/11\/IMG_E0102.jpg\" class=\"attachment-full size-full\" alt=\"\" srcset=\"http:\/\/www.stjb-delasalle.fr\/wp-content\/uploads\/2017\/11\/IMG_E0102.jpg 3024w, http:\/\/www.stjb-delasalle.fr\/wp-content\/uploads\/2017\/11\/IMG_E0102-225x300.jpg 225w, http:\/\/www.stjb-delasalle.fr\/wp-content\/uploads\/2017\/11\/IMG_E0102-768x1024.jpg 768w\" sizes=\"(max-width: 3024px) 100vw, 3024px\" \/>\t\t\t\t\t\t\t\t\t<\/div>\n<\/p><\/div>\n<\/li>\n<li class=\"sow-slider-image\" style=\"\" >\n<div class=\"sow-slider-image-container\">\n<div class=\"sow-slider-image-wrapper\" style=\"max-width: 3024px\">\n\t\t\t\t\t\t\t\t\t\t<img decoding=\"async\" width=\"3024\" height=\"4032\" src=\"http:\/\/www.stjb-delasalle.fr\/wp-content\/uploads\/2017\/11\/IMG_E0100.jpg\" class=\"attachment-full size-full\" alt=\"\" srcset=\"http:\/\/www.stjb-delasalle.fr\/wp-content\/uploads\/2017\/11\/IMG_E0100.jpg 3024w, http:\/\/www.stjb-delasalle.fr\/wp-content\/uploads\/2017\/11\/IMG_E0100-225x300.jpg 225w, http:\/\/www.stjb-delasalle.fr\/wp-content\/uploads\/2017\/11\/IMG_E0100-768x1024.jpg 768w\" sizes=\"(max-width: 3024px) 100vw, 3024px\" \/>\t\t\t\t\t\t\t\t\t<\/div>\n<\/p><\/div>\n<\/li>\n<li class=\"sow-slider-image\" style=\"\" >\n<div class=\"sow-slider-image-container\">\n<div class=\"sow-slider-image-wrapper\" style=\"max-width: 4032px\">\n\t\t\t\t\t\t\t\t\t\t<img loading=\"lazy\" decoding=\"async\" width=\"4032\" height=\"3024\" src=\"http:\/\/www.stjb-delasalle.fr\/wp-content\/uploads\/2017\/11\/IMG_0096.jpg\" class=\"attachment-full size-full\" alt=\"\" srcset=\"http:\/\/www.stjb-delasalle.fr\/wp-content\/uploads\/2017\/11\/IMG_0096.jpg 4032w, http:\/\/www.stjb-delasalle.fr\/wp-content\/uploads\/2017\/11\/IMG_0096-300x225.jpg 300w, http:\/\/www.stjb-delasalle.fr\/wp-content\/uploads\/2017\/11\/IMG_0096-768x576.jpg 768w, http:\/\/www.stjb-delasalle.fr\/wp-content\/uploads\/2017\/11\/IMG_0096-1024x768.jpg 1024w\" sizes=\"(max-width: 4032px) 100vw, 4032px\" \/>\t\t\t\t\t\t\t\t\t<\/div>\n<\/p><\/div>\n<\/li>\n<li class=\"sow-slider-image\" style=\"\" >\n<div class=\"sow-slider-image-container\">\n<div class=\"sow-slider-image-wrapper\" style=\"max-width: 4032px\">\n\t\t\t\t\t\t\t\t\t\t<img loading=\"lazy\" decoding=\"async\" width=\"4032\" height=\"3024\" src=\"http:\/\/www.stjb-delasalle.fr\/wp-content\/uploads\/2017\/11\/IMG_0094.jpg\" class=\"attachment-full size-full\" alt=\"\" srcset=\"http:\/\/www.stjb-delasalle.fr\/wp-content\/uploads\/2017\/11\/IMG_0094.jpg 4032w, http:\/\/www.stjb-delasalle.fr\/wp-content\/uploads\/2017\/11\/IMG_0094-300x225.jpg 300w, http:\/\/www.stjb-delasalle.fr\/wp-content\/uploads\/2017\/11\/IMG_0094-768x576.jpg 768w, http:\/\/www.stjb-delasalle.fr\/wp-content\/uploads\/2017\/11\/IMG_0094-1024x768.jpg 1024w\" sizes=\"(max-width: 4032px) 100vw, 4032px\" \/>\t\t\t\t\t\t\t\t\t<\/div>\n<\/p><\/div>\n<\/li>\n<li class=\"sow-slider-image\" style=\"\" >\n<div class=\"sow-slider-image-container\">\n<div class=\"sow-slider-image-wrapper\" style=\"max-width: 4032px\">\n\t\t\t\t\t\t\t\t\t\t<img loading=\"lazy\" decoding=\"async\" width=\"4032\" height=\"3024\" src=\"http:\/\/www.stjb-delasalle.fr\/wp-content\/uploads\/2017\/11\/IMG_0093.jpg\" class=\"attachment-full size-full\" alt=\"\" srcset=\"http:\/\/www.stjb-delasalle.fr\/wp-content\/uploads\/2017\/11\/IMG_0093.jpg 4032w, http:\/\/www.stjb-delasalle.fr\/wp-content\/uploads\/2017\/11\/IMG_0093-300x225.jpg 300w, http:\/\/www.stjb-delasalle.fr\/wp-content\/uploads\/2017\/11\/IMG_0093-768x576.jpg 768w, http:\/\/www.stjb-delasalle.fr\/wp-content\/uploads\/2017\/11\/IMG_0093-1024x768.jpg 1024w\" sizes=\"(max-width: 4032px) 100vw, 4032px\" \/>\t\t\t\t\t\t\t\t\t<\/div>\n<\/p><\/div>\n<\/li>\n<li class=\"sow-slider-image\" style=\"\" >\n<div class=\"sow-slider-image-container\">\n<div class=\"sow-slider-image-wrapper\" style=\"max-width: 4032px\">\n\t\t\t\t\t\t\t\t\t\t<img loading=\"lazy\" decoding=\"async\" width=\"4032\" height=\"3024\" src=\"http:\/\/www.stjb-delasalle.fr\/wp-content\/uploads\/2017\/11\/IMG_0091.jpg\" class=\"attachment-full size-full\" alt=\"\" srcset=\"http:\/\/www.stjb-delasalle.fr\/wp-content\/uploads\/2017\/11\/IMG_0091.jpg 4032w, http:\/\/www.stjb-delasalle.fr\/wp-content\/uploads\/2017\/11\/IMG_0091-300x225.jpg 300w, http:\/\/www.stjb-delasalle.fr\/wp-content\/uploads\/2017\/11\/IMG_0091-768x576.jpg 768w, http:\/\/www.stjb-delasalle.fr\/wp-content\/uploads\/2017\/11\/IMG_0091-1024x768.jpg 1024w\" sizes=\"(max-width: 4032px) 100vw, 4032px\" \/>\t\t\t\t\t\t\t\t\t<\/div>\n<\/p><\/div>\n<\/li>\n<li class=\"sow-slider-image\" style=\"\" >\n<div class=\"sow-slider-image-container\">\n<div class=\"sow-slider-image-wrapper\" style=\"max-width: 4032px\">\n\t\t\t\t\t\t\t\t\t\t<img loading=\"lazy\" decoding=\"async\" width=\"4032\" height=\"3024\" src=\"http:\/\/www.stjb-delasalle.fr\/wp-content\/uploads\/2017\/11\/IMG_0082.jpg\" class=\"attachment-full size-full\" alt=\"\" srcset=\"http:\/\/www.stjb-delasalle.fr\/wp-content\/uploads\/2017\/11\/IMG_0082.jpg 4032w, http:\/\/www.stjb-delasalle.fr\/wp-content\/uploads\/2017\/11\/IMG_0082-300x225.jpg 300w, http:\/\/www.stjb-delasalle.fr\/wp-content\/uploads\/2017\/11\/IMG_0082-768x576.jpg 768w, http:\/\/www.stjb-delasalle.fr\/wp-content\/uploads\/2017\/11\/IMG_0082-1024x768.jpg 1024w\" sizes=\"(max-width: 4032px) 100vw, 4032px\" \/>\t\t\t\t\t\t\t\t\t<\/div>\n<\/p><\/div>\n<\/li>\n<li class=\"sow-slider-image\" style=\"\" >\n<div class=\"sow-slider-image-container\">\n<div class=\"sow-slider-image-wrapper\" style=\"max-width: 4608px\">\n\t\t\t\t\t\t\t\t\t\t<img loading=\"lazy\" decoding=\"async\" width=\"4608\" height=\"2592\" src=\"http:\/\/www.stjb-delasalle.fr\/wp-content\/uploads\/2017\/11\/20171108_092551.jpg\" class=\"attachment-full size-full\" alt=\"\" srcset=\"http:\/\/www.stjb-delasalle.fr\/wp-content\/uploads\/2017\/11\/20171108_092551.jpg 4608w, http:\/\/www.stjb-delasalle.fr\/wp-content\/uploads\/2017\/11\/20171108_092551-300x169.jpg 300w, http:\/\/www.stjb-delasalle.fr\/wp-content\/uploads\/2017\/11\/20171108_092551-768x432.jpg 768w, http:\/\/www.stjb-delasalle.fr\/wp-content\/uploads\/2017\/11\/20171108_092551-1024x576.jpg 1024w\" sizes=\"(max-width: 4608px) 100vw, 4608px\" \/>\t\t\t\t\t\t\t\t\t<\/div>\n<\/p><\/div>\n<\/li>\n<li class=\"sow-slider-image\" style=\"\" >\n<div class=\"sow-slider-image-container\">\n<div class=\"sow-slider-image-wrapper\" style=\"max-width: 4608px\">\n\t\t\t\t\t\t\t\t\t\t<img loading=\"lazy\" decoding=\"async\" width=\"4608\" height=\"2592\" src=\"http:\/\/www.stjb-delasalle.fr\/wp-content\/uploads\/2017\/11\/20171108_092535.jpg\" class=\"attachment-full size-full\" alt=\"\" srcset=\"http:\/\/www.stjb-delasalle.fr\/wp-content\/uploads\/2017\/11\/20171108_092535.jpg 4608w, http:\/\/www.stjb-delasalle.fr\/wp-content\/uploads\/2017\/11\/20171108_092535-300x169.jpg 300w, http:\/\/www.stjb-delasalle.fr\/wp-content\/uploads\/2017\/11\/20171108_092535-768x432.jpg 768w, http:\/\/www.stjb-delasalle.fr\/wp-content\/uploads\/2017\/11\/20171108_092535-1024x576.jpg 1024w\" sizes=\"(max-width: 4608px) 100vw, 4608px\" \/>\t\t\t\t\t\t\t\t\t<\/div>\n<\/p><\/div>\n<\/li>\n<li class=\"sow-slider-image\" style=\"\" >\n<div class=\"sow-slider-image-container\">\n<div class=\"sow-slider-image-wrapper\" style=\"max-width: 4032px\">\n\t\t\t\t\t\t\t\t\t\t<img loading=\"lazy\" decoding=\"async\" width=\"4032\" height=\"3024\" src=\"http:\/\/www.stjb-delasalle.fr\/wp-content\/uploads\/2017\/11\/IMG_0203.jpg\" class=\"attachment-full size-full\" alt=\"\" srcset=\"http:\/\/www.stjb-delasalle.fr\/wp-content\/uploads\/2017\/11\/IMG_0203.jpg 4032w, http:\/\/www.stjb-delasalle.fr\/wp-content\/uploads\/2017\/11\/IMG_0203-300x225.jpg 300w, http:\/\/www.stjb-delasalle.fr\/wp-content\/uploads\/2017\/11\/IMG_0203-768x576.jpg 768w, http:\/\/www.stjb-delasalle.fr\/wp-content\/uploads\/2017\/11\/IMG_0203-1024x768.jpg 1024w\" sizes=\"(max-width: 4032px) 100vw, 4032px\" \/>\t\t\t\t\t\t\t\t\t<\/div>\n<\/p><\/div>\n<\/li>\n<\/ul>\n<ol class=\"sow-slider-pagination\">\n<li><a href=\"#\" data-goto=\"0\">1<\/a><\/li>\n<li><a href=\"#\" data-goto=\"1\">2<\/a><\/li>\n<li><a href=\"#\" data-goto=\"2\">3<\/a><\/li>\n<li><a href=\"#\" data-goto=\"3\">4<\/a><\/li>\n<li><a href=\"#\" data-goto=\"4\">5<\/a><\/li>\n<li><a href=\"#\" data-goto=\"5\">6<\/a><\/li>\n<li><a href=\"#\" data-goto=\"6\">7<\/a><\/li>\n<li><a href=\"#\" data-goto=\"7\">8<\/a><\/li>\n<li><a href=\"#\" data-goto=\"8\">9<\/a><\/li>\n<li><a href=\"#\" data-goto=\"9\">10<\/a><\/li>\n<li><a href=\"#\" data-goto=\"10\">11<\/a><\/li>\n<\/ol>\n<div class=\"sow-slide-nav sow-slide-nav-next\">\n\t\t\t\t\t<a href=\"#\" data-goto=\"next\" data-action=\"next\"><br \/>\n\t\t\t\t\t\t<em class=\"sow-sld-icon-thin-right\"><\/em><br \/>\n\t\t\t\t\t<\/a>\n\t\t\t\t<\/div>\n<div class=\"sow-slide-nav sow-slide-nav-prev\">\n\t\t\t\t\t<a href=\"#\" data-goto=\"previous\" data-action=\"prev\"><br \/>\n\t\t\t\t\t\t<em class=\"sow-sld-icon-thin-left\"><\/em><br \/>\n\t\t\t\t\t<\/a>\n\t\t\t\t<\/div>\n<\/p><\/div>\n<\/div>\n<\/div>\n<\/div>\n<\/div>\n<\/div>\n","protected":false},"excerpt":{"rendered":"<p>Renseigner, Former, Accompagner les \u00e9l\u00e8ves tout au long de leur mandat est indispensable si l\u2019on veut qu\u2019ils deviennent des acteurs \u00e0 part enti\u00e8re de la communaut\u00e9 \u00e9ducative et qu\u2019ils ne restent pas de simples interlocuteurs plus ou moins identifi\u00e9s et actifs. La formation a pour objet de les aider \u00e0 assumer pleinement leurs r\u00f4les au [&hellip;]<\/p>\n","protected":false},"author":1,"featured_media":893,"comment_status":"closed","ping_status":"closed","sticky":false,"template":"","format":"standard","meta":{"site-sidebar-layout":"default","site-content-layout":"","ast-site-content-layout":"default","site-content-style":"default","site-sidebar-style":"default","ast-global-header-display":"","ast-banner-title-visibility":"","ast-main-header-display":"","ast-hfb-above-header-display":"","ast-hfb-below-header-display":"","ast-hfb-mobile-header-display":"","site-post-title":"","ast-breadcrumbs-content":"","ast-featured-img":"","footer-sml-layout":"","ast-disable-related-posts":"","theme-transparent-header-meta":"","adv-header-id-meta":"","stick-header-meta":"","header-above-stick-meta":"","header-main-stick-meta":"","header-below-stick-meta":"","astra-migrate-meta-layouts":"default","ast-page-background-enabled":"default","ast-page-background-meta":{"desktop":{"background-color":"var(--ast-global-color-4)","background-image":"","background-repeat":"repeat","background-position":"center center","background-size":"auto","background-attachment":"scroll","background-type":"","background-media":"","overlay-type":"","overlay-color":"","overlay-opacity":"","overlay-gradient":""},"tablet":{"background-color":"","background-image":"","background-repeat":"repeat","background-position":"center center","background-size":"auto","background-attachment":"scroll","background-type":"","background-media":"","overlay-type":"","overlay-color":"","overlay-opacity":"","overlay-gradient":""},"mobile":{"background-color":"","background-image":"","background-repeat":"repeat","background-position":"center center","background-size":"auto","background-attachment":"scroll","background-type":"","background-media":"","overlay-type":"","overlay-color":"","overlay-opacity":"","overlay-gradient":""}},"ast-content-background-meta":{"desktop":{"background-color":"var(--ast-global-color-5)","background-image":"","background-repeat":"repeat","background-position":"center center","background-size":"auto","background-attachment":"scroll","background-type":"","background-media":"","overlay-type":"","overlay-color":"","overlay-opacity":"","overlay-gradient":""},"tablet":{"background-color":"var(--ast-global-color-5)","background-image":"","background-repeat":"repeat","background-position":"center center","background-size":"auto","background-attachment":"scroll","background-type":"","background-media":"","overlay-type":"","overlay-color":"","overlay-opacity":"","overlay-gradient":""},"mobile":{"background-color":"var(--ast-global-color-5)","background-image":"","background-repeat":"repeat","background-position":"center center","background-size":"auto","background-attachment":"scroll","background-type":"","background-media":"","overlay-type":"","overlay-color":"","overlay-opacity":"","overlay-gradient":""}},"footnotes":""},"categories":[6],"tags":[],"class_list":["post-882","post","type-post","status-publish","format-standard","has-post-thumbnail","hentry","category-college"],"yoast_head":"<!-- This site is optimized with the Yoast SEO plugin v27.5 - https:\/\/yoast.com\/product\/yoast-seo-wordpress\/ -->\n<title>La Formation des d\u00e9l\u00e9gu\u00e9s - Coll\u00e8ge Saint Jean Baptiste de La Salle<\/title>\n<meta name=\"robots\" content=\"index, follow, max-snippet:-1, max-image-preview:large, max-video-preview:-1\" \/>\n<link rel=\"canonical\" href=\"https:\/\/www.stjb-delasalle.fr\/site\/2017\/11\/15\/la-formation-des-delegues\/\" \/>\n<meta property=\"og:locale\" content=\"fr_FR\" \/>\n<meta property=\"og:type\" content=\"article\" \/>\n<meta property=\"og:title\" content=\"La Formation des d\u00e9l\u00e9gu\u00e9s - Coll\u00e8ge Saint Jean Baptiste de La Salle\" \/>\n<meta property=\"og:description\" content=\"Renseigner, Former, Accompagner les \u00e9l\u00e8ves tout au long de leur mandat est indispensable si l\u2019on veut qu\u2019ils deviennent des acteurs \u00e0 part enti\u00e8re de la communaut\u00e9 \u00e9ducative et qu\u2019ils ne restent pas de simples interlocuteurs plus ou moins identifi\u00e9s et actifs. La formation a pour objet de les aider \u00e0 assumer pleinement leurs r\u00f4les au [&hellip;]\" \/>\n<meta property=\"og:url\" content=\"https:\/\/www.stjb-delasalle.fr\/site\/2017\/11\/15\/la-formation-des-delegues\/\" \/>\n<meta property=\"og:site_name\" content=\"Coll\u00e8ge Saint Jean Baptiste de La Salle\" \/>\n<meta property=\"article:published_time\" content=\"2017-11-15T10:17:41+00:00\" \/>\n<meta name=\"author\" content=\"r.zucchetti\" \/>\n<meta name=\"twitter:card\" content=\"summary_large_image\" \/>\n<meta name=\"twitter:label1\" content=\"\u00c9crit par\" \/>\n\t<meta name=\"twitter:data1\" content=\"r.zucchetti\" \/>\n\t<meta name=\"twitter:label2\" content=\"Dur\u00e9e de lecture estim\u00e9e\" \/>\n\t<meta name=\"twitter:data2\" content=\"1 minute\" \/>\n<script type=\"application\/ld+json\" class=\"yoast-schema-graph\">{\"@context\":\"https:\\\/\\\/schema.org\",\"@graph\":[{\"@type\":\"Article\",\"@id\":\"https:\\\/\\\/www.stjb-delasalle.fr\\\/site\\\/2017\\\/11\\\/15\\\/la-formation-des-delegues\\\/#article\",\"isPartOf\":{\"@id\":\"https:\\\/\\\/www.stjb-delasalle.fr\\\/site\\\/2017\\\/11\\\/15\\\/la-formation-des-delegues\\\/\"},\"author\":{\"name\":\"r.zucchetti\",\"@id\":\"https:\\\/\\\/www.stjb-delasalle.fr\\\/site\\\/#\\\/schema\\\/person\\\/36988a7b4178dd69b805a25eea2b8f8f\"},\"headline\":\"La Formation des d\u00e9l\u00e9gu\u00e9s\",\"datePublished\":\"2017-11-15T10:17:41+00:00\",\"mainEntityOfPage\":{\"@id\":\"https:\\\/\\\/www.stjb-delasalle.fr\\\/site\\\/2017\\\/11\\\/15\\\/la-formation-des-delegues\\\/\"},\"wordCount\":147,\"publisher\":{\"@id\":\"https:\\\/\\\/www.stjb-delasalle.fr\\\/site\\\/#organization\"},\"image\":{\"@id\":\"https:\\\/\\\/www.stjb-delasalle.fr\\\/site\\\/2017\\\/11\\\/15\\\/la-formation-des-delegues\\\/#primaryimage\"},\"thumbnailUrl\":\"\",\"articleSection\":[\"Coll\u00e8ge\"],\"inLanguage\":\"fr-FR\"},{\"@type\":\"WebPage\",\"@id\":\"https:\\\/\\\/www.stjb-delasalle.fr\\\/site\\\/2017\\\/11\\\/15\\\/la-formation-des-delegues\\\/\",\"url\":\"https:\\\/\\\/www.stjb-delasalle.fr\\\/site\\\/2017\\\/11\\\/15\\\/la-formation-des-delegues\\\/\",\"name\":\"La Formation des d\u00e9l\u00e9gu\u00e9s - Coll\u00e8ge Saint Jean Baptiste de La Salle\",\"isPartOf\":{\"@id\":\"https:\\\/\\\/www.stjb-delasalle.fr\\\/site\\\/#website\"},\"primaryImageOfPage\":{\"@id\":\"https:\\\/\\\/www.stjb-delasalle.fr\\\/site\\\/2017\\\/11\\\/15\\\/la-formation-des-delegues\\\/#primaryimage\"},\"image\":{\"@id\":\"https:\\\/\\\/www.stjb-delasalle.fr\\\/site\\\/2017\\\/11\\\/15\\\/la-formation-des-delegues\\\/#primaryimage\"},\"thumbnailUrl\":\"\",\"datePublished\":\"2017-11-15T10:17:41+00:00\",\"breadcrumb\":{\"@id\":\"https:\\\/\\\/www.stjb-delasalle.fr\\\/site\\\/2017\\\/11\\\/15\\\/la-formation-des-delegues\\\/#breadcrumb\"},\"inLanguage\":\"fr-FR\",\"potentialAction\":[{\"@type\":\"ReadAction\",\"target\":[\"https:\\\/\\\/www.stjb-delasalle.fr\\\/site\\\/2017\\\/11\\\/15\\\/la-formation-des-delegues\\\/\"]}]},{\"@type\":\"ImageObject\",\"inLanguage\":\"fr-FR\",\"@id\":\"https:\\\/\\\/www.stjb-delasalle.fr\\\/site\\\/2017\\\/11\\\/15\\\/la-formation-des-delegues\\\/#primaryimage\",\"url\":\"\",\"contentUrl\":\"\"},{\"@type\":\"BreadcrumbList\",\"@id\":\"https:\\\/\\\/www.stjb-delasalle.fr\\\/site\\\/2017\\\/11\\\/15\\\/la-formation-des-delegues\\\/#breadcrumb\",\"itemListElement\":[{\"@type\":\"ListItem\",\"position\":1,\"name\":\"Accueil\",\"item\":\"https:\\\/\\\/www.stjb-delasalle.fr\\\/site\\\/\"},{\"@type\":\"ListItem\",\"position\":2,\"name\":\"La Formation des d\u00e9l\u00e9gu\u00e9s\"}]},{\"@type\":\"WebSite\",\"@id\":\"https:\\\/\\\/www.stjb-delasalle.fr\\\/site\\\/#website\",\"url\":\"https:\\\/\\\/www.stjb-delasalle.fr\\\/site\\\/\",\"name\":\"Coll\u00e8ge Saint Jean Baptiste de La Salle\",\"description\":\"Notre coll\u00e8ge vous accueille sur le site du Rancher \u00e0 Teloch\u00e9\",\"publisher\":{\"@id\":\"https:\\\/\\\/www.stjb-delasalle.fr\\\/site\\\/#organization\"},\"potentialAction\":[{\"@type\":\"SearchAction\",\"target\":{\"@type\":\"EntryPoint\",\"urlTemplate\":\"https:\\\/\\\/www.stjb-delasalle.fr\\\/site\\\/?s={search_term_string}\"},\"query-input\":{\"@type\":\"PropertyValueSpecification\",\"valueRequired\":true,\"valueName\":\"search_term_string\"}}],\"inLanguage\":\"fr-FR\"},{\"@type\":\"Organization\",\"@id\":\"https:\\\/\\\/www.stjb-delasalle.fr\\\/site\\\/#organization\",\"name\":\"Coll\u00e8ge Saint Jean Baptiste de La Salle\",\"url\":\"https:\\\/\\\/www.stjb-delasalle.fr\\\/site\\\/\",\"logo\":{\"@type\":\"ImageObject\",\"inLanguage\":\"fr-FR\",\"@id\":\"https:\\\/\\\/www.stjb-delasalle.fr\\\/site\\\/#\\\/schema\\\/logo\\\/image\\\/\",\"url\":\"https:\\\/\\\/www.stjb-delasalle.fr\\\/site\\\/wp-content\\\/uploads\\\/2021\\\/11\\\/logostjb_petit_transp.png\",\"contentUrl\":\"https:\\\/\\\/www.stjb-delasalle.fr\\\/site\\\/wp-content\\\/uploads\\\/2021\\\/11\\\/logostjb_petit_transp.png\",\"width\":180,\"height\":127,\"caption\":\"Coll\u00e8ge Saint Jean Baptiste de La Salle\"},\"image\":{\"@id\":\"https:\\\/\\\/www.stjb-delasalle.fr\\\/site\\\/#\\\/schema\\\/logo\\\/image\\\/\"}},{\"@type\":\"Person\",\"@id\":\"https:\\\/\\\/www.stjb-delasalle.fr\\\/site\\\/#\\\/schema\\\/person\\\/36988a7b4178dd69b805a25eea2b8f8f\",\"name\":\"r.zucchetti\",\"image\":{\"@type\":\"ImageObject\",\"inLanguage\":\"fr-FR\",\"@id\":\"https:\\\/\\\/secure.gravatar.com\\\/avatar\\\/de909cd474d221f967baff6582e1e559c4977b81139138190583ff7dda97b212?s=96&d=mm&r=g\",\"url\":\"https:\\\/\\\/secure.gravatar.com\\\/avatar\\\/de909cd474d221f967baff6582e1e559c4977b81139138190583ff7dda97b212?s=96&d=mm&r=g\",\"contentUrl\":\"https:\\\/\\\/secure.gravatar.com\\\/avatar\\\/de909cd474d221f967baff6582e1e559c4977b81139138190583ff7dda97b212?s=96&d=mm&r=g\",\"caption\":\"r.zucchetti\"},\"sameAs\":[\"https:\\\/\\\/www.stjb-delasalle.fr\\\/site\"],\"url\":\"https:\\\/\\\/www.stjb-delasalle.fr\\\/site\\\/author\\\/r-zucchetti\\\/\"}]}<\/script>\n<!-- \/ Yoast SEO plugin. -->","yoast_head_json":{"title":"La Formation des d\u00e9l\u00e9gu\u00e9s - Coll\u00e8ge Saint Jean Baptiste de La Salle","robots":{"index":"index","follow":"follow","max-snippet":"max-snippet:-1","max-image-preview":"max-image-preview:large","max-video-preview":"max-video-preview:-1"},"canonical":"https:\/\/www.stjb-delasalle.fr\/site\/2017\/11\/15\/la-formation-des-delegues\/","og_locale":"fr_FR","og_type":"article","og_title":"La Formation des d\u00e9l\u00e9gu\u00e9s - Coll\u00e8ge Saint Jean Baptiste de La Salle","og_description":"Renseigner, Former, Accompagner les \u00e9l\u00e8ves tout au long de leur mandat est indispensable si l\u2019on veut qu\u2019ils deviennent des acteurs \u00e0 part enti\u00e8re de la communaut\u00e9 \u00e9ducative et qu\u2019ils ne restent pas de simples interlocuteurs plus ou moins identifi\u00e9s et actifs. La formation a pour objet de les aider \u00e0 assumer pleinement leurs r\u00f4les au [&hellip;]","og_url":"https:\/\/www.stjb-delasalle.fr\/site\/2017\/11\/15\/la-formation-des-delegues\/","og_site_name":"Coll\u00e8ge Saint Jean Baptiste de La Salle","article_published_time":"2017-11-15T10:17:41+00:00","author":"r.zucchetti","twitter_card":"summary_large_image","twitter_misc":{"\u00c9crit par":"r.zucchetti","Dur\u00e9e de lecture estim\u00e9e":"1 minute"},"schema":{"@context":"https:\/\/schema.org","@graph":[{"@type":"Article","@id":"https:\/\/www.stjb-delasalle.fr\/site\/2017\/11\/15\/la-formation-des-delegues\/#article","isPartOf":{"@id":"https:\/\/www.stjb-delasalle.fr\/site\/2017\/11\/15\/la-formation-des-delegues\/"},"author":{"name":"r.zucchetti","@id":"https:\/\/www.stjb-delasalle.fr\/site\/#\/schema\/person\/36988a7b4178dd69b805a25eea2b8f8f"},"headline":"La Formation des d\u00e9l\u00e9gu\u00e9s","datePublished":"2017-11-15T10:17:41+00:00","mainEntityOfPage":{"@id":"https:\/\/www.stjb-delasalle.fr\/site\/2017\/11\/15\/la-formation-des-delegues\/"},"wordCount":147,"publisher":{"@id":"https:\/\/www.stjb-delasalle.fr\/site\/#organization"},"image":{"@id":"https:\/\/www.stjb-delasalle.fr\/site\/2017\/11\/15\/la-formation-des-delegues\/#primaryimage"},"thumbnailUrl":"","articleSection":["Coll\u00e8ge"],"inLanguage":"fr-FR"},{"@type":"WebPage","@id":"https:\/\/www.stjb-delasalle.fr\/site\/2017\/11\/15\/la-formation-des-delegues\/","url":"https:\/\/www.stjb-delasalle.fr\/site\/2017\/11\/15\/la-formation-des-delegues\/","name":"La Formation des d\u00e9l\u00e9gu\u00e9s - Coll\u00e8ge Saint Jean Baptiste de La Salle","isPartOf":{"@id":"https:\/\/www.stjb-delasalle.fr\/site\/#website"},"primaryImageOfPage":{"@id":"https:\/\/www.stjb-delasalle.fr\/site\/2017\/11\/15\/la-formation-des-delegues\/#primaryimage"},"image":{"@id":"https:\/\/www.stjb-delasalle.fr\/site\/2017\/11\/15\/la-formation-des-delegues\/#primaryimage"},"thumbnailUrl":"","datePublished":"2017-11-15T10:17:41+00:00","breadcrumb":{"@id":"https:\/\/www.stjb-delasalle.fr\/site\/2017\/11\/15\/la-formation-des-delegues\/#breadcrumb"},"inLanguage":"fr-FR","potentialAction":[{"@type":"ReadAction","target":["https:\/\/www.stjb-delasalle.fr\/site\/2017\/11\/15\/la-formation-des-delegues\/"]}]},{"@type":"ImageObject","inLanguage":"fr-FR","@id":"https:\/\/www.stjb-delasalle.fr\/site\/2017\/11\/15\/la-formation-des-delegues\/#primaryimage","url":"","contentUrl":""},{"@type":"BreadcrumbList","@id":"https:\/\/www.stjb-delasalle.fr\/site\/2017\/11\/15\/la-formation-des-delegues\/#breadcrumb","itemListElement":[{"@type":"ListItem","position":1,"name":"Accueil","item":"https:\/\/www.stjb-delasalle.fr\/site\/"},{"@type":"ListItem","position":2,"name":"La Formation des d\u00e9l\u00e9gu\u00e9s"}]},{"@type":"WebSite","@id":"https:\/\/www.stjb-delasalle.fr\/site\/#website","url":"https:\/\/www.stjb-delasalle.fr\/site\/","name":"Coll\u00e8ge Saint Jean Baptiste de La Salle","description":"Notre coll\u00e8ge vous accueille sur le site du Rancher \u00e0 Teloch\u00e9","publisher":{"@id":"https:\/\/www.stjb-delasalle.fr\/site\/#organization"},"potentialAction":[{"@type":"SearchAction","target":{"@type":"EntryPoint","urlTemplate":"https:\/\/www.stjb-delasalle.fr\/site\/?s={search_term_string}"},"query-input":{"@type":"PropertyValueSpecification","valueRequired":true,"valueName":"search_term_string"}}],"inLanguage":"fr-FR"},{"@type":"Organization","@id":"https:\/\/www.stjb-delasalle.fr\/site\/#organization","name":"Coll\u00e8ge Saint Jean Baptiste de La Salle","url":"https:\/\/www.stjb-delasalle.fr\/site\/","logo":{"@type":"ImageObject","inLanguage":"fr-FR","@id":"https:\/\/www.stjb-delasalle.fr\/site\/#\/schema\/logo\/image\/","url":"https:\/\/www.stjb-delasalle.fr\/site\/wp-content\/uploads\/2021\/11\/logostjb_petit_transp.png","contentUrl":"https:\/\/www.stjb-delasalle.fr\/site\/wp-content\/uploads\/2021\/11\/logostjb_petit_transp.png","width":180,"height":127,"caption":"Coll\u00e8ge Saint Jean Baptiste de La Salle"},"image":{"@id":"https:\/\/www.stjb-delasalle.fr\/site\/#\/schema\/logo\/image\/"}},{"@type":"Person","@id":"https:\/\/www.stjb-delasalle.fr\/site\/#\/schema\/person\/36988a7b4178dd69b805a25eea2b8f8f","name":"r.zucchetti","image":{"@type":"ImageObject","inLanguage":"fr-FR","@id":"https:\/\/secure.gravatar.com\/avatar\/de909cd474d221f967baff6582e1e559c4977b81139138190583ff7dda97b212?s=96&d=mm&r=g","url":"https:\/\/secure.gravatar.com\/avatar\/de909cd474d221f967baff6582e1e559c4977b81139138190583ff7dda97b212?s=96&d=mm&r=g","contentUrl":"https:\/\/secure.gravatar.com\/avatar\/de909cd474d221f967baff6582e1e559c4977b81139138190583ff7dda97b212?s=96&d=mm&r=g","caption":"r.zucchetti"},"sameAs":["https:\/\/www.stjb-delasalle.fr\/site"],"url":"https:\/\/www.stjb-delasalle.fr\/site\/author\/r-zucchetti\/"}]}},"_links":{"self":[{"href":"https:\/\/www.stjb-delasalle.fr\/site\/wp-json\/wp\/v2\/posts\/882","targetHints":{"allow":["GET"]}}],"collection":[{"href":"https:\/\/www.stjb-delasalle.fr\/site\/wp-json\/wp\/v2\/posts"}],"about":[{"href":"https:\/\/www.stjb-delasalle.fr\/site\/wp-json\/wp\/v2\/types\/post"}],"author":[{"embeddable":true,"href":"https:\/\/www.stjb-delasalle.fr\/site\/wp-json\/wp\/v2\/users\/1"}],"replies":[{"embeddable":true,"href":"https:\/\/www.stjb-delasalle.fr\/site\/wp-json\/wp\/v2\/comments?post=882"}],"version-history":[{"count":0,"href":"https:\/\/www.stjb-delasalle.fr\/site\/wp-json\/wp\/v2\/posts\/882\/revisions"}],"wp:featuredmedia":[{"embeddable":true,"href":"https:\/\/www.stjb-delasalle.fr\/site\/wp-json\/"}],"wp:attachment":[{"href":"https:\/\/www.stjb-delasalle.fr\/site\/wp-json\/wp\/v2\/media?parent=882"}],"wp:term":[{"taxonomy":"category","embeddable":true,"href":"https:\/\/www.stjb-delasalle.fr\/site\/wp-json\/wp\/v2\/categories?post=882"},{"taxonomy":"post_tag","embeddable":true,"href":"https:\/\/www.stjb-delasalle.fr\/site\/wp-json\/wp\/v2\/tags?post=882"}],"curies":[{"name":"wp","href":"https:\/\/api.w.org\/{rel}","templated":true}]}}