{"id":8785,"date":"2021-10-02T16:40:24","date_gmt":"2021-10-02T14:40:24","guid":{"rendered":"https:\/\/www.stjb-delasalle.fr\/?p=8785"},"modified":"2021-10-02T16:40:24","modified_gmt":"2021-10-02T14:40:24","slug":"journee-europeenne-des-langues-2","status":"publish","type":"post","link":"https:\/\/www.stjb-delasalle.fr\/site\/2021\/10\/02\/journee-europeenne-des-langues-2\/","title":{"rendered":"Journ\u00e9e Europ\u00e9enne des langues"},"content":{"rendered":"<p>Les professeures de langues vivantes ont propos\u00e9 \u00e0 tous les \u00e9l\u00e8ves\u00a0de prendre part \u00e0\u00a0un parcours num\u00e9rique \u00ab\u00a0grand prix\u00a0\u00bb afin de relever\u00a0des\u00a0d\u00e9fis linguistiques et culturels dans le cadre de la\u00a0Journ\u00e9e Europ\u00e9enne des Langues qui a lieu chaque ann\u00e9e le 26 septembre.<\/p>\n<p>Les \u00e9l\u00e8ves qui suivent l&rsquo;enseignement facultatif LCE anglais (Langues et Cultures et Europ\u00e9ennes) en 4\u00e8me ont \u00e9galement publi\u00e9 une \u00e9dition sp\u00e9ciale de leur journal num\u00e9rique \u00ab\u00a0<em>The EDL Gazette\u00a0<\/em>\u00bb ce jour-l\u00e0. Des articles sont r\u00e9dig\u00e9s en fran\u00e7ais, en anglais, en allemand et en espagnol.<\/p>\n<p style=\"text-align: center;\"><strong>Voici le lien pour le consulter : <a href=\"https:\/\/view.genial.ly\/614d9a8e0554660ddde54819\" target=\"_blank\" rel=\"noopener\">https:\/\/view.genial.ly\/614d9a8e0554660ddde54819<\/a><br \/>\n<\/strong><\/p>\n<p style=\"text-align: center;\"><img fetchpriority=\"high\" decoding=\"async\" class=\"alignleft wp-image-8786\" src=\"https:\/\/www.stjb-delasalle.fr\/wp-content\/uploads\/2021\/10\/c011828080b0f55d90b21780e472f60b-1024x611.jpeg\" alt=\"\" width=\"600\" height=\"358\" \/> <img decoding=\"async\" class=\"alignleft wp-image-8787\" src=\"https:\/\/www.stjb-delasalle.fr\/wp-content\/uploads\/2021\/10\/def79ec20d26cfe5ab889a42a54d6f6a-1024x577.jpeg\" alt=\"\" width=\"600\" height=\"338\" \/><\/p>\n","protected":false},"excerpt":{"rendered":"<p>Les professeures de langues vivantes ont propos\u00e9 \u00e0 tous les \u00e9l\u00e8ves\u00a0de prendre part \u00e0\u00a0un parcours num\u00e9rique \u00ab\u00a0grand prix\u00a0\u00bb afin de relever\u00a0des\u00a0d\u00e9fis linguistiques et culturels dans le cadre de la\u00a0Journ\u00e9e Europ\u00e9enne des Langues qui a lieu chaque ann\u00e9e le 26 septembre. Les \u00e9l\u00e8ves qui suivent l&rsquo;enseignement facultatif LCE anglais (Langues et Cultures et Europ\u00e9ennes) en 4\u00e8me [&hellip;]<\/p>\n","protected":false},"author":1,"featured_media":8788,"comment_status":"closed","ping_status":"closed","sticky":false,"template":"","format":"standard","meta":{"site-sidebar-layout":"default","site-content-layout":"","ast-site-content-layout":"default","site-content-style":"default","site-sidebar-style":"default","ast-global-header-display":"","ast-banner-title-visibility":"","ast-main-header-display":"","ast-hfb-above-header-display":"","ast-hfb-below-header-display":"","ast-hfb-mobile-header-display":"","site-post-title":"","ast-breadcrumbs-content":"","ast-featured-img":"","footer-sml-layout":"","ast-disable-related-posts":"","theme-transparent-header-meta":"","adv-header-id-meta":"","stick-header-meta":"","header-above-stick-meta":"","header-main-stick-meta":"","header-below-stick-meta":"","astra-migrate-meta-layouts":"default","ast-page-background-enabled":"default","ast-page-background-meta":{"desktop":{"background-color":"var(--ast-global-color-4)","background-image":"","background-repeat":"repeat","background-position":"center center","background-size":"auto","background-attachment":"scroll","background-type":"","background-media":"","overlay-type":"","overlay-color":"","overlay-opacity":"","overlay-gradient":""},"tablet":{"background-color":"","background-image":"","background-repeat":"repeat","background-position":"center center","background-size":"auto","background-attachment":"scroll","background-type":"","background-media":"","overlay-type":"","overlay-color":"","overlay-opacity":"","overlay-gradient":""},"mobile":{"background-color":"","background-image":"","background-repeat":"repeat","background-position":"center center","background-size":"auto","background-attachment":"scroll","background-type":"","background-media":"","overlay-type":"","overlay-color":"","overlay-opacity":"","overlay-gradient":""}},"ast-content-background-meta":{"desktop":{"background-color":"var(--ast-global-color-5)","background-image":"","background-repeat":"repeat","background-position":"center center","background-size":"auto","background-attachment":"scroll","background-type":"","background-media":"","overlay-type":"","overlay-color":"","overlay-opacity":"","overlay-gradient":""},"tablet":{"background-color":"var(--ast-global-color-5)","background-image":"","background-repeat":"repeat","background-position":"center center","background-size":"auto","background-attachment":"scroll","background-type":"","background-media":"","overlay-type":"","overlay-color":"","overlay-opacity":"","overlay-gradient":""},"mobile":{"background-color":"var(--ast-global-color-5)","background-image":"","background-repeat":"repeat","background-position":"center center","background-size":"auto","background-attachment":"scroll","background-type":"","background-media":"","overlay-type":"","overlay-color":"","overlay-opacity":"","overlay-gradient":""}},"footnotes":""},"categories":[6],"tags":[],"class_list":["post-8785","post","type-post","status-publish","format-standard","has-post-thumbnail","hentry","category-college"],"yoast_head":"<!-- This site is optimized with the Yoast SEO plugin v27.5 - https:\/\/yoast.com\/product\/yoast-seo-wordpress\/ -->\n<title>Journ\u00e9e Europ\u00e9enne des langues - Coll\u00e8ge Saint Jean Baptiste de La Salle<\/title>\n<meta name=\"robots\" content=\"index, follow, max-snippet:-1, max-image-preview:large, max-video-preview:-1\" \/>\n<link rel=\"canonical\" href=\"https:\/\/www.stjb-delasalle.fr\/site\/2021\/10\/02\/journee-europeenne-des-langues-2\/\" \/>\n<meta property=\"og:locale\" content=\"fr_FR\" \/>\n<meta property=\"og:type\" content=\"article\" \/>\n<meta property=\"og:title\" content=\"Journ\u00e9e Europ\u00e9enne des langues - Coll\u00e8ge Saint Jean Baptiste de La Salle\" \/>\n<meta property=\"og:description\" content=\"Les professeures de langues vivantes ont propos\u00e9 \u00e0 tous les \u00e9l\u00e8ves\u00a0de prendre part \u00e0\u00a0un parcours num\u00e9rique \u00ab\u00a0grand prix\u00a0\u00bb afin de relever\u00a0des\u00a0d\u00e9fis linguistiques et culturels dans le cadre de la\u00a0Journ\u00e9e Europ\u00e9enne des Langues qui a lieu chaque ann\u00e9e le 26 septembre. Les \u00e9l\u00e8ves qui suivent l&rsquo;enseignement facultatif LCE anglais (Langues et Cultures et Europ\u00e9ennes) en 4\u00e8me [&hellip;]\" \/>\n<meta property=\"og:url\" content=\"https:\/\/www.stjb-delasalle.fr\/site\/2021\/10\/02\/journee-europeenne-des-langues-2\/\" \/>\n<meta property=\"og:site_name\" content=\"Coll\u00e8ge Saint Jean Baptiste de La Salle\" \/>\n<meta property=\"article:published_time\" content=\"2021-10-02T14:40:24+00:00\" \/>\n<meta name=\"author\" content=\"r.zucchetti\" \/>\n<meta name=\"twitter:card\" content=\"summary_large_image\" \/>\n<meta name=\"twitter:label1\" content=\"\u00c9crit par\" \/>\n\t<meta name=\"twitter:data1\" content=\"r.zucchetti\" \/>\n\t<meta name=\"twitter:label2\" content=\"Dur\u00e9e de lecture estim\u00e9e\" \/>\n\t<meta name=\"twitter:data2\" content=\"1 minute\" \/>\n<script type=\"application\/ld+json\" class=\"yoast-schema-graph\">{\"@context\":\"https:\\\/\\\/schema.org\",\"@graph\":[{\"@type\":\"Article\",\"@id\":\"https:\\\/\\\/www.stjb-delasalle.fr\\\/site\\\/2021\\\/10\\\/02\\\/journee-europeenne-des-langues-2\\\/#article\",\"isPartOf\":{\"@id\":\"https:\\\/\\\/www.stjb-delasalle.fr\\\/site\\\/2021\\\/10\\\/02\\\/journee-europeenne-des-langues-2\\\/\"},\"author\":{\"name\":\"r.zucchetti\",\"@id\":\"https:\\\/\\\/www.stjb-delasalle.fr\\\/site\\\/#\\\/schema\\\/person\\\/36988a7b4178dd69b805a25eea2b8f8f\"},\"headline\":\"Journ\u00e9e Europ\u00e9enne des langues\",\"datePublished\":\"2021-10-02T14:40:24+00:00\",\"mainEntityOfPage\":{\"@id\":\"https:\\\/\\\/www.stjb-delasalle.fr\\\/site\\\/2021\\\/10\\\/02\\\/journee-europeenne-des-langues-2\\\/\"},\"wordCount\":118,\"publisher\":{\"@id\":\"https:\\\/\\\/www.stjb-delasalle.fr\\\/site\\\/#organization\"},\"image\":{\"@id\":\"https:\\\/\\\/www.stjb-delasalle.fr\\\/site\\\/2021\\\/10\\\/02\\\/journee-europeenne-des-langues-2\\\/#primaryimage\"},\"thumbnailUrl\":\"\",\"articleSection\":[\"Coll\u00e8ge\"],\"inLanguage\":\"fr-FR\"},{\"@type\":\"WebPage\",\"@id\":\"https:\\\/\\\/www.stjb-delasalle.fr\\\/site\\\/2021\\\/10\\\/02\\\/journee-europeenne-des-langues-2\\\/\",\"url\":\"https:\\\/\\\/www.stjb-delasalle.fr\\\/site\\\/2021\\\/10\\\/02\\\/journee-europeenne-des-langues-2\\\/\",\"name\":\"Journ\u00e9e Europ\u00e9enne des langues - Coll\u00e8ge Saint Jean Baptiste de La Salle\",\"isPartOf\":{\"@id\":\"https:\\\/\\\/www.stjb-delasalle.fr\\\/site\\\/#website\"},\"primaryImageOfPage\":{\"@id\":\"https:\\\/\\\/www.stjb-delasalle.fr\\\/site\\\/2021\\\/10\\\/02\\\/journee-europeenne-des-langues-2\\\/#primaryimage\"},\"image\":{\"@id\":\"https:\\\/\\\/www.stjb-delasalle.fr\\\/site\\\/2021\\\/10\\\/02\\\/journee-europeenne-des-langues-2\\\/#primaryimage\"},\"thumbnailUrl\":\"\",\"datePublished\":\"2021-10-02T14:40:24+00:00\",\"breadcrumb\":{\"@id\":\"https:\\\/\\\/www.stjb-delasalle.fr\\\/site\\\/2021\\\/10\\\/02\\\/journee-europeenne-des-langues-2\\\/#breadcrumb\"},\"inLanguage\":\"fr-FR\",\"potentialAction\":[{\"@type\":\"ReadAction\",\"target\":[\"https:\\\/\\\/www.stjb-delasalle.fr\\\/site\\\/2021\\\/10\\\/02\\\/journee-europeenne-des-langues-2\\\/\"]}]},{\"@type\":\"ImageObject\",\"inLanguage\":\"fr-FR\",\"@id\":\"https:\\\/\\\/www.stjb-delasalle.fr\\\/site\\\/2021\\\/10\\\/02\\\/journee-europeenne-des-langues-2\\\/#primaryimage\",\"url\":\"\",\"contentUrl\":\"\"},{\"@type\":\"BreadcrumbList\",\"@id\":\"https:\\\/\\\/www.stjb-delasalle.fr\\\/site\\\/2021\\\/10\\\/02\\\/journee-europeenne-des-langues-2\\\/#breadcrumb\",\"itemListElement\":[{\"@type\":\"ListItem\",\"position\":1,\"name\":\"Accueil\",\"item\":\"https:\\\/\\\/www.stjb-delasalle.fr\\\/site\\\/\"},{\"@type\":\"ListItem\",\"position\":2,\"name\":\"Journ\u00e9e Europ\u00e9enne des langues\"}]},{\"@type\":\"WebSite\",\"@id\":\"https:\\\/\\\/www.stjb-delasalle.fr\\\/site\\\/#website\",\"url\":\"https:\\\/\\\/www.stjb-delasalle.fr\\\/site\\\/\",\"name\":\"Coll\u00e8ge Saint Jean Baptiste de La Salle\",\"description\":\"Notre coll\u00e8ge vous accueille sur le site du Rancher \u00e0 Teloch\u00e9\",\"publisher\":{\"@id\":\"https:\\\/\\\/www.stjb-delasalle.fr\\\/site\\\/#organization\"},\"potentialAction\":[{\"@type\":\"SearchAction\",\"target\":{\"@type\":\"EntryPoint\",\"urlTemplate\":\"https:\\\/\\\/www.stjb-delasalle.fr\\\/site\\\/?s={search_term_string}\"},\"query-input\":{\"@type\":\"PropertyValueSpecification\",\"valueRequired\":true,\"valueName\":\"search_term_string\"}}],\"inLanguage\":\"fr-FR\"},{\"@type\":\"Organization\",\"@id\":\"https:\\\/\\\/www.stjb-delasalle.fr\\\/site\\\/#organization\",\"name\":\"Coll\u00e8ge Saint Jean Baptiste de La Salle\",\"url\":\"https:\\\/\\\/www.stjb-delasalle.fr\\\/site\\\/\",\"logo\":{\"@type\":\"ImageObject\",\"inLanguage\":\"fr-FR\",\"@id\":\"https:\\\/\\\/www.stjb-delasalle.fr\\\/site\\\/#\\\/schema\\\/logo\\\/image\\\/\",\"url\":\"https:\\\/\\\/www.stjb-delasalle.fr\\\/site\\\/wp-content\\\/uploads\\\/2021\\\/11\\\/logostjb_petit_transp.png\",\"contentUrl\":\"https:\\\/\\\/www.stjb-delasalle.fr\\\/site\\\/wp-content\\\/uploads\\\/2021\\\/11\\\/logostjb_petit_transp.png\",\"width\":180,\"height\":127,\"caption\":\"Coll\u00e8ge Saint Jean Baptiste de La Salle\"},\"image\":{\"@id\":\"https:\\\/\\\/www.stjb-delasalle.fr\\\/site\\\/#\\\/schema\\\/logo\\\/image\\\/\"}},{\"@type\":\"Person\",\"@id\":\"https:\\\/\\\/www.stjb-delasalle.fr\\\/site\\\/#\\\/schema\\\/person\\\/36988a7b4178dd69b805a25eea2b8f8f\",\"name\":\"r.zucchetti\",\"image\":{\"@type\":\"ImageObject\",\"inLanguage\":\"fr-FR\",\"@id\":\"https:\\\/\\\/secure.gravatar.com\\\/avatar\\\/de909cd474d221f967baff6582e1e559c4977b81139138190583ff7dda97b212?s=96&d=mm&r=g\",\"url\":\"https:\\\/\\\/secure.gravatar.com\\\/avatar\\\/de909cd474d221f967baff6582e1e559c4977b81139138190583ff7dda97b212?s=96&d=mm&r=g\",\"contentUrl\":\"https:\\\/\\\/secure.gravatar.com\\\/avatar\\\/de909cd474d221f967baff6582e1e559c4977b81139138190583ff7dda97b212?s=96&d=mm&r=g\",\"caption\":\"r.zucchetti\"},\"sameAs\":[\"https:\\\/\\\/www.stjb-delasalle.fr\\\/site\"],\"url\":\"https:\\\/\\\/www.stjb-delasalle.fr\\\/site\\\/author\\\/r-zucchetti\\\/\"}]}<\/script>\n<!-- \/ Yoast SEO plugin. -->","yoast_head_json":{"title":"Journ\u00e9e Europ\u00e9enne des langues - Coll\u00e8ge Saint Jean Baptiste de La Salle","robots":{"index":"index","follow":"follow","max-snippet":"max-snippet:-1","max-image-preview":"max-image-preview:large","max-video-preview":"max-video-preview:-1"},"canonical":"https:\/\/www.stjb-delasalle.fr\/site\/2021\/10\/02\/journee-europeenne-des-langues-2\/","og_locale":"fr_FR","og_type":"article","og_title":"Journ\u00e9e Europ\u00e9enne des langues - Coll\u00e8ge Saint Jean Baptiste de La Salle","og_description":"Les professeures de langues vivantes ont propos\u00e9 \u00e0 tous les \u00e9l\u00e8ves\u00a0de prendre part \u00e0\u00a0un parcours num\u00e9rique \u00ab\u00a0grand prix\u00a0\u00bb afin de relever\u00a0des\u00a0d\u00e9fis linguistiques et culturels dans le cadre de la\u00a0Journ\u00e9e Europ\u00e9enne des Langues qui a lieu chaque ann\u00e9e le 26 septembre. Les \u00e9l\u00e8ves qui suivent l&rsquo;enseignement facultatif LCE anglais (Langues et Cultures et Europ\u00e9ennes) en 4\u00e8me [&hellip;]","og_url":"https:\/\/www.stjb-delasalle.fr\/site\/2021\/10\/02\/journee-europeenne-des-langues-2\/","og_site_name":"Coll\u00e8ge Saint Jean Baptiste de La Salle","article_published_time":"2021-10-02T14:40:24+00:00","author":"r.zucchetti","twitter_card":"summary_large_image","twitter_misc":{"\u00c9crit par":"r.zucchetti","Dur\u00e9e de lecture estim\u00e9e":"1 minute"},"schema":{"@context":"https:\/\/schema.org","@graph":[{"@type":"Article","@id":"https:\/\/www.stjb-delasalle.fr\/site\/2021\/10\/02\/journee-europeenne-des-langues-2\/#article","isPartOf":{"@id":"https:\/\/www.stjb-delasalle.fr\/site\/2021\/10\/02\/journee-europeenne-des-langues-2\/"},"author":{"name":"r.zucchetti","@id":"https:\/\/www.stjb-delasalle.fr\/site\/#\/schema\/person\/36988a7b4178dd69b805a25eea2b8f8f"},"headline":"Journ\u00e9e Europ\u00e9enne des langues","datePublished":"2021-10-02T14:40:24+00:00","mainEntityOfPage":{"@id":"https:\/\/www.stjb-delasalle.fr\/site\/2021\/10\/02\/journee-europeenne-des-langues-2\/"},"wordCount":118,"publisher":{"@id":"https:\/\/www.stjb-delasalle.fr\/site\/#organization"},"image":{"@id":"https:\/\/www.stjb-delasalle.fr\/site\/2021\/10\/02\/journee-europeenne-des-langues-2\/#primaryimage"},"thumbnailUrl":"","articleSection":["Coll\u00e8ge"],"inLanguage":"fr-FR"},{"@type":"WebPage","@id":"https:\/\/www.stjb-delasalle.fr\/site\/2021\/10\/02\/journee-europeenne-des-langues-2\/","url":"https:\/\/www.stjb-delasalle.fr\/site\/2021\/10\/02\/journee-europeenne-des-langues-2\/","name":"Journ\u00e9e Europ\u00e9enne des langues - Coll\u00e8ge Saint Jean Baptiste de La Salle","isPartOf":{"@id":"https:\/\/www.stjb-delasalle.fr\/site\/#website"},"primaryImageOfPage":{"@id":"https:\/\/www.stjb-delasalle.fr\/site\/2021\/10\/02\/journee-europeenne-des-langues-2\/#primaryimage"},"image":{"@id":"https:\/\/www.stjb-delasalle.fr\/site\/2021\/10\/02\/journee-europeenne-des-langues-2\/#primaryimage"},"thumbnailUrl":"","datePublished":"2021-10-02T14:40:24+00:00","breadcrumb":{"@id":"https:\/\/www.stjb-delasalle.fr\/site\/2021\/10\/02\/journee-europeenne-des-langues-2\/#breadcrumb"},"inLanguage":"fr-FR","potentialAction":[{"@type":"ReadAction","target":["https:\/\/www.stjb-delasalle.fr\/site\/2021\/10\/02\/journee-europeenne-des-langues-2\/"]}]},{"@type":"ImageObject","inLanguage":"fr-FR","@id":"https:\/\/www.stjb-delasalle.fr\/site\/2021\/10\/02\/journee-europeenne-des-langues-2\/#primaryimage","url":"","contentUrl":""},{"@type":"BreadcrumbList","@id":"https:\/\/www.stjb-delasalle.fr\/site\/2021\/10\/02\/journee-europeenne-des-langues-2\/#breadcrumb","itemListElement":[{"@type":"ListItem","position":1,"name":"Accueil","item":"https:\/\/www.stjb-delasalle.fr\/site\/"},{"@type":"ListItem","position":2,"name":"Journ\u00e9e Europ\u00e9enne des langues"}]},{"@type":"WebSite","@id":"https:\/\/www.stjb-delasalle.fr\/site\/#website","url":"https:\/\/www.stjb-delasalle.fr\/site\/","name":"Coll\u00e8ge Saint Jean Baptiste de La Salle","description":"Notre coll\u00e8ge vous accueille sur le site du Rancher \u00e0 Teloch\u00e9","publisher":{"@id":"https:\/\/www.stjb-delasalle.fr\/site\/#organization"},"potentialAction":[{"@type":"SearchAction","target":{"@type":"EntryPoint","urlTemplate":"https:\/\/www.stjb-delasalle.fr\/site\/?s={search_term_string}"},"query-input":{"@type":"PropertyValueSpecification","valueRequired":true,"valueName":"search_term_string"}}],"inLanguage":"fr-FR"},{"@type":"Organization","@id":"https:\/\/www.stjb-delasalle.fr\/site\/#organization","name":"Coll\u00e8ge Saint Jean Baptiste de La Salle","url":"https:\/\/www.stjb-delasalle.fr\/site\/","logo":{"@type":"ImageObject","inLanguage":"fr-FR","@id":"https:\/\/www.stjb-delasalle.fr\/site\/#\/schema\/logo\/image\/","url":"https:\/\/www.stjb-delasalle.fr\/site\/wp-content\/uploads\/2021\/11\/logostjb_petit_transp.png","contentUrl":"https:\/\/www.stjb-delasalle.fr\/site\/wp-content\/uploads\/2021\/11\/logostjb_petit_transp.png","width":180,"height":127,"caption":"Coll\u00e8ge Saint Jean Baptiste de La Salle"},"image":{"@id":"https:\/\/www.stjb-delasalle.fr\/site\/#\/schema\/logo\/image\/"}},{"@type":"Person","@id":"https:\/\/www.stjb-delasalle.fr\/site\/#\/schema\/person\/36988a7b4178dd69b805a25eea2b8f8f","name":"r.zucchetti","image":{"@type":"ImageObject","inLanguage":"fr-FR","@id":"https:\/\/secure.gravatar.com\/avatar\/de909cd474d221f967baff6582e1e559c4977b81139138190583ff7dda97b212?s=96&d=mm&r=g","url":"https:\/\/secure.gravatar.com\/avatar\/de909cd474d221f967baff6582e1e559c4977b81139138190583ff7dda97b212?s=96&d=mm&r=g","contentUrl":"https:\/\/secure.gravatar.com\/avatar\/de909cd474d221f967baff6582e1e559c4977b81139138190583ff7dda97b212?s=96&d=mm&r=g","caption":"r.zucchetti"},"sameAs":["https:\/\/www.stjb-delasalle.fr\/site"],"url":"https:\/\/www.stjb-delasalle.fr\/site\/author\/r-zucchetti\/"}]}},"_links":{"self":[{"href":"https:\/\/www.stjb-delasalle.fr\/site\/wp-json\/wp\/v2\/posts\/8785","targetHints":{"allow":["GET"]}}],"collection":[{"href":"https:\/\/www.stjb-delasalle.fr\/site\/wp-json\/wp\/v2\/posts"}],"about":[{"href":"https:\/\/www.stjb-delasalle.fr\/site\/wp-json\/wp\/v2\/types\/post"}],"author":[{"embeddable":true,"href":"https:\/\/www.stjb-delasalle.fr\/site\/wp-json\/wp\/v2\/users\/1"}],"replies":[{"embeddable":true,"href":"https:\/\/www.stjb-delasalle.fr\/site\/wp-json\/wp\/v2\/comments?post=8785"}],"version-history":[{"count":0,"href":"https:\/\/www.stjb-delasalle.fr\/site\/wp-json\/wp\/v2\/posts\/8785\/revisions"}],"wp:featuredmedia":[{"embeddable":true,"href":"https:\/\/www.stjb-delasalle.fr\/site\/wp-json\/"}],"wp:attachment":[{"href":"https:\/\/www.stjb-delasalle.fr\/site\/wp-json\/wp\/v2\/media?parent=8785"}],"wp:term":[{"taxonomy":"category","embeddable":true,"href":"https:\/\/www.stjb-delasalle.fr\/site\/wp-json\/wp\/v2\/categories?post=8785"},{"taxonomy":"post_tag","embeddable":true,"href":"https:\/\/www.stjb-delasalle.fr\/site\/wp-json\/wp\/v2\/tags?post=8785"}],"curies":[{"name":"wp","href":"https:\/\/api.w.org\/{rel}","templated":true}]}}