{"id":8775,"date":"2021-09-28T17:19:52","date_gmt":"2021-09-28T15:19:52","guid":{"rendered":"https:\/\/www.stjb-delasalle.fr\/?p=8775"},"modified":"2021-09-28T17:19:52","modified_gmt":"2021-09-28T15:19:52","slug":"%f0%9f%a4%9dmatinee-de-cohesion-6eme","status":"publish","type":"post","link":"https:\/\/www.stjb-delasalle.fr\/site\/2021\/09\/28\/%f0%9f%a4%9dmatinee-de-cohesion-6eme\/","title":{"rendered":"&#x1f91d;Matin\u00e9e de coh\u00e9sion 6\u00e8me"},"content":{"rendered":"<div class=\"oi9244e8 do00u71z j83agx80\"><\/div>\n<div class=\"\" dir=\"auto\">\n<div id=\"jsc_c_9d\" class=\"ecm0bbzt hv4rvrfc ihqw7lf3 dati1w0a\" data-ad-comet-preview=\"message\" data-ad-preview=\"message\">\n<div class=\"j83agx80 cbu4d94t ew0dbk1b irj2b8pg\">\n<div class=\"qzhwtbm6 knvmm38d\">\n<div class=\"kvgmc6g5 cxmmr5t8 oygrvhab hcukyx3x c1et5uql ii04i59q\">\n<div dir=\"auto\">La matin\u00e9e de coh\u00e9sion 6\u00e8me s&rsquo;est d\u00e9roul\u00e9e le mercredi 22 septembre.<\/div>\n<div dir=\"auto\">L&rsquo;objectif \u00e9tait de cr\u00e9er du lien entre les \u00e9l\u00e8ves d&rsquo;une m\u00eame classe. Tous les 6\u00e8mes, encadr\u00e9s par des membres de l&rsquo;\u00e9quipe p\u00e9dagogique et \u00e9ducative, ont particip\u00e9 \u00e0 4 ateliers :<\/div>\n<\/div>\n<div class=\"o9v6fnle cxmmr5t8 oygrvhab hcukyx3x c1et5uql ii04i59q\">\n<div dir=\"auto\">&#8211; Poule, renard, vip\u00e8re<\/div>\n<div dir=\"auto\">&#8211; D\u00e9fi Kapla: la tour la plus haute<\/div>\n<div dir=\"auto\">&#8211; Blind test<\/div>\n<div dir=\"auto\">&#8211; Land Art (cr\u00e9ation d&rsquo;une \u0153uvre \u00e9ph\u00e9m\u00e8re uniquement \u00e0 partir d&rsquo;\u00e9l\u00e9ments naturels)<\/div>\n<div dir=\"auto\"><img fetchpriority=\"high\" decoding=\"async\" class=\"alignleft size-large wp-image-8776\" src=\"https:\/\/www.stjb-delasalle.fr\/wp-content\/uploads\/2021\/09\/20210928_140233000_iOS-1024x768.png\" alt=\"\" width=\"1024\" height=\"768\" \/> <img decoding=\"async\" class=\"alignleft size-large wp-image-8777\" src=\"https:\/\/www.stjb-delasalle.fr\/wp-content\/uploads\/2021\/09\/20210928_140414000_iOS-840x1024.jpg\" alt=\"\" width=\"840\" height=\"1024\" \/> <img decoding=\"async\" class=\"alignleft size-large wp-image-8778\" src=\"https:\/\/www.stjb-delasalle.fr\/wp-content\/uploads\/2021\/09\/20210928_140537000_iOS-1024x691.jpg\" alt=\"\" width=\"1024\" height=\"691\" \/> <img loading=\"lazy\" decoding=\"async\" class=\"alignleft size-large wp-image-8779\" src=\"https:\/\/www.stjb-delasalle.fr\/wp-content\/uploads\/2021\/09\/20210928_140608000_iOS-1024x702.jpg\" alt=\"\" width=\"1024\" height=\"702\" \/> <img loading=\"lazy\" decoding=\"async\" class=\"alignleft size-large wp-image-8780\" src=\"https:\/\/www.stjb-delasalle.fr\/wp-content\/uploads\/2021\/09\/20210928_140935000_iOS-1024x745.jpg\" alt=\"\" width=\"1024\" height=\"745\" \/> <img loading=\"lazy\" decoding=\"async\" class=\"alignleft size-large wp-image-8781\" src=\"https:\/\/www.stjb-delasalle.fr\/wp-content\/uploads\/2021\/09\/20210928_141010000_iOS-1024x702.jpg\" alt=\"\" width=\"1024\" height=\"702\" \/> <img loading=\"lazy\" decoding=\"async\" class=\"alignleft size-large wp-image-8782\" src=\"https:\/\/www.stjb-delasalle.fr\/wp-content\/uploads\/2021\/09\/20210928_141502000_iOS-849x1024.jpg\" alt=\"\" width=\"849\" height=\"1024\" \/><\/div>\n<\/div>\n<\/div>\n<\/div>\n<\/div>\n<\/div>\n","protected":false},"excerpt":{"rendered":"<p>La matin\u00e9e de coh\u00e9sion 6\u00e8me s&rsquo;est d\u00e9roul\u00e9e le mercredi 22 septembre. L&rsquo;objectif \u00e9tait de cr\u00e9er du lien entre les \u00e9l\u00e8ves d&rsquo;une m\u00eame classe. Tous les 6\u00e8mes, encadr\u00e9s par des membres de l&rsquo;\u00e9quipe p\u00e9dagogique et \u00e9ducative, ont particip\u00e9 \u00e0 4 ateliers : &#8211; Poule, renard, vip\u00e8re &#8211; D\u00e9fi Kapla: la tour la plus haute &#8211; Blind [&hellip;]<\/p>\n","protected":false},"author":1,"featured_media":8783,"comment_status":"closed","ping_status":"closed","sticky":false,"template":"","format":"standard","meta":{"site-sidebar-layout":"default","site-content-layout":"","ast-site-content-layout":"default","site-content-style":"default","site-sidebar-style":"default","ast-global-header-display":"","ast-banner-title-visibility":"","ast-main-header-display":"","ast-hfb-above-header-display":"","ast-hfb-below-header-display":"","ast-hfb-mobile-header-display":"","site-post-title":"","ast-breadcrumbs-content":"","ast-featured-img":"","footer-sml-layout":"","ast-disable-related-posts":"","theme-transparent-header-meta":"","adv-header-id-meta":"","stick-header-meta":"","header-above-stick-meta":"","header-main-stick-meta":"","header-below-stick-meta":"","astra-migrate-meta-layouts":"default","ast-page-background-enabled":"default","ast-page-background-meta":{"desktop":{"background-color":"var(--ast-global-color-4)","background-image":"","background-repeat":"repeat","background-position":"center center","background-size":"auto","background-attachment":"scroll","background-type":"","background-media":"","overlay-type":"","overlay-color":"","overlay-opacity":"","overlay-gradient":""},"tablet":{"background-color":"","background-image":"","background-repeat":"repeat","background-position":"center center","background-size":"auto","background-attachment":"scroll","background-type":"","background-media":"","overlay-type":"","overlay-color":"","overlay-opacity":"","overlay-gradient":""},"mobile":{"background-color":"","background-image":"","background-repeat":"repeat","background-position":"center center","background-size":"auto","background-attachment":"scroll","background-type":"","background-media":"","overlay-type":"","overlay-color":"","overlay-opacity":"","overlay-gradient":""}},"ast-content-background-meta":{"desktop":{"background-color":"var(--ast-global-color-5)","background-image":"","background-repeat":"repeat","background-position":"center center","background-size":"auto","background-attachment":"scroll","background-type":"","background-media":"","overlay-type":"","overlay-color":"","overlay-opacity":"","overlay-gradient":""},"tablet":{"background-color":"var(--ast-global-color-5)","background-image":"","background-repeat":"repeat","background-position":"center center","background-size":"auto","background-attachment":"scroll","background-type":"","background-media":"","overlay-type":"","overlay-color":"","overlay-opacity":"","overlay-gradient":""},"mobile":{"background-color":"var(--ast-global-color-5)","background-image":"","background-repeat":"repeat","background-position":"center center","background-size":"auto","background-attachment":"scroll","background-type":"","background-media":"","overlay-type":"","overlay-color":"","overlay-opacity":"","overlay-gradient":""}},"footnotes":""},"categories":[6],"tags":[],"class_list":["post-8775","post","type-post","status-publish","format-standard","has-post-thumbnail","hentry","category-college"],"yoast_head":"<!-- This site is optimized with the Yoast SEO plugin v27.5 - https:\/\/yoast.com\/product\/yoast-seo-wordpress\/ -->\n<title>&#x1f91d;Matin\u00e9e de coh\u00e9sion 6\u00e8me - Coll\u00e8ge Saint Jean Baptiste de La Salle<\/title>\n<meta name=\"robots\" content=\"index, follow, max-snippet:-1, max-image-preview:large, max-video-preview:-1\" \/>\n<link rel=\"canonical\" href=\"https:\/\/www.stjb-delasalle.fr\/site\/2021\/09\/28\/\ud83e\udd1dmatinee-de-cohesion-6eme\/\" \/>\n<meta property=\"og:locale\" content=\"fr_FR\" \/>\n<meta property=\"og:type\" content=\"article\" \/>\n<meta property=\"og:title\" content=\"&#x1f91d;Matin\u00e9e de coh\u00e9sion 6\u00e8me - Coll\u00e8ge Saint Jean Baptiste de La Salle\" \/>\n<meta property=\"og:description\" content=\"La matin\u00e9e de coh\u00e9sion 6\u00e8me s&rsquo;est d\u00e9roul\u00e9e le mercredi 22 septembre. L&rsquo;objectif \u00e9tait de cr\u00e9er du lien entre les \u00e9l\u00e8ves d&rsquo;une m\u00eame classe. Tous les 6\u00e8mes, encadr\u00e9s par des membres de l&rsquo;\u00e9quipe p\u00e9dagogique et \u00e9ducative, ont particip\u00e9 \u00e0 4 ateliers : &#8211; Poule, renard, vip\u00e8re &#8211; D\u00e9fi Kapla: la tour la plus haute &#8211; Blind [&hellip;]\" \/>\n<meta property=\"og:url\" content=\"https:\/\/www.stjb-delasalle.fr\/site\/2021\/09\/28\/\ud83e\udd1dmatinee-de-cohesion-6eme\/\" \/>\n<meta property=\"og:site_name\" content=\"Coll\u00e8ge Saint Jean Baptiste de La Salle\" \/>\n<meta property=\"article:published_time\" content=\"2021-09-28T15:19:52+00:00\" \/>\n<meta name=\"author\" content=\"r.zucchetti\" \/>\n<meta name=\"twitter:card\" content=\"summary_large_image\" \/>\n<meta name=\"twitter:label1\" content=\"\u00c9crit par\" \/>\n\t<meta name=\"twitter:data1\" content=\"r.zucchetti\" \/>\n<script type=\"application\/ld+json\" class=\"yoast-schema-graph\">{\"@context\":\"https:\\\/\\\/schema.org\",\"@graph\":[{\"@type\":\"Article\",\"@id\":\"https:\\\/\\\/www.stjb-delasalle.fr\\\/site\\\/2021\\\/09\\\/28\\\/%f0%9f%a4%9dmatinee-de-cohesion-6eme\\\/#article\",\"isPartOf\":{\"@id\":\"https:\\\/\\\/www.stjb-delasalle.fr\\\/site\\\/2021\\\/09\\\/28\\\/%f0%9f%a4%9dmatinee-de-cohesion-6eme\\\/\"},\"author\":{\"name\":\"r.zucchetti\",\"@id\":\"https:\\\/\\\/www.stjb-delasalle.fr\\\/site\\\/#\\\/schema\\\/person\\\/36988a7b4178dd69b805a25eea2b8f8f\"},\"headline\":\"&#x1f91d;Matin\u00e9e de coh\u00e9sion 6\u00e8me\",\"datePublished\":\"2021-09-28T15:19:52+00:00\",\"mainEntityOfPage\":{\"@id\":\"https:\\\/\\\/www.stjb-delasalle.fr\\\/site\\\/2021\\\/09\\\/28\\\/%f0%9f%a4%9dmatinee-de-cohesion-6eme\\\/\"},\"wordCount\":89,\"publisher\":{\"@id\":\"https:\\\/\\\/www.stjb-delasalle.fr\\\/site\\\/#organization\"},\"image\":{\"@id\":\"https:\\\/\\\/www.stjb-delasalle.fr\\\/site\\\/2021\\\/09\\\/28\\\/%f0%9f%a4%9dmatinee-de-cohesion-6eme\\\/#primaryimage\"},\"thumbnailUrl\":\"\",\"articleSection\":[\"Coll\u00e8ge\"],\"inLanguage\":\"fr-FR\"},{\"@type\":\"WebPage\",\"@id\":\"https:\\\/\\\/www.stjb-delasalle.fr\\\/site\\\/2021\\\/09\\\/28\\\/%f0%9f%a4%9dmatinee-de-cohesion-6eme\\\/\",\"url\":\"https:\\\/\\\/www.stjb-delasalle.fr\\\/site\\\/2021\\\/09\\\/28\\\/%f0%9f%a4%9dmatinee-de-cohesion-6eme\\\/\",\"name\":\"&#x1f91d;Matin\u00e9e de coh\u00e9sion 6\u00e8me - Coll\u00e8ge Saint Jean Baptiste de La Salle\",\"isPartOf\":{\"@id\":\"https:\\\/\\\/www.stjb-delasalle.fr\\\/site\\\/#website\"},\"primaryImageOfPage\":{\"@id\":\"https:\\\/\\\/www.stjb-delasalle.fr\\\/site\\\/2021\\\/09\\\/28\\\/%f0%9f%a4%9dmatinee-de-cohesion-6eme\\\/#primaryimage\"},\"image\":{\"@id\":\"https:\\\/\\\/www.stjb-delasalle.fr\\\/site\\\/2021\\\/09\\\/28\\\/%f0%9f%a4%9dmatinee-de-cohesion-6eme\\\/#primaryimage\"},\"thumbnailUrl\":\"\",\"datePublished\":\"2021-09-28T15:19:52+00:00\",\"breadcrumb\":{\"@id\":\"https:\\\/\\\/www.stjb-delasalle.fr\\\/site\\\/2021\\\/09\\\/28\\\/%f0%9f%a4%9dmatinee-de-cohesion-6eme\\\/#breadcrumb\"},\"inLanguage\":\"fr-FR\",\"potentialAction\":[{\"@type\":\"ReadAction\",\"target\":[\"https:\\\/\\\/www.stjb-delasalle.fr\\\/site\\\/2021\\\/09\\\/28\\\/%f0%9f%a4%9dmatinee-de-cohesion-6eme\\\/\"]}]},{\"@type\":\"ImageObject\",\"inLanguage\":\"fr-FR\",\"@id\":\"https:\\\/\\\/www.stjb-delasalle.fr\\\/site\\\/2021\\\/09\\\/28\\\/%f0%9f%a4%9dmatinee-de-cohesion-6eme\\\/#primaryimage\",\"url\":\"\",\"contentUrl\":\"\"},{\"@type\":\"BreadcrumbList\",\"@id\":\"https:\\\/\\\/www.stjb-delasalle.fr\\\/site\\\/2021\\\/09\\\/28\\\/%f0%9f%a4%9dmatinee-de-cohesion-6eme\\\/#breadcrumb\",\"itemListElement\":[{\"@type\":\"ListItem\",\"position\":1,\"name\":\"Accueil\",\"item\":\"https:\\\/\\\/www.stjb-delasalle.fr\\\/site\\\/\"},{\"@type\":\"ListItem\",\"position\":2,\"name\":\"&#x1f91d;Matin\u00e9e de coh\u00e9sion 6\u00e8me\"}]},{\"@type\":\"WebSite\",\"@id\":\"https:\\\/\\\/www.stjb-delasalle.fr\\\/site\\\/#website\",\"url\":\"https:\\\/\\\/www.stjb-delasalle.fr\\\/site\\\/\",\"name\":\"Coll\u00e8ge Saint Jean Baptiste de La Salle\",\"description\":\"Notre coll\u00e8ge vous accueille sur le site du Rancher \u00e0 Teloch\u00e9\",\"publisher\":{\"@id\":\"https:\\\/\\\/www.stjb-delasalle.fr\\\/site\\\/#organization\"},\"potentialAction\":[{\"@type\":\"SearchAction\",\"target\":{\"@type\":\"EntryPoint\",\"urlTemplate\":\"https:\\\/\\\/www.stjb-delasalle.fr\\\/site\\\/?s={search_term_string}\"},\"query-input\":{\"@type\":\"PropertyValueSpecification\",\"valueRequired\":true,\"valueName\":\"search_term_string\"}}],\"inLanguage\":\"fr-FR\"},{\"@type\":\"Organization\",\"@id\":\"https:\\\/\\\/www.stjb-delasalle.fr\\\/site\\\/#organization\",\"name\":\"Coll\u00e8ge Saint Jean Baptiste de La Salle\",\"url\":\"https:\\\/\\\/www.stjb-delasalle.fr\\\/site\\\/\",\"logo\":{\"@type\":\"ImageObject\",\"inLanguage\":\"fr-FR\",\"@id\":\"https:\\\/\\\/www.stjb-delasalle.fr\\\/site\\\/#\\\/schema\\\/logo\\\/image\\\/\",\"url\":\"https:\\\/\\\/www.stjb-delasalle.fr\\\/site\\\/wp-content\\\/uploads\\\/2021\\\/11\\\/logostjb_petit_transp.png\",\"contentUrl\":\"https:\\\/\\\/www.stjb-delasalle.fr\\\/site\\\/wp-content\\\/uploads\\\/2021\\\/11\\\/logostjb_petit_transp.png\",\"width\":180,\"height\":127,\"caption\":\"Coll\u00e8ge Saint Jean Baptiste de La Salle\"},\"image\":{\"@id\":\"https:\\\/\\\/www.stjb-delasalle.fr\\\/site\\\/#\\\/schema\\\/logo\\\/image\\\/\"}},{\"@type\":\"Person\",\"@id\":\"https:\\\/\\\/www.stjb-delasalle.fr\\\/site\\\/#\\\/schema\\\/person\\\/36988a7b4178dd69b805a25eea2b8f8f\",\"name\":\"r.zucchetti\",\"image\":{\"@type\":\"ImageObject\",\"inLanguage\":\"fr-FR\",\"@id\":\"https:\\\/\\\/secure.gravatar.com\\\/avatar\\\/de909cd474d221f967baff6582e1e559c4977b81139138190583ff7dda97b212?s=96&d=mm&r=g\",\"url\":\"https:\\\/\\\/secure.gravatar.com\\\/avatar\\\/de909cd474d221f967baff6582e1e559c4977b81139138190583ff7dda97b212?s=96&d=mm&r=g\",\"contentUrl\":\"https:\\\/\\\/secure.gravatar.com\\\/avatar\\\/de909cd474d221f967baff6582e1e559c4977b81139138190583ff7dda97b212?s=96&d=mm&r=g\",\"caption\":\"r.zucchetti\"},\"sameAs\":[\"https:\\\/\\\/www.stjb-delasalle.fr\\\/site\"],\"url\":\"https:\\\/\\\/www.stjb-delasalle.fr\\\/site\\\/author\\\/r-zucchetti\\\/\"}]}<\/script>\n<!-- \/ Yoast SEO plugin. -->","yoast_head_json":{"title":"&#x1f91d;Matin\u00e9e de coh\u00e9sion 6\u00e8me - Coll\u00e8ge Saint Jean Baptiste de La Salle","robots":{"index":"index","follow":"follow","max-snippet":"max-snippet:-1","max-image-preview":"max-image-preview:large","max-video-preview":"max-video-preview:-1"},"canonical":"https:\/\/www.stjb-delasalle.fr\/site\/2021\/09\/28\/\ud83e\udd1dmatinee-de-cohesion-6eme\/","og_locale":"fr_FR","og_type":"article","og_title":"&#x1f91d;Matin\u00e9e de coh\u00e9sion 6\u00e8me - Coll\u00e8ge Saint Jean Baptiste de La Salle","og_description":"La matin\u00e9e de coh\u00e9sion 6\u00e8me s&rsquo;est d\u00e9roul\u00e9e le mercredi 22 septembre. L&rsquo;objectif \u00e9tait de cr\u00e9er du lien entre les \u00e9l\u00e8ves d&rsquo;une m\u00eame classe. Tous les 6\u00e8mes, encadr\u00e9s par des membres de l&rsquo;\u00e9quipe p\u00e9dagogique et \u00e9ducative, ont particip\u00e9 \u00e0 4 ateliers : &#8211; Poule, renard, vip\u00e8re &#8211; D\u00e9fi Kapla: la tour la plus haute &#8211; Blind [&hellip;]","og_url":"https:\/\/www.stjb-delasalle.fr\/site\/2021\/09\/28\/\ud83e\udd1dmatinee-de-cohesion-6eme\/","og_site_name":"Coll\u00e8ge Saint Jean Baptiste de La Salle","article_published_time":"2021-09-28T15:19:52+00:00","author":"r.zucchetti","twitter_card":"summary_large_image","twitter_misc":{"\u00c9crit par":"r.zucchetti"},"schema":{"@context":"https:\/\/schema.org","@graph":[{"@type":"Article","@id":"https:\/\/www.stjb-delasalle.fr\/site\/2021\/09\/28\/%f0%9f%a4%9dmatinee-de-cohesion-6eme\/#article","isPartOf":{"@id":"https:\/\/www.stjb-delasalle.fr\/site\/2021\/09\/28\/%f0%9f%a4%9dmatinee-de-cohesion-6eme\/"},"author":{"name":"r.zucchetti","@id":"https:\/\/www.stjb-delasalle.fr\/site\/#\/schema\/person\/36988a7b4178dd69b805a25eea2b8f8f"},"headline":"&#x1f91d;Matin\u00e9e de coh\u00e9sion 6\u00e8me","datePublished":"2021-09-28T15:19:52+00:00","mainEntityOfPage":{"@id":"https:\/\/www.stjb-delasalle.fr\/site\/2021\/09\/28\/%f0%9f%a4%9dmatinee-de-cohesion-6eme\/"},"wordCount":89,"publisher":{"@id":"https:\/\/www.stjb-delasalle.fr\/site\/#organization"},"image":{"@id":"https:\/\/www.stjb-delasalle.fr\/site\/2021\/09\/28\/%f0%9f%a4%9dmatinee-de-cohesion-6eme\/#primaryimage"},"thumbnailUrl":"","articleSection":["Coll\u00e8ge"],"inLanguage":"fr-FR"},{"@type":"WebPage","@id":"https:\/\/www.stjb-delasalle.fr\/site\/2021\/09\/28\/%f0%9f%a4%9dmatinee-de-cohesion-6eme\/","url":"https:\/\/www.stjb-delasalle.fr\/site\/2021\/09\/28\/%f0%9f%a4%9dmatinee-de-cohesion-6eme\/","name":"&#x1f91d;Matin\u00e9e de coh\u00e9sion 6\u00e8me - Coll\u00e8ge Saint Jean Baptiste de La Salle","isPartOf":{"@id":"https:\/\/www.stjb-delasalle.fr\/site\/#website"},"primaryImageOfPage":{"@id":"https:\/\/www.stjb-delasalle.fr\/site\/2021\/09\/28\/%f0%9f%a4%9dmatinee-de-cohesion-6eme\/#primaryimage"},"image":{"@id":"https:\/\/www.stjb-delasalle.fr\/site\/2021\/09\/28\/%f0%9f%a4%9dmatinee-de-cohesion-6eme\/#primaryimage"},"thumbnailUrl":"","datePublished":"2021-09-28T15:19:52+00:00","breadcrumb":{"@id":"https:\/\/www.stjb-delasalle.fr\/site\/2021\/09\/28\/%f0%9f%a4%9dmatinee-de-cohesion-6eme\/#breadcrumb"},"inLanguage":"fr-FR","potentialAction":[{"@type":"ReadAction","target":["https:\/\/www.stjb-delasalle.fr\/site\/2021\/09\/28\/%f0%9f%a4%9dmatinee-de-cohesion-6eme\/"]}]},{"@type":"ImageObject","inLanguage":"fr-FR","@id":"https:\/\/www.stjb-delasalle.fr\/site\/2021\/09\/28\/%f0%9f%a4%9dmatinee-de-cohesion-6eme\/#primaryimage","url":"","contentUrl":""},{"@type":"BreadcrumbList","@id":"https:\/\/www.stjb-delasalle.fr\/site\/2021\/09\/28\/%f0%9f%a4%9dmatinee-de-cohesion-6eme\/#breadcrumb","itemListElement":[{"@type":"ListItem","position":1,"name":"Accueil","item":"https:\/\/www.stjb-delasalle.fr\/site\/"},{"@type":"ListItem","position":2,"name":"&#x1f91d;Matin\u00e9e de coh\u00e9sion 6\u00e8me"}]},{"@type":"WebSite","@id":"https:\/\/www.stjb-delasalle.fr\/site\/#website","url":"https:\/\/www.stjb-delasalle.fr\/site\/","name":"Coll\u00e8ge Saint Jean Baptiste de La Salle","description":"Notre coll\u00e8ge vous accueille sur le site du Rancher \u00e0 Teloch\u00e9","publisher":{"@id":"https:\/\/www.stjb-delasalle.fr\/site\/#organization"},"potentialAction":[{"@type":"SearchAction","target":{"@type":"EntryPoint","urlTemplate":"https:\/\/www.stjb-delasalle.fr\/site\/?s={search_term_string}"},"query-input":{"@type":"PropertyValueSpecification","valueRequired":true,"valueName":"search_term_string"}}],"inLanguage":"fr-FR"},{"@type":"Organization","@id":"https:\/\/www.stjb-delasalle.fr\/site\/#organization","name":"Coll\u00e8ge Saint Jean Baptiste de La Salle","url":"https:\/\/www.stjb-delasalle.fr\/site\/","logo":{"@type":"ImageObject","inLanguage":"fr-FR","@id":"https:\/\/www.stjb-delasalle.fr\/site\/#\/schema\/logo\/image\/","url":"https:\/\/www.stjb-delasalle.fr\/site\/wp-content\/uploads\/2021\/11\/logostjb_petit_transp.png","contentUrl":"https:\/\/www.stjb-delasalle.fr\/site\/wp-content\/uploads\/2021\/11\/logostjb_petit_transp.png","width":180,"height":127,"caption":"Coll\u00e8ge Saint Jean Baptiste de La Salle"},"image":{"@id":"https:\/\/www.stjb-delasalle.fr\/site\/#\/schema\/logo\/image\/"}},{"@type":"Person","@id":"https:\/\/www.stjb-delasalle.fr\/site\/#\/schema\/person\/36988a7b4178dd69b805a25eea2b8f8f","name":"r.zucchetti","image":{"@type":"ImageObject","inLanguage":"fr-FR","@id":"https:\/\/secure.gravatar.com\/avatar\/de909cd474d221f967baff6582e1e559c4977b81139138190583ff7dda97b212?s=96&d=mm&r=g","url":"https:\/\/secure.gravatar.com\/avatar\/de909cd474d221f967baff6582e1e559c4977b81139138190583ff7dda97b212?s=96&d=mm&r=g","contentUrl":"https:\/\/secure.gravatar.com\/avatar\/de909cd474d221f967baff6582e1e559c4977b81139138190583ff7dda97b212?s=96&d=mm&r=g","caption":"r.zucchetti"},"sameAs":["https:\/\/www.stjb-delasalle.fr\/site"],"url":"https:\/\/www.stjb-delasalle.fr\/site\/author\/r-zucchetti\/"}]}},"_links":{"self":[{"href":"https:\/\/www.stjb-delasalle.fr\/site\/wp-json\/wp\/v2\/posts\/8775","targetHints":{"allow":["GET"]}}],"collection":[{"href":"https:\/\/www.stjb-delasalle.fr\/site\/wp-json\/wp\/v2\/posts"}],"about":[{"href":"https:\/\/www.stjb-delasalle.fr\/site\/wp-json\/wp\/v2\/types\/post"}],"author":[{"embeddable":true,"href":"https:\/\/www.stjb-delasalle.fr\/site\/wp-json\/wp\/v2\/users\/1"}],"replies":[{"embeddable":true,"href":"https:\/\/www.stjb-delasalle.fr\/site\/wp-json\/wp\/v2\/comments?post=8775"}],"version-history":[{"count":0,"href":"https:\/\/www.stjb-delasalle.fr\/site\/wp-json\/wp\/v2\/posts\/8775\/revisions"}],"wp:featuredmedia":[{"embeddable":true,"href":"https:\/\/www.stjb-delasalle.fr\/site\/wp-json\/"}],"wp:attachment":[{"href":"https:\/\/www.stjb-delasalle.fr\/site\/wp-json\/wp\/v2\/media?parent=8775"}],"wp:term":[{"taxonomy":"category","embeddable":true,"href":"https:\/\/www.stjb-delasalle.fr\/site\/wp-json\/wp\/v2\/categories?post=8775"},{"taxonomy":"post_tag","embeddable":true,"href":"https:\/\/www.stjb-delasalle.fr\/site\/wp-json\/wp\/v2\/tags?post=8775"}],"curies":[{"name":"wp","href":"https:\/\/api.w.org\/{rel}","templated":true}]}}