{"id":8515,"date":"2021-06-25T08:40:30","date_gmt":"2021-06-25T06:40:30","guid":{"rendered":"https:\/\/www.stjb-delasalle.fr\/?p=8515"},"modified":"2021-06-25T08:40:30","modified_gmt":"2021-06-25T06:40:30","slug":"%e2%99%bb%ef%b8%8f-remise-des-prix-du-concours-defi-marmiton","status":"publish","type":"post","link":"https:\/\/www.stjb-delasalle.fr\/site\/2021\/06\/25\/%e2%99%bb%ef%b8%8f-remise-des-prix-du-concours-defi-marmiton\/","title":{"rendered":"&#x267b;&#xfe0f; Remise des prix du concours d\u00e9fi-marmiton"},"content":{"rendered":"<div data-contents=\"true\">\n<div class=\"\" data-block=\"true\" data-editor=\"4iub2\" data-offset-key=\"euid1-0-0\">\n<div class=\"_1mf _1mj\" data-offset-key=\"euid1-0-0\"><span data-offset-key=\"euid1-0-0\">&#x267b;&#xfe0f; <\/span><span data-offset-key=\"euid1-1-0\">Remise<\/span><span data-offset-key=\"euid1-2-0\"> des prix du concours d\u00e9fi-marmiton hier en visio-conf\u00e9rence. Le jury du concours nous a attribu\u00e9 le prix \u00ab\u00a0anti-gaspi \u00bb. <\/span><\/div>\n<\/div>\n<div class=\"\" data-block=\"true\" data-editor=\"4iub2\" data-offset-key=\"8o14m-0-0\">\n<div class=\"_1mf _1mj\" data-offset-key=\"8o14m-0-0\"><span data-offset-key=\"8o14m-0-0\">Les \u00e9l\u00e8ves sont repartis avec un sachet de p\u00e2tes sarthoises, une bouteille de jus de pomme p\u00e9tillant ainsi que deux maniques offertes par le conseil d\u00e9partemental.<\/span><\/div>\n<\/div>\n<div style=\"text-align: center;\" data-offset-key=\"8o14m-0-0\"><img fetchpriority=\"high\" decoding=\"async\" class=\"size-large wp-image-8517 aligncenter\" src=\"https:\/\/www.stjb-delasalle.fr\/wp-content\/uploads\/2021\/06\/cdv_photo_1624602414_censored-1024x768.jpg\" alt=\"\" width=\"1024\" height=\"768\" \/> <img decoding=\"async\" class=\"size-large wp-image-8518 aligncenter\" src=\"https:\/\/www.stjb-delasalle.fr\/wp-content\/uploads\/2021\/06\/cdv_photo_1624602428-1024x768.jpg\" alt=\"\" width=\"1024\" height=\"768\" \/><\/div>\n<\/div>\n","protected":false},"excerpt":{"rendered":"<p>&#x267b;&#xfe0f; Remise des prix du concours d\u00e9fi-marmiton hier en visio-conf\u00e9rence. Le jury du concours nous a attribu\u00e9 le prix \u00ab\u00a0anti-gaspi \u00bb. Les \u00e9l\u00e8ves sont repartis avec un sachet de p\u00e2tes sarthoises, une bouteille de jus de pomme p\u00e9tillant ainsi que deux maniques offertes par le conseil d\u00e9partemental.<\/p>\n","protected":false},"author":1,"featured_media":8516,"comment_status":"closed","ping_status":"closed","sticky":false,"template":"","format":"standard","meta":{"site-sidebar-layout":"default","site-content-layout":"","ast-site-content-layout":"default","site-content-style":"default","site-sidebar-style":"default","ast-global-header-display":"","ast-banner-title-visibility":"","ast-main-header-display":"","ast-hfb-above-header-display":"","ast-hfb-below-header-display":"","ast-hfb-mobile-header-display":"","site-post-title":"","ast-breadcrumbs-content":"","ast-featured-img":"","footer-sml-layout":"","ast-disable-related-posts":"","theme-transparent-header-meta":"","adv-header-id-meta":"","stick-header-meta":"","header-above-stick-meta":"","header-main-stick-meta":"","header-below-stick-meta":"","astra-migrate-meta-layouts":"default","ast-page-background-enabled":"default","ast-page-background-meta":{"desktop":{"background-color":"var(--ast-global-color-4)","background-image":"","background-repeat":"repeat","background-position":"center center","background-size":"auto","background-attachment":"scroll","background-type":"","background-media":"","overlay-type":"","overlay-color":"","overlay-opacity":"","overlay-gradient":""},"tablet":{"background-color":"","background-image":"","background-repeat":"repeat","background-position":"center center","background-size":"auto","background-attachment":"scroll","background-type":"","background-media":"","overlay-type":"","overlay-color":"","overlay-opacity":"","overlay-gradient":""},"mobile":{"background-color":"","background-image":"","background-repeat":"repeat","background-position":"center center","background-size":"auto","background-attachment":"scroll","background-type":"","background-media":"","overlay-type":"","overlay-color":"","overlay-opacity":"","overlay-gradient":""}},"ast-content-background-meta":{"desktop":{"background-color":"var(--ast-global-color-5)","background-image":"","background-repeat":"repeat","background-position":"center center","background-size":"auto","background-attachment":"scroll","background-type":"","background-media":"","overlay-type":"","overlay-color":"","overlay-opacity":"","overlay-gradient":""},"tablet":{"background-color":"var(--ast-global-color-5)","background-image":"","background-repeat":"repeat","background-position":"center center","background-size":"auto","background-attachment":"scroll","background-type":"","background-media":"","overlay-type":"","overlay-color":"","overlay-opacity":"","overlay-gradient":""},"mobile":{"background-color":"var(--ast-global-color-5)","background-image":"","background-repeat":"repeat","background-position":"center center","background-size":"auto","background-attachment":"scroll","background-type":"","background-media":"","overlay-type":"","overlay-color":"","overlay-opacity":"","overlay-gradient":""}},"footnotes":""},"categories":[6],"tags":[],"class_list":["post-8515","post","type-post","status-publish","format-standard","has-post-thumbnail","hentry","category-college"],"yoast_head":"<!-- This site is optimized with the Yoast SEO plugin v27.5 - https:\/\/yoast.com\/product\/yoast-seo-wordpress\/ -->\n<title>&#x267b;&#xfe0f; Remise des prix du concours d\u00e9fi-marmiton - Coll\u00e8ge Saint Jean Baptiste de La Salle<\/title>\n<meta name=\"robots\" content=\"index, follow, max-snippet:-1, max-image-preview:large, max-video-preview:-1\" \/>\n<link rel=\"canonical\" href=\"https:\/\/www.stjb-delasalle.fr\/site\/2021\/06\/25\/\u267b\ufe0f-remise-des-prix-du-concours-defi-marmiton\/\" \/>\n<meta property=\"og:locale\" content=\"fr_FR\" \/>\n<meta property=\"og:type\" content=\"article\" \/>\n<meta property=\"og:title\" content=\"&#x267b;&#xfe0f; Remise des prix du concours d\u00e9fi-marmiton - Coll\u00e8ge Saint Jean Baptiste de La Salle\" \/>\n<meta property=\"og:description\" content=\"&#x267b;&#xfe0f; Remise des prix du concours d\u00e9fi-marmiton hier en visio-conf\u00e9rence. Le jury du concours nous a attribu\u00e9 le prix \u00ab\u00a0anti-gaspi \u00bb. Les \u00e9l\u00e8ves sont repartis avec un sachet de p\u00e2tes sarthoises, une bouteille de jus de pomme p\u00e9tillant ainsi que deux maniques offertes par le conseil d\u00e9partemental.\" \/>\n<meta property=\"og:url\" content=\"https:\/\/www.stjb-delasalle.fr\/site\/2021\/06\/25\/\u267b\ufe0f-remise-des-prix-du-concours-defi-marmiton\/\" \/>\n<meta property=\"og:site_name\" content=\"Coll\u00e8ge Saint Jean Baptiste de La Salle\" \/>\n<meta property=\"article:published_time\" content=\"2021-06-25T06:40:30+00:00\" \/>\n<meta name=\"author\" content=\"r.zucchetti\" \/>\n<meta name=\"twitter:card\" content=\"summary_large_image\" \/>\n<meta name=\"twitter:label1\" content=\"\u00c9crit par\" \/>\n\t<meta name=\"twitter:data1\" content=\"r.zucchetti\" \/>\n<script type=\"application\/ld+json\" class=\"yoast-schema-graph\">{\"@context\":\"https:\\\/\\\/schema.org\",\"@graph\":[{\"@type\":\"Article\",\"@id\":\"https:\\\/\\\/www.stjb-delasalle.fr\\\/site\\\/2021\\\/06\\\/25\\\/%e2%99%bb%ef%b8%8f-remise-des-prix-du-concours-defi-marmiton\\\/#article\",\"isPartOf\":{\"@id\":\"https:\\\/\\\/www.stjb-delasalle.fr\\\/site\\\/2021\\\/06\\\/25\\\/%e2%99%bb%ef%b8%8f-remise-des-prix-du-concours-defi-marmiton\\\/\"},\"author\":{\"name\":\"r.zucchetti\",\"@id\":\"https:\\\/\\\/www.stjb-delasalle.fr\\\/site\\\/#\\\/schema\\\/person\\\/36988a7b4178dd69b805a25eea2b8f8f\"},\"headline\":\"&#x267b;&#xfe0f; Remise des prix du concours d\u00e9fi-marmiton\",\"datePublished\":\"2021-06-25T06:40:30+00:00\",\"mainEntityOfPage\":{\"@id\":\"https:\\\/\\\/www.stjb-delasalle.fr\\\/site\\\/2021\\\/06\\\/25\\\/%e2%99%bb%ef%b8%8f-remise-des-prix-du-concours-defi-marmiton\\\/\"},\"wordCount\":66,\"publisher\":{\"@id\":\"https:\\\/\\\/www.stjb-delasalle.fr\\\/site\\\/#organization\"},\"image\":{\"@id\":\"https:\\\/\\\/www.stjb-delasalle.fr\\\/site\\\/2021\\\/06\\\/25\\\/%e2%99%bb%ef%b8%8f-remise-des-prix-du-concours-defi-marmiton\\\/#primaryimage\"},\"thumbnailUrl\":\"\",\"articleSection\":[\"Coll\u00e8ge\"],\"inLanguage\":\"fr-FR\"},{\"@type\":\"WebPage\",\"@id\":\"https:\\\/\\\/www.stjb-delasalle.fr\\\/site\\\/2021\\\/06\\\/25\\\/%e2%99%bb%ef%b8%8f-remise-des-prix-du-concours-defi-marmiton\\\/\",\"url\":\"https:\\\/\\\/www.stjb-delasalle.fr\\\/site\\\/2021\\\/06\\\/25\\\/%e2%99%bb%ef%b8%8f-remise-des-prix-du-concours-defi-marmiton\\\/\",\"name\":\"&#x267b;&#xfe0f; Remise des prix du concours d\u00e9fi-marmiton - Coll\u00e8ge Saint Jean Baptiste de La Salle\",\"isPartOf\":{\"@id\":\"https:\\\/\\\/www.stjb-delasalle.fr\\\/site\\\/#website\"},\"primaryImageOfPage\":{\"@id\":\"https:\\\/\\\/www.stjb-delasalle.fr\\\/site\\\/2021\\\/06\\\/25\\\/%e2%99%bb%ef%b8%8f-remise-des-prix-du-concours-defi-marmiton\\\/#primaryimage\"},\"image\":{\"@id\":\"https:\\\/\\\/www.stjb-delasalle.fr\\\/site\\\/2021\\\/06\\\/25\\\/%e2%99%bb%ef%b8%8f-remise-des-prix-du-concours-defi-marmiton\\\/#primaryimage\"},\"thumbnailUrl\":\"\",\"datePublished\":\"2021-06-25T06:40:30+00:00\",\"breadcrumb\":{\"@id\":\"https:\\\/\\\/www.stjb-delasalle.fr\\\/site\\\/2021\\\/06\\\/25\\\/%e2%99%bb%ef%b8%8f-remise-des-prix-du-concours-defi-marmiton\\\/#breadcrumb\"},\"inLanguage\":\"fr-FR\",\"potentialAction\":[{\"@type\":\"ReadAction\",\"target\":[\"https:\\\/\\\/www.stjb-delasalle.fr\\\/site\\\/2021\\\/06\\\/25\\\/%e2%99%bb%ef%b8%8f-remise-des-prix-du-concours-defi-marmiton\\\/\"]}]},{\"@type\":\"ImageObject\",\"inLanguage\":\"fr-FR\",\"@id\":\"https:\\\/\\\/www.stjb-delasalle.fr\\\/site\\\/2021\\\/06\\\/25\\\/%e2%99%bb%ef%b8%8f-remise-des-prix-du-concours-defi-marmiton\\\/#primaryimage\",\"url\":\"\",\"contentUrl\":\"\"},{\"@type\":\"BreadcrumbList\",\"@id\":\"https:\\\/\\\/www.stjb-delasalle.fr\\\/site\\\/2021\\\/06\\\/25\\\/%e2%99%bb%ef%b8%8f-remise-des-prix-du-concours-defi-marmiton\\\/#breadcrumb\",\"itemListElement\":[{\"@type\":\"ListItem\",\"position\":1,\"name\":\"Accueil\",\"item\":\"https:\\\/\\\/www.stjb-delasalle.fr\\\/site\\\/\"},{\"@type\":\"ListItem\",\"position\":2,\"name\":\"&#x267b;&#xfe0f; Remise des prix du concours d\u00e9fi-marmiton\"}]},{\"@type\":\"WebSite\",\"@id\":\"https:\\\/\\\/www.stjb-delasalle.fr\\\/site\\\/#website\",\"url\":\"https:\\\/\\\/www.stjb-delasalle.fr\\\/site\\\/\",\"name\":\"Coll\u00e8ge Saint Jean Baptiste de La Salle\",\"description\":\"Notre coll\u00e8ge vous accueille sur le site du Rancher \u00e0 Teloch\u00e9\",\"publisher\":{\"@id\":\"https:\\\/\\\/www.stjb-delasalle.fr\\\/site\\\/#organization\"},\"potentialAction\":[{\"@type\":\"SearchAction\",\"target\":{\"@type\":\"EntryPoint\",\"urlTemplate\":\"https:\\\/\\\/www.stjb-delasalle.fr\\\/site\\\/?s={search_term_string}\"},\"query-input\":{\"@type\":\"PropertyValueSpecification\",\"valueRequired\":true,\"valueName\":\"search_term_string\"}}],\"inLanguage\":\"fr-FR\"},{\"@type\":\"Organization\",\"@id\":\"https:\\\/\\\/www.stjb-delasalle.fr\\\/site\\\/#organization\",\"name\":\"Coll\u00e8ge Saint Jean Baptiste de La Salle\",\"url\":\"https:\\\/\\\/www.stjb-delasalle.fr\\\/site\\\/\",\"logo\":{\"@type\":\"ImageObject\",\"inLanguage\":\"fr-FR\",\"@id\":\"https:\\\/\\\/www.stjb-delasalle.fr\\\/site\\\/#\\\/schema\\\/logo\\\/image\\\/\",\"url\":\"https:\\\/\\\/www.stjb-delasalle.fr\\\/site\\\/wp-content\\\/uploads\\\/2021\\\/11\\\/logostjb_petit_transp.png\",\"contentUrl\":\"https:\\\/\\\/www.stjb-delasalle.fr\\\/site\\\/wp-content\\\/uploads\\\/2021\\\/11\\\/logostjb_petit_transp.png\",\"width\":180,\"height\":127,\"caption\":\"Coll\u00e8ge Saint Jean Baptiste de La Salle\"},\"image\":{\"@id\":\"https:\\\/\\\/www.stjb-delasalle.fr\\\/site\\\/#\\\/schema\\\/logo\\\/image\\\/\"}},{\"@type\":\"Person\",\"@id\":\"https:\\\/\\\/www.stjb-delasalle.fr\\\/site\\\/#\\\/schema\\\/person\\\/36988a7b4178dd69b805a25eea2b8f8f\",\"name\":\"r.zucchetti\",\"image\":{\"@type\":\"ImageObject\",\"inLanguage\":\"fr-FR\",\"@id\":\"https:\\\/\\\/secure.gravatar.com\\\/avatar\\\/de909cd474d221f967baff6582e1e559c4977b81139138190583ff7dda97b212?s=96&d=mm&r=g\",\"url\":\"https:\\\/\\\/secure.gravatar.com\\\/avatar\\\/de909cd474d221f967baff6582e1e559c4977b81139138190583ff7dda97b212?s=96&d=mm&r=g\",\"contentUrl\":\"https:\\\/\\\/secure.gravatar.com\\\/avatar\\\/de909cd474d221f967baff6582e1e559c4977b81139138190583ff7dda97b212?s=96&d=mm&r=g\",\"caption\":\"r.zucchetti\"},\"sameAs\":[\"https:\\\/\\\/www.stjb-delasalle.fr\\\/site\"],\"url\":\"https:\\\/\\\/www.stjb-delasalle.fr\\\/site\\\/author\\\/r-zucchetti\\\/\"}]}<\/script>\n<!-- \/ Yoast SEO plugin. -->","yoast_head_json":{"title":"&#x267b;&#xfe0f; Remise des prix du concours d\u00e9fi-marmiton - Coll\u00e8ge Saint Jean Baptiste de La Salle","robots":{"index":"index","follow":"follow","max-snippet":"max-snippet:-1","max-image-preview":"max-image-preview:large","max-video-preview":"max-video-preview:-1"},"canonical":"https:\/\/www.stjb-delasalle.fr\/site\/2021\/06\/25\/\u267b\ufe0f-remise-des-prix-du-concours-defi-marmiton\/","og_locale":"fr_FR","og_type":"article","og_title":"&#x267b;&#xfe0f; Remise des prix du concours d\u00e9fi-marmiton - Coll\u00e8ge Saint Jean Baptiste de La Salle","og_description":"&#x267b;&#xfe0f; Remise des prix du concours d\u00e9fi-marmiton hier en visio-conf\u00e9rence. Le jury du concours nous a attribu\u00e9 le prix \u00ab\u00a0anti-gaspi \u00bb. Les \u00e9l\u00e8ves sont repartis avec un sachet de p\u00e2tes sarthoises, une bouteille de jus de pomme p\u00e9tillant ainsi que deux maniques offertes par le conseil d\u00e9partemental.","og_url":"https:\/\/www.stjb-delasalle.fr\/site\/2021\/06\/25\/\u267b\ufe0f-remise-des-prix-du-concours-defi-marmiton\/","og_site_name":"Coll\u00e8ge Saint Jean Baptiste de La Salle","article_published_time":"2021-06-25T06:40:30+00:00","author":"r.zucchetti","twitter_card":"summary_large_image","twitter_misc":{"\u00c9crit par":"r.zucchetti"},"schema":{"@context":"https:\/\/schema.org","@graph":[{"@type":"Article","@id":"https:\/\/www.stjb-delasalle.fr\/site\/2021\/06\/25\/%e2%99%bb%ef%b8%8f-remise-des-prix-du-concours-defi-marmiton\/#article","isPartOf":{"@id":"https:\/\/www.stjb-delasalle.fr\/site\/2021\/06\/25\/%e2%99%bb%ef%b8%8f-remise-des-prix-du-concours-defi-marmiton\/"},"author":{"name":"r.zucchetti","@id":"https:\/\/www.stjb-delasalle.fr\/site\/#\/schema\/person\/36988a7b4178dd69b805a25eea2b8f8f"},"headline":"&#x267b;&#xfe0f; Remise des prix du concours d\u00e9fi-marmiton","datePublished":"2021-06-25T06:40:30+00:00","mainEntityOfPage":{"@id":"https:\/\/www.stjb-delasalle.fr\/site\/2021\/06\/25\/%e2%99%bb%ef%b8%8f-remise-des-prix-du-concours-defi-marmiton\/"},"wordCount":66,"publisher":{"@id":"https:\/\/www.stjb-delasalle.fr\/site\/#organization"},"image":{"@id":"https:\/\/www.stjb-delasalle.fr\/site\/2021\/06\/25\/%e2%99%bb%ef%b8%8f-remise-des-prix-du-concours-defi-marmiton\/#primaryimage"},"thumbnailUrl":"","articleSection":["Coll\u00e8ge"],"inLanguage":"fr-FR"},{"@type":"WebPage","@id":"https:\/\/www.stjb-delasalle.fr\/site\/2021\/06\/25\/%e2%99%bb%ef%b8%8f-remise-des-prix-du-concours-defi-marmiton\/","url":"https:\/\/www.stjb-delasalle.fr\/site\/2021\/06\/25\/%e2%99%bb%ef%b8%8f-remise-des-prix-du-concours-defi-marmiton\/","name":"&#x267b;&#xfe0f; Remise des prix du concours d\u00e9fi-marmiton - Coll\u00e8ge Saint Jean Baptiste de La Salle","isPartOf":{"@id":"https:\/\/www.stjb-delasalle.fr\/site\/#website"},"primaryImageOfPage":{"@id":"https:\/\/www.stjb-delasalle.fr\/site\/2021\/06\/25\/%e2%99%bb%ef%b8%8f-remise-des-prix-du-concours-defi-marmiton\/#primaryimage"},"image":{"@id":"https:\/\/www.stjb-delasalle.fr\/site\/2021\/06\/25\/%e2%99%bb%ef%b8%8f-remise-des-prix-du-concours-defi-marmiton\/#primaryimage"},"thumbnailUrl":"","datePublished":"2021-06-25T06:40:30+00:00","breadcrumb":{"@id":"https:\/\/www.stjb-delasalle.fr\/site\/2021\/06\/25\/%e2%99%bb%ef%b8%8f-remise-des-prix-du-concours-defi-marmiton\/#breadcrumb"},"inLanguage":"fr-FR","potentialAction":[{"@type":"ReadAction","target":["https:\/\/www.stjb-delasalle.fr\/site\/2021\/06\/25\/%e2%99%bb%ef%b8%8f-remise-des-prix-du-concours-defi-marmiton\/"]}]},{"@type":"ImageObject","inLanguage":"fr-FR","@id":"https:\/\/www.stjb-delasalle.fr\/site\/2021\/06\/25\/%e2%99%bb%ef%b8%8f-remise-des-prix-du-concours-defi-marmiton\/#primaryimage","url":"","contentUrl":""},{"@type":"BreadcrumbList","@id":"https:\/\/www.stjb-delasalle.fr\/site\/2021\/06\/25\/%e2%99%bb%ef%b8%8f-remise-des-prix-du-concours-defi-marmiton\/#breadcrumb","itemListElement":[{"@type":"ListItem","position":1,"name":"Accueil","item":"https:\/\/www.stjb-delasalle.fr\/site\/"},{"@type":"ListItem","position":2,"name":"&#x267b;&#xfe0f; Remise des prix du concours d\u00e9fi-marmiton"}]},{"@type":"WebSite","@id":"https:\/\/www.stjb-delasalle.fr\/site\/#website","url":"https:\/\/www.stjb-delasalle.fr\/site\/","name":"Coll\u00e8ge Saint Jean Baptiste de La Salle","description":"Notre coll\u00e8ge vous accueille sur le site du Rancher \u00e0 Teloch\u00e9","publisher":{"@id":"https:\/\/www.stjb-delasalle.fr\/site\/#organization"},"potentialAction":[{"@type":"SearchAction","target":{"@type":"EntryPoint","urlTemplate":"https:\/\/www.stjb-delasalle.fr\/site\/?s={search_term_string}"},"query-input":{"@type":"PropertyValueSpecification","valueRequired":true,"valueName":"search_term_string"}}],"inLanguage":"fr-FR"},{"@type":"Organization","@id":"https:\/\/www.stjb-delasalle.fr\/site\/#organization","name":"Coll\u00e8ge Saint Jean Baptiste de La Salle","url":"https:\/\/www.stjb-delasalle.fr\/site\/","logo":{"@type":"ImageObject","inLanguage":"fr-FR","@id":"https:\/\/www.stjb-delasalle.fr\/site\/#\/schema\/logo\/image\/","url":"https:\/\/www.stjb-delasalle.fr\/site\/wp-content\/uploads\/2021\/11\/logostjb_petit_transp.png","contentUrl":"https:\/\/www.stjb-delasalle.fr\/site\/wp-content\/uploads\/2021\/11\/logostjb_petit_transp.png","width":180,"height":127,"caption":"Coll\u00e8ge Saint Jean Baptiste de La Salle"},"image":{"@id":"https:\/\/www.stjb-delasalle.fr\/site\/#\/schema\/logo\/image\/"}},{"@type":"Person","@id":"https:\/\/www.stjb-delasalle.fr\/site\/#\/schema\/person\/36988a7b4178dd69b805a25eea2b8f8f","name":"r.zucchetti","image":{"@type":"ImageObject","inLanguage":"fr-FR","@id":"https:\/\/secure.gravatar.com\/avatar\/de909cd474d221f967baff6582e1e559c4977b81139138190583ff7dda97b212?s=96&d=mm&r=g","url":"https:\/\/secure.gravatar.com\/avatar\/de909cd474d221f967baff6582e1e559c4977b81139138190583ff7dda97b212?s=96&d=mm&r=g","contentUrl":"https:\/\/secure.gravatar.com\/avatar\/de909cd474d221f967baff6582e1e559c4977b81139138190583ff7dda97b212?s=96&d=mm&r=g","caption":"r.zucchetti"},"sameAs":["https:\/\/www.stjb-delasalle.fr\/site"],"url":"https:\/\/www.stjb-delasalle.fr\/site\/author\/r-zucchetti\/"}]}},"_links":{"self":[{"href":"https:\/\/www.stjb-delasalle.fr\/site\/wp-json\/wp\/v2\/posts\/8515","targetHints":{"allow":["GET"]}}],"collection":[{"href":"https:\/\/www.stjb-delasalle.fr\/site\/wp-json\/wp\/v2\/posts"}],"about":[{"href":"https:\/\/www.stjb-delasalle.fr\/site\/wp-json\/wp\/v2\/types\/post"}],"author":[{"embeddable":true,"href":"https:\/\/www.stjb-delasalle.fr\/site\/wp-json\/wp\/v2\/users\/1"}],"replies":[{"embeddable":true,"href":"https:\/\/www.stjb-delasalle.fr\/site\/wp-json\/wp\/v2\/comments?post=8515"}],"version-history":[{"count":0,"href":"https:\/\/www.stjb-delasalle.fr\/site\/wp-json\/wp\/v2\/posts\/8515\/revisions"}],"wp:featuredmedia":[{"embeddable":true,"href":"https:\/\/www.stjb-delasalle.fr\/site\/wp-json\/"}],"wp:attachment":[{"href":"https:\/\/www.stjb-delasalle.fr\/site\/wp-json\/wp\/v2\/media?parent=8515"}],"wp:term":[{"taxonomy":"category","embeddable":true,"href":"https:\/\/www.stjb-delasalle.fr\/site\/wp-json\/wp\/v2\/categories?post=8515"},{"taxonomy":"post_tag","embeddable":true,"href":"https:\/\/www.stjb-delasalle.fr\/site\/wp-json\/wp\/v2\/tags?post=8515"}],"curies":[{"name":"wp","href":"https:\/\/api.w.org\/{rel}","templated":true}]}}