{"id":8261,"date":"2021-05-26T08:28:46","date_gmt":"2021-05-26T06:28:46","guid":{"rendered":"https:\/\/www.stjb-delasalle.fr\/?p=8261"},"modified":"2021-05-26T08:28:46","modified_gmt":"2021-05-26T06:28:46","slug":"semaine-des-langues-2021-une-edition-hybride","status":"publish","type":"post","link":"https:\/\/www.stjb-delasalle.fr\/site\/2021\/05\/26\/semaine-des-langues-2021-une-edition-hybride\/","title":{"rendered":"Semaine des langues 2021, une \u00e9dition hybride !"},"content":{"rendered":"<p>La semaine des langues a eu lieu du 17 au 21 mai et a pris diff\u00e9rentes formes\u00a0: format num\u00e9rique avec les padlets pr\u00e9sentant le travail de tous les \u00e9l\u00e8ves du coll\u00e8ge (6<sup>\u00e8me<\/sup> avec le th\u00e8me de l\u2019\u00e9cole, 5<sup>\u00e8me<\/sup> avec les personnalit\u00e9s des diff\u00e9rents pays, 4<sup>\u00e8me<\/sup> avec des recettes ou des dialogues au restaurant, 3<sup>\u00e8me<\/sup> avec la d\u00e9couverte des pays o\u00f9 l\u2019on parle anglais, espagnol ou allemand) mais \u00e9galement un format grandeur nature puisque chaque journ\u00e9e a \u00e9t\u00e9 consacr\u00e9e \u00e0 une langue vivante, avec d\u00e9couverte de chaque langue dans toutes les mati\u00e8res (dans la mesure du possible\u00a0!) et d\u00e9couverte gustative avec un dessert \u00e0 la cantine.<\/p>\n<p style=\"text-align: left;\">Le lundi a \u00e9t\u00e9 consacr\u00e9 \u00e0 l\u2019espagnol avec des <strong>\u00ab natillas \u00bb<\/strong>, cr\u00e8me avec cannelle et biscuit sur le dessus.<br \/>\n<img decoding=\"async\" class=\" wp-image-8262 aligncenter\" src=\"https:\/\/www.stjb-delasalle.fr\/wp-content\/uploads\/2021\/05\/natillas.jpg\" alt=\"\" width=\"236\" height=\"132\" \/><\/p>\n<p style=\"text-align: left;\">Mardi, journ\u00e9e polonaise avec<strong> \u00ab\u00a0le szarlotka\u00a0\u00bb<\/strong> un g\u00e2teau \u00e0 base de pommes.<br \/>\n<img decoding=\"async\" class=\"wp-image-8263 aligncenter\" src=\"https:\/\/www.stjb-delasalle.fr\/wp-content\/uploads\/2021\/05\/szarlotka.jpg\" alt=\"\" width=\"246\" height=\"163\" \/><\/p>\n<p style=\"text-align: left;\">Jeudi, journ\u00e9e \u00e0 l\u2019heure anglaise avec port de l\u2019uniforme et des blasons et le fameux <strong>\u00ab\u00a0bananabread\u00a0\u00bb<\/strong> en dessert.<br \/>\n<img decoding=\"async\" class=\"wp-image-8264 aligncenter\" src=\"https:\/\/www.stjb-delasalle.fr\/wp-content\/uploads\/2021\/05\/bananabread.jpg\" alt=\"\" width=\"247\" height=\"123\" \/><\/p>\n<p style=\"text-align: left;\">Enfin, vendredi, journ\u00e9e allemande avec d\u00e9couverte de la <strong>\u00ab\u00a0Sachertorte\u00a0\u00bb<\/strong>, g\u00e2teau au chocolat avec une fine couche de confiture d\u2019abricot au centre.<br \/>\n<img loading=\"lazy\" decoding=\"async\" class=\" wp-image-8265 aligncenter\" src=\"https:\/\/www.stjb-delasalle.fr\/wp-content\/uploads\/2021\/05\/Sachertorte.jpg\" alt=\"\" width=\"215\" height=\"132\" \/><\/p>\n<p style=\"text-align: left;\">Le soleil a \u00e9t\u00e9 au rendez-vous pour cette \u00e9dition et nous a permis de faire de belles photos de nos \u00e9l\u00e8ves\u00a0!<\/p>\n<p style=\"text-align: center;\"><span style=\"color: #006ab8;\"><strong>Merci \u00e0 tous pour la participation \u00e0 cette \u00e9dition\u00a0!<\/strong><\/span><\/p>\n","protected":false},"excerpt":{"rendered":"<p>La semaine des langues a eu lieu du 17 au 21 mai et a pris diff\u00e9rentes formes\u00a0: format num\u00e9rique avec les padlets pr\u00e9sentant le travail de tous les \u00e9l\u00e8ves du coll\u00e8ge (6\u00e8me avec le th\u00e8me de l\u2019\u00e9cole, 5\u00e8me avec les personnalit\u00e9s des diff\u00e9rents pays, 4\u00e8me avec des recettes ou des dialogues au restaurant, 3\u00e8me avec [&hellip;]<\/p>\n","protected":false},"author":1,"featured_media":8266,"comment_status":"closed","ping_status":"closed","sticky":false,"template":"","format":"standard","meta":{"site-sidebar-layout":"default","site-content-layout":"","ast-site-content-layout":"default","site-content-style":"default","site-sidebar-style":"default","ast-global-header-display":"","ast-banner-title-visibility":"","ast-main-header-display":"","ast-hfb-above-header-display":"","ast-hfb-below-header-display":"","ast-hfb-mobile-header-display":"","site-post-title":"","ast-breadcrumbs-content":"","ast-featured-img":"","footer-sml-layout":"","ast-disable-related-posts":"","theme-transparent-header-meta":"","adv-header-id-meta":"","stick-header-meta":"","header-above-stick-meta":"","header-main-stick-meta":"","header-below-stick-meta":"","astra-migrate-meta-layouts":"default","ast-page-background-enabled":"default","ast-page-background-meta":{"desktop":{"background-color":"var(--ast-global-color-4)","background-image":"","background-repeat":"repeat","background-position":"center center","background-size":"auto","background-attachment":"scroll","background-type":"","background-media":"","overlay-type":"","overlay-color":"","overlay-opacity":"","overlay-gradient":""},"tablet":{"background-color":"","background-image":"","background-repeat":"repeat","background-position":"center center","background-size":"auto","background-attachment":"scroll","background-type":"","background-media":"","overlay-type":"","overlay-color":"","overlay-opacity":"","overlay-gradient":""},"mobile":{"background-color":"","background-image":"","background-repeat":"repeat","background-position":"center center","background-size":"auto","background-attachment":"scroll","background-type":"","background-media":"","overlay-type":"","overlay-color":"","overlay-opacity":"","overlay-gradient":""}},"ast-content-background-meta":{"desktop":{"background-color":"var(--ast-global-color-5)","background-image":"","background-repeat":"repeat","background-position":"center center","background-size":"auto","background-attachment":"scroll","background-type":"","background-media":"","overlay-type":"","overlay-color":"","overlay-opacity":"","overlay-gradient":""},"tablet":{"background-color":"var(--ast-global-color-5)","background-image":"","background-repeat":"repeat","background-position":"center center","background-size":"auto","background-attachment":"scroll","background-type":"","background-media":"","overlay-type":"","overlay-color":"","overlay-opacity":"","overlay-gradient":""},"mobile":{"background-color":"var(--ast-global-color-5)","background-image":"","background-repeat":"repeat","background-position":"center center","background-size":"auto","background-attachment":"scroll","background-type":"","background-media":"","overlay-type":"","overlay-color":"","overlay-opacity":"","overlay-gradient":""}},"footnotes":""},"categories":[6,33],"tags":[],"class_list":["post-8261","post","type-post","status-publish","format-standard","has-post-thumbnail","hentry","category-college","category-langues-vivantes-2020-2021"],"yoast_head":"<!-- This site is optimized with the Yoast SEO plugin v27.5 - https:\/\/yoast.com\/product\/yoast-seo-wordpress\/ -->\n<title>Semaine des langues 2021, une \u00e9dition hybride ! - Coll\u00e8ge Saint Jean Baptiste de La Salle<\/title>\n<meta name=\"robots\" content=\"index, follow, max-snippet:-1, max-image-preview:large, max-video-preview:-1\" \/>\n<link rel=\"canonical\" href=\"https:\/\/www.stjb-delasalle.fr\/site\/2021\/05\/26\/semaine-des-langues-2021-une-edition-hybride\/\" \/>\n<meta property=\"og:locale\" content=\"fr_FR\" \/>\n<meta property=\"og:type\" content=\"article\" \/>\n<meta property=\"og:title\" content=\"Semaine des langues 2021, une \u00e9dition hybride ! - Coll\u00e8ge Saint Jean Baptiste de La Salle\" \/>\n<meta property=\"og:description\" content=\"La semaine des langues a eu lieu du 17 au 21 mai et a pris diff\u00e9rentes formes\u00a0: format num\u00e9rique avec les padlets pr\u00e9sentant le travail de tous les \u00e9l\u00e8ves du coll\u00e8ge (6\u00e8me avec le th\u00e8me de l\u2019\u00e9cole, 5\u00e8me avec les personnalit\u00e9s des diff\u00e9rents pays, 4\u00e8me avec des recettes ou des dialogues au restaurant, 3\u00e8me avec [&hellip;]\" \/>\n<meta property=\"og:url\" content=\"https:\/\/www.stjb-delasalle.fr\/site\/2021\/05\/26\/semaine-des-langues-2021-une-edition-hybride\/\" \/>\n<meta property=\"og:site_name\" content=\"Coll\u00e8ge Saint Jean Baptiste de La Salle\" \/>\n<meta property=\"article:published_time\" content=\"2021-05-26T06:28:46+00:00\" \/>\n<meta name=\"author\" content=\"r.zucchetti\" \/>\n<meta name=\"twitter:card\" content=\"summary_large_image\" \/>\n<meta name=\"twitter:label1\" content=\"\u00c9crit par\" \/>\n\t<meta name=\"twitter:data1\" content=\"r.zucchetti\" \/>\n\t<meta name=\"twitter:label2\" content=\"Dur\u00e9e de lecture estim\u00e9e\" \/>\n\t<meta name=\"twitter:data2\" content=\"1 minute\" \/>\n<script type=\"application\/ld+json\" class=\"yoast-schema-graph\">{\"@context\":\"https:\\\/\\\/schema.org\",\"@graph\":[{\"@type\":\"Article\",\"@id\":\"https:\\\/\\\/www.stjb-delasalle.fr\\\/site\\\/2021\\\/05\\\/26\\\/semaine-des-langues-2021-une-edition-hybride\\\/#article\",\"isPartOf\":{\"@id\":\"https:\\\/\\\/www.stjb-delasalle.fr\\\/site\\\/2021\\\/05\\\/26\\\/semaine-des-langues-2021-une-edition-hybride\\\/\"},\"author\":{\"name\":\"r.zucchetti\",\"@id\":\"https:\\\/\\\/www.stjb-delasalle.fr\\\/site\\\/#\\\/schema\\\/person\\\/36988a7b4178dd69b805a25eea2b8f8f\"},\"headline\":\"Semaine des langues 2021, une \u00e9dition hybride !\",\"datePublished\":\"2021-05-26T06:28:46+00:00\",\"mainEntityOfPage\":{\"@id\":\"https:\\\/\\\/www.stjb-delasalle.fr\\\/site\\\/2021\\\/05\\\/26\\\/semaine-des-langues-2021-une-edition-hybride\\\/\"},\"wordCount\":229,\"publisher\":{\"@id\":\"https:\\\/\\\/www.stjb-delasalle.fr\\\/site\\\/#organization\"},\"image\":{\"@id\":\"https:\\\/\\\/www.stjb-delasalle.fr\\\/site\\\/2021\\\/05\\\/26\\\/semaine-des-langues-2021-une-edition-hybride\\\/#primaryimage\"},\"thumbnailUrl\":\"\",\"articleSection\":[\"Coll\u00e8ge\",\"Langues vivantes 2020-2021\"],\"inLanguage\":\"fr-FR\"},{\"@type\":\"WebPage\",\"@id\":\"https:\\\/\\\/www.stjb-delasalle.fr\\\/site\\\/2021\\\/05\\\/26\\\/semaine-des-langues-2021-une-edition-hybride\\\/\",\"url\":\"https:\\\/\\\/www.stjb-delasalle.fr\\\/site\\\/2021\\\/05\\\/26\\\/semaine-des-langues-2021-une-edition-hybride\\\/\",\"name\":\"Semaine des langues 2021, une \u00e9dition hybride ! - Coll\u00e8ge Saint Jean Baptiste de La Salle\",\"isPartOf\":{\"@id\":\"https:\\\/\\\/www.stjb-delasalle.fr\\\/site\\\/#website\"},\"primaryImageOfPage\":{\"@id\":\"https:\\\/\\\/www.stjb-delasalle.fr\\\/site\\\/2021\\\/05\\\/26\\\/semaine-des-langues-2021-une-edition-hybride\\\/#primaryimage\"},\"image\":{\"@id\":\"https:\\\/\\\/www.stjb-delasalle.fr\\\/site\\\/2021\\\/05\\\/26\\\/semaine-des-langues-2021-une-edition-hybride\\\/#primaryimage\"},\"thumbnailUrl\":\"\",\"datePublished\":\"2021-05-26T06:28:46+00:00\",\"breadcrumb\":{\"@id\":\"https:\\\/\\\/www.stjb-delasalle.fr\\\/site\\\/2021\\\/05\\\/26\\\/semaine-des-langues-2021-une-edition-hybride\\\/#breadcrumb\"},\"inLanguage\":\"fr-FR\",\"potentialAction\":[{\"@type\":\"ReadAction\",\"target\":[\"https:\\\/\\\/www.stjb-delasalle.fr\\\/site\\\/2021\\\/05\\\/26\\\/semaine-des-langues-2021-une-edition-hybride\\\/\"]}]},{\"@type\":\"ImageObject\",\"inLanguage\":\"fr-FR\",\"@id\":\"https:\\\/\\\/www.stjb-delasalle.fr\\\/site\\\/2021\\\/05\\\/26\\\/semaine-des-langues-2021-une-edition-hybride\\\/#primaryimage\",\"url\":\"\",\"contentUrl\":\"\"},{\"@type\":\"BreadcrumbList\",\"@id\":\"https:\\\/\\\/www.stjb-delasalle.fr\\\/site\\\/2021\\\/05\\\/26\\\/semaine-des-langues-2021-une-edition-hybride\\\/#breadcrumb\",\"itemListElement\":[{\"@type\":\"ListItem\",\"position\":1,\"name\":\"Accueil\",\"item\":\"https:\\\/\\\/www.stjb-delasalle.fr\\\/site\\\/\"},{\"@type\":\"ListItem\",\"position\":2,\"name\":\"Semaine des langues 2021, une \u00e9dition hybride !\"}]},{\"@type\":\"WebSite\",\"@id\":\"https:\\\/\\\/www.stjb-delasalle.fr\\\/site\\\/#website\",\"url\":\"https:\\\/\\\/www.stjb-delasalle.fr\\\/site\\\/\",\"name\":\"Coll\u00e8ge Saint Jean Baptiste de La Salle\",\"description\":\"Notre coll\u00e8ge vous accueille sur le site du Rancher \u00e0 Teloch\u00e9\",\"publisher\":{\"@id\":\"https:\\\/\\\/www.stjb-delasalle.fr\\\/site\\\/#organization\"},\"potentialAction\":[{\"@type\":\"SearchAction\",\"target\":{\"@type\":\"EntryPoint\",\"urlTemplate\":\"https:\\\/\\\/www.stjb-delasalle.fr\\\/site\\\/?s={search_term_string}\"},\"query-input\":{\"@type\":\"PropertyValueSpecification\",\"valueRequired\":true,\"valueName\":\"search_term_string\"}}],\"inLanguage\":\"fr-FR\"},{\"@type\":\"Organization\",\"@id\":\"https:\\\/\\\/www.stjb-delasalle.fr\\\/site\\\/#organization\",\"name\":\"Coll\u00e8ge Saint Jean Baptiste de La Salle\",\"url\":\"https:\\\/\\\/www.stjb-delasalle.fr\\\/site\\\/\",\"logo\":{\"@type\":\"ImageObject\",\"inLanguage\":\"fr-FR\",\"@id\":\"https:\\\/\\\/www.stjb-delasalle.fr\\\/site\\\/#\\\/schema\\\/logo\\\/image\\\/\",\"url\":\"https:\\\/\\\/www.stjb-delasalle.fr\\\/site\\\/wp-content\\\/uploads\\\/2021\\\/11\\\/logostjb_petit_transp.png\",\"contentUrl\":\"https:\\\/\\\/www.stjb-delasalle.fr\\\/site\\\/wp-content\\\/uploads\\\/2021\\\/11\\\/logostjb_petit_transp.png\",\"width\":180,\"height\":127,\"caption\":\"Coll\u00e8ge Saint Jean Baptiste de La Salle\"},\"image\":{\"@id\":\"https:\\\/\\\/www.stjb-delasalle.fr\\\/site\\\/#\\\/schema\\\/logo\\\/image\\\/\"}},{\"@type\":\"Person\",\"@id\":\"https:\\\/\\\/www.stjb-delasalle.fr\\\/site\\\/#\\\/schema\\\/person\\\/36988a7b4178dd69b805a25eea2b8f8f\",\"name\":\"r.zucchetti\",\"image\":{\"@type\":\"ImageObject\",\"inLanguage\":\"fr-FR\",\"@id\":\"https:\\\/\\\/secure.gravatar.com\\\/avatar\\\/de909cd474d221f967baff6582e1e559c4977b81139138190583ff7dda97b212?s=96&d=mm&r=g\",\"url\":\"https:\\\/\\\/secure.gravatar.com\\\/avatar\\\/de909cd474d221f967baff6582e1e559c4977b81139138190583ff7dda97b212?s=96&d=mm&r=g\",\"contentUrl\":\"https:\\\/\\\/secure.gravatar.com\\\/avatar\\\/de909cd474d221f967baff6582e1e559c4977b81139138190583ff7dda97b212?s=96&d=mm&r=g\",\"caption\":\"r.zucchetti\"},\"sameAs\":[\"https:\\\/\\\/www.stjb-delasalle.fr\\\/site\"],\"url\":\"https:\\\/\\\/www.stjb-delasalle.fr\\\/site\\\/author\\\/r-zucchetti\\\/\"}]}<\/script>\n<!-- \/ Yoast SEO plugin. -->","yoast_head_json":{"title":"Semaine des langues 2021, une \u00e9dition hybride ! - Coll\u00e8ge Saint Jean Baptiste de La Salle","robots":{"index":"index","follow":"follow","max-snippet":"max-snippet:-1","max-image-preview":"max-image-preview:large","max-video-preview":"max-video-preview:-1"},"canonical":"https:\/\/www.stjb-delasalle.fr\/site\/2021\/05\/26\/semaine-des-langues-2021-une-edition-hybride\/","og_locale":"fr_FR","og_type":"article","og_title":"Semaine des langues 2021, une \u00e9dition hybride ! - Coll\u00e8ge Saint Jean Baptiste de La Salle","og_description":"La semaine des langues a eu lieu du 17 au 21 mai et a pris diff\u00e9rentes formes\u00a0: format num\u00e9rique avec les padlets pr\u00e9sentant le travail de tous les \u00e9l\u00e8ves du coll\u00e8ge (6\u00e8me avec le th\u00e8me de l\u2019\u00e9cole, 5\u00e8me avec les personnalit\u00e9s des diff\u00e9rents pays, 4\u00e8me avec des recettes ou des dialogues au restaurant, 3\u00e8me avec [&hellip;]","og_url":"https:\/\/www.stjb-delasalle.fr\/site\/2021\/05\/26\/semaine-des-langues-2021-une-edition-hybride\/","og_site_name":"Coll\u00e8ge Saint Jean Baptiste de La Salle","article_published_time":"2021-05-26T06:28:46+00:00","author":"r.zucchetti","twitter_card":"summary_large_image","twitter_misc":{"\u00c9crit par":"r.zucchetti","Dur\u00e9e de lecture estim\u00e9e":"1 minute"},"schema":{"@context":"https:\/\/schema.org","@graph":[{"@type":"Article","@id":"https:\/\/www.stjb-delasalle.fr\/site\/2021\/05\/26\/semaine-des-langues-2021-une-edition-hybride\/#article","isPartOf":{"@id":"https:\/\/www.stjb-delasalle.fr\/site\/2021\/05\/26\/semaine-des-langues-2021-une-edition-hybride\/"},"author":{"name":"r.zucchetti","@id":"https:\/\/www.stjb-delasalle.fr\/site\/#\/schema\/person\/36988a7b4178dd69b805a25eea2b8f8f"},"headline":"Semaine des langues 2021, une \u00e9dition hybride !","datePublished":"2021-05-26T06:28:46+00:00","mainEntityOfPage":{"@id":"https:\/\/www.stjb-delasalle.fr\/site\/2021\/05\/26\/semaine-des-langues-2021-une-edition-hybride\/"},"wordCount":229,"publisher":{"@id":"https:\/\/www.stjb-delasalle.fr\/site\/#organization"},"image":{"@id":"https:\/\/www.stjb-delasalle.fr\/site\/2021\/05\/26\/semaine-des-langues-2021-une-edition-hybride\/#primaryimage"},"thumbnailUrl":"","articleSection":["Coll\u00e8ge","Langues vivantes 2020-2021"],"inLanguage":"fr-FR"},{"@type":"WebPage","@id":"https:\/\/www.stjb-delasalle.fr\/site\/2021\/05\/26\/semaine-des-langues-2021-une-edition-hybride\/","url":"https:\/\/www.stjb-delasalle.fr\/site\/2021\/05\/26\/semaine-des-langues-2021-une-edition-hybride\/","name":"Semaine des langues 2021, une \u00e9dition hybride ! - Coll\u00e8ge Saint Jean Baptiste de La Salle","isPartOf":{"@id":"https:\/\/www.stjb-delasalle.fr\/site\/#website"},"primaryImageOfPage":{"@id":"https:\/\/www.stjb-delasalle.fr\/site\/2021\/05\/26\/semaine-des-langues-2021-une-edition-hybride\/#primaryimage"},"image":{"@id":"https:\/\/www.stjb-delasalle.fr\/site\/2021\/05\/26\/semaine-des-langues-2021-une-edition-hybride\/#primaryimage"},"thumbnailUrl":"","datePublished":"2021-05-26T06:28:46+00:00","breadcrumb":{"@id":"https:\/\/www.stjb-delasalle.fr\/site\/2021\/05\/26\/semaine-des-langues-2021-une-edition-hybride\/#breadcrumb"},"inLanguage":"fr-FR","potentialAction":[{"@type":"ReadAction","target":["https:\/\/www.stjb-delasalle.fr\/site\/2021\/05\/26\/semaine-des-langues-2021-une-edition-hybride\/"]}]},{"@type":"ImageObject","inLanguage":"fr-FR","@id":"https:\/\/www.stjb-delasalle.fr\/site\/2021\/05\/26\/semaine-des-langues-2021-une-edition-hybride\/#primaryimage","url":"","contentUrl":""},{"@type":"BreadcrumbList","@id":"https:\/\/www.stjb-delasalle.fr\/site\/2021\/05\/26\/semaine-des-langues-2021-une-edition-hybride\/#breadcrumb","itemListElement":[{"@type":"ListItem","position":1,"name":"Accueil","item":"https:\/\/www.stjb-delasalle.fr\/site\/"},{"@type":"ListItem","position":2,"name":"Semaine des langues 2021, une \u00e9dition hybride !"}]},{"@type":"WebSite","@id":"https:\/\/www.stjb-delasalle.fr\/site\/#website","url":"https:\/\/www.stjb-delasalle.fr\/site\/","name":"Coll\u00e8ge Saint Jean Baptiste de La Salle","description":"Notre coll\u00e8ge vous accueille sur le site du Rancher \u00e0 Teloch\u00e9","publisher":{"@id":"https:\/\/www.stjb-delasalle.fr\/site\/#organization"},"potentialAction":[{"@type":"SearchAction","target":{"@type":"EntryPoint","urlTemplate":"https:\/\/www.stjb-delasalle.fr\/site\/?s={search_term_string}"},"query-input":{"@type":"PropertyValueSpecification","valueRequired":true,"valueName":"search_term_string"}}],"inLanguage":"fr-FR"},{"@type":"Organization","@id":"https:\/\/www.stjb-delasalle.fr\/site\/#organization","name":"Coll\u00e8ge Saint Jean Baptiste de La Salle","url":"https:\/\/www.stjb-delasalle.fr\/site\/","logo":{"@type":"ImageObject","inLanguage":"fr-FR","@id":"https:\/\/www.stjb-delasalle.fr\/site\/#\/schema\/logo\/image\/","url":"https:\/\/www.stjb-delasalle.fr\/site\/wp-content\/uploads\/2021\/11\/logostjb_petit_transp.png","contentUrl":"https:\/\/www.stjb-delasalle.fr\/site\/wp-content\/uploads\/2021\/11\/logostjb_petit_transp.png","width":180,"height":127,"caption":"Coll\u00e8ge Saint Jean Baptiste de La Salle"},"image":{"@id":"https:\/\/www.stjb-delasalle.fr\/site\/#\/schema\/logo\/image\/"}},{"@type":"Person","@id":"https:\/\/www.stjb-delasalle.fr\/site\/#\/schema\/person\/36988a7b4178dd69b805a25eea2b8f8f","name":"r.zucchetti","image":{"@type":"ImageObject","inLanguage":"fr-FR","@id":"https:\/\/secure.gravatar.com\/avatar\/de909cd474d221f967baff6582e1e559c4977b81139138190583ff7dda97b212?s=96&d=mm&r=g","url":"https:\/\/secure.gravatar.com\/avatar\/de909cd474d221f967baff6582e1e559c4977b81139138190583ff7dda97b212?s=96&d=mm&r=g","contentUrl":"https:\/\/secure.gravatar.com\/avatar\/de909cd474d221f967baff6582e1e559c4977b81139138190583ff7dda97b212?s=96&d=mm&r=g","caption":"r.zucchetti"},"sameAs":["https:\/\/www.stjb-delasalle.fr\/site"],"url":"https:\/\/www.stjb-delasalle.fr\/site\/author\/r-zucchetti\/"}]}},"_links":{"self":[{"href":"https:\/\/www.stjb-delasalle.fr\/site\/wp-json\/wp\/v2\/posts\/8261","targetHints":{"allow":["GET"]}}],"collection":[{"href":"https:\/\/www.stjb-delasalle.fr\/site\/wp-json\/wp\/v2\/posts"}],"about":[{"href":"https:\/\/www.stjb-delasalle.fr\/site\/wp-json\/wp\/v2\/types\/post"}],"author":[{"embeddable":true,"href":"https:\/\/www.stjb-delasalle.fr\/site\/wp-json\/wp\/v2\/users\/1"}],"replies":[{"embeddable":true,"href":"https:\/\/www.stjb-delasalle.fr\/site\/wp-json\/wp\/v2\/comments?post=8261"}],"version-history":[{"count":0,"href":"https:\/\/www.stjb-delasalle.fr\/site\/wp-json\/wp\/v2\/posts\/8261\/revisions"}],"wp:featuredmedia":[{"embeddable":true,"href":"https:\/\/www.stjb-delasalle.fr\/site\/wp-json\/"}],"wp:attachment":[{"href":"https:\/\/www.stjb-delasalle.fr\/site\/wp-json\/wp\/v2\/media?parent=8261"}],"wp:term":[{"taxonomy":"category","embeddable":true,"href":"https:\/\/www.stjb-delasalle.fr\/site\/wp-json\/wp\/v2\/categories?post=8261"},{"taxonomy":"post_tag","embeddable":true,"href":"https:\/\/www.stjb-delasalle.fr\/site\/wp-json\/wp\/v2\/tags?post=8261"}],"curies":[{"name":"wp","href":"https:\/\/api.w.org\/{rel}","templated":true}]}}