{"id":7938,"date":"2021-04-09T09:31:28","date_gmt":"2021-04-09T09:31:28","guid":{"rendered":"https:\/\/www.stjb-delasalle.fr\/?p=7938"},"modified":"2026-03-30T12:43:29","modified_gmt":"2026-03-30T12:43:29","slug":"lenergie-et-leau-dans-le-monde-2","status":"publish","type":"post","link":"https:\/\/www.stjb-delasalle.fr\/site\/2021\/04\/09\/lenergie-et-leau-dans-le-monde-2\/","title":{"rendered":"G3_Les risques industriels et technologiques"},"content":{"rendered":"<p style=\"text-align: center;\"><span style=\"color: #000000;\"><em><strong>S\u00e9quence<\/strong><\/em><\/span><\/p>\n<p style=\"text-align: center;\"><em><strong>#S\u00e9ances<\/strong> :<\/em><\/p>\n<p style=\"text-align: center;\"><em><strong>#Cours<\/strong>\u00a0: <\/em><a href=\"https:\/\/www.stjb-delasalle.fr\/site\/wp-content\/uploads\/2021\/04\/plut-guyet_5e_geo_risques2.pdf\" target=\"_blank\" rel=\"noopener\">plut guyet_5e_g\u00e9o_risques_cours<\/a><\/p>\n<p style=\"text-align: center;\"><em><strong>#Fiches de travail<\/strong> : <\/em><a href=\"https:\/\/www.stjb-delasalle.fr\/wp-content\/uploads\/2021\/04\/G03.2-les-risques_fiches_version-conf.pdf\" target=\"_blank\" rel=\"noopener noreferrer\">plut guyet_5e_g\u00e9o_risques_fiches<\/a><em><br \/>\n<\/em><\/p>\n<p style=\"text-align: center;\"><em><strong>#Vid\u00e9os<\/strong> : <\/em><\/p>\n<p style=\"text-align: center;\">Il y a dix ans, le 11 mars 2011, au Japon, un s\u00e9isme d&rsquo;une magnitude de 9,1 provoquait un tsunami \u00e0 l&rsquo;origine de la catastrophe nucl\u00e9aire de Fukushima.<\/p>\n<ul>\n<li style=\"text-align: center;\">Fran\u00e7ois-Xavier M\u00e9nage \u00e9tait \u00e0 l&rsquo;\u00e9poque envoy\u00e9 sp\u00e9cial pour BFM et avait couvert la catastrophe. Retrouvez son t\u00e9moignage dans la vid\u00e9o ci-apr\u00e8s.<\/li>\n<\/ul>\n<p style=\"text-align: center;\"><a href=\"https:\/\/www.france.tv\/france-5\/c-a-vous\/c-a-vous-saison-12\/2344057-francois-xavier-menage-reporter-hante-par-fukushima.html\" target=\"_blank\" rel=\"noopener noreferrer\">https:\/\/www.france.tv\/france-5\/c-a-vous\/c-a-vous-saison-12\/2344057-francois-xavier-menage-reporter-hante-par-fukushima.html<\/a><\/p>\n<ul>\n<li style=\"text-align: center;\">Le tsunami vu d&rsquo;un balcon. Regarder de 5:50 \u00e0 8:00 (dur\u00e9e totale 14:49).<\/li>\n<\/ul>\n<p><iframe title=\"YouTube video player\" src=\"https:\/\/www.youtube.com\/embed\/41VgOZb-9aY\" width=\"560\" height=\"315\" frameborder=\"0\" allowfullscreen=\"allowfullscreen\"><\/iframe><\/p>\n<ul>\n<li style=\"text-align: center;\">Fukushima : r\u00e9cit d&rsquo;une catastrophe (dure\u00e9 totale 2:00).<\/li>\n<\/ul>\n<p>&nbsp;<\/p>\n<div style=\"width: 640px;\" class=\"wp-video\"><video class=\"wp-video-shortcode\" id=\"video-7938-1\" width=\"640\" height=\"360\" preload=\"metadata\" controls=\"controls\"><source type=\"video\/mp4\" src=\"https:\/\/www.stjb-delasalle.fr\/wp-content\/uploads\/2021\/04\/Fukushima-recit-dune-catastrophe-nucleaire.mp4?_=1\" \/><a href=\"https:\/\/www.stjb-delasalle.fr\/wp-content\/uploads\/2021\/04\/Fukushima-recit-dune-catastrophe-nucleaire.mp4\">https:\/\/www.stjb-delasalle.fr\/wp-content\/uploads\/2021\/04\/Fukushima-recit-dune-catastrophe-nucleaire.mp4<\/a><\/video><\/div>\n","protected":false},"excerpt":{"rendered":"<p>S\u00e9quence #S\u00e9ances : #Cours\u00a0: plut guyet_5e_g\u00e9o_risques_cours #Fiches de travail : plut guyet_5e_g\u00e9o_risques_fiches #Vid\u00e9os : Il y a dix ans, le 11 mars 2011, au Japon, un s\u00e9isme d&rsquo;une magnitude de 9,1 provoquait un tsunami \u00e0 l&rsquo;origine de la catastrophe nucl\u00e9aire de Fukushima. Fran\u00e7ois-Xavier M\u00e9nage \u00e9tait \u00e0 l&rsquo;\u00e9poque envoy\u00e9 sp\u00e9cial pour BFM et avait couvert la [&hellip;]<\/p>\n","protected":false},"author":2,"featured_media":10601,"comment_status":"closed","ping_status":"closed","sticky":false,"template":"","format":"standard","meta":{"site-sidebar-layout":"default","site-content-layout":"default","ast-site-content-layout":"default","site-content-style":"default","site-sidebar-style":"default","ast-global-header-display":"","ast-banner-title-visibility":"","ast-main-header-display":"","ast-hfb-above-header-display":"","ast-hfb-below-header-display":"","ast-hfb-mobile-header-display":"","site-post-title":"","ast-breadcrumbs-content":"","ast-featured-img":"","footer-sml-layout":"","ast-disable-related-posts":"","theme-transparent-header-meta":"default","adv-header-id-meta":"","stick-header-meta":"","header-above-stick-meta":"","header-main-stick-meta":"","header-below-stick-meta":"","astra-migrate-meta-layouts":"set","ast-page-background-enabled":"default","ast-page-background-meta":{"desktop":{"background-color":"var(--ast-global-color-4)","background-image":"","background-repeat":"repeat","background-position":"center center","background-size":"auto","background-attachment":"scroll","background-type":"","background-media":"","overlay-type":"","overlay-color":"","overlay-opacity":"","overlay-gradient":""},"tablet":{"background-color":"","background-image":"","background-repeat":"repeat","background-position":"center center","background-size":"auto","background-attachment":"scroll","background-type":"","background-media":"","overlay-type":"","overlay-color":"","overlay-opacity":"","overlay-gradient":""},"mobile":{"background-color":"","background-image":"","background-repeat":"repeat","background-position":"center center","background-size":"auto","background-attachment":"scroll","background-type":"","background-media":"","overlay-type":"","overlay-color":"","overlay-opacity":"","overlay-gradient":""}},"ast-content-background-meta":{"desktop":{"background-color":"var(--ast-global-color-5)","background-image":"","background-repeat":"repeat","background-position":"center center","background-size":"auto","background-attachment":"scroll","background-type":"","background-media":"","overlay-type":"","overlay-color":"","overlay-opacity":"","overlay-gradient":""},"tablet":{"background-color":"var(--ast-global-color-5)","background-image":"","background-repeat":"repeat","background-position":"center center","background-size":"auto","background-attachment":"scroll","background-type":"","background-media":"","overlay-type":"","overlay-color":"","overlay-opacity":"","overlay-gradient":""},"mobile":{"background-color":"var(--ast-global-color-5)","background-image":"","background-repeat":"repeat","background-position":"center center","background-size":"auto","background-attachment":"scroll","background-type":"","background-media":"","overlay-type":"","overlay-color":"","overlay-opacity":"","overlay-gradient":""}},"footnotes":""},"categories":[17,18],"tags":[],"class_list":["post-7938","post","type-post","status-publish","format-standard","has-post-thumbnail","hentry","category-5-hg","category-5e-hg-emc-attente"],"yoast_head":"<!-- This site is optimized with the Yoast SEO plugin v27.5 - https:\/\/yoast.com\/product\/yoast-seo-wordpress\/ -->\n<title>G3_Les risques industriels et technologiques - Coll\u00e8ge Saint Jean Baptiste de La Salle<\/title>\n<meta name=\"robots\" content=\"index, follow, max-snippet:-1, max-image-preview:large, max-video-preview:-1\" \/>\n<link rel=\"canonical\" href=\"https:\/\/www.stjb-delasalle.fr\/site\/2021\/04\/09\/lenergie-et-leau-dans-le-monde-2\/\" \/>\n<meta property=\"og:locale\" content=\"fr_FR\" \/>\n<meta property=\"og:type\" content=\"article\" \/>\n<meta property=\"og:title\" content=\"G3_Les risques industriels et technologiques - Coll\u00e8ge Saint Jean Baptiste de La Salle\" \/>\n<meta property=\"og:description\" content=\"S\u00e9quence #S\u00e9ances : #Cours\u00a0: plut guyet_5e_g\u00e9o_risques_cours #Fiches de travail : plut guyet_5e_g\u00e9o_risques_fiches #Vid\u00e9os : Il y a dix ans, le 11 mars 2011, au Japon, un s\u00e9isme d&rsquo;une magnitude de 9,1 provoquait un tsunami \u00e0 l&rsquo;origine de la catastrophe nucl\u00e9aire de Fukushima. Fran\u00e7ois-Xavier M\u00e9nage \u00e9tait \u00e0 l&rsquo;\u00e9poque envoy\u00e9 sp\u00e9cial pour BFM et avait couvert la [&hellip;]\" \/>\n<meta property=\"og:url\" content=\"https:\/\/www.stjb-delasalle.fr\/site\/2021\/04\/09\/lenergie-et-leau-dans-le-monde-2\/\" \/>\n<meta property=\"og:site_name\" content=\"Coll\u00e8ge Saint Jean Baptiste de La Salle\" \/>\n<meta property=\"article:published_time\" content=\"2021-04-09T09:31:28+00:00\" \/>\n<meta property=\"article:modified_time\" content=\"2026-03-30T12:43:29+00:00\" \/>\n<meta property=\"og:image\" content=\"https:\/\/www.stjb-delasalle.fr\/site\/wp-content\/uploads\/2021\/04\/image-blog.jpg\" \/>\n\t<meta property=\"og:image:width\" content=\"438\" \/>\n\t<meta property=\"og:image:height\" content=\"200\" \/>\n\t<meta property=\"og:image:type\" content=\"image\/jpeg\" \/>\n<meta name=\"author\" content=\"c.guyet\" \/>\n<meta name=\"twitter:card\" content=\"summary_large_image\" \/>\n<meta name=\"twitter:label1\" content=\"\u00c9crit par\" \/>\n\t<meta name=\"twitter:data1\" content=\"c.guyet\" \/>\n\t<meta name=\"twitter:label2\" content=\"Dur\u00e9e de lecture estim\u00e9e\" \/>\n\t<meta name=\"twitter:data2\" content=\"1 minute\" \/>\n<script type=\"application\/ld+json\" class=\"yoast-schema-graph\">{\"@context\":\"https:\\\/\\\/schema.org\",\"@graph\":[{\"@type\":\"Article\",\"@id\":\"https:\\\/\\\/www.stjb-delasalle.fr\\\/site\\\/2021\\\/04\\\/09\\\/lenergie-et-leau-dans-le-monde-2\\\/#article\",\"isPartOf\":{\"@id\":\"https:\\\/\\\/www.stjb-delasalle.fr\\\/site\\\/2021\\\/04\\\/09\\\/lenergie-et-leau-dans-le-monde-2\\\/\"},\"author\":{\"name\":\"c.guyet\",\"@id\":\"https:\\\/\\\/www.stjb-delasalle.fr\\\/site\\\/#\\\/schema\\\/person\\\/c6bc729d0bf9f8313aad8e0f2022e769\"},\"headline\":\"G3_Les risques industriels et technologiques\",\"datePublished\":\"2021-04-09T09:31:28+00:00\",\"dateModified\":\"2026-03-30T12:43:29+00:00\",\"mainEntityOfPage\":{\"@id\":\"https:\\\/\\\/www.stjb-delasalle.fr\\\/site\\\/2021\\\/04\\\/09\\\/lenergie-et-leau-dans-le-monde-2\\\/\"},\"wordCount\":123,\"publisher\":{\"@id\":\"https:\\\/\\\/www.stjb-delasalle.fr\\\/site\\\/#organization\"},\"image\":{\"@id\":\"https:\\\/\\\/www.stjb-delasalle.fr\\\/site\\\/2021\\\/04\\\/09\\\/lenergie-et-leau-dans-le-monde-2\\\/#primaryimage\"},\"thumbnailUrl\":\"https:\\\/\\\/www.stjb-delasalle.fr\\\/site\\\/wp-content\\\/uploads\\\/2021\\\/04\\\/image-blog.jpg\",\"articleSection\":[\"5e HG-EMC\",\"5e HG-EMC - Attente\"],\"inLanguage\":\"fr-FR\"},{\"@type\":\"WebPage\",\"@id\":\"https:\\\/\\\/www.stjb-delasalle.fr\\\/site\\\/2021\\\/04\\\/09\\\/lenergie-et-leau-dans-le-monde-2\\\/\",\"url\":\"https:\\\/\\\/www.stjb-delasalle.fr\\\/site\\\/2021\\\/04\\\/09\\\/lenergie-et-leau-dans-le-monde-2\\\/\",\"name\":\"G3_Les risques industriels et technologiques - Coll\u00e8ge Saint Jean Baptiste de La Salle\",\"isPartOf\":{\"@id\":\"https:\\\/\\\/www.stjb-delasalle.fr\\\/site\\\/#website\"},\"primaryImageOfPage\":{\"@id\":\"https:\\\/\\\/www.stjb-delasalle.fr\\\/site\\\/2021\\\/04\\\/09\\\/lenergie-et-leau-dans-le-monde-2\\\/#primaryimage\"},\"image\":{\"@id\":\"https:\\\/\\\/www.stjb-delasalle.fr\\\/site\\\/2021\\\/04\\\/09\\\/lenergie-et-leau-dans-le-monde-2\\\/#primaryimage\"},\"thumbnailUrl\":\"https:\\\/\\\/www.stjb-delasalle.fr\\\/site\\\/wp-content\\\/uploads\\\/2021\\\/04\\\/image-blog.jpg\",\"datePublished\":\"2021-04-09T09:31:28+00:00\",\"dateModified\":\"2026-03-30T12:43:29+00:00\",\"breadcrumb\":{\"@id\":\"https:\\\/\\\/www.stjb-delasalle.fr\\\/site\\\/2021\\\/04\\\/09\\\/lenergie-et-leau-dans-le-monde-2\\\/#breadcrumb\"},\"inLanguage\":\"fr-FR\",\"potentialAction\":[{\"@type\":\"ReadAction\",\"target\":[\"https:\\\/\\\/www.stjb-delasalle.fr\\\/site\\\/2021\\\/04\\\/09\\\/lenergie-et-leau-dans-le-monde-2\\\/\"]}]},{\"@type\":\"ImageObject\",\"inLanguage\":\"fr-FR\",\"@id\":\"https:\\\/\\\/www.stjb-delasalle.fr\\\/site\\\/2021\\\/04\\\/09\\\/lenergie-et-leau-dans-le-monde-2\\\/#primaryimage\",\"url\":\"https:\\\/\\\/www.stjb-delasalle.fr\\\/site\\\/wp-content\\\/uploads\\\/2021\\\/04\\\/image-blog.jpg\",\"contentUrl\":\"https:\\\/\\\/www.stjb-delasalle.fr\\\/site\\\/wp-content\\\/uploads\\\/2021\\\/04\\\/image-blog.jpg\",\"width\":438,\"height\":200},{\"@type\":\"BreadcrumbList\",\"@id\":\"https:\\\/\\\/www.stjb-delasalle.fr\\\/site\\\/2021\\\/04\\\/09\\\/lenergie-et-leau-dans-le-monde-2\\\/#breadcrumb\",\"itemListElement\":[{\"@type\":\"ListItem\",\"position\":1,\"name\":\"Accueil\",\"item\":\"https:\\\/\\\/www.stjb-delasalle.fr\\\/site\\\/\"},{\"@type\":\"ListItem\",\"position\":2,\"name\":\"G3_Les risques industriels et technologiques\"}]},{\"@type\":\"WebSite\",\"@id\":\"https:\\\/\\\/www.stjb-delasalle.fr\\\/site\\\/#website\",\"url\":\"https:\\\/\\\/www.stjb-delasalle.fr\\\/site\\\/\",\"name\":\"Coll\u00e8ge Saint Jean Baptiste de La Salle\",\"description\":\"Notre coll\u00e8ge vous accueille sur le site du Rancher \u00e0 Teloch\u00e9\",\"publisher\":{\"@id\":\"https:\\\/\\\/www.stjb-delasalle.fr\\\/site\\\/#organization\"},\"potentialAction\":[{\"@type\":\"SearchAction\",\"target\":{\"@type\":\"EntryPoint\",\"urlTemplate\":\"https:\\\/\\\/www.stjb-delasalle.fr\\\/site\\\/?s={search_term_string}\"},\"query-input\":{\"@type\":\"PropertyValueSpecification\",\"valueRequired\":true,\"valueName\":\"search_term_string\"}}],\"inLanguage\":\"fr-FR\"},{\"@type\":\"Organization\",\"@id\":\"https:\\\/\\\/www.stjb-delasalle.fr\\\/site\\\/#organization\",\"name\":\"Coll\u00e8ge Saint Jean Baptiste de La Salle\",\"url\":\"https:\\\/\\\/www.stjb-delasalle.fr\\\/site\\\/\",\"logo\":{\"@type\":\"ImageObject\",\"inLanguage\":\"fr-FR\",\"@id\":\"https:\\\/\\\/www.stjb-delasalle.fr\\\/site\\\/#\\\/schema\\\/logo\\\/image\\\/\",\"url\":\"https:\\\/\\\/www.stjb-delasalle.fr\\\/site\\\/wp-content\\\/uploads\\\/2021\\\/11\\\/logostjb_petit_transp.png\",\"contentUrl\":\"https:\\\/\\\/www.stjb-delasalle.fr\\\/site\\\/wp-content\\\/uploads\\\/2021\\\/11\\\/logostjb_petit_transp.png\",\"width\":180,\"height\":127,\"caption\":\"Coll\u00e8ge Saint Jean Baptiste de La Salle\"},\"image\":{\"@id\":\"https:\\\/\\\/www.stjb-delasalle.fr\\\/site\\\/#\\\/schema\\\/logo\\\/image\\\/\"}},{\"@type\":\"Person\",\"@id\":\"https:\\\/\\\/www.stjb-delasalle.fr\\\/site\\\/#\\\/schema\\\/person\\\/c6bc729d0bf9f8313aad8e0f2022e769\",\"name\":\"c.guyet\",\"image\":{\"@type\":\"ImageObject\",\"inLanguage\":\"fr-FR\",\"@id\":\"https:\\\/\\\/secure.gravatar.com\\\/avatar\\\/98285b9b7d516bd7548b85ee36dad7b7a74a5a4df2ae5710a3e58b2b841205fc?s=96&d=mm&r=g\",\"url\":\"https:\\\/\\\/secure.gravatar.com\\\/avatar\\\/98285b9b7d516bd7548b85ee36dad7b7a74a5a4df2ae5710a3e58b2b841205fc?s=96&d=mm&r=g\",\"contentUrl\":\"https:\\\/\\\/secure.gravatar.com\\\/avatar\\\/98285b9b7d516bd7548b85ee36dad7b7a74a5a4df2ae5710a3e58b2b841205fc?s=96&d=mm&r=g\",\"caption\":\"c.guyet\"},\"url\":\"https:\\\/\\\/www.stjb-delasalle.fr\\\/site\\\/author\\\/c-guyet\\\/\"}]}<\/script>\n<!-- \/ Yoast SEO plugin. -->","yoast_head_json":{"title":"G3_Les risques industriels et technologiques - Coll\u00e8ge Saint Jean Baptiste de La Salle","robots":{"index":"index","follow":"follow","max-snippet":"max-snippet:-1","max-image-preview":"max-image-preview:large","max-video-preview":"max-video-preview:-1"},"canonical":"https:\/\/www.stjb-delasalle.fr\/site\/2021\/04\/09\/lenergie-et-leau-dans-le-monde-2\/","og_locale":"fr_FR","og_type":"article","og_title":"G3_Les risques industriels et technologiques - Coll\u00e8ge Saint Jean Baptiste de La Salle","og_description":"S\u00e9quence #S\u00e9ances : #Cours\u00a0: plut guyet_5e_g\u00e9o_risques_cours #Fiches de travail : plut guyet_5e_g\u00e9o_risques_fiches #Vid\u00e9os : Il y a dix ans, le 11 mars 2011, au Japon, un s\u00e9isme d&rsquo;une magnitude de 9,1 provoquait un tsunami \u00e0 l&rsquo;origine de la catastrophe nucl\u00e9aire de Fukushima. Fran\u00e7ois-Xavier M\u00e9nage \u00e9tait \u00e0 l&rsquo;\u00e9poque envoy\u00e9 sp\u00e9cial pour BFM et avait couvert la [&hellip;]","og_url":"https:\/\/www.stjb-delasalle.fr\/site\/2021\/04\/09\/lenergie-et-leau-dans-le-monde-2\/","og_site_name":"Coll\u00e8ge Saint Jean Baptiste de La Salle","article_published_time":"2021-04-09T09:31:28+00:00","article_modified_time":"2026-03-30T12:43:29+00:00","og_image":[{"width":438,"height":200,"url":"https:\/\/www.stjb-delasalle.fr\/site\/wp-content\/uploads\/2021\/04\/image-blog.jpg","type":"image\/jpeg"}],"author":"c.guyet","twitter_card":"summary_large_image","twitter_misc":{"\u00c9crit par":"c.guyet","Dur\u00e9e de lecture estim\u00e9e":"1 minute"},"schema":{"@context":"https:\/\/schema.org","@graph":[{"@type":"Article","@id":"https:\/\/www.stjb-delasalle.fr\/site\/2021\/04\/09\/lenergie-et-leau-dans-le-monde-2\/#article","isPartOf":{"@id":"https:\/\/www.stjb-delasalle.fr\/site\/2021\/04\/09\/lenergie-et-leau-dans-le-monde-2\/"},"author":{"name":"c.guyet","@id":"https:\/\/www.stjb-delasalle.fr\/site\/#\/schema\/person\/c6bc729d0bf9f8313aad8e0f2022e769"},"headline":"G3_Les risques industriels et technologiques","datePublished":"2021-04-09T09:31:28+00:00","dateModified":"2026-03-30T12:43:29+00:00","mainEntityOfPage":{"@id":"https:\/\/www.stjb-delasalle.fr\/site\/2021\/04\/09\/lenergie-et-leau-dans-le-monde-2\/"},"wordCount":123,"publisher":{"@id":"https:\/\/www.stjb-delasalle.fr\/site\/#organization"},"image":{"@id":"https:\/\/www.stjb-delasalle.fr\/site\/2021\/04\/09\/lenergie-et-leau-dans-le-monde-2\/#primaryimage"},"thumbnailUrl":"https:\/\/www.stjb-delasalle.fr\/site\/wp-content\/uploads\/2021\/04\/image-blog.jpg","articleSection":["5e HG-EMC","5e HG-EMC - Attente"],"inLanguage":"fr-FR"},{"@type":"WebPage","@id":"https:\/\/www.stjb-delasalle.fr\/site\/2021\/04\/09\/lenergie-et-leau-dans-le-monde-2\/","url":"https:\/\/www.stjb-delasalle.fr\/site\/2021\/04\/09\/lenergie-et-leau-dans-le-monde-2\/","name":"G3_Les risques industriels et technologiques - Coll\u00e8ge Saint Jean Baptiste de La Salle","isPartOf":{"@id":"https:\/\/www.stjb-delasalle.fr\/site\/#website"},"primaryImageOfPage":{"@id":"https:\/\/www.stjb-delasalle.fr\/site\/2021\/04\/09\/lenergie-et-leau-dans-le-monde-2\/#primaryimage"},"image":{"@id":"https:\/\/www.stjb-delasalle.fr\/site\/2021\/04\/09\/lenergie-et-leau-dans-le-monde-2\/#primaryimage"},"thumbnailUrl":"https:\/\/www.stjb-delasalle.fr\/site\/wp-content\/uploads\/2021\/04\/image-blog.jpg","datePublished":"2021-04-09T09:31:28+00:00","dateModified":"2026-03-30T12:43:29+00:00","breadcrumb":{"@id":"https:\/\/www.stjb-delasalle.fr\/site\/2021\/04\/09\/lenergie-et-leau-dans-le-monde-2\/#breadcrumb"},"inLanguage":"fr-FR","potentialAction":[{"@type":"ReadAction","target":["https:\/\/www.stjb-delasalle.fr\/site\/2021\/04\/09\/lenergie-et-leau-dans-le-monde-2\/"]}]},{"@type":"ImageObject","inLanguage":"fr-FR","@id":"https:\/\/www.stjb-delasalle.fr\/site\/2021\/04\/09\/lenergie-et-leau-dans-le-monde-2\/#primaryimage","url":"https:\/\/www.stjb-delasalle.fr\/site\/wp-content\/uploads\/2021\/04\/image-blog.jpg","contentUrl":"https:\/\/www.stjb-delasalle.fr\/site\/wp-content\/uploads\/2021\/04\/image-blog.jpg","width":438,"height":200},{"@type":"BreadcrumbList","@id":"https:\/\/www.stjb-delasalle.fr\/site\/2021\/04\/09\/lenergie-et-leau-dans-le-monde-2\/#breadcrumb","itemListElement":[{"@type":"ListItem","position":1,"name":"Accueil","item":"https:\/\/www.stjb-delasalle.fr\/site\/"},{"@type":"ListItem","position":2,"name":"G3_Les risques industriels et technologiques"}]},{"@type":"WebSite","@id":"https:\/\/www.stjb-delasalle.fr\/site\/#website","url":"https:\/\/www.stjb-delasalle.fr\/site\/","name":"Coll\u00e8ge Saint Jean Baptiste de La Salle","description":"Notre coll\u00e8ge vous accueille sur le site du Rancher \u00e0 Teloch\u00e9","publisher":{"@id":"https:\/\/www.stjb-delasalle.fr\/site\/#organization"},"potentialAction":[{"@type":"SearchAction","target":{"@type":"EntryPoint","urlTemplate":"https:\/\/www.stjb-delasalle.fr\/site\/?s={search_term_string}"},"query-input":{"@type":"PropertyValueSpecification","valueRequired":true,"valueName":"search_term_string"}}],"inLanguage":"fr-FR"},{"@type":"Organization","@id":"https:\/\/www.stjb-delasalle.fr\/site\/#organization","name":"Coll\u00e8ge Saint Jean Baptiste de La Salle","url":"https:\/\/www.stjb-delasalle.fr\/site\/","logo":{"@type":"ImageObject","inLanguage":"fr-FR","@id":"https:\/\/www.stjb-delasalle.fr\/site\/#\/schema\/logo\/image\/","url":"https:\/\/www.stjb-delasalle.fr\/site\/wp-content\/uploads\/2021\/11\/logostjb_petit_transp.png","contentUrl":"https:\/\/www.stjb-delasalle.fr\/site\/wp-content\/uploads\/2021\/11\/logostjb_petit_transp.png","width":180,"height":127,"caption":"Coll\u00e8ge Saint Jean Baptiste de La Salle"},"image":{"@id":"https:\/\/www.stjb-delasalle.fr\/site\/#\/schema\/logo\/image\/"}},{"@type":"Person","@id":"https:\/\/www.stjb-delasalle.fr\/site\/#\/schema\/person\/c6bc729d0bf9f8313aad8e0f2022e769","name":"c.guyet","image":{"@type":"ImageObject","inLanguage":"fr-FR","@id":"https:\/\/secure.gravatar.com\/avatar\/98285b9b7d516bd7548b85ee36dad7b7a74a5a4df2ae5710a3e58b2b841205fc?s=96&d=mm&r=g","url":"https:\/\/secure.gravatar.com\/avatar\/98285b9b7d516bd7548b85ee36dad7b7a74a5a4df2ae5710a3e58b2b841205fc?s=96&d=mm&r=g","contentUrl":"https:\/\/secure.gravatar.com\/avatar\/98285b9b7d516bd7548b85ee36dad7b7a74a5a4df2ae5710a3e58b2b841205fc?s=96&d=mm&r=g","caption":"c.guyet"},"url":"https:\/\/www.stjb-delasalle.fr\/site\/author\/c-guyet\/"}]}},"_links":{"self":[{"href":"https:\/\/www.stjb-delasalle.fr\/site\/wp-json\/wp\/v2\/posts\/7938","targetHints":{"allow":["GET"]}}],"collection":[{"href":"https:\/\/www.stjb-delasalle.fr\/site\/wp-json\/wp\/v2\/posts"}],"about":[{"href":"https:\/\/www.stjb-delasalle.fr\/site\/wp-json\/wp\/v2\/types\/post"}],"author":[{"embeddable":true,"href":"https:\/\/www.stjb-delasalle.fr\/site\/wp-json\/wp\/v2\/users\/2"}],"replies":[{"embeddable":true,"href":"https:\/\/www.stjb-delasalle.fr\/site\/wp-json\/wp\/v2\/comments?post=7938"}],"version-history":[{"count":4,"href":"https:\/\/www.stjb-delasalle.fr\/site\/wp-json\/wp\/v2\/posts\/7938\/revisions"}],"predecessor-version":[{"id":12822,"href":"https:\/\/www.stjb-delasalle.fr\/site\/wp-json\/wp\/v2\/posts\/7938\/revisions\/12822"}],"wp:featuredmedia":[{"embeddable":true,"href":"https:\/\/www.stjb-delasalle.fr\/site\/wp-json\/wp\/v2\/media\/10601"}],"wp:attachment":[{"href":"https:\/\/www.stjb-delasalle.fr\/site\/wp-json\/wp\/v2\/media?parent=7938"}],"wp:term":[{"taxonomy":"category","embeddable":true,"href":"https:\/\/www.stjb-delasalle.fr\/site\/wp-json\/wp\/v2\/categories?post=7938"},{"taxonomy":"post_tag","embeddable":true,"href":"https:\/\/www.stjb-delasalle.fr\/site\/wp-json\/wp\/v2\/tags?post=7938"}],"curies":[{"name":"wp","href":"https:\/\/api.w.org\/{rel}","templated":true}]}}