{"id":7880,"date":"2021-03-30T14:53:55","date_gmt":"2021-03-30T14:53:55","guid":{"rendered":"https:\/\/www.stjb-delasalle.fr\/?p=7880"},"modified":"2025-06-18T08:19:49","modified_gmt":"2025-06-18T08:19:49","slug":"les-metropoles-et-leurs-habitants-2","status":"publish","type":"post","link":"https:\/\/www.stjb-delasalle.fr\/site\/2021\/03\/30\/les-metropoles-et-leurs-habitants-2\/","title":{"rendered":"G4_La ville de demain"},"content":{"rendered":"<p style=\"text-align: center; padding-left: 40px;\"><span style=\"color: #000000;\"><em><strong>S\u00e9quence<\/strong><\/em><\/span><\/p>\n<p style=\"text-align: center;\"><em><strong>#S\u00e9ances<\/strong><\/em> : <a href=\"https:\/\/www.stjb-delasalle.fr\/site\/wp-content\/uploads\/2021\/03\/plut-guyet_6e_geo_ville-demain_diapo-2.pdf\" target=\"_blank\" rel=\"noopener\">plut guyet_6e_g\u00e9o_ville<\/a><a href=\"https:\/\/www.stjb-delasalle.fr\/site\/wp-content\/uploads\/2021\/03\/plut-guyet_6e_geo_ville-demain_diapo-2.pdf\"> demain_diapo<\/a><\/p>\n<p style=\"text-align: center;\"><em><strong>#Fiches<\/strong> <\/em>: <a href=\"https:\/\/www.stjb-delasalle.fr\/site\/wp-content\/uploads\/2021\/03\/plut-guyet_6e_geo_ville-demain_fiches-2.pdf\" target=\"_blank\" rel=\"noopener\">plut guyet_6e_g\u00e9o_ville demain_fiches<\/a><\/p>\n<p style=\"text-align: center;\"><em><strong>#Vid\u00e9os<\/strong> : <\/em><\/p>\n<ul>\n<li>Le projet Dragonfly (dur\u00e9e 2:35)<\/li>\n<\/ul>\n<div style=\"width: 640px;\" class=\"wp-video\"><video class=\"wp-video-shortcode\" id=\"video-7880-1\" width=\"640\" height=\"360\" preload=\"metadata\" controls=\"controls\"><source type=\"video\/mp4\" src=\"https:\/\/www.stjb-delasalle.fr\/site\/wp-content\/uploads\/2021\/03\/Une-ferme-urbaine-futuriste-Le-projet-Dragonfly.mp4?_=1\" \/><a href=\"https:\/\/www.stjb-delasalle.fr\/site\/wp-content\/uploads\/2021\/03\/Une-ferme-urbaine-futuriste-Le-projet-Dragonfly.mp4\">https:\/\/www.stjb-delasalle.fr\/site\/wp-content\/uploads\/2021\/03\/Une-ferme-urbaine-futuriste-Le-projet-Dragonfly.mp4<\/a><\/video><\/div>\n<p><em>\u00a0<\/em><\/p>\n<ul>\n<li>The Vessel et la High Line (dur\u00e9e : 5:21)<\/li>\n<\/ul>\n<p><iframe title=\"YouTube video player\" src=\"https:\/\/www.youtube.com\/embed\/kbDt89LeU7M\" width=\"560\" height=\"315\" frameborder=\"0\" allowfullscreen=\"allowfullscreen\"><\/iframe><\/p>\n<p style=\"text-align: center;\"><em><strong>#Liens hypertextes<\/strong> : <\/em><\/p>\n<p style=\"text-align: center;\">Retrouvez diff\u00e9rents projets de l\u2019architecte Vincent Callebaud sur son site <a href=\"https:\/\/vincent.callebaut.org\/category\/projects\/\" target=\"_blank\" rel=\"noopener\">https:\/\/vincent.callebaut.org\/category\/projects\/<\/a><\/p>\n<p>Audio :<\/p>\n<p>Video :<\/p>\n<div style=\"width: 640px;\" class=\"wp-video\"><video class=\"wp-video-shortcode\" id=\"video-7880-2\" width=\"640\" height=\"360\" preload=\"metadata\" controls=\"controls\"><source type=\"video\/mp4\" src=\"https:\/\/www.stjb-delasalle.fr\/site\/wp-content\/uploads\/2021\/03\/La-ville-de-demain-Lilypad-une-ville-flottante.mp4?_=2\" \/><a href=\"https:\/\/www.stjb-delasalle.fr\/site\/wp-content\/uploads\/2021\/03\/La-ville-de-demain-Lilypad-une-ville-flottante.mp4\">https:\/\/www.stjb-delasalle.fr\/site\/wp-content\/uploads\/2021\/03\/La-ville-de-demain-Lilypad-une-ville-flottante.mp4<\/a><\/video><\/div>\n<p>&nbsp;<\/p>\n","protected":false},"excerpt":{"rendered":"<p>S\u00e9quence #S\u00e9ances : plut guyet_6e_g\u00e9o_ville demain_diapo #Fiches : plut guyet_6e_g\u00e9o_ville demain_fiches #Vid\u00e9os : Le projet Dragonfly (dur\u00e9e 2:35) \u00a0 The Vessel et la High Line (dur\u00e9e : 5:21) #Liens hypertextes : Retrouvez diff\u00e9rents projets de l\u2019architecte Vincent Callebaud sur son site https:\/\/vincent.callebaut.org\/category\/projects\/ Audio : Video : &nbsp;<\/p>\n","protected":false},"author":2,"featured_media":11335,"comment_status":"closed","ping_status":"closed","sticky":false,"template":"","format":"standard","meta":{"site-sidebar-layout":"default","site-content-layout":"default","ast-site-content-layout":"default","site-content-style":"default","site-sidebar-style":"default","ast-global-header-display":"","ast-banner-title-visibility":"","ast-main-header-display":"","ast-hfb-above-header-display":"","ast-hfb-below-header-display":"","ast-hfb-mobile-header-display":"","site-post-title":"","ast-breadcrumbs-content":"","ast-featured-img":"","footer-sml-layout":"","ast-disable-related-posts":"","theme-transparent-header-meta":"default","adv-header-id-meta":"","stick-header-meta":"","header-above-stick-meta":"","header-main-stick-meta":"","header-below-stick-meta":"","astra-migrate-meta-layouts":"set","ast-page-background-enabled":"default","ast-page-background-meta":{"desktop":{"background-color":"var(--ast-global-color-4)","background-image":"","background-repeat":"repeat","background-position":"center center","background-size":"auto","background-attachment":"scroll","background-type":"","background-media":"","overlay-type":"","overlay-color":"","overlay-opacity":"","overlay-gradient":""},"tablet":{"background-color":"","background-image":"","background-repeat":"repeat","background-position":"center center","background-size":"auto","background-attachment":"scroll","background-type":"","background-media":"","overlay-type":"","overlay-color":"","overlay-opacity":"","overlay-gradient":""},"mobile":{"background-color":"","background-image":"","background-repeat":"repeat","background-position":"center center","background-size":"auto","background-attachment":"scroll","background-type":"","background-media":"","overlay-type":"","overlay-color":"","overlay-opacity":"","overlay-gradient":""}},"ast-content-background-meta":{"desktop":{"background-color":"var(--ast-global-color-5)","background-image":"","background-repeat":"repeat","background-position":"center center","background-size":"auto","background-attachment":"scroll","background-type":"","background-media":"","overlay-type":"","overlay-color":"","overlay-opacity":"","overlay-gradient":""},"tablet":{"background-color":"var(--ast-global-color-5)","background-image":"","background-repeat":"repeat","background-position":"center center","background-size":"auto","background-attachment":"scroll","background-type":"","background-media":"","overlay-type":"","overlay-color":"","overlay-opacity":"","overlay-gradient":""},"mobile":{"background-color":"var(--ast-global-color-5)","background-image":"","background-repeat":"repeat","background-position":"center center","background-size":"auto","background-attachment":"scroll","background-type":"","background-media":"","overlay-type":"","overlay-color":"","overlay-opacity":"","overlay-gradient":""}},"footnotes":""},"categories":[20],"tags":[],"class_list":["post-7880","post","type-post","status-publish","format-standard","has-post-thumbnail","hentry","category-6e-hg-emc-attente"],"yoast_head":"<!-- This site is optimized with the Yoast SEO plugin v27.5 - https:\/\/yoast.com\/product\/yoast-seo-wordpress\/ -->\n<title>G4_La ville de demain - Coll\u00e8ge Saint Jean Baptiste de La Salle<\/title>\n<meta name=\"robots\" content=\"index, follow, max-snippet:-1, max-image-preview:large, max-video-preview:-1\" \/>\n<link rel=\"canonical\" href=\"https:\/\/www.stjb-delasalle.fr\/site\/2021\/03\/30\/les-metropoles-et-leurs-habitants-2\/\" \/>\n<meta property=\"og:locale\" content=\"fr_FR\" \/>\n<meta property=\"og:type\" content=\"article\" \/>\n<meta property=\"og:title\" content=\"G4_La ville de demain - Coll\u00e8ge Saint Jean Baptiste de La Salle\" \/>\n<meta property=\"og:description\" content=\"S\u00e9quence #S\u00e9ances : plut guyet_6e_g\u00e9o_ville demain_diapo #Fiches : plut guyet_6e_g\u00e9o_ville demain_fiches #Vid\u00e9os : Le projet Dragonfly (dur\u00e9e 2:35) \u00a0 The Vessel et la High Line (dur\u00e9e : 5:21) #Liens hypertextes : Retrouvez diff\u00e9rents projets de l\u2019architecte Vincent Callebaud sur son site https:\/\/vincent.callebaut.org\/category\/projects\/ Audio : Video : &nbsp;\" \/>\n<meta property=\"og:url\" content=\"https:\/\/www.stjb-delasalle.fr\/site\/2021\/03\/30\/les-metropoles-et-leurs-habitants-2\/\" \/>\n<meta property=\"og:site_name\" content=\"Coll\u00e8ge Saint Jean Baptiste de La Salle\" \/>\n<meta property=\"article:published_time\" content=\"2021-03-30T14:53:55+00:00\" \/>\n<meta property=\"article:modified_time\" content=\"2025-06-18T08:19:49+00:00\" \/>\n<meta property=\"og:image\" content=\"https:\/\/www.stjb-delasalle.fr\/site\/wp-content\/uploads\/2021\/03\/img-blog.jpg\" \/>\n\t<meta property=\"og:image:width\" content=\"431\" \/>\n\t<meta property=\"og:image:height\" content=\"198\" \/>\n\t<meta property=\"og:image:type\" content=\"image\/jpeg\" \/>\n<meta name=\"author\" content=\"c.guyet\" \/>\n<meta name=\"twitter:card\" content=\"summary_large_image\" \/>\n<meta name=\"twitter:label1\" content=\"\u00c9crit par\" \/>\n\t<meta name=\"twitter:data1\" content=\"c.guyet\" \/>\n\t<meta name=\"twitter:label2\" content=\"Dur\u00e9e de lecture estim\u00e9e\" \/>\n\t<meta name=\"twitter:data2\" content=\"1 minute\" \/>\n<script type=\"application\/ld+json\" class=\"yoast-schema-graph\">{\"@context\":\"https:\\\/\\\/schema.org\",\"@graph\":[{\"@type\":\"Article\",\"@id\":\"https:\\\/\\\/www.stjb-delasalle.fr\\\/site\\\/2021\\\/03\\\/30\\\/les-metropoles-et-leurs-habitants-2\\\/#article\",\"isPartOf\":{\"@id\":\"https:\\\/\\\/www.stjb-delasalle.fr\\\/site\\\/2021\\\/03\\\/30\\\/les-metropoles-et-leurs-habitants-2\\\/\"},\"author\":{\"name\":\"c.guyet\",\"@id\":\"https:\\\/\\\/www.stjb-delasalle.fr\\\/site\\\/#\\\/schema\\\/person\\\/c6bc729d0bf9f8313aad8e0f2022e769\"},\"headline\":\"G4_La ville de demain\",\"datePublished\":\"2021-03-30T14:53:55+00:00\",\"dateModified\":\"2025-06-18T08:19:49+00:00\",\"mainEntityOfPage\":{\"@id\":\"https:\\\/\\\/www.stjb-delasalle.fr\\\/site\\\/2021\\\/03\\\/30\\\/les-metropoles-et-leurs-habitants-2\\\/\"},\"wordCount\":92,\"publisher\":{\"@id\":\"https:\\\/\\\/www.stjb-delasalle.fr\\\/site\\\/#organization\"},\"image\":{\"@id\":\"https:\\\/\\\/www.stjb-delasalle.fr\\\/site\\\/2021\\\/03\\\/30\\\/les-metropoles-et-leurs-habitants-2\\\/#primaryimage\"},\"thumbnailUrl\":\"https:\\\/\\\/www.stjb-delasalle.fr\\\/site\\\/wp-content\\\/uploads\\\/2021\\\/03\\\/img-blog.jpg\",\"articleSection\":[\"6e HG-EMC \u2013 Attente\"],\"inLanguage\":\"fr-FR\"},{\"@type\":\"WebPage\",\"@id\":\"https:\\\/\\\/www.stjb-delasalle.fr\\\/site\\\/2021\\\/03\\\/30\\\/les-metropoles-et-leurs-habitants-2\\\/\",\"url\":\"https:\\\/\\\/www.stjb-delasalle.fr\\\/site\\\/2021\\\/03\\\/30\\\/les-metropoles-et-leurs-habitants-2\\\/\",\"name\":\"G4_La ville de demain - Coll\u00e8ge Saint Jean Baptiste de La Salle\",\"isPartOf\":{\"@id\":\"https:\\\/\\\/www.stjb-delasalle.fr\\\/site\\\/#website\"},\"primaryImageOfPage\":{\"@id\":\"https:\\\/\\\/www.stjb-delasalle.fr\\\/site\\\/2021\\\/03\\\/30\\\/les-metropoles-et-leurs-habitants-2\\\/#primaryimage\"},\"image\":{\"@id\":\"https:\\\/\\\/www.stjb-delasalle.fr\\\/site\\\/2021\\\/03\\\/30\\\/les-metropoles-et-leurs-habitants-2\\\/#primaryimage\"},\"thumbnailUrl\":\"https:\\\/\\\/www.stjb-delasalle.fr\\\/site\\\/wp-content\\\/uploads\\\/2021\\\/03\\\/img-blog.jpg\",\"datePublished\":\"2021-03-30T14:53:55+00:00\",\"dateModified\":\"2025-06-18T08:19:49+00:00\",\"breadcrumb\":{\"@id\":\"https:\\\/\\\/www.stjb-delasalle.fr\\\/site\\\/2021\\\/03\\\/30\\\/les-metropoles-et-leurs-habitants-2\\\/#breadcrumb\"},\"inLanguage\":\"fr-FR\",\"potentialAction\":[{\"@type\":\"ReadAction\",\"target\":[\"https:\\\/\\\/www.stjb-delasalle.fr\\\/site\\\/2021\\\/03\\\/30\\\/les-metropoles-et-leurs-habitants-2\\\/\"]}]},{\"@type\":\"ImageObject\",\"inLanguage\":\"fr-FR\",\"@id\":\"https:\\\/\\\/www.stjb-delasalle.fr\\\/site\\\/2021\\\/03\\\/30\\\/les-metropoles-et-leurs-habitants-2\\\/#primaryimage\",\"url\":\"https:\\\/\\\/www.stjb-delasalle.fr\\\/site\\\/wp-content\\\/uploads\\\/2021\\\/03\\\/img-blog.jpg\",\"contentUrl\":\"https:\\\/\\\/www.stjb-delasalle.fr\\\/site\\\/wp-content\\\/uploads\\\/2021\\\/03\\\/img-blog.jpg\",\"width\":431,\"height\":198},{\"@type\":\"BreadcrumbList\",\"@id\":\"https:\\\/\\\/www.stjb-delasalle.fr\\\/site\\\/2021\\\/03\\\/30\\\/les-metropoles-et-leurs-habitants-2\\\/#breadcrumb\",\"itemListElement\":[{\"@type\":\"ListItem\",\"position\":1,\"name\":\"Accueil\",\"item\":\"https:\\\/\\\/www.stjb-delasalle.fr\\\/site\\\/\"},{\"@type\":\"ListItem\",\"position\":2,\"name\":\"G4_La ville de demain\"}]},{\"@type\":\"WebSite\",\"@id\":\"https:\\\/\\\/www.stjb-delasalle.fr\\\/site\\\/#website\",\"url\":\"https:\\\/\\\/www.stjb-delasalle.fr\\\/site\\\/\",\"name\":\"Coll\u00e8ge Saint Jean Baptiste de La Salle\",\"description\":\"Notre coll\u00e8ge vous accueille sur le site du Rancher \u00e0 Teloch\u00e9\",\"publisher\":{\"@id\":\"https:\\\/\\\/www.stjb-delasalle.fr\\\/site\\\/#organization\"},\"potentialAction\":[{\"@type\":\"SearchAction\",\"target\":{\"@type\":\"EntryPoint\",\"urlTemplate\":\"https:\\\/\\\/www.stjb-delasalle.fr\\\/site\\\/?s={search_term_string}\"},\"query-input\":{\"@type\":\"PropertyValueSpecification\",\"valueRequired\":true,\"valueName\":\"search_term_string\"}}],\"inLanguage\":\"fr-FR\"},{\"@type\":\"Organization\",\"@id\":\"https:\\\/\\\/www.stjb-delasalle.fr\\\/site\\\/#organization\",\"name\":\"Coll\u00e8ge Saint Jean Baptiste de La Salle\",\"url\":\"https:\\\/\\\/www.stjb-delasalle.fr\\\/site\\\/\",\"logo\":{\"@type\":\"ImageObject\",\"inLanguage\":\"fr-FR\",\"@id\":\"https:\\\/\\\/www.stjb-delasalle.fr\\\/site\\\/#\\\/schema\\\/logo\\\/image\\\/\",\"url\":\"https:\\\/\\\/www.stjb-delasalle.fr\\\/site\\\/wp-content\\\/uploads\\\/2021\\\/11\\\/logostjb_petit_transp.png\",\"contentUrl\":\"https:\\\/\\\/www.stjb-delasalle.fr\\\/site\\\/wp-content\\\/uploads\\\/2021\\\/11\\\/logostjb_petit_transp.png\",\"width\":180,\"height\":127,\"caption\":\"Coll\u00e8ge Saint Jean Baptiste de La Salle\"},\"image\":{\"@id\":\"https:\\\/\\\/www.stjb-delasalle.fr\\\/site\\\/#\\\/schema\\\/logo\\\/image\\\/\"}},{\"@type\":\"Person\",\"@id\":\"https:\\\/\\\/www.stjb-delasalle.fr\\\/site\\\/#\\\/schema\\\/person\\\/c6bc729d0bf9f8313aad8e0f2022e769\",\"name\":\"c.guyet\",\"image\":{\"@type\":\"ImageObject\",\"inLanguage\":\"fr-FR\",\"@id\":\"https:\\\/\\\/secure.gravatar.com\\\/avatar\\\/98285b9b7d516bd7548b85ee36dad7b7a74a5a4df2ae5710a3e58b2b841205fc?s=96&d=mm&r=g\",\"url\":\"https:\\\/\\\/secure.gravatar.com\\\/avatar\\\/98285b9b7d516bd7548b85ee36dad7b7a74a5a4df2ae5710a3e58b2b841205fc?s=96&d=mm&r=g\",\"contentUrl\":\"https:\\\/\\\/secure.gravatar.com\\\/avatar\\\/98285b9b7d516bd7548b85ee36dad7b7a74a5a4df2ae5710a3e58b2b841205fc?s=96&d=mm&r=g\",\"caption\":\"c.guyet\"},\"url\":\"https:\\\/\\\/www.stjb-delasalle.fr\\\/site\\\/author\\\/c-guyet\\\/\"}]}<\/script>\n<!-- \/ Yoast SEO plugin. -->","yoast_head_json":{"title":"G4_La ville de demain - Coll\u00e8ge Saint Jean Baptiste de La Salle","robots":{"index":"index","follow":"follow","max-snippet":"max-snippet:-1","max-image-preview":"max-image-preview:large","max-video-preview":"max-video-preview:-1"},"canonical":"https:\/\/www.stjb-delasalle.fr\/site\/2021\/03\/30\/les-metropoles-et-leurs-habitants-2\/","og_locale":"fr_FR","og_type":"article","og_title":"G4_La ville de demain - Coll\u00e8ge Saint Jean Baptiste de La Salle","og_description":"S\u00e9quence #S\u00e9ances : plut guyet_6e_g\u00e9o_ville demain_diapo #Fiches : plut guyet_6e_g\u00e9o_ville demain_fiches #Vid\u00e9os : Le projet Dragonfly (dur\u00e9e 2:35) \u00a0 The Vessel et la High Line (dur\u00e9e : 5:21) #Liens hypertextes : Retrouvez diff\u00e9rents projets de l\u2019architecte Vincent Callebaud sur son site https:\/\/vincent.callebaut.org\/category\/projects\/ Audio : Video : &nbsp;","og_url":"https:\/\/www.stjb-delasalle.fr\/site\/2021\/03\/30\/les-metropoles-et-leurs-habitants-2\/","og_site_name":"Coll\u00e8ge Saint Jean Baptiste de La Salle","article_published_time":"2021-03-30T14:53:55+00:00","article_modified_time":"2025-06-18T08:19:49+00:00","og_image":[{"width":431,"height":198,"url":"https:\/\/www.stjb-delasalle.fr\/site\/wp-content\/uploads\/2021\/03\/img-blog.jpg","type":"image\/jpeg"}],"author":"c.guyet","twitter_card":"summary_large_image","twitter_misc":{"\u00c9crit par":"c.guyet","Dur\u00e9e de lecture estim\u00e9e":"1 minute"},"schema":{"@context":"https:\/\/schema.org","@graph":[{"@type":"Article","@id":"https:\/\/www.stjb-delasalle.fr\/site\/2021\/03\/30\/les-metropoles-et-leurs-habitants-2\/#article","isPartOf":{"@id":"https:\/\/www.stjb-delasalle.fr\/site\/2021\/03\/30\/les-metropoles-et-leurs-habitants-2\/"},"author":{"name":"c.guyet","@id":"https:\/\/www.stjb-delasalle.fr\/site\/#\/schema\/person\/c6bc729d0bf9f8313aad8e0f2022e769"},"headline":"G4_La ville de demain","datePublished":"2021-03-30T14:53:55+00:00","dateModified":"2025-06-18T08:19:49+00:00","mainEntityOfPage":{"@id":"https:\/\/www.stjb-delasalle.fr\/site\/2021\/03\/30\/les-metropoles-et-leurs-habitants-2\/"},"wordCount":92,"publisher":{"@id":"https:\/\/www.stjb-delasalle.fr\/site\/#organization"},"image":{"@id":"https:\/\/www.stjb-delasalle.fr\/site\/2021\/03\/30\/les-metropoles-et-leurs-habitants-2\/#primaryimage"},"thumbnailUrl":"https:\/\/www.stjb-delasalle.fr\/site\/wp-content\/uploads\/2021\/03\/img-blog.jpg","articleSection":["6e HG-EMC \u2013 Attente"],"inLanguage":"fr-FR"},{"@type":"WebPage","@id":"https:\/\/www.stjb-delasalle.fr\/site\/2021\/03\/30\/les-metropoles-et-leurs-habitants-2\/","url":"https:\/\/www.stjb-delasalle.fr\/site\/2021\/03\/30\/les-metropoles-et-leurs-habitants-2\/","name":"G4_La ville de demain - Coll\u00e8ge Saint Jean Baptiste de La Salle","isPartOf":{"@id":"https:\/\/www.stjb-delasalle.fr\/site\/#website"},"primaryImageOfPage":{"@id":"https:\/\/www.stjb-delasalle.fr\/site\/2021\/03\/30\/les-metropoles-et-leurs-habitants-2\/#primaryimage"},"image":{"@id":"https:\/\/www.stjb-delasalle.fr\/site\/2021\/03\/30\/les-metropoles-et-leurs-habitants-2\/#primaryimage"},"thumbnailUrl":"https:\/\/www.stjb-delasalle.fr\/site\/wp-content\/uploads\/2021\/03\/img-blog.jpg","datePublished":"2021-03-30T14:53:55+00:00","dateModified":"2025-06-18T08:19:49+00:00","breadcrumb":{"@id":"https:\/\/www.stjb-delasalle.fr\/site\/2021\/03\/30\/les-metropoles-et-leurs-habitants-2\/#breadcrumb"},"inLanguage":"fr-FR","potentialAction":[{"@type":"ReadAction","target":["https:\/\/www.stjb-delasalle.fr\/site\/2021\/03\/30\/les-metropoles-et-leurs-habitants-2\/"]}]},{"@type":"ImageObject","inLanguage":"fr-FR","@id":"https:\/\/www.stjb-delasalle.fr\/site\/2021\/03\/30\/les-metropoles-et-leurs-habitants-2\/#primaryimage","url":"https:\/\/www.stjb-delasalle.fr\/site\/wp-content\/uploads\/2021\/03\/img-blog.jpg","contentUrl":"https:\/\/www.stjb-delasalle.fr\/site\/wp-content\/uploads\/2021\/03\/img-blog.jpg","width":431,"height":198},{"@type":"BreadcrumbList","@id":"https:\/\/www.stjb-delasalle.fr\/site\/2021\/03\/30\/les-metropoles-et-leurs-habitants-2\/#breadcrumb","itemListElement":[{"@type":"ListItem","position":1,"name":"Accueil","item":"https:\/\/www.stjb-delasalle.fr\/site\/"},{"@type":"ListItem","position":2,"name":"G4_La ville de demain"}]},{"@type":"WebSite","@id":"https:\/\/www.stjb-delasalle.fr\/site\/#website","url":"https:\/\/www.stjb-delasalle.fr\/site\/","name":"Coll\u00e8ge Saint Jean Baptiste de La Salle","description":"Notre coll\u00e8ge vous accueille sur le site du Rancher \u00e0 Teloch\u00e9","publisher":{"@id":"https:\/\/www.stjb-delasalle.fr\/site\/#organization"},"potentialAction":[{"@type":"SearchAction","target":{"@type":"EntryPoint","urlTemplate":"https:\/\/www.stjb-delasalle.fr\/site\/?s={search_term_string}"},"query-input":{"@type":"PropertyValueSpecification","valueRequired":true,"valueName":"search_term_string"}}],"inLanguage":"fr-FR"},{"@type":"Organization","@id":"https:\/\/www.stjb-delasalle.fr\/site\/#organization","name":"Coll\u00e8ge Saint Jean Baptiste de La Salle","url":"https:\/\/www.stjb-delasalle.fr\/site\/","logo":{"@type":"ImageObject","inLanguage":"fr-FR","@id":"https:\/\/www.stjb-delasalle.fr\/site\/#\/schema\/logo\/image\/","url":"https:\/\/www.stjb-delasalle.fr\/site\/wp-content\/uploads\/2021\/11\/logostjb_petit_transp.png","contentUrl":"https:\/\/www.stjb-delasalle.fr\/site\/wp-content\/uploads\/2021\/11\/logostjb_petit_transp.png","width":180,"height":127,"caption":"Coll\u00e8ge Saint Jean Baptiste de La Salle"},"image":{"@id":"https:\/\/www.stjb-delasalle.fr\/site\/#\/schema\/logo\/image\/"}},{"@type":"Person","@id":"https:\/\/www.stjb-delasalle.fr\/site\/#\/schema\/person\/c6bc729d0bf9f8313aad8e0f2022e769","name":"c.guyet","image":{"@type":"ImageObject","inLanguage":"fr-FR","@id":"https:\/\/secure.gravatar.com\/avatar\/98285b9b7d516bd7548b85ee36dad7b7a74a5a4df2ae5710a3e58b2b841205fc?s=96&d=mm&r=g","url":"https:\/\/secure.gravatar.com\/avatar\/98285b9b7d516bd7548b85ee36dad7b7a74a5a4df2ae5710a3e58b2b841205fc?s=96&d=mm&r=g","contentUrl":"https:\/\/secure.gravatar.com\/avatar\/98285b9b7d516bd7548b85ee36dad7b7a74a5a4df2ae5710a3e58b2b841205fc?s=96&d=mm&r=g","caption":"c.guyet"},"url":"https:\/\/www.stjb-delasalle.fr\/site\/author\/c-guyet\/"}]}},"_links":{"self":[{"href":"https:\/\/www.stjb-delasalle.fr\/site\/wp-json\/wp\/v2\/posts\/7880","targetHints":{"allow":["GET"]}}],"collection":[{"href":"https:\/\/www.stjb-delasalle.fr\/site\/wp-json\/wp\/v2\/posts"}],"about":[{"href":"https:\/\/www.stjb-delasalle.fr\/site\/wp-json\/wp\/v2\/types\/post"}],"author":[{"embeddable":true,"href":"https:\/\/www.stjb-delasalle.fr\/site\/wp-json\/wp\/v2\/users\/2"}],"replies":[{"embeddable":true,"href":"https:\/\/www.stjb-delasalle.fr\/site\/wp-json\/wp\/v2\/comments?post=7880"}],"version-history":[{"count":5,"href":"https:\/\/www.stjb-delasalle.fr\/site\/wp-json\/wp\/v2\/posts\/7880\/revisions"}],"predecessor-version":[{"id":11399,"href":"https:\/\/www.stjb-delasalle.fr\/site\/wp-json\/wp\/v2\/posts\/7880\/revisions\/11399"}],"wp:featuredmedia":[{"embeddable":true,"href":"https:\/\/www.stjb-delasalle.fr\/site\/wp-json\/wp\/v2\/media\/11335"}],"wp:attachment":[{"href":"https:\/\/www.stjb-delasalle.fr\/site\/wp-json\/wp\/v2\/media?parent=7880"}],"wp:term":[{"taxonomy":"category","embeddable":true,"href":"https:\/\/www.stjb-delasalle.fr\/site\/wp-json\/wp\/v2\/categories?post=7880"},{"taxonomy":"post_tag","embeddable":true,"href":"https:\/\/www.stjb-delasalle.fr\/site\/wp-json\/wp\/v2\/tags?post=7880"}],"curies":[{"name":"wp","href":"https:\/\/api.w.org\/{rel}","templated":true}]}}