{"id":7760,"date":"2021-02-26T17:32:33","date_gmt":"2021-02-26T16:32:33","guid":{"rendered":"https:\/\/www.stjb-delasalle.fr\/?p=7760"},"modified":"2021-11-12T12:13:33","modified_gmt":"2021-11-12T12:13:33","slug":"atelier-serigraphie-vegetale-un-cercle-vertueux","status":"publish","type":"post","link":"https:\/\/www.stjb-delasalle.fr\/site\/2021\/02\/26\/atelier-serigraphie-vegetale-un-cercle-vertueux\/","title":{"rendered":"Atelier \u00ab\u00a0s\u00e9rigraphie v\u00e9g\u00e9tale\u00a0\u00bb, un cercle vertueux"},"content":{"rendered":"<h1><em>Un atelier de s\u00e9rigraphie v\u00e9g\u00e9tale au coll\u00e8ge&#8230;<\/em><\/h1>\n<h3>Jeudi 18 F\u00e9vrier 2021<\/h3>\n<p>Dans le cadre du concours d\u00e9fi-marmiton, quelques \u00e9l\u00e8ves de 3\u00e8me ont particip\u00e9 au premier atelier\u00a0 <strong>S\u00e9rigraphie v\u00e9g\u00e9tale, un cercle vertueux<\/strong> propos\u00e9 par les associations: <a href=\"https:\/\/laracle.fr\/\">LA RACLE<\/a> et\u00a0 <a href=\"https:\/\/fr-fr.facebook.com\/jardinduvivant\/\">JARDIN DU VIVANT<\/a>.<\/p>\n<p>Les \u00e9l\u00e8ves ont r\u00e9alis\u00e9 une petite salade compos\u00e9e (chou-rouge, pommes, noix, betteraves) et ont appris \u00e0 fabriquer des encres v\u00e9g\u00e9tales \u00e0 partir de leurs \u00e9pluchures et de riz.<\/p>\n<p>Ils ont ensuite d\u00e9couvert le proc\u00e9d\u00e9 d&rsquo;impression en s\u00e9rigraphie.<\/p>\n<p>Un bon moment de partage autour des diff\u00e9rentes techniques de valorisation des bio-d\u00e9chets.<\/p>\n<p><img fetchpriority=\"high\" decoding=\"async\" class=\"alignleft size-full wp-image-7770\" src=\"https:\/\/www.stjb-delasalle.fr\/wp-content\/uploads\/2021\/02\/affiche-la-racle-et-jardin-du-vivant.jpg\" alt=\"\" width=\"1997\" height=\"2523\" \/> <img decoding=\"async\" class=\"alignleft size-full wp-image-7766\" src=\"https:\/\/www.stjb-delasalle.fr\/wp-content\/uploads\/2021\/02\/IMG_5545.jpg\" alt=\"\" width=\"2560\" height=\"1440\" \/> <img decoding=\"async\" class=\"alignleft size-full wp-image-7765\" src=\"https:\/\/www.stjb-delasalle.fr\/wp-content\/uploads\/2021\/02\/IMG_5544.jpg\" alt=\"\" width=\"2560\" height=\"1440\" \/> <img loading=\"lazy\" decoding=\"async\" class=\"alignleft size-full wp-image-7764\" src=\"https:\/\/www.stjb-delasalle.fr\/wp-content\/uploads\/2021\/02\/IMG_5543.jpg\" alt=\"\" width=\"2560\" height=\"1440\" \/> <img loading=\"lazy\" decoding=\"async\" class=\"alignleft size-full wp-image-7762\" src=\"https:\/\/www.stjb-delasalle.fr\/wp-content\/uploads\/2021\/02\/IMG_5541.jpg\" alt=\"\" width=\"2560\" height=\"1440\" \/> <img loading=\"lazy\" decoding=\"async\" class=\"alignleft size-full wp-image-7763\" src=\"https:\/\/www.stjb-delasalle.fr\/wp-content\/uploads\/2021\/02\/IMG_5542.jpg\" alt=\"\" width=\"1440\" height=\"2560\" \/> <img loading=\"lazy\" decoding=\"async\" class=\"alignleft size-full wp-image-7767\" src=\"https:\/\/www.stjb-delasalle.fr\/wp-content\/uploads\/2021\/02\/IMG_5546.jpg\" alt=\"\" width=\"1440\" height=\"2560\" \/> <img loading=\"lazy\" decoding=\"async\" class=\"alignleft size-full wp-image-7768\" src=\"https:\/\/www.stjb-delasalle.fr\/wp-content\/uploads\/2021\/02\/IMG_5547.jpg\" alt=\"\" width=\"1440\" height=\"2560\" \/> <img loading=\"lazy\" decoding=\"async\" class=\"alignleft size-full wp-image-7769\" src=\"https:\/\/www.stjb-delasalle.fr\/wp-content\/uploads\/2021\/02\/IMG_5548.jpg\" alt=\"\" width=\"1440\" height=\"2560\" \/> <img loading=\"lazy\" decoding=\"async\" class=\"alignleft size-full wp-image-7773\" src=\"https:\/\/www.stjb-delasalle.fr\/wp-content\/uploads\/2021\/02\/IMG_E5540.jpg\" alt=\"\" width=\"4032\" height=\"2931\" \/><\/p>\n<p>&nbsp;<\/p>\n<p>&nbsp;<\/p>\n<p>&nbsp;<\/p>\n<p>&nbsp;<\/p>\n<p>&nbsp;<\/p>\n<p>&nbsp;<\/p>\n<p>&nbsp;<\/p>\n","protected":false},"excerpt":{"rendered":"<p>Un atelier de s\u00e9rigraphie v\u00e9g\u00e9tale au coll\u00e8ge&#8230; Jeudi 18 F\u00e9vrier 2021 Dans le cadre du concours d\u00e9fi-marmiton, quelques \u00e9l\u00e8ves de 3\u00e8me ont particip\u00e9 au premier atelier\u00a0 S\u00e9rigraphie v\u00e9g\u00e9tale, un cercle vertueux propos\u00e9 par les associations: LA RACLE et\u00a0 JARDIN DU VIVANT. Les \u00e9l\u00e8ves ont r\u00e9alis\u00e9 une petite salade compos\u00e9e (chou-rouge, pommes, noix, betteraves) et ont [&hellip;]<\/p>\n","protected":false},"author":3,"featured_media":9280,"comment_status":"closed","ping_status":"closed","sticky":false,"template":"","format":"gallery","meta":{"site-sidebar-layout":"default","site-content-layout":"default","ast-site-content-layout":"default","site-content-style":"default","site-sidebar-style":"default","ast-global-header-display":"","ast-banner-title-visibility":"","ast-main-header-display":"","ast-hfb-above-header-display":"","ast-hfb-below-header-display":"","ast-hfb-mobile-header-display":"","site-post-title":"","ast-breadcrumbs-content":"","ast-featured-img":"","footer-sml-layout":"","ast-disable-related-posts":"","theme-transparent-header-meta":"default","adv-header-id-meta":"","stick-header-meta":"","header-above-stick-meta":"","header-main-stick-meta":"","header-below-stick-meta":"","astra-migrate-meta-layouts":"default","ast-page-background-enabled":"default","ast-page-background-meta":{"desktop":{"background-color":"var(--ast-global-color-4)","background-image":"","background-repeat":"repeat","background-position":"center center","background-size":"auto","background-attachment":"scroll","background-type":"","background-media":"","overlay-type":"","overlay-color":"","overlay-opacity":"","overlay-gradient":""},"tablet":{"background-color":"","background-image":"","background-repeat":"repeat","background-position":"center center","background-size":"auto","background-attachment":"scroll","background-type":"","background-media":"","overlay-type":"","overlay-color":"","overlay-opacity":"","overlay-gradient":""},"mobile":{"background-color":"","background-image":"","background-repeat":"repeat","background-position":"center center","background-size":"auto","background-attachment":"scroll","background-type":"","background-media":"","overlay-type":"","overlay-color":"","overlay-opacity":"","overlay-gradient":""}},"ast-content-background-meta":{"desktop":{"background-color":"var(--ast-global-color-5)","background-image":"","background-repeat":"repeat","background-position":"center center","background-size":"auto","background-attachment":"scroll","background-type":"","background-media":"","overlay-type":"","overlay-color":"","overlay-opacity":"","overlay-gradient":""},"tablet":{"background-color":"var(--ast-global-color-5)","background-image":"","background-repeat":"repeat","background-position":"center center","background-size":"auto","background-attachment":"scroll","background-type":"","background-media":"","overlay-type":"","overlay-color":"","overlay-opacity":"","overlay-gradient":""},"mobile":{"background-color":"var(--ast-global-color-5)","background-image":"","background-repeat":"repeat","background-position":"center center","background-size":"auto","background-attachment":"scroll","background-type":"","background-media":"","overlay-type":"","overlay-color":"","overlay-opacity":"","overlay-gradient":""}},"footnotes":""},"categories":[6,36],"tags":[],"class_list":["post-7760","post","type-post","status-publish","format-gallery","has-post-thumbnail","hentry","category-college","category-defi-marmiton-2021","post_format-post-format-gallery"],"yoast_head":"<!-- This site is optimized with the Yoast SEO plugin v27.5 - https:\/\/yoast.com\/product\/yoast-seo-wordpress\/ -->\n<title>Atelier &quot;s\u00e9rigraphie v\u00e9g\u00e9tale&quot;, un cercle vertueux - Coll\u00e8ge Saint Jean Baptiste de La Salle<\/title>\n<meta name=\"robots\" content=\"index, follow, max-snippet:-1, max-image-preview:large, max-video-preview:-1\" \/>\n<link rel=\"canonical\" href=\"https:\/\/www.stjb-delasalle.fr\/site\/2021\/02\/26\/atelier-serigraphie-vegetale-un-cercle-vertueux\/\" \/>\n<meta property=\"og:locale\" content=\"fr_FR\" \/>\n<meta property=\"og:type\" content=\"article\" \/>\n<meta property=\"og:title\" content=\"Atelier &quot;s\u00e9rigraphie v\u00e9g\u00e9tale&quot;, un cercle vertueux - Coll\u00e8ge Saint Jean Baptiste de La Salle\" \/>\n<meta property=\"og:description\" content=\"Un atelier de s\u00e9rigraphie v\u00e9g\u00e9tale au coll\u00e8ge&#8230; Jeudi 18 F\u00e9vrier 2021 Dans le cadre du concours d\u00e9fi-marmiton, quelques \u00e9l\u00e8ves de 3\u00e8me ont particip\u00e9 au premier atelier\u00a0 S\u00e9rigraphie v\u00e9g\u00e9tale, un cercle vertueux propos\u00e9 par les associations: LA RACLE et\u00a0 JARDIN DU VIVANT. Les \u00e9l\u00e8ves ont r\u00e9alis\u00e9 une petite salade compos\u00e9e (chou-rouge, pommes, noix, betteraves) et ont [&hellip;]\" \/>\n<meta property=\"og:url\" content=\"https:\/\/www.stjb-delasalle.fr\/site\/2021\/02\/26\/atelier-serigraphie-vegetale-un-cercle-vertueux\/\" \/>\n<meta property=\"og:site_name\" content=\"Coll\u00e8ge Saint Jean Baptiste de La Salle\" \/>\n<meta property=\"article:published_time\" content=\"2021-02-26T16:32:33+00:00\" \/>\n<meta property=\"article:modified_time\" content=\"2021-11-12T12:13:33+00:00\" \/>\n<meta property=\"og:image\" content=\"https:\/\/www.stjb-delasalle.fr\/site\/wp-content\/uploads\/2021\/02\/VISUEL-site-serigraphie-vegetale-660x567-1.jpg\" \/>\n\t<meta property=\"og:image:width\" content=\"660\" \/>\n\t<meta property=\"og:image:height\" content=\"567\" \/>\n\t<meta property=\"og:image:type\" content=\"image\/jpeg\" \/>\n<meta name=\"author\" content=\"s.couret\" \/>\n<meta name=\"twitter:card\" content=\"summary_large_image\" \/>\n<meta name=\"twitter:label1\" content=\"\u00c9crit par\" \/>\n\t<meta name=\"twitter:data1\" content=\"s.couret\" \/>\n\t<meta name=\"twitter:label2\" content=\"Dur\u00e9e de lecture estim\u00e9e\" \/>\n\t<meta name=\"twitter:data2\" content=\"1 minute\" \/>\n<script type=\"application\/ld+json\" class=\"yoast-schema-graph\">{\"@context\":\"https:\\\/\\\/schema.org\",\"@graph\":[{\"@type\":\"Article\",\"@id\":\"https:\\\/\\\/www.stjb-delasalle.fr\\\/site\\\/2021\\\/02\\\/26\\\/atelier-serigraphie-vegetale-un-cercle-vertueux\\\/#article\",\"isPartOf\":{\"@id\":\"https:\\\/\\\/www.stjb-delasalle.fr\\\/site\\\/2021\\\/02\\\/26\\\/atelier-serigraphie-vegetale-un-cercle-vertueux\\\/\"},\"author\":{\"name\":\"s.couret\",\"@id\":\"https:\\\/\\\/www.stjb-delasalle.fr\\\/site\\\/#\\\/schema\\\/person\\\/29e031eae2fbe58aca689f9074d3616a\"},\"headline\":\"Atelier \u00ab\u00a0s\u00e9rigraphie v\u00e9g\u00e9tale\u00a0\u00bb, un cercle vertueux\",\"datePublished\":\"2021-02-26T16:32:33+00:00\",\"dateModified\":\"2021-11-12T12:13:33+00:00\",\"mainEntityOfPage\":{\"@id\":\"https:\\\/\\\/www.stjb-delasalle.fr\\\/site\\\/2021\\\/02\\\/26\\\/atelier-serigraphie-vegetale-un-cercle-vertueux\\\/\"},\"wordCount\":123,\"publisher\":{\"@id\":\"https:\\\/\\\/www.stjb-delasalle.fr\\\/site\\\/#organization\"},\"image\":{\"@id\":\"https:\\\/\\\/www.stjb-delasalle.fr\\\/site\\\/2021\\\/02\\\/26\\\/atelier-serigraphie-vegetale-un-cercle-vertueux\\\/#primaryimage\"},\"thumbnailUrl\":\"https:\\\/\\\/www.stjb-delasalle.fr\\\/site\\\/wp-content\\\/uploads\\\/2021\\\/02\\\/VISUEL-site-serigraphie-vegetale-660x567-1.jpg\",\"articleSection\":[\"Coll\u00e8ge\",\"D\u00e9fi-Marmiton 2021\"],\"inLanguage\":\"fr-FR\"},{\"@type\":\"WebPage\",\"@id\":\"https:\\\/\\\/www.stjb-delasalle.fr\\\/site\\\/2021\\\/02\\\/26\\\/atelier-serigraphie-vegetale-un-cercle-vertueux\\\/\",\"url\":\"https:\\\/\\\/www.stjb-delasalle.fr\\\/site\\\/2021\\\/02\\\/26\\\/atelier-serigraphie-vegetale-un-cercle-vertueux\\\/\",\"name\":\"Atelier \\\"s\u00e9rigraphie v\u00e9g\u00e9tale\\\", un cercle vertueux - Coll\u00e8ge Saint Jean Baptiste de La Salle\",\"isPartOf\":{\"@id\":\"https:\\\/\\\/www.stjb-delasalle.fr\\\/site\\\/#website\"},\"primaryImageOfPage\":{\"@id\":\"https:\\\/\\\/www.stjb-delasalle.fr\\\/site\\\/2021\\\/02\\\/26\\\/atelier-serigraphie-vegetale-un-cercle-vertueux\\\/#primaryimage\"},\"image\":{\"@id\":\"https:\\\/\\\/www.stjb-delasalle.fr\\\/site\\\/2021\\\/02\\\/26\\\/atelier-serigraphie-vegetale-un-cercle-vertueux\\\/#primaryimage\"},\"thumbnailUrl\":\"https:\\\/\\\/www.stjb-delasalle.fr\\\/site\\\/wp-content\\\/uploads\\\/2021\\\/02\\\/VISUEL-site-serigraphie-vegetale-660x567-1.jpg\",\"datePublished\":\"2021-02-26T16:32:33+00:00\",\"dateModified\":\"2021-11-12T12:13:33+00:00\",\"breadcrumb\":{\"@id\":\"https:\\\/\\\/www.stjb-delasalle.fr\\\/site\\\/2021\\\/02\\\/26\\\/atelier-serigraphie-vegetale-un-cercle-vertueux\\\/#breadcrumb\"},\"inLanguage\":\"fr-FR\",\"potentialAction\":[{\"@type\":\"ReadAction\",\"target\":[\"https:\\\/\\\/www.stjb-delasalle.fr\\\/site\\\/2021\\\/02\\\/26\\\/atelier-serigraphie-vegetale-un-cercle-vertueux\\\/\"]}]},{\"@type\":\"ImageObject\",\"inLanguage\":\"fr-FR\",\"@id\":\"https:\\\/\\\/www.stjb-delasalle.fr\\\/site\\\/2021\\\/02\\\/26\\\/atelier-serigraphie-vegetale-un-cercle-vertueux\\\/#primaryimage\",\"url\":\"https:\\\/\\\/www.stjb-delasalle.fr\\\/site\\\/wp-content\\\/uploads\\\/2021\\\/02\\\/VISUEL-site-serigraphie-vegetale-660x567-1.jpg\",\"contentUrl\":\"https:\\\/\\\/www.stjb-delasalle.fr\\\/site\\\/wp-content\\\/uploads\\\/2021\\\/02\\\/VISUEL-site-serigraphie-vegetale-660x567-1.jpg\",\"width\":660,\"height\":567},{\"@type\":\"BreadcrumbList\",\"@id\":\"https:\\\/\\\/www.stjb-delasalle.fr\\\/site\\\/2021\\\/02\\\/26\\\/atelier-serigraphie-vegetale-un-cercle-vertueux\\\/#breadcrumb\",\"itemListElement\":[{\"@type\":\"ListItem\",\"position\":1,\"name\":\"Accueil\",\"item\":\"https:\\\/\\\/www.stjb-delasalle.fr\\\/site\\\/\"},{\"@type\":\"ListItem\",\"position\":2,\"name\":\"Atelier \u00ab\u00a0s\u00e9rigraphie v\u00e9g\u00e9tale\u00a0\u00bb, un cercle vertueux\"}]},{\"@type\":\"WebSite\",\"@id\":\"https:\\\/\\\/www.stjb-delasalle.fr\\\/site\\\/#website\",\"url\":\"https:\\\/\\\/www.stjb-delasalle.fr\\\/site\\\/\",\"name\":\"Coll\u00e8ge Saint Jean Baptiste de La Salle\",\"description\":\"Notre coll\u00e8ge vous accueille sur le site du Rancher \u00e0 Teloch\u00e9\",\"publisher\":{\"@id\":\"https:\\\/\\\/www.stjb-delasalle.fr\\\/site\\\/#organization\"},\"potentialAction\":[{\"@type\":\"SearchAction\",\"target\":{\"@type\":\"EntryPoint\",\"urlTemplate\":\"https:\\\/\\\/www.stjb-delasalle.fr\\\/site\\\/?s={search_term_string}\"},\"query-input\":{\"@type\":\"PropertyValueSpecification\",\"valueRequired\":true,\"valueName\":\"search_term_string\"}}],\"inLanguage\":\"fr-FR\"},{\"@type\":\"Organization\",\"@id\":\"https:\\\/\\\/www.stjb-delasalle.fr\\\/site\\\/#organization\",\"name\":\"Coll\u00e8ge Saint Jean Baptiste de La Salle\",\"url\":\"https:\\\/\\\/www.stjb-delasalle.fr\\\/site\\\/\",\"logo\":{\"@type\":\"ImageObject\",\"inLanguage\":\"fr-FR\",\"@id\":\"https:\\\/\\\/www.stjb-delasalle.fr\\\/site\\\/#\\\/schema\\\/logo\\\/image\\\/\",\"url\":\"https:\\\/\\\/www.stjb-delasalle.fr\\\/site\\\/wp-content\\\/uploads\\\/2021\\\/11\\\/logostjb_petit_transp.png\",\"contentUrl\":\"https:\\\/\\\/www.stjb-delasalle.fr\\\/site\\\/wp-content\\\/uploads\\\/2021\\\/11\\\/logostjb_petit_transp.png\",\"width\":180,\"height\":127,\"caption\":\"Coll\u00e8ge Saint Jean Baptiste de La Salle\"},\"image\":{\"@id\":\"https:\\\/\\\/www.stjb-delasalle.fr\\\/site\\\/#\\\/schema\\\/logo\\\/image\\\/\"}},{\"@type\":\"Person\",\"@id\":\"https:\\\/\\\/www.stjb-delasalle.fr\\\/site\\\/#\\\/schema\\\/person\\\/29e031eae2fbe58aca689f9074d3616a\",\"name\":\"s.couret\",\"image\":{\"@type\":\"ImageObject\",\"inLanguage\":\"fr-FR\",\"@id\":\"https:\\\/\\\/secure.gravatar.com\\\/avatar\\\/83474c4b01f4d5df531ba9e1ae59f6610ffe9a3c76657f973718ba9fff166522?s=96&d=mm&r=g\",\"url\":\"https:\\\/\\\/secure.gravatar.com\\\/avatar\\\/83474c4b01f4d5df531ba9e1ae59f6610ffe9a3c76657f973718ba9fff166522?s=96&d=mm&r=g\",\"contentUrl\":\"https:\\\/\\\/secure.gravatar.com\\\/avatar\\\/83474c4b01f4d5df531ba9e1ae59f6610ffe9a3c76657f973718ba9fff166522?s=96&d=mm&r=g\",\"caption\":\"s.couret\"},\"url\":\"https:\\\/\\\/www.stjb-delasalle.fr\\\/site\\\/author\\\/s-couret\\\/\"}]}<\/script>\n<!-- \/ Yoast SEO plugin. -->","yoast_head_json":{"title":"Atelier \"s\u00e9rigraphie v\u00e9g\u00e9tale\", un cercle vertueux - Coll\u00e8ge Saint Jean Baptiste de La Salle","robots":{"index":"index","follow":"follow","max-snippet":"max-snippet:-1","max-image-preview":"max-image-preview:large","max-video-preview":"max-video-preview:-1"},"canonical":"https:\/\/www.stjb-delasalle.fr\/site\/2021\/02\/26\/atelier-serigraphie-vegetale-un-cercle-vertueux\/","og_locale":"fr_FR","og_type":"article","og_title":"Atelier \"s\u00e9rigraphie v\u00e9g\u00e9tale\", un cercle vertueux - Coll\u00e8ge Saint Jean Baptiste de La Salle","og_description":"Un atelier de s\u00e9rigraphie v\u00e9g\u00e9tale au coll\u00e8ge&#8230; Jeudi 18 F\u00e9vrier 2021 Dans le cadre du concours d\u00e9fi-marmiton, quelques \u00e9l\u00e8ves de 3\u00e8me ont particip\u00e9 au premier atelier\u00a0 S\u00e9rigraphie v\u00e9g\u00e9tale, un cercle vertueux propos\u00e9 par les associations: LA RACLE et\u00a0 JARDIN DU VIVANT. Les \u00e9l\u00e8ves ont r\u00e9alis\u00e9 une petite salade compos\u00e9e (chou-rouge, pommes, noix, betteraves) et ont [&hellip;]","og_url":"https:\/\/www.stjb-delasalle.fr\/site\/2021\/02\/26\/atelier-serigraphie-vegetale-un-cercle-vertueux\/","og_site_name":"Coll\u00e8ge Saint Jean Baptiste de La Salle","article_published_time":"2021-02-26T16:32:33+00:00","article_modified_time":"2021-11-12T12:13:33+00:00","og_image":[{"width":660,"height":567,"url":"https:\/\/www.stjb-delasalle.fr\/site\/wp-content\/uploads\/2021\/02\/VISUEL-site-serigraphie-vegetale-660x567-1.jpg","type":"image\/jpeg"}],"author":"s.couret","twitter_card":"summary_large_image","twitter_misc":{"\u00c9crit par":"s.couret","Dur\u00e9e de lecture estim\u00e9e":"1 minute"},"schema":{"@context":"https:\/\/schema.org","@graph":[{"@type":"Article","@id":"https:\/\/www.stjb-delasalle.fr\/site\/2021\/02\/26\/atelier-serigraphie-vegetale-un-cercle-vertueux\/#article","isPartOf":{"@id":"https:\/\/www.stjb-delasalle.fr\/site\/2021\/02\/26\/atelier-serigraphie-vegetale-un-cercle-vertueux\/"},"author":{"name":"s.couret","@id":"https:\/\/www.stjb-delasalle.fr\/site\/#\/schema\/person\/29e031eae2fbe58aca689f9074d3616a"},"headline":"Atelier \u00ab\u00a0s\u00e9rigraphie v\u00e9g\u00e9tale\u00a0\u00bb, un cercle vertueux","datePublished":"2021-02-26T16:32:33+00:00","dateModified":"2021-11-12T12:13:33+00:00","mainEntityOfPage":{"@id":"https:\/\/www.stjb-delasalle.fr\/site\/2021\/02\/26\/atelier-serigraphie-vegetale-un-cercle-vertueux\/"},"wordCount":123,"publisher":{"@id":"https:\/\/www.stjb-delasalle.fr\/site\/#organization"},"image":{"@id":"https:\/\/www.stjb-delasalle.fr\/site\/2021\/02\/26\/atelier-serigraphie-vegetale-un-cercle-vertueux\/#primaryimage"},"thumbnailUrl":"https:\/\/www.stjb-delasalle.fr\/site\/wp-content\/uploads\/2021\/02\/VISUEL-site-serigraphie-vegetale-660x567-1.jpg","articleSection":["Coll\u00e8ge","D\u00e9fi-Marmiton 2021"],"inLanguage":"fr-FR"},{"@type":"WebPage","@id":"https:\/\/www.stjb-delasalle.fr\/site\/2021\/02\/26\/atelier-serigraphie-vegetale-un-cercle-vertueux\/","url":"https:\/\/www.stjb-delasalle.fr\/site\/2021\/02\/26\/atelier-serigraphie-vegetale-un-cercle-vertueux\/","name":"Atelier \"s\u00e9rigraphie v\u00e9g\u00e9tale\", un cercle vertueux - Coll\u00e8ge Saint Jean Baptiste de La Salle","isPartOf":{"@id":"https:\/\/www.stjb-delasalle.fr\/site\/#website"},"primaryImageOfPage":{"@id":"https:\/\/www.stjb-delasalle.fr\/site\/2021\/02\/26\/atelier-serigraphie-vegetale-un-cercle-vertueux\/#primaryimage"},"image":{"@id":"https:\/\/www.stjb-delasalle.fr\/site\/2021\/02\/26\/atelier-serigraphie-vegetale-un-cercle-vertueux\/#primaryimage"},"thumbnailUrl":"https:\/\/www.stjb-delasalle.fr\/site\/wp-content\/uploads\/2021\/02\/VISUEL-site-serigraphie-vegetale-660x567-1.jpg","datePublished":"2021-02-26T16:32:33+00:00","dateModified":"2021-11-12T12:13:33+00:00","breadcrumb":{"@id":"https:\/\/www.stjb-delasalle.fr\/site\/2021\/02\/26\/atelier-serigraphie-vegetale-un-cercle-vertueux\/#breadcrumb"},"inLanguage":"fr-FR","potentialAction":[{"@type":"ReadAction","target":["https:\/\/www.stjb-delasalle.fr\/site\/2021\/02\/26\/atelier-serigraphie-vegetale-un-cercle-vertueux\/"]}]},{"@type":"ImageObject","inLanguage":"fr-FR","@id":"https:\/\/www.stjb-delasalle.fr\/site\/2021\/02\/26\/atelier-serigraphie-vegetale-un-cercle-vertueux\/#primaryimage","url":"https:\/\/www.stjb-delasalle.fr\/site\/wp-content\/uploads\/2021\/02\/VISUEL-site-serigraphie-vegetale-660x567-1.jpg","contentUrl":"https:\/\/www.stjb-delasalle.fr\/site\/wp-content\/uploads\/2021\/02\/VISUEL-site-serigraphie-vegetale-660x567-1.jpg","width":660,"height":567},{"@type":"BreadcrumbList","@id":"https:\/\/www.stjb-delasalle.fr\/site\/2021\/02\/26\/atelier-serigraphie-vegetale-un-cercle-vertueux\/#breadcrumb","itemListElement":[{"@type":"ListItem","position":1,"name":"Accueil","item":"https:\/\/www.stjb-delasalle.fr\/site\/"},{"@type":"ListItem","position":2,"name":"Atelier \u00ab\u00a0s\u00e9rigraphie v\u00e9g\u00e9tale\u00a0\u00bb, un cercle vertueux"}]},{"@type":"WebSite","@id":"https:\/\/www.stjb-delasalle.fr\/site\/#website","url":"https:\/\/www.stjb-delasalle.fr\/site\/","name":"Coll\u00e8ge Saint Jean Baptiste de La Salle","description":"Notre coll\u00e8ge vous accueille sur le site du Rancher \u00e0 Teloch\u00e9","publisher":{"@id":"https:\/\/www.stjb-delasalle.fr\/site\/#organization"},"potentialAction":[{"@type":"SearchAction","target":{"@type":"EntryPoint","urlTemplate":"https:\/\/www.stjb-delasalle.fr\/site\/?s={search_term_string}"},"query-input":{"@type":"PropertyValueSpecification","valueRequired":true,"valueName":"search_term_string"}}],"inLanguage":"fr-FR"},{"@type":"Organization","@id":"https:\/\/www.stjb-delasalle.fr\/site\/#organization","name":"Coll\u00e8ge Saint Jean Baptiste de La Salle","url":"https:\/\/www.stjb-delasalle.fr\/site\/","logo":{"@type":"ImageObject","inLanguage":"fr-FR","@id":"https:\/\/www.stjb-delasalle.fr\/site\/#\/schema\/logo\/image\/","url":"https:\/\/www.stjb-delasalle.fr\/site\/wp-content\/uploads\/2021\/11\/logostjb_petit_transp.png","contentUrl":"https:\/\/www.stjb-delasalle.fr\/site\/wp-content\/uploads\/2021\/11\/logostjb_petit_transp.png","width":180,"height":127,"caption":"Coll\u00e8ge Saint Jean Baptiste de La Salle"},"image":{"@id":"https:\/\/www.stjb-delasalle.fr\/site\/#\/schema\/logo\/image\/"}},{"@type":"Person","@id":"https:\/\/www.stjb-delasalle.fr\/site\/#\/schema\/person\/29e031eae2fbe58aca689f9074d3616a","name":"s.couret","image":{"@type":"ImageObject","inLanguage":"fr-FR","@id":"https:\/\/secure.gravatar.com\/avatar\/83474c4b01f4d5df531ba9e1ae59f6610ffe9a3c76657f973718ba9fff166522?s=96&d=mm&r=g","url":"https:\/\/secure.gravatar.com\/avatar\/83474c4b01f4d5df531ba9e1ae59f6610ffe9a3c76657f973718ba9fff166522?s=96&d=mm&r=g","contentUrl":"https:\/\/secure.gravatar.com\/avatar\/83474c4b01f4d5df531ba9e1ae59f6610ffe9a3c76657f973718ba9fff166522?s=96&d=mm&r=g","caption":"s.couret"},"url":"https:\/\/www.stjb-delasalle.fr\/site\/author\/s-couret\/"}]}},"_links":{"self":[{"href":"https:\/\/www.stjb-delasalle.fr\/site\/wp-json\/wp\/v2\/posts\/7760","targetHints":{"allow":["GET"]}}],"collection":[{"href":"https:\/\/www.stjb-delasalle.fr\/site\/wp-json\/wp\/v2\/posts"}],"about":[{"href":"https:\/\/www.stjb-delasalle.fr\/site\/wp-json\/wp\/v2\/types\/post"}],"author":[{"embeddable":true,"href":"https:\/\/www.stjb-delasalle.fr\/site\/wp-json\/wp\/v2\/users\/3"}],"replies":[{"embeddable":true,"href":"https:\/\/www.stjb-delasalle.fr\/site\/wp-json\/wp\/v2\/comments?post=7760"}],"version-history":[{"count":1,"href":"https:\/\/www.stjb-delasalle.fr\/site\/wp-json\/wp\/v2\/posts\/7760\/revisions"}],"predecessor-version":[{"id":9282,"href":"https:\/\/www.stjb-delasalle.fr\/site\/wp-json\/wp\/v2\/posts\/7760\/revisions\/9282"}],"wp:featuredmedia":[{"embeddable":true,"href":"https:\/\/www.stjb-delasalle.fr\/site\/wp-json\/wp\/v2\/media\/9280"}],"wp:attachment":[{"href":"https:\/\/www.stjb-delasalle.fr\/site\/wp-json\/wp\/v2\/media?parent=7760"}],"wp:term":[{"taxonomy":"category","embeddable":true,"href":"https:\/\/www.stjb-delasalle.fr\/site\/wp-json\/wp\/v2\/categories?post=7760"},{"taxonomy":"post_tag","embeddable":true,"href":"https:\/\/www.stjb-delasalle.fr\/site\/wp-json\/wp\/v2\/tags?post=7760"}],"curies":[{"name":"wp","href":"https:\/\/api.w.org\/{rel}","templated":true}]}}