{"id":7725,"date":"2021-02-18T08:14:41","date_gmt":"2021-02-18T07:14:41","guid":{"rendered":"https:\/\/www.stjb-delasalle.fr\/?p=7725"},"modified":"2021-12-09T08:52:38","modified_gmt":"2021-12-09T08:52:38","slug":"karneval-in-deutschland","status":"publish","type":"post","link":"https:\/\/www.stjb-delasalle.fr\/site\/2021\/02\/18\/karneval-in-deutschland\/","title":{"rendered":"KARNEVAL IN DEUTSCHLAND !"},"content":{"rendered":"<p><span style=\"color: #ff0000;\"><img fetchpriority=\"high\" decoding=\"async\" class=\" wp-image-7726 alignleft\" src=\"https:\/\/www.stjb-delasalle.fr\/wp-content\/uploads\/2021\/02\/carnval.png\" alt=\"\" width=\"405\" height=\"316\" \/>Le carnaval existe en Allemagne et a une grande importance puisqu\u2019il commence chaque ann\u00e9e le 11 novembre \u00e0 11h11 et se termine le mercredi des Cendres, soit un jour apr\u00e8s mardi gras.<\/span><\/p>\n<p><span style=\"color: #3366ff;\">Mais que font-ils pendant tout ce temps\u00a0?<\/span><\/p>\n<p><span style=\"color: #3366ff;\">Il faut pr\u00e9parer les chars, les costumes, faire les \u00e9lections des princes et princesses de carnaval\u2026Mais la p\u00e9riode la plus festive a lieu autour de mardi gras, du jeudi qui pr\u00e9c\u00e8de jusqu\u2019au mercredi des Cendres. Cette ann\u00e9e du jeudi 11 f\u00e9vrier au mercredi 17 f\u00e9vrier.<\/span><\/p>\n<p><span style=\"color: #ff6600;\">Jeudi, journ\u00e9e des femmes qui ont (presque\u00a0!) tous les droits. Elles embrassent les passants sur les joues, coupent les cravates\u2026Dans une bonne ambiance\u00a0!<\/span><\/p>\n<p><span style=\"color: #ff6600;\">Le week-end est consacr\u00e9 aux \u00ab\u00a0petits\u00a0\u00bb d\u00e9fil\u00e9s de quartiers avant celui de lundi. A Cologne, par exemple, le d\u00e9fil\u00e9 de 2020 faisait 7,5 kilom\u00e8tres de long\u00a0! Il faut se munir d\u2019un grand sac pour r\u00e9cup\u00e9rer friandises, fleurs et menus objets jet\u00e9s parmi la foule d\u00e9guis\u00e9e.<\/span><\/p>\n<p><span style=\"color: #339966;\">Voici de belles r\u00e9alisations des 6\u00e8mes bilangues et 5\u00e8mes LV2 pour ce carnaval 2021 virtuel (toute manifestation a \u00e9t\u00e9 annul\u00e9e cette ann\u00e9e\u2026). Bravo \u00e0 eux\u00a0!<\/span><\/p>\n<p>&nbsp;<\/p>\n<p><img decoding=\"async\" class=\"alignnone size-large wp-image-7727\" src=\"https:\/\/www.stjb-delasalle.fr\/wp-content\/uploads\/2021\/02\/20210216_131916_resized-1024x768.jpg\" alt=\"\" width=\"1024\" height=\"768\" \/> <img decoding=\"async\" class=\"alignnone size-large wp-image-7728\" src=\"https:\/\/www.stjb-delasalle.fr\/wp-content\/uploads\/2021\/02\/20210217_085001_resized-1024x768.jpg\" alt=\"\" width=\"1024\" height=\"768\" \/> <img loading=\"lazy\" decoding=\"async\" class=\"alignnone size-large wp-image-7729\" src=\"https:\/\/www.stjb-delasalle.fr\/wp-content\/uploads\/2021\/02\/20210217_085017_resized-1024x768.jpg\" alt=\"\" width=\"1024\" height=\"768\" \/> <img loading=\"lazy\" decoding=\"async\" class=\"alignnone size-large wp-image-7730\" src=\"https:\/\/www.stjb-delasalle.fr\/wp-content\/uploads\/2021\/02\/20210217_085023_resized-1024x768.jpg\" alt=\"\" width=\"1024\" height=\"768\" \/> <img loading=\"lazy\" decoding=\"async\" class=\"alignnone size-large wp-image-7731\" src=\"https:\/\/www.stjb-delasalle.fr\/wp-content\/uploads\/2021\/02\/20210217_085029_resized-1024x768.jpg\" alt=\"\" width=\"1024\" height=\"768\" \/> <img loading=\"lazy\" decoding=\"async\" class=\"alignnone size-large wp-image-7733\" src=\"https:\/\/www.stjb-delasalle.fr\/wp-content\/uploads\/2021\/02\/20210216_131822_resized-1024x768.jpg\" alt=\"\" width=\"1024\" height=\"768\" \/> <img loading=\"lazy\" decoding=\"async\" class=\"alignnone size-large wp-image-7734\" src=\"https:\/\/www.stjb-delasalle.fr\/wp-content\/uploads\/2021\/02\/20210216_131830_resized-1024x768.jpg\" alt=\"\" width=\"1024\" height=\"768\" \/> <img loading=\"lazy\" decoding=\"async\" class=\"alignnone size-large wp-image-7735\" src=\"https:\/\/www.stjb-delasalle.fr\/wp-content\/uploads\/2021\/02\/20210216_131834_resized-1024x768.jpg\" alt=\"\" width=\"1024\" height=\"768\" \/> <img loading=\"lazy\" decoding=\"async\" class=\"alignnone size-large wp-image-7736\" src=\"https:\/\/www.stjb-delasalle.fr\/wp-content\/uploads\/2021\/02\/20210216_131837_resized-1024x768.jpg\" alt=\"\" width=\"1024\" height=\"768\" \/> <img loading=\"lazy\" decoding=\"async\" class=\"alignnone size-large wp-image-7737\" src=\"https:\/\/www.stjb-delasalle.fr\/wp-content\/uploads\/2021\/02\/20210216_131841_resized-1024x768.jpg\" alt=\"\" width=\"1024\" height=\"768\" \/> <img loading=\"lazy\" decoding=\"async\" class=\"alignnone size-large wp-image-7738\" src=\"https:\/\/www.stjb-delasalle.fr\/wp-content\/uploads\/2021\/02\/20210216_131846_resized-1024x768.jpg\" alt=\"\" width=\"1024\" height=\"768\" \/> <img loading=\"lazy\" decoding=\"async\" class=\"alignnone size-large wp-image-7739\" src=\"https:\/\/www.stjb-delasalle.fr\/wp-content\/uploads\/2021\/02\/20210216_131852_resized-1024x768.jpg\" alt=\"\" width=\"1024\" height=\"768\" \/> <img loading=\"lazy\" decoding=\"async\" class=\"alignnone size-large wp-image-7740\" src=\"https:\/\/www.stjb-delasalle.fr\/wp-content\/uploads\/2021\/02\/20210216_131858_resized-1024x768.jpg\" alt=\"\" width=\"1024\" height=\"768\" \/> <img loading=\"lazy\" decoding=\"async\" class=\"alignnone size-large wp-image-7741\" src=\"https:\/\/www.stjb-delasalle.fr\/wp-content\/uploads\/2021\/02\/20210216_131901_resized-1024x768.jpg\" alt=\"\" width=\"1024\" height=\"768\" \/> <img loading=\"lazy\" decoding=\"async\" class=\"alignnone size-large wp-image-7742\" src=\"https:\/\/www.stjb-delasalle.fr\/wp-content\/uploads\/2021\/02\/20210216_131906_resized-1024x768.jpg\" alt=\"\" width=\"1024\" height=\"768\" \/><\/p>\n","protected":false},"excerpt":{"rendered":"<p>Le carnaval existe en Allemagne et a une grande importance puisqu\u2019il commence chaque ann\u00e9e le 11 novembre \u00e0 11h11 et se termine le mercredi des Cendres, soit un jour apr\u00e8s mardi gras. Mais que font-ils pendant tout ce temps\u00a0? Il faut pr\u00e9parer les chars, les costumes, faire les \u00e9lections des princes et princesses de carnaval\u2026Mais [&hellip;]<\/p>\n","protected":false},"author":1,"featured_media":9674,"comment_status":"closed","ping_status":"closed","sticky":false,"template":"","format":"standard","meta":{"site-sidebar-layout":"default","site-content-layout":"default","ast-site-content-layout":"default","site-content-style":"default","site-sidebar-style":"default","ast-global-header-display":"","ast-banner-title-visibility":"","ast-main-header-display":"","ast-hfb-above-header-display":"","ast-hfb-below-header-display":"","ast-hfb-mobile-header-display":"","site-post-title":"","ast-breadcrumbs-content":"","ast-featured-img":"","footer-sml-layout":"","ast-disable-related-posts":"","theme-transparent-header-meta":"default","adv-header-id-meta":"","stick-header-meta":"","header-above-stick-meta":"","header-main-stick-meta":"","header-below-stick-meta":"","astra-migrate-meta-layouts":"default","ast-page-background-enabled":"default","ast-page-background-meta":{"desktop":{"background-color":"var(--ast-global-color-4)","background-image":"","background-repeat":"repeat","background-position":"center center","background-size":"auto","background-attachment":"scroll","background-type":"","background-media":"","overlay-type":"","overlay-color":"","overlay-opacity":"","overlay-gradient":""},"tablet":{"background-color":"","background-image":"","background-repeat":"repeat","background-position":"center center","background-size":"auto","background-attachment":"scroll","background-type":"","background-media":"","overlay-type":"","overlay-color":"","overlay-opacity":"","overlay-gradient":""},"mobile":{"background-color":"","background-image":"","background-repeat":"repeat","background-position":"center center","background-size":"auto","background-attachment":"scroll","background-type":"","background-media":"","overlay-type":"","overlay-color":"","overlay-opacity":"","overlay-gradient":""}},"ast-content-background-meta":{"desktop":{"background-color":"var(--ast-global-color-5)","background-image":"","background-repeat":"repeat","background-position":"center center","background-size":"auto","background-attachment":"scroll","background-type":"","background-media":"","overlay-type":"","overlay-color":"","overlay-opacity":"","overlay-gradient":""},"tablet":{"background-color":"var(--ast-global-color-5)","background-image":"","background-repeat":"repeat","background-position":"center center","background-size":"auto","background-attachment":"scroll","background-type":"","background-media":"","overlay-type":"","overlay-color":"","overlay-opacity":"","overlay-gradient":""},"mobile":{"background-color":"var(--ast-global-color-5)","background-image":"","background-repeat":"repeat","background-position":"center center","background-size":"auto","background-attachment":"scroll","background-type":"","background-media":"","overlay-type":"","overlay-color":"","overlay-opacity":"","overlay-gradient":""}},"footnotes":""},"categories":[51,6],"tags":[],"class_list":["post-7725","post","type-post","status-publish","format-standard","has-post-thumbnail","hentry","category-allemand","category-college"],"yoast_head":"<!-- This site is optimized with the Yoast SEO plugin v27.5 - https:\/\/yoast.com\/product\/yoast-seo-wordpress\/ -->\n<title>KARNEVAL IN DEUTSCHLAND ! - Coll\u00e8ge Saint Jean Baptiste de La Salle<\/title>\n<meta name=\"robots\" content=\"index, follow, max-snippet:-1, max-image-preview:large, max-video-preview:-1\" \/>\n<link rel=\"canonical\" href=\"https:\/\/www.stjb-delasalle.fr\/site\/2021\/02\/18\/karneval-in-deutschland\/\" \/>\n<meta property=\"og:locale\" content=\"fr_FR\" \/>\n<meta property=\"og:type\" content=\"article\" \/>\n<meta property=\"og:title\" content=\"KARNEVAL IN DEUTSCHLAND ! - Coll\u00e8ge Saint Jean Baptiste de La Salle\" \/>\n<meta property=\"og:description\" content=\"Le carnaval existe en Allemagne et a une grande importance puisqu\u2019il commence chaque ann\u00e9e le 11 novembre \u00e0 11h11 et se termine le mercredi des Cendres, soit un jour apr\u00e8s mardi gras. Mais que font-ils pendant tout ce temps\u00a0? Il faut pr\u00e9parer les chars, les costumes, faire les \u00e9lections des princes et princesses de carnaval\u2026Mais [&hellip;]\" \/>\n<meta property=\"og:url\" content=\"https:\/\/www.stjb-delasalle.fr\/site\/2021\/02\/18\/karneval-in-deutschland\/\" \/>\n<meta property=\"og:site_name\" content=\"Coll\u00e8ge Saint Jean Baptiste de La Salle\" \/>\n<meta property=\"article:published_time\" content=\"2021-02-18T07:14:41+00:00\" \/>\n<meta property=\"article:modified_time\" content=\"2021-12-09T08:52:38+00:00\" \/>\n<meta property=\"og:image\" content=\"https:\/\/www.stjb-delasalle.fr\/site\/wp-content\/uploads\/2021\/02\/20210217_084930_resized-1024x768-1.jpg\" \/>\n\t<meta property=\"og:image:width\" content=\"1024\" \/>\n\t<meta property=\"og:image:height\" content=\"768\" \/>\n\t<meta property=\"og:image:type\" content=\"image\/jpeg\" \/>\n<meta name=\"author\" content=\"r.zucchetti\" \/>\n<meta name=\"twitter:card\" content=\"summary_large_image\" \/>\n<meta name=\"twitter:label1\" content=\"\u00c9crit par\" \/>\n\t<meta name=\"twitter:data1\" content=\"r.zucchetti\" \/>\n\t<meta name=\"twitter:label2\" content=\"Dur\u00e9e de lecture estim\u00e9e\" \/>\n\t<meta name=\"twitter:data2\" content=\"1 minute\" \/>\n<script type=\"application\/ld+json\" class=\"yoast-schema-graph\">{\"@context\":\"https:\\\/\\\/schema.org\",\"@graph\":[{\"@type\":\"Article\",\"@id\":\"https:\\\/\\\/www.stjb-delasalle.fr\\\/site\\\/2021\\\/02\\\/18\\\/karneval-in-deutschland\\\/#article\",\"isPartOf\":{\"@id\":\"https:\\\/\\\/www.stjb-delasalle.fr\\\/site\\\/2021\\\/02\\\/18\\\/karneval-in-deutschland\\\/\"},\"author\":{\"name\":\"r.zucchetti\",\"@id\":\"https:\\\/\\\/www.stjb-delasalle.fr\\\/site\\\/#\\\/schema\\\/person\\\/36988a7b4178dd69b805a25eea2b8f8f\"},\"headline\":\"KARNEVAL IN DEUTSCHLAND !\",\"datePublished\":\"2021-02-18T07:14:41+00:00\",\"dateModified\":\"2021-12-09T08:52:38+00:00\",\"mainEntityOfPage\":{\"@id\":\"https:\\\/\\\/www.stjb-delasalle.fr\\\/site\\\/2021\\\/02\\\/18\\\/karneval-in-deutschland\\\/\"},\"wordCount\":200,\"publisher\":{\"@id\":\"https:\\\/\\\/www.stjb-delasalle.fr\\\/site\\\/#organization\"},\"image\":{\"@id\":\"https:\\\/\\\/www.stjb-delasalle.fr\\\/site\\\/2021\\\/02\\\/18\\\/karneval-in-deutschland\\\/#primaryimage\"},\"thumbnailUrl\":\"https:\\\/\\\/www.stjb-delasalle.fr\\\/site\\\/wp-content\\\/uploads\\\/2021\\\/02\\\/20210217_084930_resized-1024x768-1.jpg\",\"articleSection\":[\"Allemand\",\"Coll\u00e8ge\"],\"inLanguage\":\"fr-FR\"},{\"@type\":\"WebPage\",\"@id\":\"https:\\\/\\\/www.stjb-delasalle.fr\\\/site\\\/2021\\\/02\\\/18\\\/karneval-in-deutschland\\\/\",\"url\":\"https:\\\/\\\/www.stjb-delasalle.fr\\\/site\\\/2021\\\/02\\\/18\\\/karneval-in-deutschland\\\/\",\"name\":\"KARNEVAL IN DEUTSCHLAND ! - Coll\u00e8ge Saint Jean Baptiste de La Salle\",\"isPartOf\":{\"@id\":\"https:\\\/\\\/www.stjb-delasalle.fr\\\/site\\\/#website\"},\"primaryImageOfPage\":{\"@id\":\"https:\\\/\\\/www.stjb-delasalle.fr\\\/site\\\/2021\\\/02\\\/18\\\/karneval-in-deutschland\\\/#primaryimage\"},\"image\":{\"@id\":\"https:\\\/\\\/www.stjb-delasalle.fr\\\/site\\\/2021\\\/02\\\/18\\\/karneval-in-deutschland\\\/#primaryimage\"},\"thumbnailUrl\":\"https:\\\/\\\/www.stjb-delasalle.fr\\\/site\\\/wp-content\\\/uploads\\\/2021\\\/02\\\/20210217_084930_resized-1024x768-1.jpg\",\"datePublished\":\"2021-02-18T07:14:41+00:00\",\"dateModified\":\"2021-12-09T08:52:38+00:00\",\"breadcrumb\":{\"@id\":\"https:\\\/\\\/www.stjb-delasalle.fr\\\/site\\\/2021\\\/02\\\/18\\\/karneval-in-deutschland\\\/#breadcrumb\"},\"inLanguage\":\"fr-FR\",\"potentialAction\":[{\"@type\":\"ReadAction\",\"target\":[\"https:\\\/\\\/www.stjb-delasalle.fr\\\/site\\\/2021\\\/02\\\/18\\\/karneval-in-deutschland\\\/\"]}]},{\"@type\":\"ImageObject\",\"inLanguage\":\"fr-FR\",\"@id\":\"https:\\\/\\\/www.stjb-delasalle.fr\\\/site\\\/2021\\\/02\\\/18\\\/karneval-in-deutschland\\\/#primaryimage\",\"url\":\"https:\\\/\\\/www.stjb-delasalle.fr\\\/site\\\/wp-content\\\/uploads\\\/2021\\\/02\\\/20210217_084930_resized-1024x768-1.jpg\",\"contentUrl\":\"https:\\\/\\\/www.stjb-delasalle.fr\\\/site\\\/wp-content\\\/uploads\\\/2021\\\/02\\\/20210217_084930_resized-1024x768-1.jpg\",\"width\":1024,\"height\":768},{\"@type\":\"BreadcrumbList\",\"@id\":\"https:\\\/\\\/www.stjb-delasalle.fr\\\/site\\\/2021\\\/02\\\/18\\\/karneval-in-deutschland\\\/#breadcrumb\",\"itemListElement\":[{\"@type\":\"ListItem\",\"position\":1,\"name\":\"Accueil\",\"item\":\"https:\\\/\\\/www.stjb-delasalle.fr\\\/site\\\/\"},{\"@type\":\"ListItem\",\"position\":2,\"name\":\"KARNEVAL IN DEUTSCHLAND !\"}]},{\"@type\":\"WebSite\",\"@id\":\"https:\\\/\\\/www.stjb-delasalle.fr\\\/site\\\/#website\",\"url\":\"https:\\\/\\\/www.stjb-delasalle.fr\\\/site\\\/\",\"name\":\"Coll\u00e8ge Saint Jean Baptiste de La Salle\",\"description\":\"Notre coll\u00e8ge vous accueille sur le site du Rancher \u00e0 Teloch\u00e9\",\"publisher\":{\"@id\":\"https:\\\/\\\/www.stjb-delasalle.fr\\\/site\\\/#organization\"},\"potentialAction\":[{\"@type\":\"SearchAction\",\"target\":{\"@type\":\"EntryPoint\",\"urlTemplate\":\"https:\\\/\\\/www.stjb-delasalle.fr\\\/site\\\/?s={search_term_string}\"},\"query-input\":{\"@type\":\"PropertyValueSpecification\",\"valueRequired\":true,\"valueName\":\"search_term_string\"}}],\"inLanguage\":\"fr-FR\"},{\"@type\":\"Organization\",\"@id\":\"https:\\\/\\\/www.stjb-delasalle.fr\\\/site\\\/#organization\",\"name\":\"Coll\u00e8ge Saint Jean Baptiste de La Salle\",\"url\":\"https:\\\/\\\/www.stjb-delasalle.fr\\\/site\\\/\",\"logo\":{\"@type\":\"ImageObject\",\"inLanguage\":\"fr-FR\",\"@id\":\"https:\\\/\\\/www.stjb-delasalle.fr\\\/site\\\/#\\\/schema\\\/logo\\\/image\\\/\",\"url\":\"https:\\\/\\\/www.stjb-delasalle.fr\\\/site\\\/wp-content\\\/uploads\\\/2021\\\/11\\\/logostjb_petit_transp.png\",\"contentUrl\":\"https:\\\/\\\/www.stjb-delasalle.fr\\\/site\\\/wp-content\\\/uploads\\\/2021\\\/11\\\/logostjb_petit_transp.png\",\"width\":180,\"height\":127,\"caption\":\"Coll\u00e8ge Saint Jean Baptiste de La Salle\"},\"image\":{\"@id\":\"https:\\\/\\\/www.stjb-delasalle.fr\\\/site\\\/#\\\/schema\\\/logo\\\/image\\\/\"}},{\"@type\":\"Person\",\"@id\":\"https:\\\/\\\/www.stjb-delasalle.fr\\\/site\\\/#\\\/schema\\\/person\\\/36988a7b4178dd69b805a25eea2b8f8f\",\"name\":\"r.zucchetti\",\"image\":{\"@type\":\"ImageObject\",\"inLanguage\":\"fr-FR\",\"@id\":\"https:\\\/\\\/secure.gravatar.com\\\/avatar\\\/de909cd474d221f967baff6582e1e559c4977b81139138190583ff7dda97b212?s=96&d=mm&r=g\",\"url\":\"https:\\\/\\\/secure.gravatar.com\\\/avatar\\\/de909cd474d221f967baff6582e1e559c4977b81139138190583ff7dda97b212?s=96&d=mm&r=g\",\"contentUrl\":\"https:\\\/\\\/secure.gravatar.com\\\/avatar\\\/de909cd474d221f967baff6582e1e559c4977b81139138190583ff7dda97b212?s=96&d=mm&r=g\",\"caption\":\"r.zucchetti\"},\"sameAs\":[\"https:\\\/\\\/www.stjb-delasalle.fr\\\/site\"],\"url\":\"https:\\\/\\\/www.stjb-delasalle.fr\\\/site\\\/author\\\/r-zucchetti\\\/\"}]}<\/script>\n<!-- \/ Yoast SEO plugin. -->","yoast_head_json":{"title":"KARNEVAL IN DEUTSCHLAND ! - Coll\u00e8ge Saint Jean Baptiste de La Salle","robots":{"index":"index","follow":"follow","max-snippet":"max-snippet:-1","max-image-preview":"max-image-preview:large","max-video-preview":"max-video-preview:-1"},"canonical":"https:\/\/www.stjb-delasalle.fr\/site\/2021\/02\/18\/karneval-in-deutschland\/","og_locale":"fr_FR","og_type":"article","og_title":"KARNEVAL IN DEUTSCHLAND ! - Coll\u00e8ge Saint Jean Baptiste de La Salle","og_description":"Le carnaval existe en Allemagne et a une grande importance puisqu\u2019il commence chaque ann\u00e9e le 11 novembre \u00e0 11h11 et se termine le mercredi des Cendres, soit un jour apr\u00e8s mardi gras. Mais que font-ils pendant tout ce temps\u00a0? Il faut pr\u00e9parer les chars, les costumes, faire les \u00e9lections des princes et princesses de carnaval\u2026Mais [&hellip;]","og_url":"https:\/\/www.stjb-delasalle.fr\/site\/2021\/02\/18\/karneval-in-deutschland\/","og_site_name":"Coll\u00e8ge Saint Jean Baptiste de La Salle","article_published_time":"2021-02-18T07:14:41+00:00","article_modified_time":"2021-12-09T08:52:38+00:00","og_image":[{"width":1024,"height":768,"url":"https:\/\/www.stjb-delasalle.fr\/site\/wp-content\/uploads\/2021\/02\/20210217_084930_resized-1024x768-1.jpg","type":"image\/jpeg"}],"author":"r.zucchetti","twitter_card":"summary_large_image","twitter_misc":{"\u00c9crit par":"r.zucchetti","Dur\u00e9e de lecture estim\u00e9e":"1 minute"},"schema":{"@context":"https:\/\/schema.org","@graph":[{"@type":"Article","@id":"https:\/\/www.stjb-delasalle.fr\/site\/2021\/02\/18\/karneval-in-deutschland\/#article","isPartOf":{"@id":"https:\/\/www.stjb-delasalle.fr\/site\/2021\/02\/18\/karneval-in-deutschland\/"},"author":{"name":"r.zucchetti","@id":"https:\/\/www.stjb-delasalle.fr\/site\/#\/schema\/person\/36988a7b4178dd69b805a25eea2b8f8f"},"headline":"KARNEVAL IN DEUTSCHLAND !","datePublished":"2021-02-18T07:14:41+00:00","dateModified":"2021-12-09T08:52:38+00:00","mainEntityOfPage":{"@id":"https:\/\/www.stjb-delasalle.fr\/site\/2021\/02\/18\/karneval-in-deutschland\/"},"wordCount":200,"publisher":{"@id":"https:\/\/www.stjb-delasalle.fr\/site\/#organization"},"image":{"@id":"https:\/\/www.stjb-delasalle.fr\/site\/2021\/02\/18\/karneval-in-deutschland\/#primaryimage"},"thumbnailUrl":"https:\/\/www.stjb-delasalle.fr\/site\/wp-content\/uploads\/2021\/02\/20210217_084930_resized-1024x768-1.jpg","articleSection":["Allemand","Coll\u00e8ge"],"inLanguage":"fr-FR"},{"@type":"WebPage","@id":"https:\/\/www.stjb-delasalle.fr\/site\/2021\/02\/18\/karneval-in-deutschland\/","url":"https:\/\/www.stjb-delasalle.fr\/site\/2021\/02\/18\/karneval-in-deutschland\/","name":"KARNEVAL IN DEUTSCHLAND ! - Coll\u00e8ge Saint Jean Baptiste de La Salle","isPartOf":{"@id":"https:\/\/www.stjb-delasalle.fr\/site\/#website"},"primaryImageOfPage":{"@id":"https:\/\/www.stjb-delasalle.fr\/site\/2021\/02\/18\/karneval-in-deutschland\/#primaryimage"},"image":{"@id":"https:\/\/www.stjb-delasalle.fr\/site\/2021\/02\/18\/karneval-in-deutschland\/#primaryimage"},"thumbnailUrl":"https:\/\/www.stjb-delasalle.fr\/site\/wp-content\/uploads\/2021\/02\/20210217_084930_resized-1024x768-1.jpg","datePublished":"2021-02-18T07:14:41+00:00","dateModified":"2021-12-09T08:52:38+00:00","breadcrumb":{"@id":"https:\/\/www.stjb-delasalle.fr\/site\/2021\/02\/18\/karneval-in-deutschland\/#breadcrumb"},"inLanguage":"fr-FR","potentialAction":[{"@type":"ReadAction","target":["https:\/\/www.stjb-delasalle.fr\/site\/2021\/02\/18\/karneval-in-deutschland\/"]}]},{"@type":"ImageObject","inLanguage":"fr-FR","@id":"https:\/\/www.stjb-delasalle.fr\/site\/2021\/02\/18\/karneval-in-deutschland\/#primaryimage","url":"https:\/\/www.stjb-delasalle.fr\/site\/wp-content\/uploads\/2021\/02\/20210217_084930_resized-1024x768-1.jpg","contentUrl":"https:\/\/www.stjb-delasalle.fr\/site\/wp-content\/uploads\/2021\/02\/20210217_084930_resized-1024x768-1.jpg","width":1024,"height":768},{"@type":"BreadcrumbList","@id":"https:\/\/www.stjb-delasalle.fr\/site\/2021\/02\/18\/karneval-in-deutschland\/#breadcrumb","itemListElement":[{"@type":"ListItem","position":1,"name":"Accueil","item":"https:\/\/www.stjb-delasalle.fr\/site\/"},{"@type":"ListItem","position":2,"name":"KARNEVAL IN DEUTSCHLAND !"}]},{"@type":"WebSite","@id":"https:\/\/www.stjb-delasalle.fr\/site\/#website","url":"https:\/\/www.stjb-delasalle.fr\/site\/","name":"Coll\u00e8ge Saint Jean Baptiste de La Salle","description":"Notre coll\u00e8ge vous accueille sur le site du Rancher \u00e0 Teloch\u00e9","publisher":{"@id":"https:\/\/www.stjb-delasalle.fr\/site\/#organization"},"potentialAction":[{"@type":"SearchAction","target":{"@type":"EntryPoint","urlTemplate":"https:\/\/www.stjb-delasalle.fr\/site\/?s={search_term_string}"},"query-input":{"@type":"PropertyValueSpecification","valueRequired":true,"valueName":"search_term_string"}}],"inLanguage":"fr-FR"},{"@type":"Organization","@id":"https:\/\/www.stjb-delasalle.fr\/site\/#organization","name":"Coll\u00e8ge Saint Jean Baptiste de La Salle","url":"https:\/\/www.stjb-delasalle.fr\/site\/","logo":{"@type":"ImageObject","inLanguage":"fr-FR","@id":"https:\/\/www.stjb-delasalle.fr\/site\/#\/schema\/logo\/image\/","url":"https:\/\/www.stjb-delasalle.fr\/site\/wp-content\/uploads\/2021\/11\/logostjb_petit_transp.png","contentUrl":"https:\/\/www.stjb-delasalle.fr\/site\/wp-content\/uploads\/2021\/11\/logostjb_petit_transp.png","width":180,"height":127,"caption":"Coll\u00e8ge Saint Jean Baptiste de La Salle"},"image":{"@id":"https:\/\/www.stjb-delasalle.fr\/site\/#\/schema\/logo\/image\/"}},{"@type":"Person","@id":"https:\/\/www.stjb-delasalle.fr\/site\/#\/schema\/person\/36988a7b4178dd69b805a25eea2b8f8f","name":"r.zucchetti","image":{"@type":"ImageObject","inLanguage":"fr-FR","@id":"https:\/\/secure.gravatar.com\/avatar\/de909cd474d221f967baff6582e1e559c4977b81139138190583ff7dda97b212?s=96&d=mm&r=g","url":"https:\/\/secure.gravatar.com\/avatar\/de909cd474d221f967baff6582e1e559c4977b81139138190583ff7dda97b212?s=96&d=mm&r=g","contentUrl":"https:\/\/secure.gravatar.com\/avatar\/de909cd474d221f967baff6582e1e559c4977b81139138190583ff7dda97b212?s=96&d=mm&r=g","caption":"r.zucchetti"},"sameAs":["https:\/\/www.stjb-delasalle.fr\/site"],"url":"https:\/\/www.stjb-delasalle.fr\/site\/author\/r-zucchetti\/"}]}},"_links":{"self":[{"href":"https:\/\/www.stjb-delasalle.fr\/site\/wp-json\/wp\/v2\/posts\/7725","targetHints":{"allow":["GET"]}}],"collection":[{"href":"https:\/\/www.stjb-delasalle.fr\/site\/wp-json\/wp\/v2\/posts"}],"about":[{"href":"https:\/\/www.stjb-delasalle.fr\/site\/wp-json\/wp\/v2\/types\/post"}],"author":[{"embeddable":true,"href":"https:\/\/www.stjb-delasalle.fr\/site\/wp-json\/wp\/v2\/users\/1"}],"replies":[{"embeddable":true,"href":"https:\/\/www.stjb-delasalle.fr\/site\/wp-json\/wp\/v2\/comments?post=7725"}],"version-history":[{"count":1,"href":"https:\/\/www.stjb-delasalle.fr\/site\/wp-json\/wp\/v2\/posts\/7725\/revisions"}],"predecessor-version":[{"id":9675,"href":"https:\/\/www.stjb-delasalle.fr\/site\/wp-json\/wp\/v2\/posts\/7725\/revisions\/9675"}],"wp:featuredmedia":[{"embeddable":true,"href":"https:\/\/www.stjb-delasalle.fr\/site\/wp-json\/wp\/v2\/media\/9674"}],"wp:attachment":[{"href":"https:\/\/www.stjb-delasalle.fr\/site\/wp-json\/wp\/v2\/media?parent=7725"}],"wp:term":[{"taxonomy":"category","embeddable":true,"href":"https:\/\/www.stjb-delasalle.fr\/site\/wp-json\/wp\/v2\/categories?post=7725"},{"taxonomy":"post_tag","embeddable":true,"href":"https:\/\/www.stjb-delasalle.fr\/site\/wp-json\/wp\/v2\/tags?post=7725"}],"curies":[{"name":"wp","href":"https:\/\/api.w.org\/{rel}","templated":true}]}}