{"id":7592,"date":"2021-01-28T07:52:28","date_gmt":"2021-01-28T06:52:28","guid":{"rendered":"https:\/\/www.stjb-delasalle.fr\/?p=7592"},"modified":"2021-01-28T07:52:28","modified_gmt":"2021-01-28T06:52:28","slug":"22-janvier-journee-de-lamitie-franco-allemande","status":"publish","type":"post","link":"https:\/\/www.stjb-delasalle.fr\/site\/2021\/01\/28\/22-janvier-journee-de-lamitie-franco-allemande\/","title":{"rendered":"22 janvier, journ\u00e9e de l\u2019amiti\u00e9 franco-allemande !"},"content":{"rendered":"<p>Le 22 janvier\u00a0 a \u00e9t\u00e9 symbolis\u00e9 par le trait\u00e9 de coop\u00e9ration sign\u00e9 le\u00a0<strong>22 janvier<\/strong>\u00a01963 entre le pr\u00e9sident fran\u00e7ais Charles de Gaulle et le chancelier allemand Konrad Adenauer. Ce trait\u00e9 avait vocation \u00e0 sceller la r\u00e9conciliation et l&rsquo;<strong>amiti\u00e9 franco<\/strong>&#8211;<strong>allemande.<\/strong><\/p>\n<p>Il engage les deux gouvernements \u00e0 \u00e9largir les programmes franco-allemands de mobilit\u00e9 et \u00e0 mettre en place des outils d&rsquo;excellence dans le champ de l&rsquo;enseignement et de la formation professionnels.<\/p>\n<p>Notre coll\u00e8ge et nos \u00e9l\u00e8ves germanistes ont particip\u00e9 \u00e0 leur mesure \u00e0 cette journ\u00e9e <a href=\"https:\/\/darwinessay.net\/\">essay writer help<\/a> avec un plat allemand (Currywurst mit Pommes, Apfelstrudel), des affiches sur la musique, les monuments en France te en Allemagne.<\/p>\n<p><img fetchpriority=\"high\" decoding=\"async\" class=\"alignnone size-large wp-image-7593\" src=\"https:\/\/www.stjb-delasalle.fr\/wp-content\/uploads\/2021\/01\/20210122_085442_resized-1024x768.jpg\" alt=\"\" width=\"1024\" height=\"768\" \/> <img decoding=\"async\" class=\"alignnone size-large wp-image-7602\" src=\"https:\/\/www.stjb-delasalle.fr\/wp-content\/uploads\/2021\/01\/20210122_085626_resized-768x1024.jpg\" alt=\"\" width=\"768\" height=\"1024\" \/> <img decoding=\"async\" class=\"alignnone size-large wp-image-7594\" src=\"https:\/\/www.stjb-delasalle.fr\/wp-content\/uploads\/2021\/01\/20210122_085501_resized-768x1024.jpg\" alt=\"\" width=\"768\" height=\"1024\" \/> <img loading=\"lazy\" decoding=\"async\" class=\"alignnone size-large wp-image-7601\" src=\"https:\/\/www.stjb-delasalle.fr\/wp-content\/uploads\/2021\/01\/20210122_085618_resized-1024x768.jpg\" alt=\"\" width=\"1024\" height=\"768\" \/> <img loading=\"lazy\" decoding=\"async\" class=\"alignnone size-large wp-image-7600\" src=\"https:\/\/www.stjb-delasalle.fr\/wp-content\/uploads\/2021\/01\/20210122_085555_resized-1024x768.jpg\" alt=\"\" width=\"1024\" height=\"768\" \/> <img loading=\"lazy\" decoding=\"async\" class=\"alignnone size-large wp-image-7599\" src=\"https:\/\/www.stjb-delasalle.fr\/wp-content\/uploads\/2021\/01\/20210122_085547_resized-768x1024.jpg\" alt=\"\" width=\"768\" height=\"1024\" \/> <img loading=\"lazy\" decoding=\"async\" class=\"alignnone size-large wp-image-7597\" src=\"https:\/\/www.stjb-delasalle.fr\/wp-content\/uploads\/2021\/01\/20210122_085521_resized-1024x768.jpg\" alt=\"\" width=\"1024\" height=\"768\" \/> <img loading=\"lazy\" decoding=\"async\" class=\"alignnone size-large wp-image-7598\" src=\"https:\/\/www.stjb-delasalle.fr\/wp-content\/uploads\/2021\/01\/20210122_085540_resized-1024x768.jpg\" alt=\"\" width=\"1024\" height=\"768\" \/> <img loading=\"lazy\" decoding=\"async\" class=\"alignnone size-large wp-image-7596\" src=\"https:\/\/www.stjb-delasalle.fr\/wp-content\/uploads\/2021\/01\/20210122_085513_resized-1024x768.jpg\" alt=\"\" width=\"1024\" height=\"768\" \/> <img loading=\"lazy\" decoding=\"async\" class=\"alignnone size-large wp-image-7595\" src=\"https:\/\/www.stjb-delasalle.fr\/wp-content\/uploads\/2021\/01\/20210122_085509_resized-1024x768.jpg\" alt=\"\" width=\"1024\" height=\"768\" \/><\/p>\n","protected":false},"excerpt":{"rendered":"<p>Le 22 janvier\u00a0 a \u00e9t\u00e9 symbolis\u00e9 par le trait\u00e9 de coop\u00e9ration sign\u00e9 le\u00a022 janvier\u00a01963 entre le pr\u00e9sident fran\u00e7ais Charles de Gaulle et le chancelier allemand Konrad Adenauer. Ce trait\u00e9 avait vocation \u00e0 sceller la r\u00e9conciliation et l&rsquo;amiti\u00e9 franco&#8211;allemande. Il engage les deux gouvernements \u00e0 \u00e9largir les programmes franco-allemands de mobilit\u00e9 et \u00e0 mettre en place [&hellip;]<\/p>\n","protected":false},"author":1,"featured_media":7603,"comment_status":"closed","ping_status":"closed","sticky":false,"template":"","format":"standard","meta":{"site-sidebar-layout":"default","site-content-layout":"","ast-site-content-layout":"default","site-content-style":"default","site-sidebar-style":"default","ast-global-header-display":"","ast-banner-title-visibility":"","ast-main-header-display":"","ast-hfb-above-header-display":"","ast-hfb-below-header-display":"","ast-hfb-mobile-header-display":"","site-post-title":"","ast-breadcrumbs-content":"","ast-featured-img":"","footer-sml-layout":"","ast-disable-related-posts":"","theme-transparent-header-meta":"","adv-header-id-meta":"","stick-header-meta":"","header-above-stick-meta":"","header-main-stick-meta":"","header-below-stick-meta":"","astra-migrate-meta-layouts":"default","ast-page-background-enabled":"default","ast-page-background-meta":{"desktop":{"background-color":"var(--ast-global-color-4)","background-image":"","background-repeat":"repeat","background-position":"center center","background-size":"auto","background-attachment":"scroll","background-type":"","background-media":"","overlay-type":"","overlay-color":"","overlay-opacity":"","overlay-gradient":""},"tablet":{"background-color":"","background-image":"","background-repeat":"repeat","background-position":"center center","background-size":"auto","background-attachment":"scroll","background-type":"","background-media":"","overlay-type":"","overlay-color":"","overlay-opacity":"","overlay-gradient":""},"mobile":{"background-color":"","background-image":"","background-repeat":"repeat","background-position":"center center","background-size":"auto","background-attachment":"scroll","background-type":"","background-media":"","overlay-type":"","overlay-color":"","overlay-opacity":"","overlay-gradient":""}},"ast-content-background-meta":{"desktop":{"background-color":"var(--ast-global-color-5)","background-image":"","background-repeat":"repeat","background-position":"center center","background-size":"auto","background-attachment":"scroll","background-type":"","background-media":"","overlay-type":"","overlay-color":"","overlay-opacity":"","overlay-gradient":""},"tablet":{"background-color":"var(--ast-global-color-5)","background-image":"","background-repeat":"repeat","background-position":"center center","background-size":"auto","background-attachment":"scroll","background-type":"","background-media":"","overlay-type":"","overlay-color":"","overlay-opacity":"","overlay-gradient":""},"mobile":{"background-color":"var(--ast-global-color-5)","background-image":"","background-repeat":"repeat","background-position":"center center","background-size":"auto","background-attachment":"scroll","background-type":"","background-media":"","overlay-type":"","overlay-color":"","overlay-opacity":"","overlay-gradient":""}},"footnotes":""},"categories":[6],"tags":[],"class_list":["post-7592","post","type-post","status-publish","format-standard","has-post-thumbnail","hentry","category-college"],"yoast_head":"<!-- This site is optimized with the Yoast SEO plugin v27.5 - https:\/\/yoast.com\/product\/yoast-seo-wordpress\/ -->\n<title>22 janvier, journ\u00e9e de l\u2019amiti\u00e9 franco-allemande ! - Coll\u00e8ge Saint Jean Baptiste de La Salle<\/title>\n<meta name=\"robots\" content=\"index, follow, max-snippet:-1, max-image-preview:large, max-video-preview:-1\" \/>\n<link rel=\"canonical\" href=\"https:\/\/www.stjb-delasalle.fr\/site\/2021\/01\/28\/22-janvier-journee-de-lamitie-franco-allemande\/\" \/>\n<meta property=\"og:locale\" content=\"fr_FR\" \/>\n<meta property=\"og:type\" content=\"article\" \/>\n<meta property=\"og:title\" content=\"22 janvier, journ\u00e9e de l\u2019amiti\u00e9 franco-allemande ! - Coll\u00e8ge Saint Jean Baptiste de La Salle\" \/>\n<meta property=\"og:description\" content=\"Le 22 janvier\u00a0 a \u00e9t\u00e9 symbolis\u00e9 par le trait\u00e9 de coop\u00e9ration sign\u00e9 le\u00a022 janvier\u00a01963 entre le pr\u00e9sident fran\u00e7ais Charles de Gaulle et le chancelier allemand Konrad Adenauer. Ce trait\u00e9 avait vocation \u00e0 sceller la r\u00e9conciliation et l&rsquo;amiti\u00e9 franco&#8211;allemande. Il engage les deux gouvernements \u00e0 \u00e9largir les programmes franco-allemands de mobilit\u00e9 et \u00e0 mettre en place [&hellip;]\" \/>\n<meta property=\"og:url\" content=\"https:\/\/www.stjb-delasalle.fr\/site\/2021\/01\/28\/22-janvier-journee-de-lamitie-franco-allemande\/\" \/>\n<meta property=\"og:site_name\" content=\"Coll\u00e8ge Saint Jean Baptiste de La Salle\" \/>\n<meta property=\"article:published_time\" content=\"2021-01-28T06:52:28+00:00\" \/>\n<meta name=\"author\" content=\"r.zucchetti\" \/>\n<meta name=\"twitter:card\" content=\"summary_large_image\" \/>\n<meta name=\"twitter:label1\" content=\"\u00c9crit par\" \/>\n\t<meta name=\"twitter:data1\" content=\"r.zucchetti\" \/>\n\t<meta name=\"twitter:label2\" content=\"Dur\u00e9e de lecture estim\u00e9e\" \/>\n\t<meta name=\"twitter:data2\" content=\"1 minute\" \/>\n<script type=\"application\/ld+json\" class=\"yoast-schema-graph\">{\"@context\":\"https:\\\/\\\/schema.org\",\"@graph\":[{\"@type\":\"Article\",\"@id\":\"https:\\\/\\\/www.stjb-delasalle.fr\\\/site\\\/2021\\\/01\\\/28\\\/22-janvier-journee-de-lamitie-franco-allemande\\\/#article\",\"isPartOf\":{\"@id\":\"https:\\\/\\\/www.stjb-delasalle.fr\\\/site\\\/2021\\\/01\\\/28\\\/22-janvier-journee-de-lamitie-franco-allemande\\\/\"},\"author\":{\"name\":\"r.zucchetti\",\"@id\":\"https:\\\/\\\/www.stjb-delasalle.fr\\\/site\\\/#\\\/schema\\\/person\\\/36988a7b4178dd69b805a25eea2b8f8f\"},\"headline\":\"22 janvier, journ\u00e9e de l\u2019amiti\u00e9 franco-allemande !\",\"datePublished\":\"2021-01-28T06:52:28+00:00\",\"mainEntityOfPage\":{\"@id\":\"https:\\\/\\\/www.stjb-delasalle.fr\\\/site\\\/2021\\\/01\\\/28\\\/22-janvier-journee-de-lamitie-franco-allemande\\\/\"},\"wordCount\":113,\"publisher\":{\"@id\":\"https:\\\/\\\/www.stjb-delasalle.fr\\\/site\\\/#organization\"},\"image\":{\"@id\":\"https:\\\/\\\/www.stjb-delasalle.fr\\\/site\\\/2021\\\/01\\\/28\\\/22-janvier-journee-de-lamitie-franco-allemande\\\/#primaryimage\"},\"thumbnailUrl\":\"\",\"articleSection\":[\"Coll\u00e8ge\"],\"inLanguage\":\"fr-FR\"},{\"@type\":\"WebPage\",\"@id\":\"https:\\\/\\\/www.stjb-delasalle.fr\\\/site\\\/2021\\\/01\\\/28\\\/22-janvier-journee-de-lamitie-franco-allemande\\\/\",\"url\":\"https:\\\/\\\/www.stjb-delasalle.fr\\\/site\\\/2021\\\/01\\\/28\\\/22-janvier-journee-de-lamitie-franco-allemande\\\/\",\"name\":\"22 janvier, journ\u00e9e de l\u2019amiti\u00e9 franco-allemande ! - Coll\u00e8ge Saint Jean Baptiste de La Salle\",\"isPartOf\":{\"@id\":\"https:\\\/\\\/www.stjb-delasalle.fr\\\/site\\\/#website\"},\"primaryImageOfPage\":{\"@id\":\"https:\\\/\\\/www.stjb-delasalle.fr\\\/site\\\/2021\\\/01\\\/28\\\/22-janvier-journee-de-lamitie-franco-allemande\\\/#primaryimage\"},\"image\":{\"@id\":\"https:\\\/\\\/www.stjb-delasalle.fr\\\/site\\\/2021\\\/01\\\/28\\\/22-janvier-journee-de-lamitie-franco-allemande\\\/#primaryimage\"},\"thumbnailUrl\":\"\",\"datePublished\":\"2021-01-28T06:52:28+00:00\",\"breadcrumb\":{\"@id\":\"https:\\\/\\\/www.stjb-delasalle.fr\\\/site\\\/2021\\\/01\\\/28\\\/22-janvier-journee-de-lamitie-franco-allemande\\\/#breadcrumb\"},\"inLanguage\":\"fr-FR\",\"potentialAction\":[{\"@type\":\"ReadAction\",\"target\":[\"https:\\\/\\\/www.stjb-delasalle.fr\\\/site\\\/2021\\\/01\\\/28\\\/22-janvier-journee-de-lamitie-franco-allemande\\\/\"]}]},{\"@type\":\"ImageObject\",\"inLanguage\":\"fr-FR\",\"@id\":\"https:\\\/\\\/www.stjb-delasalle.fr\\\/site\\\/2021\\\/01\\\/28\\\/22-janvier-journee-de-lamitie-franco-allemande\\\/#primaryimage\",\"url\":\"\",\"contentUrl\":\"\"},{\"@type\":\"BreadcrumbList\",\"@id\":\"https:\\\/\\\/www.stjb-delasalle.fr\\\/site\\\/2021\\\/01\\\/28\\\/22-janvier-journee-de-lamitie-franco-allemande\\\/#breadcrumb\",\"itemListElement\":[{\"@type\":\"ListItem\",\"position\":1,\"name\":\"Accueil\",\"item\":\"https:\\\/\\\/www.stjb-delasalle.fr\\\/site\\\/\"},{\"@type\":\"ListItem\",\"position\":2,\"name\":\"22 janvier, journ\u00e9e de l\u2019amiti\u00e9 franco-allemande !\"}]},{\"@type\":\"WebSite\",\"@id\":\"https:\\\/\\\/www.stjb-delasalle.fr\\\/site\\\/#website\",\"url\":\"https:\\\/\\\/www.stjb-delasalle.fr\\\/site\\\/\",\"name\":\"Coll\u00e8ge Saint Jean Baptiste de La Salle\",\"description\":\"Notre coll\u00e8ge vous accueille sur le site du Rancher \u00e0 Teloch\u00e9\",\"publisher\":{\"@id\":\"https:\\\/\\\/www.stjb-delasalle.fr\\\/site\\\/#organization\"},\"potentialAction\":[{\"@type\":\"SearchAction\",\"target\":{\"@type\":\"EntryPoint\",\"urlTemplate\":\"https:\\\/\\\/www.stjb-delasalle.fr\\\/site\\\/?s={search_term_string}\"},\"query-input\":{\"@type\":\"PropertyValueSpecification\",\"valueRequired\":true,\"valueName\":\"search_term_string\"}}],\"inLanguage\":\"fr-FR\"},{\"@type\":\"Organization\",\"@id\":\"https:\\\/\\\/www.stjb-delasalle.fr\\\/site\\\/#organization\",\"name\":\"Coll\u00e8ge Saint Jean Baptiste de La Salle\",\"url\":\"https:\\\/\\\/www.stjb-delasalle.fr\\\/site\\\/\",\"logo\":{\"@type\":\"ImageObject\",\"inLanguage\":\"fr-FR\",\"@id\":\"https:\\\/\\\/www.stjb-delasalle.fr\\\/site\\\/#\\\/schema\\\/logo\\\/image\\\/\",\"url\":\"https:\\\/\\\/www.stjb-delasalle.fr\\\/site\\\/wp-content\\\/uploads\\\/2021\\\/11\\\/logostjb_petit_transp.png\",\"contentUrl\":\"https:\\\/\\\/www.stjb-delasalle.fr\\\/site\\\/wp-content\\\/uploads\\\/2021\\\/11\\\/logostjb_petit_transp.png\",\"width\":180,\"height\":127,\"caption\":\"Coll\u00e8ge Saint Jean Baptiste de La Salle\"},\"image\":{\"@id\":\"https:\\\/\\\/www.stjb-delasalle.fr\\\/site\\\/#\\\/schema\\\/logo\\\/image\\\/\"}},{\"@type\":\"Person\",\"@id\":\"https:\\\/\\\/www.stjb-delasalle.fr\\\/site\\\/#\\\/schema\\\/person\\\/36988a7b4178dd69b805a25eea2b8f8f\",\"name\":\"r.zucchetti\",\"image\":{\"@type\":\"ImageObject\",\"inLanguage\":\"fr-FR\",\"@id\":\"https:\\\/\\\/secure.gravatar.com\\\/avatar\\\/de909cd474d221f967baff6582e1e559c4977b81139138190583ff7dda97b212?s=96&d=mm&r=g\",\"url\":\"https:\\\/\\\/secure.gravatar.com\\\/avatar\\\/de909cd474d221f967baff6582e1e559c4977b81139138190583ff7dda97b212?s=96&d=mm&r=g\",\"contentUrl\":\"https:\\\/\\\/secure.gravatar.com\\\/avatar\\\/de909cd474d221f967baff6582e1e559c4977b81139138190583ff7dda97b212?s=96&d=mm&r=g\",\"caption\":\"r.zucchetti\"},\"sameAs\":[\"https:\\\/\\\/www.stjb-delasalle.fr\\\/site\"],\"url\":\"https:\\\/\\\/www.stjb-delasalle.fr\\\/site\\\/author\\\/r-zucchetti\\\/\"}]}<\/script>\n<!-- \/ Yoast SEO plugin. -->","yoast_head_json":{"title":"22 janvier, journ\u00e9e de l\u2019amiti\u00e9 franco-allemande ! - Coll\u00e8ge Saint Jean Baptiste de La Salle","robots":{"index":"index","follow":"follow","max-snippet":"max-snippet:-1","max-image-preview":"max-image-preview:large","max-video-preview":"max-video-preview:-1"},"canonical":"https:\/\/www.stjb-delasalle.fr\/site\/2021\/01\/28\/22-janvier-journee-de-lamitie-franco-allemande\/","og_locale":"fr_FR","og_type":"article","og_title":"22 janvier, journ\u00e9e de l\u2019amiti\u00e9 franco-allemande ! - Coll\u00e8ge Saint Jean Baptiste de La Salle","og_description":"Le 22 janvier\u00a0 a \u00e9t\u00e9 symbolis\u00e9 par le trait\u00e9 de coop\u00e9ration sign\u00e9 le\u00a022 janvier\u00a01963 entre le pr\u00e9sident fran\u00e7ais Charles de Gaulle et le chancelier allemand Konrad Adenauer. Ce trait\u00e9 avait vocation \u00e0 sceller la r\u00e9conciliation et l&rsquo;amiti\u00e9 franco&#8211;allemande. Il engage les deux gouvernements \u00e0 \u00e9largir les programmes franco-allemands de mobilit\u00e9 et \u00e0 mettre en place [&hellip;]","og_url":"https:\/\/www.stjb-delasalle.fr\/site\/2021\/01\/28\/22-janvier-journee-de-lamitie-franco-allemande\/","og_site_name":"Coll\u00e8ge Saint Jean Baptiste de La Salle","article_published_time":"2021-01-28T06:52:28+00:00","author":"r.zucchetti","twitter_card":"summary_large_image","twitter_misc":{"\u00c9crit par":"r.zucchetti","Dur\u00e9e de lecture estim\u00e9e":"1 minute"},"schema":{"@context":"https:\/\/schema.org","@graph":[{"@type":"Article","@id":"https:\/\/www.stjb-delasalle.fr\/site\/2021\/01\/28\/22-janvier-journee-de-lamitie-franco-allemande\/#article","isPartOf":{"@id":"https:\/\/www.stjb-delasalle.fr\/site\/2021\/01\/28\/22-janvier-journee-de-lamitie-franco-allemande\/"},"author":{"name":"r.zucchetti","@id":"https:\/\/www.stjb-delasalle.fr\/site\/#\/schema\/person\/36988a7b4178dd69b805a25eea2b8f8f"},"headline":"22 janvier, journ\u00e9e de l\u2019amiti\u00e9 franco-allemande !","datePublished":"2021-01-28T06:52:28+00:00","mainEntityOfPage":{"@id":"https:\/\/www.stjb-delasalle.fr\/site\/2021\/01\/28\/22-janvier-journee-de-lamitie-franco-allemande\/"},"wordCount":113,"publisher":{"@id":"https:\/\/www.stjb-delasalle.fr\/site\/#organization"},"image":{"@id":"https:\/\/www.stjb-delasalle.fr\/site\/2021\/01\/28\/22-janvier-journee-de-lamitie-franco-allemande\/#primaryimage"},"thumbnailUrl":"","articleSection":["Coll\u00e8ge"],"inLanguage":"fr-FR"},{"@type":"WebPage","@id":"https:\/\/www.stjb-delasalle.fr\/site\/2021\/01\/28\/22-janvier-journee-de-lamitie-franco-allemande\/","url":"https:\/\/www.stjb-delasalle.fr\/site\/2021\/01\/28\/22-janvier-journee-de-lamitie-franco-allemande\/","name":"22 janvier, journ\u00e9e de l\u2019amiti\u00e9 franco-allemande ! - Coll\u00e8ge Saint Jean Baptiste de La Salle","isPartOf":{"@id":"https:\/\/www.stjb-delasalle.fr\/site\/#website"},"primaryImageOfPage":{"@id":"https:\/\/www.stjb-delasalle.fr\/site\/2021\/01\/28\/22-janvier-journee-de-lamitie-franco-allemande\/#primaryimage"},"image":{"@id":"https:\/\/www.stjb-delasalle.fr\/site\/2021\/01\/28\/22-janvier-journee-de-lamitie-franco-allemande\/#primaryimage"},"thumbnailUrl":"","datePublished":"2021-01-28T06:52:28+00:00","breadcrumb":{"@id":"https:\/\/www.stjb-delasalle.fr\/site\/2021\/01\/28\/22-janvier-journee-de-lamitie-franco-allemande\/#breadcrumb"},"inLanguage":"fr-FR","potentialAction":[{"@type":"ReadAction","target":["https:\/\/www.stjb-delasalle.fr\/site\/2021\/01\/28\/22-janvier-journee-de-lamitie-franco-allemande\/"]}]},{"@type":"ImageObject","inLanguage":"fr-FR","@id":"https:\/\/www.stjb-delasalle.fr\/site\/2021\/01\/28\/22-janvier-journee-de-lamitie-franco-allemande\/#primaryimage","url":"","contentUrl":""},{"@type":"BreadcrumbList","@id":"https:\/\/www.stjb-delasalle.fr\/site\/2021\/01\/28\/22-janvier-journee-de-lamitie-franco-allemande\/#breadcrumb","itemListElement":[{"@type":"ListItem","position":1,"name":"Accueil","item":"https:\/\/www.stjb-delasalle.fr\/site\/"},{"@type":"ListItem","position":2,"name":"22 janvier, journ\u00e9e de l\u2019amiti\u00e9 franco-allemande !"}]},{"@type":"WebSite","@id":"https:\/\/www.stjb-delasalle.fr\/site\/#website","url":"https:\/\/www.stjb-delasalle.fr\/site\/","name":"Coll\u00e8ge Saint Jean Baptiste de La Salle","description":"Notre coll\u00e8ge vous accueille sur le site du Rancher \u00e0 Teloch\u00e9","publisher":{"@id":"https:\/\/www.stjb-delasalle.fr\/site\/#organization"},"potentialAction":[{"@type":"SearchAction","target":{"@type":"EntryPoint","urlTemplate":"https:\/\/www.stjb-delasalle.fr\/site\/?s={search_term_string}"},"query-input":{"@type":"PropertyValueSpecification","valueRequired":true,"valueName":"search_term_string"}}],"inLanguage":"fr-FR"},{"@type":"Organization","@id":"https:\/\/www.stjb-delasalle.fr\/site\/#organization","name":"Coll\u00e8ge Saint Jean Baptiste de La Salle","url":"https:\/\/www.stjb-delasalle.fr\/site\/","logo":{"@type":"ImageObject","inLanguage":"fr-FR","@id":"https:\/\/www.stjb-delasalle.fr\/site\/#\/schema\/logo\/image\/","url":"https:\/\/www.stjb-delasalle.fr\/site\/wp-content\/uploads\/2021\/11\/logostjb_petit_transp.png","contentUrl":"https:\/\/www.stjb-delasalle.fr\/site\/wp-content\/uploads\/2021\/11\/logostjb_petit_transp.png","width":180,"height":127,"caption":"Coll\u00e8ge Saint Jean Baptiste de La Salle"},"image":{"@id":"https:\/\/www.stjb-delasalle.fr\/site\/#\/schema\/logo\/image\/"}},{"@type":"Person","@id":"https:\/\/www.stjb-delasalle.fr\/site\/#\/schema\/person\/36988a7b4178dd69b805a25eea2b8f8f","name":"r.zucchetti","image":{"@type":"ImageObject","inLanguage":"fr-FR","@id":"https:\/\/secure.gravatar.com\/avatar\/de909cd474d221f967baff6582e1e559c4977b81139138190583ff7dda97b212?s=96&d=mm&r=g","url":"https:\/\/secure.gravatar.com\/avatar\/de909cd474d221f967baff6582e1e559c4977b81139138190583ff7dda97b212?s=96&d=mm&r=g","contentUrl":"https:\/\/secure.gravatar.com\/avatar\/de909cd474d221f967baff6582e1e559c4977b81139138190583ff7dda97b212?s=96&d=mm&r=g","caption":"r.zucchetti"},"sameAs":["https:\/\/www.stjb-delasalle.fr\/site"],"url":"https:\/\/www.stjb-delasalle.fr\/site\/author\/r-zucchetti\/"}]}},"_links":{"self":[{"href":"https:\/\/www.stjb-delasalle.fr\/site\/wp-json\/wp\/v2\/posts\/7592","targetHints":{"allow":["GET"]}}],"collection":[{"href":"https:\/\/www.stjb-delasalle.fr\/site\/wp-json\/wp\/v2\/posts"}],"about":[{"href":"https:\/\/www.stjb-delasalle.fr\/site\/wp-json\/wp\/v2\/types\/post"}],"author":[{"embeddable":true,"href":"https:\/\/www.stjb-delasalle.fr\/site\/wp-json\/wp\/v2\/users\/1"}],"replies":[{"embeddable":true,"href":"https:\/\/www.stjb-delasalle.fr\/site\/wp-json\/wp\/v2\/comments?post=7592"}],"version-history":[{"count":0,"href":"https:\/\/www.stjb-delasalle.fr\/site\/wp-json\/wp\/v2\/posts\/7592\/revisions"}],"wp:featuredmedia":[{"embeddable":true,"href":"https:\/\/www.stjb-delasalle.fr\/site\/wp-json\/"}],"wp:attachment":[{"href":"https:\/\/www.stjb-delasalle.fr\/site\/wp-json\/wp\/v2\/media?parent=7592"}],"wp:term":[{"taxonomy":"category","embeddable":true,"href":"https:\/\/www.stjb-delasalle.fr\/site\/wp-json\/wp\/v2\/categories?post=7592"},{"taxonomy":"post_tag","embeddable":true,"href":"https:\/\/www.stjb-delasalle.fr\/site\/wp-json\/wp\/v2\/tags?post=7592"}],"curies":[{"name":"wp","href":"https:\/\/api.w.org\/{rel}","templated":true}]}}