{"id":7358,"date":"2020-12-18T16:41:45","date_gmt":"2020-12-18T15:41:45","guid":{"rendered":"https:\/\/www.stjb-delasalle.fr\/?p=7358"},"modified":"2020-12-18T16:41:45","modified_gmt":"2020-12-18T15:41:45","slug":"projets-sur-le-theme-de-noel-en-langues-vivantes","status":"publish","type":"post","link":"https:\/\/www.stjb-delasalle.fr\/site\/2020\/12\/18\/projets-sur-le-theme-de-noel-en-langues-vivantes\/","title":{"rendered":"Projets sur le th\u00e8me de No\u00ebl en langues vivantes"},"content":{"rendered":"<p>Tout au long du mois de d\u00e9cembre, les \u00e9l\u00e8ves de tous les niveaux et de toutes les classes ont \u00e9t\u00e9 impliqu\u00e9s dans des projets obligatoires et facultatifs sur le th\u00e8me de No\u00ebl dans plusieurs langues vivantes \u00e9trang\u00e8res enseign\u00e9es au Coll\u00e8ge St Jean-Baptiste de la Salle. A savoir l\u2019allemand, l\u2019anglais et l\u2019espagnol.<\/p>\n<ul>\n<li>Le d\u00e9fi \u00ab\u00a0Virelangues de No\u00ebl\u00a0\u00bb<\/li>\n<li>Les murs d\u2019expression<\/li>\n<li>En 4<sup>\u00e8me<\/sup> LCE (Langues et Culture Europ\u00e9enne) anglais\u00a0: Les \u00e9l\u00e8ves ont r\u00e9alis\u00e9 des cartes de v\u0153ux\/ remerciement \u00e9crites et illustr\u00e9es \u00e0 la mani\u00e8re de Greg Heffley, le personnage principal de la s\u00e9rie litt\u00e9raire <em>Diary of a Wimpy Kid<\/em> dont l\u2019auteur est Jeff Kinney.<\/li>\n<li>En math\u00e9matiques\u00a0: les professeurs ont encourag\u00e9 les \u00e9l\u00e8ves \u00e0 r\u00e9aliser, dans une ou plusieurs langues \u00e9trang\u00e8res, une carte de v\u0153ux anim\u00e9e \u00e0 l\u2019aide du logiciel de programmation Scratch.<\/li>\n<\/ul>\n<p>Nous vous invitons \u00e0 regarder la vid\u00e9o pour avoir un aper\u00e7u du travail r\u00e9alis\u00e9 par les \u00e9l\u00e8ves.<\/p>\n<div class=\"ast-oembed-container \" style=\"height: 100%;\"><iframe title=\"Langues vivantes: projets sur le th\u00e8me de No\u00ebl\" width=\"500\" height=\"281\" src=\"https:\/\/www.youtube.com\/embed\/FyCz5GXpjdM?feature=oembed\" frameborder=\"0\" allow=\"accelerometer; autoplay; clipboard-write; encrypted-media; gyroscope; picture-in-picture; web-share\" referrerpolicy=\"strict-origin-when-cross-origin\" allowfullscreen><\/iframe><\/div>\n<p style=\"text-align: right;\">Les professeures de langues vivantes<\/p>\n","protected":false},"excerpt":{"rendered":"<p>Tout au long du mois de d\u00e9cembre, les \u00e9l\u00e8ves de tous les niveaux et de toutes les classes ont \u00e9t\u00e9 impliqu\u00e9s dans des projets obligatoires et facultatifs sur le th\u00e8me de No\u00ebl dans plusieurs langues vivantes \u00e9trang\u00e8res enseign\u00e9es au Coll\u00e8ge St Jean-Baptiste de la Salle. A savoir l\u2019allemand, l\u2019anglais et l\u2019espagnol. Le d\u00e9fi \u00ab\u00a0Virelangues de [&hellip;]<\/p>\n","protected":false},"author":1,"featured_media":7359,"comment_status":"closed","ping_status":"closed","sticky":false,"template":"","format":"standard","meta":{"site-sidebar-layout":"default","site-content-layout":"","ast-site-content-layout":"default","site-content-style":"default","site-sidebar-style":"default","ast-global-header-display":"","ast-banner-title-visibility":"","ast-main-header-display":"","ast-hfb-above-header-display":"","ast-hfb-below-header-display":"","ast-hfb-mobile-header-display":"","site-post-title":"","ast-breadcrumbs-content":"","ast-featured-img":"","footer-sml-layout":"","ast-disable-related-posts":"","theme-transparent-header-meta":"","adv-header-id-meta":"","stick-header-meta":"","header-above-stick-meta":"","header-main-stick-meta":"","header-below-stick-meta":"","astra-migrate-meta-layouts":"default","ast-page-background-enabled":"default","ast-page-background-meta":{"desktop":{"background-color":"var(--ast-global-color-4)","background-image":"","background-repeat":"repeat","background-position":"center center","background-size":"auto","background-attachment":"scroll","background-type":"","background-media":"","overlay-type":"","overlay-color":"","overlay-opacity":"","overlay-gradient":""},"tablet":{"background-color":"","background-image":"","background-repeat":"repeat","background-position":"center center","background-size":"auto","background-attachment":"scroll","background-type":"","background-media":"","overlay-type":"","overlay-color":"","overlay-opacity":"","overlay-gradient":""},"mobile":{"background-color":"","background-image":"","background-repeat":"repeat","background-position":"center center","background-size":"auto","background-attachment":"scroll","background-type":"","background-media":"","overlay-type":"","overlay-color":"","overlay-opacity":"","overlay-gradient":""}},"ast-content-background-meta":{"desktop":{"background-color":"var(--ast-global-color-5)","background-image":"","background-repeat":"repeat","background-position":"center center","background-size":"auto","background-attachment":"scroll","background-type":"","background-media":"","overlay-type":"","overlay-color":"","overlay-opacity":"","overlay-gradient":""},"tablet":{"background-color":"var(--ast-global-color-5)","background-image":"","background-repeat":"repeat","background-position":"center center","background-size":"auto","background-attachment":"scroll","background-type":"","background-media":"","overlay-type":"","overlay-color":"","overlay-opacity":"","overlay-gradient":""},"mobile":{"background-color":"var(--ast-global-color-5)","background-image":"","background-repeat":"repeat","background-position":"center center","background-size":"auto","background-attachment":"scroll","background-type":"","background-media":"","overlay-type":"","overlay-color":"","overlay-opacity":"","overlay-gradient":""}},"footnotes":""},"categories":[6,33],"tags":[],"class_list":["post-7358","post","type-post","status-publish","format-standard","has-post-thumbnail","hentry","category-college","category-langues-vivantes-2020-2021"],"yoast_head":"<!-- This site is optimized with the Yoast SEO plugin v27.5 - https:\/\/yoast.com\/product\/yoast-seo-wordpress\/ -->\n<title>Projets sur le th\u00e8me de No\u00ebl en langues vivantes - Coll\u00e8ge Saint Jean Baptiste de La Salle<\/title>\n<meta name=\"robots\" content=\"index, follow, max-snippet:-1, max-image-preview:large, max-video-preview:-1\" \/>\n<link rel=\"canonical\" href=\"https:\/\/www.stjb-delasalle.fr\/site\/2020\/12\/18\/projets-sur-le-theme-de-noel-en-langues-vivantes\/\" \/>\n<meta property=\"og:locale\" content=\"fr_FR\" \/>\n<meta property=\"og:type\" content=\"article\" \/>\n<meta property=\"og:title\" content=\"Projets sur le th\u00e8me de No\u00ebl en langues vivantes - Coll\u00e8ge Saint Jean Baptiste de La Salle\" \/>\n<meta property=\"og:description\" content=\"Tout au long du mois de d\u00e9cembre, les \u00e9l\u00e8ves de tous les niveaux et de toutes les classes ont \u00e9t\u00e9 impliqu\u00e9s dans des projets obligatoires et facultatifs sur le th\u00e8me de No\u00ebl dans plusieurs langues vivantes \u00e9trang\u00e8res enseign\u00e9es au Coll\u00e8ge St Jean-Baptiste de la Salle. A savoir l\u2019allemand, l\u2019anglais et l\u2019espagnol. Le d\u00e9fi \u00ab\u00a0Virelangues de [&hellip;]\" \/>\n<meta property=\"og:url\" content=\"https:\/\/www.stjb-delasalle.fr\/site\/2020\/12\/18\/projets-sur-le-theme-de-noel-en-langues-vivantes\/\" \/>\n<meta property=\"og:site_name\" content=\"Coll\u00e8ge Saint Jean Baptiste de La Salle\" \/>\n<meta property=\"article:published_time\" content=\"2020-12-18T15:41:45+00:00\" \/>\n<meta name=\"author\" content=\"r.zucchetti\" \/>\n<meta name=\"twitter:card\" content=\"summary_large_image\" \/>\n<meta name=\"twitter:label1\" content=\"\u00c9crit par\" \/>\n\t<meta name=\"twitter:data1\" content=\"r.zucchetti\" \/>\n\t<meta name=\"twitter:label2\" content=\"Dur\u00e9e de lecture estim\u00e9e\" \/>\n\t<meta name=\"twitter:data2\" content=\"1 minute\" \/>\n<script type=\"application\/ld+json\" class=\"yoast-schema-graph\">{\"@context\":\"https:\\\/\\\/schema.org\",\"@graph\":[{\"@type\":\"Article\",\"@id\":\"https:\\\/\\\/www.stjb-delasalle.fr\\\/site\\\/2020\\\/12\\\/18\\\/projets-sur-le-theme-de-noel-en-langues-vivantes\\\/#article\",\"isPartOf\":{\"@id\":\"https:\\\/\\\/www.stjb-delasalle.fr\\\/site\\\/2020\\\/12\\\/18\\\/projets-sur-le-theme-de-noel-en-langues-vivantes\\\/\"},\"author\":{\"name\":\"r.zucchetti\",\"@id\":\"https:\\\/\\\/www.stjb-delasalle.fr\\\/site\\\/#\\\/schema\\\/person\\\/36988a7b4178dd69b805a25eea2b8f8f\"},\"headline\":\"Projets sur le th\u00e8me de No\u00ebl en langues vivantes\",\"datePublished\":\"2020-12-18T15:41:45+00:00\",\"mainEntityOfPage\":{\"@id\":\"https:\\\/\\\/www.stjb-delasalle.fr\\\/site\\\/2020\\\/12\\\/18\\\/projets-sur-le-theme-de-noel-en-langues-vivantes\\\/\"},\"wordCount\":198,\"publisher\":{\"@id\":\"https:\\\/\\\/www.stjb-delasalle.fr\\\/site\\\/#organization\"},\"image\":{\"@id\":\"https:\\\/\\\/www.stjb-delasalle.fr\\\/site\\\/2020\\\/12\\\/18\\\/projets-sur-le-theme-de-noel-en-langues-vivantes\\\/#primaryimage\"},\"thumbnailUrl\":\"\",\"articleSection\":[\"Coll\u00e8ge\",\"Langues vivantes 2020-2021\"],\"inLanguage\":\"fr-FR\"},{\"@type\":\"WebPage\",\"@id\":\"https:\\\/\\\/www.stjb-delasalle.fr\\\/site\\\/2020\\\/12\\\/18\\\/projets-sur-le-theme-de-noel-en-langues-vivantes\\\/\",\"url\":\"https:\\\/\\\/www.stjb-delasalle.fr\\\/site\\\/2020\\\/12\\\/18\\\/projets-sur-le-theme-de-noel-en-langues-vivantes\\\/\",\"name\":\"Projets sur le th\u00e8me de No\u00ebl en langues vivantes - Coll\u00e8ge Saint Jean Baptiste de La Salle\",\"isPartOf\":{\"@id\":\"https:\\\/\\\/www.stjb-delasalle.fr\\\/site\\\/#website\"},\"primaryImageOfPage\":{\"@id\":\"https:\\\/\\\/www.stjb-delasalle.fr\\\/site\\\/2020\\\/12\\\/18\\\/projets-sur-le-theme-de-noel-en-langues-vivantes\\\/#primaryimage\"},\"image\":{\"@id\":\"https:\\\/\\\/www.stjb-delasalle.fr\\\/site\\\/2020\\\/12\\\/18\\\/projets-sur-le-theme-de-noel-en-langues-vivantes\\\/#primaryimage\"},\"thumbnailUrl\":\"\",\"datePublished\":\"2020-12-18T15:41:45+00:00\",\"breadcrumb\":{\"@id\":\"https:\\\/\\\/www.stjb-delasalle.fr\\\/site\\\/2020\\\/12\\\/18\\\/projets-sur-le-theme-de-noel-en-langues-vivantes\\\/#breadcrumb\"},\"inLanguage\":\"fr-FR\",\"potentialAction\":[{\"@type\":\"ReadAction\",\"target\":[\"https:\\\/\\\/www.stjb-delasalle.fr\\\/site\\\/2020\\\/12\\\/18\\\/projets-sur-le-theme-de-noel-en-langues-vivantes\\\/\"]}]},{\"@type\":\"ImageObject\",\"inLanguage\":\"fr-FR\",\"@id\":\"https:\\\/\\\/www.stjb-delasalle.fr\\\/site\\\/2020\\\/12\\\/18\\\/projets-sur-le-theme-de-noel-en-langues-vivantes\\\/#primaryimage\",\"url\":\"\",\"contentUrl\":\"\"},{\"@type\":\"BreadcrumbList\",\"@id\":\"https:\\\/\\\/www.stjb-delasalle.fr\\\/site\\\/2020\\\/12\\\/18\\\/projets-sur-le-theme-de-noel-en-langues-vivantes\\\/#breadcrumb\",\"itemListElement\":[{\"@type\":\"ListItem\",\"position\":1,\"name\":\"Accueil\",\"item\":\"https:\\\/\\\/www.stjb-delasalle.fr\\\/site\\\/\"},{\"@type\":\"ListItem\",\"position\":2,\"name\":\"Projets sur le th\u00e8me de No\u00ebl en langues vivantes\"}]},{\"@type\":\"WebSite\",\"@id\":\"https:\\\/\\\/www.stjb-delasalle.fr\\\/site\\\/#website\",\"url\":\"https:\\\/\\\/www.stjb-delasalle.fr\\\/site\\\/\",\"name\":\"Coll\u00e8ge Saint Jean Baptiste de La Salle\",\"description\":\"Notre coll\u00e8ge vous accueille sur le site du Rancher \u00e0 Teloch\u00e9\",\"publisher\":{\"@id\":\"https:\\\/\\\/www.stjb-delasalle.fr\\\/site\\\/#organization\"},\"potentialAction\":[{\"@type\":\"SearchAction\",\"target\":{\"@type\":\"EntryPoint\",\"urlTemplate\":\"https:\\\/\\\/www.stjb-delasalle.fr\\\/site\\\/?s={search_term_string}\"},\"query-input\":{\"@type\":\"PropertyValueSpecification\",\"valueRequired\":true,\"valueName\":\"search_term_string\"}}],\"inLanguage\":\"fr-FR\"},{\"@type\":\"Organization\",\"@id\":\"https:\\\/\\\/www.stjb-delasalle.fr\\\/site\\\/#organization\",\"name\":\"Coll\u00e8ge Saint Jean Baptiste de La Salle\",\"url\":\"https:\\\/\\\/www.stjb-delasalle.fr\\\/site\\\/\",\"logo\":{\"@type\":\"ImageObject\",\"inLanguage\":\"fr-FR\",\"@id\":\"https:\\\/\\\/www.stjb-delasalle.fr\\\/site\\\/#\\\/schema\\\/logo\\\/image\\\/\",\"url\":\"https:\\\/\\\/www.stjb-delasalle.fr\\\/site\\\/wp-content\\\/uploads\\\/2021\\\/11\\\/logostjb_petit_transp.png\",\"contentUrl\":\"https:\\\/\\\/www.stjb-delasalle.fr\\\/site\\\/wp-content\\\/uploads\\\/2021\\\/11\\\/logostjb_petit_transp.png\",\"width\":180,\"height\":127,\"caption\":\"Coll\u00e8ge Saint Jean Baptiste de La Salle\"},\"image\":{\"@id\":\"https:\\\/\\\/www.stjb-delasalle.fr\\\/site\\\/#\\\/schema\\\/logo\\\/image\\\/\"}},{\"@type\":\"Person\",\"@id\":\"https:\\\/\\\/www.stjb-delasalle.fr\\\/site\\\/#\\\/schema\\\/person\\\/36988a7b4178dd69b805a25eea2b8f8f\",\"name\":\"r.zucchetti\",\"image\":{\"@type\":\"ImageObject\",\"inLanguage\":\"fr-FR\",\"@id\":\"https:\\\/\\\/secure.gravatar.com\\\/avatar\\\/de909cd474d221f967baff6582e1e559c4977b81139138190583ff7dda97b212?s=96&d=mm&r=g\",\"url\":\"https:\\\/\\\/secure.gravatar.com\\\/avatar\\\/de909cd474d221f967baff6582e1e559c4977b81139138190583ff7dda97b212?s=96&d=mm&r=g\",\"contentUrl\":\"https:\\\/\\\/secure.gravatar.com\\\/avatar\\\/de909cd474d221f967baff6582e1e559c4977b81139138190583ff7dda97b212?s=96&d=mm&r=g\",\"caption\":\"r.zucchetti\"},\"sameAs\":[\"https:\\\/\\\/www.stjb-delasalle.fr\\\/site\"],\"url\":\"https:\\\/\\\/www.stjb-delasalle.fr\\\/site\\\/author\\\/r-zucchetti\\\/\"}]}<\/script>\n<!-- \/ Yoast SEO plugin. -->","yoast_head_json":{"title":"Projets sur le th\u00e8me de No\u00ebl en langues vivantes - Coll\u00e8ge Saint Jean Baptiste de La Salle","robots":{"index":"index","follow":"follow","max-snippet":"max-snippet:-1","max-image-preview":"max-image-preview:large","max-video-preview":"max-video-preview:-1"},"canonical":"https:\/\/www.stjb-delasalle.fr\/site\/2020\/12\/18\/projets-sur-le-theme-de-noel-en-langues-vivantes\/","og_locale":"fr_FR","og_type":"article","og_title":"Projets sur le th\u00e8me de No\u00ebl en langues vivantes - Coll\u00e8ge Saint Jean Baptiste de La Salle","og_description":"Tout au long du mois de d\u00e9cembre, les \u00e9l\u00e8ves de tous les niveaux et de toutes les classes ont \u00e9t\u00e9 impliqu\u00e9s dans des projets obligatoires et facultatifs sur le th\u00e8me de No\u00ebl dans plusieurs langues vivantes \u00e9trang\u00e8res enseign\u00e9es au Coll\u00e8ge St Jean-Baptiste de la Salle. A savoir l\u2019allemand, l\u2019anglais et l\u2019espagnol. Le d\u00e9fi \u00ab\u00a0Virelangues de [&hellip;]","og_url":"https:\/\/www.stjb-delasalle.fr\/site\/2020\/12\/18\/projets-sur-le-theme-de-noel-en-langues-vivantes\/","og_site_name":"Coll\u00e8ge Saint Jean Baptiste de La Salle","article_published_time":"2020-12-18T15:41:45+00:00","author":"r.zucchetti","twitter_card":"summary_large_image","twitter_misc":{"\u00c9crit par":"r.zucchetti","Dur\u00e9e de lecture estim\u00e9e":"1 minute"},"schema":{"@context":"https:\/\/schema.org","@graph":[{"@type":"Article","@id":"https:\/\/www.stjb-delasalle.fr\/site\/2020\/12\/18\/projets-sur-le-theme-de-noel-en-langues-vivantes\/#article","isPartOf":{"@id":"https:\/\/www.stjb-delasalle.fr\/site\/2020\/12\/18\/projets-sur-le-theme-de-noel-en-langues-vivantes\/"},"author":{"name":"r.zucchetti","@id":"https:\/\/www.stjb-delasalle.fr\/site\/#\/schema\/person\/36988a7b4178dd69b805a25eea2b8f8f"},"headline":"Projets sur le th\u00e8me de No\u00ebl en langues vivantes","datePublished":"2020-12-18T15:41:45+00:00","mainEntityOfPage":{"@id":"https:\/\/www.stjb-delasalle.fr\/site\/2020\/12\/18\/projets-sur-le-theme-de-noel-en-langues-vivantes\/"},"wordCount":198,"publisher":{"@id":"https:\/\/www.stjb-delasalle.fr\/site\/#organization"},"image":{"@id":"https:\/\/www.stjb-delasalle.fr\/site\/2020\/12\/18\/projets-sur-le-theme-de-noel-en-langues-vivantes\/#primaryimage"},"thumbnailUrl":"","articleSection":["Coll\u00e8ge","Langues vivantes 2020-2021"],"inLanguage":"fr-FR"},{"@type":"WebPage","@id":"https:\/\/www.stjb-delasalle.fr\/site\/2020\/12\/18\/projets-sur-le-theme-de-noel-en-langues-vivantes\/","url":"https:\/\/www.stjb-delasalle.fr\/site\/2020\/12\/18\/projets-sur-le-theme-de-noel-en-langues-vivantes\/","name":"Projets sur le th\u00e8me de No\u00ebl en langues vivantes - Coll\u00e8ge Saint Jean Baptiste de La Salle","isPartOf":{"@id":"https:\/\/www.stjb-delasalle.fr\/site\/#website"},"primaryImageOfPage":{"@id":"https:\/\/www.stjb-delasalle.fr\/site\/2020\/12\/18\/projets-sur-le-theme-de-noel-en-langues-vivantes\/#primaryimage"},"image":{"@id":"https:\/\/www.stjb-delasalle.fr\/site\/2020\/12\/18\/projets-sur-le-theme-de-noel-en-langues-vivantes\/#primaryimage"},"thumbnailUrl":"","datePublished":"2020-12-18T15:41:45+00:00","breadcrumb":{"@id":"https:\/\/www.stjb-delasalle.fr\/site\/2020\/12\/18\/projets-sur-le-theme-de-noel-en-langues-vivantes\/#breadcrumb"},"inLanguage":"fr-FR","potentialAction":[{"@type":"ReadAction","target":["https:\/\/www.stjb-delasalle.fr\/site\/2020\/12\/18\/projets-sur-le-theme-de-noel-en-langues-vivantes\/"]}]},{"@type":"ImageObject","inLanguage":"fr-FR","@id":"https:\/\/www.stjb-delasalle.fr\/site\/2020\/12\/18\/projets-sur-le-theme-de-noel-en-langues-vivantes\/#primaryimage","url":"","contentUrl":""},{"@type":"BreadcrumbList","@id":"https:\/\/www.stjb-delasalle.fr\/site\/2020\/12\/18\/projets-sur-le-theme-de-noel-en-langues-vivantes\/#breadcrumb","itemListElement":[{"@type":"ListItem","position":1,"name":"Accueil","item":"https:\/\/www.stjb-delasalle.fr\/site\/"},{"@type":"ListItem","position":2,"name":"Projets sur le th\u00e8me de No\u00ebl en langues vivantes"}]},{"@type":"WebSite","@id":"https:\/\/www.stjb-delasalle.fr\/site\/#website","url":"https:\/\/www.stjb-delasalle.fr\/site\/","name":"Coll\u00e8ge Saint Jean Baptiste de La Salle","description":"Notre coll\u00e8ge vous accueille sur le site du Rancher \u00e0 Teloch\u00e9","publisher":{"@id":"https:\/\/www.stjb-delasalle.fr\/site\/#organization"},"potentialAction":[{"@type":"SearchAction","target":{"@type":"EntryPoint","urlTemplate":"https:\/\/www.stjb-delasalle.fr\/site\/?s={search_term_string}"},"query-input":{"@type":"PropertyValueSpecification","valueRequired":true,"valueName":"search_term_string"}}],"inLanguage":"fr-FR"},{"@type":"Organization","@id":"https:\/\/www.stjb-delasalle.fr\/site\/#organization","name":"Coll\u00e8ge Saint Jean Baptiste de La Salle","url":"https:\/\/www.stjb-delasalle.fr\/site\/","logo":{"@type":"ImageObject","inLanguage":"fr-FR","@id":"https:\/\/www.stjb-delasalle.fr\/site\/#\/schema\/logo\/image\/","url":"https:\/\/www.stjb-delasalle.fr\/site\/wp-content\/uploads\/2021\/11\/logostjb_petit_transp.png","contentUrl":"https:\/\/www.stjb-delasalle.fr\/site\/wp-content\/uploads\/2021\/11\/logostjb_petit_transp.png","width":180,"height":127,"caption":"Coll\u00e8ge Saint Jean Baptiste de La Salle"},"image":{"@id":"https:\/\/www.stjb-delasalle.fr\/site\/#\/schema\/logo\/image\/"}},{"@type":"Person","@id":"https:\/\/www.stjb-delasalle.fr\/site\/#\/schema\/person\/36988a7b4178dd69b805a25eea2b8f8f","name":"r.zucchetti","image":{"@type":"ImageObject","inLanguage":"fr-FR","@id":"https:\/\/secure.gravatar.com\/avatar\/de909cd474d221f967baff6582e1e559c4977b81139138190583ff7dda97b212?s=96&d=mm&r=g","url":"https:\/\/secure.gravatar.com\/avatar\/de909cd474d221f967baff6582e1e559c4977b81139138190583ff7dda97b212?s=96&d=mm&r=g","contentUrl":"https:\/\/secure.gravatar.com\/avatar\/de909cd474d221f967baff6582e1e559c4977b81139138190583ff7dda97b212?s=96&d=mm&r=g","caption":"r.zucchetti"},"sameAs":["https:\/\/www.stjb-delasalle.fr\/site"],"url":"https:\/\/www.stjb-delasalle.fr\/site\/author\/r-zucchetti\/"}]}},"_links":{"self":[{"href":"https:\/\/www.stjb-delasalle.fr\/site\/wp-json\/wp\/v2\/posts\/7358","targetHints":{"allow":["GET"]}}],"collection":[{"href":"https:\/\/www.stjb-delasalle.fr\/site\/wp-json\/wp\/v2\/posts"}],"about":[{"href":"https:\/\/www.stjb-delasalle.fr\/site\/wp-json\/wp\/v2\/types\/post"}],"author":[{"embeddable":true,"href":"https:\/\/www.stjb-delasalle.fr\/site\/wp-json\/wp\/v2\/users\/1"}],"replies":[{"embeddable":true,"href":"https:\/\/www.stjb-delasalle.fr\/site\/wp-json\/wp\/v2\/comments?post=7358"}],"version-history":[{"count":0,"href":"https:\/\/www.stjb-delasalle.fr\/site\/wp-json\/wp\/v2\/posts\/7358\/revisions"}],"wp:featuredmedia":[{"embeddable":true,"href":"https:\/\/www.stjb-delasalle.fr\/site\/wp-json\/"}],"wp:attachment":[{"href":"https:\/\/www.stjb-delasalle.fr\/site\/wp-json\/wp\/v2\/media?parent=7358"}],"wp:term":[{"taxonomy":"category","embeddable":true,"href":"https:\/\/www.stjb-delasalle.fr\/site\/wp-json\/wp\/v2\/categories?post=7358"},{"taxonomy":"post_tag","embeddable":true,"href":"https:\/\/www.stjb-delasalle.fr\/site\/wp-json\/wp\/v2\/tags?post=7358"}],"curies":[{"name":"wp","href":"https:\/\/api.w.org\/{rel}","templated":true}]}}