{"id":7285,"date":"2021-01-17T09:28:24","date_gmt":"2021-01-17T08:28:24","guid":{"rendered":"https:\/\/www.stjb-delasalle.fr\/?p=7285"},"modified":"2021-01-17T09:28:24","modified_gmt":"2021-01-17T08:28:24","slug":"liberte-expression-2","status":"publish","type":"post","link":"https:\/\/www.stjb-delasalle.fr\/site\/2021\/01\/17\/liberte-expression-2\/","title":{"rendered":"La libert\u00e9 d&rsquo;expression : caricatures et dessin de presse"},"content":{"rendered":"<p style=\"text-align: center;\"><strong><em><span style=\"color: #808080;\">S\u00e9quence sur&#8230;\u00a0 <\/span><span style=\"color: #000000;\">La libert\u00e9 d&rsquo;expression : Caricatures et dessins de presse <\/span><\/em><\/strong><span style=\"color: #000000;\"><em>&#8211;\u00a0<\/em> Arts plastiques\/EMC<\/span><\/p>\n<p>Apr\u00e8s avoir visionn\u00e9 un\u00a0 <a href=\"https:\/\/www.stjb-delasalle.fr\/wp-content\/uploads\/2020\/11\/Diaporama-caricatures-6\u00e85\u00e8.pdf\" target=\"_blank\" rel=\"noopener noreferrer\">diaporama de caricatures<\/a> et avoir rep\u00e9r\u00e9 des dessins de presse dans deux grands quotidiens, les \u00e9l\u00e8ves de 6eC et de 6eE ont \u00e9tudi\u00e9 des <a href=\"https:\/\/www.stjb-delasalle.fr\/wp-content\/uploads\/2020\/07\/textes-officiels.pdf\">textes officiels<\/a> sur la libert\u00e9 d&rsquo;expression en EMC. Ils ont ensuite fait un d\u00e9bat \u00ab\u00a0Pourquoi faut-il pr\u00e9server la libert\u00e9 d&rsquo;expression ?\u00a0\u00bb. Enfin, ils ont r\u00e9alis\u00e9 des caricatures en Arts plastiques.<\/p>\n<p style=\"text-align: center;\"><em><strong>#Les activit\u00e9s en EMC<\/strong><\/em><\/p>\n<p>&nbsp;<\/p>\n<p>&nbsp;<\/p>\n<figure id=\"attachment_7300\" aria-describedby=\"caption-attachment-7300\" style=\"width: 300px\" class=\"wp-caption alignleft\"><img decoding=\"async\" class=\"wp-image-7300\" src=\"https:\/\/www.stjb-delasalle.fr\/wp-content\/uploads\/2020\/12\/photos_journal2-e1607534078498-300x125.jpg\" alt=\"\" width=\"300\" height=\"125\" \/><figcaption id=\"caption-attachment-7300\" class=\"wp-caption-text\">En 6eC, recherche des dessins de presse dans Ouest France et La Croix<\/figcaption><\/figure>\n<p><img fetchpriority=\"high\" decoding=\"async\" class=\"wp-image-7301 alignleft\" src=\"https:\/\/www.stjb-delasalle.fr\/wp-content\/uploads\/2020\/12\/photos_journal-225x300.jpg\" alt=\"\" width=\"241\" height=\"322\" \/><\/p>\n<figure id=\"attachment_7298\" aria-describedby=\"caption-attachment-7298\" style=\"width: 392px\" class=\"wp-caption alignleft\"><img decoding=\"async\" class=\"wp-image-7298\" src=\"https:\/\/www.stjb-delasalle.fr\/wp-content\/uploads\/2020\/12\/photos_scribe-e1607533724413-300x224.jpg\" alt=\"\" width=\"392\" height=\"293\" \/><figcaption id=\"caption-attachment-7298\" class=\"wp-caption-text\">Elisa, scribe du d\u00e9bat de la 6eC<\/figcaption><\/figure>\n<figure id=\"attachment_7297\" aria-describedby=\"caption-attachment-7297\" style=\"width: 300px\" class=\"wp-caption alignleft\"><img loading=\"lazy\" decoding=\"async\" class=\"wp-image-7297 size-medium\" src=\"https:\/\/www.stjb-delasalle.fr\/wp-content\/uploads\/2020\/12\/photos_chevalet-300x225.jpg\" alt=\"\" width=\"300\" height=\"225\" \/><figcaption id=\"caption-attachment-7297\" class=\"wp-caption-text\">Le d\u00e9bat<\/figcaption><\/figure>\n<p><span style=\"color: #000000;\"><em><strong>\u00a0<\/strong><\/em><\/span><\/p>\n<p>&nbsp;<\/p>\n<figure id=\"attachment_7283\" aria-describedby=\"caption-attachment-7283\" style=\"width: 4232px\" class=\"wp-caption alignnone\"><img loading=\"lazy\" decoding=\"async\" class=\"wp-image-7283 size-full\" src=\"https:\/\/www.stjb-delasalle.fr\/wp-content\/uploads\/2020\/11\/La\u00efcit\u00e9_article_6E.jpg\" alt=\"\" width=\"4232\" height=\"1792\" \/><figcaption id=\"caption-attachment-7283\" class=\"wp-caption-text\">Lenny, illustrateur et No\u00e9mie, journaliste du d\u00e9bat de la 6eE<\/figcaption><\/figure>\n<p>&nbsp;<\/p>\n<p style=\"text-align: center;\"><em><strong>#Les productions en Arts plastiques<\/strong><\/em><\/p>\n<figure id=\"attachment_7535\" aria-describedby=\"caption-attachment-7535\" style=\"width: 300px\" class=\"wp-caption alignleft\"><img loading=\"lazy\" decoding=\"async\" class=\"wp-image-7535 size-medium\" src=\"https:\/\/www.stjb-delasalle.fr\/wp-content\/uploads\/2020\/12\/2020-pour-VGE-par-Howard-300x240.jpg\" alt=\"\" width=\"300\" height=\"240\" \/><figcaption id=\"caption-attachment-7535\" class=\"wp-caption-text\">2020 pour VGE par Howard<\/figcaption><\/figure>\n<figure id=\"attachment_7536\" aria-describedby=\"caption-attachment-7536\" style=\"width: 300px\" class=\"wp-caption alignleft\"><img loading=\"lazy\" decoding=\"async\" class=\"wp-image-7536 size-medium\" src=\"https:\/\/www.stjb-delasalle.fr\/wp-content\/uploads\/2020\/12\/Actu-par-Louise-300x213.jpg\" alt=\"\" width=\"300\" height=\"213\" \/><figcaption id=\"caption-attachment-7536\" class=\"wp-caption-text\">Actu par Louise<\/figcaption><\/figure>\n<figure id=\"attachment_7537\" aria-describedby=\"caption-attachment-7537\" style=\"width: 243px\" class=\"wp-caption alignleft\"><img loading=\"lazy\" decoding=\"async\" class=\"wp-image-7537 size-medium\" src=\"https:\/\/www.stjb-delasalle.fr\/wp-content\/uploads\/2020\/12\/Billie-Eilish-par-Elphy-243x300.jpg\" alt=\"\" width=\"243\" height=\"300\" \/><figcaption id=\"caption-attachment-7537\" class=\"wp-caption-text\">Billie Eilish par Elphy<\/figcaption><\/figure>\n<figure id=\"attachment_7538\" aria-describedby=\"caption-attachment-7538\" style=\"width: 217px\" class=\"wp-caption alignleft\"><img loading=\"lazy\" decoding=\"async\" class=\"wp-image-7538 size-medium\" src=\"https:\/\/www.stjb-delasalle.fr\/wp-content\/uploads\/2020\/12\/Chanteur-par-Ana\u00ebl-217x300.jpg\" alt=\"\" width=\"217\" height=\"300\" \/><figcaption id=\"caption-attachment-7538\" class=\"wp-caption-text\">Chanteur par Ana\u00ebl<\/figcaption><\/figure>\n<figure id=\"attachment_7539\" aria-describedby=\"caption-attachment-7539\" style=\"width: 219px\" class=\"wp-caption alignleft\"><img loading=\"lazy\" decoding=\"async\" class=\"wp-image-7539 size-medium\" src=\"https:\/\/www.stjb-delasalle.fr\/wp-content\/uploads\/2020\/12\/E.Macron-par-qui-219x300.jpg\" alt=\"\" width=\"219\" height=\"300\" \/><figcaption id=\"caption-attachment-7539\" class=\"wp-caption-text\">Emmanuel Macron par Qui<\/figcaption><\/figure>\n<figure id=\"attachment_7540\" aria-describedby=\"caption-attachment-7540\" style=\"width: 300px\" class=\"wp-caption alignright\"><img loading=\"lazy\" decoding=\"async\" class=\"wp-image-7540 size-medium\" src=\"https:\/\/www.stjb-delasalle.fr\/wp-content\/uploads\/2020\/12\/Equipe-de-profs-par-Colin-300x201.jpg\" alt=\"\" width=\"300\" height=\"201\" \/><figcaption id=\"caption-attachment-7540\" class=\"wp-caption-text\">Equipe de profs par Colin<\/figcaption><\/figure>\n<figure id=\"attachment_7541\" aria-describedby=\"caption-attachment-7541\" style=\"width: 300px\" class=\"wp-caption alignleft\"><img loading=\"lazy\" decoding=\"async\" class=\"wp-image-7541 size-medium\" src=\"https:\/\/www.stjb-delasalle.fr\/wp-content\/uploads\/2020\/12\/M.Montarou-par-Rozenn-300x280.jpg\" alt=\"\" width=\"300\" height=\"280\" \/><figcaption id=\"caption-attachment-7541\" class=\"wp-caption-text\">M. Montarou par Rozenn<\/figcaption><\/figure>\n<figure id=\"attachment_7542\" aria-describedby=\"caption-attachment-7542\" style=\"width: 300px\" class=\"wp-caption alignleft\"><img loading=\"lazy\" decoding=\"async\" class=\"wp-image-7542 size-medium\" src=\"https:\/\/www.stjb-delasalle.fr\/wp-content\/uploads\/2020\/12\/Papa-par-Margaux-300x229.jpg\" alt=\"\" width=\"300\" height=\"229\" \/><figcaption id=\"caption-attachment-7542\" class=\"wp-caption-text\">Papa par Margaux<\/figcaption><\/figure>\n<figure id=\"attachment_7543\" aria-describedby=\"caption-attachment-7543\" style=\"width: 229px\" class=\"wp-caption alignright\"><img loading=\"lazy\" decoding=\"async\" class=\"wp-image-7543 size-medium\" src=\"https:\/\/www.stjb-delasalle.fr\/wp-content\/uploads\/2020\/12\/Papa-par-Thomas-229x300.jpg\" alt=\"\" width=\"229\" height=\"300\" \/><figcaption id=\"caption-attachment-7543\" class=\"wp-caption-text\">Papa par Thomas<\/figcaption><\/figure>\n<figure id=\"attachment_7544\" aria-describedby=\"caption-attachment-7544\" style=\"width: 217px\" class=\"wp-caption alignleft\"><img loading=\"lazy\" decoding=\"async\" class=\"wp-image-7544 size-medium\" src=\"https:\/\/www.stjb-delasalle.fr\/wp-content\/uploads\/2020\/12\/Prof-par-Lenny-217x300.jpg\" alt=\"\" width=\"217\" height=\"300\" \/><figcaption id=\"caption-attachment-7544\" class=\"wp-caption-text\">Prof par Lenny<\/figcaption><\/figure>\n<figure id=\"attachment_7545\" aria-describedby=\"caption-attachment-7545\" style=\"width: 217px\" class=\"wp-caption alignleft\"><img loading=\"lazy\" decoding=\"async\" class=\"wp-image-7545 size-medium\" src=\"https:\/\/www.stjb-delasalle.fr\/wp-content\/uploads\/2020\/12\/Prof-par-Nathan-217x300.jpg\" alt=\"\" width=\"217\" height=\"300\" \/><figcaption id=\"caption-attachment-7545\" class=\"wp-caption-text\">Prof par Nathan<\/figcaption><\/figure>\n<figure id=\"attachment_7546\" aria-describedby=\"caption-attachment-7546\" style=\"width: 217px\" class=\"wp-caption alignleft\"><img loading=\"lazy\" decoding=\"async\" class=\"wp-image-7546 size-medium\" src=\"https:\/\/www.stjb-delasalle.fr\/wp-content\/uploads\/2020\/12\/Trump-par-Camille-217x300.jpg\" alt=\"\" width=\"217\" height=\"300\" \/><figcaption id=\"caption-attachment-7546\" class=\"wp-caption-text\">Trump par Camille<\/figcaption><\/figure>\n<figure id=\"attachment_7547\" aria-describedby=\"caption-attachment-7547\" style=\"width: 300px\" class=\"wp-caption alignleft\"><img loading=\"lazy\" decoding=\"async\" class=\"wp-image-7547 size-medium\" src=\"https:\/\/www.stjb-delasalle.fr\/wp-content\/uploads\/2020\/12\/Wejdene-par-No\u00e9mie-300x261.jpg\" alt=\"\" width=\"300\" height=\"261\" \/><figcaption id=\"caption-attachment-7547\" class=\"wp-caption-text\">Wejdene par No\u00e9mie<\/figcaption><\/figure>\n<p style=\"text-align: center;\"><em><strong>#Les liens hypertextes<br \/>\n<\/strong><\/em><\/p>\n<ul>\n<li style=\"text-align: center;\">La s\u00e9quence compl\u00e8te <a href=\"https:\/\/www.stjb-delasalle.fr\/2020\/11\/21\/liberte-expression\/\">https:\/\/www.stjb-delasalle.fr\/2020\/11\/21\/liberte-expression\/<\/a><\/li>\n<\/ul>\n<p>&nbsp;<\/p>\n<p>&nbsp;<\/p>\n","protected":false},"excerpt":{"rendered":"<p>S\u00e9quence sur&#8230;\u00a0 La libert\u00e9 d&rsquo;expression : Caricatures et dessins de presse &#8211;\u00a0 Arts plastiques\/EMC Apr\u00e8s avoir visionn\u00e9 un\u00a0 diaporama de caricatures et avoir rep\u00e9r\u00e9 des dessins de presse dans deux grands quotidiens, les \u00e9l\u00e8ves de 6eC et de 6eE ont \u00e9tudi\u00e9 des textes officiels sur la libert\u00e9 d&rsquo;expression en EMC. Ils ont ensuite fait un [&hellip;]<\/p>\n","protected":false},"author":2,"featured_media":7295,"comment_status":"closed","ping_status":"closed","sticky":false,"template":"","format":"standard","meta":{"site-sidebar-layout":"default","site-content-layout":"","ast-site-content-layout":"default","site-content-style":"default","site-sidebar-style":"default","ast-global-header-display":"","ast-banner-title-visibility":"","ast-main-header-display":"","ast-hfb-above-header-display":"","ast-hfb-below-header-display":"","ast-hfb-mobile-header-display":"","site-post-title":"","ast-breadcrumbs-content":"","ast-featured-img":"","footer-sml-layout":"","ast-disable-related-posts":"","theme-transparent-header-meta":"","adv-header-id-meta":"","stick-header-meta":"","header-above-stick-meta":"","header-main-stick-meta":"","header-below-stick-meta":"","astra-migrate-meta-layouts":"default","ast-page-background-enabled":"default","ast-page-background-meta":{"desktop":{"background-color":"var(--ast-global-color-4)","background-image":"","background-repeat":"repeat","background-position":"center center","background-size":"auto","background-attachment":"scroll","background-type":"","background-media":"","overlay-type":"","overlay-color":"","overlay-opacity":"","overlay-gradient":""},"tablet":{"background-color":"","background-image":"","background-repeat":"repeat","background-position":"center center","background-size":"auto","background-attachment":"scroll","background-type":"","background-media":"","overlay-type":"","overlay-color":"","overlay-opacity":"","overlay-gradient":""},"mobile":{"background-color":"","background-image":"","background-repeat":"repeat","background-position":"center center","background-size":"auto","background-attachment":"scroll","background-type":"","background-media":"","overlay-type":"","overlay-color":"","overlay-opacity":"","overlay-gradient":""}},"ast-content-background-meta":{"desktop":{"background-color":"var(--ast-global-color-5)","background-image":"","background-repeat":"repeat","background-position":"center center","background-size":"auto","background-attachment":"scroll","background-type":"","background-media":"","overlay-type":"","overlay-color":"","overlay-opacity":"","overlay-gradient":""},"tablet":{"background-color":"var(--ast-global-color-5)","background-image":"","background-repeat":"repeat","background-position":"center center","background-size":"auto","background-attachment":"scroll","background-type":"","background-media":"","overlay-type":"","overlay-color":"","overlay-opacity":"","overlay-gradient":""},"mobile":{"background-color":"var(--ast-global-color-5)","background-image":"","background-repeat":"repeat","background-position":"center center","background-size":"auto","background-attachment":"scroll","background-type":"","background-media":"","overlay-type":"","overlay-color":"","overlay-opacity":"","overlay-gradient":""}},"footnotes":""},"categories":[20,6],"tags":[],"class_list":["post-7285","post","type-post","status-publish","format-standard","has-post-thumbnail","hentry","category-6e-hg-emc-attente","category-college"],"yoast_head":"<!-- This site is optimized with the Yoast SEO plugin v27.5 - https:\/\/yoast.com\/product\/yoast-seo-wordpress\/ -->\n<title>La libert\u00e9 d&#039;expression : caricatures et dessin de presse - Coll\u00e8ge Saint Jean Baptiste de La Salle<\/title>\n<meta name=\"robots\" content=\"index, follow, max-snippet:-1, max-image-preview:large, max-video-preview:-1\" \/>\n<link rel=\"canonical\" href=\"https:\/\/www.stjb-delasalle.fr\/site\/2021\/01\/17\/liberte-expression-2\/\" \/>\n<meta property=\"og:locale\" content=\"fr_FR\" \/>\n<meta property=\"og:type\" content=\"article\" \/>\n<meta property=\"og:title\" content=\"La libert\u00e9 d&#039;expression : caricatures et dessin de presse - Coll\u00e8ge Saint Jean Baptiste de La Salle\" \/>\n<meta property=\"og:description\" content=\"S\u00e9quence sur&#8230;\u00a0 La libert\u00e9 d&rsquo;expression : Caricatures et dessins de presse &#8211;\u00a0 Arts plastiques\/EMC Apr\u00e8s avoir visionn\u00e9 un\u00a0 diaporama de caricatures et avoir rep\u00e9r\u00e9 des dessins de presse dans deux grands quotidiens, les \u00e9l\u00e8ves de 6eC et de 6eE ont \u00e9tudi\u00e9 des textes officiels sur la libert\u00e9 d&rsquo;expression en EMC. Ils ont ensuite fait un [&hellip;]\" \/>\n<meta property=\"og:url\" content=\"https:\/\/www.stjb-delasalle.fr\/site\/2021\/01\/17\/liberte-expression-2\/\" \/>\n<meta property=\"og:site_name\" content=\"Coll\u00e8ge Saint Jean Baptiste de La Salle\" \/>\n<meta property=\"article:published_time\" content=\"2021-01-17T08:28:24+00:00\" \/>\n<meta name=\"author\" content=\"c.guyet\" \/>\n<meta name=\"twitter:card\" content=\"summary_large_image\" \/>\n<meta name=\"twitter:label1\" content=\"\u00c9crit par\" \/>\n\t<meta name=\"twitter:data1\" content=\"c.guyet\" \/>\n\t<meta name=\"twitter:label2\" content=\"Dur\u00e9e de lecture estim\u00e9e\" \/>\n\t<meta name=\"twitter:data2\" content=\"2 minutes\" \/>\n<script type=\"application\/ld+json\" class=\"yoast-schema-graph\">{\"@context\":\"https:\\\/\\\/schema.org\",\"@graph\":[{\"@type\":\"Article\",\"@id\":\"https:\\\/\\\/www.stjb-delasalle.fr\\\/site\\\/2021\\\/01\\\/17\\\/liberte-expression-2\\\/#article\",\"isPartOf\":{\"@id\":\"https:\\\/\\\/www.stjb-delasalle.fr\\\/site\\\/2021\\\/01\\\/17\\\/liberte-expression-2\\\/\"},\"author\":{\"name\":\"c.guyet\",\"@id\":\"https:\\\/\\\/www.stjb-delasalle.fr\\\/site\\\/#\\\/schema\\\/person\\\/c6bc729d0bf9f8313aad8e0f2022e769\"},\"headline\":\"La libert\u00e9 d&rsquo;expression : caricatures et dessin de presse\",\"datePublished\":\"2021-01-17T08:28:24+00:00\",\"mainEntityOfPage\":{\"@id\":\"https:\\\/\\\/www.stjb-delasalle.fr\\\/site\\\/2021\\\/01\\\/17\\\/liberte-expression-2\\\/\"},\"wordCount\":317,\"publisher\":{\"@id\":\"https:\\\/\\\/www.stjb-delasalle.fr\\\/site\\\/#organization\"},\"image\":{\"@id\":\"https:\\\/\\\/www.stjb-delasalle.fr\\\/site\\\/2021\\\/01\\\/17\\\/liberte-expression-2\\\/#primaryimage\"},\"thumbnailUrl\":\"\",\"articleSection\":[\"6e HG-EMC \u2013 Attente\",\"Coll\u00e8ge\"],\"inLanguage\":\"fr-FR\"},{\"@type\":\"WebPage\",\"@id\":\"https:\\\/\\\/www.stjb-delasalle.fr\\\/site\\\/2021\\\/01\\\/17\\\/liberte-expression-2\\\/\",\"url\":\"https:\\\/\\\/www.stjb-delasalle.fr\\\/site\\\/2021\\\/01\\\/17\\\/liberte-expression-2\\\/\",\"name\":\"La libert\u00e9 d'expression : caricatures et dessin de presse - Coll\u00e8ge Saint Jean Baptiste de La Salle\",\"isPartOf\":{\"@id\":\"https:\\\/\\\/www.stjb-delasalle.fr\\\/site\\\/#website\"},\"primaryImageOfPage\":{\"@id\":\"https:\\\/\\\/www.stjb-delasalle.fr\\\/site\\\/2021\\\/01\\\/17\\\/liberte-expression-2\\\/#primaryimage\"},\"image\":{\"@id\":\"https:\\\/\\\/www.stjb-delasalle.fr\\\/site\\\/2021\\\/01\\\/17\\\/liberte-expression-2\\\/#primaryimage\"},\"thumbnailUrl\":\"\",\"datePublished\":\"2021-01-17T08:28:24+00:00\",\"breadcrumb\":{\"@id\":\"https:\\\/\\\/www.stjb-delasalle.fr\\\/site\\\/2021\\\/01\\\/17\\\/liberte-expression-2\\\/#breadcrumb\"},\"inLanguage\":\"fr-FR\",\"potentialAction\":[{\"@type\":\"ReadAction\",\"target\":[\"https:\\\/\\\/www.stjb-delasalle.fr\\\/site\\\/2021\\\/01\\\/17\\\/liberte-expression-2\\\/\"]}]},{\"@type\":\"ImageObject\",\"inLanguage\":\"fr-FR\",\"@id\":\"https:\\\/\\\/www.stjb-delasalle.fr\\\/site\\\/2021\\\/01\\\/17\\\/liberte-expression-2\\\/#primaryimage\",\"url\":\"\",\"contentUrl\":\"\"},{\"@type\":\"BreadcrumbList\",\"@id\":\"https:\\\/\\\/www.stjb-delasalle.fr\\\/site\\\/2021\\\/01\\\/17\\\/liberte-expression-2\\\/#breadcrumb\",\"itemListElement\":[{\"@type\":\"ListItem\",\"position\":1,\"name\":\"Accueil\",\"item\":\"https:\\\/\\\/www.stjb-delasalle.fr\\\/site\\\/\"},{\"@type\":\"ListItem\",\"position\":2,\"name\":\"La libert\u00e9 d&rsquo;expression : caricatures et dessin de presse\"}]},{\"@type\":\"WebSite\",\"@id\":\"https:\\\/\\\/www.stjb-delasalle.fr\\\/site\\\/#website\",\"url\":\"https:\\\/\\\/www.stjb-delasalle.fr\\\/site\\\/\",\"name\":\"Coll\u00e8ge Saint Jean Baptiste de La Salle\",\"description\":\"Notre coll\u00e8ge vous accueille sur le site du Rancher \u00e0 Teloch\u00e9\",\"publisher\":{\"@id\":\"https:\\\/\\\/www.stjb-delasalle.fr\\\/site\\\/#organization\"},\"potentialAction\":[{\"@type\":\"SearchAction\",\"target\":{\"@type\":\"EntryPoint\",\"urlTemplate\":\"https:\\\/\\\/www.stjb-delasalle.fr\\\/site\\\/?s={search_term_string}\"},\"query-input\":{\"@type\":\"PropertyValueSpecification\",\"valueRequired\":true,\"valueName\":\"search_term_string\"}}],\"inLanguage\":\"fr-FR\"},{\"@type\":\"Organization\",\"@id\":\"https:\\\/\\\/www.stjb-delasalle.fr\\\/site\\\/#organization\",\"name\":\"Coll\u00e8ge Saint Jean Baptiste de La Salle\",\"url\":\"https:\\\/\\\/www.stjb-delasalle.fr\\\/site\\\/\",\"logo\":{\"@type\":\"ImageObject\",\"inLanguage\":\"fr-FR\",\"@id\":\"https:\\\/\\\/www.stjb-delasalle.fr\\\/site\\\/#\\\/schema\\\/logo\\\/image\\\/\",\"url\":\"https:\\\/\\\/www.stjb-delasalle.fr\\\/site\\\/wp-content\\\/uploads\\\/2021\\\/11\\\/logostjb_petit_transp.png\",\"contentUrl\":\"https:\\\/\\\/www.stjb-delasalle.fr\\\/site\\\/wp-content\\\/uploads\\\/2021\\\/11\\\/logostjb_petit_transp.png\",\"width\":180,\"height\":127,\"caption\":\"Coll\u00e8ge Saint Jean Baptiste de La Salle\"},\"image\":{\"@id\":\"https:\\\/\\\/www.stjb-delasalle.fr\\\/site\\\/#\\\/schema\\\/logo\\\/image\\\/\"}},{\"@type\":\"Person\",\"@id\":\"https:\\\/\\\/www.stjb-delasalle.fr\\\/site\\\/#\\\/schema\\\/person\\\/c6bc729d0bf9f8313aad8e0f2022e769\",\"name\":\"c.guyet\",\"image\":{\"@type\":\"ImageObject\",\"inLanguage\":\"fr-FR\",\"@id\":\"https:\\\/\\\/secure.gravatar.com\\\/avatar\\\/98285b9b7d516bd7548b85ee36dad7b7a74a5a4df2ae5710a3e58b2b841205fc?s=96&d=mm&r=g\",\"url\":\"https:\\\/\\\/secure.gravatar.com\\\/avatar\\\/98285b9b7d516bd7548b85ee36dad7b7a74a5a4df2ae5710a3e58b2b841205fc?s=96&d=mm&r=g\",\"contentUrl\":\"https:\\\/\\\/secure.gravatar.com\\\/avatar\\\/98285b9b7d516bd7548b85ee36dad7b7a74a5a4df2ae5710a3e58b2b841205fc?s=96&d=mm&r=g\",\"caption\":\"c.guyet\"},\"url\":\"https:\\\/\\\/www.stjb-delasalle.fr\\\/site\\\/author\\\/c-guyet\\\/\"}]}<\/script>\n<!-- \/ Yoast SEO plugin. -->","yoast_head_json":{"title":"La libert\u00e9 d'expression : caricatures et dessin de presse - Coll\u00e8ge Saint Jean Baptiste de La Salle","robots":{"index":"index","follow":"follow","max-snippet":"max-snippet:-1","max-image-preview":"max-image-preview:large","max-video-preview":"max-video-preview:-1"},"canonical":"https:\/\/www.stjb-delasalle.fr\/site\/2021\/01\/17\/liberte-expression-2\/","og_locale":"fr_FR","og_type":"article","og_title":"La libert\u00e9 d'expression : caricatures et dessin de presse - Coll\u00e8ge Saint Jean Baptiste de La Salle","og_description":"S\u00e9quence sur&#8230;\u00a0 La libert\u00e9 d&rsquo;expression : Caricatures et dessins de presse &#8211;\u00a0 Arts plastiques\/EMC Apr\u00e8s avoir visionn\u00e9 un\u00a0 diaporama de caricatures et avoir rep\u00e9r\u00e9 des dessins de presse dans deux grands quotidiens, les \u00e9l\u00e8ves de 6eC et de 6eE ont \u00e9tudi\u00e9 des textes officiels sur la libert\u00e9 d&rsquo;expression en EMC. Ils ont ensuite fait un [&hellip;]","og_url":"https:\/\/www.stjb-delasalle.fr\/site\/2021\/01\/17\/liberte-expression-2\/","og_site_name":"Coll\u00e8ge Saint Jean Baptiste de La Salle","article_published_time":"2021-01-17T08:28:24+00:00","author":"c.guyet","twitter_card":"summary_large_image","twitter_misc":{"\u00c9crit par":"c.guyet","Dur\u00e9e de lecture estim\u00e9e":"2 minutes"},"schema":{"@context":"https:\/\/schema.org","@graph":[{"@type":"Article","@id":"https:\/\/www.stjb-delasalle.fr\/site\/2021\/01\/17\/liberte-expression-2\/#article","isPartOf":{"@id":"https:\/\/www.stjb-delasalle.fr\/site\/2021\/01\/17\/liberte-expression-2\/"},"author":{"name":"c.guyet","@id":"https:\/\/www.stjb-delasalle.fr\/site\/#\/schema\/person\/c6bc729d0bf9f8313aad8e0f2022e769"},"headline":"La libert\u00e9 d&rsquo;expression : caricatures et dessin de presse","datePublished":"2021-01-17T08:28:24+00:00","mainEntityOfPage":{"@id":"https:\/\/www.stjb-delasalle.fr\/site\/2021\/01\/17\/liberte-expression-2\/"},"wordCount":317,"publisher":{"@id":"https:\/\/www.stjb-delasalle.fr\/site\/#organization"},"image":{"@id":"https:\/\/www.stjb-delasalle.fr\/site\/2021\/01\/17\/liberte-expression-2\/#primaryimage"},"thumbnailUrl":"","articleSection":["6e HG-EMC \u2013 Attente","Coll\u00e8ge"],"inLanguage":"fr-FR"},{"@type":"WebPage","@id":"https:\/\/www.stjb-delasalle.fr\/site\/2021\/01\/17\/liberte-expression-2\/","url":"https:\/\/www.stjb-delasalle.fr\/site\/2021\/01\/17\/liberte-expression-2\/","name":"La libert\u00e9 d'expression : caricatures et dessin de presse - Coll\u00e8ge Saint Jean Baptiste de La Salle","isPartOf":{"@id":"https:\/\/www.stjb-delasalle.fr\/site\/#website"},"primaryImageOfPage":{"@id":"https:\/\/www.stjb-delasalle.fr\/site\/2021\/01\/17\/liberte-expression-2\/#primaryimage"},"image":{"@id":"https:\/\/www.stjb-delasalle.fr\/site\/2021\/01\/17\/liberte-expression-2\/#primaryimage"},"thumbnailUrl":"","datePublished":"2021-01-17T08:28:24+00:00","breadcrumb":{"@id":"https:\/\/www.stjb-delasalle.fr\/site\/2021\/01\/17\/liberte-expression-2\/#breadcrumb"},"inLanguage":"fr-FR","potentialAction":[{"@type":"ReadAction","target":["https:\/\/www.stjb-delasalle.fr\/site\/2021\/01\/17\/liberte-expression-2\/"]}]},{"@type":"ImageObject","inLanguage":"fr-FR","@id":"https:\/\/www.stjb-delasalle.fr\/site\/2021\/01\/17\/liberte-expression-2\/#primaryimage","url":"","contentUrl":""},{"@type":"BreadcrumbList","@id":"https:\/\/www.stjb-delasalle.fr\/site\/2021\/01\/17\/liberte-expression-2\/#breadcrumb","itemListElement":[{"@type":"ListItem","position":1,"name":"Accueil","item":"https:\/\/www.stjb-delasalle.fr\/site\/"},{"@type":"ListItem","position":2,"name":"La libert\u00e9 d&rsquo;expression : caricatures et dessin de presse"}]},{"@type":"WebSite","@id":"https:\/\/www.stjb-delasalle.fr\/site\/#website","url":"https:\/\/www.stjb-delasalle.fr\/site\/","name":"Coll\u00e8ge Saint Jean Baptiste de La Salle","description":"Notre coll\u00e8ge vous accueille sur le site du Rancher \u00e0 Teloch\u00e9","publisher":{"@id":"https:\/\/www.stjb-delasalle.fr\/site\/#organization"},"potentialAction":[{"@type":"SearchAction","target":{"@type":"EntryPoint","urlTemplate":"https:\/\/www.stjb-delasalle.fr\/site\/?s={search_term_string}"},"query-input":{"@type":"PropertyValueSpecification","valueRequired":true,"valueName":"search_term_string"}}],"inLanguage":"fr-FR"},{"@type":"Organization","@id":"https:\/\/www.stjb-delasalle.fr\/site\/#organization","name":"Coll\u00e8ge Saint Jean Baptiste de La Salle","url":"https:\/\/www.stjb-delasalle.fr\/site\/","logo":{"@type":"ImageObject","inLanguage":"fr-FR","@id":"https:\/\/www.stjb-delasalle.fr\/site\/#\/schema\/logo\/image\/","url":"https:\/\/www.stjb-delasalle.fr\/site\/wp-content\/uploads\/2021\/11\/logostjb_petit_transp.png","contentUrl":"https:\/\/www.stjb-delasalle.fr\/site\/wp-content\/uploads\/2021\/11\/logostjb_petit_transp.png","width":180,"height":127,"caption":"Coll\u00e8ge Saint Jean Baptiste de La Salle"},"image":{"@id":"https:\/\/www.stjb-delasalle.fr\/site\/#\/schema\/logo\/image\/"}},{"@type":"Person","@id":"https:\/\/www.stjb-delasalle.fr\/site\/#\/schema\/person\/c6bc729d0bf9f8313aad8e0f2022e769","name":"c.guyet","image":{"@type":"ImageObject","inLanguage":"fr-FR","@id":"https:\/\/secure.gravatar.com\/avatar\/98285b9b7d516bd7548b85ee36dad7b7a74a5a4df2ae5710a3e58b2b841205fc?s=96&d=mm&r=g","url":"https:\/\/secure.gravatar.com\/avatar\/98285b9b7d516bd7548b85ee36dad7b7a74a5a4df2ae5710a3e58b2b841205fc?s=96&d=mm&r=g","contentUrl":"https:\/\/secure.gravatar.com\/avatar\/98285b9b7d516bd7548b85ee36dad7b7a74a5a4df2ae5710a3e58b2b841205fc?s=96&d=mm&r=g","caption":"c.guyet"},"url":"https:\/\/www.stjb-delasalle.fr\/site\/author\/c-guyet\/"}]}},"_links":{"self":[{"href":"https:\/\/www.stjb-delasalle.fr\/site\/wp-json\/wp\/v2\/posts\/7285","targetHints":{"allow":["GET"]}}],"collection":[{"href":"https:\/\/www.stjb-delasalle.fr\/site\/wp-json\/wp\/v2\/posts"}],"about":[{"href":"https:\/\/www.stjb-delasalle.fr\/site\/wp-json\/wp\/v2\/types\/post"}],"author":[{"embeddable":true,"href":"https:\/\/www.stjb-delasalle.fr\/site\/wp-json\/wp\/v2\/users\/2"}],"replies":[{"embeddable":true,"href":"https:\/\/www.stjb-delasalle.fr\/site\/wp-json\/wp\/v2\/comments?post=7285"}],"version-history":[{"count":0,"href":"https:\/\/www.stjb-delasalle.fr\/site\/wp-json\/wp\/v2\/posts\/7285\/revisions"}],"wp:featuredmedia":[{"embeddable":true,"href":"https:\/\/www.stjb-delasalle.fr\/site\/wp-json\/"}],"wp:attachment":[{"href":"https:\/\/www.stjb-delasalle.fr\/site\/wp-json\/wp\/v2\/media?parent=7285"}],"wp:term":[{"taxonomy":"category","embeddable":true,"href":"https:\/\/www.stjb-delasalle.fr\/site\/wp-json\/wp\/v2\/categories?post=7285"},{"taxonomy":"post_tag","embeddable":true,"href":"https:\/\/www.stjb-delasalle.fr\/site\/wp-json\/wp\/v2\/tags?post=7285"}],"curies":[{"name":"wp","href":"https:\/\/api.w.org\/{rel}","templated":true}]}}