{"id":7191,"date":"2020-11-26T13:53:03","date_gmt":"2020-11-26T12:53:03","guid":{"rendered":"https:\/\/www.stjb-delasalle.fr\/?p=7191"},"modified":"2020-11-26T13:53:03","modified_gmt":"2020-11-26T12:53:03","slug":"journee-europeenne-des-langues","status":"publish","type":"post","link":"https:\/\/www.stjb-delasalle.fr\/site\/2020\/11\/26\/journee-europeenne-des-langues\/","title":{"rendered":"Journ\u00e9e Europ\u00e9enne des langues 2020-2021"},"content":{"rendered":"<p>L\u2019\u00e9quipe de langues vivantes a propos\u00e9 \u00e0 tous les \u00e9l\u00e8ves de c\u00e9l\u00e9brer la\u00a0<strong>Journ\u00e9e europ\u00e9enne des langues<\/strong>. C&rsquo;est une journ\u00e9e pour encourager l\u2019apprentissage des langues dans toute l\u2019Europe. A l\u2019initiative du Conseil de l\u2019Europe \u00e0 Strasbourg, la Journ\u00e9e europ\u00e9enne des langues est c\u00e9l\u00e9br\u00e9e chaque ann\u00e9e depuis le 26 septembre 2001.<\/p>\n<p><strong>Pour tous les \u00e9l\u00e8ves de l\u2019\u00e9tablissement<\/strong>:<\/p>\n<ul>\n<li>Des d\u00e9fis linguistiques (obligatoire)<\/li>\n<li>Un d\u00e9fi artistique (facultatif)<\/li>\n<\/ul>\n<p><strong>Pour les \u00e9l\u00e8ves qui apprennent l\u2019allemand<\/strong>:<\/p>\n<ul>\n<li>\u00ab\u00a0Mission Europa\u00a0\u00bb (facultatif):\u00a0Dans le cadre de la pr\u00e9sidence allemande du Conseil de l\u2019Union europ\u00e9enne, le Goethe-Institut a d\u00e9velopp\u00e9 un escape game en allemand. Le jeu en ligne vise \u00e0 montrer la diversit\u00e9 culturelle de l\u2019Europe ainsi qu\u2019\u00e0 sensibiliser les jeunes \u00e0 l\u2019esprit communautaire de l\u2019UE.<\/li>\n<\/ul>\n<p><strong>Pour le groupe 4\u00e8me LCE (Langue et Culture Europ\u00e9enne) anglais<\/strong>:<\/p>\n<ul>\n<li>Elaboration d\u2019un journal d\u00e9di\u00e9 \u00e0 la Journ\u00e9e europ\u00e9enne des langues. Des articles sont r\u00e9dig\u00e9s en fran\u00e7ais, en anglais, en espagnol et en allemand.<\/li>\n<\/ul>\n<p><a href=\"https:\/\/view.genial.ly\/5f5f973e51337070914dd9b6\/vertical-infographic-journee-europeenne-des-langues-2020\" target=\"_blank\" rel=\"noopener noreferrer\"><img fetchpriority=\"high\" decoding=\"async\" class=\"size-full wp-image-7192 aligncenter\" src=\"https:\/\/www.stjb-delasalle.fr\/wp-content\/uploads\/2020\/11\/JEL.png\" alt=\"\" width=\"678\" height=\"601\" \/><\/a><\/p>\n","protected":false},"excerpt":{"rendered":"<p>L\u2019\u00e9quipe de langues vivantes a propos\u00e9 \u00e0 tous les \u00e9l\u00e8ves de c\u00e9l\u00e9brer la\u00a0Journ\u00e9e europ\u00e9enne des langues. C&rsquo;est une journ\u00e9e pour encourager l\u2019apprentissage des langues dans toute l\u2019Europe. A l\u2019initiative du Conseil de l\u2019Europe \u00e0 Strasbourg, la Journ\u00e9e europ\u00e9enne des langues est c\u00e9l\u00e9br\u00e9e chaque ann\u00e9e depuis le 26 septembre 2001. Pour tous les \u00e9l\u00e8ves de l\u2019\u00e9tablissement: [&hellip;]<\/p>\n","protected":false},"author":1,"featured_media":7192,"comment_status":"closed","ping_status":"closed","sticky":false,"template":"","format":"standard","meta":{"site-sidebar-layout":"default","site-content-layout":"","ast-site-content-layout":"default","site-content-style":"default","site-sidebar-style":"default","ast-global-header-display":"","ast-banner-title-visibility":"","ast-main-header-display":"","ast-hfb-above-header-display":"","ast-hfb-below-header-display":"","ast-hfb-mobile-header-display":"","site-post-title":"","ast-breadcrumbs-content":"","ast-featured-img":"","footer-sml-layout":"","ast-disable-related-posts":"","theme-transparent-header-meta":"","adv-header-id-meta":"","stick-header-meta":"","header-above-stick-meta":"","header-main-stick-meta":"","header-below-stick-meta":"","astra-migrate-meta-layouts":"default","ast-page-background-enabled":"default","ast-page-background-meta":{"desktop":{"background-color":"var(--ast-global-color-4)","background-image":"","background-repeat":"repeat","background-position":"center center","background-size":"auto","background-attachment":"scroll","background-type":"","background-media":"","overlay-type":"","overlay-color":"","overlay-opacity":"","overlay-gradient":""},"tablet":{"background-color":"","background-image":"","background-repeat":"repeat","background-position":"center center","background-size":"auto","background-attachment":"scroll","background-type":"","background-media":"","overlay-type":"","overlay-color":"","overlay-opacity":"","overlay-gradient":""},"mobile":{"background-color":"","background-image":"","background-repeat":"repeat","background-position":"center center","background-size":"auto","background-attachment":"scroll","background-type":"","background-media":"","overlay-type":"","overlay-color":"","overlay-opacity":"","overlay-gradient":""}},"ast-content-background-meta":{"desktop":{"background-color":"var(--ast-global-color-5)","background-image":"","background-repeat":"repeat","background-position":"center center","background-size":"auto","background-attachment":"scroll","background-type":"","background-media":"","overlay-type":"","overlay-color":"","overlay-opacity":"","overlay-gradient":""},"tablet":{"background-color":"var(--ast-global-color-5)","background-image":"","background-repeat":"repeat","background-position":"center center","background-size":"auto","background-attachment":"scroll","background-type":"","background-media":"","overlay-type":"","overlay-color":"","overlay-opacity":"","overlay-gradient":""},"mobile":{"background-color":"var(--ast-global-color-5)","background-image":"","background-repeat":"repeat","background-position":"center center","background-size":"auto","background-attachment":"scroll","background-type":"","background-media":"","overlay-type":"","overlay-color":"","overlay-opacity":"","overlay-gradient":""}},"footnotes":""},"categories":[33],"tags":[],"class_list":["post-7191","post","type-post","status-publish","format-standard","has-post-thumbnail","hentry","category-langues-vivantes-2020-2021"],"yoast_head":"<!-- This site is optimized with the Yoast SEO plugin v27.5 - https:\/\/yoast.com\/product\/yoast-seo-wordpress\/ -->\n<title>Journ\u00e9e Europ\u00e9enne des langues 2020-2021 - Coll\u00e8ge Saint Jean Baptiste de La Salle<\/title>\n<meta name=\"robots\" content=\"index, follow, max-snippet:-1, max-image-preview:large, max-video-preview:-1\" \/>\n<link rel=\"canonical\" href=\"https:\/\/www.stjb-delasalle.fr\/site\/2020\/11\/26\/journee-europeenne-des-langues\/\" \/>\n<meta property=\"og:locale\" content=\"fr_FR\" \/>\n<meta property=\"og:type\" content=\"article\" \/>\n<meta property=\"og:title\" content=\"Journ\u00e9e Europ\u00e9enne des langues 2020-2021 - Coll\u00e8ge Saint Jean Baptiste de La Salle\" \/>\n<meta property=\"og:description\" content=\"L\u2019\u00e9quipe de langues vivantes a propos\u00e9 \u00e0 tous les \u00e9l\u00e8ves de c\u00e9l\u00e9brer la\u00a0Journ\u00e9e europ\u00e9enne des langues. C&rsquo;est une journ\u00e9e pour encourager l\u2019apprentissage des langues dans toute l\u2019Europe. A l\u2019initiative du Conseil de l\u2019Europe \u00e0 Strasbourg, la Journ\u00e9e europ\u00e9enne des langues est c\u00e9l\u00e9br\u00e9e chaque ann\u00e9e depuis le 26 septembre 2001. Pour tous les \u00e9l\u00e8ves de l\u2019\u00e9tablissement: [&hellip;]\" \/>\n<meta property=\"og:url\" content=\"https:\/\/www.stjb-delasalle.fr\/site\/2020\/11\/26\/journee-europeenne-des-langues\/\" \/>\n<meta property=\"og:site_name\" content=\"Coll\u00e8ge Saint Jean Baptiste de La Salle\" \/>\n<meta property=\"article:published_time\" content=\"2020-11-26T12:53:03+00:00\" \/>\n<meta name=\"author\" content=\"r.zucchetti\" \/>\n<meta name=\"twitter:card\" content=\"summary_large_image\" \/>\n<meta name=\"twitter:label1\" content=\"\u00c9crit par\" \/>\n\t<meta name=\"twitter:data1\" content=\"r.zucchetti\" \/>\n\t<meta name=\"twitter:label2\" content=\"Dur\u00e9e de lecture estim\u00e9e\" \/>\n\t<meta name=\"twitter:data2\" content=\"1 minute\" \/>\n<script type=\"application\/ld+json\" class=\"yoast-schema-graph\">{\"@context\":\"https:\\\/\\\/schema.org\",\"@graph\":[{\"@type\":\"Article\",\"@id\":\"https:\\\/\\\/www.stjb-delasalle.fr\\\/site\\\/2020\\\/11\\\/26\\\/journee-europeenne-des-langues\\\/#article\",\"isPartOf\":{\"@id\":\"https:\\\/\\\/www.stjb-delasalle.fr\\\/site\\\/2020\\\/11\\\/26\\\/journee-europeenne-des-langues\\\/\"},\"author\":{\"name\":\"r.zucchetti\",\"@id\":\"https:\\\/\\\/www.stjb-delasalle.fr\\\/site\\\/#\\\/schema\\\/person\\\/36988a7b4178dd69b805a25eea2b8f8f\"},\"headline\":\"Journ\u00e9e Europ\u00e9enne des langues 2020-2021\",\"datePublished\":\"2020-11-26T12:53:03+00:00\",\"mainEntityOfPage\":{\"@id\":\"https:\\\/\\\/www.stjb-delasalle.fr\\\/site\\\/2020\\\/11\\\/26\\\/journee-europeenne-des-langues\\\/\"},\"wordCount\":187,\"publisher\":{\"@id\":\"https:\\\/\\\/www.stjb-delasalle.fr\\\/site\\\/#organization\"},\"image\":{\"@id\":\"https:\\\/\\\/www.stjb-delasalle.fr\\\/site\\\/2020\\\/11\\\/26\\\/journee-europeenne-des-langues\\\/#primaryimage\"},\"thumbnailUrl\":\"\",\"articleSection\":[\"Langues vivantes 2020-2021\"],\"inLanguage\":\"fr-FR\"},{\"@type\":\"WebPage\",\"@id\":\"https:\\\/\\\/www.stjb-delasalle.fr\\\/site\\\/2020\\\/11\\\/26\\\/journee-europeenne-des-langues\\\/\",\"url\":\"https:\\\/\\\/www.stjb-delasalle.fr\\\/site\\\/2020\\\/11\\\/26\\\/journee-europeenne-des-langues\\\/\",\"name\":\"Journ\u00e9e Europ\u00e9enne des langues 2020-2021 - Coll\u00e8ge Saint Jean Baptiste de La Salle\",\"isPartOf\":{\"@id\":\"https:\\\/\\\/www.stjb-delasalle.fr\\\/site\\\/#website\"},\"primaryImageOfPage\":{\"@id\":\"https:\\\/\\\/www.stjb-delasalle.fr\\\/site\\\/2020\\\/11\\\/26\\\/journee-europeenne-des-langues\\\/#primaryimage\"},\"image\":{\"@id\":\"https:\\\/\\\/www.stjb-delasalle.fr\\\/site\\\/2020\\\/11\\\/26\\\/journee-europeenne-des-langues\\\/#primaryimage\"},\"thumbnailUrl\":\"\",\"datePublished\":\"2020-11-26T12:53:03+00:00\",\"breadcrumb\":{\"@id\":\"https:\\\/\\\/www.stjb-delasalle.fr\\\/site\\\/2020\\\/11\\\/26\\\/journee-europeenne-des-langues\\\/#breadcrumb\"},\"inLanguage\":\"fr-FR\",\"potentialAction\":[{\"@type\":\"ReadAction\",\"target\":[\"https:\\\/\\\/www.stjb-delasalle.fr\\\/site\\\/2020\\\/11\\\/26\\\/journee-europeenne-des-langues\\\/\"]}]},{\"@type\":\"ImageObject\",\"inLanguage\":\"fr-FR\",\"@id\":\"https:\\\/\\\/www.stjb-delasalle.fr\\\/site\\\/2020\\\/11\\\/26\\\/journee-europeenne-des-langues\\\/#primaryimage\",\"url\":\"\",\"contentUrl\":\"\"},{\"@type\":\"BreadcrumbList\",\"@id\":\"https:\\\/\\\/www.stjb-delasalle.fr\\\/site\\\/2020\\\/11\\\/26\\\/journee-europeenne-des-langues\\\/#breadcrumb\",\"itemListElement\":[{\"@type\":\"ListItem\",\"position\":1,\"name\":\"Accueil\",\"item\":\"https:\\\/\\\/www.stjb-delasalle.fr\\\/site\\\/\"},{\"@type\":\"ListItem\",\"position\":2,\"name\":\"Journ\u00e9e Europ\u00e9enne des langues 2020-2021\"}]},{\"@type\":\"WebSite\",\"@id\":\"https:\\\/\\\/www.stjb-delasalle.fr\\\/site\\\/#website\",\"url\":\"https:\\\/\\\/www.stjb-delasalle.fr\\\/site\\\/\",\"name\":\"Coll\u00e8ge Saint Jean Baptiste de La Salle\",\"description\":\"Notre coll\u00e8ge vous accueille sur le site du Rancher \u00e0 Teloch\u00e9\",\"publisher\":{\"@id\":\"https:\\\/\\\/www.stjb-delasalle.fr\\\/site\\\/#organization\"},\"potentialAction\":[{\"@type\":\"SearchAction\",\"target\":{\"@type\":\"EntryPoint\",\"urlTemplate\":\"https:\\\/\\\/www.stjb-delasalle.fr\\\/site\\\/?s={search_term_string}\"},\"query-input\":{\"@type\":\"PropertyValueSpecification\",\"valueRequired\":true,\"valueName\":\"search_term_string\"}}],\"inLanguage\":\"fr-FR\"},{\"@type\":\"Organization\",\"@id\":\"https:\\\/\\\/www.stjb-delasalle.fr\\\/site\\\/#organization\",\"name\":\"Coll\u00e8ge Saint Jean Baptiste de La Salle\",\"url\":\"https:\\\/\\\/www.stjb-delasalle.fr\\\/site\\\/\",\"logo\":{\"@type\":\"ImageObject\",\"inLanguage\":\"fr-FR\",\"@id\":\"https:\\\/\\\/www.stjb-delasalle.fr\\\/site\\\/#\\\/schema\\\/logo\\\/image\\\/\",\"url\":\"https:\\\/\\\/www.stjb-delasalle.fr\\\/site\\\/wp-content\\\/uploads\\\/2021\\\/11\\\/logostjb_petit_transp.png\",\"contentUrl\":\"https:\\\/\\\/www.stjb-delasalle.fr\\\/site\\\/wp-content\\\/uploads\\\/2021\\\/11\\\/logostjb_petit_transp.png\",\"width\":180,\"height\":127,\"caption\":\"Coll\u00e8ge Saint Jean Baptiste de La Salle\"},\"image\":{\"@id\":\"https:\\\/\\\/www.stjb-delasalle.fr\\\/site\\\/#\\\/schema\\\/logo\\\/image\\\/\"}},{\"@type\":\"Person\",\"@id\":\"https:\\\/\\\/www.stjb-delasalle.fr\\\/site\\\/#\\\/schema\\\/person\\\/36988a7b4178dd69b805a25eea2b8f8f\",\"name\":\"r.zucchetti\",\"image\":{\"@type\":\"ImageObject\",\"inLanguage\":\"fr-FR\",\"@id\":\"https:\\\/\\\/secure.gravatar.com\\\/avatar\\\/de909cd474d221f967baff6582e1e559c4977b81139138190583ff7dda97b212?s=96&d=mm&r=g\",\"url\":\"https:\\\/\\\/secure.gravatar.com\\\/avatar\\\/de909cd474d221f967baff6582e1e559c4977b81139138190583ff7dda97b212?s=96&d=mm&r=g\",\"contentUrl\":\"https:\\\/\\\/secure.gravatar.com\\\/avatar\\\/de909cd474d221f967baff6582e1e559c4977b81139138190583ff7dda97b212?s=96&d=mm&r=g\",\"caption\":\"r.zucchetti\"},\"sameAs\":[\"https:\\\/\\\/www.stjb-delasalle.fr\\\/site\"],\"url\":\"https:\\\/\\\/www.stjb-delasalle.fr\\\/site\\\/author\\\/r-zucchetti\\\/\"}]}<\/script>\n<!-- \/ Yoast SEO plugin. -->","yoast_head_json":{"title":"Journ\u00e9e Europ\u00e9enne des langues 2020-2021 - Coll\u00e8ge Saint Jean Baptiste de La Salle","robots":{"index":"index","follow":"follow","max-snippet":"max-snippet:-1","max-image-preview":"max-image-preview:large","max-video-preview":"max-video-preview:-1"},"canonical":"https:\/\/www.stjb-delasalle.fr\/site\/2020\/11\/26\/journee-europeenne-des-langues\/","og_locale":"fr_FR","og_type":"article","og_title":"Journ\u00e9e Europ\u00e9enne des langues 2020-2021 - Coll\u00e8ge Saint Jean Baptiste de La Salle","og_description":"L\u2019\u00e9quipe de langues vivantes a propos\u00e9 \u00e0 tous les \u00e9l\u00e8ves de c\u00e9l\u00e9brer la\u00a0Journ\u00e9e europ\u00e9enne des langues. C&rsquo;est une journ\u00e9e pour encourager l\u2019apprentissage des langues dans toute l\u2019Europe. A l\u2019initiative du Conseil de l\u2019Europe \u00e0 Strasbourg, la Journ\u00e9e europ\u00e9enne des langues est c\u00e9l\u00e9br\u00e9e chaque ann\u00e9e depuis le 26 septembre 2001. Pour tous les \u00e9l\u00e8ves de l\u2019\u00e9tablissement: [&hellip;]","og_url":"https:\/\/www.stjb-delasalle.fr\/site\/2020\/11\/26\/journee-europeenne-des-langues\/","og_site_name":"Coll\u00e8ge Saint Jean Baptiste de La Salle","article_published_time":"2020-11-26T12:53:03+00:00","author":"r.zucchetti","twitter_card":"summary_large_image","twitter_misc":{"\u00c9crit par":"r.zucchetti","Dur\u00e9e de lecture estim\u00e9e":"1 minute"},"schema":{"@context":"https:\/\/schema.org","@graph":[{"@type":"Article","@id":"https:\/\/www.stjb-delasalle.fr\/site\/2020\/11\/26\/journee-europeenne-des-langues\/#article","isPartOf":{"@id":"https:\/\/www.stjb-delasalle.fr\/site\/2020\/11\/26\/journee-europeenne-des-langues\/"},"author":{"name":"r.zucchetti","@id":"https:\/\/www.stjb-delasalle.fr\/site\/#\/schema\/person\/36988a7b4178dd69b805a25eea2b8f8f"},"headline":"Journ\u00e9e Europ\u00e9enne des langues 2020-2021","datePublished":"2020-11-26T12:53:03+00:00","mainEntityOfPage":{"@id":"https:\/\/www.stjb-delasalle.fr\/site\/2020\/11\/26\/journee-europeenne-des-langues\/"},"wordCount":187,"publisher":{"@id":"https:\/\/www.stjb-delasalle.fr\/site\/#organization"},"image":{"@id":"https:\/\/www.stjb-delasalle.fr\/site\/2020\/11\/26\/journee-europeenne-des-langues\/#primaryimage"},"thumbnailUrl":"","articleSection":["Langues vivantes 2020-2021"],"inLanguage":"fr-FR"},{"@type":"WebPage","@id":"https:\/\/www.stjb-delasalle.fr\/site\/2020\/11\/26\/journee-europeenne-des-langues\/","url":"https:\/\/www.stjb-delasalle.fr\/site\/2020\/11\/26\/journee-europeenne-des-langues\/","name":"Journ\u00e9e Europ\u00e9enne des langues 2020-2021 - Coll\u00e8ge Saint Jean Baptiste de La Salle","isPartOf":{"@id":"https:\/\/www.stjb-delasalle.fr\/site\/#website"},"primaryImageOfPage":{"@id":"https:\/\/www.stjb-delasalle.fr\/site\/2020\/11\/26\/journee-europeenne-des-langues\/#primaryimage"},"image":{"@id":"https:\/\/www.stjb-delasalle.fr\/site\/2020\/11\/26\/journee-europeenne-des-langues\/#primaryimage"},"thumbnailUrl":"","datePublished":"2020-11-26T12:53:03+00:00","breadcrumb":{"@id":"https:\/\/www.stjb-delasalle.fr\/site\/2020\/11\/26\/journee-europeenne-des-langues\/#breadcrumb"},"inLanguage":"fr-FR","potentialAction":[{"@type":"ReadAction","target":["https:\/\/www.stjb-delasalle.fr\/site\/2020\/11\/26\/journee-europeenne-des-langues\/"]}]},{"@type":"ImageObject","inLanguage":"fr-FR","@id":"https:\/\/www.stjb-delasalle.fr\/site\/2020\/11\/26\/journee-europeenne-des-langues\/#primaryimage","url":"","contentUrl":""},{"@type":"BreadcrumbList","@id":"https:\/\/www.stjb-delasalle.fr\/site\/2020\/11\/26\/journee-europeenne-des-langues\/#breadcrumb","itemListElement":[{"@type":"ListItem","position":1,"name":"Accueil","item":"https:\/\/www.stjb-delasalle.fr\/site\/"},{"@type":"ListItem","position":2,"name":"Journ\u00e9e Europ\u00e9enne des langues 2020-2021"}]},{"@type":"WebSite","@id":"https:\/\/www.stjb-delasalle.fr\/site\/#website","url":"https:\/\/www.stjb-delasalle.fr\/site\/","name":"Coll\u00e8ge Saint Jean Baptiste de La Salle","description":"Notre coll\u00e8ge vous accueille sur le site du Rancher \u00e0 Teloch\u00e9","publisher":{"@id":"https:\/\/www.stjb-delasalle.fr\/site\/#organization"},"potentialAction":[{"@type":"SearchAction","target":{"@type":"EntryPoint","urlTemplate":"https:\/\/www.stjb-delasalle.fr\/site\/?s={search_term_string}"},"query-input":{"@type":"PropertyValueSpecification","valueRequired":true,"valueName":"search_term_string"}}],"inLanguage":"fr-FR"},{"@type":"Organization","@id":"https:\/\/www.stjb-delasalle.fr\/site\/#organization","name":"Coll\u00e8ge Saint Jean Baptiste de La Salle","url":"https:\/\/www.stjb-delasalle.fr\/site\/","logo":{"@type":"ImageObject","inLanguage":"fr-FR","@id":"https:\/\/www.stjb-delasalle.fr\/site\/#\/schema\/logo\/image\/","url":"https:\/\/www.stjb-delasalle.fr\/site\/wp-content\/uploads\/2021\/11\/logostjb_petit_transp.png","contentUrl":"https:\/\/www.stjb-delasalle.fr\/site\/wp-content\/uploads\/2021\/11\/logostjb_petit_transp.png","width":180,"height":127,"caption":"Coll\u00e8ge Saint Jean Baptiste de La Salle"},"image":{"@id":"https:\/\/www.stjb-delasalle.fr\/site\/#\/schema\/logo\/image\/"}},{"@type":"Person","@id":"https:\/\/www.stjb-delasalle.fr\/site\/#\/schema\/person\/36988a7b4178dd69b805a25eea2b8f8f","name":"r.zucchetti","image":{"@type":"ImageObject","inLanguage":"fr-FR","@id":"https:\/\/secure.gravatar.com\/avatar\/de909cd474d221f967baff6582e1e559c4977b81139138190583ff7dda97b212?s=96&d=mm&r=g","url":"https:\/\/secure.gravatar.com\/avatar\/de909cd474d221f967baff6582e1e559c4977b81139138190583ff7dda97b212?s=96&d=mm&r=g","contentUrl":"https:\/\/secure.gravatar.com\/avatar\/de909cd474d221f967baff6582e1e559c4977b81139138190583ff7dda97b212?s=96&d=mm&r=g","caption":"r.zucchetti"},"sameAs":["https:\/\/www.stjb-delasalle.fr\/site"],"url":"https:\/\/www.stjb-delasalle.fr\/site\/author\/r-zucchetti\/"}]}},"_links":{"self":[{"href":"https:\/\/www.stjb-delasalle.fr\/site\/wp-json\/wp\/v2\/posts\/7191","targetHints":{"allow":["GET"]}}],"collection":[{"href":"https:\/\/www.stjb-delasalle.fr\/site\/wp-json\/wp\/v2\/posts"}],"about":[{"href":"https:\/\/www.stjb-delasalle.fr\/site\/wp-json\/wp\/v2\/types\/post"}],"author":[{"embeddable":true,"href":"https:\/\/www.stjb-delasalle.fr\/site\/wp-json\/wp\/v2\/users\/1"}],"replies":[{"embeddable":true,"href":"https:\/\/www.stjb-delasalle.fr\/site\/wp-json\/wp\/v2\/comments?post=7191"}],"version-history":[{"count":0,"href":"https:\/\/www.stjb-delasalle.fr\/site\/wp-json\/wp\/v2\/posts\/7191\/revisions"}],"wp:featuredmedia":[{"embeddable":true,"href":"https:\/\/www.stjb-delasalle.fr\/site\/wp-json\/"}],"wp:attachment":[{"href":"https:\/\/www.stjb-delasalle.fr\/site\/wp-json\/wp\/v2\/media?parent=7191"}],"wp:term":[{"taxonomy":"category","embeddable":true,"href":"https:\/\/www.stjb-delasalle.fr\/site\/wp-json\/wp\/v2\/categories?post=7191"},{"taxonomy":"post_tag","embeddable":true,"href":"https:\/\/www.stjb-delasalle.fr\/site\/wp-json\/wp\/v2\/tags?post=7191"}],"curies":[{"name":"wp","href":"https:\/\/api.w.org\/{rel}","templated":true}]}}