{"id":714,"date":"2017-10-22T19:46:10","date_gmt":"2017-10-22T17:46:10","guid":{"rendered":"http:\/\/www.stjb-delasalle.fr\/?p=714"},"modified":"2017-10-22T19:46:10","modified_gmt":"2017-10-22T17:46:10","slug":"le-college-saint-jean-baptiste-de-la-salle-a-lhonneur","status":"publish","type":"post","link":"https:\/\/www.stjb-delasalle.fr\/site\/2017\/10\/22\/le-college-saint-jean-baptiste-de-la-salle-a-lhonneur\/","title":{"rendered":"Le coll\u00e8ge Saint Jean-Baptiste de La Salle \u00e0 l\u2019honneur"},"content":{"rendered":"<div id=\"pl-714\"  class=\"panel-layout\" >\n<div id=\"pg-714-0\"  class=\"panel-grid panel-no-style\" >\n<div id=\"pgc-714-0-0\"  class=\"panel-grid-cell\"  data-weight=\"1\" >\n<div id=\"panel-714-0-0-0\" class=\"so-panel widget widget_sow-editor panel-first-child panel-last-child\" data-index=\"0\" data-style=\"{&quot;background_image_attachment&quot;:false,&quot;background_display&quot;:&quot;tile&quot;,&quot;iw-visible-screen&quot;:&quot;iw-all&quot;,&quot;iw-visible-layout&quot;:&quot;iw-all&quot;}\" >\n<div class=\"so-widget-sow-editor so-widget-sow-editor-base\">\n<div class=\"siteorigin-widget-tinymce textwidget\">\n<p>Parmi des milliers de projets, la Fondation de France en a distingu\u00e9\u00a013, dont notre projet EQUI-LIBRE s\u00e9lectionn\u00e9 et soutenu par la <strong>Fondation A. et P. Sommer<\/strong>.<\/p>\n<p>Notre coll\u00e8ge a donc \u00e9t\u00e9 r\u00e9compens\u00e9 par les lauriers 2017 lors d\u2019une c\u00e9r\u00e9monie <em>\u00ab\u00a0A la rencontre des acteurs d\u2019une vie meilleure\u00a0\u00bb<\/em> qui a eu lieu \u00e0 Paris le lundi 16 octobre.<\/p>\n<p><strong>Mesdames Bizet, Boyer et Detais, accompagn\u00e9es par Monsieur Montarou<\/strong> ont pr\u00e9sent\u00e9 le projet EQUI-LIBRE et son programme de m\u00e9diation \u00e9quine qui participe depuis pr\u00e8s de trois ans au bien-\u00eatre\u00a0de nos \u00e9l\u00e8ves et au d\u00e9veloppement des apprentissages et de la vie sociale.<\/p>\n<\/div>\n<\/div>\n<\/div>\n<\/div>\n<\/div>\n<div id=\"pg-714-1\"  class=\"panel-grid panel-no-style\"  data-style=\"{&quot;background_display&quot;:&quot;tile&quot;,&quot;lsow_dark_bg&quot;:&quot;&quot;,&quot;cell_alignment&quot;:&quot;flex-start&quot;,&quot;iw-visible-screen&quot;:&quot;iw-all&quot;,&quot;iw-visible-layout&quot;:&quot;iw-all&quot;}\" >\n<div id=\"pgc-714-1-0\"  class=\"panel-grid-cell\"  data-weight=\"1\" >\n<div id=\"panel-714-1-0-0\" class=\"so-panel widget widget_sow-slider panel-first-child panel-last-child\" data-index=\"1\" data-style=\"{&quot;background_display&quot;:&quot;tile&quot;,&quot;iw-visible-screen&quot;:&quot;iw-all&quot;,&quot;iw-visible-layout&quot;:&quot;iw-all&quot;}\" >\n<div class=\"so-widget-sow-slider so-widget-sow-slider-default-abf3e628296a\">\n<div class=\"sow-slider-base \" style=\"display: none\">\n<ul class=\"sow-slider-images\" data-settings=\"{&quot;pagination&quot;:true,&quot;speed&quot;:800,&quot;timeout&quot;:8000,&quot;swipe&quot;:true}\">\n<li class=\"sow-slider-image\" style=\"\" >\n<div class=\"sow-slider-image-container\">\n<div class=\"sow-slider-image-wrapper\" style=\"max-width: 4032px\">\n\t\t\t\t\t\t\t\t\t\t<img fetchpriority=\"high\" decoding=\"async\" width=\"4032\" height=\"2268\" src=\"http:\/\/www.stjb-delasalle.fr\/wp-content\/uploads\/2017\/10\/20171016_214037.jpg\" class=\"attachment-full size-full\" alt=\"\" srcset=\"http:\/\/www.stjb-delasalle.fr\/wp-content\/uploads\/2017\/10\/20171016_214037.jpg 4032w, http:\/\/www.stjb-delasalle.fr\/wp-content\/uploads\/2017\/10\/20171016_214037-300x169.jpg 300w, http:\/\/www.stjb-delasalle.fr\/wp-content\/uploads\/2017\/10\/20171016_214037-768x432.jpg 768w, http:\/\/www.stjb-delasalle.fr\/wp-content\/uploads\/2017\/10\/20171016_214037-1024x576.jpg 1024w\" sizes=\"(max-width: 4032px) 100vw, 4032px\" \/>\t\t\t\t\t\t\t\t\t<\/div>\n<\/p><\/div>\n<\/li>\n<li class=\"sow-slider-image\" style=\"\" >\n<div class=\"sow-slider-image-container\">\n<div class=\"sow-slider-image-wrapper\" style=\"max-width: 1656px\">\n\t\t\t\t\t\t\t\t\t\t<img decoding=\"async\" width=\"1656\" height=\"931\" src=\"http:\/\/www.stjb-delasalle.fr\/wp-content\/uploads\/2017\/10\/P1000390.jpg\" class=\"attachment-full size-full\" alt=\"\" srcset=\"http:\/\/www.stjb-delasalle.fr\/wp-content\/uploads\/2017\/10\/P1000390.jpg 1656w, http:\/\/www.stjb-delasalle.fr\/wp-content\/uploads\/2017\/10\/P1000390-300x169.jpg 300w, http:\/\/www.stjb-delasalle.fr\/wp-content\/uploads\/2017\/10\/P1000390-768x432.jpg 768w, http:\/\/www.stjb-delasalle.fr\/wp-content\/uploads\/2017\/10\/P1000390-1024x576.jpg 1024w\" sizes=\"(max-width: 1656px) 100vw, 1656px\" \/>\t\t\t\t\t\t\t\t\t<\/div>\n<\/p><\/div>\n<\/li>\n<li class=\"sow-slider-image\" style=\"\" >\n<div class=\"sow-slider-image-container\">\n<div class=\"sow-slider-image-wrapper\" style=\"max-width: 358px\">\n\t\t\t\t\t\t\t\t\t\t<img decoding=\"async\" width=\"358\" height=\"371\" src=\"http:\/\/www.stjb-delasalle.fr\/wp-content\/uploads\/2017\/10\/Capture23.jpg\" class=\"attachment-full size-full\" alt=\"\" srcset=\"http:\/\/www.stjb-delasalle.fr\/wp-content\/uploads\/2017\/10\/Capture23.jpg 358w, http:\/\/www.stjb-delasalle.fr\/wp-content\/uploads\/2017\/10\/Capture23-289x300.jpg 289w\" sizes=\"(max-width: 358px) 100vw, 358px\" \/>\t\t\t\t\t\t\t\t\t<\/div>\n<\/p><\/div>\n<\/li>\n<\/ul>\n<ol class=\"sow-slider-pagination\">\n<li><a href=\"#\" data-goto=\"0\">1<\/a><\/li>\n<li><a href=\"#\" data-goto=\"1\">2<\/a><\/li>\n<li><a href=\"#\" data-goto=\"2\">3<\/a><\/li>\n<\/ol>\n<div class=\"sow-slide-nav sow-slide-nav-next\">\n\t\t\t\t\t<a href=\"#\" data-goto=\"next\" data-action=\"next\"><br \/>\n\t\t\t\t\t\t<em class=\"sow-sld-icon-thin-right\"><\/em><br \/>\n\t\t\t\t\t<\/a>\n\t\t\t\t<\/div>\n<div class=\"sow-slide-nav sow-slide-nav-prev\">\n\t\t\t\t\t<a href=\"#\" data-goto=\"previous\" data-action=\"prev\"><br \/>\n\t\t\t\t\t\t<em class=\"sow-sld-icon-thin-left\"><\/em><br \/>\n\t\t\t\t\t<\/a>\n\t\t\t\t<\/div>\n<\/p><\/div>\n<\/div>\n<\/div>\n<\/div>\n<\/div>\n<\/div>\n","protected":false},"excerpt":{"rendered":"<p>Parmi des milliers de projets, la Fondation de France en a distingu\u00e9\u00a013, dont notre projet EQUI-LIBRE s\u00e9lectionn\u00e9 et soutenu par la Fondation A. et P. Sommer. Notre coll\u00e8ge a donc \u00e9t\u00e9 r\u00e9compens\u00e9 par les lauriers 2017 lors d\u2019une c\u00e9r\u00e9monie \u00ab\u00a0A la rencontre des acteurs d\u2019une vie meilleure\u00a0\u00bb qui a eu lieu \u00e0 Paris le lundi [&hellip;]<\/p>\n","protected":false},"author":1,"featured_media":715,"comment_status":"closed","ping_status":"closed","sticky":false,"template":"","format":"standard","meta":{"site-sidebar-layout":"default","site-content-layout":"","ast-site-content-layout":"default","site-content-style":"default","site-sidebar-style":"default","ast-global-header-display":"","ast-banner-title-visibility":"","ast-main-header-display":"","ast-hfb-above-header-display":"","ast-hfb-below-header-display":"","ast-hfb-mobile-header-display":"","site-post-title":"","ast-breadcrumbs-content":"","ast-featured-img":"","footer-sml-layout":"","ast-disable-related-posts":"","theme-transparent-header-meta":"","adv-header-id-meta":"","stick-header-meta":"","header-above-stick-meta":"","header-main-stick-meta":"","header-below-stick-meta":"","astra-migrate-meta-layouts":"default","ast-page-background-enabled":"default","ast-page-background-meta":{"desktop":{"background-color":"var(--ast-global-color-4)","background-image":"","background-repeat":"repeat","background-position":"center center","background-size":"auto","background-attachment":"scroll","background-type":"","background-media":"","overlay-type":"","overlay-color":"","overlay-opacity":"","overlay-gradient":""},"tablet":{"background-color":"","background-image":"","background-repeat":"repeat","background-position":"center center","background-size":"auto","background-attachment":"scroll","background-type":"","background-media":"","overlay-type":"","overlay-color":"","overlay-opacity":"","overlay-gradient":""},"mobile":{"background-color":"","background-image":"","background-repeat":"repeat","background-position":"center center","background-size":"auto","background-attachment":"scroll","background-type":"","background-media":"","overlay-type":"","overlay-color":"","overlay-opacity":"","overlay-gradient":""}},"ast-content-background-meta":{"desktop":{"background-color":"var(--ast-global-color-5)","background-image":"","background-repeat":"repeat","background-position":"center center","background-size":"auto","background-attachment":"scroll","background-type":"","background-media":"","overlay-type":"","overlay-color":"","overlay-opacity":"","overlay-gradient":""},"tablet":{"background-color":"var(--ast-global-color-5)","background-image":"","background-repeat":"repeat","background-position":"center center","background-size":"auto","background-attachment":"scroll","background-type":"","background-media":"","overlay-type":"","overlay-color":"","overlay-opacity":"","overlay-gradient":""},"mobile":{"background-color":"var(--ast-global-color-5)","background-image":"","background-repeat":"repeat","background-position":"center center","background-size":"auto","background-attachment":"scroll","background-type":"","background-media":"","overlay-type":"","overlay-color":"","overlay-opacity":"","overlay-gradient":""}},"footnotes":""},"categories":[6],"tags":[],"class_list":["post-714","post","type-post","status-publish","format-standard","has-post-thumbnail","hentry","category-college"],"yoast_head":"<!-- This site is optimized with the Yoast SEO plugin v27.5 - https:\/\/yoast.com\/product\/yoast-seo-wordpress\/ -->\n<title>Le coll\u00e8ge Saint Jean-Baptiste de La Salle \u00e0 l\u2019honneur - Coll\u00e8ge Saint Jean Baptiste de La Salle<\/title>\n<meta name=\"robots\" content=\"index, follow, max-snippet:-1, max-image-preview:large, max-video-preview:-1\" \/>\n<link rel=\"canonical\" href=\"https:\/\/www.stjb-delasalle.fr\/site\/2017\/10\/22\/le-college-saint-jean-baptiste-de-la-salle-a-lhonneur\/\" \/>\n<meta property=\"og:locale\" content=\"fr_FR\" \/>\n<meta property=\"og:type\" content=\"article\" \/>\n<meta property=\"og:title\" content=\"Le coll\u00e8ge Saint Jean-Baptiste de La Salle \u00e0 l\u2019honneur - Coll\u00e8ge Saint Jean Baptiste de La Salle\" \/>\n<meta property=\"og:description\" content=\"Parmi des milliers de projets, la Fondation de France en a distingu\u00e9\u00a013, dont notre projet EQUI-LIBRE s\u00e9lectionn\u00e9 et soutenu par la Fondation A. et P. Sommer. Notre coll\u00e8ge a donc \u00e9t\u00e9 r\u00e9compens\u00e9 par les lauriers 2017 lors d\u2019une c\u00e9r\u00e9monie \u00ab\u00a0A la rencontre des acteurs d\u2019une vie meilleure\u00a0\u00bb qui a eu lieu \u00e0 Paris le lundi [&hellip;]\" \/>\n<meta property=\"og:url\" content=\"https:\/\/www.stjb-delasalle.fr\/site\/2017\/10\/22\/le-college-saint-jean-baptiste-de-la-salle-a-lhonneur\/\" \/>\n<meta property=\"og:site_name\" content=\"Coll\u00e8ge Saint Jean Baptiste de La Salle\" \/>\n<meta property=\"article:published_time\" content=\"2017-10-22T17:46:10+00:00\" \/>\n<meta name=\"author\" content=\"r.zucchetti\" \/>\n<meta name=\"twitter:card\" content=\"summary_large_image\" \/>\n<meta name=\"twitter:label1\" content=\"\u00c9crit par\" \/>\n\t<meta name=\"twitter:data1\" content=\"r.zucchetti\" \/>\n\t<meta name=\"twitter:label2\" content=\"Dur\u00e9e de lecture estim\u00e9e\" \/>\n\t<meta name=\"twitter:data2\" content=\"1 minute\" \/>\n<script type=\"application\/ld+json\" class=\"yoast-schema-graph\">{\"@context\":\"https:\\\/\\\/schema.org\",\"@graph\":[{\"@type\":\"Article\",\"@id\":\"https:\\\/\\\/www.stjb-delasalle.fr\\\/site\\\/2017\\\/10\\\/22\\\/le-college-saint-jean-baptiste-de-la-salle-a-lhonneur\\\/#article\",\"isPartOf\":{\"@id\":\"https:\\\/\\\/www.stjb-delasalle.fr\\\/site\\\/2017\\\/10\\\/22\\\/le-college-saint-jean-baptiste-de-la-salle-a-lhonneur\\\/\"},\"author\":{\"name\":\"r.zucchetti\",\"@id\":\"https:\\\/\\\/www.stjb-delasalle.fr\\\/site\\\/#\\\/schema\\\/person\\\/36988a7b4178dd69b805a25eea2b8f8f\"},\"headline\":\"Le coll\u00e8ge Saint Jean-Baptiste de La Salle \u00e0 l\u2019honneur\",\"datePublished\":\"2017-10-22T17:46:10+00:00\",\"mainEntityOfPage\":{\"@id\":\"https:\\\/\\\/www.stjb-delasalle.fr\\\/site\\\/2017\\\/10\\\/22\\\/le-college-saint-jean-baptiste-de-la-salle-a-lhonneur\\\/\"},\"wordCount\":120,\"publisher\":{\"@id\":\"https:\\\/\\\/www.stjb-delasalle.fr\\\/site\\\/#organization\"},\"image\":{\"@id\":\"https:\\\/\\\/www.stjb-delasalle.fr\\\/site\\\/2017\\\/10\\\/22\\\/le-college-saint-jean-baptiste-de-la-salle-a-lhonneur\\\/#primaryimage\"},\"thumbnailUrl\":\"\",\"articleSection\":[\"Coll\u00e8ge\"],\"inLanguage\":\"fr-FR\"},{\"@type\":\"WebPage\",\"@id\":\"https:\\\/\\\/www.stjb-delasalle.fr\\\/site\\\/2017\\\/10\\\/22\\\/le-college-saint-jean-baptiste-de-la-salle-a-lhonneur\\\/\",\"url\":\"https:\\\/\\\/www.stjb-delasalle.fr\\\/site\\\/2017\\\/10\\\/22\\\/le-college-saint-jean-baptiste-de-la-salle-a-lhonneur\\\/\",\"name\":\"Le coll\u00e8ge Saint Jean-Baptiste de La Salle \u00e0 l\u2019honneur - Coll\u00e8ge Saint Jean Baptiste de La Salle\",\"isPartOf\":{\"@id\":\"https:\\\/\\\/www.stjb-delasalle.fr\\\/site\\\/#website\"},\"primaryImageOfPage\":{\"@id\":\"https:\\\/\\\/www.stjb-delasalle.fr\\\/site\\\/2017\\\/10\\\/22\\\/le-college-saint-jean-baptiste-de-la-salle-a-lhonneur\\\/#primaryimage\"},\"image\":{\"@id\":\"https:\\\/\\\/www.stjb-delasalle.fr\\\/site\\\/2017\\\/10\\\/22\\\/le-college-saint-jean-baptiste-de-la-salle-a-lhonneur\\\/#primaryimage\"},\"thumbnailUrl\":\"\",\"datePublished\":\"2017-10-22T17:46:10+00:00\",\"breadcrumb\":{\"@id\":\"https:\\\/\\\/www.stjb-delasalle.fr\\\/site\\\/2017\\\/10\\\/22\\\/le-college-saint-jean-baptiste-de-la-salle-a-lhonneur\\\/#breadcrumb\"},\"inLanguage\":\"fr-FR\",\"potentialAction\":[{\"@type\":\"ReadAction\",\"target\":[\"https:\\\/\\\/www.stjb-delasalle.fr\\\/site\\\/2017\\\/10\\\/22\\\/le-college-saint-jean-baptiste-de-la-salle-a-lhonneur\\\/\"]}]},{\"@type\":\"ImageObject\",\"inLanguage\":\"fr-FR\",\"@id\":\"https:\\\/\\\/www.stjb-delasalle.fr\\\/site\\\/2017\\\/10\\\/22\\\/le-college-saint-jean-baptiste-de-la-salle-a-lhonneur\\\/#primaryimage\",\"url\":\"\",\"contentUrl\":\"\"},{\"@type\":\"BreadcrumbList\",\"@id\":\"https:\\\/\\\/www.stjb-delasalle.fr\\\/site\\\/2017\\\/10\\\/22\\\/le-college-saint-jean-baptiste-de-la-salle-a-lhonneur\\\/#breadcrumb\",\"itemListElement\":[{\"@type\":\"ListItem\",\"position\":1,\"name\":\"Accueil\",\"item\":\"https:\\\/\\\/www.stjb-delasalle.fr\\\/site\\\/\"},{\"@type\":\"ListItem\",\"position\":2,\"name\":\"Le coll\u00e8ge Saint Jean-Baptiste de La Salle \u00e0 l\u2019honneur\"}]},{\"@type\":\"WebSite\",\"@id\":\"https:\\\/\\\/www.stjb-delasalle.fr\\\/site\\\/#website\",\"url\":\"https:\\\/\\\/www.stjb-delasalle.fr\\\/site\\\/\",\"name\":\"Coll\u00e8ge Saint Jean Baptiste de La Salle\",\"description\":\"Notre coll\u00e8ge vous accueille sur le site du Rancher \u00e0 Teloch\u00e9\",\"publisher\":{\"@id\":\"https:\\\/\\\/www.stjb-delasalle.fr\\\/site\\\/#organization\"},\"potentialAction\":[{\"@type\":\"SearchAction\",\"target\":{\"@type\":\"EntryPoint\",\"urlTemplate\":\"https:\\\/\\\/www.stjb-delasalle.fr\\\/site\\\/?s={search_term_string}\"},\"query-input\":{\"@type\":\"PropertyValueSpecification\",\"valueRequired\":true,\"valueName\":\"search_term_string\"}}],\"inLanguage\":\"fr-FR\"},{\"@type\":\"Organization\",\"@id\":\"https:\\\/\\\/www.stjb-delasalle.fr\\\/site\\\/#organization\",\"name\":\"Coll\u00e8ge Saint Jean Baptiste de La Salle\",\"url\":\"https:\\\/\\\/www.stjb-delasalle.fr\\\/site\\\/\",\"logo\":{\"@type\":\"ImageObject\",\"inLanguage\":\"fr-FR\",\"@id\":\"https:\\\/\\\/www.stjb-delasalle.fr\\\/site\\\/#\\\/schema\\\/logo\\\/image\\\/\",\"url\":\"https:\\\/\\\/www.stjb-delasalle.fr\\\/site\\\/wp-content\\\/uploads\\\/2021\\\/11\\\/logostjb_petit_transp.png\",\"contentUrl\":\"https:\\\/\\\/www.stjb-delasalle.fr\\\/site\\\/wp-content\\\/uploads\\\/2021\\\/11\\\/logostjb_petit_transp.png\",\"width\":180,\"height\":127,\"caption\":\"Coll\u00e8ge Saint Jean Baptiste de La Salle\"},\"image\":{\"@id\":\"https:\\\/\\\/www.stjb-delasalle.fr\\\/site\\\/#\\\/schema\\\/logo\\\/image\\\/\"}},{\"@type\":\"Person\",\"@id\":\"https:\\\/\\\/www.stjb-delasalle.fr\\\/site\\\/#\\\/schema\\\/person\\\/36988a7b4178dd69b805a25eea2b8f8f\",\"name\":\"r.zucchetti\",\"image\":{\"@type\":\"ImageObject\",\"inLanguage\":\"fr-FR\",\"@id\":\"https:\\\/\\\/secure.gravatar.com\\\/avatar\\\/de909cd474d221f967baff6582e1e559c4977b81139138190583ff7dda97b212?s=96&d=mm&r=g\",\"url\":\"https:\\\/\\\/secure.gravatar.com\\\/avatar\\\/de909cd474d221f967baff6582e1e559c4977b81139138190583ff7dda97b212?s=96&d=mm&r=g\",\"contentUrl\":\"https:\\\/\\\/secure.gravatar.com\\\/avatar\\\/de909cd474d221f967baff6582e1e559c4977b81139138190583ff7dda97b212?s=96&d=mm&r=g\",\"caption\":\"r.zucchetti\"},\"sameAs\":[\"https:\\\/\\\/www.stjb-delasalle.fr\\\/site\"],\"url\":\"https:\\\/\\\/www.stjb-delasalle.fr\\\/site\\\/author\\\/r-zucchetti\\\/\"}]}<\/script>\n<!-- \/ Yoast SEO plugin. -->","yoast_head_json":{"title":"Le coll\u00e8ge Saint Jean-Baptiste de La Salle \u00e0 l\u2019honneur - Coll\u00e8ge Saint Jean Baptiste de La Salle","robots":{"index":"index","follow":"follow","max-snippet":"max-snippet:-1","max-image-preview":"max-image-preview:large","max-video-preview":"max-video-preview:-1"},"canonical":"https:\/\/www.stjb-delasalle.fr\/site\/2017\/10\/22\/le-college-saint-jean-baptiste-de-la-salle-a-lhonneur\/","og_locale":"fr_FR","og_type":"article","og_title":"Le coll\u00e8ge Saint Jean-Baptiste de La Salle \u00e0 l\u2019honneur - Coll\u00e8ge Saint Jean Baptiste de La Salle","og_description":"Parmi des milliers de projets, la Fondation de France en a distingu\u00e9\u00a013, dont notre projet EQUI-LIBRE s\u00e9lectionn\u00e9 et soutenu par la Fondation A. et P. Sommer. Notre coll\u00e8ge a donc \u00e9t\u00e9 r\u00e9compens\u00e9 par les lauriers 2017 lors d\u2019une c\u00e9r\u00e9monie \u00ab\u00a0A la rencontre des acteurs d\u2019une vie meilleure\u00a0\u00bb qui a eu lieu \u00e0 Paris le lundi [&hellip;]","og_url":"https:\/\/www.stjb-delasalle.fr\/site\/2017\/10\/22\/le-college-saint-jean-baptiste-de-la-salle-a-lhonneur\/","og_site_name":"Coll\u00e8ge Saint Jean Baptiste de La Salle","article_published_time":"2017-10-22T17:46:10+00:00","author":"r.zucchetti","twitter_card":"summary_large_image","twitter_misc":{"\u00c9crit par":"r.zucchetti","Dur\u00e9e de lecture estim\u00e9e":"1 minute"},"schema":{"@context":"https:\/\/schema.org","@graph":[{"@type":"Article","@id":"https:\/\/www.stjb-delasalle.fr\/site\/2017\/10\/22\/le-college-saint-jean-baptiste-de-la-salle-a-lhonneur\/#article","isPartOf":{"@id":"https:\/\/www.stjb-delasalle.fr\/site\/2017\/10\/22\/le-college-saint-jean-baptiste-de-la-salle-a-lhonneur\/"},"author":{"name":"r.zucchetti","@id":"https:\/\/www.stjb-delasalle.fr\/site\/#\/schema\/person\/36988a7b4178dd69b805a25eea2b8f8f"},"headline":"Le coll\u00e8ge Saint Jean-Baptiste de La Salle \u00e0 l\u2019honneur","datePublished":"2017-10-22T17:46:10+00:00","mainEntityOfPage":{"@id":"https:\/\/www.stjb-delasalle.fr\/site\/2017\/10\/22\/le-college-saint-jean-baptiste-de-la-salle-a-lhonneur\/"},"wordCount":120,"publisher":{"@id":"https:\/\/www.stjb-delasalle.fr\/site\/#organization"},"image":{"@id":"https:\/\/www.stjb-delasalle.fr\/site\/2017\/10\/22\/le-college-saint-jean-baptiste-de-la-salle-a-lhonneur\/#primaryimage"},"thumbnailUrl":"","articleSection":["Coll\u00e8ge"],"inLanguage":"fr-FR"},{"@type":"WebPage","@id":"https:\/\/www.stjb-delasalle.fr\/site\/2017\/10\/22\/le-college-saint-jean-baptiste-de-la-salle-a-lhonneur\/","url":"https:\/\/www.stjb-delasalle.fr\/site\/2017\/10\/22\/le-college-saint-jean-baptiste-de-la-salle-a-lhonneur\/","name":"Le coll\u00e8ge Saint Jean-Baptiste de La Salle \u00e0 l\u2019honneur - Coll\u00e8ge Saint Jean Baptiste de La Salle","isPartOf":{"@id":"https:\/\/www.stjb-delasalle.fr\/site\/#website"},"primaryImageOfPage":{"@id":"https:\/\/www.stjb-delasalle.fr\/site\/2017\/10\/22\/le-college-saint-jean-baptiste-de-la-salle-a-lhonneur\/#primaryimage"},"image":{"@id":"https:\/\/www.stjb-delasalle.fr\/site\/2017\/10\/22\/le-college-saint-jean-baptiste-de-la-salle-a-lhonneur\/#primaryimage"},"thumbnailUrl":"","datePublished":"2017-10-22T17:46:10+00:00","breadcrumb":{"@id":"https:\/\/www.stjb-delasalle.fr\/site\/2017\/10\/22\/le-college-saint-jean-baptiste-de-la-salle-a-lhonneur\/#breadcrumb"},"inLanguage":"fr-FR","potentialAction":[{"@type":"ReadAction","target":["https:\/\/www.stjb-delasalle.fr\/site\/2017\/10\/22\/le-college-saint-jean-baptiste-de-la-salle-a-lhonneur\/"]}]},{"@type":"ImageObject","inLanguage":"fr-FR","@id":"https:\/\/www.stjb-delasalle.fr\/site\/2017\/10\/22\/le-college-saint-jean-baptiste-de-la-salle-a-lhonneur\/#primaryimage","url":"","contentUrl":""},{"@type":"BreadcrumbList","@id":"https:\/\/www.stjb-delasalle.fr\/site\/2017\/10\/22\/le-college-saint-jean-baptiste-de-la-salle-a-lhonneur\/#breadcrumb","itemListElement":[{"@type":"ListItem","position":1,"name":"Accueil","item":"https:\/\/www.stjb-delasalle.fr\/site\/"},{"@type":"ListItem","position":2,"name":"Le coll\u00e8ge Saint Jean-Baptiste de La Salle \u00e0 l\u2019honneur"}]},{"@type":"WebSite","@id":"https:\/\/www.stjb-delasalle.fr\/site\/#website","url":"https:\/\/www.stjb-delasalle.fr\/site\/","name":"Coll\u00e8ge Saint Jean Baptiste de La Salle","description":"Notre coll\u00e8ge vous accueille sur le site du Rancher \u00e0 Teloch\u00e9","publisher":{"@id":"https:\/\/www.stjb-delasalle.fr\/site\/#organization"},"potentialAction":[{"@type":"SearchAction","target":{"@type":"EntryPoint","urlTemplate":"https:\/\/www.stjb-delasalle.fr\/site\/?s={search_term_string}"},"query-input":{"@type":"PropertyValueSpecification","valueRequired":true,"valueName":"search_term_string"}}],"inLanguage":"fr-FR"},{"@type":"Organization","@id":"https:\/\/www.stjb-delasalle.fr\/site\/#organization","name":"Coll\u00e8ge Saint Jean Baptiste de La Salle","url":"https:\/\/www.stjb-delasalle.fr\/site\/","logo":{"@type":"ImageObject","inLanguage":"fr-FR","@id":"https:\/\/www.stjb-delasalle.fr\/site\/#\/schema\/logo\/image\/","url":"https:\/\/www.stjb-delasalle.fr\/site\/wp-content\/uploads\/2021\/11\/logostjb_petit_transp.png","contentUrl":"https:\/\/www.stjb-delasalle.fr\/site\/wp-content\/uploads\/2021\/11\/logostjb_petit_transp.png","width":180,"height":127,"caption":"Coll\u00e8ge Saint Jean Baptiste de La Salle"},"image":{"@id":"https:\/\/www.stjb-delasalle.fr\/site\/#\/schema\/logo\/image\/"}},{"@type":"Person","@id":"https:\/\/www.stjb-delasalle.fr\/site\/#\/schema\/person\/36988a7b4178dd69b805a25eea2b8f8f","name":"r.zucchetti","image":{"@type":"ImageObject","inLanguage":"fr-FR","@id":"https:\/\/secure.gravatar.com\/avatar\/de909cd474d221f967baff6582e1e559c4977b81139138190583ff7dda97b212?s=96&d=mm&r=g","url":"https:\/\/secure.gravatar.com\/avatar\/de909cd474d221f967baff6582e1e559c4977b81139138190583ff7dda97b212?s=96&d=mm&r=g","contentUrl":"https:\/\/secure.gravatar.com\/avatar\/de909cd474d221f967baff6582e1e559c4977b81139138190583ff7dda97b212?s=96&d=mm&r=g","caption":"r.zucchetti"},"sameAs":["https:\/\/www.stjb-delasalle.fr\/site"],"url":"https:\/\/www.stjb-delasalle.fr\/site\/author\/r-zucchetti\/"}]}},"_links":{"self":[{"href":"https:\/\/www.stjb-delasalle.fr\/site\/wp-json\/wp\/v2\/posts\/714","targetHints":{"allow":["GET"]}}],"collection":[{"href":"https:\/\/www.stjb-delasalle.fr\/site\/wp-json\/wp\/v2\/posts"}],"about":[{"href":"https:\/\/www.stjb-delasalle.fr\/site\/wp-json\/wp\/v2\/types\/post"}],"author":[{"embeddable":true,"href":"https:\/\/www.stjb-delasalle.fr\/site\/wp-json\/wp\/v2\/users\/1"}],"replies":[{"embeddable":true,"href":"https:\/\/www.stjb-delasalle.fr\/site\/wp-json\/wp\/v2\/comments?post=714"}],"version-history":[{"count":0,"href":"https:\/\/www.stjb-delasalle.fr\/site\/wp-json\/wp\/v2\/posts\/714\/revisions"}],"wp:featuredmedia":[{"embeddable":true,"href":"https:\/\/www.stjb-delasalle.fr\/site\/wp-json\/"}],"wp:attachment":[{"href":"https:\/\/www.stjb-delasalle.fr\/site\/wp-json\/wp\/v2\/media?parent=714"}],"wp:term":[{"taxonomy":"category","embeddable":true,"href":"https:\/\/www.stjb-delasalle.fr\/site\/wp-json\/wp\/v2\/categories?post=714"},{"taxonomy":"post_tag","embeddable":true,"href":"https:\/\/www.stjb-delasalle.fr\/site\/wp-json\/wp\/v2\/tags?post=714"}],"curies":[{"name":"wp","href":"https:\/\/api.w.org\/{rel}","templated":true}]}}