{"id":6922,"date":"2020-09-26T10:05:58","date_gmt":"2020-09-26T08:05:58","guid":{"rendered":"https:\/\/www.stjb-delasalle.fr\/?p=6922"},"modified":"2020-09-26T10:05:58","modified_gmt":"2020-09-26T08:05:58","slug":"la-revolution-neolithique-2-2-2-2-2-3","status":"publish","type":"post","link":"https:\/\/www.stjb-delasalle.fr\/site\/2020\/09\/26\/la-revolution-neolithique-2-2-2-2-2-3\/","title":{"rendered":"P\u00e2ques"},"content":{"rendered":"<p style=\"text-align: center;\"><span style=\"color: #000000;\">Ce jeudi 21 mai, c&rsquo;est <strong>P\u00e2ques<\/strong>. C&rsquo;est la f\u00eate la plus importante du christianisme<sup id=\"cite_ref-1\" class=\"reference\"><\/sup>. Elle comm\u00e9more <strong>la r\u00e9surrection de J\u00e9sus.<\/strong><\/span><\/p>\n<p style=\"text-align: center;\"><span style=\"color: #000000;\">En pr\u00e9paration de la f\u00eate de P\u00e2ques, les fid\u00e8les doivent vivre pendant 40 jours une p\u00e9riode d&rsquo;approfondissement, de pri\u00e8re et de d\u00e9tachement des biens mat\u00e9riels : Le Car\u00eame. En ce sens, l&rsquo;alimentation devrait \u00eatre plus frugale et en particulier les aliments animaux restreints. La veille du mercredi des Cendres est le dernier jour \u00ab gras \u00bb avant le Car\u00eame : le Mardi gras, jour de f\u00eate, de carnaval (qui signifie en latin \u00ab\u00a0enlever la viande\u00a0\u00bb) . Le Car\u00eame prend fin avec P\u00e2ques.<\/span><\/p>\n<p style=\"text-align: center;\"><span style=\"color: #003366;\"><em>\u00a0\u00bb <sup>1<\/sup>Tr\u00e8s t\u00f4t le dimanche matin, les femmes se rendirent au tombeau, en apportant des huiles parfum\u00e9es qu&rsquo;elles avaient pr\u00e9par\u00e9es. <sup>2<\/sup>Elles trouv\u00e8rent la pierre roul\u00e9e loin de l&rsquo;entr\u00e9e du tombeau;\u00a0 <sup>3<\/sup>elles entr\u00e8rent mais ne trouv\u00e8rent pas le corps du Seigneur J\u00e9sus. <sup>4<\/sup>Elles ne savaient qu&rsquo;en penser lorsque deux hommes aux v\u00eatements brillants leur apparurent. <sup>5<\/sup>Comme elles \u00e9taient saisies de crainte et tenaient leur visage baiss\u00e9 vers la terre, ces hommes leur dirent: \u00ab\u00a0Pourquoi cherchez-vous parmi les morts celui qui est vivant ? <sup>6<\/sup>Il n&rsquo;est pas ici; il est revenu \u00e0 la vie [&#8230;]. <\/em>\u00ab\u00a0<\/span><span style=\"color: #000000;\"> Evangile selon saint Luc 24 <sup>1-6<\/sup>.<\/span><\/p>\n<p>&nbsp;<\/p>\n","protected":false},"excerpt":{"rendered":"<p>Ce jeudi 21 mai, c&rsquo;est P\u00e2ques. C&rsquo;est la f\u00eate la plus importante du christianisme. Elle comm\u00e9more la r\u00e9surrection de J\u00e9sus. En pr\u00e9paration de la f\u00eate de P\u00e2ques, les fid\u00e8les doivent vivre pendant 40 jours une p\u00e9riode d&rsquo;approfondissement, de pri\u00e8re et de d\u00e9tachement des biens mat\u00e9riels : Le Car\u00eame. En ce sens, l&rsquo;alimentation devrait \u00eatre plus [&hellip;]<\/p>\n","protected":false},"author":2,"featured_media":6936,"comment_status":"closed","ping_status":"closed","sticky":false,"template":"","format":"standard","meta":{"site-sidebar-layout":"default","site-content-layout":"","ast-site-content-layout":"default","site-content-style":"default","site-sidebar-style":"default","ast-global-header-display":"","ast-banner-title-visibility":"","ast-main-header-display":"","ast-hfb-above-header-display":"","ast-hfb-below-header-display":"","ast-hfb-mobile-header-display":"","site-post-title":"","ast-breadcrumbs-content":"","ast-featured-img":"","footer-sml-layout":"","ast-disable-related-posts":"","theme-transparent-header-meta":"","adv-header-id-meta":"","stick-header-meta":"","header-above-stick-meta":"","header-main-stick-meta":"","header-below-stick-meta":"","astra-migrate-meta-layouts":"default","ast-page-background-enabled":"default","ast-page-background-meta":{"desktop":{"background-color":"var(--ast-global-color-4)","background-image":"","background-repeat":"repeat","background-position":"center center","background-size":"auto","background-attachment":"scroll","background-type":"","background-media":"","overlay-type":"","overlay-color":"","overlay-opacity":"","overlay-gradient":""},"tablet":{"background-color":"","background-image":"","background-repeat":"repeat","background-position":"center center","background-size":"auto","background-attachment":"scroll","background-type":"","background-media":"","overlay-type":"","overlay-color":"","overlay-opacity":"","overlay-gradient":""},"mobile":{"background-color":"","background-image":"","background-repeat":"repeat","background-position":"center center","background-size":"auto","background-attachment":"scroll","background-type":"","background-media":"","overlay-type":"","overlay-color":"","overlay-opacity":"","overlay-gradient":""}},"ast-content-background-meta":{"desktop":{"background-color":"var(--ast-global-color-5)","background-image":"","background-repeat":"repeat","background-position":"center center","background-size":"auto","background-attachment":"scroll","background-type":"","background-media":"","overlay-type":"","overlay-color":"","overlay-opacity":"","overlay-gradient":""},"tablet":{"background-color":"var(--ast-global-color-5)","background-image":"","background-repeat":"repeat","background-position":"center center","background-size":"auto","background-attachment":"scroll","background-type":"","background-media":"","overlay-type":"","overlay-color":"","overlay-opacity":"","overlay-gradient":""},"mobile":{"background-color":"var(--ast-global-color-5)","background-image":"","background-repeat":"repeat","background-position":"center center","background-size":"auto","background-attachment":"scroll","background-type":"","background-media":"","overlay-type":"","overlay-color":"","overlay-opacity":"","overlay-gradient":""}},"footnotes":""},"categories":[18,20],"tags":[],"class_list":["post-6922","post","type-post","status-publish","format-standard","has-post-thumbnail","hentry","category-5e-hg-emc-attente","category-6e-hg-emc-attente"],"yoast_head":"<!-- This site is optimized with the Yoast SEO plugin v27.5 - https:\/\/yoast.com\/product\/yoast-seo-wordpress\/ -->\n<title>P\u00e2ques - Coll\u00e8ge Saint Jean Baptiste de La Salle<\/title>\n<meta name=\"robots\" content=\"index, follow, max-snippet:-1, max-image-preview:large, max-video-preview:-1\" \/>\n<link rel=\"canonical\" href=\"https:\/\/www.stjb-delasalle.fr\/site\/2020\/09\/26\/la-revolution-neolithique-2-2-2-2-2-3\/\" \/>\n<meta property=\"og:locale\" content=\"fr_FR\" \/>\n<meta property=\"og:type\" content=\"article\" \/>\n<meta property=\"og:title\" content=\"P\u00e2ques - Coll\u00e8ge Saint Jean Baptiste de La Salle\" \/>\n<meta property=\"og:description\" content=\"Ce jeudi 21 mai, c&rsquo;est P\u00e2ques. C&rsquo;est la f\u00eate la plus importante du christianisme. Elle comm\u00e9more la r\u00e9surrection de J\u00e9sus. En pr\u00e9paration de la f\u00eate de P\u00e2ques, les fid\u00e8les doivent vivre pendant 40 jours une p\u00e9riode d&rsquo;approfondissement, de pri\u00e8re et de d\u00e9tachement des biens mat\u00e9riels : Le Car\u00eame. En ce sens, l&rsquo;alimentation devrait \u00eatre plus [&hellip;]\" \/>\n<meta property=\"og:url\" content=\"https:\/\/www.stjb-delasalle.fr\/site\/2020\/09\/26\/la-revolution-neolithique-2-2-2-2-2-3\/\" \/>\n<meta property=\"og:site_name\" content=\"Coll\u00e8ge Saint Jean Baptiste de La Salle\" \/>\n<meta property=\"article:published_time\" content=\"2020-09-26T08:05:58+00:00\" \/>\n<meta name=\"author\" content=\"c.guyet\" \/>\n<meta name=\"twitter:card\" content=\"summary_large_image\" \/>\n<meta name=\"twitter:label1\" content=\"\u00c9crit par\" \/>\n\t<meta name=\"twitter:data1\" content=\"c.guyet\" \/>\n\t<meta name=\"twitter:label2\" content=\"Dur\u00e9e de lecture estim\u00e9e\" \/>\n\t<meta name=\"twitter:data2\" content=\"1 minute\" \/>\n<script type=\"application\/ld+json\" class=\"yoast-schema-graph\">{\"@context\":\"https:\\\/\\\/schema.org\",\"@graph\":[{\"@type\":\"Article\",\"@id\":\"https:\\\/\\\/www.stjb-delasalle.fr\\\/site\\\/2020\\\/09\\\/26\\\/la-revolution-neolithique-2-2-2-2-2-3\\\/#article\",\"isPartOf\":{\"@id\":\"https:\\\/\\\/www.stjb-delasalle.fr\\\/site\\\/2020\\\/09\\\/26\\\/la-revolution-neolithique-2-2-2-2-2-3\\\/\"},\"author\":{\"name\":\"c.guyet\",\"@id\":\"https:\\\/\\\/www.stjb-delasalle.fr\\\/site\\\/#\\\/schema\\\/person\\\/c6bc729d0bf9f8313aad8e0f2022e769\"},\"headline\":\"P\u00e2ques\",\"datePublished\":\"2020-09-26T08:05:58+00:00\",\"mainEntityOfPage\":{\"@id\":\"https:\\\/\\\/www.stjb-delasalle.fr\\\/site\\\/2020\\\/09\\\/26\\\/la-revolution-neolithique-2-2-2-2-2-3\\\/\"},\"wordCount\":222,\"publisher\":{\"@id\":\"https:\\\/\\\/www.stjb-delasalle.fr\\\/site\\\/#organization\"},\"image\":{\"@id\":\"https:\\\/\\\/www.stjb-delasalle.fr\\\/site\\\/2020\\\/09\\\/26\\\/la-revolution-neolithique-2-2-2-2-2-3\\\/#primaryimage\"},\"thumbnailUrl\":\"\",\"articleSection\":[\"5e HG-EMC - Attente\",\"6e HG-EMC \u2013 Attente\"],\"inLanguage\":\"fr-FR\"},{\"@type\":\"WebPage\",\"@id\":\"https:\\\/\\\/www.stjb-delasalle.fr\\\/site\\\/2020\\\/09\\\/26\\\/la-revolution-neolithique-2-2-2-2-2-3\\\/\",\"url\":\"https:\\\/\\\/www.stjb-delasalle.fr\\\/site\\\/2020\\\/09\\\/26\\\/la-revolution-neolithique-2-2-2-2-2-3\\\/\",\"name\":\"P\u00e2ques - Coll\u00e8ge Saint Jean Baptiste de La Salle\",\"isPartOf\":{\"@id\":\"https:\\\/\\\/www.stjb-delasalle.fr\\\/site\\\/#website\"},\"primaryImageOfPage\":{\"@id\":\"https:\\\/\\\/www.stjb-delasalle.fr\\\/site\\\/2020\\\/09\\\/26\\\/la-revolution-neolithique-2-2-2-2-2-3\\\/#primaryimage\"},\"image\":{\"@id\":\"https:\\\/\\\/www.stjb-delasalle.fr\\\/site\\\/2020\\\/09\\\/26\\\/la-revolution-neolithique-2-2-2-2-2-3\\\/#primaryimage\"},\"thumbnailUrl\":\"\",\"datePublished\":\"2020-09-26T08:05:58+00:00\",\"breadcrumb\":{\"@id\":\"https:\\\/\\\/www.stjb-delasalle.fr\\\/site\\\/2020\\\/09\\\/26\\\/la-revolution-neolithique-2-2-2-2-2-3\\\/#breadcrumb\"},\"inLanguage\":\"fr-FR\",\"potentialAction\":[{\"@type\":\"ReadAction\",\"target\":[\"https:\\\/\\\/www.stjb-delasalle.fr\\\/site\\\/2020\\\/09\\\/26\\\/la-revolution-neolithique-2-2-2-2-2-3\\\/\"]}]},{\"@type\":\"ImageObject\",\"inLanguage\":\"fr-FR\",\"@id\":\"https:\\\/\\\/www.stjb-delasalle.fr\\\/site\\\/2020\\\/09\\\/26\\\/la-revolution-neolithique-2-2-2-2-2-3\\\/#primaryimage\",\"url\":\"\",\"contentUrl\":\"\"},{\"@type\":\"BreadcrumbList\",\"@id\":\"https:\\\/\\\/www.stjb-delasalle.fr\\\/site\\\/2020\\\/09\\\/26\\\/la-revolution-neolithique-2-2-2-2-2-3\\\/#breadcrumb\",\"itemListElement\":[{\"@type\":\"ListItem\",\"position\":1,\"name\":\"Accueil\",\"item\":\"https:\\\/\\\/www.stjb-delasalle.fr\\\/site\\\/\"},{\"@type\":\"ListItem\",\"position\":2,\"name\":\"P\u00e2ques\"}]},{\"@type\":\"WebSite\",\"@id\":\"https:\\\/\\\/www.stjb-delasalle.fr\\\/site\\\/#website\",\"url\":\"https:\\\/\\\/www.stjb-delasalle.fr\\\/site\\\/\",\"name\":\"Coll\u00e8ge Saint Jean Baptiste de La Salle\",\"description\":\"Notre coll\u00e8ge vous accueille sur le site du Rancher \u00e0 Teloch\u00e9\",\"publisher\":{\"@id\":\"https:\\\/\\\/www.stjb-delasalle.fr\\\/site\\\/#organization\"},\"potentialAction\":[{\"@type\":\"SearchAction\",\"target\":{\"@type\":\"EntryPoint\",\"urlTemplate\":\"https:\\\/\\\/www.stjb-delasalle.fr\\\/site\\\/?s={search_term_string}\"},\"query-input\":{\"@type\":\"PropertyValueSpecification\",\"valueRequired\":true,\"valueName\":\"search_term_string\"}}],\"inLanguage\":\"fr-FR\"},{\"@type\":\"Organization\",\"@id\":\"https:\\\/\\\/www.stjb-delasalle.fr\\\/site\\\/#organization\",\"name\":\"Coll\u00e8ge Saint Jean Baptiste de La Salle\",\"url\":\"https:\\\/\\\/www.stjb-delasalle.fr\\\/site\\\/\",\"logo\":{\"@type\":\"ImageObject\",\"inLanguage\":\"fr-FR\",\"@id\":\"https:\\\/\\\/www.stjb-delasalle.fr\\\/site\\\/#\\\/schema\\\/logo\\\/image\\\/\",\"url\":\"https:\\\/\\\/www.stjb-delasalle.fr\\\/site\\\/wp-content\\\/uploads\\\/2021\\\/11\\\/logostjb_petit_transp.png\",\"contentUrl\":\"https:\\\/\\\/www.stjb-delasalle.fr\\\/site\\\/wp-content\\\/uploads\\\/2021\\\/11\\\/logostjb_petit_transp.png\",\"width\":180,\"height\":127,\"caption\":\"Coll\u00e8ge Saint Jean Baptiste de La Salle\"},\"image\":{\"@id\":\"https:\\\/\\\/www.stjb-delasalle.fr\\\/site\\\/#\\\/schema\\\/logo\\\/image\\\/\"}},{\"@type\":\"Person\",\"@id\":\"https:\\\/\\\/www.stjb-delasalle.fr\\\/site\\\/#\\\/schema\\\/person\\\/c6bc729d0bf9f8313aad8e0f2022e769\",\"name\":\"c.guyet\",\"image\":{\"@type\":\"ImageObject\",\"inLanguage\":\"fr-FR\",\"@id\":\"https:\\\/\\\/secure.gravatar.com\\\/avatar\\\/98285b9b7d516bd7548b85ee36dad7b7a74a5a4df2ae5710a3e58b2b841205fc?s=96&d=mm&r=g\",\"url\":\"https:\\\/\\\/secure.gravatar.com\\\/avatar\\\/98285b9b7d516bd7548b85ee36dad7b7a74a5a4df2ae5710a3e58b2b841205fc?s=96&d=mm&r=g\",\"contentUrl\":\"https:\\\/\\\/secure.gravatar.com\\\/avatar\\\/98285b9b7d516bd7548b85ee36dad7b7a74a5a4df2ae5710a3e58b2b841205fc?s=96&d=mm&r=g\",\"caption\":\"c.guyet\"},\"url\":\"https:\\\/\\\/www.stjb-delasalle.fr\\\/site\\\/author\\\/c-guyet\\\/\"}]}<\/script>\n<!-- \/ Yoast SEO plugin. -->","yoast_head_json":{"title":"P\u00e2ques - Coll\u00e8ge Saint Jean Baptiste de La Salle","robots":{"index":"index","follow":"follow","max-snippet":"max-snippet:-1","max-image-preview":"max-image-preview:large","max-video-preview":"max-video-preview:-1"},"canonical":"https:\/\/www.stjb-delasalle.fr\/site\/2020\/09\/26\/la-revolution-neolithique-2-2-2-2-2-3\/","og_locale":"fr_FR","og_type":"article","og_title":"P\u00e2ques - Coll\u00e8ge Saint Jean Baptiste de La Salle","og_description":"Ce jeudi 21 mai, c&rsquo;est P\u00e2ques. C&rsquo;est la f\u00eate la plus importante du christianisme. Elle comm\u00e9more la r\u00e9surrection de J\u00e9sus. En pr\u00e9paration de la f\u00eate de P\u00e2ques, les fid\u00e8les doivent vivre pendant 40 jours une p\u00e9riode d&rsquo;approfondissement, de pri\u00e8re et de d\u00e9tachement des biens mat\u00e9riels : Le Car\u00eame. En ce sens, l&rsquo;alimentation devrait \u00eatre plus [&hellip;]","og_url":"https:\/\/www.stjb-delasalle.fr\/site\/2020\/09\/26\/la-revolution-neolithique-2-2-2-2-2-3\/","og_site_name":"Coll\u00e8ge Saint Jean Baptiste de La Salle","article_published_time":"2020-09-26T08:05:58+00:00","author":"c.guyet","twitter_card":"summary_large_image","twitter_misc":{"\u00c9crit par":"c.guyet","Dur\u00e9e de lecture estim\u00e9e":"1 minute"},"schema":{"@context":"https:\/\/schema.org","@graph":[{"@type":"Article","@id":"https:\/\/www.stjb-delasalle.fr\/site\/2020\/09\/26\/la-revolution-neolithique-2-2-2-2-2-3\/#article","isPartOf":{"@id":"https:\/\/www.stjb-delasalle.fr\/site\/2020\/09\/26\/la-revolution-neolithique-2-2-2-2-2-3\/"},"author":{"name":"c.guyet","@id":"https:\/\/www.stjb-delasalle.fr\/site\/#\/schema\/person\/c6bc729d0bf9f8313aad8e0f2022e769"},"headline":"P\u00e2ques","datePublished":"2020-09-26T08:05:58+00:00","mainEntityOfPage":{"@id":"https:\/\/www.stjb-delasalle.fr\/site\/2020\/09\/26\/la-revolution-neolithique-2-2-2-2-2-3\/"},"wordCount":222,"publisher":{"@id":"https:\/\/www.stjb-delasalle.fr\/site\/#organization"},"image":{"@id":"https:\/\/www.stjb-delasalle.fr\/site\/2020\/09\/26\/la-revolution-neolithique-2-2-2-2-2-3\/#primaryimage"},"thumbnailUrl":"","articleSection":["5e HG-EMC - Attente","6e HG-EMC \u2013 Attente"],"inLanguage":"fr-FR"},{"@type":"WebPage","@id":"https:\/\/www.stjb-delasalle.fr\/site\/2020\/09\/26\/la-revolution-neolithique-2-2-2-2-2-3\/","url":"https:\/\/www.stjb-delasalle.fr\/site\/2020\/09\/26\/la-revolution-neolithique-2-2-2-2-2-3\/","name":"P\u00e2ques - Coll\u00e8ge Saint Jean Baptiste de La Salle","isPartOf":{"@id":"https:\/\/www.stjb-delasalle.fr\/site\/#website"},"primaryImageOfPage":{"@id":"https:\/\/www.stjb-delasalle.fr\/site\/2020\/09\/26\/la-revolution-neolithique-2-2-2-2-2-3\/#primaryimage"},"image":{"@id":"https:\/\/www.stjb-delasalle.fr\/site\/2020\/09\/26\/la-revolution-neolithique-2-2-2-2-2-3\/#primaryimage"},"thumbnailUrl":"","datePublished":"2020-09-26T08:05:58+00:00","breadcrumb":{"@id":"https:\/\/www.stjb-delasalle.fr\/site\/2020\/09\/26\/la-revolution-neolithique-2-2-2-2-2-3\/#breadcrumb"},"inLanguage":"fr-FR","potentialAction":[{"@type":"ReadAction","target":["https:\/\/www.stjb-delasalle.fr\/site\/2020\/09\/26\/la-revolution-neolithique-2-2-2-2-2-3\/"]}]},{"@type":"ImageObject","inLanguage":"fr-FR","@id":"https:\/\/www.stjb-delasalle.fr\/site\/2020\/09\/26\/la-revolution-neolithique-2-2-2-2-2-3\/#primaryimage","url":"","contentUrl":""},{"@type":"BreadcrumbList","@id":"https:\/\/www.stjb-delasalle.fr\/site\/2020\/09\/26\/la-revolution-neolithique-2-2-2-2-2-3\/#breadcrumb","itemListElement":[{"@type":"ListItem","position":1,"name":"Accueil","item":"https:\/\/www.stjb-delasalle.fr\/site\/"},{"@type":"ListItem","position":2,"name":"P\u00e2ques"}]},{"@type":"WebSite","@id":"https:\/\/www.stjb-delasalle.fr\/site\/#website","url":"https:\/\/www.stjb-delasalle.fr\/site\/","name":"Coll\u00e8ge Saint Jean Baptiste de La Salle","description":"Notre coll\u00e8ge vous accueille sur le site du Rancher \u00e0 Teloch\u00e9","publisher":{"@id":"https:\/\/www.stjb-delasalle.fr\/site\/#organization"},"potentialAction":[{"@type":"SearchAction","target":{"@type":"EntryPoint","urlTemplate":"https:\/\/www.stjb-delasalle.fr\/site\/?s={search_term_string}"},"query-input":{"@type":"PropertyValueSpecification","valueRequired":true,"valueName":"search_term_string"}}],"inLanguage":"fr-FR"},{"@type":"Organization","@id":"https:\/\/www.stjb-delasalle.fr\/site\/#organization","name":"Coll\u00e8ge Saint Jean Baptiste de La Salle","url":"https:\/\/www.stjb-delasalle.fr\/site\/","logo":{"@type":"ImageObject","inLanguage":"fr-FR","@id":"https:\/\/www.stjb-delasalle.fr\/site\/#\/schema\/logo\/image\/","url":"https:\/\/www.stjb-delasalle.fr\/site\/wp-content\/uploads\/2021\/11\/logostjb_petit_transp.png","contentUrl":"https:\/\/www.stjb-delasalle.fr\/site\/wp-content\/uploads\/2021\/11\/logostjb_petit_transp.png","width":180,"height":127,"caption":"Coll\u00e8ge Saint Jean Baptiste de La Salle"},"image":{"@id":"https:\/\/www.stjb-delasalle.fr\/site\/#\/schema\/logo\/image\/"}},{"@type":"Person","@id":"https:\/\/www.stjb-delasalle.fr\/site\/#\/schema\/person\/c6bc729d0bf9f8313aad8e0f2022e769","name":"c.guyet","image":{"@type":"ImageObject","inLanguage":"fr-FR","@id":"https:\/\/secure.gravatar.com\/avatar\/98285b9b7d516bd7548b85ee36dad7b7a74a5a4df2ae5710a3e58b2b841205fc?s=96&d=mm&r=g","url":"https:\/\/secure.gravatar.com\/avatar\/98285b9b7d516bd7548b85ee36dad7b7a74a5a4df2ae5710a3e58b2b841205fc?s=96&d=mm&r=g","contentUrl":"https:\/\/secure.gravatar.com\/avatar\/98285b9b7d516bd7548b85ee36dad7b7a74a5a4df2ae5710a3e58b2b841205fc?s=96&d=mm&r=g","caption":"c.guyet"},"url":"https:\/\/www.stjb-delasalle.fr\/site\/author\/c-guyet\/"}]}},"_links":{"self":[{"href":"https:\/\/www.stjb-delasalle.fr\/site\/wp-json\/wp\/v2\/posts\/6922","targetHints":{"allow":["GET"]}}],"collection":[{"href":"https:\/\/www.stjb-delasalle.fr\/site\/wp-json\/wp\/v2\/posts"}],"about":[{"href":"https:\/\/www.stjb-delasalle.fr\/site\/wp-json\/wp\/v2\/types\/post"}],"author":[{"embeddable":true,"href":"https:\/\/www.stjb-delasalle.fr\/site\/wp-json\/wp\/v2\/users\/2"}],"replies":[{"embeddable":true,"href":"https:\/\/www.stjb-delasalle.fr\/site\/wp-json\/wp\/v2\/comments?post=6922"}],"version-history":[{"count":0,"href":"https:\/\/www.stjb-delasalle.fr\/site\/wp-json\/wp\/v2\/posts\/6922\/revisions"}],"wp:featuredmedia":[{"embeddable":true,"href":"https:\/\/www.stjb-delasalle.fr\/site\/wp-json\/"}],"wp:attachment":[{"href":"https:\/\/www.stjb-delasalle.fr\/site\/wp-json\/wp\/v2\/media?parent=6922"}],"wp:term":[{"taxonomy":"category","embeddable":true,"href":"https:\/\/www.stjb-delasalle.fr\/site\/wp-json\/wp\/v2\/categories?post=6922"},{"taxonomy":"post_tag","embeddable":true,"href":"https:\/\/www.stjb-delasalle.fr\/site\/wp-json\/wp\/v2\/tags?post=6922"}],"curies":[{"name":"wp","href":"https:\/\/api.w.org\/{rel}","templated":true}]}}