{"id":6393,"date":"2020-06-22T15:45:39","date_gmt":"2020-06-22T13:45:39","guid":{"rendered":"https:\/\/www.stjb-delasalle.fr\/?p=6393"},"modified":"2022-01-03T09:26:49","modified_gmt":"2022-01-03T09:26:49","slug":"voyagevoyages-1-expo-galerie-dart","status":"publish","type":"post","link":"https:\/\/www.stjb-delasalle.fr\/site\/2020\/06\/22\/voyagevoyages-1-expo-galerie-dart\/","title":{"rendered":"VOYAGE VOYAGE(S) # 1 &#8211; Expo GALERIE d&rsquo;ART"},"content":{"rendered":"<p>Nous accueillons depuis le mois de mars une exposition de photographies dans la Galerie d&rsquo;art du coll\u00e8ge, cette exposition a \u00e9t\u00e9 pr\u00e9sent\u00e9e en avant-premi\u00e8re lors des portes ouvertes en f\u00e9vrier, mais depuis, nous n&rsquo;avons pu l&rsquo;ouvrir du fait du confinement puis du protocole sanitaire mis en place.<\/p>\n<p>Nous avons donc r\u00e9fl\u00e9chi \u00e0 une solution pour en faire profiter tout le monde, \u00e9l\u00e8ves, familles et \u00e9quipes du coll\u00e8ge.<\/p>\n<p>Six \u00e9l\u00e8ves du groupe A de 3\u00e8meB\u00a0 sont all\u00e9s visiter l&rsquo;exposition et vous donne leur vision de <strong><em>Voyage Voyage(s) # 1.<\/em><\/strong><\/p>\n<p>Antonin, Pauline, C\u00e9lia, Lucie, Marie et Nils vous ont pr\u00e9par\u00e9 des vid\u00e9os, photos et textes&#8230;.Bravo et merci \u00e0 eux !<\/p>\n<p>&nbsp;<\/p>\n<h3><strong>Photographies de <a href=\"http:\/\/www.n2-photo.com\/wordpress\/\">Nicolas KRIEF<\/a><\/strong><\/h3>\n<p>Pr\u00eat du Conseil d\u00e9partemental de la Sarthe \/ Printemps 2020<\/p>\n<div style=\"width: 848px;\" class=\"wp-video\"><video class=\"wp-video-shortcode\" id=\"video-6393-1\" width=\"848\" height=\"480\" preload=\"metadata\" controls=\"controls\"><source type=\"video\/mp4\" src=\"https:\/\/www.stjb-delasalle.fr\/site\/wp-content\/uploads\/2020\/06\/VIDEO-2020-06-17-12-13-58.mp4?_=1\" \/><a href=\"https:\/\/www.stjb-delasalle.fr\/site\/wp-content\/uploads\/2020\/06\/VIDEO-2020-06-17-12-13-58.mp4\">https:\/\/www.stjb-delasalle.fr\/site\/wp-content\/uploads\/2020\/06\/VIDEO-2020-06-17-12-13-58.mp4<\/a><\/video><\/div>\n<p>&nbsp;<\/p>\n<p><strong>L\u2019expo en 3 mots<\/strong> &#8230;par Marie : <em>cr\u00e9atif, original, voyage !<\/em><\/p>\n<p>&#8230;par Pauline : <em>originale, int\u00e9ressante et amusante.<\/em><\/p>\n<p>&nbsp;<\/p>\n<p><em>\u00ab\u00a0Dans cette exposition nous pouvons d\u2019abord apercevoir au mur des photographies qui repr\u00e9sentent diff\u00e9rentes choses mais des choses r\u00e9elles. Des personnes qui vivent de leur passion ou qui vivent leur vie tout simplement.\u00a0\u00bb <\/em>Lucie<em><br \/>\n<\/em><\/p>\n<p>&nbsp;<\/p>\n<h3><strong><em>Variations sarthoises, ou le Voyage immobile<\/em>, Nicolas KRIEF<em><br \/>\n<\/em><\/strong><\/h3>\n<p>S\u00e9rie de photographies, 4 dyptiques de format 75 cm x 220 cm<\/p>\n<p><img fetchpriority=\"high\" decoding=\"async\" class=\"alignleft size-full wp-image-6479\" src=\"https:\/\/www.stjb-delasalle.fr\/wp-content\/uploads\/2020\/06\/photos-expo-Lucie-G-3B-4.jpg\" alt=\"\" width=\"680\" height=\"907\" \/> <img decoding=\"async\" class=\"alignleft size-full wp-image-6478\" src=\"https:\/\/www.stjb-delasalle.fr\/wp-content\/uploads\/2020\/06\/photos-expo-Lucie-G-3B-2.jpg\" alt=\"\" width=\"680\" height=\"907\" \/> <img decoding=\"async\" class=\"alignleft size-full wp-image-6477\" src=\"https:\/\/www.stjb-delasalle.fr\/wp-content\/uploads\/2020\/06\/photos-expo-Lucie-G-3B-1.jpg\" alt=\"\" width=\"680\" height=\"907\" \/> <img loading=\"lazy\" decoding=\"async\" class=\"alignleft size-full wp-image-6476\" src=\"https:\/\/www.stjb-delasalle.fr\/wp-content\/uploads\/2020\/06\/photos-expo-Nils-3B-5.jpg\" alt=\"\" width=\"680\" height=\"510\" \/> <img loading=\"lazy\" decoding=\"async\" class=\"alignleft size-full wp-image-6475\" src=\"https:\/\/www.stjb-delasalle.fr\/wp-content\/uploads\/2020\/06\/photos-expo-Nils-3B-4.jpg\" alt=\"\" width=\"680\" height=\"510\" \/> <img loading=\"lazy\" decoding=\"async\" class=\"alignleft size-full wp-image-6474\" src=\"https:\/\/www.stjb-delasalle.fr\/wp-content\/uploads\/2020\/06\/photos-expo-Nils-3B-3.jpg\" alt=\"\" width=\"680\" height=\"510\" \/>Vues d&rsquo;expo par Lucie et Nils.<\/p>\n<p>&nbsp;<\/p>\n<p>&nbsp;<\/p>\n<p>&nbsp;<\/p>\n<p>&nbsp;<\/p>\n<p>&nbsp;<\/p>\n<p>&nbsp;<\/p>\n<p>&nbsp;<\/p>\n<p>&nbsp;<\/p>\n<p>&nbsp;<\/p>\n<p>&nbsp;<\/p>\n<p>&nbsp;<\/p>\n<p>&nbsp;<\/p>\n<p>&nbsp;<\/p>\n<p>&nbsp;<\/p>\n<p>&nbsp;<\/p>\n<p>&nbsp;<\/p>\n<p>&nbsp;<\/p>\n<p>&nbsp;<\/p>\n<p>&nbsp;<\/p>\n<p>&nbsp;<\/p>\n<p>&nbsp;<\/p>\n<p>&nbsp;<\/p>\n<p>&nbsp;<\/p>\n<p>&nbsp;<\/p>\n<p>&nbsp;<\/p>\n<p>&nbsp;<\/p>\n<p>&nbsp;<\/p>\n<p>&nbsp;<\/p>\n<p>&nbsp;<\/p>\n<p>&nbsp;<\/p>\n<p>&nbsp;<\/p>\n<p>&nbsp;<\/p>\n<p>&nbsp;<\/p>\n<p>&nbsp;<\/p>\n<p>&nbsp;<\/p>\n<p>&nbsp;<\/p>\n<p>&nbsp;<\/p>\n<p>&nbsp;<\/p>\n<p>&nbsp;<\/p>\n<p>&nbsp;<\/p>\n<p>&nbsp;<\/p>\n<p>&nbsp;<\/p>\n<p>&nbsp;<\/p>\n<p>&nbsp;<\/p>\n<p>&nbsp;<\/p>\n<p>&nbsp;<\/p>\n<p>&nbsp;<\/p>\n<p>&nbsp;<\/p>\n<p>&nbsp;<\/p>\n<p>&nbsp;<\/p>\n<p>&nbsp;<\/p>\n<p>&nbsp;<\/p>\n<p>&nbsp;<\/p>\n<p>&nbsp;<\/p>\n<p>&nbsp;<\/p>\n<p>&nbsp;<\/p>\n<p>&nbsp;<\/p>\n<p>&nbsp;<\/p>\n<p>&nbsp;<\/p>\n<p>&nbsp;<\/p>\n<p>&nbsp;<\/p>\n<p>&nbsp;<\/p>\n<p>&nbsp;<\/p>\n<p>&nbsp;<\/p>\n<p>&nbsp;<\/p>\n<p>&nbsp;<\/p>\n<p>&nbsp;<\/p>\n<p>&nbsp;<\/p>\n<p>&nbsp;<\/p>\n<div style=\"width: 848px;\" class=\"wp-video\"><video class=\"wp-video-shortcode\" id=\"video-6393-2\" width=\"848\" height=\"480\" preload=\"metadata\" controls=\"controls\"><source type=\"video\/mp4\" src=\"https:\/\/www.stjb-delasalle.fr\/wp-content\/uploads\/2020\/06\/VIDEO-2020-06-17-12-14-19.mp4?_=2\" \/><a href=\"https:\/\/www.stjb-delasalle.fr\/wp-content\/uploads\/2020\/06\/VIDEO-2020-06-17-12-14-19.mp4\">https:\/\/www.stjb-delasalle.fr\/wp-content\/uploads\/2020\/06\/VIDEO-2020-06-17-12-14-19.mp4<\/a><\/video><\/div>\n<p>&nbsp;<\/p>\n<h3><\/h3>\n<h3><strong><em>Olympia, le voyage d&rsquo;une oeuvre<\/em>, Nicolas KRIEF<em><br \/>\n<\/em><\/strong><\/h3>\n<p>S\u00e9rie de 12 photographies de format 20 x 30 cm, pr\u00e9sent\u00e9es sur un dispositif de 13 caisses en bois.<\/p>\n<p>&nbsp;<\/p>\n<p><em>\u00ab\u00a0Nous pouvons ensuite voir des caisses en bois avec des images dessus principalement de tableaux de mus\u00e9e. Ces images repr\u00e9sentent le voyage d&rsquo;un tableau qui est d\u2019abord d\u00e9croch\u00e9, ensuite emball\u00e9, puis mis dans des caisses et enfin d\u00e9ball\u00e9 dans un autre mus\u00e9e pour y \u00eatre install\u00e9 apr\u00e8s ce voyage.\u00a0\u00bb<\/em> Lucie<\/p>\n<p><em>\u00ab\u00a0Ma s\u00e9rie pr\u00e9f\u00e9r\u00e9e est celle du voyage du tableau, j\u2019ai trouv\u00e9 \u00e7a int\u00e9ressant de savoir comme une \u0153uvre voyage \u00e0 travers des mus\u00e9es, des pays car, quand on voit une \u0153uvre, ce n\u2019est pas quelque chose \u00e0 quoi on pense. J\u2019ai juste trouv\u00e9 une chose dommage, c\u2019est que les caisses de transports soient des fausses&#8230;\u00a0\u00bb<\/em> Pauline<\/p>\n<p>&nbsp;<\/p>\n<p><img loading=\"lazy\" decoding=\"async\" class=\"alignleft size-full wp-image-6493\" src=\"https:\/\/www.stjb-delasalle.fr\/wp-content\/uploads\/2020\/06\/Le-voyage-dOlympia.jpg\" alt=\"\" width=\"666\" height=\"708\" \/><\/p>\n<p><img loading=\"lazy\" decoding=\"async\" class=\"alignleft size-full wp-image-6487\" src=\"https:\/\/www.stjb-delasalle.fr\/wp-content\/uploads\/2020\/06\/1.jpg\" alt=\"\" width=\"680\" height=\"907\" \/> <img loading=\"lazy\" decoding=\"async\" class=\"alignleft size-full wp-image-6488\" src=\"https:\/\/www.stjb-delasalle.fr\/wp-content\/uploads\/2020\/06\/2.jpg\" alt=\"\" width=\"680\" height=\"510\" \/> <img loading=\"lazy\" decoding=\"async\" class=\"alignleft size-full wp-image-6489\" src=\"https:\/\/www.stjb-delasalle.fr\/wp-content\/uploads\/2020\/06\/3.jpg\" alt=\"\" width=\"680\" height=\"510\" \/> <img loading=\"lazy\" decoding=\"async\" class=\"alignleft size-full wp-image-6490\" src=\"https:\/\/www.stjb-delasalle.fr\/wp-content\/uploads\/2020\/06\/4.jpg\" alt=\"\" width=\"680\" height=\"510\" \/> <img loading=\"lazy\" decoding=\"async\" class=\"alignleft size-full wp-image-6491\" src=\"https:\/\/www.stjb-delasalle.fr\/wp-content\/uploads\/2020\/06\/5.jpg\" alt=\"\" width=\"680\" height=\"510\" \/><\/p>\n<p>&nbsp;<\/p>\n<p>&nbsp;<\/p>\n<p>&nbsp;<\/p>\n<p>&nbsp;<\/p>\n<p>&nbsp;<\/p>\n<p>&nbsp;<\/p>\n<p>&nbsp;<\/p>\n<p>&nbsp;<\/p>\n<p>&nbsp;<\/p>\n<p>&nbsp;<\/p>\n<p>&nbsp;<\/p>\n<p>&nbsp;<\/p>\n<p>&nbsp;<\/p>\n<p>&nbsp;<\/p>\n<p>&nbsp;<\/p>\n<p>&nbsp;<\/p>\n<p>&nbsp;<\/p>\n<p>&nbsp;<\/p>\n<p>&nbsp;<\/p>\n<p>&nbsp;<\/p>\n<p>&nbsp;<\/p>\n<p>&nbsp;<\/p>\n<p>&nbsp;<\/p>\n<p>&nbsp;<\/p>\n<p>&nbsp;<\/p>\n<p>&nbsp;<\/p>\n<p>&nbsp;<\/p>\n<p>&nbsp;<\/p>\n<p>&nbsp;<\/p>\n<p>&nbsp;<\/p>\n<p>&nbsp;<\/p>\n<p>&nbsp;<\/p>\n<p>&nbsp;<\/p>\n<p>&nbsp;<\/p>\n<p>&nbsp;<\/p>\n<p>&nbsp;<\/p>\n<p>&nbsp;<\/p>\n<p>&nbsp;<\/p>\n<p>&nbsp;<\/p>\n<p>&nbsp;<\/p>\n<p>&nbsp;<\/p>\n<p>&nbsp;<\/p>\n<p>&nbsp;<\/p>\n<p>&nbsp;<\/p>\n<p>&nbsp;<\/p>\n<p>&nbsp;<\/p>\n<p>&nbsp;<\/p>\n<p>&nbsp;<\/p>\n<p>&nbsp;<\/p>\n<p>&nbsp;<\/p>\n<p>&nbsp;<\/p>\n<p>&nbsp;<\/p>\n<p>&nbsp;<\/p>\n<p>&nbsp;<\/p>\n<p>&nbsp;<\/p>\n<p>&nbsp;<\/p>\n<div style=\"width: 480px;\" class=\"wp-video\"><video class=\"wp-video-shortcode\" id=\"video-6393-3\" width=\"480\" height=\"848\" preload=\"metadata\" controls=\"controls\"><source type=\"video\/mp4\" src=\"https:\/\/www.stjb-delasalle.fr\/wp-content\/uploads\/2020\/06\/VIDEO-2020-06-17-12-18-28.mp4?_=3\" \/><a href=\"https:\/\/www.stjb-delasalle.fr\/wp-content\/uploads\/2020\/06\/VIDEO-2020-06-17-12-18-28.mp4\">https:\/\/www.stjb-delasalle.fr\/wp-content\/uploads\/2020\/06\/VIDEO-2020-06-17-12-18-28.mp4<\/a><\/video><\/div>\n<p>&nbsp;<\/p>\n<p><em>\u00ab\u00a0Chaque \u0153uvre repr\u00e9sente une fa\u00e7on ou un lieu de voyager ; Par exemple, les caisses repr\u00e9sentent le voyage d\u2019une \u0153uvre passant du mus\u00e9e d\u2019Orsay jusqu\u2019au Palais des Doges \u00e0 Venise. <\/em><br \/>\n<em>Nicolas Krief a r\u00e9ussi \u00e0 photographier des moments pr\u00e9cis du voyage de l\u2019\u0153uvre comme la mise en bo\u00eete de l\u2019\u0153uvre ou la prise de mesures. Mais ce qui est aussi int\u00e9ressant avec cette exposition c\u2019est que les photos sont mises par ordre chronologique, donc nous voyons le d\u00e9part de l\u2019\u0153uvre jusqu\u2019\u00e0 l\u2019installation de celle-ci au Palais des Doges. Pour moi, la s\u00e9rie que j\u2019ai pr\u00e9f\u00e9r\u00e9e est celle avec les caisses car je trouve que cela repr\u00e9sente vraiment le th\u00e8me \u00ab voyage \u00bb, et c\u2019est tr\u00e8s original comme fa\u00e7on d\u2019exposer ces \u0153uvres.\u00a0\u00bb<\/em> Marie<\/p>\n<p><em>\u00ab\u00a0En conclusion, les \u0153uvres au mur et sur les caisses en bois repr\u00e9sentent un voyage, des exp\u00e9riences \u00e0 travers des images.\u00a0\u00bb<\/em> Lucie<\/p>\n<p>&nbsp;<\/p>\n<div style=\"width: 848px;\" class=\"wp-video\"><video class=\"wp-video-shortcode\" id=\"video-6393-4\" width=\"848\" height=\"480\" preload=\"metadata\" controls=\"controls\"><source type=\"video\/mp4\" src=\"https:\/\/www.stjb-delasalle.fr\/wp-content\/uploads\/2020\/06\/VIDEO-2020-06-17-12-19-13.mp4?_=4\" \/><a href=\"https:\/\/www.stjb-delasalle.fr\/wp-content\/uploads\/2020\/06\/VIDEO-2020-06-17-12-19-13.mp4\">https:\/\/www.stjb-delasalle.fr\/wp-content\/uploads\/2020\/06\/VIDEO-2020-06-17-12-19-13.mp4<\/a><\/video><\/div>\n<p>Retrouvez Nicolas KRIEF sur son site internet : <a href=\"http:\/\/www.n2-photo.com\/wordpress\/\">http:\/\/www.n2-photo.com\/wordpress\/<\/a><\/p>\n<p>ou sur instagram <a href=\"https:\/\/www.instagram.com\/nicolaskrief\/\">@nicolaskrief<\/a><\/p>\n","protected":false},"excerpt":{"rendered":"<p>Nous accueillons depuis le mois de mars une exposition de photographies dans la Galerie d&rsquo;art du coll\u00e8ge, cette exposition a \u00e9t\u00e9 pr\u00e9sent\u00e9e en avant-premi\u00e8re lors des portes ouvertes en f\u00e9vrier, mais depuis, nous n&rsquo;avons pu l&rsquo;ouvrir du fait du confinement puis du protocole sanitaire mis en place. Nous avons donc r\u00e9fl\u00e9chi \u00e0 une solution pour [&hellip;]<\/p>\n","protected":false},"author":3,"featured_media":9509,"comment_status":"closed","ping_status":"closed","sticky":false,"template":"","format":"gallery","meta":{"site-sidebar-layout":"default","site-content-layout":"default","ast-site-content-layout":"default","site-content-style":"default","site-sidebar-style":"default","ast-global-header-display":"","ast-banner-title-visibility":"","ast-main-header-display":"","ast-hfb-above-header-display":"","ast-hfb-below-header-display":"","ast-hfb-mobile-header-display":"","site-post-title":"","ast-breadcrumbs-content":"","ast-featured-img":"","footer-sml-layout":"","ast-disable-related-posts":"","theme-transparent-header-meta":"default","adv-header-id-meta":"","stick-header-meta":"","header-above-stick-meta":"","header-main-stick-meta":"","header-below-stick-meta":"","astra-migrate-meta-layouts":"default","ast-page-background-enabled":"default","ast-page-background-meta":{"desktop":{"background-color":"var(--ast-global-color-4)","background-image":"","background-repeat":"repeat","background-position":"center center","background-size":"auto","background-attachment":"scroll","background-type":"","background-media":"","overlay-type":"","overlay-color":"","overlay-opacity":"","overlay-gradient":""},"tablet":{"background-color":"","background-image":"","background-repeat":"repeat","background-position":"center center","background-size":"auto","background-attachment":"scroll","background-type":"","background-media":"","overlay-type":"","overlay-color":"","overlay-opacity":"","overlay-gradient":""},"mobile":{"background-color":"","background-image":"","background-repeat":"repeat","background-position":"center center","background-size":"auto","background-attachment":"scroll","background-type":"","background-media":"","overlay-type":"","overlay-color":"","overlay-opacity":"","overlay-gradient":""}},"ast-content-background-meta":{"desktop":{"background-color":"var(--ast-global-color-5)","background-image":"","background-repeat":"repeat","background-position":"center center","background-size":"auto","background-attachment":"scroll","background-type":"","background-media":"","overlay-type":"","overlay-color":"","overlay-opacity":"","overlay-gradient":""},"tablet":{"background-color":"var(--ast-global-color-5)","background-image":"","background-repeat":"repeat","background-position":"center center","background-size":"auto","background-attachment":"scroll","background-type":"","background-media":"","overlay-type":"","overlay-color":"","overlay-opacity":"","overlay-gradient":""},"mobile":{"background-color":"var(--ast-global-color-5)","background-image":"","background-repeat":"repeat","background-position":"center center","background-size":"auto","background-attachment":"scroll","background-type":"","background-media":"","overlay-type":"","overlay-color":"","overlay-opacity":"","overlay-gradient":""}},"footnotes":""},"categories":[55,6,25],"tags":[],"class_list":["post-6393","post","type-post","status-publish","format-gallery","has-post-thumbnail","hentry","category-arts-plastiques-2019-2020","category-college","category-galerie1920","post_format-post-format-gallery"],"yoast_head":"<!-- This site is optimized with the Yoast SEO plugin v27.5 - https:\/\/yoast.com\/product\/yoast-seo-wordpress\/ -->\n<title>VOYAGE VOYAGE(S) # 1 - Expo GALERIE d&#039;ART - Coll\u00e8ge Saint Jean Baptiste de La Salle<\/title>\n<meta name=\"robots\" content=\"index, follow, max-snippet:-1, max-image-preview:large, max-video-preview:-1\" \/>\n<link rel=\"canonical\" href=\"https:\/\/www.stjb-delasalle.fr\/site\/2020\/06\/22\/voyagevoyages-1-expo-galerie-dart\/\" \/>\n<meta property=\"og:locale\" content=\"fr_FR\" \/>\n<meta property=\"og:type\" content=\"article\" \/>\n<meta property=\"og:title\" content=\"VOYAGE VOYAGE(S) # 1 - Expo GALERIE d&#039;ART - Coll\u00e8ge Saint Jean Baptiste de La Salle\" \/>\n<meta property=\"og:description\" content=\"Nous accueillons depuis le mois de mars une exposition de photographies dans la Galerie d&rsquo;art du coll\u00e8ge, cette exposition a \u00e9t\u00e9 pr\u00e9sent\u00e9e en avant-premi\u00e8re lors des portes ouvertes en f\u00e9vrier, mais depuis, nous n&rsquo;avons pu l&rsquo;ouvrir du fait du confinement puis du protocole sanitaire mis en place. Nous avons donc r\u00e9fl\u00e9chi \u00e0 une solution pour [&hellip;]\" \/>\n<meta property=\"og:url\" content=\"https:\/\/www.stjb-delasalle.fr\/site\/2020\/06\/22\/voyagevoyages-1-expo-galerie-dart\/\" \/>\n<meta property=\"og:site_name\" content=\"Coll\u00e8ge Saint Jean Baptiste de La Salle\" \/>\n<meta property=\"article:published_time\" content=\"2020-06-22T13:45:39+00:00\" \/>\n<meta property=\"article:modified_time\" content=\"2022-01-03T09:26:49+00:00\" \/>\n<meta property=\"og:image\" content=\"https:\/\/www.stjb-delasalle.fr\/site\/wp-content\/uploads\/2020\/06\/VISUEL-voyage-s-1-1024x525-1.jpg\" \/>\n\t<meta property=\"og:image:width\" content=\"1024\" \/>\n\t<meta property=\"og:image:height\" content=\"525\" \/>\n\t<meta property=\"og:image:type\" content=\"image\/jpeg\" \/>\n<meta name=\"author\" content=\"s.couret\" \/>\n<meta name=\"twitter:card\" content=\"summary_large_image\" \/>\n<meta name=\"twitter:label1\" content=\"\u00c9crit par\" \/>\n\t<meta name=\"twitter:data1\" content=\"s.couret\" \/>\n\t<meta name=\"twitter:label2\" content=\"Dur\u00e9e de lecture estim\u00e9e\" \/>\n\t<meta name=\"twitter:data2\" content=\"4 minutes\" \/>\n<script type=\"application\/ld+json\" class=\"yoast-schema-graph\">{\"@context\":\"https:\\\/\\\/schema.org\",\"@graph\":[{\"@type\":\"Article\",\"@id\":\"https:\\\/\\\/www.stjb-delasalle.fr\\\/site\\\/2020\\\/06\\\/22\\\/voyagevoyages-1-expo-galerie-dart\\\/#article\",\"isPartOf\":{\"@id\":\"https:\\\/\\\/www.stjb-delasalle.fr\\\/site\\\/2020\\\/06\\\/22\\\/voyagevoyages-1-expo-galerie-dart\\\/\"},\"author\":{\"name\":\"s.couret\",\"@id\":\"https:\\\/\\\/www.stjb-delasalle.fr\\\/site\\\/#\\\/schema\\\/person\\\/29e031eae2fbe58aca689f9074d3616a\"},\"headline\":\"VOYAGE VOYAGE(S) # 1 &#8211; Expo GALERIE d&rsquo;ART\",\"datePublished\":\"2020-06-22T13:45:39+00:00\",\"dateModified\":\"2022-01-03T09:26:49+00:00\",\"mainEntityOfPage\":{\"@id\":\"https:\\\/\\\/www.stjb-delasalle.fr\\\/site\\\/2020\\\/06\\\/22\\\/voyagevoyages-1-expo-galerie-dart\\\/\"},\"wordCount\":757,\"publisher\":{\"@id\":\"https:\\\/\\\/www.stjb-delasalle.fr\\\/site\\\/#organization\"},\"image\":{\"@id\":\"https:\\\/\\\/www.stjb-delasalle.fr\\\/site\\\/2020\\\/06\\\/22\\\/voyagevoyages-1-expo-galerie-dart\\\/#primaryimage\"},\"thumbnailUrl\":\"https:\\\/\\\/www.stjb-delasalle.fr\\\/site\\\/wp-content\\\/uploads\\\/2020\\\/06\\\/VISUEL-voyage-s-1-1024x525-1.jpg\",\"articleSection\":[\"Arts plastiques 2019-2020\",\"Coll\u00e8ge\",\"Galerie 2019-2020\"],\"inLanguage\":\"fr-FR\"},{\"@type\":\"WebPage\",\"@id\":\"https:\\\/\\\/www.stjb-delasalle.fr\\\/site\\\/2020\\\/06\\\/22\\\/voyagevoyages-1-expo-galerie-dart\\\/\",\"url\":\"https:\\\/\\\/www.stjb-delasalle.fr\\\/site\\\/2020\\\/06\\\/22\\\/voyagevoyages-1-expo-galerie-dart\\\/\",\"name\":\"VOYAGE VOYAGE(S) # 1 - Expo GALERIE d'ART - Coll\u00e8ge Saint Jean Baptiste de La Salle\",\"isPartOf\":{\"@id\":\"https:\\\/\\\/www.stjb-delasalle.fr\\\/site\\\/#website\"},\"primaryImageOfPage\":{\"@id\":\"https:\\\/\\\/www.stjb-delasalle.fr\\\/site\\\/2020\\\/06\\\/22\\\/voyagevoyages-1-expo-galerie-dart\\\/#primaryimage\"},\"image\":{\"@id\":\"https:\\\/\\\/www.stjb-delasalle.fr\\\/site\\\/2020\\\/06\\\/22\\\/voyagevoyages-1-expo-galerie-dart\\\/#primaryimage\"},\"thumbnailUrl\":\"https:\\\/\\\/www.stjb-delasalle.fr\\\/site\\\/wp-content\\\/uploads\\\/2020\\\/06\\\/VISUEL-voyage-s-1-1024x525-1.jpg\",\"datePublished\":\"2020-06-22T13:45:39+00:00\",\"dateModified\":\"2022-01-03T09:26:49+00:00\",\"breadcrumb\":{\"@id\":\"https:\\\/\\\/www.stjb-delasalle.fr\\\/site\\\/2020\\\/06\\\/22\\\/voyagevoyages-1-expo-galerie-dart\\\/#breadcrumb\"},\"inLanguage\":\"fr-FR\",\"potentialAction\":[{\"@type\":\"ReadAction\",\"target\":[\"https:\\\/\\\/www.stjb-delasalle.fr\\\/site\\\/2020\\\/06\\\/22\\\/voyagevoyages-1-expo-galerie-dart\\\/\"]}]},{\"@type\":\"ImageObject\",\"inLanguage\":\"fr-FR\",\"@id\":\"https:\\\/\\\/www.stjb-delasalle.fr\\\/site\\\/2020\\\/06\\\/22\\\/voyagevoyages-1-expo-galerie-dart\\\/#primaryimage\",\"url\":\"https:\\\/\\\/www.stjb-delasalle.fr\\\/site\\\/wp-content\\\/uploads\\\/2020\\\/06\\\/VISUEL-voyage-s-1-1024x525-1.jpg\",\"contentUrl\":\"https:\\\/\\\/www.stjb-delasalle.fr\\\/site\\\/wp-content\\\/uploads\\\/2020\\\/06\\\/VISUEL-voyage-s-1-1024x525-1.jpg\",\"width\":1024,\"height\":525},{\"@type\":\"BreadcrumbList\",\"@id\":\"https:\\\/\\\/www.stjb-delasalle.fr\\\/site\\\/2020\\\/06\\\/22\\\/voyagevoyages-1-expo-galerie-dart\\\/#breadcrumb\",\"itemListElement\":[{\"@type\":\"ListItem\",\"position\":1,\"name\":\"Accueil\",\"item\":\"https:\\\/\\\/www.stjb-delasalle.fr\\\/site\\\/\"},{\"@type\":\"ListItem\",\"position\":2,\"name\":\"VOYAGE VOYAGE(S) # 1 &#8211; Expo GALERIE d&rsquo;ART\"}]},{\"@type\":\"WebSite\",\"@id\":\"https:\\\/\\\/www.stjb-delasalle.fr\\\/site\\\/#website\",\"url\":\"https:\\\/\\\/www.stjb-delasalle.fr\\\/site\\\/\",\"name\":\"Coll\u00e8ge Saint Jean Baptiste de La Salle\",\"description\":\"Notre coll\u00e8ge vous accueille sur le site du Rancher \u00e0 Teloch\u00e9\",\"publisher\":{\"@id\":\"https:\\\/\\\/www.stjb-delasalle.fr\\\/site\\\/#organization\"},\"potentialAction\":[{\"@type\":\"SearchAction\",\"target\":{\"@type\":\"EntryPoint\",\"urlTemplate\":\"https:\\\/\\\/www.stjb-delasalle.fr\\\/site\\\/?s={search_term_string}\"},\"query-input\":{\"@type\":\"PropertyValueSpecification\",\"valueRequired\":true,\"valueName\":\"search_term_string\"}}],\"inLanguage\":\"fr-FR\"},{\"@type\":\"Organization\",\"@id\":\"https:\\\/\\\/www.stjb-delasalle.fr\\\/site\\\/#organization\",\"name\":\"Coll\u00e8ge Saint Jean Baptiste de La Salle\",\"url\":\"https:\\\/\\\/www.stjb-delasalle.fr\\\/site\\\/\",\"logo\":{\"@type\":\"ImageObject\",\"inLanguage\":\"fr-FR\",\"@id\":\"https:\\\/\\\/www.stjb-delasalle.fr\\\/site\\\/#\\\/schema\\\/logo\\\/image\\\/\",\"url\":\"https:\\\/\\\/www.stjb-delasalle.fr\\\/site\\\/wp-content\\\/uploads\\\/2021\\\/11\\\/logostjb_petit_transp.png\",\"contentUrl\":\"https:\\\/\\\/www.stjb-delasalle.fr\\\/site\\\/wp-content\\\/uploads\\\/2021\\\/11\\\/logostjb_petit_transp.png\",\"width\":180,\"height\":127,\"caption\":\"Coll\u00e8ge Saint Jean Baptiste de La Salle\"},\"image\":{\"@id\":\"https:\\\/\\\/www.stjb-delasalle.fr\\\/site\\\/#\\\/schema\\\/logo\\\/image\\\/\"}},{\"@type\":\"Person\",\"@id\":\"https:\\\/\\\/www.stjb-delasalle.fr\\\/site\\\/#\\\/schema\\\/person\\\/29e031eae2fbe58aca689f9074d3616a\",\"name\":\"s.couret\",\"image\":{\"@type\":\"ImageObject\",\"inLanguage\":\"fr-FR\",\"@id\":\"https:\\\/\\\/secure.gravatar.com\\\/avatar\\\/83474c4b01f4d5df531ba9e1ae59f6610ffe9a3c76657f973718ba9fff166522?s=96&d=mm&r=g\",\"url\":\"https:\\\/\\\/secure.gravatar.com\\\/avatar\\\/83474c4b01f4d5df531ba9e1ae59f6610ffe9a3c76657f973718ba9fff166522?s=96&d=mm&r=g\",\"contentUrl\":\"https:\\\/\\\/secure.gravatar.com\\\/avatar\\\/83474c4b01f4d5df531ba9e1ae59f6610ffe9a3c76657f973718ba9fff166522?s=96&d=mm&r=g\",\"caption\":\"s.couret\"},\"url\":\"https:\\\/\\\/www.stjb-delasalle.fr\\\/site\\\/author\\\/s-couret\\\/\"}]}<\/script>\n<!-- \/ Yoast SEO plugin. -->","yoast_head_json":{"title":"VOYAGE VOYAGE(S) # 1 - Expo GALERIE d'ART - Coll\u00e8ge Saint Jean Baptiste de La Salle","robots":{"index":"index","follow":"follow","max-snippet":"max-snippet:-1","max-image-preview":"max-image-preview:large","max-video-preview":"max-video-preview:-1"},"canonical":"https:\/\/www.stjb-delasalle.fr\/site\/2020\/06\/22\/voyagevoyages-1-expo-galerie-dart\/","og_locale":"fr_FR","og_type":"article","og_title":"VOYAGE VOYAGE(S) # 1 - Expo GALERIE d'ART - Coll\u00e8ge Saint Jean Baptiste de La Salle","og_description":"Nous accueillons depuis le mois de mars une exposition de photographies dans la Galerie d&rsquo;art du coll\u00e8ge, cette exposition a \u00e9t\u00e9 pr\u00e9sent\u00e9e en avant-premi\u00e8re lors des portes ouvertes en f\u00e9vrier, mais depuis, nous n&rsquo;avons pu l&rsquo;ouvrir du fait du confinement puis du protocole sanitaire mis en place. Nous avons donc r\u00e9fl\u00e9chi \u00e0 une solution pour [&hellip;]","og_url":"https:\/\/www.stjb-delasalle.fr\/site\/2020\/06\/22\/voyagevoyages-1-expo-galerie-dart\/","og_site_name":"Coll\u00e8ge Saint Jean Baptiste de La Salle","article_published_time":"2020-06-22T13:45:39+00:00","article_modified_time":"2022-01-03T09:26:49+00:00","og_image":[{"width":1024,"height":525,"url":"https:\/\/www.stjb-delasalle.fr\/site\/wp-content\/uploads\/2020\/06\/VISUEL-voyage-s-1-1024x525-1.jpg","type":"image\/jpeg"}],"author":"s.couret","twitter_card":"summary_large_image","twitter_misc":{"\u00c9crit par":"s.couret","Dur\u00e9e de lecture estim\u00e9e":"4 minutes"},"schema":{"@context":"https:\/\/schema.org","@graph":[{"@type":"Article","@id":"https:\/\/www.stjb-delasalle.fr\/site\/2020\/06\/22\/voyagevoyages-1-expo-galerie-dart\/#article","isPartOf":{"@id":"https:\/\/www.stjb-delasalle.fr\/site\/2020\/06\/22\/voyagevoyages-1-expo-galerie-dart\/"},"author":{"name":"s.couret","@id":"https:\/\/www.stjb-delasalle.fr\/site\/#\/schema\/person\/29e031eae2fbe58aca689f9074d3616a"},"headline":"VOYAGE VOYAGE(S) # 1 &#8211; Expo GALERIE d&rsquo;ART","datePublished":"2020-06-22T13:45:39+00:00","dateModified":"2022-01-03T09:26:49+00:00","mainEntityOfPage":{"@id":"https:\/\/www.stjb-delasalle.fr\/site\/2020\/06\/22\/voyagevoyages-1-expo-galerie-dart\/"},"wordCount":757,"publisher":{"@id":"https:\/\/www.stjb-delasalle.fr\/site\/#organization"},"image":{"@id":"https:\/\/www.stjb-delasalle.fr\/site\/2020\/06\/22\/voyagevoyages-1-expo-galerie-dart\/#primaryimage"},"thumbnailUrl":"https:\/\/www.stjb-delasalle.fr\/site\/wp-content\/uploads\/2020\/06\/VISUEL-voyage-s-1-1024x525-1.jpg","articleSection":["Arts plastiques 2019-2020","Coll\u00e8ge","Galerie 2019-2020"],"inLanguage":"fr-FR"},{"@type":"WebPage","@id":"https:\/\/www.stjb-delasalle.fr\/site\/2020\/06\/22\/voyagevoyages-1-expo-galerie-dart\/","url":"https:\/\/www.stjb-delasalle.fr\/site\/2020\/06\/22\/voyagevoyages-1-expo-galerie-dart\/","name":"VOYAGE VOYAGE(S) # 1 - Expo GALERIE d'ART - Coll\u00e8ge Saint Jean Baptiste de La Salle","isPartOf":{"@id":"https:\/\/www.stjb-delasalle.fr\/site\/#website"},"primaryImageOfPage":{"@id":"https:\/\/www.stjb-delasalle.fr\/site\/2020\/06\/22\/voyagevoyages-1-expo-galerie-dart\/#primaryimage"},"image":{"@id":"https:\/\/www.stjb-delasalle.fr\/site\/2020\/06\/22\/voyagevoyages-1-expo-galerie-dart\/#primaryimage"},"thumbnailUrl":"https:\/\/www.stjb-delasalle.fr\/site\/wp-content\/uploads\/2020\/06\/VISUEL-voyage-s-1-1024x525-1.jpg","datePublished":"2020-06-22T13:45:39+00:00","dateModified":"2022-01-03T09:26:49+00:00","breadcrumb":{"@id":"https:\/\/www.stjb-delasalle.fr\/site\/2020\/06\/22\/voyagevoyages-1-expo-galerie-dart\/#breadcrumb"},"inLanguage":"fr-FR","potentialAction":[{"@type":"ReadAction","target":["https:\/\/www.stjb-delasalle.fr\/site\/2020\/06\/22\/voyagevoyages-1-expo-galerie-dart\/"]}]},{"@type":"ImageObject","inLanguage":"fr-FR","@id":"https:\/\/www.stjb-delasalle.fr\/site\/2020\/06\/22\/voyagevoyages-1-expo-galerie-dart\/#primaryimage","url":"https:\/\/www.stjb-delasalle.fr\/site\/wp-content\/uploads\/2020\/06\/VISUEL-voyage-s-1-1024x525-1.jpg","contentUrl":"https:\/\/www.stjb-delasalle.fr\/site\/wp-content\/uploads\/2020\/06\/VISUEL-voyage-s-1-1024x525-1.jpg","width":1024,"height":525},{"@type":"BreadcrumbList","@id":"https:\/\/www.stjb-delasalle.fr\/site\/2020\/06\/22\/voyagevoyages-1-expo-galerie-dart\/#breadcrumb","itemListElement":[{"@type":"ListItem","position":1,"name":"Accueil","item":"https:\/\/www.stjb-delasalle.fr\/site\/"},{"@type":"ListItem","position":2,"name":"VOYAGE VOYAGE(S) # 1 &#8211; Expo GALERIE d&rsquo;ART"}]},{"@type":"WebSite","@id":"https:\/\/www.stjb-delasalle.fr\/site\/#website","url":"https:\/\/www.stjb-delasalle.fr\/site\/","name":"Coll\u00e8ge Saint Jean Baptiste de La Salle","description":"Notre coll\u00e8ge vous accueille sur le site du Rancher \u00e0 Teloch\u00e9","publisher":{"@id":"https:\/\/www.stjb-delasalle.fr\/site\/#organization"},"potentialAction":[{"@type":"SearchAction","target":{"@type":"EntryPoint","urlTemplate":"https:\/\/www.stjb-delasalle.fr\/site\/?s={search_term_string}"},"query-input":{"@type":"PropertyValueSpecification","valueRequired":true,"valueName":"search_term_string"}}],"inLanguage":"fr-FR"},{"@type":"Organization","@id":"https:\/\/www.stjb-delasalle.fr\/site\/#organization","name":"Coll\u00e8ge Saint Jean Baptiste de La Salle","url":"https:\/\/www.stjb-delasalle.fr\/site\/","logo":{"@type":"ImageObject","inLanguage":"fr-FR","@id":"https:\/\/www.stjb-delasalle.fr\/site\/#\/schema\/logo\/image\/","url":"https:\/\/www.stjb-delasalle.fr\/site\/wp-content\/uploads\/2021\/11\/logostjb_petit_transp.png","contentUrl":"https:\/\/www.stjb-delasalle.fr\/site\/wp-content\/uploads\/2021\/11\/logostjb_petit_transp.png","width":180,"height":127,"caption":"Coll\u00e8ge Saint Jean Baptiste de La Salle"},"image":{"@id":"https:\/\/www.stjb-delasalle.fr\/site\/#\/schema\/logo\/image\/"}},{"@type":"Person","@id":"https:\/\/www.stjb-delasalle.fr\/site\/#\/schema\/person\/29e031eae2fbe58aca689f9074d3616a","name":"s.couret","image":{"@type":"ImageObject","inLanguage":"fr-FR","@id":"https:\/\/secure.gravatar.com\/avatar\/83474c4b01f4d5df531ba9e1ae59f6610ffe9a3c76657f973718ba9fff166522?s=96&d=mm&r=g","url":"https:\/\/secure.gravatar.com\/avatar\/83474c4b01f4d5df531ba9e1ae59f6610ffe9a3c76657f973718ba9fff166522?s=96&d=mm&r=g","contentUrl":"https:\/\/secure.gravatar.com\/avatar\/83474c4b01f4d5df531ba9e1ae59f6610ffe9a3c76657f973718ba9fff166522?s=96&d=mm&r=g","caption":"s.couret"},"url":"https:\/\/www.stjb-delasalle.fr\/site\/author\/s-couret\/"}]}},"_links":{"self":[{"href":"https:\/\/www.stjb-delasalle.fr\/site\/wp-json\/wp\/v2\/posts\/6393","targetHints":{"allow":["GET"]}}],"collection":[{"href":"https:\/\/www.stjb-delasalle.fr\/site\/wp-json\/wp\/v2\/posts"}],"about":[{"href":"https:\/\/www.stjb-delasalle.fr\/site\/wp-json\/wp\/v2\/types\/post"}],"author":[{"embeddable":true,"href":"https:\/\/www.stjb-delasalle.fr\/site\/wp-json\/wp\/v2\/users\/3"}],"replies":[{"embeddable":true,"href":"https:\/\/www.stjb-delasalle.fr\/site\/wp-json\/wp\/v2\/comments?post=6393"}],"version-history":[{"count":3,"href":"https:\/\/www.stjb-delasalle.fr\/site\/wp-json\/wp\/v2\/posts\/6393\/revisions"}],"predecessor-version":[{"id":9563,"href":"https:\/\/www.stjb-delasalle.fr\/site\/wp-json\/wp\/v2\/posts\/6393\/revisions\/9563"}],"wp:featuredmedia":[{"embeddable":true,"href":"https:\/\/www.stjb-delasalle.fr\/site\/wp-json\/wp\/v2\/media\/9509"}],"wp:attachment":[{"href":"https:\/\/www.stjb-delasalle.fr\/site\/wp-json\/wp\/v2\/media?parent=6393"}],"wp:term":[{"taxonomy":"category","embeddable":true,"href":"https:\/\/www.stjb-delasalle.fr\/site\/wp-json\/wp\/v2\/categories?post=6393"},{"taxonomy":"post_tag","embeddable":true,"href":"https:\/\/www.stjb-delasalle.fr\/site\/wp-json\/wp\/v2\/tags?post=6393"}],"curies":[{"name":"wp","href":"https:\/\/api.w.org\/{rel}","templated":true}]}}