{"id":6238,"date":"2020-06-16T14:16:28","date_gmt":"2020-06-16T12:16:28","guid":{"rendered":"https:\/\/www.stjb-delasalle.fr\/?p=6238"},"modified":"2020-06-16T14:16:28","modified_gmt":"2020-06-16T12:16:28","slug":"vous-ne-connaissez-pas-lhistoire-du-fantome-du-rancher","status":"publish","type":"post","link":"https:\/\/www.stjb-delasalle.fr\/site\/2020\/06\/16\/vous-ne-connaissez-pas-lhistoire-du-fantome-du-rancher\/","title":{"rendered":"Vous ne connaissez pas l&rsquo;histoire du fant\u00f4me du Rancher?"},"content":{"rendered":"<p><span style=\"color: #006ab8;\"><strong>Voici la r\u00e9alisation d&rsquo;une nouvelle \u00e9crite par une \u00e9l\u00e8ve de troisi\u00e8me.<\/strong><\/span><\/p>\n<p><em>Un mardi soir d&rsquo;hiver, des bruits \u00e9tranges traversent le\u00a0couloir\u00a0de la Salle Pascal : les \u00e9l\u00e8ves s&rsquo;interrogent.\u00a0<\/em><\/p>\n<p><em>Vous ne connaissez pas l&rsquo;histoire du fant\u00f4me du Rancher? demande le professeur de fran\u00e7ais. Le d\u00e9fi est lanc\u00e9 : \u00ab\u00a0Ecrire une nouvelle racontant cette l\u00e9gende tr\u00e8s ancienne&#8230;\u00a0\u00bb Saurez-vous le relever ? Aujourd&rsquo;hui, Lana Balayet en 3D vous propose SA version.<\/em><\/p>\n<p><img decoding=\"async\" class=\"wp-image-173 alignnone\" src=\"http:\/\/www.stjb-delasalle.fr\/wp-content\/uploads\/2017\/06\/download.png\" alt=\"\" width=\"26\" height=\"26\" \/><a href=\"https:\/\/www.stjb-delasalle.fr\/wp-content\/uploads\/2020\/06\/Le_Retour_de_lenfant_Perdu-Lana-Balayet.pdf\" target=\"_blank\" rel=\"noopener noreferrer\"><strong> Cliquer ici pour t\u00e9l\u00e9charger la nouvelle<\/strong><\/a><\/p>\n<p>Lire la nouvelle en ligne:<\/p>\n<iframe class=\"wonderplugin-pdf-iframe\" src=\"https:\/\/www.stjb-delasalle.fr\/site\/wp-content\/plugins\/wonderplugin-pdf-embed\/pdfjslight\/web\/viewer.html?v=2&file=https:\/\/www.stjb-delasalle.fr\/wp-content\/uploads\/2020\/06\/Le_Retour_de_lenfant_Perdu-Lana-Balayet.pdf\" width=\"100%\" height=\"600px\" style=\"border:0;\"><\/iframe>\n","protected":false},"excerpt":{"rendered":"<p>Voici la r\u00e9alisation d&rsquo;une nouvelle \u00e9crite par une \u00e9l\u00e8ve de troisi\u00e8me. Un mardi soir d&rsquo;hiver, des bruits \u00e9tranges traversent le\u00a0couloir\u00a0de la Salle Pascal : les \u00e9l\u00e8ves s&rsquo;interrogent.\u00a0 Vous ne connaissez pas l&rsquo;histoire du fant\u00f4me du Rancher? demande le professeur de fran\u00e7ais. Le d\u00e9fi est lanc\u00e9 : \u00ab\u00a0Ecrire une nouvelle racontant cette l\u00e9gende tr\u00e8s ancienne&#8230;\u00a0\u00bb Saurez-vous [&hellip;]<\/p>\n","protected":false},"author":1,"featured_media":6244,"comment_status":"closed","ping_status":"closed","sticky":false,"template":"","format":"standard","meta":{"site-sidebar-layout":"default","site-content-layout":"","ast-site-content-layout":"default","site-content-style":"default","site-sidebar-style":"default","ast-global-header-display":"","ast-banner-title-visibility":"","ast-main-header-display":"","ast-hfb-above-header-display":"","ast-hfb-below-header-display":"","ast-hfb-mobile-header-display":"","site-post-title":"","ast-breadcrumbs-content":"","ast-featured-img":"","footer-sml-layout":"","ast-disable-related-posts":"","theme-transparent-header-meta":"","adv-header-id-meta":"","stick-header-meta":"","header-above-stick-meta":"","header-main-stick-meta":"","header-below-stick-meta":"","astra-migrate-meta-layouts":"default","ast-page-background-enabled":"default","ast-page-background-meta":{"desktop":{"background-color":"var(--ast-global-color-4)","background-image":"","background-repeat":"repeat","background-position":"center center","background-size":"auto","background-attachment":"scroll","background-type":"","background-media":"","overlay-type":"","overlay-color":"","overlay-opacity":"","overlay-gradient":""},"tablet":{"background-color":"","background-image":"","background-repeat":"repeat","background-position":"center center","background-size":"auto","background-attachment":"scroll","background-type":"","background-media":"","overlay-type":"","overlay-color":"","overlay-opacity":"","overlay-gradient":""},"mobile":{"background-color":"","background-image":"","background-repeat":"repeat","background-position":"center center","background-size":"auto","background-attachment":"scroll","background-type":"","background-media":"","overlay-type":"","overlay-color":"","overlay-opacity":"","overlay-gradient":""}},"ast-content-background-meta":{"desktop":{"background-color":"var(--ast-global-color-5)","background-image":"","background-repeat":"repeat","background-position":"center center","background-size":"auto","background-attachment":"scroll","background-type":"","background-media":"","overlay-type":"","overlay-color":"","overlay-opacity":"","overlay-gradient":""},"tablet":{"background-color":"var(--ast-global-color-5)","background-image":"","background-repeat":"repeat","background-position":"center center","background-size":"auto","background-attachment":"scroll","background-type":"","background-media":"","overlay-type":"","overlay-color":"","overlay-opacity":"","overlay-gradient":""},"mobile":{"background-color":"var(--ast-global-color-5)","background-image":"","background-repeat":"repeat","background-position":"center center","background-size":"auto","background-attachment":"scroll","background-type":"","background-media":"","overlay-type":"","overlay-color":"","overlay-opacity":"","overlay-gradient":""}},"footnotes":""},"categories":[6],"tags":[],"class_list":["post-6238","post","type-post","status-publish","format-standard","has-post-thumbnail","hentry","category-college"],"yoast_head":"<!-- This site is optimized with the Yoast SEO plugin v27.5 - https:\/\/yoast.com\/product\/yoast-seo-wordpress\/ -->\n<title>Vous ne connaissez pas l&#039;histoire du fant\u00f4me du Rancher? - Coll\u00e8ge Saint Jean Baptiste de La Salle<\/title>\n<meta name=\"robots\" content=\"index, follow, max-snippet:-1, max-image-preview:large, max-video-preview:-1\" \/>\n<link rel=\"canonical\" href=\"https:\/\/www.stjb-delasalle.fr\/site\/2020\/06\/16\/vous-ne-connaissez-pas-lhistoire-du-fantome-du-rancher\/\" \/>\n<meta property=\"og:locale\" content=\"fr_FR\" \/>\n<meta property=\"og:type\" content=\"article\" \/>\n<meta property=\"og:title\" content=\"Vous ne connaissez pas l&#039;histoire du fant\u00f4me du Rancher? - Coll\u00e8ge Saint Jean Baptiste de La Salle\" \/>\n<meta property=\"og:description\" content=\"Voici la r\u00e9alisation d&rsquo;une nouvelle \u00e9crite par une \u00e9l\u00e8ve de troisi\u00e8me. Un mardi soir d&rsquo;hiver, des bruits \u00e9tranges traversent le\u00a0couloir\u00a0de la Salle Pascal : les \u00e9l\u00e8ves s&rsquo;interrogent.\u00a0 Vous ne connaissez pas l&rsquo;histoire du fant\u00f4me du Rancher? demande le professeur de fran\u00e7ais. Le d\u00e9fi est lanc\u00e9 : \u00ab\u00a0Ecrire une nouvelle racontant cette l\u00e9gende tr\u00e8s ancienne&#8230;\u00a0\u00bb Saurez-vous [&hellip;]\" \/>\n<meta property=\"og:url\" content=\"https:\/\/www.stjb-delasalle.fr\/site\/2020\/06\/16\/vous-ne-connaissez-pas-lhistoire-du-fantome-du-rancher\/\" \/>\n<meta property=\"og:site_name\" content=\"Coll\u00e8ge Saint Jean Baptiste de La Salle\" \/>\n<meta property=\"article:published_time\" content=\"2020-06-16T12:16:28+00:00\" \/>\n<meta name=\"author\" content=\"r.zucchetti\" \/>\n<meta name=\"twitter:card\" content=\"summary_large_image\" \/>\n<meta name=\"twitter:label1\" content=\"\u00c9crit par\" \/>\n\t<meta name=\"twitter:data1\" content=\"r.zucchetti\" \/>\n\t<meta name=\"twitter:label2\" content=\"Dur\u00e9e de lecture estim\u00e9e\" \/>\n\t<meta name=\"twitter:data2\" content=\"1 minute\" \/>\n<script type=\"application\/ld+json\" class=\"yoast-schema-graph\">{\"@context\":\"https:\\\/\\\/schema.org\",\"@graph\":[{\"@type\":\"Article\",\"@id\":\"https:\\\/\\\/www.stjb-delasalle.fr\\\/site\\\/2020\\\/06\\\/16\\\/vous-ne-connaissez-pas-lhistoire-du-fantome-du-rancher\\\/#article\",\"isPartOf\":{\"@id\":\"https:\\\/\\\/www.stjb-delasalle.fr\\\/site\\\/2020\\\/06\\\/16\\\/vous-ne-connaissez-pas-lhistoire-du-fantome-du-rancher\\\/\"},\"author\":{\"name\":\"r.zucchetti\",\"@id\":\"https:\\\/\\\/www.stjb-delasalle.fr\\\/site\\\/#\\\/schema\\\/person\\\/36988a7b4178dd69b805a25eea2b8f8f\"},\"headline\":\"Vous ne connaissez pas l&rsquo;histoire du fant\u00f4me du Rancher?\",\"datePublished\":\"2020-06-16T12:16:28+00:00\",\"mainEntityOfPage\":{\"@id\":\"https:\\\/\\\/www.stjb-delasalle.fr\\\/site\\\/2020\\\/06\\\/16\\\/vous-ne-connaissez-pas-lhistoire-du-fantome-du-rancher\\\/\"},\"wordCount\":118,\"publisher\":{\"@id\":\"https:\\\/\\\/www.stjb-delasalle.fr\\\/site\\\/#organization\"},\"image\":{\"@id\":\"https:\\\/\\\/www.stjb-delasalle.fr\\\/site\\\/2020\\\/06\\\/16\\\/vous-ne-connaissez-pas-lhistoire-du-fantome-du-rancher\\\/#primaryimage\"},\"thumbnailUrl\":\"\",\"articleSection\":[\"Coll\u00e8ge\"],\"inLanguage\":\"fr-FR\"},{\"@type\":\"WebPage\",\"@id\":\"https:\\\/\\\/www.stjb-delasalle.fr\\\/site\\\/2020\\\/06\\\/16\\\/vous-ne-connaissez-pas-lhistoire-du-fantome-du-rancher\\\/\",\"url\":\"https:\\\/\\\/www.stjb-delasalle.fr\\\/site\\\/2020\\\/06\\\/16\\\/vous-ne-connaissez-pas-lhistoire-du-fantome-du-rancher\\\/\",\"name\":\"Vous ne connaissez pas l'histoire du fant\u00f4me du Rancher? - Coll\u00e8ge Saint Jean Baptiste de La Salle\",\"isPartOf\":{\"@id\":\"https:\\\/\\\/www.stjb-delasalle.fr\\\/site\\\/#website\"},\"primaryImageOfPage\":{\"@id\":\"https:\\\/\\\/www.stjb-delasalle.fr\\\/site\\\/2020\\\/06\\\/16\\\/vous-ne-connaissez-pas-lhistoire-du-fantome-du-rancher\\\/#primaryimage\"},\"image\":{\"@id\":\"https:\\\/\\\/www.stjb-delasalle.fr\\\/site\\\/2020\\\/06\\\/16\\\/vous-ne-connaissez-pas-lhistoire-du-fantome-du-rancher\\\/#primaryimage\"},\"thumbnailUrl\":\"\",\"datePublished\":\"2020-06-16T12:16:28+00:00\",\"breadcrumb\":{\"@id\":\"https:\\\/\\\/www.stjb-delasalle.fr\\\/site\\\/2020\\\/06\\\/16\\\/vous-ne-connaissez-pas-lhistoire-du-fantome-du-rancher\\\/#breadcrumb\"},\"inLanguage\":\"fr-FR\",\"potentialAction\":[{\"@type\":\"ReadAction\",\"target\":[\"https:\\\/\\\/www.stjb-delasalle.fr\\\/site\\\/2020\\\/06\\\/16\\\/vous-ne-connaissez-pas-lhistoire-du-fantome-du-rancher\\\/\"]}]},{\"@type\":\"ImageObject\",\"inLanguage\":\"fr-FR\",\"@id\":\"https:\\\/\\\/www.stjb-delasalle.fr\\\/site\\\/2020\\\/06\\\/16\\\/vous-ne-connaissez-pas-lhistoire-du-fantome-du-rancher\\\/#primaryimage\",\"url\":\"\",\"contentUrl\":\"\"},{\"@type\":\"BreadcrumbList\",\"@id\":\"https:\\\/\\\/www.stjb-delasalle.fr\\\/site\\\/2020\\\/06\\\/16\\\/vous-ne-connaissez-pas-lhistoire-du-fantome-du-rancher\\\/#breadcrumb\",\"itemListElement\":[{\"@type\":\"ListItem\",\"position\":1,\"name\":\"Accueil\",\"item\":\"https:\\\/\\\/www.stjb-delasalle.fr\\\/site\\\/\"},{\"@type\":\"ListItem\",\"position\":2,\"name\":\"Vous ne connaissez pas l&rsquo;histoire du fant\u00f4me du Rancher?\"}]},{\"@type\":\"WebSite\",\"@id\":\"https:\\\/\\\/www.stjb-delasalle.fr\\\/site\\\/#website\",\"url\":\"https:\\\/\\\/www.stjb-delasalle.fr\\\/site\\\/\",\"name\":\"Coll\u00e8ge Saint Jean Baptiste de La Salle\",\"description\":\"Notre coll\u00e8ge vous accueille sur le site du Rancher \u00e0 Teloch\u00e9\",\"publisher\":{\"@id\":\"https:\\\/\\\/www.stjb-delasalle.fr\\\/site\\\/#organization\"},\"potentialAction\":[{\"@type\":\"SearchAction\",\"target\":{\"@type\":\"EntryPoint\",\"urlTemplate\":\"https:\\\/\\\/www.stjb-delasalle.fr\\\/site\\\/?s={search_term_string}\"},\"query-input\":{\"@type\":\"PropertyValueSpecification\",\"valueRequired\":true,\"valueName\":\"search_term_string\"}}],\"inLanguage\":\"fr-FR\"},{\"@type\":\"Organization\",\"@id\":\"https:\\\/\\\/www.stjb-delasalle.fr\\\/site\\\/#organization\",\"name\":\"Coll\u00e8ge Saint Jean Baptiste de La Salle\",\"url\":\"https:\\\/\\\/www.stjb-delasalle.fr\\\/site\\\/\",\"logo\":{\"@type\":\"ImageObject\",\"inLanguage\":\"fr-FR\",\"@id\":\"https:\\\/\\\/www.stjb-delasalle.fr\\\/site\\\/#\\\/schema\\\/logo\\\/image\\\/\",\"url\":\"https:\\\/\\\/www.stjb-delasalle.fr\\\/site\\\/wp-content\\\/uploads\\\/2021\\\/11\\\/logostjb_petit_transp.png\",\"contentUrl\":\"https:\\\/\\\/www.stjb-delasalle.fr\\\/site\\\/wp-content\\\/uploads\\\/2021\\\/11\\\/logostjb_petit_transp.png\",\"width\":180,\"height\":127,\"caption\":\"Coll\u00e8ge Saint Jean Baptiste de La Salle\"},\"image\":{\"@id\":\"https:\\\/\\\/www.stjb-delasalle.fr\\\/site\\\/#\\\/schema\\\/logo\\\/image\\\/\"}},{\"@type\":\"Person\",\"@id\":\"https:\\\/\\\/www.stjb-delasalle.fr\\\/site\\\/#\\\/schema\\\/person\\\/36988a7b4178dd69b805a25eea2b8f8f\",\"name\":\"r.zucchetti\",\"image\":{\"@type\":\"ImageObject\",\"inLanguage\":\"fr-FR\",\"@id\":\"https:\\\/\\\/secure.gravatar.com\\\/avatar\\\/de909cd474d221f967baff6582e1e559c4977b81139138190583ff7dda97b212?s=96&d=mm&r=g\",\"url\":\"https:\\\/\\\/secure.gravatar.com\\\/avatar\\\/de909cd474d221f967baff6582e1e559c4977b81139138190583ff7dda97b212?s=96&d=mm&r=g\",\"contentUrl\":\"https:\\\/\\\/secure.gravatar.com\\\/avatar\\\/de909cd474d221f967baff6582e1e559c4977b81139138190583ff7dda97b212?s=96&d=mm&r=g\",\"caption\":\"r.zucchetti\"},\"sameAs\":[\"https:\\\/\\\/www.stjb-delasalle.fr\\\/site\"],\"url\":\"https:\\\/\\\/www.stjb-delasalle.fr\\\/site\\\/author\\\/r-zucchetti\\\/\"}]}<\/script>\n<!-- \/ Yoast SEO plugin. -->","yoast_head_json":{"title":"Vous ne connaissez pas l'histoire du fant\u00f4me du Rancher? - Coll\u00e8ge Saint Jean Baptiste de La Salle","robots":{"index":"index","follow":"follow","max-snippet":"max-snippet:-1","max-image-preview":"max-image-preview:large","max-video-preview":"max-video-preview:-1"},"canonical":"https:\/\/www.stjb-delasalle.fr\/site\/2020\/06\/16\/vous-ne-connaissez-pas-lhistoire-du-fantome-du-rancher\/","og_locale":"fr_FR","og_type":"article","og_title":"Vous ne connaissez pas l'histoire du fant\u00f4me du Rancher? - Coll\u00e8ge Saint Jean Baptiste de La Salle","og_description":"Voici la r\u00e9alisation d&rsquo;une nouvelle \u00e9crite par une \u00e9l\u00e8ve de troisi\u00e8me. Un mardi soir d&rsquo;hiver, des bruits \u00e9tranges traversent le\u00a0couloir\u00a0de la Salle Pascal : les \u00e9l\u00e8ves s&rsquo;interrogent.\u00a0 Vous ne connaissez pas l&rsquo;histoire du fant\u00f4me du Rancher? demande le professeur de fran\u00e7ais. Le d\u00e9fi est lanc\u00e9 : \u00ab\u00a0Ecrire une nouvelle racontant cette l\u00e9gende tr\u00e8s ancienne&#8230;\u00a0\u00bb Saurez-vous [&hellip;]","og_url":"https:\/\/www.stjb-delasalle.fr\/site\/2020\/06\/16\/vous-ne-connaissez-pas-lhistoire-du-fantome-du-rancher\/","og_site_name":"Coll\u00e8ge Saint Jean Baptiste de La Salle","article_published_time":"2020-06-16T12:16:28+00:00","author":"r.zucchetti","twitter_card":"summary_large_image","twitter_misc":{"\u00c9crit par":"r.zucchetti","Dur\u00e9e de lecture estim\u00e9e":"1 minute"},"schema":{"@context":"https:\/\/schema.org","@graph":[{"@type":"Article","@id":"https:\/\/www.stjb-delasalle.fr\/site\/2020\/06\/16\/vous-ne-connaissez-pas-lhistoire-du-fantome-du-rancher\/#article","isPartOf":{"@id":"https:\/\/www.stjb-delasalle.fr\/site\/2020\/06\/16\/vous-ne-connaissez-pas-lhistoire-du-fantome-du-rancher\/"},"author":{"name":"r.zucchetti","@id":"https:\/\/www.stjb-delasalle.fr\/site\/#\/schema\/person\/36988a7b4178dd69b805a25eea2b8f8f"},"headline":"Vous ne connaissez pas l&rsquo;histoire du fant\u00f4me du Rancher?","datePublished":"2020-06-16T12:16:28+00:00","mainEntityOfPage":{"@id":"https:\/\/www.stjb-delasalle.fr\/site\/2020\/06\/16\/vous-ne-connaissez-pas-lhistoire-du-fantome-du-rancher\/"},"wordCount":118,"publisher":{"@id":"https:\/\/www.stjb-delasalle.fr\/site\/#organization"},"image":{"@id":"https:\/\/www.stjb-delasalle.fr\/site\/2020\/06\/16\/vous-ne-connaissez-pas-lhistoire-du-fantome-du-rancher\/#primaryimage"},"thumbnailUrl":"","articleSection":["Coll\u00e8ge"],"inLanguage":"fr-FR"},{"@type":"WebPage","@id":"https:\/\/www.stjb-delasalle.fr\/site\/2020\/06\/16\/vous-ne-connaissez-pas-lhistoire-du-fantome-du-rancher\/","url":"https:\/\/www.stjb-delasalle.fr\/site\/2020\/06\/16\/vous-ne-connaissez-pas-lhistoire-du-fantome-du-rancher\/","name":"Vous ne connaissez pas l'histoire du fant\u00f4me du Rancher? - Coll\u00e8ge Saint Jean Baptiste de La Salle","isPartOf":{"@id":"https:\/\/www.stjb-delasalle.fr\/site\/#website"},"primaryImageOfPage":{"@id":"https:\/\/www.stjb-delasalle.fr\/site\/2020\/06\/16\/vous-ne-connaissez-pas-lhistoire-du-fantome-du-rancher\/#primaryimage"},"image":{"@id":"https:\/\/www.stjb-delasalle.fr\/site\/2020\/06\/16\/vous-ne-connaissez-pas-lhistoire-du-fantome-du-rancher\/#primaryimage"},"thumbnailUrl":"","datePublished":"2020-06-16T12:16:28+00:00","breadcrumb":{"@id":"https:\/\/www.stjb-delasalle.fr\/site\/2020\/06\/16\/vous-ne-connaissez-pas-lhistoire-du-fantome-du-rancher\/#breadcrumb"},"inLanguage":"fr-FR","potentialAction":[{"@type":"ReadAction","target":["https:\/\/www.stjb-delasalle.fr\/site\/2020\/06\/16\/vous-ne-connaissez-pas-lhistoire-du-fantome-du-rancher\/"]}]},{"@type":"ImageObject","inLanguage":"fr-FR","@id":"https:\/\/www.stjb-delasalle.fr\/site\/2020\/06\/16\/vous-ne-connaissez-pas-lhistoire-du-fantome-du-rancher\/#primaryimage","url":"","contentUrl":""},{"@type":"BreadcrumbList","@id":"https:\/\/www.stjb-delasalle.fr\/site\/2020\/06\/16\/vous-ne-connaissez-pas-lhistoire-du-fantome-du-rancher\/#breadcrumb","itemListElement":[{"@type":"ListItem","position":1,"name":"Accueil","item":"https:\/\/www.stjb-delasalle.fr\/site\/"},{"@type":"ListItem","position":2,"name":"Vous ne connaissez pas l&rsquo;histoire du fant\u00f4me du Rancher?"}]},{"@type":"WebSite","@id":"https:\/\/www.stjb-delasalle.fr\/site\/#website","url":"https:\/\/www.stjb-delasalle.fr\/site\/","name":"Coll\u00e8ge Saint Jean Baptiste de La Salle","description":"Notre coll\u00e8ge vous accueille sur le site du Rancher \u00e0 Teloch\u00e9","publisher":{"@id":"https:\/\/www.stjb-delasalle.fr\/site\/#organization"},"potentialAction":[{"@type":"SearchAction","target":{"@type":"EntryPoint","urlTemplate":"https:\/\/www.stjb-delasalle.fr\/site\/?s={search_term_string}"},"query-input":{"@type":"PropertyValueSpecification","valueRequired":true,"valueName":"search_term_string"}}],"inLanguage":"fr-FR"},{"@type":"Organization","@id":"https:\/\/www.stjb-delasalle.fr\/site\/#organization","name":"Coll\u00e8ge Saint Jean Baptiste de La Salle","url":"https:\/\/www.stjb-delasalle.fr\/site\/","logo":{"@type":"ImageObject","inLanguage":"fr-FR","@id":"https:\/\/www.stjb-delasalle.fr\/site\/#\/schema\/logo\/image\/","url":"https:\/\/www.stjb-delasalle.fr\/site\/wp-content\/uploads\/2021\/11\/logostjb_petit_transp.png","contentUrl":"https:\/\/www.stjb-delasalle.fr\/site\/wp-content\/uploads\/2021\/11\/logostjb_petit_transp.png","width":180,"height":127,"caption":"Coll\u00e8ge Saint Jean Baptiste de La Salle"},"image":{"@id":"https:\/\/www.stjb-delasalle.fr\/site\/#\/schema\/logo\/image\/"}},{"@type":"Person","@id":"https:\/\/www.stjb-delasalle.fr\/site\/#\/schema\/person\/36988a7b4178dd69b805a25eea2b8f8f","name":"r.zucchetti","image":{"@type":"ImageObject","inLanguage":"fr-FR","@id":"https:\/\/secure.gravatar.com\/avatar\/de909cd474d221f967baff6582e1e559c4977b81139138190583ff7dda97b212?s=96&d=mm&r=g","url":"https:\/\/secure.gravatar.com\/avatar\/de909cd474d221f967baff6582e1e559c4977b81139138190583ff7dda97b212?s=96&d=mm&r=g","contentUrl":"https:\/\/secure.gravatar.com\/avatar\/de909cd474d221f967baff6582e1e559c4977b81139138190583ff7dda97b212?s=96&d=mm&r=g","caption":"r.zucchetti"},"sameAs":["https:\/\/www.stjb-delasalle.fr\/site"],"url":"https:\/\/www.stjb-delasalle.fr\/site\/author\/r-zucchetti\/"}]}},"_links":{"self":[{"href":"https:\/\/www.stjb-delasalle.fr\/site\/wp-json\/wp\/v2\/posts\/6238","targetHints":{"allow":["GET"]}}],"collection":[{"href":"https:\/\/www.stjb-delasalle.fr\/site\/wp-json\/wp\/v2\/posts"}],"about":[{"href":"https:\/\/www.stjb-delasalle.fr\/site\/wp-json\/wp\/v2\/types\/post"}],"author":[{"embeddable":true,"href":"https:\/\/www.stjb-delasalle.fr\/site\/wp-json\/wp\/v2\/users\/1"}],"replies":[{"embeddable":true,"href":"https:\/\/www.stjb-delasalle.fr\/site\/wp-json\/wp\/v2\/comments?post=6238"}],"version-history":[{"count":0,"href":"https:\/\/www.stjb-delasalle.fr\/site\/wp-json\/wp\/v2\/posts\/6238\/revisions"}],"wp:featuredmedia":[{"embeddable":true,"href":"https:\/\/www.stjb-delasalle.fr\/site\/wp-json\/"}],"wp:attachment":[{"href":"https:\/\/www.stjb-delasalle.fr\/site\/wp-json\/wp\/v2\/media?parent=6238"}],"wp:term":[{"taxonomy":"category","embeddable":true,"href":"https:\/\/www.stjb-delasalle.fr\/site\/wp-json\/wp\/v2\/categories?post=6238"},{"taxonomy":"post_tag","embeddable":true,"href":"https:\/\/www.stjb-delasalle.fr\/site\/wp-json\/wp\/v2\/tags?post=6238"}],"curies":[{"name":"wp","href":"https:\/\/api.w.org\/{rel}","templated":true}]}}