{"id":5801,"date":"2020-04-20T19:08:44","date_gmt":"2020-04-20T17:08:44","guid":{"rendered":"https:\/\/www.stjb-delasalle.fr\/?p=5801"},"modified":"2022-01-03T09:26:25","modified_gmt":"2022-01-03T09:26:25","slug":"une-image-pour-ma-nouvelle-devoir-de-memoire","status":"publish","type":"post","link":"https:\/\/www.stjb-delasalle.fr\/site\/2020\/04\/20\/une-image-pour-ma-nouvelle-devoir-de-memoire\/","title":{"rendered":"Une image pour ma nouvelle&#8230;"},"content":{"rendered":"<p><strong>\u00a0\u00bb UNE IMAGE POUR MA NOUVELLE ! \u00ab\u00a0<\/strong><\/p>\n<p><strong>Dans le cadre du parcours citoyen : les \u00e9l\u00e8ves de troisi\u00e8me ont pris la plume, le crayon, la souris, l&rsquo;appareil photo&#8230;afin d&rsquo;honorer le devoir de m\u00e9moire.<\/strong><\/p>\n<p><em><strong>PLUS JAMAIS !<\/strong><\/em><br \/>\nEn s&rsquo;appuyant sur leurs connaissances en histoire-g\u00e9ographie, leurs lectures, le travail fait en classe, notamment en fran\u00e7ais, une sortie au M\u00e9morial de Caen, les troisi\u00e8mes ont r\u00e9dig\u00e9 une nouvelle traitant de la seconde Guerre Mondiale. Puis, ils ont \u00e9t\u00e9 invit\u00e9s pour les arts plastiques \u00e0 r\u00e9aliser leur premi\u00e8re de couverture, depuis leur lieu de confinement ! Ils devaient en plus de l&rsquo;image, y faire figurer le titre de leur nouvelle ainsi que leur nom.<\/p>\n<p>Vous d\u00e9couvrirez ci-dessous une s\u00e9lection de ces r\u00e9alisations plastiques \u00ab\u00a0faites \u00e0 la maison\u00a0\u00bb mettant en avant diff\u00e9rents m\u00e9diums&#8230;dessin, peinture, photographie, volume, photo-montage&#8230; avec un <strong>ZOOM<\/strong> sur deux projets d&rsquo;\u00e9l\u00e8ves qui nous expliquent comment ils ont \u00ab\u00a0fabriqu\u00e9\u00a0\u00bb leur image &#8230;<\/p>\n<p><strong>BRAVO \u00e0 Eva et Steven pour la pr\u00e9sentation \u00e9crite \u00ab\u00a0\u00e9tape par \u00e9tape\u00a0\u00bb de leur projet :<\/strong><\/p>\n<p><img fetchpriority=\"high\" decoding=\"async\" class=\"alignnone size-full wp-image-5802\" src=\"https:\/\/www.stjb-delasalle.fr\/wp-content\/uploads\/2020\/04\/EVA-3A.jpg\" alt=\"\" width=\"645\" height=\"912\" \/><img decoding=\"async\" class=\"alignnone size-full wp-image-5826\" src=\"https:\/\/www.stjb-delasalle.fr\/wp-content\/uploads\/2020\/04\/explication-Eva-3A.jpg\" alt=\"\" width=\"643\" height=\"911\" \/><\/p>\n<p><a href=\"https:\/\/www.stjb-delasalle.fr\/wp-content\/uploads\/2020\/04\/Explication-d\u00e9marche-Eva-3A.pdf\"><strong>CLIC ICI pour voir les \u00e9tapes de r\u00e9alisation d&rsquo;Eva en .pdf<\/strong><\/a><\/p>\n<p>&nbsp;<\/p>\n<p><img decoding=\"async\" class=\"alignnone size-full wp-image-5806\" src=\"https:\/\/www.stjb-delasalle.fr\/wp-content\/uploads\/2020\/04\/STEVEN-3B-coul.jpg\" alt=\"\" width=\"680\" height=\"907\" \/><img loading=\"lazy\" decoding=\"async\" class=\"alignnone size-full wp-image-5828\" src=\"https:\/\/www.stjb-delasalle.fr\/wp-content\/uploads\/2020\/04\/EXPL-STEVEN-1.jpg\" alt=\"\" width=\"641\" height=\"909\" \/><\/p>\n<p><img loading=\"lazy\" decoding=\"async\" class=\"alignnone size-full wp-image-5829\" src=\"https:\/\/www.stjb-delasalle.fr\/wp-content\/uploads\/2020\/04\/EXPL-STEVEN-2.jpg\" alt=\"\" width=\"642\" height=\"901\" \/> <img loading=\"lazy\" decoding=\"async\" class=\"alignnone size-large wp-image-5830\" src=\"https:\/\/www.stjb-delasalle.fr\/wp-content\/uploads\/2020\/04\/EXPL-STEVEN-3.jpg\" alt=\"\" width=\"640\" height=\"908\" \/><\/p>\n<p><a href=\"https:\/\/www.stjb-delasalle.fr\/wp-content\/uploads\/2020\/04\/Explication-d\u00e9marche-Steven-3B.pdf\"><strong>CLIC ICI pour voir les \u00e9tapes de r\u00e9alisation de Steven en .pdf<\/strong><\/a><\/p>\n<p>&nbsp;<\/p>\n<p><img loading=\"lazy\" decoding=\"async\" class=\"alignnone size-large wp-image-5858\" src=\"https:\/\/www.stjb-delasalle.fr\/wp-content\/uploads\/2020\/04\/TOM-3D-659x1024.jpg\" alt=\"\" width=\"659\" height=\"1024\" \/><\/p>\n<p>BRAVO \u00e9galement \u00e0 Tom pour sa r\u00e9alisation et son explication &#8230;<\/p>\n<p><strong>PROJET de TOM &#8211; 3D :<\/strong><\/p>\n<p><strong><em>\u00a0\u00bb La premi\u00e8re de couverture de ma nouvelle est en noir et blanc. J&rsquo;ai utilis\u00e9 les techniques :<\/em><\/strong><\/p>\n<p><strong><em>&#8211; de dessin (lignes noires au feutre)<\/em><\/strong><\/p>\n<p><strong><em>&#8211; de collage et photo-montage d&rsquo;images des camps de concentration que j&rsquo;ai imprim\u00e9, d\u00e9coup\u00e9 et intercal\u00e9 avec les lignes noires qui repr\u00e9sentent les v\u00eatements des prisonniers dans les camps,<\/em><\/strong><\/p>\n<p><strong><em>&#8211; et enfin collage du titre et de mon nom et pr\u00e9nom.\u00a0\u00bb<\/em><\/strong><\/p>\n<p><img loading=\"lazy\" decoding=\"async\" class=\"alignnone size-full wp-image-5803\" src=\"https:\/\/www.stjb-delasalle.fr\/wp-content\/uploads\/2020\/04\/ILANN-MARIUS-3B.jpg\" alt=\"\" width=\"640\" height=\"908\" \/><\/p>\n<p><img loading=\"lazy\" decoding=\"async\" class=\"alignnone size-full wp-image-5813\" src=\"https:\/\/www.stjb-delasalle.fr\/wp-content\/uploads\/2020\/04\/ANge-3D.jpg\" alt=\"\" width=\"680\" height=\"927\" \/><\/p>\n<p><img loading=\"lazy\" decoding=\"async\" class=\"alignnone size-full wp-image-5832\" src=\"https:\/\/www.stjb-delasalle.fr\/wp-content\/uploads\/2020\/04\/JULIEN-3C.jpg\" alt=\"\" width=\"647\" height=\"910\" \/><\/p>\n<p><img loading=\"lazy\" decoding=\"async\" class=\"alignnone size-full wp-image-5805\" src=\"https:\/\/www.stjb-delasalle.fr\/wp-content\/uploads\/2020\/04\/SOPHIE-3B.jpg\" alt=\"\" width=\"596\" height=\"853\" \/><\/p>\n<p><img loading=\"lazy\" decoding=\"async\" class=\"alignnone size-full wp-image-5804\" src=\"https:\/\/www.stjb-delasalle.fr\/wp-content\/uploads\/2020\/04\/SARAH-3B.jpg\" alt=\"\" width=\"643\" height=\"908\" \/><\/p>\n<p><img loading=\"lazy\" decoding=\"async\" class=\"alignnone size-full wp-image-5818\" src=\"https:\/\/www.stjb-delasalle.fr\/wp-content\/uploads\/2020\/04\/LALIE-3E.jpg\" alt=\"\" width=\"642\" height=\"909\" \/><\/p>\n<p><img loading=\"lazy\" decoding=\"async\" class=\"alignnone size-full wp-image-5812\" src=\"https:\/\/www.stjb-delasalle.fr\/wp-content\/uploads\/2020\/04\/ALICE-3E.jpg\" alt=\"\" width=\"641\" height=\"909\" \/><\/p>\n<p><img loading=\"lazy\" decoding=\"async\" class=\"alignnone size-full wp-image-5814\" src=\"https:\/\/www.stjb-delasalle.fr\/wp-content\/uploads\/2020\/04\/Emma-3A.jpg\" alt=\"\" width=\"680\" height=\"907\" \/><\/p>\n<p><img loading=\"lazy\" decoding=\"async\" class=\"alignnone size-full wp-image-5822\" src=\"https:\/\/www.stjb-delasalle.fr\/wp-content\/uploads\/2020\/04\/ROMANE-3D.jpg\" alt=\"\" width=\"638\" height=\"908\" \/><\/p>\n<p><img loading=\"lazy\" decoding=\"async\" class=\"alignnone size-full wp-image-5820\" src=\"https:\/\/www.stjb-delasalle.fr\/wp-content\/uploads\/2020\/04\/LENA-LIZA-3E.jpg\" alt=\"\" width=\"617\" height=\"906\" \/><\/p>\n<p>&nbsp;<\/p>\n<p><img loading=\"lazy\" decoding=\"async\" class=\"alignnone size-full wp-image-5815\" src=\"https:\/\/www.stjb-delasalle.fr\/wp-content\/uploads\/2020\/04\/ENGUERAND-3B.jpg\" alt=\"\" width=\"643\" height=\"906\" \/><\/p>\n<p><img loading=\"lazy\" decoding=\"async\" class=\"alignnone size-full wp-image-5817\" src=\"https:\/\/www.stjb-delasalle.fr\/wp-content\/uploads\/2020\/04\/FLAVIE-LUCIE-3E.jpg\" alt=\"\" width=\"643\" height=\"909\" \/><\/p>\n<p><img loading=\"lazy\" decoding=\"async\" class=\"alignnone size-full wp-image-5821\" src=\"https:\/\/www.stjb-delasalle.fr\/wp-content\/uploads\/2020\/04\/LOUIS-MAEL-3C.jpg\" alt=\"\" width=\"680\" height=\"860\" \/><\/p>\n<p>&nbsp;<\/p>\n<p><img loading=\"lazy\" decoding=\"async\" class=\"alignnone size-full wp-image-5816\" src=\"https:\/\/www.stjb-delasalle.fr\/wp-content\/uploads\/2020\/04\/Esteban-3A.jpg\" alt=\"\" width=\"680\" height=\"953\" \/><\/p>\n<p><img loading=\"lazy\" decoding=\"async\" class=\"alignnone size-full wp-image-5819\" src=\"https:\/\/www.stjb-delasalle.fr\/wp-content\/uploads\/2020\/04\/LANA-3D.jpg\" alt=\"\" width=\"643\" height=\"906\" \/><\/p>\n<p>&nbsp;<\/p>\n<p>&nbsp;<\/p>\n","protected":false},"excerpt":{"rendered":"<p>\u00a0\u00bb UNE IMAGE POUR MA NOUVELLE ! \u00ab\u00a0 Dans le cadre du parcours citoyen : les \u00e9l\u00e8ves de troisi\u00e8me ont pris la plume, le crayon, la souris, l&rsquo;appareil photo&#8230;afin d&rsquo;honorer le devoir de m\u00e9moire. PLUS JAMAIS ! En s&rsquo;appuyant sur leurs connaissances en histoire-g\u00e9ographie, leurs lectures, le travail fait en classe, notamment en fran\u00e7ais, une [&hellip;]<\/p>\n","protected":false},"author":3,"featured_media":5809,"comment_status":"closed","ping_status":"closed","sticky":false,"template":"","format":"gallery","meta":{"site-sidebar-layout":"default","site-content-layout":"default","ast-site-content-layout":"default","site-content-style":"default","site-sidebar-style":"default","ast-global-header-display":"","ast-banner-title-visibility":"","ast-main-header-display":"","ast-hfb-above-header-display":"","ast-hfb-below-header-display":"","ast-hfb-mobile-header-display":"","site-post-title":"","ast-breadcrumbs-content":"","ast-featured-img":"","footer-sml-layout":"","ast-disable-related-posts":"","theme-transparent-header-meta":"default","adv-header-id-meta":"","stick-header-meta":"","header-above-stick-meta":"","header-main-stick-meta":"","header-below-stick-meta":"","astra-migrate-meta-layouts":"default","ast-page-background-enabled":"default","ast-page-background-meta":{"desktop":{"background-color":"var(--ast-global-color-4)","background-image":"","background-repeat":"repeat","background-position":"center center","background-size":"auto","background-attachment":"scroll","background-type":"","background-media":"","overlay-type":"","overlay-color":"","overlay-opacity":"","overlay-gradient":""},"tablet":{"background-color":"","background-image":"","background-repeat":"repeat","background-position":"center center","background-size":"auto","background-attachment":"scroll","background-type":"","background-media":"","overlay-type":"","overlay-color":"","overlay-opacity":"","overlay-gradient":""},"mobile":{"background-color":"","background-image":"","background-repeat":"repeat","background-position":"center center","background-size":"auto","background-attachment":"scroll","background-type":"","background-media":"","overlay-type":"","overlay-color":"","overlay-opacity":"","overlay-gradient":""}},"ast-content-background-meta":{"desktop":{"background-color":"var(--ast-global-color-5)","background-image":"","background-repeat":"repeat","background-position":"center center","background-size":"auto","background-attachment":"scroll","background-type":"","background-media":"","overlay-type":"","overlay-color":"","overlay-opacity":"","overlay-gradient":""},"tablet":{"background-color":"var(--ast-global-color-5)","background-image":"","background-repeat":"repeat","background-position":"center center","background-size":"auto","background-attachment":"scroll","background-type":"","background-media":"","overlay-type":"","overlay-color":"","overlay-opacity":"","overlay-gradient":""},"mobile":{"background-color":"var(--ast-global-color-5)","background-image":"","background-repeat":"repeat","background-position":"center center","background-size":"auto","background-attachment":"scroll","background-type":"","background-media":"","overlay-type":"","overlay-color":"","overlay-opacity":"","overlay-gradient":""}},"footnotes":""},"categories":[55,6],"tags":[],"class_list":["post-5801","post","type-post","status-publish","format-gallery","has-post-thumbnail","hentry","category-arts-plastiques-2019-2020","category-college","post_format-post-format-gallery"],"yoast_head":"<!-- This site is optimized with the Yoast SEO plugin v27.5 - https:\/\/yoast.com\/product\/yoast-seo-wordpress\/ -->\n<title>Une image pour ma nouvelle... - Coll\u00e8ge Saint Jean Baptiste de La Salle<\/title>\n<meta name=\"robots\" content=\"index, follow, max-snippet:-1, max-image-preview:large, max-video-preview:-1\" \/>\n<link rel=\"canonical\" href=\"https:\/\/www.stjb-delasalle.fr\/site\/2020\/04\/20\/une-image-pour-ma-nouvelle-devoir-de-memoire\/\" \/>\n<meta property=\"og:locale\" content=\"fr_FR\" \/>\n<meta property=\"og:type\" content=\"article\" \/>\n<meta property=\"og:title\" content=\"Une image pour ma nouvelle... - Coll\u00e8ge Saint Jean Baptiste de La Salle\" \/>\n<meta property=\"og:description\" content=\"\u00a0\u00bb UNE IMAGE POUR MA NOUVELLE ! \u00ab\u00a0 Dans le cadre du parcours citoyen : les \u00e9l\u00e8ves de troisi\u00e8me ont pris la plume, le crayon, la souris, l&rsquo;appareil photo&#8230;afin d&rsquo;honorer le devoir de m\u00e9moire. PLUS JAMAIS ! En s&rsquo;appuyant sur leurs connaissances en histoire-g\u00e9ographie, leurs lectures, le travail fait en classe, notamment en fran\u00e7ais, une [&hellip;]\" \/>\n<meta property=\"og:url\" content=\"https:\/\/www.stjb-delasalle.fr\/site\/2020\/04\/20\/une-image-pour-ma-nouvelle-devoir-de-memoire\/\" \/>\n<meta property=\"og:site_name\" content=\"Coll\u00e8ge Saint Jean Baptiste de La Salle\" \/>\n<meta property=\"article:published_time\" content=\"2020-04-20T17:08:44+00:00\" \/>\n<meta property=\"article:modified_time\" content=\"2022-01-03T09:26:25+00:00\" \/>\n<meta name=\"author\" content=\"s.couret\" \/>\n<meta name=\"twitter:card\" content=\"summary_large_image\" \/>\n<meta name=\"twitter:label1\" content=\"\u00c9crit par\" \/>\n\t<meta name=\"twitter:data1\" content=\"s.couret\" \/>\n\t<meta name=\"twitter:label2\" content=\"Dur\u00e9e de lecture estim\u00e9e\" \/>\n\t<meta name=\"twitter:data2\" content=\"1 minute\" \/>\n<script type=\"application\/ld+json\" class=\"yoast-schema-graph\">{\"@context\":\"https:\\\/\\\/schema.org\",\"@graph\":[{\"@type\":\"Article\",\"@id\":\"https:\\\/\\\/www.stjb-delasalle.fr\\\/site\\\/2020\\\/04\\\/20\\\/une-image-pour-ma-nouvelle-devoir-de-memoire\\\/#article\",\"isPartOf\":{\"@id\":\"https:\\\/\\\/www.stjb-delasalle.fr\\\/site\\\/2020\\\/04\\\/20\\\/une-image-pour-ma-nouvelle-devoir-de-memoire\\\/\"},\"author\":{\"name\":\"s.couret\",\"@id\":\"https:\\\/\\\/www.stjb-delasalle.fr\\\/site\\\/#\\\/schema\\\/person\\\/29e031eae2fbe58aca689f9074d3616a\"},\"headline\":\"Une image pour ma nouvelle&#8230;\",\"datePublished\":\"2020-04-20T17:08:44+00:00\",\"dateModified\":\"2022-01-03T09:26:25+00:00\",\"mainEntityOfPage\":{\"@id\":\"https:\\\/\\\/www.stjb-delasalle.fr\\\/site\\\/2020\\\/04\\\/20\\\/une-image-pour-ma-nouvelle-devoir-de-memoire\\\/\"},\"wordCount\":296,\"publisher\":{\"@id\":\"https:\\\/\\\/www.stjb-delasalle.fr\\\/site\\\/#organization\"},\"image\":{\"@id\":\"https:\\\/\\\/www.stjb-delasalle.fr\\\/site\\\/2020\\\/04\\\/20\\\/une-image-pour-ma-nouvelle-devoir-de-memoire\\\/#primaryimage\"},\"thumbnailUrl\":\"\",\"articleSection\":[\"Arts plastiques 2019-2020\",\"Coll\u00e8ge\"],\"inLanguage\":\"fr-FR\"},{\"@type\":\"WebPage\",\"@id\":\"https:\\\/\\\/www.stjb-delasalle.fr\\\/site\\\/2020\\\/04\\\/20\\\/une-image-pour-ma-nouvelle-devoir-de-memoire\\\/\",\"url\":\"https:\\\/\\\/www.stjb-delasalle.fr\\\/site\\\/2020\\\/04\\\/20\\\/une-image-pour-ma-nouvelle-devoir-de-memoire\\\/\",\"name\":\"Une image pour ma nouvelle... - Coll\u00e8ge Saint Jean Baptiste de La Salle\",\"isPartOf\":{\"@id\":\"https:\\\/\\\/www.stjb-delasalle.fr\\\/site\\\/#website\"},\"primaryImageOfPage\":{\"@id\":\"https:\\\/\\\/www.stjb-delasalle.fr\\\/site\\\/2020\\\/04\\\/20\\\/une-image-pour-ma-nouvelle-devoir-de-memoire\\\/#primaryimage\"},\"image\":{\"@id\":\"https:\\\/\\\/www.stjb-delasalle.fr\\\/site\\\/2020\\\/04\\\/20\\\/une-image-pour-ma-nouvelle-devoir-de-memoire\\\/#primaryimage\"},\"thumbnailUrl\":\"\",\"datePublished\":\"2020-04-20T17:08:44+00:00\",\"dateModified\":\"2022-01-03T09:26:25+00:00\",\"breadcrumb\":{\"@id\":\"https:\\\/\\\/www.stjb-delasalle.fr\\\/site\\\/2020\\\/04\\\/20\\\/une-image-pour-ma-nouvelle-devoir-de-memoire\\\/#breadcrumb\"},\"inLanguage\":\"fr-FR\",\"potentialAction\":[{\"@type\":\"ReadAction\",\"target\":[\"https:\\\/\\\/www.stjb-delasalle.fr\\\/site\\\/2020\\\/04\\\/20\\\/une-image-pour-ma-nouvelle-devoir-de-memoire\\\/\"]}]},{\"@type\":\"ImageObject\",\"inLanguage\":\"fr-FR\",\"@id\":\"https:\\\/\\\/www.stjb-delasalle.fr\\\/site\\\/2020\\\/04\\\/20\\\/une-image-pour-ma-nouvelle-devoir-de-memoire\\\/#primaryimage\",\"url\":\"\",\"contentUrl\":\"\"},{\"@type\":\"BreadcrumbList\",\"@id\":\"https:\\\/\\\/www.stjb-delasalle.fr\\\/site\\\/2020\\\/04\\\/20\\\/une-image-pour-ma-nouvelle-devoir-de-memoire\\\/#breadcrumb\",\"itemListElement\":[{\"@type\":\"ListItem\",\"position\":1,\"name\":\"Accueil\",\"item\":\"https:\\\/\\\/www.stjb-delasalle.fr\\\/site\\\/\"},{\"@type\":\"ListItem\",\"position\":2,\"name\":\"Une image pour ma nouvelle&#8230;\"}]},{\"@type\":\"WebSite\",\"@id\":\"https:\\\/\\\/www.stjb-delasalle.fr\\\/site\\\/#website\",\"url\":\"https:\\\/\\\/www.stjb-delasalle.fr\\\/site\\\/\",\"name\":\"Coll\u00e8ge Saint Jean Baptiste de La Salle\",\"description\":\"Notre coll\u00e8ge vous accueille sur le site du Rancher \u00e0 Teloch\u00e9\",\"publisher\":{\"@id\":\"https:\\\/\\\/www.stjb-delasalle.fr\\\/site\\\/#organization\"},\"potentialAction\":[{\"@type\":\"SearchAction\",\"target\":{\"@type\":\"EntryPoint\",\"urlTemplate\":\"https:\\\/\\\/www.stjb-delasalle.fr\\\/site\\\/?s={search_term_string}\"},\"query-input\":{\"@type\":\"PropertyValueSpecification\",\"valueRequired\":true,\"valueName\":\"search_term_string\"}}],\"inLanguage\":\"fr-FR\"},{\"@type\":\"Organization\",\"@id\":\"https:\\\/\\\/www.stjb-delasalle.fr\\\/site\\\/#organization\",\"name\":\"Coll\u00e8ge Saint Jean Baptiste de La Salle\",\"url\":\"https:\\\/\\\/www.stjb-delasalle.fr\\\/site\\\/\",\"logo\":{\"@type\":\"ImageObject\",\"inLanguage\":\"fr-FR\",\"@id\":\"https:\\\/\\\/www.stjb-delasalle.fr\\\/site\\\/#\\\/schema\\\/logo\\\/image\\\/\",\"url\":\"https:\\\/\\\/www.stjb-delasalle.fr\\\/site\\\/wp-content\\\/uploads\\\/2021\\\/11\\\/logostjb_petit_transp.png\",\"contentUrl\":\"https:\\\/\\\/www.stjb-delasalle.fr\\\/site\\\/wp-content\\\/uploads\\\/2021\\\/11\\\/logostjb_petit_transp.png\",\"width\":180,\"height\":127,\"caption\":\"Coll\u00e8ge Saint Jean Baptiste de La Salle\"},\"image\":{\"@id\":\"https:\\\/\\\/www.stjb-delasalle.fr\\\/site\\\/#\\\/schema\\\/logo\\\/image\\\/\"}},{\"@type\":\"Person\",\"@id\":\"https:\\\/\\\/www.stjb-delasalle.fr\\\/site\\\/#\\\/schema\\\/person\\\/29e031eae2fbe58aca689f9074d3616a\",\"name\":\"s.couret\",\"image\":{\"@type\":\"ImageObject\",\"inLanguage\":\"fr-FR\",\"@id\":\"https:\\\/\\\/secure.gravatar.com\\\/avatar\\\/83474c4b01f4d5df531ba9e1ae59f6610ffe9a3c76657f973718ba9fff166522?s=96&d=mm&r=g\",\"url\":\"https:\\\/\\\/secure.gravatar.com\\\/avatar\\\/83474c4b01f4d5df531ba9e1ae59f6610ffe9a3c76657f973718ba9fff166522?s=96&d=mm&r=g\",\"contentUrl\":\"https:\\\/\\\/secure.gravatar.com\\\/avatar\\\/83474c4b01f4d5df531ba9e1ae59f6610ffe9a3c76657f973718ba9fff166522?s=96&d=mm&r=g\",\"caption\":\"s.couret\"},\"url\":\"https:\\\/\\\/www.stjb-delasalle.fr\\\/site\\\/author\\\/s-couret\\\/\"}]}<\/script>\n<!-- \/ Yoast SEO plugin. -->","yoast_head_json":{"title":"Une image pour ma nouvelle... - Coll\u00e8ge Saint Jean Baptiste de La Salle","robots":{"index":"index","follow":"follow","max-snippet":"max-snippet:-1","max-image-preview":"max-image-preview:large","max-video-preview":"max-video-preview:-1"},"canonical":"https:\/\/www.stjb-delasalle.fr\/site\/2020\/04\/20\/une-image-pour-ma-nouvelle-devoir-de-memoire\/","og_locale":"fr_FR","og_type":"article","og_title":"Une image pour ma nouvelle... - Coll\u00e8ge Saint Jean Baptiste de La Salle","og_description":"\u00a0\u00bb UNE IMAGE POUR MA NOUVELLE ! \u00ab\u00a0 Dans le cadre du parcours citoyen : les \u00e9l\u00e8ves de troisi\u00e8me ont pris la plume, le crayon, la souris, l&rsquo;appareil photo&#8230;afin d&rsquo;honorer le devoir de m\u00e9moire. PLUS JAMAIS ! En s&rsquo;appuyant sur leurs connaissances en histoire-g\u00e9ographie, leurs lectures, le travail fait en classe, notamment en fran\u00e7ais, une [&hellip;]","og_url":"https:\/\/www.stjb-delasalle.fr\/site\/2020\/04\/20\/une-image-pour-ma-nouvelle-devoir-de-memoire\/","og_site_name":"Coll\u00e8ge Saint Jean Baptiste de La Salle","article_published_time":"2020-04-20T17:08:44+00:00","article_modified_time":"2022-01-03T09:26:25+00:00","author":"s.couret","twitter_card":"summary_large_image","twitter_misc":{"\u00c9crit par":"s.couret","Dur\u00e9e de lecture estim\u00e9e":"1 minute"},"schema":{"@context":"https:\/\/schema.org","@graph":[{"@type":"Article","@id":"https:\/\/www.stjb-delasalle.fr\/site\/2020\/04\/20\/une-image-pour-ma-nouvelle-devoir-de-memoire\/#article","isPartOf":{"@id":"https:\/\/www.stjb-delasalle.fr\/site\/2020\/04\/20\/une-image-pour-ma-nouvelle-devoir-de-memoire\/"},"author":{"name":"s.couret","@id":"https:\/\/www.stjb-delasalle.fr\/site\/#\/schema\/person\/29e031eae2fbe58aca689f9074d3616a"},"headline":"Une image pour ma nouvelle&#8230;","datePublished":"2020-04-20T17:08:44+00:00","dateModified":"2022-01-03T09:26:25+00:00","mainEntityOfPage":{"@id":"https:\/\/www.stjb-delasalle.fr\/site\/2020\/04\/20\/une-image-pour-ma-nouvelle-devoir-de-memoire\/"},"wordCount":296,"publisher":{"@id":"https:\/\/www.stjb-delasalle.fr\/site\/#organization"},"image":{"@id":"https:\/\/www.stjb-delasalle.fr\/site\/2020\/04\/20\/une-image-pour-ma-nouvelle-devoir-de-memoire\/#primaryimage"},"thumbnailUrl":"","articleSection":["Arts plastiques 2019-2020","Coll\u00e8ge"],"inLanguage":"fr-FR"},{"@type":"WebPage","@id":"https:\/\/www.stjb-delasalle.fr\/site\/2020\/04\/20\/une-image-pour-ma-nouvelle-devoir-de-memoire\/","url":"https:\/\/www.stjb-delasalle.fr\/site\/2020\/04\/20\/une-image-pour-ma-nouvelle-devoir-de-memoire\/","name":"Une image pour ma nouvelle... - Coll\u00e8ge Saint Jean Baptiste de La Salle","isPartOf":{"@id":"https:\/\/www.stjb-delasalle.fr\/site\/#website"},"primaryImageOfPage":{"@id":"https:\/\/www.stjb-delasalle.fr\/site\/2020\/04\/20\/une-image-pour-ma-nouvelle-devoir-de-memoire\/#primaryimage"},"image":{"@id":"https:\/\/www.stjb-delasalle.fr\/site\/2020\/04\/20\/une-image-pour-ma-nouvelle-devoir-de-memoire\/#primaryimage"},"thumbnailUrl":"","datePublished":"2020-04-20T17:08:44+00:00","dateModified":"2022-01-03T09:26:25+00:00","breadcrumb":{"@id":"https:\/\/www.stjb-delasalle.fr\/site\/2020\/04\/20\/une-image-pour-ma-nouvelle-devoir-de-memoire\/#breadcrumb"},"inLanguage":"fr-FR","potentialAction":[{"@type":"ReadAction","target":["https:\/\/www.stjb-delasalle.fr\/site\/2020\/04\/20\/une-image-pour-ma-nouvelle-devoir-de-memoire\/"]}]},{"@type":"ImageObject","inLanguage":"fr-FR","@id":"https:\/\/www.stjb-delasalle.fr\/site\/2020\/04\/20\/une-image-pour-ma-nouvelle-devoir-de-memoire\/#primaryimage","url":"","contentUrl":""},{"@type":"BreadcrumbList","@id":"https:\/\/www.stjb-delasalle.fr\/site\/2020\/04\/20\/une-image-pour-ma-nouvelle-devoir-de-memoire\/#breadcrumb","itemListElement":[{"@type":"ListItem","position":1,"name":"Accueil","item":"https:\/\/www.stjb-delasalle.fr\/site\/"},{"@type":"ListItem","position":2,"name":"Une image pour ma nouvelle&#8230;"}]},{"@type":"WebSite","@id":"https:\/\/www.stjb-delasalle.fr\/site\/#website","url":"https:\/\/www.stjb-delasalle.fr\/site\/","name":"Coll\u00e8ge Saint Jean Baptiste de La Salle","description":"Notre coll\u00e8ge vous accueille sur le site du Rancher \u00e0 Teloch\u00e9","publisher":{"@id":"https:\/\/www.stjb-delasalle.fr\/site\/#organization"},"potentialAction":[{"@type":"SearchAction","target":{"@type":"EntryPoint","urlTemplate":"https:\/\/www.stjb-delasalle.fr\/site\/?s={search_term_string}"},"query-input":{"@type":"PropertyValueSpecification","valueRequired":true,"valueName":"search_term_string"}}],"inLanguage":"fr-FR"},{"@type":"Organization","@id":"https:\/\/www.stjb-delasalle.fr\/site\/#organization","name":"Coll\u00e8ge Saint Jean Baptiste de La Salle","url":"https:\/\/www.stjb-delasalle.fr\/site\/","logo":{"@type":"ImageObject","inLanguage":"fr-FR","@id":"https:\/\/www.stjb-delasalle.fr\/site\/#\/schema\/logo\/image\/","url":"https:\/\/www.stjb-delasalle.fr\/site\/wp-content\/uploads\/2021\/11\/logostjb_petit_transp.png","contentUrl":"https:\/\/www.stjb-delasalle.fr\/site\/wp-content\/uploads\/2021\/11\/logostjb_petit_transp.png","width":180,"height":127,"caption":"Coll\u00e8ge Saint Jean Baptiste de La Salle"},"image":{"@id":"https:\/\/www.stjb-delasalle.fr\/site\/#\/schema\/logo\/image\/"}},{"@type":"Person","@id":"https:\/\/www.stjb-delasalle.fr\/site\/#\/schema\/person\/29e031eae2fbe58aca689f9074d3616a","name":"s.couret","image":{"@type":"ImageObject","inLanguage":"fr-FR","@id":"https:\/\/secure.gravatar.com\/avatar\/83474c4b01f4d5df531ba9e1ae59f6610ffe9a3c76657f973718ba9fff166522?s=96&d=mm&r=g","url":"https:\/\/secure.gravatar.com\/avatar\/83474c4b01f4d5df531ba9e1ae59f6610ffe9a3c76657f973718ba9fff166522?s=96&d=mm&r=g","contentUrl":"https:\/\/secure.gravatar.com\/avatar\/83474c4b01f4d5df531ba9e1ae59f6610ffe9a3c76657f973718ba9fff166522?s=96&d=mm&r=g","caption":"s.couret"},"url":"https:\/\/www.stjb-delasalle.fr\/site\/author\/s-couret\/"}]}},"_links":{"self":[{"href":"https:\/\/www.stjb-delasalle.fr\/site\/wp-json\/wp\/v2\/posts\/5801","targetHints":{"allow":["GET"]}}],"collection":[{"href":"https:\/\/www.stjb-delasalle.fr\/site\/wp-json\/wp\/v2\/posts"}],"about":[{"href":"https:\/\/www.stjb-delasalle.fr\/site\/wp-json\/wp\/v2\/types\/post"}],"author":[{"embeddable":true,"href":"https:\/\/www.stjb-delasalle.fr\/site\/wp-json\/wp\/v2\/users\/3"}],"replies":[{"embeddable":true,"href":"https:\/\/www.stjb-delasalle.fr\/site\/wp-json\/wp\/v2\/comments?post=5801"}],"version-history":[{"count":1,"href":"https:\/\/www.stjb-delasalle.fr\/site\/wp-json\/wp\/v2\/posts\/5801\/revisions"}],"predecessor-version":[{"id":10046,"href":"https:\/\/www.stjb-delasalle.fr\/site\/wp-json\/wp\/v2\/posts\/5801\/revisions\/10046"}],"wp:featuredmedia":[{"embeddable":true,"href":"https:\/\/www.stjb-delasalle.fr\/site\/wp-json\/"}],"wp:attachment":[{"href":"https:\/\/www.stjb-delasalle.fr\/site\/wp-json\/wp\/v2\/media?parent=5801"}],"wp:term":[{"taxonomy":"category","embeddable":true,"href":"https:\/\/www.stjb-delasalle.fr\/site\/wp-json\/wp\/v2\/categories?post=5801"},{"taxonomy":"post_tag","embeddable":true,"href":"https:\/\/www.stjb-delasalle.fr\/site\/wp-json\/wp\/v2\/tags?post=5801"}],"curies":[{"name":"wp","href":"https:\/\/api.w.org\/{rel}","templated":true}]}}