{"id":4740,"date":"2019-12-22T10:44:54","date_gmt":"2019-12-22T09:44:54","guid":{"rendered":"https:\/\/www.stjb-delasalle.fr\/?p=4740"},"modified":"2019-12-22T10:44:54","modified_gmt":"2019-12-22T09:44:54","slug":"apres-midi-de-noel-au-college","status":"publish","type":"post","link":"https:\/\/www.stjb-delasalle.fr\/site\/2019\/12\/22\/apres-midi-de-noel-au-college\/","title":{"rendered":"Apr\u00e8s-midi de No\u00ebl au coll\u00e8ge"},"content":{"rendered":"<p>Environ 450 \u00e9l\u00e8ves \u00e9taient r\u00e9unis vendredi 20 d\u00e9cembre pour la c\u00e9l\u00e9bration de No\u00ebl au gymnase, la chapelle \u00e9tant trop petite pour les accueillir. Merci aux musiciens, chanteurs, lecteurs, com\u00e9diens, techniciens qui ont contribu\u00e9 \u00e0 nous faire entrer dans la joie de la naissance de J\u00e9sus et comprendre que le plus beau est \u00e0 vivre maintenant.<\/p>\n<p>A partir de 14h25, c&rsquo;\u00e9tait l&rsquo;heure pour l&rsquo;ensemble des coll\u00e9giens de participer aux traditionnels ateliers de No\u00ebl.<\/p>\n<p>Belles f\u00eates \u00e0 tous!<\/p>\n<p><img fetchpriority=\"high\" decoding=\"async\" class=\"alignnone size-large wp-image-4741\" src=\"https:\/\/www.stjb-delasalle.fr\/wp-content\/uploads\/2019\/12\/IMG_0688-1024x768.jpeg\" alt=\"\" width=\"1024\" height=\"768\" \/> <img decoding=\"async\" class=\"alignnone size-large wp-image-4753\" src=\"https:\/\/www.stjb-delasalle.fr\/wp-content\/uploads\/2019\/12\/IMG_0703-1024x768.jpeg\" alt=\"\" width=\"1024\" height=\"768\" \/> <img decoding=\"async\" class=\"alignnone size-large wp-image-4752\" src=\"https:\/\/www.stjb-delasalle.fr\/wp-content\/uploads\/2019\/12\/IMG_0702-768x1024.jpeg\" alt=\"\" width=\"768\" height=\"1024\" \/> <img loading=\"lazy\" decoding=\"async\" class=\"alignnone size-large wp-image-4751\" src=\"https:\/\/www.stjb-delasalle.fr\/wp-content\/uploads\/2019\/12\/IMG_0701-1024x768.jpeg\" alt=\"\" width=\"1024\" height=\"768\" \/> <img loading=\"lazy\" decoding=\"async\" class=\"alignnone size-large wp-image-4750\" src=\"https:\/\/www.stjb-delasalle.fr\/wp-content\/uploads\/2019\/12\/IMG_0700-1024x768.jpeg\" alt=\"\" width=\"1024\" height=\"768\" \/> <img loading=\"lazy\" decoding=\"async\" class=\"alignnone size-large wp-image-4749\" src=\"https:\/\/www.stjb-delasalle.fr\/wp-content\/uploads\/2019\/12\/IMG_0699-768x1024.jpeg\" alt=\"\" width=\"768\" height=\"1024\" \/> <img loading=\"lazy\" decoding=\"async\" class=\"alignnone size-large wp-image-4748\" src=\"https:\/\/www.stjb-delasalle.fr\/wp-content\/uploads\/2019\/12\/IMG_0697-768x1024.jpeg\" alt=\"\" width=\"768\" height=\"1024\" \/> <img loading=\"lazy\" decoding=\"async\" class=\"alignnone size-large wp-image-4747\" src=\"https:\/\/www.stjb-delasalle.fr\/wp-content\/uploads\/2019\/12\/IMG_0696-768x1024.jpeg\" alt=\"\" width=\"768\" height=\"1024\" \/> <img loading=\"lazy\" decoding=\"async\" class=\"alignnone size-large wp-image-4746\" src=\"https:\/\/www.stjb-delasalle.fr\/wp-content\/uploads\/2019\/12\/IMG_0695-1024x768.jpeg\" alt=\"\" width=\"1024\" height=\"768\" \/> <img loading=\"lazy\" decoding=\"async\" class=\"alignnone size-large wp-image-4745\" src=\"https:\/\/www.stjb-delasalle.fr\/wp-content\/uploads\/2019\/12\/IMG_0694-768x1024.jpeg\" alt=\"\" width=\"768\" height=\"1024\" \/> <img loading=\"lazy\" decoding=\"async\" class=\"alignnone size-large wp-image-4744\" src=\"https:\/\/www.stjb-delasalle.fr\/wp-content\/uploads\/2019\/12\/IMG_0692-1024x768.jpeg\" alt=\"\" width=\"1024\" height=\"768\" \/> <img loading=\"lazy\" decoding=\"async\" class=\"alignnone size-large wp-image-4743\" src=\"https:\/\/www.stjb-delasalle.fr\/wp-content\/uploads\/2019\/12\/IMG_0691-1024x768.jpeg\" alt=\"\" width=\"1024\" height=\"768\" \/> <img loading=\"lazy\" decoding=\"async\" class=\"alignnone size-large wp-image-4742\" src=\"https:\/\/www.stjb-delasalle.fr\/wp-content\/uploads\/2019\/12\/IMG_0690-1024x768.jpeg\" alt=\"\" width=\"1024\" height=\"768\" \/><\/p>\n<div style=\"width: 1280px;\" class=\"wp-video\"><video class=\"wp-video-shortcode\" id=\"video-4740-1\" width=\"1280\" height=\"720\" preload=\"metadata\" controls=\"controls\"><source type=\"video\/mp4\" src=\"https:\/\/www.stjb-delasalle.fr\/wp-content\/uploads\/2019\/12\/IMG_0704.mp4?_=1\" \/><a href=\"https:\/\/www.stjb-delasalle.fr\/wp-content\/uploads\/2019\/12\/IMG_0704.mp4\">https:\/\/www.stjb-delasalle.fr\/wp-content\/uploads\/2019\/12\/IMG_0704.mp4<\/a><\/video><\/div>\n<p><img loading=\"lazy\" decoding=\"async\" class=\"alignnone size-large wp-image-4755\" src=\"https:\/\/www.stjb-delasalle.fr\/wp-content\/uploads\/2019\/12\/IMG_0705-1024x768.jpeg\" alt=\"\" width=\"1024\" height=\"768\" \/> <img loading=\"lazy\" decoding=\"async\" class=\"alignnone size-large wp-image-4758\" src=\"https:\/\/www.stjb-delasalle.fr\/wp-content\/uploads\/2019\/12\/IMG_0713-1024x768.jpeg\" alt=\"\" width=\"1024\" height=\"768\" \/> <img loading=\"lazy\" decoding=\"async\" class=\"alignnone size-large wp-image-4757\" src=\"https:\/\/www.stjb-delasalle.fr\/wp-content\/uploads\/2019\/12\/IMG_0708-1024x768.jpeg\" alt=\"\" width=\"1024\" height=\"768\" \/><\/p>\n<div style=\"width: 1280px;\" class=\"wp-video\"><video class=\"wp-video-shortcode\" id=\"video-4740-2\" width=\"1280\" height=\"720\" preload=\"metadata\" controls=\"controls\"><source type=\"video\/mp4\" src=\"https:\/\/www.stjb-delasalle.fr\/wp-content\/uploads\/2019\/12\/IMG_0707.mp4?_=2\" \/><a href=\"https:\/\/www.stjb-delasalle.fr\/wp-content\/uploads\/2019\/12\/IMG_0707.mp4\">https:\/\/www.stjb-delasalle.fr\/wp-content\/uploads\/2019\/12\/IMG_0707.mp4<\/a><\/video><\/div>\n<p><img loading=\"lazy\" decoding=\"async\" class=\"alignnone size-large wp-image-4759\" src=\"https:\/\/www.stjb-delasalle.fr\/wp-content\/uploads\/2019\/12\/IMG_0714-1024x768.jpeg\" alt=\"\" width=\"1024\" height=\"768\" \/> <img loading=\"lazy\" decoding=\"async\" class=\"alignnone size-large wp-image-4776\" src=\"https:\/\/www.stjb-delasalle.fr\/wp-content\/uploads\/2019\/12\/IMG_0734-1024x768.jpeg\" alt=\"\" width=\"1024\" height=\"768\" \/> <img loading=\"lazy\" decoding=\"async\" class=\"alignnone size-large wp-image-4775\" src=\"https:\/\/www.stjb-delasalle.fr\/wp-content\/uploads\/2019\/12\/IMG_0733-1024x768.jpeg\" alt=\"\" width=\"1024\" height=\"768\" \/> <img loading=\"lazy\" decoding=\"async\" class=\"alignnone size-large wp-image-4774\" src=\"https:\/\/www.stjb-delasalle.fr\/wp-content\/uploads\/2019\/12\/IMG_0732-1024x768.jpeg\" alt=\"\" width=\"1024\" height=\"768\" \/> <img loading=\"lazy\" decoding=\"async\" class=\"alignnone size-large wp-image-4773\" src=\"https:\/\/www.stjb-delasalle.fr\/wp-content\/uploads\/2019\/12\/IMG_0731-1024x768.jpeg\" alt=\"\" width=\"1024\" height=\"768\" \/> <img loading=\"lazy\" decoding=\"async\" class=\"alignnone size-large wp-image-4772\" src=\"https:\/\/www.stjb-delasalle.fr\/wp-content\/uploads\/2019\/12\/IMG_0730-1024x768.jpeg\" alt=\"\" width=\"1024\" height=\"768\" \/> <img loading=\"lazy\" decoding=\"async\" class=\"alignnone size-large wp-image-4771\" src=\"https:\/\/www.stjb-delasalle.fr\/wp-content\/uploads\/2019\/12\/IMG_0729-1024x768.jpeg\" alt=\"\" width=\"1024\" height=\"768\" \/> <img loading=\"lazy\" decoding=\"async\" class=\"alignnone size-large wp-image-4770\" src=\"https:\/\/www.stjb-delasalle.fr\/wp-content\/uploads\/2019\/12\/IMG_0727-1024x768.jpeg\" alt=\"\" width=\"1024\" height=\"768\" \/> <img loading=\"lazy\" decoding=\"async\" class=\"alignnone size-large wp-image-4769\" src=\"https:\/\/www.stjb-delasalle.fr\/wp-content\/uploads\/2019\/12\/IMG_0726-1024x768.jpeg\" alt=\"\" width=\"1024\" height=\"768\" \/> <img loading=\"lazy\" decoding=\"async\" class=\"alignnone size-large wp-image-4768\" src=\"https:\/\/www.stjb-delasalle.fr\/wp-content\/uploads\/2019\/12\/IMG_0724-1024x768.jpeg\" alt=\"\" width=\"1024\" height=\"768\" \/> <img loading=\"lazy\" decoding=\"async\" class=\"alignnone size-large wp-image-4767\" src=\"https:\/\/www.stjb-delasalle.fr\/wp-content\/uploads\/2019\/12\/IMG_0723-1024x768.jpeg\" alt=\"\" width=\"1024\" height=\"768\" \/> <img loading=\"lazy\" decoding=\"async\" class=\"alignnone size-large wp-image-4766\" src=\"https:\/\/www.stjb-delasalle.fr\/wp-content\/uploads\/2019\/12\/IMG_0722-1024x768.jpeg\" alt=\"\" width=\"1024\" height=\"768\" \/> <img loading=\"lazy\" decoding=\"async\" class=\"alignnone size-large wp-image-4765\" src=\"https:\/\/www.stjb-delasalle.fr\/wp-content\/uploads\/2019\/12\/IMG_0721-1024x768.jpeg\" alt=\"\" width=\"1024\" height=\"768\" \/> <img loading=\"lazy\" decoding=\"async\" class=\"alignnone size-large wp-image-4764\" src=\"https:\/\/www.stjb-delasalle.fr\/wp-content\/uploads\/2019\/12\/IMG_0720-1024x768.jpeg\" alt=\"\" width=\"1024\" height=\"768\" \/> <img loading=\"lazy\" decoding=\"async\" class=\"alignnone size-large wp-image-4763\" src=\"https:\/\/www.stjb-delasalle.fr\/wp-content\/uploads\/2019\/12\/IMG_0719-1024x768.jpeg\" alt=\"\" width=\"1024\" height=\"768\" \/> <img loading=\"lazy\" decoding=\"async\" class=\"alignnone size-large wp-image-4762\" src=\"https:\/\/www.stjb-delasalle.fr\/wp-content\/uploads\/2019\/12\/IMG_0718-1024x768.jpeg\" alt=\"\" width=\"1024\" height=\"768\" \/> <img loading=\"lazy\" decoding=\"async\" class=\"alignnone size-large wp-image-4761\" src=\"https:\/\/www.stjb-delasalle.fr\/wp-content\/uploads\/2019\/12\/IMG_0717-1024x768.jpeg\" alt=\"\" width=\"1024\" height=\"768\" \/> <img loading=\"lazy\" decoding=\"async\" class=\"alignnone size-large wp-image-4760\" src=\"https:\/\/www.stjb-delasalle.fr\/wp-content\/uploads\/2019\/12\/IMG_0716-1024x768.jpeg\" alt=\"\" width=\"1024\" height=\"768\" \/><\/p>\n<p><img loading=\"lazy\" decoding=\"async\" class=\"alignnone size-large wp-image-4777\" src=\"https:\/\/www.stjb-delasalle.fr\/wp-content\/uploads\/2019\/12\/IMG_0735-1024x768.jpeg\" alt=\"\" width=\"1024\" height=\"768\" \/> <img loading=\"lazy\" decoding=\"async\" class=\"alignnone size-large wp-image-4788\" src=\"https:\/\/www.stjb-delasalle.fr\/wp-content\/uploads\/2019\/12\/IMG_0746-768x1024.jpeg\" alt=\"\" width=\"768\" height=\"1024\" \/> <img loading=\"lazy\" decoding=\"async\" class=\"alignnone size-large wp-image-4787\" src=\"https:\/\/www.stjb-delasalle.fr\/wp-content\/uploads\/2019\/12\/IMG_0745-1024x768.jpeg\" alt=\"\" width=\"1024\" height=\"768\" \/> <img loading=\"lazy\" decoding=\"async\" class=\"alignnone size-large wp-image-4786\" src=\"https:\/\/www.stjb-delasalle.fr\/wp-content\/uploads\/2019\/12\/IMG_0744-1024x768.jpeg\" alt=\"\" width=\"1024\" height=\"768\" \/> <img loading=\"lazy\" decoding=\"async\" class=\"alignnone size-large wp-image-4785\" src=\"https:\/\/www.stjb-delasalle.fr\/wp-content\/uploads\/2019\/12\/IMG_0743-1024x768.jpeg\" alt=\"\" width=\"1024\" height=\"768\" \/> <img loading=\"lazy\" decoding=\"async\" class=\"alignnone size-large wp-image-4784\" src=\"https:\/\/www.stjb-delasalle.fr\/wp-content\/uploads\/2019\/12\/IMG_0742-1024x768.jpeg\" alt=\"\" width=\"1024\" height=\"768\" \/> <img loading=\"lazy\" decoding=\"async\" class=\"alignnone size-large wp-image-4783\" src=\"https:\/\/www.stjb-delasalle.fr\/wp-content\/uploads\/2019\/12\/IMG_0741-1024x768.jpeg\" alt=\"\" width=\"1024\" height=\"768\" \/> <img loading=\"lazy\" decoding=\"async\" class=\"alignnone size-large wp-image-4782\" src=\"https:\/\/www.stjb-delasalle.fr\/wp-content\/uploads\/2019\/12\/IMG_0740-1024x768.jpeg\" alt=\"\" width=\"1024\" height=\"768\" \/> <img loading=\"lazy\" decoding=\"async\" class=\"alignnone size-large wp-image-4781\" src=\"https:\/\/www.stjb-delasalle.fr\/wp-content\/uploads\/2019\/12\/IMG_0739-1024x768.jpeg\" alt=\"\" width=\"1024\" height=\"768\" \/> <img loading=\"lazy\" decoding=\"async\" class=\"alignnone size-large wp-image-4780\" src=\"https:\/\/www.stjb-delasalle.fr\/wp-content\/uploads\/2019\/12\/IMG_0738-1024x768.jpeg\" alt=\"\" width=\"1024\" height=\"768\" \/> <img loading=\"lazy\" decoding=\"async\" class=\"alignnone size-large wp-image-4779\" src=\"https:\/\/www.stjb-delasalle.fr\/wp-content\/uploads\/2019\/12\/IMG_0737-1024x768.jpeg\" alt=\"\" width=\"1024\" height=\"768\" \/> <img loading=\"lazy\" decoding=\"async\" class=\"alignnone size-large wp-image-4778\" src=\"https:\/\/www.stjb-delasalle.fr\/wp-content\/uploads\/2019\/12\/IMG_0736-1024x768.jpeg\" alt=\"\" width=\"1024\" height=\"768\" \/><\/p>\n","protected":false},"excerpt":{"rendered":"<p>Environ 450 \u00e9l\u00e8ves \u00e9taient r\u00e9unis vendredi 20 d\u00e9cembre pour la c\u00e9l\u00e9bration de No\u00ebl au gymnase, la chapelle \u00e9tant trop petite pour les accueillir. Merci aux musiciens, chanteurs, lecteurs, com\u00e9diens, techniciens qui ont contribu\u00e9 \u00e0 nous faire entrer dans la joie de la naissance de J\u00e9sus et comprendre que le plus beau est \u00e0 vivre maintenant. [&hellip;]<\/p>\n","protected":false},"author":1,"featured_media":4789,"comment_status":"closed","ping_status":"closed","sticky":false,"template":"","format":"standard","meta":{"site-sidebar-layout":"default","site-content-layout":"","ast-site-content-layout":"default","site-content-style":"default","site-sidebar-style":"default","ast-global-header-display":"","ast-banner-title-visibility":"","ast-main-header-display":"","ast-hfb-above-header-display":"","ast-hfb-below-header-display":"","ast-hfb-mobile-header-display":"","site-post-title":"","ast-breadcrumbs-content":"","ast-featured-img":"","footer-sml-layout":"","ast-disable-related-posts":"","theme-transparent-header-meta":"","adv-header-id-meta":"","stick-header-meta":"","header-above-stick-meta":"","header-main-stick-meta":"","header-below-stick-meta":"","astra-migrate-meta-layouts":"default","ast-page-background-enabled":"default","ast-page-background-meta":{"desktop":{"background-color":"var(--ast-global-color-4)","background-image":"","background-repeat":"repeat","background-position":"center center","background-size":"auto","background-attachment":"scroll","background-type":"","background-media":"","overlay-type":"","overlay-color":"","overlay-opacity":"","overlay-gradient":""},"tablet":{"background-color":"","background-image":"","background-repeat":"repeat","background-position":"center center","background-size":"auto","background-attachment":"scroll","background-type":"","background-media":"","overlay-type":"","overlay-color":"","overlay-opacity":"","overlay-gradient":""},"mobile":{"background-color":"","background-image":"","background-repeat":"repeat","background-position":"center center","background-size":"auto","background-attachment":"scroll","background-type":"","background-media":"","overlay-type":"","overlay-color":"","overlay-opacity":"","overlay-gradient":""}},"ast-content-background-meta":{"desktop":{"background-color":"var(--ast-global-color-5)","background-image":"","background-repeat":"repeat","background-position":"center center","background-size":"auto","background-attachment":"scroll","background-type":"","background-media":"","overlay-type":"","overlay-color":"","overlay-opacity":"","overlay-gradient":""},"tablet":{"background-color":"var(--ast-global-color-5)","background-image":"","background-repeat":"repeat","background-position":"center center","background-size":"auto","background-attachment":"scroll","background-type":"","background-media":"","overlay-type":"","overlay-color":"","overlay-opacity":"","overlay-gradient":""},"mobile":{"background-color":"var(--ast-global-color-5)","background-image":"","background-repeat":"repeat","background-position":"center center","background-size":"auto","background-attachment":"scroll","background-type":"","background-media":"","overlay-type":"","overlay-color":"","overlay-opacity":"","overlay-gradient":""}},"footnotes":""},"categories":[6],"tags":[],"class_list":["post-4740","post","type-post","status-publish","format-standard","has-post-thumbnail","hentry","category-college"],"yoast_head":"<!-- This site is optimized with the Yoast SEO plugin v27.5 - https:\/\/yoast.com\/product\/yoast-seo-wordpress\/ -->\n<title>Apr\u00e8s-midi de No\u00ebl au coll\u00e8ge - Coll\u00e8ge Saint Jean Baptiste de La Salle<\/title>\n<meta name=\"robots\" content=\"index, follow, max-snippet:-1, max-image-preview:large, max-video-preview:-1\" \/>\n<link rel=\"canonical\" href=\"https:\/\/www.stjb-delasalle.fr\/site\/2019\/12\/22\/apres-midi-de-noel-au-college\/\" \/>\n<meta property=\"og:locale\" content=\"fr_FR\" \/>\n<meta property=\"og:type\" content=\"article\" \/>\n<meta property=\"og:title\" content=\"Apr\u00e8s-midi de No\u00ebl au coll\u00e8ge - Coll\u00e8ge Saint Jean Baptiste de La Salle\" \/>\n<meta property=\"og:description\" content=\"Environ 450 \u00e9l\u00e8ves \u00e9taient r\u00e9unis vendredi 20 d\u00e9cembre pour la c\u00e9l\u00e9bration de No\u00ebl au gymnase, la chapelle \u00e9tant trop petite pour les accueillir. Merci aux musiciens, chanteurs, lecteurs, com\u00e9diens, techniciens qui ont contribu\u00e9 \u00e0 nous faire entrer dans la joie de la naissance de J\u00e9sus et comprendre que le plus beau est \u00e0 vivre maintenant. [&hellip;]\" \/>\n<meta property=\"og:url\" content=\"https:\/\/www.stjb-delasalle.fr\/site\/2019\/12\/22\/apres-midi-de-noel-au-college\/\" \/>\n<meta property=\"og:site_name\" content=\"Coll\u00e8ge Saint Jean Baptiste de La Salle\" \/>\n<meta property=\"article:published_time\" content=\"2019-12-22T09:44:54+00:00\" \/>\n<meta name=\"author\" content=\"r.zucchetti\" \/>\n<meta name=\"twitter:card\" content=\"summary_large_image\" \/>\n<meta name=\"twitter:label1\" content=\"\u00c9crit par\" \/>\n\t<meta name=\"twitter:data1\" content=\"r.zucchetti\" \/>\n\t<meta name=\"twitter:label2\" content=\"Dur\u00e9e de lecture estim\u00e9e\" \/>\n\t<meta name=\"twitter:data2\" content=\"1 minute\" \/>\n<script type=\"application\/ld+json\" class=\"yoast-schema-graph\">{\"@context\":\"https:\\\/\\\/schema.org\",\"@graph\":[{\"@type\":\"Article\",\"@id\":\"https:\\\/\\\/www.stjb-delasalle.fr\\\/site\\\/2019\\\/12\\\/22\\\/apres-midi-de-noel-au-college\\\/#article\",\"isPartOf\":{\"@id\":\"https:\\\/\\\/www.stjb-delasalle.fr\\\/site\\\/2019\\\/12\\\/22\\\/apres-midi-de-noel-au-college\\\/\"},\"author\":{\"name\":\"r.zucchetti\",\"@id\":\"https:\\\/\\\/www.stjb-delasalle.fr\\\/site\\\/#\\\/schema\\\/person\\\/36988a7b4178dd69b805a25eea2b8f8f\"},\"headline\":\"Apr\u00e8s-midi de No\u00ebl au coll\u00e8ge\",\"datePublished\":\"2019-12-22T09:44:54+00:00\",\"mainEntityOfPage\":{\"@id\":\"https:\\\/\\\/www.stjb-delasalle.fr\\\/site\\\/2019\\\/12\\\/22\\\/apres-midi-de-noel-au-college\\\/\"},\"wordCount\":117,\"publisher\":{\"@id\":\"https:\\\/\\\/www.stjb-delasalle.fr\\\/site\\\/#organization\"},\"image\":{\"@id\":\"https:\\\/\\\/www.stjb-delasalle.fr\\\/site\\\/2019\\\/12\\\/22\\\/apres-midi-de-noel-au-college\\\/#primaryimage\"},\"thumbnailUrl\":\"\",\"articleSection\":[\"Coll\u00e8ge\"],\"inLanguage\":\"fr-FR\"},{\"@type\":\"WebPage\",\"@id\":\"https:\\\/\\\/www.stjb-delasalle.fr\\\/site\\\/2019\\\/12\\\/22\\\/apres-midi-de-noel-au-college\\\/\",\"url\":\"https:\\\/\\\/www.stjb-delasalle.fr\\\/site\\\/2019\\\/12\\\/22\\\/apres-midi-de-noel-au-college\\\/\",\"name\":\"Apr\u00e8s-midi de No\u00ebl au coll\u00e8ge - Coll\u00e8ge Saint Jean Baptiste de La Salle\",\"isPartOf\":{\"@id\":\"https:\\\/\\\/www.stjb-delasalle.fr\\\/site\\\/#website\"},\"primaryImageOfPage\":{\"@id\":\"https:\\\/\\\/www.stjb-delasalle.fr\\\/site\\\/2019\\\/12\\\/22\\\/apres-midi-de-noel-au-college\\\/#primaryimage\"},\"image\":{\"@id\":\"https:\\\/\\\/www.stjb-delasalle.fr\\\/site\\\/2019\\\/12\\\/22\\\/apres-midi-de-noel-au-college\\\/#primaryimage\"},\"thumbnailUrl\":\"\",\"datePublished\":\"2019-12-22T09:44:54+00:00\",\"breadcrumb\":{\"@id\":\"https:\\\/\\\/www.stjb-delasalle.fr\\\/site\\\/2019\\\/12\\\/22\\\/apres-midi-de-noel-au-college\\\/#breadcrumb\"},\"inLanguage\":\"fr-FR\",\"potentialAction\":[{\"@type\":\"ReadAction\",\"target\":[\"https:\\\/\\\/www.stjb-delasalle.fr\\\/site\\\/2019\\\/12\\\/22\\\/apres-midi-de-noel-au-college\\\/\"]}]},{\"@type\":\"ImageObject\",\"inLanguage\":\"fr-FR\",\"@id\":\"https:\\\/\\\/www.stjb-delasalle.fr\\\/site\\\/2019\\\/12\\\/22\\\/apres-midi-de-noel-au-college\\\/#primaryimage\",\"url\":\"\",\"contentUrl\":\"\"},{\"@type\":\"BreadcrumbList\",\"@id\":\"https:\\\/\\\/www.stjb-delasalle.fr\\\/site\\\/2019\\\/12\\\/22\\\/apres-midi-de-noel-au-college\\\/#breadcrumb\",\"itemListElement\":[{\"@type\":\"ListItem\",\"position\":1,\"name\":\"Accueil\",\"item\":\"https:\\\/\\\/www.stjb-delasalle.fr\\\/site\\\/\"},{\"@type\":\"ListItem\",\"position\":2,\"name\":\"Apr\u00e8s-midi de No\u00ebl au coll\u00e8ge\"}]},{\"@type\":\"WebSite\",\"@id\":\"https:\\\/\\\/www.stjb-delasalle.fr\\\/site\\\/#website\",\"url\":\"https:\\\/\\\/www.stjb-delasalle.fr\\\/site\\\/\",\"name\":\"Coll\u00e8ge Saint Jean Baptiste de La Salle\",\"description\":\"Notre coll\u00e8ge vous accueille sur le site du Rancher \u00e0 Teloch\u00e9\",\"publisher\":{\"@id\":\"https:\\\/\\\/www.stjb-delasalle.fr\\\/site\\\/#organization\"},\"potentialAction\":[{\"@type\":\"SearchAction\",\"target\":{\"@type\":\"EntryPoint\",\"urlTemplate\":\"https:\\\/\\\/www.stjb-delasalle.fr\\\/site\\\/?s={search_term_string}\"},\"query-input\":{\"@type\":\"PropertyValueSpecification\",\"valueRequired\":true,\"valueName\":\"search_term_string\"}}],\"inLanguage\":\"fr-FR\"},{\"@type\":\"Organization\",\"@id\":\"https:\\\/\\\/www.stjb-delasalle.fr\\\/site\\\/#organization\",\"name\":\"Coll\u00e8ge Saint Jean Baptiste de La Salle\",\"url\":\"https:\\\/\\\/www.stjb-delasalle.fr\\\/site\\\/\",\"logo\":{\"@type\":\"ImageObject\",\"inLanguage\":\"fr-FR\",\"@id\":\"https:\\\/\\\/www.stjb-delasalle.fr\\\/site\\\/#\\\/schema\\\/logo\\\/image\\\/\",\"url\":\"https:\\\/\\\/www.stjb-delasalle.fr\\\/site\\\/wp-content\\\/uploads\\\/2021\\\/11\\\/logostjb_petit_transp.png\",\"contentUrl\":\"https:\\\/\\\/www.stjb-delasalle.fr\\\/site\\\/wp-content\\\/uploads\\\/2021\\\/11\\\/logostjb_petit_transp.png\",\"width\":180,\"height\":127,\"caption\":\"Coll\u00e8ge Saint Jean Baptiste de La Salle\"},\"image\":{\"@id\":\"https:\\\/\\\/www.stjb-delasalle.fr\\\/site\\\/#\\\/schema\\\/logo\\\/image\\\/\"}},{\"@type\":\"Person\",\"@id\":\"https:\\\/\\\/www.stjb-delasalle.fr\\\/site\\\/#\\\/schema\\\/person\\\/36988a7b4178dd69b805a25eea2b8f8f\",\"name\":\"r.zucchetti\",\"image\":{\"@type\":\"ImageObject\",\"inLanguage\":\"fr-FR\",\"@id\":\"https:\\\/\\\/secure.gravatar.com\\\/avatar\\\/de909cd474d221f967baff6582e1e559c4977b81139138190583ff7dda97b212?s=96&d=mm&r=g\",\"url\":\"https:\\\/\\\/secure.gravatar.com\\\/avatar\\\/de909cd474d221f967baff6582e1e559c4977b81139138190583ff7dda97b212?s=96&d=mm&r=g\",\"contentUrl\":\"https:\\\/\\\/secure.gravatar.com\\\/avatar\\\/de909cd474d221f967baff6582e1e559c4977b81139138190583ff7dda97b212?s=96&d=mm&r=g\",\"caption\":\"r.zucchetti\"},\"sameAs\":[\"https:\\\/\\\/www.stjb-delasalle.fr\\\/site\"],\"url\":\"https:\\\/\\\/www.stjb-delasalle.fr\\\/site\\\/author\\\/r-zucchetti\\\/\"}]}<\/script>\n<!-- \/ Yoast SEO plugin. -->","yoast_head_json":{"title":"Apr\u00e8s-midi de No\u00ebl au coll\u00e8ge - Coll\u00e8ge Saint Jean Baptiste de La Salle","robots":{"index":"index","follow":"follow","max-snippet":"max-snippet:-1","max-image-preview":"max-image-preview:large","max-video-preview":"max-video-preview:-1"},"canonical":"https:\/\/www.stjb-delasalle.fr\/site\/2019\/12\/22\/apres-midi-de-noel-au-college\/","og_locale":"fr_FR","og_type":"article","og_title":"Apr\u00e8s-midi de No\u00ebl au coll\u00e8ge - Coll\u00e8ge Saint Jean Baptiste de La Salle","og_description":"Environ 450 \u00e9l\u00e8ves \u00e9taient r\u00e9unis vendredi 20 d\u00e9cembre pour la c\u00e9l\u00e9bration de No\u00ebl au gymnase, la chapelle \u00e9tant trop petite pour les accueillir. Merci aux musiciens, chanteurs, lecteurs, com\u00e9diens, techniciens qui ont contribu\u00e9 \u00e0 nous faire entrer dans la joie de la naissance de J\u00e9sus et comprendre que le plus beau est \u00e0 vivre maintenant. [&hellip;]","og_url":"https:\/\/www.stjb-delasalle.fr\/site\/2019\/12\/22\/apres-midi-de-noel-au-college\/","og_site_name":"Coll\u00e8ge Saint Jean Baptiste de La Salle","article_published_time":"2019-12-22T09:44:54+00:00","author":"r.zucchetti","twitter_card":"summary_large_image","twitter_misc":{"\u00c9crit par":"r.zucchetti","Dur\u00e9e de lecture estim\u00e9e":"1 minute"},"schema":{"@context":"https:\/\/schema.org","@graph":[{"@type":"Article","@id":"https:\/\/www.stjb-delasalle.fr\/site\/2019\/12\/22\/apres-midi-de-noel-au-college\/#article","isPartOf":{"@id":"https:\/\/www.stjb-delasalle.fr\/site\/2019\/12\/22\/apres-midi-de-noel-au-college\/"},"author":{"name":"r.zucchetti","@id":"https:\/\/www.stjb-delasalle.fr\/site\/#\/schema\/person\/36988a7b4178dd69b805a25eea2b8f8f"},"headline":"Apr\u00e8s-midi de No\u00ebl au coll\u00e8ge","datePublished":"2019-12-22T09:44:54+00:00","mainEntityOfPage":{"@id":"https:\/\/www.stjb-delasalle.fr\/site\/2019\/12\/22\/apres-midi-de-noel-au-college\/"},"wordCount":117,"publisher":{"@id":"https:\/\/www.stjb-delasalle.fr\/site\/#organization"},"image":{"@id":"https:\/\/www.stjb-delasalle.fr\/site\/2019\/12\/22\/apres-midi-de-noel-au-college\/#primaryimage"},"thumbnailUrl":"","articleSection":["Coll\u00e8ge"],"inLanguage":"fr-FR"},{"@type":"WebPage","@id":"https:\/\/www.stjb-delasalle.fr\/site\/2019\/12\/22\/apres-midi-de-noel-au-college\/","url":"https:\/\/www.stjb-delasalle.fr\/site\/2019\/12\/22\/apres-midi-de-noel-au-college\/","name":"Apr\u00e8s-midi de No\u00ebl au coll\u00e8ge - Coll\u00e8ge Saint Jean Baptiste de La Salle","isPartOf":{"@id":"https:\/\/www.stjb-delasalle.fr\/site\/#website"},"primaryImageOfPage":{"@id":"https:\/\/www.stjb-delasalle.fr\/site\/2019\/12\/22\/apres-midi-de-noel-au-college\/#primaryimage"},"image":{"@id":"https:\/\/www.stjb-delasalle.fr\/site\/2019\/12\/22\/apres-midi-de-noel-au-college\/#primaryimage"},"thumbnailUrl":"","datePublished":"2019-12-22T09:44:54+00:00","breadcrumb":{"@id":"https:\/\/www.stjb-delasalle.fr\/site\/2019\/12\/22\/apres-midi-de-noel-au-college\/#breadcrumb"},"inLanguage":"fr-FR","potentialAction":[{"@type":"ReadAction","target":["https:\/\/www.stjb-delasalle.fr\/site\/2019\/12\/22\/apres-midi-de-noel-au-college\/"]}]},{"@type":"ImageObject","inLanguage":"fr-FR","@id":"https:\/\/www.stjb-delasalle.fr\/site\/2019\/12\/22\/apres-midi-de-noel-au-college\/#primaryimage","url":"","contentUrl":""},{"@type":"BreadcrumbList","@id":"https:\/\/www.stjb-delasalle.fr\/site\/2019\/12\/22\/apres-midi-de-noel-au-college\/#breadcrumb","itemListElement":[{"@type":"ListItem","position":1,"name":"Accueil","item":"https:\/\/www.stjb-delasalle.fr\/site\/"},{"@type":"ListItem","position":2,"name":"Apr\u00e8s-midi de No\u00ebl au coll\u00e8ge"}]},{"@type":"WebSite","@id":"https:\/\/www.stjb-delasalle.fr\/site\/#website","url":"https:\/\/www.stjb-delasalle.fr\/site\/","name":"Coll\u00e8ge Saint Jean Baptiste de La Salle","description":"Notre coll\u00e8ge vous accueille sur le site du Rancher \u00e0 Teloch\u00e9","publisher":{"@id":"https:\/\/www.stjb-delasalle.fr\/site\/#organization"},"potentialAction":[{"@type":"SearchAction","target":{"@type":"EntryPoint","urlTemplate":"https:\/\/www.stjb-delasalle.fr\/site\/?s={search_term_string}"},"query-input":{"@type":"PropertyValueSpecification","valueRequired":true,"valueName":"search_term_string"}}],"inLanguage":"fr-FR"},{"@type":"Organization","@id":"https:\/\/www.stjb-delasalle.fr\/site\/#organization","name":"Coll\u00e8ge Saint Jean Baptiste de La Salle","url":"https:\/\/www.stjb-delasalle.fr\/site\/","logo":{"@type":"ImageObject","inLanguage":"fr-FR","@id":"https:\/\/www.stjb-delasalle.fr\/site\/#\/schema\/logo\/image\/","url":"https:\/\/www.stjb-delasalle.fr\/site\/wp-content\/uploads\/2021\/11\/logostjb_petit_transp.png","contentUrl":"https:\/\/www.stjb-delasalle.fr\/site\/wp-content\/uploads\/2021\/11\/logostjb_petit_transp.png","width":180,"height":127,"caption":"Coll\u00e8ge Saint Jean Baptiste de La Salle"},"image":{"@id":"https:\/\/www.stjb-delasalle.fr\/site\/#\/schema\/logo\/image\/"}},{"@type":"Person","@id":"https:\/\/www.stjb-delasalle.fr\/site\/#\/schema\/person\/36988a7b4178dd69b805a25eea2b8f8f","name":"r.zucchetti","image":{"@type":"ImageObject","inLanguage":"fr-FR","@id":"https:\/\/secure.gravatar.com\/avatar\/de909cd474d221f967baff6582e1e559c4977b81139138190583ff7dda97b212?s=96&d=mm&r=g","url":"https:\/\/secure.gravatar.com\/avatar\/de909cd474d221f967baff6582e1e559c4977b81139138190583ff7dda97b212?s=96&d=mm&r=g","contentUrl":"https:\/\/secure.gravatar.com\/avatar\/de909cd474d221f967baff6582e1e559c4977b81139138190583ff7dda97b212?s=96&d=mm&r=g","caption":"r.zucchetti"},"sameAs":["https:\/\/www.stjb-delasalle.fr\/site"],"url":"https:\/\/www.stjb-delasalle.fr\/site\/author\/r-zucchetti\/"}]}},"_links":{"self":[{"href":"https:\/\/www.stjb-delasalle.fr\/site\/wp-json\/wp\/v2\/posts\/4740","targetHints":{"allow":["GET"]}}],"collection":[{"href":"https:\/\/www.stjb-delasalle.fr\/site\/wp-json\/wp\/v2\/posts"}],"about":[{"href":"https:\/\/www.stjb-delasalle.fr\/site\/wp-json\/wp\/v2\/types\/post"}],"author":[{"embeddable":true,"href":"https:\/\/www.stjb-delasalle.fr\/site\/wp-json\/wp\/v2\/users\/1"}],"replies":[{"embeddable":true,"href":"https:\/\/www.stjb-delasalle.fr\/site\/wp-json\/wp\/v2\/comments?post=4740"}],"version-history":[{"count":0,"href":"https:\/\/www.stjb-delasalle.fr\/site\/wp-json\/wp\/v2\/posts\/4740\/revisions"}],"wp:featuredmedia":[{"embeddable":true,"href":"https:\/\/www.stjb-delasalle.fr\/site\/wp-json\/"}],"wp:attachment":[{"href":"https:\/\/www.stjb-delasalle.fr\/site\/wp-json\/wp\/v2\/media?parent=4740"}],"wp:term":[{"taxonomy":"category","embeddable":true,"href":"https:\/\/www.stjb-delasalle.fr\/site\/wp-json\/wp\/v2\/categories?post=4740"},{"taxonomy":"post_tag","embeddable":true,"href":"https:\/\/www.stjb-delasalle.fr\/site\/wp-json\/wp\/v2\/tags?post=4740"}],"curies":[{"name":"wp","href":"https:\/\/api.w.org\/{rel}","templated":true}]}}