{"id":4670,"date":"2019-12-09T08:52:19","date_gmt":"2019-12-09T07:52:19","guid":{"rendered":"https:\/\/www.stjb-delasalle.fr\/?p=4670"},"modified":"2021-12-07T10:44:46","modified_gmt":"2021-12-07T10:44:46","slug":"installation-de-la-premiere-expo","status":"publish","type":"post","link":"https:\/\/www.stjb-delasalle.fr\/site\/2019\/12\/09\/installation-de-la-premiere-expo\/","title":{"rendered":"Installation Expo n\u00b01"},"content":{"rendered":"<p>Retour en images sur la mise en place de l&rsquo;exposition de C\u00e9cile Degouy, <em>\u00ab\u00a0Les paysages, je les r\u00eave\u00a0\u00bb<\/em>, vendredi 6 d\u00e9cembre, avec l&rsquo;aide de M.Rullier et des \u00e9l\u00e8ves de 3C : Eug\u00e9nie, Salom\u00e9, Eva, Clo\u00e9, Emma, Aimy, Zo\u00e9, Laura, Yoan et Florian. Merci \u00e0 eux&#8230;Au programme d&rsquo;une journ\u00e9e charg\u00e9e : d\u00e9chargement des oeuvres, d\u00e9ballage, d\u00e9couverte des dessins, peintures et collages, discussion avec l&rsquo;artiste, prise de photos, r\u00e9daction de textes et cartels, r\u00e9alisation du livret de l&rsquo;exposition (bravo \u00e0 Clo\u00e9 et Emma), r\u00e9flexion autour de l&rsquo;accrochage. Puis, en fin de journ\u00e9e : visite de l&rsquo;exposition de la classe de 3B et questions-r\u00e9ponses avec l&rsquo;artiste C\u00e9cile Degouy.<\/p>\n<p><img fetchpriority=\"high\" decoding=\"async\" class=\"alignnone size-large wp-image-4671\" src=\"https:\/\/www.stjb-delasalle.fr\/wp-content\/uploads\/2019\/12\/IMG_8398-1024x768.jpg\" alt=\"\" width=\"1024\" height=\"768\" \/> <img decoding=\"async\" class=\"alignnone size-large wp-image-4672\" src=\"https:\/\/www.stjb-delasalle.fr\/wp-content\/uploads\/2019\/12\/IMG_8399-e1575877811408-768x1024.jpg\" alt=\"\" width=\"768\" height=\"1024\" \/> <img decoding=\"async\" class=\"alignnone size-large wp-image-4673\" src=\"https:\/\/www.stjb-delasalle.fr\/wp-content\/uploads\/2019\/12\/IMG_8400-1024x768.jpg\" alt=\"\" width=\"1024\" height=\"768\" \/> <img loading=\"lazy\" decoding=\"async\" class=\"alignnone size-large wp-image-4674\" src=\"https:\/\/www.stjb-delasalle.fr\/wp-content\/uploads\/2019\/12\/IMG_8403-1024x768.jpg\" alt=\"\" width=\"1024\" height=\"768\" \/> <img loading=\"lazy\" decoding=\"async\" class=\"alignnone size-large wp-image-4675\" src=\"https:\/\/www.stjb-delasalle.fr\/wp-content\/uploads\/2019\/12\/IMG_8404-1024x1024.jpg\" alt=\"\" width=\"1024\" height=\"1024\" \/> <img loading=\"lazy\" decoding=\"async\" class=\"alignnone size-large wp-image-4676\" src=\"https:\/\/www.stjb-delasalle.fr\/wp-content\/uploads\/2019\/12\/IMG_8409-1024x768.jpg\" alt=\"\" width=\"1024\" height=\"768\" \/> <img loading=\"lazy\" decoding=\"async\" class=\"alignnone size-large wp-image-4677\" src=\"https:\/\/www.stjb-delasalle.fr\/wp-content\/uploads\/2019\/12\/IMG_8410-1024x768.jpg\" alt=\"\" width=\"1024\" height=\"768\" \/><\/p>\n<figure id=\"attachment_4678\" aria-describedby=\"caption-attachment-4678\" style=\"width: 1024px\" class=\"wp-caption alignnone\"><img loading=\"lazy\" decoding=\"async\" class=\"size-large wp-image-4678\" src=\"https:\/\/www.stjb-delasalle.fr\/wp-content\/uploads\/2019\/12\/photos-\u00e9l\u00e8ves-1-1024x768.jpg\" alt=\"\" width=\"1024\" height=\"768\" \/><figcaption id=\"caption-attachment-4678\" class=\"wp-caption-text\">OLYMPUS DIGITAL CAMERA<\/figcaption><\/figure>\n<p><img loading=\"lazy\" decoding=\"async\" class=\"alignnone size-large wp-image-4679\" src=\"https:\/\/www.stjb-delasalle.fr\/wp-content\/uploads\/2019\/12\/photos-\u00e9l\u00e8ves-3-e1575877839747-768x1024.jpg\" alt=\"\" width=\"768\" height=\"1024\" \/> <img loading=\"lazy\" decoding=\"async\" class=\"alignnone size-large wp-image-4680\" src=\"https:\/\/www.stjb-delasalle.fr\/wp-content\/uploads\/2019\/12\/photos-\u00e9l\u00e8ves-4-1024x768.jpg\" alt=\"\" width=\"1024\" height=\"768\" \/> <img loading=\"lazy\" decoding=\"async\" class=\"alignnone size-large wp-image-4681\" src=\"https:\/\/www.stjb-delasalle.fr\/wp-content\/uploads\/2019\/12\/photos-\u00e9l\u00e8ves-5-1024x768.jpg\" alt=\"\" width=\"1024\" height=\"768\" \/> <img loading=\"lazy\" decoding=\"async\" class=\"alignnone size-large wp-image-4682\" src=\"https:\/\/www.stjb-delasalle.fr\/wp-content\/uploads\/2019\/12\/photos-\u00e9l\u00e8ves-6-1024x768.jpg\" alt=\"\" width=\"1024\" height=\"768\" \/> <img loading=\"lazy\" decoding=\"async\" class=\"alignnone size-large wp-image-4683\" src=\"https:\/\/www.stjb-delasalle.fr\/wp-content\/uploads\/2019\/12\/photos-\u00e9l\u00e8ves-8-1024x768.jpg\" alt=\"\" width=\"1024\" height=\"768\" \/> <img loading=\"lazy\" decoding=\"async\" class=\"alignnone size-large wp-image-4684\" src=\"https:\/\/www.stjb-delasalle.fr\/wp-content\/uploads\/2019\/12\/photos-\u00e9l\u00e8ves-9-1024x768.jpg\" alt=\"\" width=\"1024\" height=\"768\" \/> <img loading=\"lazy\" decoding=\"async\" class=\"alignnone size-large wp-image-4686\" src=\"https:\/\/www.stjb-delasalle.fr\/wp-content\/uploads\/2019\/12\/photos-\u00e9l\u00e8ves-12-1024x768.jpg\" alt=\"\" width=\"1024\" height=\"768\" \/> <img loading=\"lazy\" decoding=\"async\" class=\"alignnone size-large wp-image-4687\" src=\"https:\/\/www.stjb-delasalle.fr\/wp-content\/uploads\/2019\/12\/photos-\u00e9l\u00e8ves-13-1024x768.jpg\" alt=\"\" width=\"1024\" height=\"768\" \/><\/p>\n<figure id=\"attachment_4688\" aria-describedby=\"caption-attachment-4688\" style=\"width: 1024px\" class=\"wp-caption alignnone\"><img loading=\"lazy\" decoding=\"async\" class=\"size-large wp-image-4688\" src=\"https:\/\/www.stjb-delasalle.fr\/wp-content\/uploads\/2019\/12\/photos-\u00e9l\u00e8ves-15-1024x768.jpg\" alt=\"\" width=\"1024\" height=\"768\" \/><figcaption id=\"caption-attachment-4688\" class=\"wp-caption-text\">OLYMPUS DIGITAL CAMERA<\/figcaption><\/figure>\n<figure id=\"attachment_4689\" aria-describedby=\"caption-attachment-4689\" style=\"width: 1024px\" class=\"wp-caption alignnone\"><img loading=\"lazy\" decoding=\"async\" class=\"size-large wp-image-4689\" src=\"https:\/\/www.stjb-delasalle.fr\/wp-content\/uploads\/2019\/12\/photos-\u00e9l\u00e8ves-18-1024x768.jpg\" alt=\"\" width=\"1024\" height=\"768\" \/><figcaption id=\"caption-attachment-4689\" class=\"wp-caption-text\">OLYMPUS DIGITAL CAMERA<\/figcaption><\/figure>\n<figure id=\"attachment_4690\" aria-describedby=\"caption-attachment-4690\" style=\"width: 768px\" class=\"wp-caption alignnone\"><img loading=\"lazy\" decoding=\"async\" class=\"size-large wp-image-4690\" src=\"https:\/\/www.stjb-delasalle.fr\/wp-content\/uploads\/2019\/12\/photos-\u00e9l\u00e8ves-19-e1575877869905-768x1024.jpg\" alt=\"\" width=\"768\" height=\"1024\" \/><figcaption id=\"caption-attachment-4690\" class=\"wp-caption-text\">OLYMPUS DIGITAL CAMERA<\/figcaption><\/figure>\n","protected":false},"excerpt":{"rendered":"<p>Retour en images sur la mise en place de l&rsquo;exposition de C\u00e9cile Degouy, \u00ab\u00a0Les paysages, je les r\u00eave\u00a0\u00bb, vendredi 6 d\u00e9cembre, avec l&rsquo;aide de M.Rullier et des \u00e9l\u00e8ves de 3C : Eug\u00e9nie, Salom\u00e9, Eva, Clo\u00e9, Emma, Aimy, Zo\u00e9, Laura, Yoan et Florian. Merci \u00e0 eux&#8230;Au programme d&rsquo;une journ\u00e9e charg\u00e9e : d\u00e9chargement des oeuvres, d\u00e9ballage, d\u00e9couverte [&hellip;]<\/p>\n","protected":false},"author":1,"featured_media":9512,"comment_status":"closed","ping_status":"closed","sticky":false,"template":"","format":"standard","meta":{"site-sidebar-layout":"default","site-content-layout":"default","ast-site-content-layout":"default","site-content-style":"default","site-sidebar-style":"default","ast-global-header-display":"","ast-banner-title-visibility":"","ast-main-header-display":"","ast-hfb-above-header-display":"","ast-hfb-below-header-display":"","ast-hfb-mobile-header-display":"","site-post-title":"","ast-breadcrumbs-content":"","ast-featured-img":"","footer-sml-layout":"","ast-disable-related-posts":"","theme-transparent-header-meta":"default","adv-header-id-meta":"","stick-header-meta":"","header-above-stick-meta":"","header-main-stick-meta":"","header-below-stick-meta":"","astra-migrate-meta-layouts":"default","ast-page-background-enabled":"default","ast-page-background-meta":{"desktop":{"background-color":"var(--ast-global-color-4)","background-image":"","background-repeat":"repeat","background-position":"center center","background-size":"auto","background-attachment":"scroll","background-type":"","background-media":"","overlay-type":"","overlay-color":"","overlay-opacity":"","overlay-gradient":""},"tablet":{"background-color":"","background-image":"","background-repeat":"repeat","background-position":"center center","background-size":"auto","background-attachment":"scroll","background-type":"","background-media":"","overlay-type":"","overlay-color":"","overlay-opacity":"","overlay-gradient":""},"mobile":{"background-color":"","background-image":"","background-repeat":"repeat","background-position":"center center","background-size":"auto","background-attachment":"scroll","background-type":"","background-media":"","overlay-type":"","overlay-color":"","overlay-opacity":"","overlay-gradient":""}},"ast-content-background-meta":{"desktop":{"background-color":"var(--ast-global-color-5)","background-image":"","background-repeat":"repeat","background-position":"center center","background-size":"auto","background-attachment":"scroll","background-type":"","background-media":"","overlay-type":"","overlay-color":"","overlay-opacity":"","overlay-gradient":""},"tablet":{"background-color":"var(--ast-global-color-5)","background-image":"","background-repeat":"repeat","background-position":"center center","background-size":"auto","background-attachment":"scroll","background-type":"","background-media":"","overlay-type":"","overlay-color":"","overlay-opacity":"","overlay-gradient":""},"mobile":{"background-color":"var(--ast-global-color-5)","background-image":"","background-repeat":"repeat","background-position":"center center","background-size":"auto","background-attachment":"scroll","background-type":"","background-media":"","overlay-type":"","overlay-color":"","overlay-opacity":"","overlay-gradient":""}},"footnotes":""},"categories":[6,25],"tags":[],"class_list":["post-4670","post","type-post","status-publish","format-standard","has-post-thumbnail","hentry","category-college","category-galerie1920"],"yoast_head":"<!-- This site is optimized with the Yoast SEO plugin v27.5 - https:\/\/yoast.com\/product\/yoast-seo-wordpress\/ -->\n<title>Installation Expo n\u00b01 - Coll\u00e8ge Saint Jean Baptiste de La Salle<\/title>\n<meta name=\"robots\" content=\"index, follow, max-snippet:-1, max-image-preview:large, max-video-preview:-1\" \/>\n<link rel=\"canonical\" href=\"https:\/\/www.stjb-delasalle.fr\/site\/2019\/12\/09\/installation-de-la-premiere-expo\/\" \/>\n<meta property=\"og:locale\" content=\"fr_FR\" \/>\n<meta property=\"og:type\" content=\"article\" \/>\n<meta property=\"og:title\" content=\"Installation Expo n\u00b01 - Coll\u00e8ge Saint Jean Baptiste de La Salle\" \/>\n<meta property=\"og:description\" content=\"Retour en images sur la mise en place de l&rsquo;exposition de C\u00e9cile Degouy, \u00ab\u00a0Les paysages, je les r\u00eave\u00a0\u00bb, vendredi 6 d\u00e9cembre, avec l&rsquo;aide de M.Rullier et des \u00e9l\u00e8ves de 3C : Eug\u00e9nie, Salom\u00e9, Eva, Clo\u00e9, Emma, Aimy, Zo\u00e9, Laura, Yoan et Florian. Merci \u00e0 eux&#8230;Au programme d&rsquo;une journ\u00e9e charg\u00e9e : d\u00e9chargement des oeuvres, d\u00e9ballage, d\u00e9couverte [&hellip;]\" \/>\n<meta property=\"og:url\" content=\"https:\/\/www.stjb-delasalle.fr\/site\/2019\/12\/09\/installation-de-la-premiere-expo\/\" \/>\n<meta property=\"og:site_name\" content=\"Coll\u00e8ge Saint Jean Baptiste de La Salle\" \/>\n<meta property=\"article:published_time\" content=\"2019-12-09T07:52:19+00:00\" \/>\n<meta property=\"article:modified_time\" content=\"2021-12-07T10:44:46+00:00\" \/>\n<meta property=\"og:image\" content=\"https:\/\/www.stjb-delasalle.fr\/site\/wp-content\/uploads\/2020\/06\/photos-eleves-11-e1575877849403-768x1024-1.jpg\" \/>\n\t<meta property=\"og:image:width\" content=\"768\" \/>\n\t<meta property=\"og:image:height\" content=\"1024\" \/>\n\t<meta property=\"og:image:type\" content=\"image\/jpeg\" \/>\n<meta name=\"author\" content=\"r.zucchetti\" \/>\n<meta name=\"twitter:card\" content=\"summary_large_image\" \/>\n<meta name=\"twitter:label1\" content=\"\u00c9crit par\" \/>\n\t<meta name=\"twitter:data1\" content=\"r.zucchetti\" \/>\n\t<meta name=\"twitter:label2\" content=\"Dur\u00e9e de lecture estim\u00e9e\" \/>\n\t<meta name=\"twitter:data2\" content=\"1 minute\" \/>\n<script type=\"application\/ld+json\" class=\"yoast-schema-graph\">{\"@context\":\"https:\\\/\\\/schema.org\",\"@graph\":[{\"@type\":\"Article\",\"@id\":\"https:\\\/\\\/www.stjb-delasalle.fr\\\/site\\\/2019\\\/12\\\/09\\\/installation-de-la-premiere-expo\\\/#article\",\"isPartOf\":{\"@id\":\"https:\\\/\\\/www.stjb-delasalle.fr\\\/site\\\/2019\\\/12\\\/09\\\/installation-de-la-premiere-expo\\\/\"},\"author\":{\"name\":\"r.zucchetti\",\"@id\":\"https:\\\/\\\/www.stjb-delasalle.fr\\\/site\\\/#\\\/schema\\\/person\\\/36988a7b4178dd69b805a25eea2b8f8f\"},\"headline\":\"Installation Expo n\u00b01\",\"datePublished\":\"2019-12-09T07:52:19+00:00\",\"dateModified\":\"2021-12-07T10:44:46+00:00\",\"mainEntityOfPage\":{\"@id\":\"https:\\\/\\\/www.stjb-delasalle.fr\\\/site\\\/2019\\\/12\\\/09\\\/installation-de-la-premiere-expo\\\/\"},\"wordCount\":160,\"publisher\":{\"@id\":\"https:\\\/\\\/www.stjb-delasalle.fr\\\/site\\\/#organization\"},\"image\":{\"@id\":\"https:\\\/\\\/www.stjb-delasalle.fr\\\/site\\\/2019\\\/12\\\/09\\\/installation-de-la-premiere-expo\\\/#primaryimage\"},\"thumbnailUrl\":\"https:\\\/\\\/www.stjb-delasalle.fr\\\/site\\\/wp-content\\\/uploads\\\/2020\\\/06\\\/photos-eleves-11-e1575877849403-768x1024-1.jpg\",\"articleSection\":[\"Coll\u00e8ge\",\"Galerie 2019-2020\"],\"inLanguage\":\"fr-FR\"},{\"@type\":\"WebPage\",\"@id\":\"https:\\\/\\\/www.stjb-delasalle.fr\\\/site\\\/2019\\\/12\\\/09\\\/installation-de-la-premiere-expo\\\/\",\"url\":\"https:\\\/\\\/www.stjb-delasalle.fr\\\/site\\\/2019\\\/12\\\/09\\\/installation-de-la-premiere-expo\\\/\",\"name\":\"Installation Expo n\u00b01 - Coll\u00e8ge Saint Jean Baptiste de La Salle\",\"isPartOf\":{\"@id\":\"https:\\\/\\\/www.stjb-delasalle.fr\\\/site\\\/#website\"},\"primaryImageOfPage\":{\"@id\":\"https:\\\/\\\/www.stjb-delasalle.fr\\\/site\\\/2019\\\/12\\\/09\\\/installation-de-la-premiere-expo\\\/#primaryimage\"},\"image\":{\"@id\":\"https:\\\/\\\/www.stjb-delasalle.fr\\\/site\\\/2019\\\/12\\\/09\\\/installation-de-la-premiere-expo\\\/#primaryimage\"},\"thumbnailUrl\":\"https:\\\/\\\/www.stjb-delasalle.fr\\\/site\\\/wp-content\\\/uploads\\\/2020\\\/06\\\/photos-eleves-11-e1575877849403-768x1024-1.jpg\",\"datePublished\":\"2019-12-09T07:52:19+00:00\",\"dateModified\":\"2021-12-07T10:44:46+00:00\",\"breadcrumb\":{\"@id\":\"https:\\\/\\\/www.stjb-delasalle.fr\\\/site\\\/2019\\\/12\\\/09\\\/installation-de-la-premiere-expo\\\/#breadcrumb\"},\"inLanguage\":\"fr-FR\",\"potentialAction\":[{\"@type\":\"ReadAction\",\"target\":[\"https:\\\/\\\/www.stjb-delasalle.fr\\\/site\\\/2019\\\/12\\\/09\\\/installation-de-la-premiere-expo\\\/\"]}]},{\"@type\":\"ImageObject\",\"inLanguage\":\"fr-FR\",\"@id\":\"https:\\\/\\\/www.stjb-delasalle.fr\\\/site\\\/2019\\\/12\\\/09\\\/installation-de-la-premiere-expo\\\/#primaryimage\",\"url\":\"https:\\\/\\\/www.stjb-delasalle.fr\\\/site\\\/wp-content\\\/uploads\\\/2020\\\/06\\\/photos-eleves-11-e1575877849403-768x1024-1.jpg\",\"contentUrl\":\"https:\\\/\\\/www.stjb-delasalle.fr\\\/site\\\/wp-content\\\/uploads\\\/2020\\\/06\\\/photos-eleves-11-e1575877849403-768x1024-1.jpg\",\"width\":768,\"height\":1024},{\"@type\":\"BreadcrumbList\",\"@id\":\"https:\\\/\\\/www.stjb-delasalle.fr\\\/site\\\/2019\\\/12\\\/09\\\/installation-de-la-premiere-expo\\\/#breadcrumb\",\"itemListElement\":[{\"@type\":\"ListItem\",\"position\":1,\"name\":\"Accueil\",\"item\":\"https:\\\/\\\/www.stjb-delasalle.fr\\\/site\\\/\"},{\"@type\":\"ListItem\",\"position\":2,\"name\":\"Installation Expo n\u00b01\"}]},{\"@type\":\"WebSite\",\"@id\":\"https:\\\/\\\/www.stjb-delasalle.fr\\\/site\\\/#website\",\"url\":\"https:\\\/\\\/www.stjb-delasalle.fr\\\/site\\\/\",\"name\":\"Coll\u00e8ge Saint Jean Baptiste de La Salle\",\"description\":\"Notre coll\u00e8ge vous accueille sur le site du Rancher \u00e0 Teloch\u00e9\",\"publisher\":{\"@id\":\"https:\\\/\\\/www.stjb-delasalle.fr\\\/site\\\/#organization\"},\"potentialAction\":[{\"@type\":\"SearchAction\",\"target\":{\"@type\":\"EntryPoint\",\"urlTemplate\":\"https:\\\/\\\/www.stjb-delasalle.fr\\\/site\\\/?s={search_term_string}\"},\"query-input\":{\"@type\":\"PropertyValueSpecification\",\"valueRequired\":true,\"valueName\":\"search_term_string\"}}],\"inLanguage\":\"fr-FR\"},{\"@type\":\"Organization\",\"@id\":\"https:\\\/\\\/www.stjb-delasalle.fr\\\/site\\\/#organization\",\"name\":\"Coll\u00e8ge Saint Jean Baptiste de La Salle\",\"url\":\"https:\\\/\\\/www.stjb-delasalle.fr\\\/site\\\/\",\"logo\":{\"@type\":\"ImageObject\",\"inLanguage\":\"fr-FR\",\"@id\":\"https:\\\/\\\/www.stjb-delasalle.fr\\\/site\\\/#\\\/schema\\\/logo\\\/image\\\/\",\"url\":\"https:\\\/\\\/www.stjb-delasalle.fr\\\/site\\\/wp-content\\\/uploads\\\/2021\\\/11\\\/logostjb_petit_transp.png\",\"contentUrl\":\"https:\\\/\\\/www.stjb-delasalle.fr\\\/site\\\/wp-content\\\/uploads\\\/2021\\\/11\\\/logostjb_petit_transp.png\",\"width\":180,\"height\":127,\"caption\":\"Coll\u00e8ge Saint Jean Baptiste de La Salle\"},\"image\":{\"@id\":\"https:\\\/\\\/www.stjb-delasalle.fr\\\/site\\\/#\\\/schema\\\/logo\\\/image\\\/\"}},{\"@type\":\"Person\",\"@id\":\"https:\\\/\\\/www.stjb-delasalle.fr\\\/site\\\/#\\\/schema\\\/person\\\/36988a7b4178dd69b805a25eea2b8f8f\",\"name\":\"r.zucchetti\",\"image\":{\"@type\":\"ImageObject\",\"inLanguage\":\"fr-FR\",\"@id\":\"https:\\\/\\\/secure.gravatar.com\\\/avatar\\\/de909cd474d221f967baff6582e1e559c4977b81139138190583ff7dda97b212?s=96&d=mm&r=g\",\"url\":\"https:\\\/\\\/secure.gravatar.com\\\/avatar\\\/de909cd474d221f967baff6582e1e559c4977b81139138190583ff7dda97b212?s=96&d=mm&r=g\",\"contentUrl\":\"https:\\\/\\\/secure.gravatar.com\\\/avatar\\\/de909cd474d221f967baff6582e1e559c4977b81139138190583ff7dda97b212?s=96&d=mm&r=g\",\"caption\":\"r.zucchetti\"},\"sameAs\":[\"https:\\\/\\\/www.stjb-delasalle.fr\\\/site\"],\"url\":\"https:\\\/\\\/www.stjb-delasalle.fr\\\/site\\\/author\\\/r-zucchetti\\\/\"}]}<\/script>\n<!-- \/ Yoast SEO plugin. -->","yoast_head_json":{"title":"Installation Expo n\u00b01 - Coll\u00e8ge Saint Jean Baptiste de La Salle","robots":{"index":"index","follow":"follow","max-snippet":"max-snippet:-1","max-image-preview":"max-image-preview:large","max-video-preview":"max-video-preview:-1"},"canonical":"https:\/\/www.stjb-delasalle.fr\/site\/2019\/12\/09\/installation-de-la-premiere-expo\/","og_locale":"fr_FR","og_type":"article","og_title":"Installation Expo n\u00b01 - Coll\u00e8ge Saint Jean Baptiste de La Salle","og_description":"Retour en images sur la mise en place de l&rsquo;exposition de C\u00e9cile Degouy, \u00ab\u00a0Les paysages, je les r\u00eave\u00a0\u00bb, vendredi 6 d\u00e9cembre, avec l&rsquo;aide de M.Rullier et des \u00e9l\u00e8ves de 3C : Eug\u00e9nie, Salom\u00e9, Eva, Clo\u00e9, Emma, Aimy, Zo\u00e9, Laura, Yoan et Florian. Merci \u00e0 eux&#8230;Au programme d&rsquo;une journ\u00e9e charg\u00e9e : d\u00e9chargement des oeuvres, d\u00e9ballage, d\u00e9couverte [&hellip;]","og_url":"https:\/\/www.stjb-delasalle.fr\/site\/2019\/12\/09\/installation-de-la-premiere-expo\/","og_site_name":"Coll\u00e8ge Saint Jean Baptiste de La Salle","article_published_time":"2019-12-09T07:52:19+00:00","article_modified_time":"2021-12-07T10:44:46+00:00","og_image":[{"width":768,"height":1024,"url":"https:\/\/www.stjb-delasalle.fr\/site\/wp-content\/uploads\/2020\/06\/photos-eleves-11-e1575877849403-768x1024-1.jpg","type":"image\/jpeg"}],"author":"r.zucchetti","twitter_card":"summary_large_image","twitter_misc":{"\u00c9crit par":"r.zucchetti","Dur\u00e9e de lecture estim\u00e9e":"1 minute"},"schema":{"@context":"https:\/\/schema.org","@graph":[{"@type":"Article","@id":"https:\/\/www.stjb-delasalle.fr\/site\/2019\/12\/09\/installation-de-la-premiere-expo\/#article","isPartOf":{"@id":"https:\/\/www.stjb-delasalle.fr\/site\/2019\/12\/09\/installation-de-la-premiere-expo\/"},"author":{"name":"r.zucchetti","@id":"https:\/\/www.stjb-delasalle.fr\/site\/#\/schema\/person\/36988a7b4178dd69b805a25eea2b8f8f"},"headline":"Installation Expo n\u00b01","datePublished":"2019-12-09T07:52:19+00:00","dateModified":"2021-12-07T10:44:46+00:00","mainEntityOfPage":{"@id":"https:\/\/www.stjb-delasalle.fr\/site\/2019\/12\/09\/installation-de-la-premiere-expo\/"},"wordCount":160,"publisher":{"@id":"https:\/\/www.stjb-delasalle.fr\/site\/#organization"},"image":{"@id":"https:\/\/www.stjb-delasalle.fr\/site\/2019\/12\/09\/installation-de-la-premiere-expo\/#primaryimage"},"thumbnailUrl":"https:\/\/www.stjb-delasalle.fr\/site\/wp-content\/uploads\/2020\/06\/photos-eleves-11-e1575877849403-768x1024-1.jpg","articleSection":["Coll\u00e8ge","Galerie 2019-2020"],"inLanguage":"fr-FR"},{"@type":"WebPage","@id":"https:\/\/www.stjb-delasalle.fr\/site\/2019\/12\/09\/installation-de-la-premiere-expo\/","url":"https:\/\/www.stjb-delasalle.fr\/site\/2019\/12\/09\/installation-de-la-premiere-expo\/","name":"Installation Expo n\u00b01 - Coll\u00e8ge Saint Jean Baptiste de La Salle","isPartOf":{"@id":"https:\/\/www.stjb-delasalle.fr\/site\/#website"},"primaryImageOfPage":{"@id":"https:\/\/www.stjb-delasalle.fr\/site\/2019\/12\/09\/installation-de-la-premiere-expo\/#primaryimage"},"image":{"@id":"https:\/\/www.stjb-delasalle.fr\/site\/2019\/12\/09\/installation-de-la-premiere-expo\/#primaryimage"},"thumbnailUrl":"https:\/\/www.stjb-delasalle.fr\/site\/wp-content\/uploads\/2020\/06\/photos-eleves-11-e1575877849403-768x1024-1.jpg","datePublished":"2019-12-09T07:52:19+00:00","dateModified":"2021-12-07T10:44:46+00:00","breadcrumb":{"@id":"https:\/\/www.stjb-delasalle.fr\/site\/2019\/12\/09\/installation-de-la-premiere-expo\/#breadcrumb"},"inLanguage":"fr-FR","potentialAction":[{"@type":"ReadAction","target":["https:\/\/www.stjb-delasalle.fr\/site\/2019\/12\/09\/installation-de-la-premiere-expo\/"]}]},{"@type":"ImageObject","inLanguage":"fr-FR","@id":"https:\/\/www.stjb-delasalle.fr\/site\/2019\/12\/09\/installation-de-la-premiere-expo\/#primaryimage","url":"https:\/\/www.stjb-delasalle.fr\/site\/wp-content\/uploads\/2020\/06\/photos-eleves-11-e1575877849403-768x1024-1.jpg","contentUrl":"https:\/\/www.stjb-delasalle.fr\/site\/wp-content\/uploads\/2020\/06\/photos-eleves-11-e1575877849403-768x1024-1.jpg","width":768,"height":1024},{"@type":"BreadcrumbList","@id":"https:\/\/www.stjb-delasalle.fr\/site\/2019\/12\/09\/installation-de-la-premiere-expo\/#breadcrumb","itemListElement":[{"@type":"ListItem","position":1,"name":"Accueil","item":"https:\/\/www.stjb-delasalle.fr\/site\/"},{"@type":"ListItem","position":2,"name":"Installation Expo n\u00b01"}]},{"@type":"WebSite","@id":"https:\/\/www.stjb-delasalle.fr\/site\/#website","url":"https:\/\/www.stjb-delasalle.fr\/site\/","name":"Coll\u00e8ge Saint Jean Baptiste de La Salle","description":"Notre coll\u00e8ge vous accueille sur le site du Rancher \u00e0 Teloch\u00e9","publisher":{"@id":"https:\/\/www.stjb-delasalle.fr\/site\/#organization"},"potentialAction":[{"@type":"SearchAction","target":{"@type":"EntryPoint","urlTemplate":"https:\/\/www.stjb-delasalle.fr\/site\/?s={search_term_string}"},"query-input":{"@type":"PropertyValueSpecification","valueRequired":true,"valueName":"search_term_string"}}],"inLanguage":"fr-FR"},{"@type":"Organization","@id":"https:\/\/www.stjb-delasalle.fr\/site\/#organization","name":"Coll\u00e8ge Saint Jean Baptiste de La Salle","url":"https:\/\/www.stjb-delasalle.fr\/site\/","logo":{"@type":"ImageObject","inLanguage":"fr-FR","@id":"https:\/\/www.stjb-delasalle.fr\/site\/#\/schema\/logo\/image\/","url":"https:\/\/www.stjb-delasalle.fr\/site\/wp-content\/uploads\/2021\/11\/logostjb_petit_transp.png","contentUrl":"https:\/\/www.stjb-delasalle.fr\/site\/wp-content\/uploads\/2021\/11\/logostjb_petit_transp.png","width":180,"height":127,"caption":"Coll\u00e8ge Saint Jean Baptiste de La Salle"},"image":{"@id":"https:\/\/www.stjb-delasalle.fr\/site\/#\/schema\/logo\/image\/"}},{"@type":"Person","@id":"https:\/\/www.stjb-delasalle.fr\/site\/#\/schema\/person\/36988a7b4178dd69b805a25eea2b8f8f","name":"r.zucchetti","image":{"@type":"ImageObject","inLanguage":"fr-FR","@id":"https:\/\/secure.gravatar.com\/avatar\/de909cd474d221f967baff6582e1e559c4977b81139138190583ff7dda97b212?s=96&d=mm&r=g","url":"https:\/\/secure.gravatar.com\/avatar\/de909cd474d221f967baff6582e1e559c4977b81139138190583ff7dda97b212?s=96&d=mm&r=g","contentUrl":"https:\/\/secure.gravatar.com\/avatar\/de909cd474d221f967baff6582e1e559c4977b81139138190583ff7dda97b212?s=96&d=mm&r=g","caption":"r.zucchetti"},"sameAs":["https:\/\/www.stjb-delasalle.fr\/site"],"url":"https:\/\/www.stjb-delasalle.fr\/site\/author\/r-zucchetti\/"}]}},"_links":{"self":[{"href":"https:\/\/www.stjb-delasalle.fr\/site\/wp-json\/wp\/v2\/posts\/4670","targetHints":{"allow":["GET"]}}],"collection":[{"href":"https:\/\/www.stjb-delasalle.fr\/site\/wp-json\/wp\/v2\/posts"}],"about":[{"href":"https:\/\/www.stjb-delasalle.fr\/site\/wp-json\/wp\/v2\/types\/post"}],"author":[{"embeddable":true,"href":"https:\/\/www.stjb-delasalle.fr\/site\/wp-json\/wp\/v2\/users\/1"}],"replies":[{"embeddable":true,"href":"https:\/\/www.stjb-delasalle.fr\/site\/wp-json\/wp\/v2\/comments?post=4670"}],"version-history":[{"count":2,"href":"https:\/\/www.stjb-delasalle.fr\/site\/wp-json\/wp\/v2\/posts\/4670\/revisions"}],"predecessor-version":[{"id":9522,"href":"https:\/\/www.stjb-delasalle.fr\/site\/wp-json\/wp\/v2\/posts\/4670\/revisions\/9522"}],"wp:featuredmedia":[{"embeddable":true,"href":"https:\/\/www.stjb-delasalle.fr\/site\/wp-json\/wp\/v2\/media\/9512"}],"wp:attachment":[{"href":"https:\/\/www.stjb-delasalle.fr\/site\/wp-json\/wp\/v2\/media?parent=4670"}],"wp:term":[{"taxonomy":"category","embeddable":true,"href":"https:\/\/www.stjb-delasalle.fr\/site\/wp-json\/wp\/v2\/categories?post=4670"},{"taxonomy":"post_tag","embeddable":true,"href":"https:\/\/www.stjb-delasalle.fr\/site\/wp-json\/wp\/v2\/tags?post=4670"}],"curies":[{"name":"wp","href":"https:\/\/api.w.org\/{rel}","templated":true}]}}