{"id":4342,"date":"2019-10-18T14:26:03","date_gmt":"2019-10-18T12:26:03","guid":{"rendered":"https:\/\/www.stjb-delasalle.fr\/?p=4342"},"modified":"2019-10-18T14:26:03","modified_gmt":"2019-10-18T12:26:03","slug":"elections-des-delegues-de-6emes","status":"publish","type":"post","link":"https:\/\/www.stjb-delasalle.fr\/site\/2019\/10\/18\/elections-des-delegues-de-6emes\/","title":{"rendered":"\u00c9lections des d\u00e9l\u00e9gu\u00e9s de 6emes"},"content":{"rendered":"<p style=\"text-align: center;\"><strong><span class=\"_3gl1 _5zz4\" data-offset-key=\"213it-0-0\"><span class=\"_ncl\"><span data-offset-key=\"213it-0-0\">&#x1f1eb;&#x1f1f7;<\/span><\/span><\/span> \u00ab C\u2019est notre devoir et notre droit en tant qu\u2019\u00e9l\u00e8ves de voter. \u00bb<\/strong><\/p>\n<p>Comme chaque ann\u00e9e, apr\u00e8s une campagne \u00e9lectorale bien tenue, l\u2019heure du vote pour les \u00e9lections des d\u00e9l\u00e9gu\u00e9s 6\u00e8mes a eu lieu le Vendredi 18 octobre 2018 de 12h30 \u00e0 13h30<\/p>\n<p>Cette ann\u00e9e, nous avions invit\u00e9 le maire de la commune pour recevoir le vote des \u00e9lecteurs. M.Lambert a pris plaisir \u00e0 rencontrer chacun d\u2019eux, \u00e0 r\u00e9pondre aux \u00e9ventuelles questions et \u00e0 r\u00e9expliquer l\u2019int\u00e9r\u00eat et le devoir du citoyen.<\/p>\n<p><img fetchpriority=\"high\" decoding=\"async\" class=\"alignnone size-large wp-image-4343\" src=\"https:\/\/www.stjb-delasalle.fr\/wp-content\/uploads\/2019\/10\/IMG_0246-768x1024.jpg\" alt=\"\" width=\"768\" height=\"1024\" \/> <img decoding=\"async\" class=\"alignnone size-large wp-image-4344\" src=\"https:\/\/www.stjb-delasalle.fr\/wp-content\/uploads\/2019\/10\/IMG_0248-768x1024.jpg\" alt=\"\" width=\"768\" height=\"1024\" \/> <img decoding=\"async\" class=\"alignnone size-large wp-image-4346\" src=\"https:\/\/www.stjb-delasalle.fr\/wp-content\/uploads\/2019\/10\/IMG_0249-768x1024.jpg\" alt=\"\" width=\"768\" height=\"1024\" \/><\/p>\n","protected":false},"excerpt":{"rendered":"<p>&#x1f1eb;&#x1f1f7; \u00ab C\u2019est notre devoir et notre droit en tant qu\u2019\u00e9l\u00e8ves de voter. \u00bb Comme chaque ann\u00e9e, apr\u00e8s une campagne \u00e9lectorale bien tenue, l\u2019heure du vote pour les \u00e9lections des d\u00e9l\u00e9gu\u00e9s 6\u00e8mes a eu lieu le Vendredi 18 octobre 2018 de 12h30 \u00e0 13h30 Cette ann\u00e9e, nous avions invit\u00e9 le maire de la commune pour [&hellip;]<\/p>\n","protected":false},"author":1,"featured_media":4347,"comment_status":"closed","ping_status":"closed","sticky":false,"template":"","format":"standard","meta":{"site-sidebar-layout":"default","site-content-layout":"","ast-site-content-layout":"default","site-content-style":"default","site-sidebar-style":"default","ast-global-header-display":"","ast-banner-title-visibility":"","ast-main-header-display":"","ast-hfb-above-header-display":"","ast-hfb-below-header-display":"","ast-hfb-mobile-header-display":"","site-post-title":"","ast-breadcrumbs-content":"","ast-featured-img":"","footer-sml-layout":"","ast-disable-related-posts":"","theme-transparent-header-meta":"","adv-header-id-meta":"","stick-header-meta":"","header-above-stick-meta":"","header-main-stick-meta":"","header-below-stick-meta":"","astra-migrate-meta-layouts":"default","ast-page-background-enabled":"default","ast-page-background-meta":{"desktop":{"background-color":"var(--ast-global-color-4)","background-image":"","background-repeat":"repeat","background-position":"center center","background-size":"auto","background-attachment":"scroll","background-type":"","background-media":"","overlay-type":"","overlay-color":"","overlay-opacity":"","overlay-gradient":""},"tablet":{"background-color":"","background-image":"","background-repeat":"repeat","background-position":"center center","background-size":"auto","background-attachment":"scroll","background-type":"","background-media":"","overlay-type":"","overlay-color":"","overlay-opacity":"","overlay-gradient":""},"mobile":{"background-color":"","background-image":"","background-repeat":"repeat","background-position":"center center","background-size":"auto","background-attachment":"scroll","background-type":"","background-media":"","overlay-type":"","overlay-color":"","overlay-opacity":"","overlay-gradient":""}},"ast-content-background-meta":{"desktop":{"background-color":"var(--ast-global-color-5)","background-image":"","background-repeat":"repeat","background-position":"center center","background-size":"auto","background-attachment":"scroll","background-type":"","background-media":"","overlay-type":"","overlay-color":"","overlay-opacity":"","overlay-gradient":""},"tablet":{"background-color":"var(--ast-global-color-5)","background-image":"","background-repeat":"repeat","background-position":"center center","background-size":"auto","background-attachment":"scroll","background-type":"","background-media":"","overlay-type":"","overlay-color":"","overlay-opacity":"","overlay-gradient":""},"mobile":{"background-color":"var(--ast-global-color-5)","background-image":"","background-repeat":"repeat","background-position":"center center","background-size":"auto","background-attachment":"scroll","background-type":"","background-media":"","overlay-type":"","overlay-color":"","overlay-opacity":"","overlay-gradient":""}},"footnotes":""},"categories":[6],"tags":[],"class_list":["post-4342","post","type-post","status-publish","format-standard","has-post-thumbnail","hentry","category-college"],"yoast_head":"<!-- This site is optimized with the Yoast SEO plugin v27.5 - https:\/\/yoast.com\/product\/yoast-seo-wordpress\/ -->\n<title>\u00c9lections des d\u00e9l\u00e9gu\u00e9s de 6emes - Coll\u00e8ge Saint Jean Baptiste de La Salle<\/title>\n<meta name=\"robots\" content=\"index, follow, max-snippet:-1, max-image-preview:large, max-video-preview:-1\" \/>\n<link rel=\"canonical\" href=\"https:\/\/www.stjb-delasalle.fr\/site\/2019\/10\/18\/elections-des-delegues-de-6emes\/\" \/>\n<meta property=\"og:locale\" content=\"fr_FR\" \/>\n<meta property=\"og:type\" content=\"article\" \/>\n<meta property=\"og:title\" content=\"\u00c9lections des d\u00e9l\u00e9gu\u00e9s de 6emes - Coll\u00e8ge Saint Jean Baptiste de La Salle\" \/>\n<meta property=\"og:description\" content=\"&#x1f1eb;&#x1f1f7; \u00ab C\u2019est notre devoir et notre droit en tant qu\u2019\u00e9l\u00e8ves de voter. \u00bb Comme chaque ann\u00e9e, apr\u00e8s une campagne \u00e9lectorale bien tenue, l\u2019heure du vote pour les \u00e9lections des d\u00e9l\u00e9gu\u00e9s 6\u00e8mes a eu lieu le Vendredi 18 octobre 2018 de 12h30 \u00e0 13h30 Cette ann\u00e9e, nous avions invit\u00e9 le maire de la commune pour [&hellip;]\" \/>\n<meta property=\"og:url\" content=\"https:\/\/www.stjb-delasalle.fr\/site\/2019\/10\/18\/elections-des-delegues-de-6emes\/\" \/>\n<meta property=\"og:site_name\" content=\"Coll\u00e8ge Saint Jean Baptiste de La Salle\" \/>\n<meta property=\"article:published_time\" content=\"2019-10-18T12:26:03+00:00\" \/>\n<meta name=\"author\" content=\"r.zucchetti\" \/>\n<meta name=\"twitter:card\" content=\"summary_large_image\" \/>\n<meta name=\"twitter:label1\" content=\"\u00c9crit par\" \/>\n\t<meta name=\"twitter:data1\" content=\"r.zucchetti\" \/>\n<script type=\"application\/ld+json\" class=\"yoast-schema-graph\">{\"@context\":\"https:\\\/\\\/schema.org\",\"@graph\":[{\"@type\":\"Article\",\"@id\":\"https:\\\/\\\/www.stjb-delasalle.fr\\\/site\\\/2019\\\/10\\\/18\\\/elections-des-delegues-de-6emes\\\/#article\",\"isPartOf\":{\"@id\":\"https:\\\/\\\/www.stjb-delasalle.fr\\\/site\\\/2019\\\/10\\\/18\\\/elections-des-delegues-de-6emes\\\/\"},\"author\":{\"name\":\"r.zucchetti\",\"@id\":\"https:\\\/\\\/www.stjb-delasalle.fr\\\/site\\\/#\\\/schema\\\/person\\\/36988a7b4178dd69b805a25eea2b8f8f\"},\"headline\":\"\u00c9lections des d\u00e9l\u00e9gu\u00e9s de 6emes\",\"datePublished\":\"2019-10-18T12:26:03+00:00\",\"mainEntityOfPage\":{\"@id\":\"https:\\\/\\\/www.stjb-delasalle.fr\\\/site\\\/2019\\\/10\\\/18\\\/elections-des-delegues-de-6emes\\\/\"},\"wordCount\":104,\"publisher\":{\"@id\":\"https:\\\/\\\/www.stjb-delasalle.fr\\\/site\\\/#organization\"},\"image\":{\"@id\":\"https:\\\/\\\/www.stjb-delasalle.fr\\\/site\\\/2019\\\/10\\\/18\\\/elections-des-delegues-de-6emes\\\/#primaryimage\"},\"thumbnailUrl\":\"\",\"articleSection\":[\"Coll\u00e8ge\"],\"inLanguage\":\"fr-FR\"},{\"@type\":\"WebPage\",\"@id\":\"https:\\\/\\\/www.stjb-delasalle.fr\\\/site\\\/2019\\\/10\\\/18\\\/elections-des-delegues-de-6emes\\\/\",\"url\":\"https:\\\/\\\/www.stjb-delasalle.fr\\\/site\\\/2019\\\/10\\\/18\\\/elections-des-delegues-de-6emes\\\/\",\"name\":\"\u00c9lections des d\u00e9l\u00e9gu\u00e9s de 6emes - Coll\u00e8ge Saint Jean Baptiste de La Salle\",\"isPartOf\":{\"@id\":\"https:\\\/\\\/www.stjb-delasalle.fr\\\/site\\\/#website\"},\"primaryImageOfPage\":{\"@id\":\"https:\\\/\\\/www.stjb-delasalle.fr\\\/site\\\/2019\\\/10\\\/18\\\/elections-des-delegues-de-6emes\\\/#primaryimage\"},\"image\":{\"@id\":\"https:\\\/\\\/www.stjb-delasalle.fr\\\/site\\\/2019\\\/10\\\/18\\\/elections-des-delegues-de-6emes\\\/#primaryimage\"},\"thumbnailUrl\":\"\",\"datePublished\":\"2019-10-18T12:26:03+00:00\",\"breadcrumb\":{\"@id\":\"https:\\\/\\\/www.stjb-delasalle.fr\\\/site\\\/2019\\\/10\\\/18\\\/elections-des-delegues-de-6emes\\\/#breadcrumb\"},\"inLanguage\":\"fr-FR\",\"potentialAction\":[{\"@type\":\"ReadAction\",\"target\":[\"https:\\\/\\\/www.stjb-delasalle.fr\\\/site\\\/2019\\\/10\\\/18\\\/elections-des-delegues-de-6emes\\\/\"]}]},{\"@type\":\"ImageObject\",\"inLanguage\":\"fr-FR\",\"@id\":\"https:\\\/\\\/www.stjb-delasalle.fr\\\/site\\\/2019\\\/10\\\/18\\\/elections-des-delegues-de-6emes\\\/#primaryimage\",\"url\":\"\",\"contentUrl\":\"\"},{\"@type\":\"BreadcrumbList\",\"@id\":\"https:\\\/\\\/www.stjb-delasalle.fr\\\/site\\\/2019\\\/10\\\/18\\\/elections-des-delegues-de-6emes\\\/#breadcrumb\",\"itemListElement\":[{\"@type\":\"ListItem\",\"position\":1,\"name\":\"Accueil\",\"item\":\"https:\\\/\\\/www.stjb-delasalle.fr\\\/site\\\/\"},{\"@type\":\"ListItem\",\"position\":2,\"name\":\"\u00c9lections des d\u00e9l\u00e9gu\u00e9s de 6emes\"}]},{\"@type\":\"WebSite\",\"@id\":\"https:\\\/\\\/www.stjb-delasalle.fr\\\/site\\\/#website\",\"url\":\"https:\\\/\\\/www.stjb-delasalle.fr\\\/site\\\/\",\"name\":\"Coll\u00e8ge Saint Jean Baptiste de La Salle\",\"description\":\"Notre coll\u00e8ge vous accueille sur le site du Rancher \u00e0 Teloch\u00e9\",\"publisher\":{\"@id\":\"https:\\\/\\\/www.stjb-delasalle.fr\\\/site\\\/#organization\"},\"potentialAction\":[{\"@type\":\"SearchAction\",\"target\":{\"@type\":\"EntryPoint\",\"urlTemplate\":\"https:\\\/\\\/www.stjb-delasalle.fr\\\/site\\\/?s={search_term_string}\"},\"query-input\":{\"@type\":\"PropertyValueSpecification\",\"valueRequired\":true,\"valueName\":\"search_term_string\"}}],\"inLanguage\":\"fr-FR\"},{\"@type\":\"Organization\",\"@id\":\"https:\\\/\\\/www.stjb-delasalle.fr\\\/site\\\/#organization\",\"name\":\"Coll\u00e8ge Saint Jean Baptiste de La Salle\",\"url\":\"https:\\\/\\\/www.stjb-delasalle.fr\\\/site\\\/\",\"logo\":{\"@type\":\"ImageObject\",\"inLanguage\":\"fr-FR\",\"@id\":\"https:\\\/\\\/www.stjb-delasalle.fr\\\/site\\\/#\\\/schema\\\/logo\\\/image\\\/\",\"url\":\"https:\\\/\\\/www.stjb-delasalle.fr\\\/site\\\/wp-content\\\/uploads\\\/2021\\\/11\\\/logostjb_petit_transp.png\",\"contentUrl\":\"https:\\\/\\\/www.stjb-delasalle.fr\\\/site\\\/wp-content\\\/uploads\\\/2021\\\/11\\\/logostjb_petit_transp.png\",\"width\":180,\"height\":127,\"caption\":\"Coll\u00e8ge Saint Jean Baptiste de La Salle\"},\"image\":{\"@id\":\"https:\\\/\\\/www.stjb-delasalle.fr\\\/site\\\/#\\\/schema\\\/logo\\\/image\\\/\"}},{\"@type\":\"Person\",\"@id\":\"https:\\\/\\\/www.stjb-delasalle.fr\\\/site\\\/#\\\/schema\\\/person\\\/36988a7b4178dd69b805a25eea2b8f8f\",\"name\":\"r.zucchetti\",\"image\":{\"@type\":\"ImageObject\",\"inLanguage\":\"fr-FR\",\"@id\":\"https:\\\/\\\/secure.gravatar.com\\\/avatar\\\/de909cd474d221f967baff6582e1e559c4977b81139138190583ff7dda97b212?s=96&d=mm&r=g\",\"url\":\"https:\\\/\\\/secure.gravatar.com\\\/avatar\\\/de909cd474d221f967baff6582e1e559c4977b81139138190583ff7dda97b212?s=96&d=mm&r=g\",\"contentUrl\":\"https:\\\/\\\/secure.gravatar.com\\\/avatar\\\/de909cd474d221f967baff6582e1e559c4977b81139138190583ff7dda97b212?s=96&d=mm&r=g\",\"caption\":\"r.zucchetti\"},\"sameAs\":[\"https:\\\/\\\/www.stjb-delasalle.fr\\\/site\"],\"url\":\"https:\\\/\\\/www.stjb-delasalle.fr\\\/site\\\/author\\\/r-zucchetti\\\/\"}]}<\/script>\n<!-- \/ Yoast SEO plugin. -->","yoast_head_json":{"title":"\u00c9lections des d\u00e9l\u00e9gu\u00e9s de 6emes - Coll\u00e8ge Saint Jean Baptiste de La Salle","robots":{"index":"index","follow":"follow","max-snippet":"max-snippet:-1","max-image-preview":"max-image-preview:large","max-video-preview":"max-video-preview:-1"},"canonical":"https:\/\/www.stjb-delasalle.fr\/site\/2019\/10\/18\/elections-des-delegues-de-6emes\/","og_locale":"fr_FR","og_type":"article","og_title":"\u00c9lections des d\u00e9l\u00e9gu\u00e9s de 6emes - Coll\u00e8ge Saint Jean Baptiste de La Salle","og_description":"&#x1f1eb;&#x1f1f7; \u00ab C\u2019est notre devoir et notre droit en tant qu\u2019\u00e9l\u00e8ves de voter. \u00bb Comme chaque ann\u00e9e, apr\u00e8s une campagne \u00e9lectorale bien tenue, l\u2019heure du vote pour les \u00e9lections des d\u00e9l\u00e9gu\u00e9s 6\u00e8mes a eu lieu le Vendredi 18 octobre 2018 de 12h30 \u00e0 13h30 Cette ann\u00e9e, nous avions invit\u00e9 le maire de la commune pour [&hellip;]","og_url":"https:\/\/www.stjb-delasalle.fr\/site\/2019\/10\/18\/elections-des-delegues-de-6emes\/","og_site_name":"Coll\u00e8ge Saint Jean Baptiste de La Salle","article_published_time":"2019-10-18T12:26:03+00:00","author":"r.zucchetti","twitter_card":"summary_large_image","twitter_misc":{"\u00c9crit par":"r.zucchetti"},"schema":{"@context":"https:\/\/schema.org","@graph":[{"@type":"Article","@id":"https:\/\/www.stjb-delasalle.fr\/site\/2019\/10\/18\/elections-des-delegues-de-6emes\/#article","isPartOf":{"@id":"https:\/\/www.stjb-delasalle.fr\/site\/2019\/10\/18\/elections-des-delegues-de-6emes\/"},"author":{"name":"r.zucchetti","@id":"https:\/\/www.stjb-delasalle.fr\/site\/#\/schema\/person\/36988a7b4178dd69b805a25eea2b8f8f"},"headline":"\u00c9lections des d\u00e9l\u00e9gu\u00e9s de 6emes","datePublished":"2019-10-18T12:26:03+00:00","mainEntityOfPage":{"@id":"https:\/\/www.stjb-delasalle.fr\/site\/2019\/10\/18\/elections-des-delegues-de-6emes\/"},"wordCount":104,"publisher":{"@id":"https:\/\/www.stjb-delasalle.fr\/site\/#organization"},"image":{"@id":"https:\/\/www.stjb-delasalle.fr\/site\/2019\/10\/18\/elections-des-delegues-de-6emes\/#primaryimage"},"thumbnailUrl":"","articleSection":["Coll\u00e8ge"],"inLanguage":"fr-FR"},{"@type":"WebPage","@id":"https:\/\/www.stjb-delasalle.fr\/site\/2019\/10\/18\/elections-des-delegues-de-6emes\/","url":"https:\/\/www.stjb-delasalle.fr\/site\/2019\/10\/18\/elections-des-delegues-de-6emes\/","name":"\u00c9lections des d\u00e9l\u00e9gu\u00e9s de 6emes - Coll\u00e8ge Saint Jean Baptiste de La Salle","isPartOf":{"@id":"https:\/\/www.stjb-delasalle.fr\/site\/#website"},"primaryImageOfPage":{"@id":"https:\/\/www.stjb-delasalle.fr\/site\/2019\/10\/18\/elections-des-delegues-de-6emes\/#primaryimage"},"image":{"@id":"https:\/\/www.stjb-delasalle.fr\/site\/2019\/10\/18\/elections-des-delegues-de-6emes\/#primaryimage"},"thumbnailUrl":"","datePublished":"2019-10-18T12:26:03+00:00","breadcrumb":{"@id":"https:\/\/www.stjb-delasalle.fr\/site\/2019\/10\/18\/elections-des-delegues-de-6emes\/#breadcrumb"},"inLanguage":"fr-FR","potentialAction":[{"@type":"ReadAction","target":["https:\/\/www.stjb-delasalle.fr\/site\/2019\/10\/18\/elections-des-delegues-de-6emes\/"]}]},{"@type":"ImageObject","inLanguage":"fr-FR","@id":"https:\/\/www.stjb-delasalle.fr\/site\/2019\/10\/18\/elections-des-delegues-de-6emes\/#primaryimage","url":"","contentUrl":""},{"@type":"BreadcrumbList","@id":"https:\/\/www.stjb-delasalle.fr\/site\/2019\/10\/18\/elections-des-delegues-de-6emes\/#breadcrumb","itemListElement":[{"@type":"ListItem","position":1,"name":"Accueil","item":"https:\/\/www.stjb-delasalle.fr\/site\/"},{"@type":"ListItem","position":2,"name":"\u00c9lections des d\u00e9l\u00e9gu\u00e9s de 6emes"}]},{"@type":"WebSite","@id":"https:\/\/www.stjb-delasalle.fr\/site\/#website","url":"https:\/\/www.stjb-delasalle.fr\/site\/","name":"Coll\u00e8ge Saint Jean Baptiste de La Salle","description":"Notre coll\u00e8ge vous accueille sur le site du Rancher \u00e0 Teloch\u00e9","publisher":{"@id":"https:\/\/www.stjb-delasalle.fr\/site\/#organization"},"potentialAction":[{"@type":"SearchAction","target":{"@type":"EntryPoint","urlTemplate":"https:\/\/www.stjb-delasalle.fr\/site\/?s={search_term_string}"},"query-input":{"@type":"PropertyValueSpecification","valueRequired":true,"valueName":"search_term_string"}}],"inLanguage":"fr-FR"},{"@type":"Organization","@id":"https:\/\/www.stjb-delasalle.fr\/site\/#organization","name":"Coll\u00e8ge Saint Jean Baptiste de La Salle","url":"https:\/\/www.stjb-delasalle.fr\/site\/","logo":{"@type":"ImageObject","inLanguage":"fr-FR","@id":"https:\/\/www.stjb-delasalle.fr\/site\/#\/schema\/logo\/image\/","url":"https:\/\/www.stjb-delasalle.fr\/site\/wp-content\/uploads\/2021\/11\/logostjb_petit_transp.png","contentUrl":"https:\/\/www.stjb-delasalle.fr\/site\/wp-content\/uploads\/2021\/11\/logostjb_petit_transp.png","width":180,"height":127,"caption":"Coll\u00e8ge Saint Jean Baptiste de La Salle"},"image":{"@id":"https:\/\/www.stjb-delasalle.fr\/site\/#\/schema\/logo\/image\/"}},{"@type":"Person","@id":"https:\/\/www.stjb-delasalle.fr\/site\/#\/schema\/person\/36988a7b4178dd69b805a25eea2b8f8f","name":"r.zucchetti","image":{"@type":"ImageObject","inLanguage":"fr-FR","@id":"https:\/\/secure.gravatar.com\/avatar\/de909cd474d221f967baff6582e1e559c4977b81139138190583ff7dda97b212?s=96&d=mm&r=g","url":"https:\/\/secure.gravatar.com\/avatar\/de909cd474d221f967baff6582e1e559c4977b81139138190583ff7dda97b212?s=96&d=mm&r=g","contentUrl":"https:\/\/secure.gravatar.com\/avatar\/de909cd474d221f967baff6582e1e559c4977b81139138190583ff7dda97b212?s=96&d=mm&r=g","caption":"r.zucchetti"},"sameAs":["https:\/\/www.stjb-delasalle.fr\/site"],"url":"https:\/\/www.stjb-delasalle.fr\/site\/author\/r-zucchetti\/"}]}},"_links":{"self":[{"href":"https:\/\/www.stjb-delasalle.fr\/site\/wp-json\/wp\/v2\/posts\/4342","targetHints":{"allow":["GET"]}}],"collection":[{"href":"https:\/\/www.stjb-delasalle.fr\/site\/wp-json\/wp\/v2\/posts"}],"about":[{"href":"https:\/\/www.stjb-delasalle.fr\/site\/wp-json\/wp\/v2\/types\/post"}],"author":[{"embeddable":true,"href":"https:\/\/www.stjb-delasalle.fr\/site\/wp-json\/wp\/v2\/users\/1"}],"replies":[{"embeddable":true,"href":"https:\/\/www.stjb-delasalle.fr\/site\/wp-json\/wp\/v2\/comments?post=4342"}],"version-history":[{"count":0,"href":"https:\/\/www.stjb-delasalle.fr\/site\/wp-json\/wp\/v2\/posts\/4342\/revisions"}],"wp:featuredmedia":[{"embeddable":true,"href":"https:\/\/www.stjb-delasalle.fr\/site\/wp-json\/"}],"wp:attachment":[{"href":"https:\/\/www.stjb-delasalle.fr\/site\/wp-json\/wp\/v2\/media?parent=4342"}],"wp:term":[{"taxonomy":"category","embeddable":true,"href":"https:\/\/www.stjb-delasalle.fr\/site\/wp-json\/wp\/v2\/categories?post=4342"},{"taxonomy":"post_tag","embeddable":true,"href":"https:\/\/www.stjb-delasalle.fr\/site\/wp-json\/wp\/v2\/tags?post=4342"}],"curies":[{"name":"wp","href":"https:\/\/api.w.org\/{rel}","templated":true}]}}