{"id":3732,"date":"2019-05-15T13:01:58","date_gmt":"2019-05-15T11:01:58","guid":{"rendered":"https:\/\/www.stjb-delasalle.fr\/?p=3732"},"modified":"2019-05-15T13:01:58","modified_gmt":"2019-05-15T11:01:58","slug":"journee-a-caen-memorial-cimetiere-americain","status":"publish","type":"post","link":"https:\/\/www.stjb-delasalle.fr\/site\/2019\/05\/15\/journee-a-caen-memorial-cimetiere-americain\/","title":{"rendered":"Journ\u00e9e \u00e0 Caen \/ M\u00e9morial &#038; Cimeti\u00e8re am\u00e9ricain"},"content":{"rendered":"<p><em><strong>Mardi 26 F\u00e9vrier 2019,<\/strong> tous les \u00e9l\u00e8ves de 3\u00e8me sont all\u00e9s \u00e0 Caen afin de rendre plus concr\u00e8tes certaines parties du programme d\u2019Histoire sur la Seconde Guerre Mondiale, \u00e0 travers la visite du cimeti\u00e8re am\u00e9ricain d&rsquo;Omaha et du M\u00e9morial de Caen. Au retour, il a \u00e9t\u00e9 demand\u00e9 aux \u00e9l\u00e8ves de r\u00e9diger \u00e0 l\u2019aide de l\u2019outil num\u00e9rique une nouvelle sur le devoir de m\u00e9moire. Nous vous pr\u00e9sentons quelques nouvelles d&rsquo;\u00e9l\u00e8ves ayant travaill\u00e9 seuls ou par bin\u00f4mes, qui ont \u00e9t\u00e9 les coups de c\u0153ur des correcteurs. Ces nouvelles peuvent comporter quelques erreurs de langue&#8230;Soyez indulgents&#8230; <\/em><\/p>\n<p><strong><em>Bonne lecture, belle d\u00e9couverte !<\/em><\/strong><\/p>\n<p><img decoding=\"async\" class=\"wp-image-173 alignnone\" src=\"http:\/\/www.stjb-delasalle.fr\/wp-content\/uploads\/2017\/06\/download.png\" alt=\"\" width=\"26\" height=\"26\" \/><a href=\"https:\/\/www.stjb-delasalle.fr\/wp-content\/uploads\/2019\/05\/Zo\u00e9-M-3C.pdf\" target=\"_blank\" rel=\"noopener noreferrer\"><strong>Nouvelle de Zoe en 3C<\/strong><\/a><\/p>\n<iframe class=\"wonderplugin-pdf-iframe\" src=\"https:\/\/www.stjb-delasalle.fr\/site\/wp-content\/plugins\/wonderplugin-pdf-embed\/pdfjslight\/web\/viewer.html?v=2&file=https:\/\/www.stjb-delasalle.fr\/wp-content\/uploads\/2019\/05\/Zo\u00e9-M-3C.pdf\" width=\"100%\" height=\"600px\" style=\"border:0;\"><\/iframe>\n<p>&nbsp;<\/p>\n<p><img decoding=\"async\" class=\"wp-image-173 alignnone\" src=\"http:\/\/www.stjb-delasalle.fr\/wp-content\/uploads\/2017\/06\/download.png\" alt=\"\" width=\"26\" height=\"26\" \/><a href=\"https:\/\/www.stjb-delasalle.fr\/wp-content\/uploads\/2019\/05\/Anonyme-3C.pdf\" target=\"_blank\" rel=\"noopener noreferrer\"><strong>Nouvelle d&rsquo;un \u00e9l\u00e8ve Anonyme<\/strong><\/a><\/p>\n<iframe class=\"wonderplugin-pdf-iframe\" src=\"https:\/\/www.stjb-delasalle.fr\/site\/wp-content\/plugins\/wonderplugin-pdf-embed\/pdfjslight\/web\/viewer.html?v=2&file=https:\/\/www.stjb-delasalle.fr\/wp-content\/uploads\/2019\/05\/Anonyme-3C.pdf\" width=\"100%\" height=\"600px\" style=\"border:0;\"><\/iframe>\n<p>&nbsp;<\/p>\n<p><img decoding=\"async\" class=\"wp-image-173 alignnone\" src=\"http:\/\/www.stjb-delasalle.fr\/wp-content\/uploads\/2017\/06\/download.png\" alt=\"\" width=\"26\" height=\"26\" \/><strong><a href=\"https:\/\/www.stjb-delasalle.fr\/wp-content\/uploads\/2019\/05\/El\u00e9a-3C.pdf\" target=\"_blank\" rel=\"noopener noreferrer\">Nouvelle de Elea en 3C<\/a><br \/>\n<\/strong><\/p>\n<iframe class=\"wonderplugin-pdf-iframe\" src=\"https:\/\/www.stjb-delasalle.fr\/site\/wp-content\/plugins\/wonderplugin-pdf-embed\/pdfjslight\/web\/viewer.html?v=2&file=https:\/\/www.stjb-delasalle.fr\/wp-content\/uploads\/2019\/05\/El\u00e9a-3C.pdf\" width=\"100%\" height=\"600px\" style=\"border:0;\"><\/iframe>\n<p>&nbsp;<\/p>\n<p><img decoding=\"async\" class=\"wp-image-173 alignnone\" src=\"http:\/\/www.stjb-delasalle.fr\/wp-content\/uploads\/2017\/06\/download.png\" alt=\"\" width=\"26\" height=\"26\" \/><strong><a href=\"https:\/\/www.stjb-delasalle.fr\/wp-content\/uploads\/2019\/05\/Is\u00e9e-L\u00e9onie-3F-nouvelle-2.pdf\" target=\"_blank\" rel=\"noopener noreferrer\">Nouvelle de Is\u00e9e et L\u00e9onie<\/a><br \/>\n<\/strong><\/p>\n<iframe class=\"wonderplugin-pdf-iframe\" src=\"https:\/\/www.stjb-delasalle.fr\/site\/wp-content\/plugins\/wonderplugin-pdf-embed\/pdfjslight\/web\/viewer.html?v=2&file=https:\/\/www.stjb-delasalle.fr\/wp-content\/uploads\/2019\/05\/Is\u00e9e-L\u00e9onie-3F-nouvelle-2.pdf\" width=\"100%\" height=\"600px\" style=\"border:0;\"><\/iframe>\n<p>&nbsp;<\/p>\n<p><img decoding=\"async\" class=\"wp-image-173 alignnone\" src=\"http:\/\/www.stjb-delasalle.fr\/wp-content\/uploads\/2017\/06\/download.png\" alt=\"\" width=\"26\" height=\"26\" \/><strong><a href=\"https:\/\/www.stjb-delasalle.fr\/wp-content\/uploads\/2019\/05\/Jens-3F.pdf\" target=\"_blank\" rel=\"noopener noreferrer\">Nouvelle de Jens en 3F<\/a><br \/>\n<\/strong><\/p>\n<iframe class=\"wonderplugin-pdf-iframe\" src=\"https:\/\/www.stjb-delasalle.fr\/site\/wp-content\/plugins\/wonderplugin-pdf-embed\/pdfjslight\/web\/viewer.html?v=2&file=https:\/\/www.stjb-delasalle.fr\/wp-content\/uploads\/2019\/05\/Jens-3F.pdf\" width=\"100%\" height=\"600px\" style=\"border:0;\"><\/iframe>\n<p>&nbsp;<\/p>\n<p><img decoding=\"async\" class=\"wp-image-173 alignnone\" src=\"http:\/\/www.stjb-delasalle.fr\/wp-content\/uploads\/2017\/06\/download.png\" alt=\"\" width=\"26\" height=\"26\" \/><strong><a href=\"https:\/\/www.stjb-delasalle.fr\/wp-content\/uploads\/2019\/05\/Lucile-3B.pdf\" target=\"_blank\" rel=\"noopener noreferrer\">Nouvelle de Lucile en 3B<\/a><br \/>\n<\/strong><\/p>\n<iframe class=\"wonderplugin-pdf-iframe\" src=\"https:\/\/www.stjb-delasalle.fr\/site\/wp-content\/plugins\/wonderplugin-pdf-embed\/pdfjslight\/web\/viewer.html?v=2&file=https:\/\/www.stjb-delasalle.fr\/wp-content\/uploads\/2019\/05\/Lucile-3B.pdf\" width=\"100%\" height=\"600px\" style=\"border:0;\"><\/iframe>\n<p>&nbsp;<\/p>\n<p><img decoding=\"async\" class=\"wp-image-173 alignnone\" src=\"http:\/\/www.stjb-delasalle.fr\/wp-content\/uploads\/2017\/06\/download.png\" alt=\"\" width=\"26\" height=\"26\" \/><strong><a href=\"https:\/\/www.stjb-delasalle.fr\/wp-content\/uploads\/2019\/05\/Vianney-3D.pdf\" target=\"_blank\" rel=\"noopener noreferrer\">Nouvelle de Vianey en 3D<\/a><br \/>\n<\/strong><\/p>\n<iframe class=\"wonderplugin-pdf-iframe\" src=\"https:\/\/www.stjb-delasalle.fr\/site\/wp-content\/plugins\/wonderplugin-pdf-embed\/pdfjslight\/web\/viewer.html?v=2&file=https:\/\/www.stjb-delasalle.fr\/wp-content\/uploads\/2019\/05\/Vianney-3D.pdf\" width=\"100%\" height=\"600px\" style=\"border:0;\"><\/iframe>\n<p>&nbsp;<\/p>\n<p><img decoding=\"async\" class=\"wp-image-173 alignnone\" src=\"http:\/\/www.stjb-delasalle.fr\/wp-content\/uploads\/2017\/06\/download.png\" alt=\"\" width=\"26\" height=\"26\" \/><strong><a href=\"https:\/\/www.stjb-delasalle.fr\/wp-content\/uploads\/2019\/05\/Corentin-et-Antoine-3F.pdf\" target=\"_blank\" rel=\"noopener noreferrer\">Nouvelle de Corentin et Antoine en 3F<\/a><br \/>\n<\/strong><\/p>\n<iframe class=\"wonderplugin-pdf-iframe\" src=\"https:\/\/www.stjb-delasalle.fr\/site\/wp-content\/plugins\/wonderplugin-pdf-embed\/pdfjslight\/web\/viewer.html?v=2&file=https:\/\/www.stjb-delasalle.fr\/wp-content\/uploads\/2019\/05\/Corentin-et-Antoine-3F.pdf\" width=\"100%\" height=\"600px\" style=\"border:0;\"><\/iframe>\n<p>&nbsp;<\/p>\n<p><img decoding=\"async\" class=\"wp-image-173 alignnone\" src=\"http:\/\/www.stjb-delasalle.fr\/wp-content\/uploads\/2017\/06\/download.png\" alt=\"\" width=\"26\" height=\"26\" \/><strong><a href=\"https:\/\/www.stjb-delasalle.fr\/wp-content\/uploads\/2019\/05\/Pauline-3E.pdf\" target=\"_blank\" rel=\"noopener noreferrer\">Nouvelle de Pauline en 3E<\/a><br \/>\n<\/strong><\/p>\n<iframe class=\"wonderplugin-pdf-iframe\" src=\"https:\/\/www.stjb-delasalle.fr\/site\/wp-content\/plugins\/wonderplugin-pdf-embed\/pdfjslight\/web\/viewer.html?v=2&file=https:\/\/www.stjb-delasalle.fr\/wp-content\/uploads\/2019\/05\/Pauline-3E.pdf\" width=\"100%\" height=\"600px\" style=\"border:0;\"><\/iframe>\n","protected":false},"excerpt":{"rendered":"<p>Mardi 26 F\u00e9vrier 2019, tous les \u00e9l\u00e8ves de 3\u00e8me sont all\u00e9s \u00e0 Caen afin de rendre plus concr\u00e8tes certaines parties du programme d\u2019Histoire sur la Seconde Guerre Mondiale, \u00e0 travers la visite du cimeti\u00e8re am\u00e9ricain d&rsquo;Omaha et du M\u00e9morial de Caen. Au retour, il a \u00e9t\u00e9 demand\u00e9 aux \u00e9l\u00e8ves de r\u00e9diger \u00e0 l\u2019aide de l\u2019outil [&hellip;]<\/p>\n","protected":false},"author":1,"featured_media":3733,"comment_status":"closed","ping_status":"closed","sticky":false,"template":"","format":"gallery","meta":{"site-sidebar-layout":"default","site-content-layout":"","ast-site-content-layout":"default","site-content-style":"default","site-sidebar-style":"default","ast-global-header-display":"","ast-banner-title-visibility":"","ast-main-header-display":"","ast-hfb-above-header-display":"","ast-hfb-below-header-display":"","ast-hfb-mobile-header-display":"","site-post-title":"","ast-breadcrumbs-content":"","ast-featured-img":"","footer-sml-layout":"","ast-disable-related-posts":"","theme-transparent-header-meta":"","adv-header-id-meta":"","stick-header-meta":"","header-above-stick-meta":"","header-main-stick-meta":"","header-below-stick-meta":"","astra-migrate-meta-layouts":"default","ast-page-background-enabled":"default","ast-page-background-meta":{"desktop":{"background-color":"var(--ast-global-color-4)","background-image":"","background-repeat":"repeat","background-position":"center center","background-size":"auto","background-attachment":"scroll","background-type":"","background-media":"","overlay-type":"","overlay-color":"","overlay-opacity":"","overlay-gradient":""},"tablet":{"background-color":"","background-image":"","background-repeat":"repeat","background-position":"center center","background-size":"auto","background-attachment":"scroll","background-type":"","background-media":"","overlay-type":"","overlay-color":"","overlay-opacity":"","overlay-gradient":""},"mobile":{"background-color":"","background-image":"","background-repeat":"repeat","background-position":"center center","background-size":"auto","background-attachment":"scroll","background-type":"","background-media":"","overlay-type":"","overlay-color":"","overlay-opacity":"","overlay-gradient":""}},"ast-content-background-meta":{"desktop":{"background-color":"var(--ast-global-color-5)","background-image":"","background-repeat":"repeat","background-position":"center center","background-size":"auto","background-attachment":"scroll","background-type":"","background-media":"","overlay-type":"","overlay-color":"","overlay-opacity":"","overlay-gradient":""},"tablet":{"background-color":"var(--ast-global-color-5)","background-image":"","background-repeat":"repeat","background-position":"center center","background-size":"auto","background-attachment":"scroll","background-type":"","background-media":"","overlay-type":"","overlay-color":"","overlay-opacity":"","overlay-gradient":""},"mobile":{"background-color":"var(--ast-global-color-5)","background-image":"","background-repeat":"repeat","background-position":"center center","background-size":"auto","background-attachment":"scroll","background-type":"","background-media":"","overlay-type":"","overlay-color":"","overlay-opacity":"","overlay-gradient":""}},"footnotes":""},"categories":[6],"tags":[],"class_list":["post-3732","post","type-post","status-publish","format-gallery","has-post-thumbnail","hentry","category-college","post_format-post-format-gallery"],"yoast_head":"<!-- This site is optimized with the Yoast SEO plugin v27.5 - https:\/\/yoast.com\/product\/yoast-seo-wordpress\/ -->\n<title>Journ\u00e9e \u00e0 Caen \/ M\u00e9morial &amp; Cimeti\u00e8re am\u00e9ricain - Coll\u00e8ge Saint Jean Baptiste de La Salle<\/title>\n<meta name=\"robots\" content=\"index, follow, max-snippet:-1, max-image-preview:large, max-video-preview:-1\" \/>\n<link rel=\"canonical\" href=\"https:\/\/www.stjb-delasalle.fr\/site\/2019\/05\/15\/journee-a-caen-memorial-cimetiere-americain\/\" \/>\n<meta property=\"og:locale\" content=\"fr_FR\" \/>\n<meta property=\"og:type\" content=\"article\" \/>\n<meta property=\"og:title\" content=\"Journ\u00e9e \u00e0 Caen \/ M\u00e9morial &amp; Cimeti\u00e8re am\u00e9ricain - Coll\u00e8ge Saint Jean Baptiste de La Salle\" \/>\n<meta property=\"og:description\" content=\"Mardi 26 F\u00e9vrier 2019, tous les \u00e9l\u00e8ves de 3\u00e8me sont all\u00e9s \u00e0 Caen afin de rendre plus concr\u00e8tes certaines parties du programme d\u2019Histoire sur la Seconde Guerre Mondiale, \u00e0 travers la visite du cimeti\u00e8re am\u00e9ricain d&rsquo;Omaha et du M\u00e9morial de Caen. Au retour, il a \u00e9t\u00e9 demand\u00e9 aux \u00e9l\u00e8ves de r\u00e9diger \u00e0 l\u2019aide de l\u2019outil [&hellip;]\" \/>\n<meta property=\"og:url\" content=\"https:\/\/www.stjb-delasalle.fr\/site\/2019\/05\/15\/journee-a-caen-memorial-cimetiere-americain\/\" \/>\n<meta property=\"og:site_name\" content=\"Coll\u00e8ge Saint Jean Baptiste de La Salle\" \/>\n<meta property=\"article:published_time\" content=\"2019-05-15T11:01:58+00:00\" \/>\n<meta name=\"author\" content=\"r.zucchetti\" \/>\n<meta name=\"twitter:card\" content=\"summary_large_image\" \/>\n<meta name=\"twitter:label1\" content=\"\u00c9crit par\" \/>\n\t<meta name=\"twitter:data1\" content=\"r.zucchetti\" \/>\n\t<meta name=\"twitter:label2\" content=\"Dur\u00e9e de lecture estim\u00e9e\" \/>\n\t<meta name=\"twitter:data2\" content=\"2 minutes\" \/>\n<script type=\"application\/ld+json\" class=\"yoast-schema-graph\">{\"@context\":\"https:\\\/\\\/schema.org\",\"@graph\":[{\"@type\":\"Article\",\"@id\":\"https:\\\/\\\/www.stjb-delasalle.fr\\\/site\\\/2019\\\/05\\\/15\\\/journee-a-caen-memorial-cimetiere-americain\\\/#article\",\"isPartOf\":{\"@id\":\"https:\\\/\\\/www.stjb-delasalle.fr\\\/site\\\/2019\\\/05\\\/15\\\/journee-a-caen-memorial-cimetiere-americain\\\/\"},\"author\":{\"name\":\"r.zucchetti\",\"@id\":\"https:\\\/\\\/www.stjb-delasalle.fr\\\/site\\\/#\\\/schema\\\/person\\\/36988a7b4178dd69b805a25eea2b8f8f\"},\"headline\":\"Journ\u00e9e \u00e0 Caen \\\/ M\u00e9morial &#038; Cimeti\u00e8re am\u00e9ricain\",\"datePublished\":\"2019-05-15T11:01:58+00:00\",\"mainEntityOfPage\":{\"@id\":\"https:\\\/\\\/www.stjb-delasalle.fr\\\/site\\\/2019\\\/05\\\/15\\\/journee-a-caen-memorial-cimetiere-americain\\\/\"},\"wordCount\":336,\"publisher\":{\"@id\":\"https:\\\/\\\/www.stjb-delasalle.fr\\\/site\\\/#organization\"},\"image\":{\"@id\":\"https:\\\/\\\/www.stjb-delasalle.fr\\\/site\\\/2019\\\/05\\\/15\\\/journee-a-caen-memorial-cimetiere-americain\\\/#primaryimage\"},\"thumbnailUrl\":\"\",\"articleSection\":[\"Coll\u00e8ge\"],\"inLanguage\":\"fr-FR\"},{\"@type\":\"WebPage\",\"@id\":\"https:\\\/\\\/www.stjb-delasalle.fr\\\/site\\\/2019\\\/05\\\/15\\\/journee-a-caen-memorial-cimetiere-americain\\\/\",\"url\":\"https:\\\/\\\/www.stjb-delasalle.fr\\\/site\\\/2019\\\/05\\\/15\\\/journee-a-caen-memorial-cimetiere-americain\\\/\",\"name\":\"Journ\u00e9e \u00e0 Caen \\\/ M\u00e9morial & Cimeti\u00e8re am\u00e9ricain - Coll\u00e8ge Saint Jean Baptiste de La Salle\",\"isPartOf\":{\"@id\":\"https:\\\/\\\/www.stjb-delasalle.fr\\\/site\\\/#website\"},\"primaryImageOfPage\":{\"@id\":\"https:\\\/\\\/www.stjb-delasalle.fr\\\/site\\\/2019\\\/05\\\/15\\\/journee-a-caen-memorial-cimetiere-americain\\\/#primaryimage\"},\"image\":{\"@id\":\"https:\\\/\\\/www.stjb-delasalle.fr\\\/site\\\/2019\\\/05\\\/15\\\/journee-a-caen-memorial-cimetiere-americain\\\/#primaryimage\"},\"thumbnailUrl\":\"\",\"datePublished\":\"2019-05-15T11:01:58+00:00\",\"breadcrumb\":{\"@id\":\"https:\\\/\\\/www.stjb-delasalle.fr\\\/site\\\/2019\\\/05\\\/15\\\/journee-a-caen-memorial-cimetiere-americain\\\/#breadcrumb\"},\"inLanguage\":\"fr-FR\",\"potentialAction\":[{\"@type\":\"ReadAction\",\"target\":[\"https:\\\/\\\/www.stjb-delasalle.fr\\\/site\\\/2019\\\/05\\\/15\\\/journee-a-caen-memorial-cimetiere-americain\\\/\"]}]},{\"@type\":\"ImageObject\",\"inLanguage\":\"fr-FR\",\"@id\":\"https:\\\/\\\/www.stjb-delasalle.fr\\\/site\\\/2019\\\/05\\\/15\\\/journee-a-caen-memorial-cimetiere-americain\\\/#primaryimage\",\"url\":\"\",\"contentUrl\":\"\"},{\"@type\":\"BreadcrumbList\",\"@id\":\"https:\\\/\\\/www.stjb-delasalle.fr\\\/site\\\/2019\\\/05\\\/15\\\/journee-a-caen-memorial-cimetiere-americain\\\/#breadcrumb\",\"itemListElement\":[{\"@type\":\"ListItem\",\"position\":1,\"name\":\"Accueil\",\"item\":\"https:\\\/\\\/www.stjb-delasalle.fr\\\/site\\\/\"},{\"@type\":\"ListItem\",\"position\":2,\"name\":\"Journ\u00e9e \u00e0 Caen \\\/ M\u00e9morial &#038; Cimeti\u00e8re am\u00e9ricain\"}]},{\"@type\":\"WebSite\",\"@id\":\"https:\\\/\\\/www.stjb-delasalle.fr\\\/site\\\/#website\",\"url\":\"https:\\\/\\\/www.stjb-delasalle.fr\\\/site\\\/\",\"name\":\"Coll\u00e8ge Saint Jean Baptiste de La Salle\",\"description\":\"Notre coll\u00e8ge vous accueille sur le site du Rancher \u00e0 Teloch\u00e9\",\"publisher\":{\"@id\":\"https:\\\/\\\/www.stjb-delasalle.fr\\\/site\\\/#organization\"},\"potentialAction\":[{\"@type\":\"SearchAction\",\"target\":{\"@type\":\"EntryPoint\",\"urlTemplate\":\"https:\\\/\\\/www.stjb-delasalle.fr\\\/site\\\/?s={search_term_string}\"},\"query-input\":{\"@type\":\"PropertyValueSpecification\",\"valueRequired\":true,\"valueName\":\"search_term_string\"}}],\"inLanguage\":\"fr-FR\"},{\"@type\":\"Organization\",\"@id\":\"https:\\\/\\\/www.stjb-delasalle.fr\\\/site\\\/#organization\",\"name\":\"Coll\u00e8ge Saint Jean Baptiste de La Salle\",\"url\":\"https:\\\/\\\/www.stjb-delasalle.fr\\\/site\\\/\",\"logo\":{\"@type\":\"ImageObject\",\"inLanguage\":\"fr-FR\",\"@id\":\"https:\\\/\\\/www.stjb-delasalle.fr\\\/site\\\/#\\\/schema\\\/logo\\\/image\\\/\",\"url\":\"https:\\\/\\\/www.stjb-delasalle.fr\\\/site\\\/wp-content\\\/uploads\\\/2021\\\/11\\\/logostjb_petit_transp.png\",\"contentUrl\":\"https:\\\/\\\/www.stjb-delasalle.fr\\\/site\\\/wp-content\\\/uploads\\\/2021\\\/11\\\/logostjb_petit_transp.png\",\"width\":180,\"height\":127,\"caption\":\"Coll\u00e8ge Saint Jean Baptiste de La Salle\"},\"image\":{\"@id\":\"https:\\\/\\\/www.stjb-delasalle.fr\\\/site\\\/#\\\/schema\\\/logo\\\/image\\\/\"}},{\"@type\":\"Person\",\"@id\":\"https:\\\/\\\/www.stjb-delasalle.fr\\\/site\\\/#\\\/schema\\\/person\\\/36988a7b4178dd69b805a25eea2b8f8f\",\"name\":\"r.zucchetti\",\"image\":{\"@type\":\"ImageObject\",\"inLanguage\":\"fr-FR\",\"@id\":\"https:\\\/\\\/secure.gravatar.com\\\/avatar\\\/de909cd474d221f967baff6582e1e559c4977b81139138190583ff7dda97b212?s=96&d=mm&r=g\",\"url\":\"https:\\\/\\\/secure.gravatar.com\\\/avatar\\\/de909cd474d221f967baff6582e1e559c4977b81139138190583ff7dda97b212?s=96&d=mm&r=g\",\"contentUrl\":\"https:\\\/\\\/secure.gravatar.com\\\/avatar\\\/de909cd474d221f967baff6582e1e559c4977b81139138190583ff7dda97b212?s=96&d=mm&r=g\",\"caption\":\"r.zucchetti\"},\"sameAs\":[\"https:\\\/\\\/www.stjb-delasalle.fr\\\/site\"],\"url\":\"https:\\\/\\\/www.stjb-delasalle.fr\\\/site\\\/author\\\/r-zucchetti\\\/\"}]}<\/script>\n<!-- \/ Yoast SEO plugin. -->","yoast_head_json":{"title":"Journ\u00e9e \u00e0 Caen \/ M\u00e9morial & Cimeti\u00e8re am\u00e9ricain - Coll\u00e8ge Saint Jean Baptiste de La Salle","robots":{"index":"index","follow":"follow","max-snippet":"max-snippet:-1","max-image-preview":"max-image-preview:large","max-video-preview":"max-video-preview:-1"},"canonical":"https:\/\/www.stjb-delasalle.fr\/site\/2019\/05\/15\/journee-a-caen-memorial-cimetiere-americain\/","og_locale":"fr_FR","og_type":"article","og_title":"Journ\u00e9e \u00e0 Caen \/ M\u00e9morial & Cimeti\u00e8re am\u00e9ricain - Coll\u00e8ge Saint Jean Baptiste de La Salle","og_description":"Mardi 26 F\u00e9vrier 2019, tous les \u00e9l\u00e8ves de 3\u00e8me sont all\u00e9s \u00e0 Caen afin de rendre plus concr\u00e8tes certaines parties du programme d\u2019Histoire sur la Seconde Guerre Mondiale, \u00e0 travers la visite du cimeti\u00e8re am\u00e9ricain d&rsquo;Omaha et du M\u00e9morial de Caen. Au retour, il a \u00e9t\u00e9 demand\u00e9 aux \u00e9l\u00e8ves de r\u00e9diger \u00e0 l\u2019aide de l\u2019outil [&hellip;]","og_url":"https:\/\/www.stjb-delasalle.fr\/site\/2019\/05\/15\/journee-a-caen-memorial-cimetiere-americain\/","og_site_name":"Coll\u00e8ge Saint Jean Baptiste de La Salle","article_published_time":"2019-05-15T11:01:58+00:00","author":"r.zucchetti","twitter_card":"summary_large_image","twitter_misc":{"\u00c9crit par":"r.zucchetti","Dur\u00e9e de lecture estim\u00e9e":"2 minutes"},"schema":{"@context":"https:\/\/schema.org","@graph":[{"@type":"Article","@id":"https:\/\/www.stjb-delasalle.fr\/site\/2019\/05\/15\/journee-a-caen-memorial-cimetiere-americain\/#article","isPartOf":{"@id":"https:\/\/www.stjb-delasalle.fr\/site\/2019\/05\/15\/journee-a-caen-memorial-cimetiere-americain\/"},"author":{"name":"r.zucchetti","@id":"https:\/\/www.stjb-delasalle.fr\/site\/#\/schema\/person\/36988a7b4178dd69b805a25eea2b8f8f"},"headline":"Journ\u00e9e \u00e0 Caen \/ M\u00e9morial &#038; Cimeti\u00e8re am\u00e9ricain","datePublished":"2019-05-15T11:01:58+00:00","mainEntityOfPage":{"@id":"https:\/\/www.stjb-delasalle.fr\/site\/2019\/05\/15\/journee-a-caen-memorial-cimetiere-americain\/"},"wordCount":336,"publisher":{"@id":"https:\/\/www.stjb-delasalle.fr\/site\/#organization"},"image":{"@id":"https:\/\/www.stjb-delasalle.fr\/site\/2019\/05\/15\/journee-a-caen-memorial-cimetiere-americain\/#primaryimage"},"thumbnailUrl":"","articleSection":["Coll\u00e8ge"],"inLanguage":"fr-FR"},{"@type":"WebPage","@id":"https:\/\/www.stjb-delasalle.fr\/site\/2019\/05\/15\/journee-a-caen-memorial-cimetiere-americain\/","url":"https:\/\/www.stjb-delasalle.fr\/site\/2019\/05\/15\/journee-a-caen-memorial-cimetiere-americain\/","name":"Journ\u00e9e \u00e0 Caen \/ M\u00e9morial & Cimeti\u00e8re am\u00e9ricain - Coll\u00e8ge Saint Jean Baptiste de La Salle","isPartOf":{"@id":"https:\/\/www.stjb-delasalle.fr\/site\/#website"},"primaryImageOfPage":{"@id":"https:\/\/www.stjb-delasalle.fr\/site\/2019\/05\/15\/journee-a-caen-memorial-cimetiere-americain\/#primaryimage"},"image":{"@id":"https:\/\/www.stjb-delasalle.fr\/site\/2019\/05\/15\/journee-a-caen-memorial-cimetiere-americain\/#primaryimage"},"thumbnailUrl":"","datePublished":"2019-05-15T11:01:58+00:00","breadcrumb":{"@id":"https:\/\/www.stjb-delasalle.fr\/site\/2019\/05\/15\/journee-a-caen-memorial-cimetiere-americain\/#breadcrumb"},"inLanguage":"fr-FR","potentialAction":[{"@type":"ReadAction","target":["https:\/\/www.stjb-delasalle.fr\/site\/2019\/05\/15\/journee-a-caen-memorial-cimetiere-americain\/"]}]},{"@type":"ImageObject","inLanguage":"fr-FR","@id":"https:\/\/www.stjb-delasalle.fr\/site\/2019\/05\/15\/journee-a-caen-memorial-cimetiere-americain\/#primaryimage","url":"","contentUrl":""},{"@type":"BreadcrumbList","@id":"https:\/\/www.stjb-delasalle.fr\/site\/2019\/05\/15\/journee-a-caen-memorial-cimetiere-americain\/#breadcrumb","itemListElement":[{"@type":"ListItem","position":1,"name":"Accueil","item":"https:\/\/www.stjb-delasalle.fr\/site\/"},{"@type":"ListItem","position":2,"name":"Journ\u00e9e \u00e0 Caen \/ M\u00e9morial &#038; Cimeti\u00e8re am\u00e9ricain"}]},{"@type":"WebSite","@id":"https:\/\/www.stjb-delasalle.fr\/site\/#website","url":"https:\/\/www.stjb-delasalle.fr\/site\/","name":"Coll\u00e8ge Saint Jean Baptiste de La Salle","description":"Notre coll\u00e8ge vous accueille sur le site du Rancher \u00e0 Teloch\u00e9","publisher":{"@id":"https:\/\/www.stjb-delasalle.fr\/site\/#organization"},"potentialAction":[{"@type":"SearchAction","target":{"@type":"EntryPoint","urlTemplate":"https:\/\/www.stjb-delasalle.fr\/site\/?s={search_term_string}"},"query-input":{"@type":"PropertyValueSpecification","valueRequired":true,"valueName":"search_term_string"}}],"inLanguage":"fr-FR"},{"@type":"Organization","@id":"https:\/\/www.stjb-delasalle.fr\/site\/#organization","name":"Coll\u00e8ge Saint Jean Baptiste de La Salle","url":"https:\/\/www.stjb-delasalle.fr\/site\/","logo":{"@type":"ImageObject","inLanguage":"fr-FR","@id":"https:\/\/www.stjb-delasalle.fr\/site\/#\/schema\/logo\/image\/","url":"https:\/\/www.stjb-delasalle.fr\/site\/wp-content\/uploads\/2021\/11\/logostjb_petit_transp.png","contentUrl":"https:\/\/www.stjb-delasalle.fr\/site\/wp-content\/uploads\/2021\/11\/logostjb_petit_transp.png","width":180,"height":127,"caption":"Coll\u00e8ge Saint Jean Baptiste de La Salle"},"image":{"@id":"https:\/\/www.stjb-delasalle.fr\/site\/#\/schema\/logo\/image\/"}},{"@type":"Person","@id":"https:\/\/www.stjb-delasalle.fr\/site\/#\/schema\/person\/36988a7b4178dd69b805a25eea2b8f8f","name":"r.zucchetti","image":{"@type":"ImageObject","inLanguage":"fr-FR","@id":"https:\/\/secure.gravatar.com\/avatar\/de909cd474d221f967baff6582e1e559c4977b81139138190583ff7dda97b212?s=96&d=mm&r=g","url":"https:\/\/secure.gravatar.com\/avatar\/de909cd474d221f967baff6582e1e559c4977b81139138190583ff7dda97b212?s=96&d=mm&r=g","contentUrl":"https:\/\/secure.gravatar.com\/avatar\/de909cd474d221f967baff6582e1e559c4977b81139138190583ff7dda97b212?s=96&d=mm&r=g","caption":"r.zucchetti"},"sameAs":["https:\/\/www.stjb-delasalle.fr\/site"],"url":"https:\/\/www.stjb-delasalle.fr\/site\/author\/r-zucchetti\/"}]}},"_links":{"self":[{"href":"https:\/\/www.stjb-delasalle.fr\/site\/wp-json\/wp\/v2\/posts\/3732","targetHints":{"allow":["GET"]}}],"collection":[{"href":"https:\/\/www.stjb-delasalle.fr\/site\/wp-json\/wp\/v2\/posts"}],"about":[{"href":"https:\/\/www.stjb-delasalle.fr\/site\/wp-json\/wp\/v2\/types\/post"}],"author":[{"embeddable":true,"href":"https:\/\/www.stjb-delasalle.fr\/site\/wp-json\/wp\/v2\/users\/1"}],"replies":[{"embeddable":true,"href":"https:\/\/www.stjb-delasalle.fr\/site\/wp-json\/wp\/v2\/comments?post=3732"}],"version-history":[{"count":0,"href":"https:\/\/www.stjb-delasalle.fr\/site\/wp-json\/wp\/v2\/posts\/3732\/revisions"}],"wp:featuredmedia":[{"embeddable":true,"href":"https:\/\/www.stjb-delasalle.fr\/site\/wp-json\/"}],"wp:attachment":[{"href":"https:\/\/www.stjb-delasalle.fr\/site\/wp-json\/wp\/v2\/media?parent=3732"}],"wp:term":[{"taxonomy":"category","embeddable":true,"href":"https:\/\/www.stjb-delasalle.fr\/site\/wp-json\/wp\/v2\/categories?post=3732"},{"taxonomy":"post_tag","embeddable":true,"href":"https:\/\/www.stjb-delasalle.fr\/site\/wp-json\/wp\/v2\/tags?post=3732"}],"curies":[{"name":"wp","href":"https:\/\/api.w.org\/{rel}","templated":true}]}}