{"id":3620,"date":"2019-05-03T12:23:23","date_gmt":"2019-05-03T10:23:23","guid":{"rendered":"https:\/\/www.stjb-delasalle.fr\/?p=3620"},"modified":"2019-05-03T12:23:23","modified_gmt":"2019-05-03T10:23:23","slug":"carre-potager-en-permaculture","status":"publish","type":"post","link":"https:\/\/www.stjb-delasalle.fr\/site\/2019\/05\/03\/carre-potager-en-permaculture\/","title":{"rendered":"Carr\u00e9 Potager en Permaculture"},"content":{"rendered":"<p>Un groupe d\u2019\u00e9l\u00e8ves de 5<sup>\u00e8me<\/sup> s\u2019adonne chaque jeudi ente 13h00 et 14h00 avec Mme Long (Professeur de Maths) \u00e0 r\u00e9aliser et entretenir ce petit coin de jardin depuis f\u00e9vrier.<\/p>\n<p>L\u2019id\u00e9e est partie suite au projet de la maison \u00e9colo r\u00e9alis\u00e9 en 3D en lien avec l\u2019\u00e9pi 5<sup>\u00e8me<\/sup> \u00ab\u00a0d\u00e9veloppement durable\u00a0\u00bb\u00a0; la r\u00e9alisation d\u2019un jardin en permaculture est n\u00e9e dans l\u2019id\u00e9e aussi de produire les l\u00e9gumes et les aromates pour la recette d\u2019\u00a0\u00ab<strong>\u00a0Eco Marmiton<\/strong>\u00a0\u00bb\u00a0<em> (concours r\u00e9alis\u00e9 par le Conseil G\u00e9n\u00e9ral qui aura lieu le lundi 27 mai 2019.)<\/em><\/p>\n<p>Une visite d\u2019une ferme r\u00e9alisant la permaculture a \u00e9t\u00e9 effectu\u00e9e en Mars ainsi que la visite d\u2019une exploitation de m\u00e9thanisation, deux curiosit\u00e9s nouvelles pour ces 5<sup>\u00e8mes<\/sup>.<\/p>\n<p>Au retour de celles-ci, l\u2019\u00e9quipe a pr\u00e9par\u00e9 le terrain en b\u00eachant avec une grelinette et en paillant\u00a0 le sol. Depuis ces jeunes s\u2019investissent \u00e0 100% pour entretenir, planter, arroser tous les plants mis en place\u00a0: salades, courgettes, betteraves, potimarron, tomates, haricots, blettes, rhubarbe, pommes de terre et \u00e9galement des aromates plant\u00e9es par les \u00e9l\u00e8ves de la classe ULIS\u00a0 sous la houlette de Mme Bizet ( professeur de SVT) persil, ciboulette, sauge, estragon \u2026.<\/p>\n<p>Quelques fleurs prendront place \u00e9galement afin de faire face aux insectes nuisibles\u00a0: la capucine qui attire les pucerons, les \u0153illets d\u2019inde\u00a0 qui \u00e9viteront l\u2019oidium sur les tomates et les courgettes et les potimarrons&#8230; Le paillage mis en place emp\u00eache les mauvaises herbes de pousser \u00e9galement.<\/p>\n<p>Nous esp\u00e9rons que la cueillette\u00a0 sera f\u00e9conde et que les l\u00e9gumes \u00ab\u00a0bio\u00a0\u00bb seront appr\u00e9ci\u00e9s par nos futurs petits chefs en herbe\u00a0!! Ils sont tous dans l\u2019impatience du r\u00e9sultat.<\/p>\n<p>Mme Galliot<\/p>\n<p><em>P.S\u00a0: n\u2019h\u00e9sitez pas \u00e0 regarder les photos prises par notre petit reporteur Elodie<\/em><\/p>\n","protected":false},"excerpt":{"rendered":"<p>Un groupe d\u2019\u00e9l\u00e8ves de 5\u00e8me s\u2019adonne chaque jeudi ente 13h00 et 14h00 avec Mme Long (Professeur de Maths) \u00e0 r\u00e9aliser et entretenir ce petit coin de jardin depuis f\u00e9vrier. L\u2019id\u00e9e est partie suite au projet de la maison \u00e9colo r\u00e9alis\u00e9 en 3D en lien avec l\u2019\u00e9pi 5\u00e8me \u00ab\u00a0d\u00e9veloppement durable\u00a0\u00bb\u00a0; la r\u00e9alisation d\u2019un jardin en permaculture [&hellip;]<\/p>\n","protected":false},"author":1,"featured_media":3621,"comment_status":"closed","ping_status":"closed","sticky":false,"template":"","format":"gallery","meta":{"site-sidebar-layout":"default","site-content-layout":"","ast-site-content-layout":"default","site-content-style":"default","site-sidebar-style":"default","ast-global-header-display":"","ast-banner-title-visibility":"","ast-main-header-display":"","ast-hfb-above-header-display":"","ast-hfb-below-header-display":"","ast-hfb-mobile-header-display":"","site-post-title":"","ast-breadcrumbs-content":"","ast-featured-img":"","footer-sml-layout":"","ast-disable-related-posts":"","theme-transparent-header-meta":"","adv-header-id-meta":"","stick-header-meta":"","header-above-stick-meta":"","header-main-stick-meta":"","header-below-stick-meta":"","astra-migrate-meta-layouts":"default","ast-page-background-enabled":"default","ast-page-background-meta":{"desktop":{"background-color":"var(--ast-global-color-4)","background-image":"","background-repeat":"repeat","background-position":"center center","background-size":"auto","background-attachment":"scroll","background-type":"","background-media":"","overlay-type":"","overlay-color":"","overlay-opacity":"","overlay-gradient":""},"tablet":{"background-color":"","background-image":"","background-repeat":"repeat","background-position":"center center","background-size":"auto","background-attachment":"scroll","background-type":"","background-media":"","overlay-type":"","overlay-color":"","overlay-opacity":"","overlay-gradient":""},"mobile":{"background-color":"","background-image":"","background-repeat":"repeat","background-position":"center center","background-size":"auto","background-attachment":"scroll","background-type":"","background-media":"","overlay-type":"","overlay-color":"","overlay-opacity":"","overlay-gradient":""}},"ast-content-background-meta":{"desktop":{"background-color":"var(--ast-global-color-5)","background-image":"","background-repeat":"repeat","background-position":"center center","background-size":"auto","background-attachment":"scroll","background-type":"","background-media":"","overlay-type":"","overlay-color":"","overlay-opacity":"","overlay-gradient":""},"tablet":{"background-color":"var(--ast-global-color-5)","background-image":"","background-repeat":"repeat","background-position":"center center","background-size":"auto","background-attachment":"scroll","background-type":"","background-media":"","overlay-type":"","overlay-color":"","overlay-opacity":"","overlay-gradient":""},"mobile":{"background-color":"var(--ast-global-color-5)","background-image":"","background-repeat":"repeat","background-position":"center center","background-size":"auto","background-attachment":"scroll","background-type":"","background-media":"","overlay-type":"","overlay-color":"","overlay-opacity":"","overlay-gradient":""}},"footnotes":""},"categories":[6],"tags":[],"class_list":["post-3620","post","type-post","status-publish","format-gallery","has-post-thumbnail","hentry","category-college","post_format-post-format-gallery"],"yoast_head":"<!-- This site is optimized with the Yoast SEO plugin v27.5 - https:\/\/yoast.com\/product\/yoast-seo-wordpress\/ -->\n<title>Carr\u00e9 Potager en Permaculture - Coll\u00e8ge Saint Jean Baptiste de La Salle<\/title>\n<meta name=\"robots\" content=\"index, follow, max-snippet:-1, max-image-preview:large, max-video-preview:-1\" \/>\n<link rel=\"canonical\" href=\"https:\/\/www.stjb-delasalle.fr\/site\/2019\/05\/03\/carre-potager-en-permaculture\/\" \/>\n<meta property=\"og:locale\" content=\"fr_FR\" \/>\n<meta property=\"og:type\" content=\"article\" \/>\n<meta property=\"og:title\" content=\"Carr\u00e9 Potager en Permaculture - Coll\u00e8ge Saint Jean Baptiste de La Salle\" \/>\n<meta property=\"og:description\" content=\"Un groupe d\u2019\u00e9l\u00e8ves de 5\u00e8me s\u2019adonne chaque jeudi ente 13h00 et 14h00 avec Mme Long (Professeur de Maths) \u00e0 r\u00e9aliser et entretenir ce petit coin de jardin depuis f\u00e9vrier. L\u2019id\u00e9e est partie suite au projet de la maison \u00e9colo r\u00e9alis\u00e9 en 3D en lien avec l\u2019\u00e9pi 5\u00e8me \u00ab\u00a0d\u00e9veloppement durable\u00a0\u00bb\u00a0; la r\u00e9alisation d\u2019un jardin en permaculture [&hellip;]\" \/>\n<meta property=\"og:url\" content=\"https:\/\/www.stjb-delasalle.fr\/site\/2019\/05\/03\/carre-potager-en-permaculture\/\" \/>\n<meta property=\"og:site_name\" content=\"Coll\u00e8ge Saint Jean Baptiste de La Salle\" \/>\n<meta property=\"article:published_time\" content=\"2019-05-03T10:23:23+00:00\" \/>\n<meta name=\"author\" content=\"r.zucchetti\" \/>\n<meta name=\"twitter:card\" content=\"summary_large_image\" \/>\n<meta name=\"twitter:label1\" content=\"\u00c9crit par\" \/>\n\t<meta name=\"twitter:data1\" content=\"r.zucchetti\" \/>\n\t<meta name=\"twitter:label2\" content=\"Dur\u00e9e de lecture estim\u00e9e\" \/>\n\t<meta name=\"twitter:data2\" content=\"2 minutes\" \/>\n<script type=\"application\/ld+json\" class=\"yoast-schema-graph\">{\"@context\":\"https:\\\/\\\/schema.org\",\"@graph\":[{\"@type\":\"Article\",\"@id\":\"https:\\\/\\\/www.stjb-delasalle.fr\\\/site\\\/2019\\\/05\\\/03\\\/carre-potager-en-permaculture\\\/#article\",\"isPartOf\":{\"@id\":\"https:\\\/\\\/www.stjb-delasalle.fr\\\/site\\\/2019\\\/05\\\/03\\\/carre-potager-en-permaculture\\\/\"},\"author\":{\"name\":\"r.zucchetti\",\"@id\":\"https:\\\/\\\/www.stjb-delasalle.fr\\\/site\\\/#\\\/schema\\\/person\\\/36988a7b4178dd69b805a25eea2b8f8f\"},\"headline\":\"Carr\u00e9 Potager en Permaculture\",\"datePublished\":\"2019-05-03T10:23:23+00:00\",\"mainEntityOfPage\":{\"@id\":\"https:\\\/\\\/www.stjb-delasalle.fr\\\/site\\\/2019\\\/05\\\/03\\\/carre-potager-en-permaculture\\\/\"},\"wordCount\":314,\"publisher\":{\"@id\":\"https:\\\/\\\/www.stjb-delasalle.fr\\\/site\\\/#organization\"},\"image\":{\"@id\":\"https:\\\/\\\/www.stjb-delasalle.fr\\\/site\\\/2019\\\/05\\\/03\\\/carre-potager-en-permaculture\\\/#primaryimage\"},\"thumbnailUrl\":\"\",\"articleSection\":[\"Coll\u00e8ge\"],\"inLanguage\":\"fr-FR\"},{\"@type\":\"WebPage\",\"@id\":\"https:\\\/\\\/www.stjb-delasalle.fr\\\/site\\\/2019\\\/05\\\/03\\\/carre-potager-en-permaculture\\\/\",\"url\":\"https:\\\/\\\/www.stjb-delasalle.fr\\\/site\\\/2019\\\/05\\\/03\\\/carre-potager-en-permaculture\\\/\",\"name\":\"Carr\u00e9 Potager en Permaculture - Coll\u00e8ge Saint Jean Baptiste de La Salle\",\"isPartOf\":{\"@id\":\"https:\\\/\\\/www.stjb-delasalle.fr\\\/site\\\/#website\"},\"primaryImageOfPage\":{\"@id\":\"https:\\\/\\\/www.stjb-delasalle.fr\\\/site\\\/2019\\\/05\\\/03\\\/carre-potager-en-permaculture\\\/#primaryimage\"},\"image\":{\"@id\":\"https:\\\/\\\/www.stjb-delasalle.fr\\\/site\\\/2019\\\/05\\\/03\\\/carre-potager-en-permaculture\\\/#primaryimage\"},\"thumbnailUrl\":\"\",\"datePublished\":\"2019-05-03T10:23:23+00:00\",\"breadcrumb\":{\"@id\":\"https:\\\/\\\/www.stjb-delasalle.fr\\\/site\\\/2019\\\/05\\\/03\\\/carre-potager-en-permaculture\\\/#breadcrumb\"},\"inLanguage\":\"fr-FR\",\"potentialAction\":[{\"@type\":\"ReadAction\",\"target\":[\"https:\\\/\\\/www.stjb-delasalle.fr\\\/site\\\/2019\\\/05\\\/03\\\/carre-potager-en-permaculture\\\/\"]}]},{\"@type\":\"ImageObject\",\"inLanguage\":\"fr-FR\",\"@id\":\"https:\\\/\\\/www.stjb-delasalle.fr\\\/site\\\/2019\\\/05\\\/03\\\/carre-potager-en-permaculture\\\/#primaryimage\",\"url\":\"\",\"contentUrl\":\"\"},{\"@type\":\"BreadcrumbList\",\"@id\":\"https:\\\/\\\/www.stjb-delasalle.fr\\\/site\\\/2019\\\/05\\\/03\\\/carre-potager-en-permaculture\\\/#breadcrumb\",\"itemListElement\":[{\"@type\":\"ListItem\",\"position\":1,\"name\":\"Accueil\",\"item\":\"https:\\\/\\\/www.stjb-delasalle.fr\\\/site\\\/\"},{\"@type\":\"ListItem\",\"position\":2,\"name\":\"Carr\u00e9 Potager en Permaculture\"}]},{\"@type\":\"WebSite\",\"@id\":\"https:\\\/\\\/www.stjb-delasalle.fr\\\/site\\\/#website\",\"url\":\"https:\\\/\\\/www.stjb-delasalle.fr\\\/site\\\/\",\"name\":\"Coll\u00e8ge Saint Jean Baptiste de La Salle\",\"description\":\"Notre coll\u00e8ge vous accueille sur le site du Rancher \u00e0 Teloch\u00e9\",\"publisher\":{\"@id\":\"https:\\\/\\\/www.stjb-delasalle.fr\\\/site\\\/#organization\"},\"potentialAction\":[{\"@type\":\"SearchAction\",\"target\":{\"@type\":\"EntryPoint\",\"urlTemplate\":\"https:\\\/\\\/www.stjb-delasalle.fr\\\/site\\\/?s={search_term_string}\"},\"query-input\":{\"@type\":\"PropertyValueSpecification\",\"valueRequired\":true,\"valueName\":\"search_term_string\"}}],\"inLanguage\":\"fr-FR\"},{\"@type\":\"Organization\",\"@id\":\"https:\\\/\\\/www.stjb-delasalle.fr\\\/site\\\/#organization\",\"name\":\"Coll\u00e8ge Saint Jean Baptiste de La Salle\",\"url\":\"https:\\\/\\\/www.stjb-delasalle.fr\\\/site\\\/\",\"logo\":{\"@type\":\"ImageObject\",\"inLanguage\":\"fr-FR\",\"@id\":\"https:\\\/\\\/www.stjb-delasalle.fr\\\/site\\\/#\\\/schema\\\/logo\\\/image\\\/\",\"url\":\"https:\\\/\\\/www.stjb-delasalle.fr\\\/site\\\/wp-content\\\/uploads\\\/2021\\\/11\\\/logostjb_petit_transp.png\",\"contentUrl\":\"https:\\\/\\\/www.stjb-delasalle.fr\\\/site\\\/wp-content\\\/uploads\\\/2021\\\/11\\\/logostjb_petit_transp.png\",\"width\":180,\"height\":127,\"caption\":\"Coll\u00e8ge Saint Jean Baptiste de La Salle\"},\"image\":{\"@id\":\"https:\\\/\\\/www.stjb-delasalle.fr\\\/site\\\/#\\\/schema\\\/logo\\\/image\\\/\"}},{\"@type\":\"Person\",\"@id\":\"https:\\\/\\\/www.stjb-delasalle.fr\\\/site\\\/#\\\/schema\\\/person\\\/36988a7b4178dd69b805a25eea2b8f8f\",\"name\":\"r.zucchetti\",\"image\":{\"@type\":\"ImageObject\",\"inLanguage\":\"fr-FR\",\"@id\":\"https:\\\/\\\/secure.gravatar.com\\\/avatar\\\/de909cd474d221f967baff6582e1e559c4977b81139138190583ff7dda97b212?s=96&d=mm&r=g\",\"url\":\"https:\\\/\\\/secure.gravatar.com\\\/avatar\\\/de909cd474d221f967baff6582e1e559c4977b81139138190583ff7dda97b212?s=96&d=mm&r=g\",\"contentUrl\":\"https:\\\/\\\/secure.gravatar.com\\\/avatar\\\/de909cd474d221f967baff6582e1e559c4977b81139138190583ff7dda97b212?s=96&d=mm&r=g\",\"caption\":\"r.zucchetti\"},\"sameAs\":[\"https:\\\/\\\/www.stjb-delasalle.fr\\\/site\"],\"url\":\"https:\\\/\\\/www.stjb-delasalle.fr\\\/site\\\/author\\\/r-zucchetti\\\/\"}]}<\/script>\n<!-- \/ Yoast SEO plugin. -->","yoast_head_json":{"title":"Carr\u00e9 Potager en Permaculture - Coll\u00e8ge Saint Jean Baptiste de La Salle","robots":{"index":"index","follow":"follow","max-snippet":"max-snippet:-1","max-image-preview":"max-image-preview:large","max-video-preview":"max-video-preview:-1"},"canonical":"https:\/\/www.stjb-delasalle.fr\/site\/2019\/05\/03\/carre-potager-en-permaculture\/","og_locale":"fr_FR","og_type":"article","og_title":"Carr\u00e9 Potager en Permaculture - Coll\u00e8ge Saint Jean Baptiste de La Salle","og_description":"Un groupe d\u2019\u00e9l\u00e8ves de 5\u00e8me s\u2019adonne chaque jeudi ente 13h00 et 14h00 avec Mme Long (Professeur de Maths) \u00e0 r\u00e9aliser et entretenir ce petit coin de jardin depuis f\u00e9vrier. L\u2019id\u00e9e est partie suite au projet de la maison \u00e9colo r\u00e9alis\u00e9 en 3D en lien avec l\u2019\u00e9pi 5\u00e8me \u00ab\u00a0d\u00e9veloppement durable\u00a0\u00bb\u00a0; la r\u00e9alisation d\u2019un jardin en permaculture [&hellip;]","og_url":"https:\/\/www.stjb-delasalle.fr\/site\/2019\/05\/03\/carre-potager-en-permaculture\/","og_site_name":"Coll\u00e8ge Saint Jean Baptiste de La Salle","article_published_time":"2019-05-03T10:23:23+00:00","author":"r.zucchetti","twitter_card":"summary_large_image","twitter_misc":{"\u00c9crit par":"r.zucchetti","Dur\u00e9e de lecture estim\u00e9e":"2 minutes"},"schema":{"@context":"https:\/\/schema.org","@graph":[{"@type":"Article","@id":"https:\/\/www.stjb-delasalle.fr\/site\/2019\/05\/03\/carre-potager-en-permaculture\/#article","isPartOf":{"@id":"https:\/\/www.stjb-delasalle.fr\/site\/2019\/05\/03\/carre-potager-en-permaculture\/"},"author":{"name":"r.zucchetti","@id":"https:\/\/www.stjb-delasalle.fr\/site\/#\/schema\/person\/36988a7b4178dd69b805a25eea2b8f8f"},"headline":"Carr\u00e9 Potager en Permaculture","datePublished":"2019-05-03T10:23:23+00:00","mainEntityOfPage":{"@id":"https:\/\/www.stjb-delasalle.fr\/site\/2019\/05\/03\/carre-potager-en-permaculture\/"},"wordCount":314,"publisher":{"@id":"https:\/\/www.stjb-delasalle.fr\/site\/#organization"},"image":{"@id":"https:\/\/www.stjb-delasalle.fr\/site\/2019\/05\/03\/carre-potager-en-permaculture\/#primaryimage"},"thumbnailUrl":"","articleSection":["Coll\u00e8ge"],"inLanguage":"fr-FR"},{"@type":"WebPage","@id":"https:\/\/www.stjb-delasalle.fr\/site\/2019\/05\/03\/carre-potager-en-permaculture\/","url":"https:\/\/www.stjb-delasalle.fr\/site\/2019\/05\/03\/carre-potager-en-permaculture\/","name":"Carr\u00e9 Potager en Permaculture - Coll\u00e8ge Saint Jean Baptiste de La Salle","isPartOf":{"@id":"https:\/\/www.stjb-delasalle.fr\/site\/#website"},"primaryImageOfPage":{"@id":"https:\/\/www.stjb-delasalle.fr\/site\/2019\/05\/03\/carre-potager-en-permaculture\/#primaryimage"},"image":{"@id":"https:\/\/www.stjb-delasalle.fr\/site\/2019\/05\/03\/carre-potager-en-permaculture\/#primaryimage"},"thumbnailUrl":"","datePublished":"2019-05-03T10:23:23+00:00","breadcrumb":{"@id":"https:\/\/www.stjb-delasalle.fr\/site\/2019\/05\/03\/carre-potager-en-permaculture\/#breadcrumb"},"inLanguage":"fr-FR","potentialAction":[{"@type":"ReadAction","target":["https:\/\/www.stjb-delasalle.fr\/site\/2019\/05\/03\/carre-potager-en-permaculture\/"]}]},{"@type":"ImageObject","inLanguage":"fr-FR","@id":"https:\/\/www.stjb-delasalle.fr\/site\/2019\/05\/03\/carre-potager-en-permaculture\/#primaryimage","url":"","contentUrl":""},{"@type":"BreadcrumbList","@id":"https:\/\/www.stjb-delasalle.fr\/site\/2019\/05\/03\/carre-potager-en-permaculture\/#breadcrumb","itemListElement":[{"@type":"ListItem","position":1,"name":"Accueil","item":"https:\/\/www.stjb-delasalle.fr\/site\/"},{"@type":"ListItem","position":2,"name":"Carr\u00e9 Potager en Permaculture"}]},{"@type":"WebSite","@id":"https:\/\/www.stjb-delasalle.fr\/site\/#website","url":"https:\/\/www.stjb-delasalle.fr\/site\/","name":"Coll\u00e8ge Saint Jean Baptiste de La Salle","description":"Notre coll\u00e8ge vous accueille sur le site du Rancher \u00e0 Teloch\u00e9","publisher":{"@id":"https:\/\/www.stjb-delasalle.fr\/site\/#organization"},"potentialAction":[{"@type":"SearchAction","target":{"@type":"EntryPoint","urlTemplate":"https:\/\/www.stjb-delasalle.fr\/site\/?s={search_term_string}"},"query-input":{"@type":"PropertyValueSpecification","valueRequired":true,"valueName":"search_term_string"}}],"inLanguage":"fr-FR"},{"@type":"Organization","@id":"https:\/\/www.stjb-delasalle.fr\/site\/#organization","name":"Coll\u00e8ge Saint Jean Baptiste de La Salle","url":"https:\/\/www.stjb-delasalle.fr\/site\/","logo":{"@type":"ImageObject","inLanguage":"fr-FR","@id":"https:\/\/www.stjb-delasalle.fr\/site\/#\/schema\/logo\/image\/","url":"https:\/\/www.stjb-delasalle.fr\/site\/wp-content\/uploads\/2021\/11\/logostjb_petit_transp.png","contentUrl":"https:\/\/www.stjb-delasalle.fr\/site\/wp-content\/uploads\/2021\/11\/logostjb_petit_transp.png","width":180,"height":127,"caption":"Coll\u00e8ge Saint Jean Baptiste de La Salle"},"image":{"@id":"https:\/\/www.stjb-delasalle.fr\/site\/#\/schema\/logo\/image\/"}},{"@type":"Person","@id":"https:\/\/www.stjb-delasalle.fr\/site\/#\/schema\/person\/36988a7b4178dd69b805a25eea2b8f8f","name":"r.zucchetti","image":{"@type":"ImageObject","inLanguage":"fr-FR","@id":"https:\/\/secure.gravatar.com\/avatar\/de909cd474d221f967baff6582e1e559c4977b81139138190583ff7dda97b212?s=96&d=mm&r=g","url":"https:\/\/secure.gravatar.com\/avatar\/de909cd474d221f967baff6582e1e559c4977b81139138190583ff7dda97b212?s=96&d=mm&r=g","contentUrl":"https:\/\/secure.gravatar.com\/avatar\/de909cd474d221f967baff6582e1e559c4977b81139138190583ff7dda97b212?s=96&d=mm&r=g","caption":"r.zucchetti"},"sameAs":["https:\/\/www.stjb-delasalle.fr\/site"],"url":"https:\/\/www.stjb-delasalle.fr\/site\/author\/r-zucchetti\/"}]}},"_links":{"self":[{"href":"https:\/\/www.stjb-delasalle.fr\/site\/wp-json\/wp\/v2\/posts\/3620","targetHints":{"allow":["GET"]}}],"collection":[{"href":"https:\/\/www.stjb-delasalle.fr\/site\/wp-json\/wp\/v2\/posts"}],"about":[{"href":"https:\/\/www.stjb-delasalle.fr\/site\/wp-json\/wp\/v2\/types\/post"}],"author":[{"embeddable":true,"href":"https:\/\/www.stjb-delasalle.fr\/site\/wp-json\/wp\/v2\/users\/1"}],"replies":[{"embeddable":true,"href":"https:\/\/www.stjb-delasalle.fr\/site\/wp-json\/wp\/v2\/comments?post=3620"}],"version-history":[{"count":0,"href":"https:\/\/www.stjb-delasalle.fr\/site\/wp-json\/wp\/v2\/posts\/3620\/revisions"}],"wp:featuredmedia":[{"embeddable":true,"href":"https:\/\/www.stjb-delasalle.fr\/site\/wp-json\/"}],"wp:attachment":[{"href":"https:\/\/www.stjb-delasalle.fr\/site\/wp-json\/wp\/v2\/media?parent=3620"}],"wp:term":[{"taxonomy":"category","embeddable":true,"href":"https:\/\/www.stjb-delasalle.fr\/site\/wp-json\/wp\/v2\/categories?post=3620"},{"taxonomy":"post_tag","embeddable":true,"href":"https:\/\/www.stjb-delasalle.fr\/site\/wp-json\/wp\/v2\/tags?post=3620"}],"curies":[{"name":"wp","href":"https:\/\/api.w.org\/{rel}","templated":true}]}}