{"id":2390,"date":"2018-12-20T12:16:00","date_gmt":"2018-12-20T11:16:00","guid":{"rendered":"https:\/\/www.stjb-delasalle.fr\/?p=2390"},"modified":"2018-12-20T12:16:00","modified_gmt":"2018-12-20T11:16:00","slug":"formation-delegue-4e-et-3e","status":"publish","type":"post","link":"https:\/\/www.stjb-delasalle.fr\/site\/2018\/12\/20\/formation-delegue-4e-et-3e\/","title":{"rendered":"Formation d\u00e9l\u00e9gu\u00e9 4\u00e8 et 3\u00e8"},"content":{"rendered":"<p>Repr\u00e9senter la classe, participer au conseil de classe, animer des r\u00e9unions, proposer des projets\u2026 les missions des d\u00e9l\u00e9gu\u00e9s des \u00e9l\u00e8ves sont multiples. Tous ont eu l\u2019occasion de se former ce mercredi 21 novembre 2018.<\/p>\n<p>Tous ensemble, les d\u00e9l\u00e9gu\u00e9s ont rencontr\u00e9 Mr Montarou qui a pu r\u00e9affirmer que les d\u00e9l\u00e9gu\u00e9s jouent un r\u00f4le important au sein de l\u2019\u00e9tablissement, et que l\u2019on attend d\u2019eux qu\u2019ils fassent preuve de confiance et soient capables de s\u2019investir pour les autres \u00e9l\u00e8ves.<\/p>\n<p>Les \u00e9l\u00e8ves d\u00e9l\u00e9gu\u00e9s ont pu se familiariser ou approfondir les diff\u00e9rentes missions li\u00e9es \u00e0 leur nouveau r\u00f4le. Chacun a pu parler de ses repr\u00e9sentations, de sa fa\u00e7on d\u2019envisager son r\u00f4le au sein de la classe, du coll\u00e8ge. Ce temps d\u2019\u00e9change permet de connaitre ce que l\u2019on attend d\u2019un d\u00e9l\u00e9gu\u00e9 aussi bien du c\u00f4t\u00e9 des \u00e9l\u00e8ves que du c\u00f4t\u00e9 de l\u2019\u00e9quipe \u00e9ducative.<\/p>\n<p style=\"text-align: center;\"><span style=\"color: #c82a59;\"><strong>Merci de cliquer sur les images pour les agrandir<\/strong> <\/span><\/p>\n<p><a href=\"https:\/\/www.stjb-delasalle.fr\/wp-content\/uploads\/2018\/12\/20181121_095358-e1545304406347.jpg\"><img fetchpriority=\"high\" decoding=\"async\" class=\"alignnone wp-image-2391 size-medium\" src=\"https:\/\/www.stjb-delasalle.fr\/wp-content\/uploads\/2018\/12\/20181121_095358-e1545304406347-180x300.jpg\" alt=\"\" width=\"180\" height=\"300\" \/><\/a> <a href=\"https:\/\/www.stjb-delasalle.fr\/wp-content\/uploads\/2018\/12\/20181121_100551-e1545304416911.jpg\"><img decoding=\"async\" class=\"alignnone wp-image-2392 size-medium\" src=\"https:\/\/www.stjb-delasalle.fr\/wp-content\/uploads\/2018\/12\/20181121_100551-e1545304416911-180x300.jpg\" alt=\"\" width=\"180\" height=\"300\" \/><\/a> <a href=\"https:\/\/www.stjb-delasalle.fr\/wp-content\/uploads\/2018\/12\/20181121_101842-e1545304455137.jpg\"><img decoding=\"async\" class=\"alignnone wp-image-2393 size-medium\" src=\"https:\/\/www.stjb-delasalle.fr\/wp-content\/uploads\/2018\/12\/20181121_101842-e1545304455137-180x300.jpg\" alt=\"\" width=\"180\" height=\"300\" \/><\/a> <a href=\"https:\/\/www.stjb-delasalle.fr\/wp-content\/uploads\/2018\/12\/20181121_102840.jpg\"><img loading=\"lazy\" decoding=\"async\" class=\"alignnone wp-image-2394 size-medium\" src=\"https:\/\/www.stjb-delasalle.fr\/wp-content\/uploads\/2018\/12\/20181121_102840-300x180.jpg\" alt=\"\" width=\"300\" height=\"180\" \/><\/a> <a href=\"https:\/\/www.stjb-delasalle.fr\/wp-content\/uploads\/2018\/12\/20181121_102936.jpg\"><img loading=\"lazy\" decoding=\"async\" class=\"alignnone wp-image-2395 size-medium\" src=\"https:\/\/www.stjb-delasalle.fr\/wp-content\/uploads\/2018\/12\/20181121_102936-300x180.jpg\" alt=\"\" width=\"300\" height=\"180\" \/><\/a> <a href=\"https:\/\/www.stjb-delasalle.fr\/wp-content\/uploads\/2018\/12\/20181121_112202-e1545304466922.jpg\"><img loading=\"lazy\" decoding=\"async\" class=\"alignnone wp-image-2396 size-medium\" src=\"https:\/\/www.stjb-delasalle.fr\/wp-content\/uploads\/2018\/12\/20181121_112202-e1545304466922-180x300.jpg\" alt=\"\" width=\"180\" height=\"300\" \/><\/a><\/p>\n","protected":false},"excerpt":{"rendered":"<p>Repr\u00e9senter la classe, participer au conseil de classe, animer des r\u00e9unions, proposer des projets\u2026 les missions des d\u00e9l\u00e9gu\u00e9s des \u00e9l\u00e8ves sont multiples. Tous ont eu l\u2019occasion de se former ce mercredi 21 novembre 2018. Tous ensemble, les d\u00e9l\u00e9gu\u00e9s ont rencontr\u00e9 Mr Montarou qui a pu r\u00e9affirmer que les d\u00e9l\u00e9gu\u00e9s jouent un r\u00f4le important au sein [&hellip;]<\/p>\n","protected":false},"author":1,"featured_media":2397,"comment_status":"closed","ping_status":"closed","sticky":false,"template":"","format":"standard","meta":{"site-sidebar-layout":"default","site-content-layout":"","ast-site-content-layout":"default","site-content-style":"default","site-sidebar-style":"default","ast-global-header-display":"","ast-banner-title-visibility":"","ast-main-header-display":"","ast-hfb-above-header-display":"","ast-hfb-below-header-display":"","ast-hfb-mobile-header-display":"","site-post-title":"","ast-breadcrumbs-content":"","ast-featured-img":"","footer-sml-layout":"","ast-disable-related-posts":"","theme-transparent-header-meta":"","adv-header-id-meta":"","stick-header-meta":"","header-above-stick-meta":"","header-main-stick-meta":"","header-below-stick-meta":"","astra-migrate-meta-layouts":"default","ast-page-background-enabled":"default","ast-page-background-meta":{"desktop":{"background-color":"var(--ast-global-color-4)","background-image":"","background-repeat":"repeat","background-position":"center center","background-size":"auto","background-attachment":"scroll","background-type":"","background-media":"","overlay-type":"","overlay-color":"","overlay-opacity":"","overlay-gradient":""},"tablet":{"background-color":"","background-image":"","background-repeat":"repeat","background-position":"center center","background-size":"auto","background-attachment":"scroll","background-type":"","background-media":"","overlay-type":"","overlay-color":"","overlay-opacity":"","overlay-gradient":""},"mobile":{"background-color":"","background-image":"","background-repeat":"repeat","background-position":"center center","background-size":"auto","background-attachment":"scroll","background-type":"","background-media":"","overlay-type":"","overlay-color":"","overlay-opacity":"","overlay-gradient":""}},"ast-content-background-meta":{"desktop":{"background-color":"var(--ast-global-color-5)","background-image":"","background-repeat":"repeat","background-position":"center center","background-size":"auto","background-attachment":"scroll","background-type":"","background-media":"","overlay-type":"","overlay-color":"","overlay-opacity":"","overlay-gradient":""},"tablet":{"background-color":"var(--ast-global-color-5)","background-image":"","background-repeat":"repeat","background-position":"center center","background-size":"auto","background-attachment":"scroll","background-type":"","background-media":"","overlay-type":"","overlay-color":"","overlay-opacity":"","overlay-gradient":""},"mobile":{"background-color":"var(--ast-global-color-5)","background-image":"","background-repeat":"repeat","background-position":"center center","background-size":"auto","background-attachment":"scroll","background-type":"","background-media":"","overlay-type":"","overlay-color":"","overlay-opacity":"","overlay-gradient":""}},"footnotes":""},"categories":[6],"tags":[],"class_list":["post-2390","post","type-post","status-publish","format-standard","has-post-thumbnail","hentry","category-college"],"yoast_head":"<!-- This site is optimized with the Yoast SEO plugin v27.5 - https:\/\/yoast.com\/product\/yoast-seo-wordpress\/ -->\n<title>Formation d\u00e9l\u00e9gu\u00e9 4\u00e8 et 3\u00e8 - Coll\u00e8ge Saint Jean Baptiste de La Salle<\/title>\n<meta name=\"robots\" content=\"index, follow, max-snippet:-1, max-image-preview:large, max-video-preview:-1\" \/>\n<link rel=\"canonical\" href=\"https:\/\/www.stjb-delasalle.fr\/site\/2018\/12\/20\/formation-delegue-4e-et-3e\/\" \/>\n<meta property=\"og:locale\" content=\"fr_FR\" \/>\n<meta property=\"og:type\" content=\"article\" \/>\n<meta property=\"og:title\" content=\"Formation d\u00e9l\u00e9gu\u00e9 4\u00e8 et 3\u00e8 - Coll\u00e8ge Saint Jean Baptiste de La Salle\" \/>\n<meta property=\"og:description\" content=\"Repr\u00e9senter la classe, participer au conseil de classe, animer des r\u00e9unions, proposer des projets\u2026 les missions des d\u00e9l\u00e9gu\u00e9s des \u00e9l\u00e8ves sont multiples. Tous ont eu l\u2019occasion de se former ce mercredi 21 novembre 2018. Tous ensemble, les d\u00e9l\u00e9gu\u00e9s ont rencontr\u00e9 Mr Montarou qui a pu r\u00e9affirmer que les d\u00e9l\u00e9gu\u00e9s jouent un r\u00f4le important au sein [&hellip;]\" \/>\n<meta property=\"og:url\" content=\"https:\/\/www.stjb-delasalle.fr\/site\/2018\/12\/20\/formation-delegue-4e-et-3e\/\" \/>\n<meta property=\"og:site_name\" content=\"Coll\u00e8ge Saint Jean Baptiste de La Salle\" \/>\n<meta property=\"article:published_time\" content=\"2018-12-20T11:16:00+00:00\" \/>\n<meta name=\"author\" content=\"r.zucchetti\" \/>\n<meta name=\"twitter:card\" content=\"summary_large_image\" \/>\n<meta name=\"twitter:label1\" content=\"\u00c9crit par\" \/>\n\t<meta name=\"twitter:data1\" content=\"r.zucchetti\" \/>\n\t<meta name=\"twitter:label2\" content=\"Dur\u00e9e de lecture estim\u00e9e\" \/>\n\t<meta name=\"twitter:data2\" content=\"1 minute\" \/>\n<script type=\"application\/ld+json\" class=\"yoast-schema-graph\">{\"@context\":\"https:\\\/\\\/schema.org\",\"@graph\":[{\"@type\":\"Article\",\"@id\":\"https:\\\/\\\/www.stjb-delasalle.fr\\\/site\\\/2018\\\/12\\\/20\\\/formation-delegue-4e-et-3e\\\/#article\",\"isPartOf\":{\"@id\":\"https:\\\/\\\/www.stjb-delasalle.fr\\\/site\\\/2018\\\/12\\\/20\\\/formation-delegue-4e-et-3e\\\/\"},\"author\":{\"name\":\"r.zucchetti\",\"@id\":\"https:\\\/\\\/www.stjb-delasalle.fr\\\/site\\\/#\\\/schema\\\/person\\\/36988a7b4178dd69b805a25eea2b8f8f\"},\"headline\":\"Formation d\u00e9l\u00e9gu\u00e9 4\u00e8 et 3\u00e8\",\"datePublished\":\"2018-12-20T11:16:00+00:00\",\"mainEntityOfPage\":{\"@id\":\"https:\\\/\\\/www.stjb-delasalle.fr\\\/site\\\/2018\\\/12\\\/20\\\/formation-delegue-4e-et-3e\\\/\"},\"wordCount\":190,\"publisher\":{\"@id\":\"https:\\\/\\\/www.stjb-delasalle.fr\\\/site\\\/#organization\"},\"image\":{\"@id\":\"https:\\\/\\\/www.stjb-delasalle.fr\\\/site\\\/2018\\\/12\\\/20\\\/formation-delegue-4e-et-3e\\\/#primaryimage\"},\"thumbnailUrl\":\"\",\"articleSection\":[\"Coll\u00e8ge\"],\"inLanguage\":\"fr-FR\"},{\"@type\":\"WebPage\",\"@id\":\"https:\\\/\\\/www.stjb-delasalle.fr\\\/site\\\/2018\\\/12\\\/20\\\/formation-delegue-4e-et-3e\\\/\",\"url\":\"https:\\\/\\\/www.stjb-delasalle.fr\\\/site\\\/2018\\\/12\\\/20\\\/formation-delegue-4e-et-3e\\\/\",\"name\":\"Formation d\u00e9l\u00e9gu\u00e9 4\u00e8 et 3\u00e8 - Coll\u00e8ge Saint Jean Baptiste de La Salle\",\"isPartOf\":{\"@id\":\"https:\\\/\\\/www.stjb-delasalle.fr\\\/site\\\/#website\"},\"primaryImageOfPage\":{\"@id\":\"https:\\\/\\\/www.stjb-delasalle.fr\\\/site\\\/2018\\\/12\\\/20\\\/formation-delegue-4e-et-3e\\\/#primaryimage\"},\"image\":{\"@id\":\"https:\\\/\\\/www.stjb-delasalle.fr\\\/site\\\/2018\\\/12\\\/20\\\/formation-delegue-4e-et-3e\\\/#primaryimage\"},\"thumbnailUrl\":\"\",\"datePublished\":\"2018-12-20T11:16:00+00:00\",\"breadcrumb\":{\"@id\":\"https:\\\/\\\/www.stjb-delasalle.fr\\\/site\\\/2018\\\/12\\\/20\\\/formation-delegue-4e-et-3e\\\/#breadcrumb\"},\"inLanguage\":\"fr-FR\",\"potentialAction\":[{\"@type\":\"ReadAction\",\"target\":[\"https:\\\/\\\/www.stjb-delasalle.fr\\\/site\\\/2018\\\/12\\\/20\\\/formation-delegue-4e-et-3e\\\/\"]}]},{\"@type\":\"ImageObject\",\"inLanguage\":\"fr-FR\",\"@id\":\"https:\\\/\\\/www.stjb-delasalle.fr\\\/site\\\/2018\\\/12\\\/20\\\/formation-delegue-4e-et-3e\\\/#primaryimage\",\"url\":\"\",\"contentUrl\":\"\"},{\"@type\":\"BreadcrumbList\",\"@id\":\"https:\\\/\\\/www.stjb-delasalle.fr\\\/site\\\/2018\\\/12\\\/20\\\/formation-delegue-4e-et-3e\\\/#breadcrumb\",\"itemListElement\":[{\"@type\":\"ListItem\",\"position\":1,\"name\":\"Accueil\",\"item\":\"https:\\\/\\\/www.stjb-delasalle.fr\\\/site\\\/\"},{\"@type\":\"ListItem\",\"position\":2,\"name\":\"Formation d\u00e9l\u00e9gu\u00e9 4\u00e8 et 3\u00e8\"}]},{\"@type\":\"WebSite\",\"@id\":\"https:\\\/\\\/www.stjb-delasalle.fr\\\/site\\\/#website\",\"url\":\"https:\\\/\\\/www.stjb-delasalle.fr\\\/site\\\/\",\"name\":\"Coll\u00e8ge Saint Jean Baptiste de La Salle\",\"description\":\"Notre coll\u00e8ge vous accueille sur le site du Rancher \u00e0 Teloch\u00e9\",\"publisher\":{\"@id\":\"https:\\\/\\\/www.stjb-delasalle.fr\\\/site\\\/#organization\"},\"potentialAction\":[{\"@type\":\"SearchAction\",\"target\":{\"@type\":\"EntryPoint\",\"urlTemplate\":\"https:\\\/\\\/www.stjb-delasalle.fr\\\/site\\\/?s={search_term_string}\"},\"query-input\":{\"@type\":\"PropertyValueSpecification\",\"valueRequired\":true,\"valueName\":\"search_term_string\"}}],\"inLanguage\":\"fr-FR\"},{\"@type\":\"Organization\",\"@id\":\"https:\\\/\\\/www.stjb-delasalle.fr\\\/site\\\/#organization\",\"name\":\"Coll\u00e8ge Saint Jean Baptiste de La Salle\",\"url\":\"https:\\\/\\\/www.stjb-delasalle.fr\\\/site\\\/\",\"logo\":{\"@type\":\"ImageObject\",\"inLanguage\":\"fr-FR\",\"@id\":\"https:\\\/\\\/www.stjb-delasalle.fr\\\/site\\\/#\\\/schema\\\/logo\\\/image\\\/\",\"url\":\"https:\\\/\\\/www.stjb-delasalle.fr\\\/site\\\/wp-content\\\/uploads\\\/2021\\\/11\\\/logostjb_petit_transp.png\",\"contentUrl\":\"https:\\\/\\\/www.stjb-delasalle.fr\\\/site\\\/wp-content\\\/uploads\\\/2021\\\/11\\\/logostjb_petit_transp.png\",\"width\":180,\"height\":127,\"caption\":\"Coll\u00e8ge Saint Jean Baptiste de La Salle\"},\"image\":{\"@id\":\"https:\\\/\\\/www.stjb-delasalle.fr\\\/site\\\/#\\\/schema\\\/logo\\\/image\\\/\"}},{\"@type\":\"Person\",\"@id\":\"https:\\\/\\\/www.stjb-delasalle.fr\\\/site\\\/#\\\/schema\\\/person\\\/36988a7b4178dd69b805a25eea2b8f8f\",\"name\":\"r.zucchetti\",\"image\":{\"@type\":\"ImageObject\",\"inLanguage\":\"fr-FR\",\"@id\":\"https:\\\/\\\/secure.gravatar.com\\\/avatar\\\/de909cd474d221f967baff6582e1e559c4977b81139138190583ff7dda97b212?s=96&d=mm&r=g\",\"url\":\"https:\\\/\\\/secure.gravatar.com\\\/avatar\\\/de909cd474d221f967baff6582e1e559c4977b81139138190583ff7dda97b212?s=96&d=mm&r=g\",\"contentUrl\":\"https:\\\/\\\/secure.gravatar.com\\\/avatar\\\/de909cd474d221f967baff6582e1e559c4977b81139138190583ff7dda97b212?s=96&d=mm&r=g\",\"caption\":\"r.zucchetti\"},\"sameAs\":[\"https:\\\/\\\/www.stjb-delasalle.fr\\\/site\"],\"url\":\"https:\\\/\\\/www.stjb-delasalle.fr\\\/site\\\/author\\\/r-zucchetti\\\/\"}]}<\/script>\n<!-- \/ Yoast SEO plugin. -->","yoast_head_json":{"title":"Formation d\u00e9l\u00e9gu\u00e9 4\u00e8 et 3\u00e8 - Coll\u00e8ge Saint Jean Baptiste de La Salle","robots":{"index":"index","follow":"follow","max-snippet":"max-snippet:-1","max-image-preview":"max-image-preview:large","max-video-preview":"max-video-preview:-1"},"canonical":"https:\/\/www.stjb-delasalle.fr\/site\/2018\/12\/20\/formation-delegue-4e-et-3e\/","og_locale":"fr_FR","og_type":"article","og_title":"Formation d\u00e9l\u00e9gu\u00e9 4\u00e8 et 3\u00e8 - Coll\u00e8ge Saint Jean Baptiste de La Salle","og_description":"Repr\u00e9senter la classe, participer au conseil de classe, animer des r\u00e9unions, proposer des projets\u2026 les missions des d\u00e9l\u00e9gu\u00e9s des \u00e9l\u00e8ves sont multiples. Tous ont eu l\u2019occasion de se former ce mercredi 21 novembre 2018. Tous ensemble, les d\u00e9l\u00e9gu\u00e9s ont rencontr\u00e9 Mr Montarou qui a pu r\u00e9affirmer que les d\u00e9l\u00e9gu\u00e9s jouent un r\u00f4le important au sein [&hellip;]","og_url":"https:\/\/www.stjb-delasalle.fr\/site\/2018\/12\/20\/formation-delegue-4e-et-3e\/","og_site_name":"Coll\u00e8ge Saint Jean Baptiste de La Salle","article_published_time":"2018-12-20T11:16:00+00:00","author":"r.zucchetti","twitter_card":"summary_large_image","twitter_misc":{"\u00c9crit par":"r.zucchetti","Dur\u00e9e de lecture estim\u00e9e":"1 minute"},"schema":{"@context":"https:\/\/schema.org","@graph":[{"@type":"Article","@id":"https:\/\/www.stjb-delasalle.fr\/site\/2018\/12\/20\/formation-delegue-4e-et-3e\/#article","isPartOf":{"@id":"https:\/\/www.stjb-delasalle.fr\/site\/2018\/12\/20\/formation-delegue-4e-et-3e\/"},"author":{"name":"r.zucchetti","@id":"https:\/\/www.stjb-delasalle.fr\/site\/#\/schema\/person\/36988a7b4178dd69b805a25eea2b8f8f"},"headline":"Formation d\u00e9l\u00e9gu\u00e9 4\u00e8 et 3\u00e8","datePublished":"2018-12-20T11:16:00+00:00","mainEntityOfPage":{"@id":"https:\/\/www.stjb-delasalle.fr\/site\/2018\/12\/20\/formation-delegue-4e-et-3e\/"},"wordCount":190,"publisher":{"@id":"https:\/\/www.stjb-delasalle.fr\/site\/#organization"},"image":{"@id":"https:\/\/www.stjb-delasalle.fr\/site\/2018\/12\/20\/formation-delegue-4e-et-3e\/#primaryimage"},"thumbnailUrl":"","articleSection":["Coll\u00e8ge"],"inLanguage":"fr-FR"},{"@type":"WebPage","@id":"https:\/\/www.stjb-delasalle.fr\/site\/2018\/12\/20\/formation-delegue-4e-et-3e\/","url":"https:\/\/www.stjb-delasalle.fr\/site\/2018\/12\/20\/formation-delegue-4e-et-3e\/","name":"Formation d\u00e9l\u00e9gu\u00e9 4\u00e8 et 3\u00e8 - Coll\u00e8ge Saint Jean Baptiste de La Salle","isPartOf":{"@id":"https:\/\/www.stjb-delasalle.fr\/site\/#website"},"primaryImageOfPage":{"@id":"https:\/\/www.stjb-delasalle.fr\/site\/2018\/12\/20\/formation-delegue-4e-et-3e\/#primaryimage"},"image":{"@id":"https:\/\/www.stjb-delasalle.fr\/site\/2018\/12\/20\/formation-delegue-4e-et-3e\/#primaryimage"},"thumbnailUrl":"","datePublished":"2018-12-20T11:16:00+00:00","breadcrumb":{"@id":"https:\/\/www.stjb-delasalle.fr\/site\/2018\/12\/20\/formation-delegue-4e-et-3e\/#breadcrumb"},"inLanguage":"fr-FR","potentialAction":[{"@type":"ReadAction","target":["https:\/\/www.stjb-delasalle.fr\/site\/2018\/12\/20\/formation-delegue-4e-et-3e\/"]}]},{"@type":"ImageObject","inLanguage":"fr-FR","@id":"https:\/\/www.stjb-delasalle.fr\/site\/2018\/12\/20\/formation-delegue-4e-et-3e\/#primaryimage","url":"","contentUrl":""},{"@type":"BreadcrumbList","@id":"https:\/\/www.stjb-delasalle.fr\/site\/2018\/12\/20\/formation-delegue-4e-et-3e\/#breadcrumb","itemListElement":[{"@type":"ListItem","position":1,"name":"Accueil","item":"https:\/\/www.stjb-delasalle.fr\/site\/"},{"@type":"ListItem","position":2,"name":"Formation d\u00e9l\u00e9gu\u00e9 4\u00e8 et 3\u00e8"}]},{"@type":"WebSite","@id":"https:\/\/www.stjb-delasalle.fr\/site\/#website","url":"https:\/\/www.stjb-delasalle.fr\/site\/","name":"Coll\u00e8ge Saint Jean Baptiste de La Salle","description":"Notre coll\u00e8ge vous accueille sur le site du Rancher \u00e0 Teloch\u00e9","publisher":{"@id":"https:\/\/www.stjb-delasalle.fr\/site\/#organization"},"potentialAction":[{"@type":"SearchAction","target":{"@type":"EntryPoint","urlTemplate":"https:\/\/www.stjb-delasalle.fr\/site\/?s={search_term_string}"},"query-input":{"@type":"PropertyValueSpecification","valueRequired":true,"valueName":"search_term_string"}}],"inLanguage":"fr-FR"},{"@type":"Organization","@id":"https:\/\/www.stjb-delasalle.fr\/site\/#organization","name":"Coll\u00e8ge Saint Jean Baptiste de La Salle","url":"https:\/\/www.stjb-delasalle.fr\/site\/","logo":{"@type":"ImageObject","inLanguage":"fr-FR","@id":"https:\/\/www.stjb-delasalle.fr\/site\/#\/schema\/logo\/image\/","url":"https:\/\/www.stjb-delasalle.fr\/site\/wp-content\/uploads\/2021\/11\/logostjb_petit_transp.png","contentUrl":"https:\/\/www.stjb-delasalle.fr\/site\/wp-content\/uploads\/2021\/11\/logostjb_petit_transp.png","width":180,"height":127,"caption":"Coll\u00e8ge Saint Jean Baptiste de La Salle"},"image":{"@id":"https:\/\/www.stjb-delasalle.fr\/site\/#\/schema\/logo\/image\/"}},{"@type":"Person","@id":"https:\/\/www.stjb-delasalle.fr\/site\/#\/schema\/person\/36988a7b4178dd69b805a25eea2b8f8f","name":"r.zucchetti","image":{"@type":"ImageObject","inLanguage":"fr-FR","@id":"https:\/\/secure.gravatar.com\/avatar\/de909cd474d221f967baff6582e1e559c4977b81139138190583ff7dda97b212?s=96&d=mm&r=g","url":"https:\/\/secure.gravatar.com\/avatar\/de909cd474d221f967baff6582e1e559c4977b81139138190583ff7dda97b212?s=96&d=mm&r=g","contentUrl":"https:\/\/secure.gravatar.com\/avatar\/de909cd474d221f967baff6582e1e559c4977b81139138190583ff7dda97b212?s=96&d=mm&r=g","caption":"r.zucchetti"},"sameAs":["https:\/\/www.stjb-delasalle.fr\/site"],"url":"https:\/\/www.stjb-delasalle.fr\/site\/author\/r-zucchetti\/"}]}},"_links":{"self":[{"href":"https:\/\/www.stjb-delasalle.fr\/site\/wp-json\/wp\/v2\/posts\/2390","targetHints":{"allow":["GET"]}}],"collection":[{"href":"https:\/\/www.stjb-delasalle.fr\/site\/wp-json\/wp\/v2\/posts"}],"about":[{"href":"https:\/\/www.stjb-delasalle.fr\/site\/wp-json\/wp\/v2\/types\/post"}],"author":[{"embeddable":true,"href":"https:\/\/www.stjb-delasalle.fr\/site\/wp-json\/wp\/v2\/users\/1"}],"replies":[{"embeddable":true,"href":"https:\/\/www.stjb-delasalle.fr\/site\/wp-json\/wp\/v2\/comments?post=2390"}],"version-history":[{"count":0,"href":"https:\/\/www.stjb-delasalle.fr\/site\/wp-json\/wp\/v2\/posts\/2390\/revisions"}],"wp:featuredmedia":[{"embeddable":true,"href":"https:\/\/www.stjb-delasalle.fr\/site\/wp-json\/"}],"wp:attachment":[{"href":"https:\/\/www.stjb-delasalle.fr\/site\/wp-json\/wp\/v2\/media?parent=2390"}],"wp:term":[{"taxonomy":"category","embeddable":true,"href":"https:\/\/www.stjb-delasalle.fr\/site\/wp-json\/wp\/v2\/categories?post=2390"},{"taxonomy":"post_tag","embeddable":true,"href":"https:\/\/www.stjb-delasalle.fr\/site\/wp-json\/wp\/v2\/tags?post=2390"}],"curies":[{"name":"wp","href":"https:\/\/api.w.org\/{rel}","templated":true}]}}