{"id":1969,"date":"2018-11-16T09:49:54","date_gmt":"2018-11-16T08:49:54","guid":{"rendered":"https:\/\/www.stjb-delasalle.fr\/?p=1969"},"modified":"2018-11-16T09:49:54","modified_gmt":"2018-11-16T08:49:54","slug":"election-des-delegues-de-6emes-et-formation-pour-les-eleves-de-6emes-et-5emes","status":"publish","type":"post","link":"https:\/\/www.stjb-delasalle.fr\/site\/2018\/11\/16\/election-des-delegues-de-6emes-et-formation-pour-les-eleves-de-6emes-et-5emes\/","title":{"rendered":"\u00c9lection des d\u00e9l\u00e9gu\u00e9s de 6\u00e8mes et formation pour les \u00e9l\u00e8ves de 6\u00e8mes et 5\u00e8mes"},"content":{"rendered":"<p style=\"text-align: center;\"><strong>\u00ab\u00a0C\u2019est notre devoir et notre droit en tant qu\u2019\u00e9l\u00e8ves de voter.\u00a0\u00bb<\/strong><\/p>\n<p>Comme chaque ann\u00e9e, apr\u00e8s une campagne \u00e9lectorale bien tenue, l\u2019heure du vote pour les \u00e9lections des d\u00e9l\u00e9gu\u00e9s 6\u00e8mes a eu lieu le Vendredi 19 octobre 2018 de 12h30 \u00e0 13h30<\/p>\n<p>Cette ann\u00e9e, nous avions invit\u00e9 le maire de la commune pour recevoir le vote des \u00e9lecteurs. Mr Lambert a pris plaisir \u00e0 rencontrer chacun d\u2019eux, \u00e0 r\u00e9pondre aux \u00e9ventuelles questions et \u00e0 r\u00e9expliquer l\u2019int\u00e9r\u00eat et le devoir du citoyen.<\/p>\n<p>Les proc\u00e8s verbaux ont \u00e9t\u00e9 dress\u00e9s apr\u00e8s le d\u00e9pouillement des bulletins en pr\u00e9sence de huit \u00e9l\u00e8ves volontaires. Les r\u00e9sultats tant attendus ont \u00e9t\u00e9 donn\u00e9s \u00e0 15h25 avant les vacances de la Toussaint. Les cris de joie et les applaudissements furent nombreux, nous f\u00e9licitons donc les heureux \u00e9lus et nous leur souhaitons une belle ann\u00e9e dans cette nouvelle fonction et nous leur donnons rendez vous le mercredi 07 novembre de 9h00 \u00e0 16h00 pour une formation des d\u00e9l\u00e9gu\u00e9s ainsi qu\u2019une formation \u00ab\u00a0des gestes qui sauvent\u00a0\u00bb<\/p>\n<p><strong>FORMATION DES D\u00c9L\u00c9GU\u00c9S 6\u00e8 et 5\u00e8<\/strong><\/p>\n<p>Former, Accompagner, Rassurer, Renseigner \u00ab mots cl\u00e9s \u00bb pour les \u00e9l\u00e8ves d\u00e9l\u00e9gu\u00e9s qui ont re\u00e7u leur formation en tant que d\u00e9l\u00e9gu\u00e9 de classe. Cette ann\u00e9e s\u2019est ajout\u00e9 \u00e0 celle-ci, la formation \u00ab des gestes qui sauvent \u00bb encadr\u00e9e par Mme Grud\u00e9<\/p>\n<p><img fetchpriority=\"high\" decoding=\"async\" class=\"alignleft wp-image-1971 size-large\" src=\"https:\/\/www.stjb-delasalle.fr\/wp-content\/uploads\/2018\/11\/IMG_0101-1024x768.jpg\" alt=\"\" width=\"720\" height=\"540\" \/> <img decoding=\"async\" class=\"alignleft wp-image-1972 size-large\" src=\"https:\/\/www.stjb-delasalle.fr\/wp-content\/uploads\/2018\/11\/IMG_0102-1024x768.jpg\" alt=\"\" width=\"720\" height=\"540\" \/> <img decoding=\"async\" class=\"alignleft wp-image-1973 size-large\" src=\"https:\/\/www.stjb-delasalle.fr\/wp-content\/uploads\/2018\/11\/IMG_0103-1024x768.jpg\" alt=\"\" width=\"720\" height=\"540\" \/><\/p>\n<p>&nbsp;<\/p>\n<p><strong><img loading=\"lazy\" decoding=\"async\" class=\"alignleft wp-image-1974 size-large\" src=\"https:\/\/www.stjb-delasalle.fr\/wp-content\/uploads\/2018\/11\/IMG_0211-1024x768.jpg\" alt=\"\" width=\"720\" height=\"540\" \/> <img loading=\"lazy\" decoding=\"async\" class=\"alignleft wp-image-1975 size-large\" src=\"https:\/\/www.stjb-delasalle.fr\/wp-content\/uploads\/2018\/11\/IMG_0212-1024x768.jpg\" alt=\"\" width=\"720\" height=\"540\" \/><\/strong><\/p>\n<p><strong> <img loading=\"lazy\" decoding=\"async\" class=\"alignleft wp-image-1977 size-large\" src=\"https:\/\/www.stjb-delasalle.fr\/wp-content\/uploads\/2018\/11\/IMG_0217-1024x768.jpg\" alt=\"\" width=\"720\" height=\"540\" \/><\/strong><\/p>\n<p><img loading=\"lazy\" decoding=\"async\" class=\"alignleft wp-image-1976 size-large\" src=\"https:\/\/www.stjb-delasalle.fr\/wp-content\/uploads\/2018\/11\/IMG_0213-e1542358153769-1024x1010.jpg\" alt=\"\" width=\"720\" height=\"710\" \/><\/p>\n","protected":false},"excerpt":{"rendered":"<p>\u00ab\u00a0C\u2019est notre devoir et notre droit en tant qu\u2019\u00e9l\u00e8ves de voter.\u00a0\u00bb Comme chaque ann\u00e9e, apr\u00e8s une campagne \u00e9lectorale bien tenue, l\u2019heure du vote pour les \u00e9lections des d\u00e9l\u00e9gu\u00e9s 6\u00e8mes a eu lieu le Vendredi 19 octobre 2018 de 12h30 \u00e0 13h30 Cette ann\u00e9e, nous avions invit\u00e9 le maire de la commune pour recevoir le vote [&hellip;]<\/p>\n","protected":false},"author":1,"featured_media":1970,"comment_status":"closed","ping_status":"closed","sticky":false,"template":"","format":"standard","meta":{"site-sidebar-layout":"default","site-content-layout":"","ast-site-content-layout":"default","site-content-style":"default","site-sidebar-style":"default","ast-global-header-display":"","ast-banner-title-visibility":"","ast-main-header-display":"","ast-hfb-above-header-display":"","ast-hfb-below-header-display":"","ast-hfb-mobile-header-display":"","site-post-title":"","ast-breadcrumbs-content":"","ast-featured-img":"","footer-sml-layout":"","ast-disable-related-posts":"","theme-transparent-header-meta":"","adv-header-id-meta":"","stick-header-meta":"","header-above-stick-meta":"","header-main-stick-meta":"","header-below-stick-meta":"","astra-migrate-meta-layouts":"default","ast-page-background-enabled":"default","ast-page-background-meta":{"desktop":{"background-color":"var(--ast-global-color-4)","background-image":"","background-repeat":"repeat","background-position":"center center","background-size":"auto","background-attachment":"scroll","background-type":"","background-media":"","overlay-type":"","overlay-color":"","overlay-opacity":"","overlay-gradient":""},"tablet":{"background-color":"","background-image":"","background-repeat":"repeat","background-position":"center center","background-size":"auto","background-attachment":"scroll","background-type":"","background-media":"","overlay-type":"","overlay-color":"","overlay-opacity":"","overlay-gradient":""},"mobile":{"background-color":"","background-image":"","background-repeat":"repeat","background-position":"center center","background-size":"auto","background-attachment":"scroll","background-type":"","background-media":"","overlay-type":"","overlay-color":"","overlay-opacity":"","overlay-gradient":""}},"ast-content-background-meta":{"desktop":{"background-color":"var(--ast-global-color-5)","background-image":"","background-repeat":"repeat","background-position":"center center","background-size":"auto","background-attachment":"scroll","background-type":"","background-media":"","overlay-type":"","overlay-color":"","overlay-opacity":"","overlay-gradient":""},"tablet":{"background-color":"var(--ast-global-color-5)","background-image":"","background-repeat":"repeat","background-position":"center center","background-size":"auto","background-attachment":"scroll","background-type":"","background-media":"","overlay-type":"","overlay-color":"","overlay-opacity":"","overlay-gradient":""},"mobile":{"background-color":"var(--ast-global-color-5)","background-image":"","background-repeat":"repeat","background-position":"center center","background-size":"auto","background-attachment":"scroll","background-type":"","background-media":"","overlay-type":"","overlay-color":"","overlay-opacity":"","overlay-gradient":""}},"footnotes":""},"categories":[6],"tags":[],"class_list":["post-1969","post","type-post","status-publish","format-standard","has-post-thumbnail","hentry","category-college"],"yoast_head":"<!-- This site is optimized with the Yoast SEO plugin v27.5 - https:\/\/yoast.com\/product\/yoast-seo-wordpress\/ -->\n<title>\u00c9lection des d\u00e9l\u00e9gu\u00e9s de 6\u00e8mes et formation pour les \u00e9l\u00e8ves de 6\u00e8mes et 5\u00e8mes - Coll\u00e8ge Saint Jean Baptiste de La Salle<\/title>\n<meta name=\"robots\" content=\"index, follow, max-snippet:-1, max-image-preview:large, max-video-preview:-1\" \/>\n<link rel=\"canonical\" href=\"https:\/\/www.stjb-delasalle.fr\/site\/2018\/11\/16\/election-des-delegues-de-6emes-et-formation-pour-les-eleves-de-6emes-et-5emes\/\" \/>\n<meta property=\"og:locale\" content=\"fr_FR\" \/>\n<meta property=\"og:type\" content=\"article\" \/>\n<meta property=\"og:title\" content=\"\u00c9lection des d\u00e9l\u00e9gu\u00e9s de 6\u00e8mes et formation pour les \u00e9l\u00e8ves de 6\u00e8mes et 5\u00e8mes - Coll\u00e8ge Saint Jean Baptiste de La Salle\" \/>\n<meta property=\"og:description\" content=\"\u00ab\u00a0C\u2019est notre devoir et notre droit en tant qu\u2019\u00e9l\u00e8ves de voter.\u00a0\u00bb Comme chaque ann\u00e9e, apr\u00e8s une campagne \u00e9lectorale bien tenue, l\u2019heure du vote pour les \u00e9lections des d\u00e9l\u00e9gu\u00e9s 6\u00e8mes a eu lieu le Vendredi 19 octobre 2018 de 12h30 \u00e0 13h30 Cette ann\u00e9e, nous avions invit\u00e9 le maire de la commune pour recevoir le vote [&hellip;]\" \/>\n<meta property=\"og:url\" content=\"https:\/\/www.stjb-delasalle.fr\/site\/2018\/11\/16\/election-des-delegues-de-6emes-et-formation-pour-les-eleves-de-6emes-et-5emes\/\" \/>\n<meta property=\"og:site_name\" content=\"Coll\u00e8ge Saint Jean Baptiste de La Salle\" \/>\n<meta property=\"article:published_time\" content=\"2018-11-16T08:49:54+00:00\" \/>\n<meta name=\"author\" content=\"r.zucchetti\" \/>\n<meta name=\"twitter:card\" content=\"summary_large_image\" \/>\n<meta name=\"twitter:label1\" content=\"\u00c9crit par\" \/>\n\t<meta name=\"twitter:data1\" content=\"r.zucchetti\" \/>\n\t<meta name=\"twitter:label2\" content=\"Dur\u00e9e de lecture estim\u00e9e\" \/>\n\t<meta name=\"twitter:data2\" content=\"1 minute\" \/>\n<script type=\"application\/ld+json\" class=\"yoast-schema-graph\">{\"@context\":\"https:\\\/\\\/schema.org\",\"@graph\":[{\"@type\":\"Article\",\"@id\":\"https:\\\/\\\/www.stjb-delasalle.fr\\\/site\\\/2018\\\/11\\\/16\\\/election-des-delegues-de-6emes-et-formation-pour-les-eleves-de-6emes-et-5emes\\\/#article\",\"isPartOf\":{\"@id\":\"https:\\\/\\\/www.stjb-delasalle.fr\\\/site\\\/2018\\\/11\\\/16\\\/election-des-delegues-de-6emes-et-formation-pour-les-eleves-de-6emes-et-5emes\\\/\"},\"author\":{\"name\":\"r.zucchetti\",\"@id\":\"https:\\\/\\\/www.stjb-delasalle.fr\\\/site\\\/#\\\/schema\\\/person\\\/36988a7b4178dd69b805a25eea2b8f8f\"},\"headline\":\"\u00c9lection des d\u00e9l\u00e9gu\u00e9s de 6\u00e8mes et formation pour les \u00e9l\u00e8ves de 6\u00e8mes et 5\u00e8mes\",\"datePublished\":\"2018-11-16T08:49:54+00:00\",\"mainEntityOfPage\":{\"@id\":\"https:\\\/\\\/www.stjb-delasalle.fr\\\/site\\\/2018\\\/11\\\/16\\\/election-des-delegues-de-6emes-et-formation-pour-les-eleves-de-6emes-et-5emes\\\/\"},\"wordCount\":258,\"publisher\":{\"@id\":\"https:\\\/\\\/www.stjb-delasalle.fr\\\/site\\\/#organization\"},\"image\":{\"@id\":\"https:\\\/\\\/www.stjb-delasalle.fr\\\/site\\\/2018\\\/11\\\/16\\\/election-des-delegues-de-6emes-et-formation-pour-les-eleves-de-6emes-et-5emes\\\/#primaryimage\"},\"thumbnailUrl\":\"\",\"articleSection\":[\"Coll\u00e8ge\"],\"inLanguage\":\"fr-FR\"},{\"@type\":\"WebPage\",\"@id\":\"https:\\\/\\\/www.stjb-delasalle.fr\\\/site\\\/2018\\\/11\\\/16\\\/election-des-delegues-de-6emes-et-formation-pour-les-eleves-de-6emes-et-5emes\\\/\",\"url\":\"https:\\\/\\\/www.stjb-delasalle.fr\\\/site\\\/2018\\\/11\\\/16\\\/election-des-delegues-de-6emes-et-formation-pour-les-eleves-de-6emes-et-5emes\\\/\",\"name\":\"\u00c9lection des d\u00e9l\u00e9gu\u00e9s de 6\u00e8mes et formation pour les \u00e9l\u00e8ves de 6\u00e8mes et 5\u00e8mes - Coll\u00e8ge Saint Jean Baptiste de La Salle\",\"isPartOf\":{\"@id\":\"https:\\\/\\\/www.stjb-delasalle.fr\\\/site\\\/#website\"},\"primaryImageOfPage\":{\"@id\":\"https:\\\/\\\/www.stjb-delasalle.fr\\\/site\\\/2018\\\/11\\\/16\\\/election-des-delegues-de-6emes-et-formation-pour-les-eleves-de-6emes-et-5emes\\\/#primaryimage\"},\"image\":{\"@id\":\"https:\\\/\\\/www.stjb-delasalle.fr\\\/site\\\/2018\\\/11\\\/16\\\/election-des-delegues-de-6emes-et-formation-pour-les-eleves-de-6emes-et-5emes\\\/#primaryimage\"},\"thumbnailUrl\":\"\",\"datePublished\":\"2018-11-16T08:49:54+00:00\",\"breadcrumb\":{\"@id\":\"https:\\\/\\\/www.stjb-delasalle.fr\\\/site\\\/2018\\\/11\\\/16\\\/election-des-delegues-de-6emes-et-formation-pour-les-eleves-de-6emes-et-5emes\\\/#breadcrumb\"},\"inLanguage\":\"fr-FR\",\"potentialAction\":[{\"@type\":\"ReadAction\",\"target\":[\"https:\\\/\\\/www.stjb-delasalle.fr\\\/site\\\/2018\\\/11\\\/16\\\/election-des-delegues-de-6emes-et-formation-pour-les-eleves-de-6emes-et-5emes\\\/\"]}]},{\"@type\":\"ImageObject\",\"inLanguage\":\"fr-FR\",\"@id\":\"https:\\\/\\\/www.stjb-delasalle.fr\\\/site\\\/2018\\\/11\\\/16\\\/election-des-delegues-de-6emes-et-formation-pour-les-eleves-de-6emes-et-5emes\\\/#primaryimage\",\"url\":\"\",\"contentUrl\":\"\"},{\"@type\":\"BreadcrumbList\",\"@id\":\"https:\\\/\\\/www.stjb-delasalle.fr\\\/site\\\/2018\\\/11\\\/16\\\/election-des-delegues-de-6emes-et-formation-pour-les-eleves-de-6emes-et-5emes\\\/#breadcrumb\",\"itemListElement\":[{\"@type\":\"ListItem\",\"position\":1,\"name\":\"Accueil\",\"item\":\"https:\\\/\\\/www.stjb-delasalle.fr\\\/site\\\/\"},{\"@type\":\"ListItem\",\"position\":2,\"name\":\"\u00c9lection des d\u00e9l\u00e9gu\u00e9s de 6\u00e8mes et formation pour les \u00e9l\u00e8ves de 6\u00e8mes et 5\u00e8mes\"}]},{\"@type\":\"WebSite\",\"@id\":\"https:\\\/\\\/www.stjb-delasalle.fr\\\/site\\\/#website\",\"url\":\"https:\\\/\\\/www.stjb-delasalle.fr\\\/site\\\/\",\"name\":\"Coll\u00e8ge Saint Jean Baptiste de La Salle\",\"description\":\"Notre coll\u00e8ge vous accueille sur le site du Rancher \u00e0 Teloch\u00e9\",\"publisher\":{\"@id\":\"https:\\\/\\\/www.stjb-delasalle.fr\\\/site\\\/#organization\"},\"potentialAction\":[{\"@type\":\"SearchAction\",\"target\":{\"@type\":\"EntryPoint\",\"urlTemplate\":\"https:\\\/\\\/www.stjb-delasalle.fr\\\/site\\\/?s={search_term_string}\"},\"query-input\":{\"@type\":\"PropertyValueSpecification\",\"valueRequired\":true,\"valueName\":\"search_term_string\"}}],\"inLanguage\":\"fr-FR\"},{\"@type\":\"Organization\",\"@id\":\"https:\\\/\\\/www.stjb-delasalle.fr\\\/site\\\/#organization\",\"name\":\"Coll\u00e8ge Saint Jean Baptiste de La Salle\",\"url\":\"https:\\\/\\\/www.stjb-delasalle.fr\\\/site\\\/\",\"logo\":{\"@type\":\"ImageObject\",\"inLanguage\":\"fr-FR\",\"@id\":\"https:\\\/\\\/www.stjb-delasalle.fr\\\/site\\\/#\\\/schema\\\/logo\\\/image\\\/\",\"url\":\"https:\\\/\\\/www.stjb-delasalle.fr\\\/site\\\/wp-content\\\/uploads\\\/2021\\\/11\\\/logostjb_petit_transp.png\",\"contentUrl\":\"https:\\\/\\\/www.stjb-delasalle.fr\\\/site\\\/wp-content\\\/uploads\\\/2021\\\/11\\\/logostjb_petit_transp.png\",\"width\":180,\"height\":127,\"caption\":\"Coll\u00e8ge Saint Jean Baptiste de La Salle\"},\"image\":{\"@id\":\"https:\\\/\\\/www.stjb-delasalle.fr\\\/site\\\/#\\\/schema\\\/logo\\\/image\\\/\"}},{\"@type\":\"Person\",\"@id\":\"https:\\\/\\\/www.stjb-delasalle.fr\\\/site\\\/#\\\/schema\\\/person\\\/36988a7b4178dd69b805a25eea2b8f8f\",\"name\":\"r.zucchetti\",\"image\":{\"@type\":\"ImageObject\",\"inLanguage\":\"fr-FR\",\"@id\":\"https:\\\/\\\/secure.gravatar.com\\\/avatar\\\/de909cd474d221f967baff6582e1e559c4977b81139138190583ff7dda97b212?s=96&d=mm&r=g\",\"url\":\"https:\\\/\\\/secure.gravatar.com\\\/avatar\\\/de909cd474d221f967baff6582e1e559c4977b81139138190583ff7dda97b212?s=96&d=mm&r=g\",\"contentUrl\":\"https:\\\/\\\/secure.gravatar.com\\\/avatar\\\/de909cd474d221f967baff6582e1e559c4977b81139138190583ff7dda97b212?s=96&d=mm&r=g\",\"caption\":\"r.zucchetti\"},\"sameAs\":[\"https:\\\/\\\/www.stjb-delasalle.fr\\\/site\"],\"url\":\"https:\\\/\\\/www.stjb-delasalle.fr\\\/site\\\/author\\\/r-zucchetti\\\/\"}]}<\/script>\n<!-- \/ Yoast SEO plugin. -->","yoast_head_json":{"title":"\u00c9lection des d\u00e9l\u00e9gu\u00e9s de 6\u00e8mes et formation pour les \u00e9l\u00e8ves de 6\u00e8mes et 5\u00e8mes - Coll\u00e8ge Saint Jean Baptiste de La Salle","robots":{"index":"index","follow":"follow","max-snippet":"max-snippet:-1","max-image-preview":"max-image-preview:large","max-video-preview":"max-video-preview:-1"},"canonical":"https:\/\/www.stjb-delasalle.fr\/site\/2018\/11\/16\/election-des-delegues-de-6emes-et-formation-pour-les-eleves-de-6emes-et-5emes\/","og_locale":"fr_FR","og_type":"article","og_title":"\u00c9lection des d\u00e9l\u00e9gu\u00e9s de 6\u00e8mes et formation pour les \u00e9l\u00e8ves de 6\u00e8mes et 5\u00e8mes - Coll\u00e8ge Saint Jean Baptiste de La Salle","og_description":"\u00ab\u00a0C\u2019est notre devoir et notre droit en tant qu\u2019\u00e9l\u00e8ves de voter.\u00a0\u00bb Comme chaque ann\u00e9e, apr\u00e8s une campagne \u00e9lectorale bien tenue, l\u2019heure du vote pour les \u00e9lections des d\u00e9l\u00e9gu\u00e9s 6\u00e8mes a eu lieu le Vendredi 19 octobre 2018 de 12h30 \u00e0 13h30 Cette ann\u00e9e, nous avions invit\u00e9 le maire de la commune pour recevoir le vote [&hellip;]","og_url":"https:\/\/www.stjb-delasalle.fr\/site\/2018\/11\/16\/election-des-delegues-de-6emes-et-formation-pour-les-eleves-de-6emes-et-5emes\/","og_site_name":"Coll\u00e8ge Saint Jean Baptiste de La Salle","article_published_time":"2018-11-16T08:49:54+00:00","author":"r.zucchetti","twitter_card":"summary_large_image","twitter_misc":{"\u00c9crit par":"r.zucchetti","Dur\u00e9e de lecture estim\u00e9e":"1 minute"},"schema":{"@context":"https:\/\/schema.org","@graph":[{"@type":"Article","@id":"https:\/\/www.stjb-delasalle.fr\/site\/2018\/11\/16\/election-des-delegues-de-6emes-et-formation-pour-les-eleves-de-6emes-et-5emes\/#article","isPartOf":{"@id":"https:\/\/www.stjb-delasalle.fr\/site\/2018\/11\/16\/election-des-delegues-de-6emes-et-formation-pour-les-eleves-de-6emes-et-5emes\/"},"author":{"name":"r.zucchetti","@id":"https:\/\/www.stjb-delasalle.fr\/site\/#\/schema\/person\/36988a7b4178dd69b805a25eea2b8f8f"},"headline":"\u00c9lection des d\u00e9l\u00e9gu\u00e9s de 6\u00e8mes et formation pour les \u00e9l\u00e8ves de 6\u00e8mes et 5\u00e8mes","datePublished":"2018-11-16T08:49:54+00:00","mainEntityOfPage":{"@id":"https:\/\/www.stjb-delasalle.fr\/site\/2018\/11\/16\/election-des-delegues-de-6emes-et-formation-pour-les-eleves-de-6emes-et-5emes\/"},"wordCount":258,"publisher":{"@id":"https:\/\/www.stjb-delasalle.fr\/site\/#organization"},"image":{"@id":"https:\/\/www.stjb-delasalle.fr\/site\/2018\/11\/16\/election-des-delegues-de-6emes-et-formation-pour-les-eleves-de-6emes-et-5emes\/#primaryimage"},"thumbnailUrl":"","articleSection":["Coll\u00e8ge"],"inLanguage":"fr-FR"},{"@type":"WebPage","@id":"https:\/\/www.stjb-delasalle.fr\/site\/2018\/11\/16\/election-des-delegues-de-6emes-et-formation-pour-les-eleves-de-6emes-et-5emes\/","url":"https:\/\/www.stjb-delasalle.fr\/site\/2018\/11\/16\/election-des-delegues-de-6emes-et-formation-pour-les-eleves-de-6emes-et-5emes\/","name":"\u00c9lection des d\u00e9l\u00e9gu\u00e9s de 6\u00e8mes et formation pour les \u00e9l\u00e8ves de 6\u00e8mes et 5\u00e8mes - Coll\u00e8ge Saint Jean Baptiste de La Salle","isPartOf":{"@id":"https:\/\/www.stjb-delasalle.fr\/site\/#website"},"primaryImageOfPage":{"@id":"https:\/\/www.stjb-delasalle.fr\/site\/2018\/11\/16\/election-des-delegues-de-6emes-et-formation-pour-les-eleves-de-6emes-et-5emes\/#primaryimage"},"image":{"@id":"https:\/\/www.stjb-delasalle.fr\/site\/2018\/11\/16\/election-des-delegues-de-6emes-et-formation-pour-les-eleves-de-6emes-et-5emes\/#primaryimage"},"thumbnailUrl":"","datePublished":"2018-11-16T08:49:54+00:00","breadcrumb":{"@id":"https:\/\/www.stjb-delasalle.fr\/site\/2018\/11\/16\/election-des-delegues-de-6emes-et-formation-pour-les-eleves-de-6emes-et-5emes\/#breadcrumb"},"inLanguage":"fr-FR","potentialAction":[{"@type":"ReadAction","target":["https:\/\/www.stjb-delasalle.fr\/site\/2018\/11\/16\/election-des-delegues-de-6emes-et-formation-pour-les-eleves-de-6emes-et-5emes\/"]}]},{"@type":"ImageObject","inLanguage":"fr-FR","@id":"https:\/\/www.stjb-delasalle.fr\/site\/2018\/11\/16\/election-des-delegues-de-6emes-et-formation-pour-les-eleves-de-6emes-et-5emes\/#primaryimage","url":"","contentUrl":""},{"@type":"BreadcrumbList","@id":"https:\/\/www.stjb-delasalle.fr\/site\/2018\/11\/16\/election-des-delegues-de-6emes-et-formation-pour-les-eleves-de-6emes-et-5emes\/#breadcrumb","itemListElement":[{"@type":"ListItem","position":1,"name":"Accueil","item":"https:\/\/www.stjb-delasalle.fr\/site\/"},{"@type":"ListItem","position":2,"name":"\u00c9lection des d\u00e9l\u00e9gu\u00e9s de 6\u00e8mes et formation pour les \u00e9l\u00e8ves de 6\u00e8mes et 5\u00e8mes"}]},{"@type":"WebSite","@id":"https:\/\/www.stjb-delasalle.fr\/site\/#website","url":"https:\/\/www.stjb-delasalle.fr\/site\/","name":"Coll\u00e8ge Saint Jean Baptiste de La Salle","description":"Notre coll\u00e8ge vous accueille sur le site du Rancher \u00e0 Teloch\u00e9","publisher":{"@id":"https:\/\/www.stjb-delasalle.fr\/site\/#organization"},"potentialAction":[{"@type":"SearchAction","target":{"@type":"EntryPoint","urlTemplate":"https:\/\/www.stjb-delasalle.fr\/site\/?s={search_term_string}"},"query-input":{"@type":"PropertyValueSpecification","valueRequired":true,"valueName":"search_term_string"}}],"inLanguage":"fr-FR"},{"@type":"Organization","@id":"https:\/\/www.stjb-delasalle.fr\/site\/#organization","name":"Coll\u00e8ge Saint Jean Baptiste de La Salle","url":"https:\/\/www.stjb-delasalle.fr\/site\/","logo":{"@type":"ImageObject","inLanguage":"fr-FR","@id":"https:\/\/www.stjb-delasalle.fr\/site\/#\/schema\/logo\/image\/","url":"https:\/\/www.stjb-delasalle.fr\/site\/wp-content\/uploads\/2021\/11\/logostjb_petit_transp.png","contentUrl":"https:\/\/www.stjb-delasalle.fr\/site\/wp-content\/uploads\/2021\/11\/logostjb_petit_transp.png","width":180,"height":127,"caption":"Coll\u00e8ge Saint Jean Baptiste de La Salle"},"image":{"@id":"https:\/\/www.stjb-delasalle.fr\/site\/#\/schema\/logo\/image\/"}},{"@type":"Person","@id":"https:\/\/www.stjb-delasalle.fr\/site\/#\/schema\/person\/36988a7b4178dd69b805a25eea2b8f8f","name":"r.zucchetti","image":{"@type":"ImageObject","inLanguage":"fr-FR","@id":"https:\/\/secure.gravatar.com\/avatar\/de909cd474d221f967baff6582e1e559c4977b81139138190583ff7dda97b212?s=96&d=mm&r=g","url":"https:\/\/secure.gravatar.com\/avatar\/de909cd474d221f967baff6582e1e559c4977b81139138190583ff7dda97b212?s=96&d=mm&r=g","contentUrl":"https:\/\/secure.gravatar.com\/avatar\/de909cd474d221f967baff6582e1e559c4977b81139138190583ff7dda97b212?s=96&d=mm&r=g","caption":"r.zucchetti"},"sameAs":["https:\/\/www.stjb-delasalle.fr\/site"],"url":"https:\/\/www.stjb-delasalle.fr\/site\/author\/r-zucchetti\/"}]}},"_links":{"self":[{"href":"https:\/\/www.stjb-delasalle.fr\/site\/wp-json\/wp\/v2\/posts\/1969","targetHints":{"allow":["GET"]}}],"collection":[{"href":"https:\/\/www.stjb-delasalle.fr\/site\/wp-json\/wp\/v2\/posts"}],"about":[{"href":"https:\/\/www.stjb-delasalle.fr\/site\/wp-json\/wp\/v2\/types\/post"}],"author":[{"embeddable":true,"href":"https:\/\/www.stjb-delasalle.fr\/site\/wp-json\/wp\/v2\/users\/1"}],"replies":[{"embeddable":true,"href":"https:\/\/www.stjb-delasalle.fr\/site\/wp-json\/wp\/v2\/comments?post=1969"}],"version-history":[{"count":0,"href":"https:\/\/www.stjb-delasalle.fr\/site\/wp-json\/wp\/v2\/posts\/1969\/revisions"}],"wp:featuredmedia":[{"embeddable":true,"href":"https:\/\/www.stjb-delasalle.fr\/site\/wp-json\/"}],"wp:attachment":[{"href":"https:\/\/www.stjb-delasalle.fr\/site\/wp-json\/wp\/v2\/media?parent=1969"}],"wp:term":[{"taxonomy":"category","embeddable":true,"href":"https:\/\/www.stjb-delasalle.fr\/site\/wp-json\/wp\/v2\/categories?post=1969"},{"taxonomy":"post_tag","embeddable":true,"href":"https:\/\/www.stjb-delasalle.fr\/site\/wp-json\/wp\/v2\/tags?post=1969"}],"curies":[{"name":"wp","href":"https:\/\/api.w.org\/{rel}","templated":true}]}}