{"id":19019,"date":"2026-04-13T09:18:06","date_gmt":"2026-04-13T09:18:06","guid":{"rendered":"https:\/\/www.stjb-delasalle.fr\/site\/?p=19019"},"modified":"2026-04-13T09:18:08","modified_gmt":"2026-04-13T09:18:08","slug":"realisation-dune-fresque-par-les-eleves-dulis-2","status":"publish","type":"post","link":"https:\/\/www.stjb-delasalle.fr\/site\/2026\/04\/13\/realisation-dune-fresque-par-les-eleves-dulis-2\/","title":{"rendered":"R\u00e9alisation d&rsquo;une fresque par les \u00e9l\u00e8ves d&rsquo;Ulis"},"content":{"rendered":"<h1 dir=\"ltr\"><span style=\"font-size: 1rem; color: #4b4f58;\">Depuis le mois d\u2019octobre, les \u00e9l\u00e8ves du dispositif Ulis se sont engag\u00e9s dans la r\u00e9alisation d\u2019une fresque dans le couloir du deuxi\u00e8me \u00e9tage, \u00e0 proximit\u00e9 des salles Claudel et Ravel. Ce projet ambitieux est men\u00e9 avec l\u2019accompagnement de Madame Lanfranchi, enseignante en Ulis, et de Monsieur Lenoble, professeur d\u2019arts plastiques.<\/span><\/h1>\n<div dir=\"ltr\">\n<div class=\"x_elementToProof\">\n<p data-start=\"406\" data-end=\"574\">Dans un premier temps, les \u00e9l\u00e8ves ont effectu\u00e9 des recherches au CDI afin de s\u00e9lectionner des images en lien avec les arts plastiques, avec l\u2019aide de la documentaliste.<\/p>\n<p data-start=\"576\" data-end=\"884\">Une s\u00e9lection d\u2019\u0153uvres a ensuite \u00e9t\u00e9 discut\u00e9e, puis pr\u00e9sent\u00e9e \u00e0 la direction pour validation. Les \u0153uvres retenues s\u2019inscrivent dans les mouvements du pop art et de l\u2019art optique, et mettent \u00e0 l\u2019honneur de grands artistes tels que Keith Haring, Piet Mondrian, Andy Warhol, Victor Vasarely et Roy Lichtenstein.<\/p>\n<p data-start=\"886\" data-end=\"1162\">Les \u00e9l\u00e8ves ont ensuite entam\u00e9 une phase d\u2019observation et de pr\u00e9paration. Les protections murales en bois brut, appel\u00e9es \u00ab lisses \u00bb, ont \u00e9t\u00e9 ponc\u00e9es et uniformis\u00e9es afin d\u2019obtenir un support propre et r\u00e9gulier. Les murs ont \u00e9galement \u00e9t\u00e9 prot\u00e9g\u00e9s \u00e0 l\u2019aide de ruban de masquage.<\/p>\n<p data-start=\"1164\" data-end=\"1316\">Une premi\u00e8re couche de peinture blanche a \u00e9t\u00e9 appliqu\u00e9e. Apr\u00e8s s\u00e9chage, une seconde couche a \u00e9t\u00e9 ajout\u00e9e afin de corriger les \u00e9ventuelles imperfections.<\/p>\n<p data-start=\"1318\" data-end=\"1478\">La premi\u00e8re partie de la fresque, situ\u00e9e au fond du couloir, c\u00f4t\u00e9 sortie de secours, a d&rsquo;abord \u00e9t\u00e9 enti\u00e8rement pens\u00e9e comme un grand d\u00e9grad\u00e9 allant du jaune au rouge. Des figures li\u00e9es \u00e0 Keith Haring ont \u00e9t\u00e9 ajout\u00e9es. La r\u00e9alisation est d\u00e9sormais achev\u00e9e. Les \u00e9l\u00e8ves posent fi\u00e8rement devant leur r\u00e9alisation. (photo)<\/p>\n<p data-start=\"1480\" data-end=\"1705\">La seconde partie est encore en cours de finalisation. Ce projet, particuli\u00e8rement ambitieux, se poursuivra sans doute dans les ann\u00e9es \u00e0 venir afin de recouvrir progressivement l\u2019ensemble du couloir. Gardez les yeux ouverts !<\/p>\n<\/div>\n<\/div>\n<div><a href=\"https:\/\/www.stjb-delasalle.fr\/site\/?attachment_id=19011\" rel=\"attachment wp-att-19011\"><img fetchpriority=\"high\" decoding=\"async\" class=\"alignnone size-medium wp-image-19011\" src=\"https:\/\/www.stjb-delasalle.fr\/site\/wp-content\/uploads\/2026\/04\/20260113_125615704_iOS-300x225.jpg\" alt=\"\" width=\"300\" height=\"225\" srcset=\"https:\/\/www.stjb-delasalle.fr\/site\/wp-content\/uploads\/2026\/04\/20260113_125615704_iOS-300x225.jpg 300w, https:\/\/www.stjb-delasalle.fr\/site\/wp-content\/uploads\/2026\/04\/20260113_125615704_iOS-1024x768.jpg 1024w, https:\/\/www.stjb-delasalle.fr\/site\/wp-content\/uploads\/2026\/04\/20260113_125615704_iOS-768x576.jpg 768w, https:\/\/www.stjb-delasalle.fr\/site\/wp-content\/uploads\/2026\/04\/20260113_125615704_iOS-1536x1152.jpg 1536w, https:\/\/www.stjb-delasalle.fr\/site\/wp-content\/uploads\/2026\/04\/20260113_125615704_iOS-640x480.jpg 640w, https:\/\/www.stjb-delasalle.fr\/site\/wp-content\/uploads\/2026\/04\/20260113_125615704_iOS.jpg 1920w\" sizes=\"(max-width: 300px) 100vw, 300px\" \/><\/a> <a href=\"https:\/\/www.stjb-delasalle.fr\/site\/?attachment_id=19012\" rel=\"attachment wp-att-19012\"><img decoding=\"async\" class=\"alignnone size-medium wp-image-19012\" src=\"https:\/\/www.stjb-delasalle.fr\/site\/wp-content\/uploads\/2026\/04\/20260113_125723461_iOS-300x225.jpg\" alt=\"\" width=\"300\" height=\"225\" srcset=\"https:\/\/www.stjb-delasalle.fr\/site\/wp-content\/uploads\/2026\/04\/20260113_125723461_iOS-300x225.jpg 300w, https:\/\/www.stjb-delasalle.fr\/site\/wp-content\/uploads\/2026\/04\/20260113_125723461_iOS-1024x768.jpg 1024w, https:\/\/www.stjb-delasalle.fr\/site\/wp-content\/uploads\/2026\/04\/20260113_125723461_iOS-768x576.jpg 768w, https:\/\/www.stjb-delasalle.fr\/site\/wp-content\/uploads\/2026\/04\/20260113_125723461_iOS-1536x1152.jpg 1536w, https:\/\/www.stjb-delasalle.fr\/site\/wp-content\/uploads\/2026\/04\/20260113_125723461_iOS-640x480.jpg 640w, https:\/\/www.stjb-delasalle.fr\/site\/wp-content\/uploads\/2026\/04\/20260113_125723461_iOS.jpg 1920w\" sizes=\"(max-width: 300px) 100vw, 300px\" \/><\/a> <a href=\"https:\/\/www.stjb-delasalle.fr\/site\/?attachment_id=19013\" rel=\"attachment wp-att-19013\"><img decoding=\"async\" class=\"alignnone size-medium wp-image-19013\" src=\"https:\/\/www.stjb-delasalle.fr\/site\/wp-content\/uploads\/2026\/04\/20260113_130432907_iOS-300x225.jpg\" alt=\"\" width=\"300\" height=\"225\" srcset=\"https:\/\/www.stjb-delasalle.fr\/site\/wp-content\/uploads\/2026\/04\/20260113_130432907_iOS-300x225.jpg 300w, https:\/\/www.stjb-delasalle.fr\/site\/wp-content\/uploads\/2026\/04\/20260113_130432907_iOS-1024x768.jpg 1024w, https:\/\/www.stjb-delasalle.fr\/site\/wp-content\/uploads\/2026\/04\/20260113_130432907_iOS-768x576.jpg 768w, https:\/\/www.stjb-delasalle.fr\/site\/wp-content\/uploads\/2026\/04\/20260113_130432907_iOS-1536x1152.jpg 1536w, https:\/\/www.stjb-delasalle.fr\/site\/wp-content\/uploads\/2026\/04\/20260113_130432907_iOS-640x480.jpg 640w, https:\/\/www.stjb-delasalle.fr\/site\/wp-content\/uploads\/2026\/04\/20260113_130432907_iOS.jpg 1920w\" sizes=\"(max-width: 300px) 100vw, 300px\" \/><\/a> <a href=\"https:\/\/www.stjb-delasalle.fr\/site\/?attachment_id=19014\" rel=\"attachment wp-att-19014\"><img loading=\"lazy\" decoding=\"async\" class=\"alignnone size-medium wp-image-19014\" src=\"https:\/\/www.stjb-delasalle.fr\/site\/wp-content\/uploads\/2026\/04\/20260303_131646277_iOS-300x225.jpg\" alt=\"\" width=\"300\" height=\"225\" srcset=\"https:\/\/www.stjb-delasalle.fr\/site\/wp-content\/uploads\/2026\/04\/20260303_131646277_iOS-300x225.jpg 300w, https:\/\/www.stjb-delasalle.fr\/site\/wp-content\/uploads\/2026\/04\/20260303_131646277_iOS-1024x768.jpg 1024w, https:\/\/www.stjb-delasalle.fr\/site\/wp-content\/uploads\/2026\/04\/20260303_131646277_iOS-768x576.jpg 768w, https:\/\/www.stjb-delasalle.fr\/site\/wp-content\/uploads\/2026\/04\/20260303_131646277_iOS-1536x1152.jpg 1536w, https:\/\/www.stjb-delasalle.fr\/site\/wp-content\/uploads\/2026\/04\/20260303_131646277_iOS-640x480.jpg 640w, https:\/\/www.stjb-delasalle.fr\/site\/wp-content\/uploads\/2026\/04\/20260303_131646277_iOS.jpg 1920w\" sizes=\"(max-width: 300px) 100vw, 300px\" \/><\/a><a href=\"https:\/\/www.stjb-delasalle.fr\/site\/?attachment_id=19017\" rel=\"attachment wp-att-19017\"><img loading=\"lazy\" decoding=\"async\" class=\"alignnone size-medium wp-image-19017\" src=\"https:\/\/www.stjb-delasalle.fr\/site\/wp-content\/uploads\/2026\/04\/20251125_131103102_iOS-2-1-300x225.jpg\" alt=\"\" width=\"300\" height=\"225\" srcset=\"https:\/\/www.stjb-delasalle.fr\/site\/wp-content\/uploads\/2026\/04\/20251125_131103102_iOS-2-1-300x225.jpg 300w, https:\/\/www.stjb-delasalle.fr\/site\/wp-content\/uploads\/2026\/04\/20251125_131103102_iOS-2-1-1024x768.jpg 1024w, https:\/\/www.stjb-delasalle.fr\/site\/wp-content\/uploads\/2026\/04\/20251125_131103102_iOS-2-1-768x576.jpg 768w, https:\/\/www.stjb-delasalle.fr\/site\/wp-content\/uploads\/2026\/04\/20251125_131103102_iOS-2-1-1536x1152.jpg 1536w, https:\/\/www.stjb-delasalle.fr\/site\/wp-content\/uploads\/2026\/04\/20251125_131103102_iOS-2-1-640x480.jpg 640w, https:\/\/www.stjb-delasalle.fr\/site\/wp-content\/uploads\/2026\/04\/20251125_131103102_iOS-2-1.jpg 1920w\" sizes=\"(max-width: 300px) 100vw, 300px\" \/><\/a><\/div>\n<div dir=\"ltr\">\u00a0<\/div>\n<p><!--more--><\/p>\n\n\n<p><\/p>\n","protected":false},"excerpt":{"rendered":"<p>Depuis le mois d\u2019octobre, les \u00e9l\u00e8ves du dispositif Ulis se sont engag\u00e9s dans la r\u00e9alisation d\u2019une fresque dans le couloir du deuxi\u00e8me \u00e9tage, \u00e0 proximit\u00e9 des salles Claudel et Ravel. Ce projet ambitieux est men\u00e9 avec l\u2019accompagnement de Madame Lanfranchi, enseignante en Ulis, et de Monsieur Lenoble, professeur d\u2019arts plastiques. Dans un premier temps, les [&hellip;]<\/p>\n","protected":false},"author":5,"featured_media":19015,"comment_status":"open","ping_status":"open","sticky":false,"template":"","format":"standard","meta":{"site-sidebar-layout":"default","site-content-layout":"","ast-site-content-layout":"default","site-content-style":"default","site-sidebar-style":"default","ast-global-header-display":"","ast-banner-title-visibility":"","ast-main-header-display":"","ast-hfb-above-header-display":"","ast-hfb-below-header-display":"","ast-hfb-mobile-header-display":"","site-post-title":"","ast-breadcrumbs-content":"","ast-featured-img":"","footer-sml-layout":"","ast-disable-related-posts":"","theme-transparent-header-meta":"default","adv-header-id-meta":"","stick-header-meta":"","header-above-stick-meta":"","header-main-stick-meta":"","header-below-stick-meta":"","astra-migrate-meta-layouts":"set","ast-page-background-enabled":"default","ast-page-background-meta":{"desktop":{"background-color":"var(--ast-global-color-4)","background-image":"","background-repeat":"repeat","background-position":"center center","background-size":"auto","background-attachment":"scroll","background-type":"","background-media":"","overlay-type":"","overlay-color":"","overlay-opacity":"","overlay-gradient":""},"tablet":{"background-color":"","background-image":"","background-repeat":"repeat","background-position":"center center","background-size":"auto","background-attachment":"scroll","background-type":"","background-media":"","overlay-type":"","overlay-color":"","overlay-opacity":"","overlay-gradient":""},"mobile":{"background-color":"","background-image":"","background-repeat":"repeat","background-position":"center center","background-size":"auto","background-attachment":"scroll","background-type":"","background-media":"","overlay-type":"","overlay-color":"","overlay-opacity":"","overlay-gradient":""}},"ast-content-background-meta":{"desktop":{"background-color":"var(--ast-global-color-5)","background-image":"","background-repeat":"repeat","background-position":"center center","background-size":"auto","background-attachment":"scroll","background-type":"","background-media":"","overlay-type":"","overlay-color":"","overlay-opacity":"","overlay-gradient":""},"tablet":{"background-color":"var(--ast-global-color-5)","background-image":"","background-repeat":"repeat","background-position":"center center","background-size":"auto","background-attachment":"scroll","background-type":"","background-media":"","overlay-type":"","overlay-color":"","overlay-opacity":"","overlay-gradient":""},"mobile":{"background-color":"var(--ast-global-color-5)","background-image":"","background-repeat":"repeat","background-position":"center center","background-size":"auto","background-attachment":"scroll","background-type":"","background-media":"","overlay-type":"","overlay-color":"","overlay-opacity":"","overlay-gradient":""}},"footnotes":""},"categories":[6],"tags":[],"class_list":["post-19019","post","type-post","status-publish","format-standard","has-post-thumbnail","hentry","category-college"],"yoast_head":"<!-- This site is optimized with the Yoast SEO plugin v27.5 - https:\/\/yoast.com\/product\/yoast-seo-wordpress\/ -->\n<title>Coll\u00e8ge St Jean-Baptiste de La Salle - Le Rancher Teloch\u00e9<\/title>\n<meta name=\"description\" content=\"Le Coll\u00e8ge St Jean-Baptiste de La Salle \u00e0 Teloch\u00e9 offre depuis 1973 un cadre \u00e9ducatif privil\u00e9gi\u00e9 et des projets innovants au service des \u00e9l\u00e8ves.\" \/>\n<meta name=\"robots\" content=\"index, follow, max-snippet:-1, max-image-preview:large, max-video-preview:-1\" \/>\n<link rel=\"canonical\" href=\"https:\/\/www.stjb-delasalle.fr\/site\/2026\/04\/13\/realisation-dune-fresque-par-les-eleves-dulis-2\/\" \/>\n<meta property=\"og:locale\" content=\"fr_FR\" \/>\n<meta property=\"og:type\" content=\"article\" \/>\n<meta property=\"og:title\" content=\"Coll\u00e8ge St Jean-Baptiste de La Salle - Le Rancher Teloch\u00e9\" \/>\n<meta property=\"og:description\" content=\"Le Coll\u00e8ge St Jean-Baptiste de La Salle \u00e0 Teloch\u00e9 offre depuis 1973 un cadre \u00e9ducatif privil\u00e9gi\u00e9 et des projets innovants au service des \u00e9l\u00e8ves.\" \/>\n<meta property=\"og:url\" content=\"https:\/\/www.stjb-delasalle.fr\/site\/2026\/04\/13\/realisation-dune-fresque-par-les-eleves-dulis-2\/\" \/>\n<meta property=\"og:site_name\" content=\"Coll\u00e8ge Saint Jean Baptiste de La Salle\" \/>\n<meta property=\"article:published_time\" content=\"2026-04-13T09:18:06+00:00\" \/>\n<meta property=\"article:modified_time\" content=\"2026-04-13T09:18:08+00:00\" \/>\n<meta property=\"og:image\" content=\"https:\/\/www.stjb-delasalle.fr\/site\/wp-content\/uploads\/2026\/04\/20260331_121635069_iOS-e1776066404717.jpg\" \/>\n\t<meta property=\"og:image:width\" content=\"1440\" \/>\n\t<meta property=\"og:image:height\" content=\"1194\" \/>\n\t<meta property=\"og:image:type\" content=\"image\/jpeg\" \/>\n<meta name=\"author\" content=\"In\u00e8s Mesme\" \/>\n<meta name=\"twitter:card\" content=\"summary_large_image\" \/>\n<meta name=\"twitter:label1\" content=\"\u00c9crit par\" \/>\n\t<meta name=\"twitter:data1\" content=\"In\u00e8s Mesme\" \/>\n\t<meta name=\"twitter:label2\" content=\"Dur\u00e9e de lecture estim\u00e9e\" \/>\n\t<meta name=\"twitter:data2\" content=\"3 minutes\" \/>\n<script type=\"application\/ld+json\" class=\"yoast-schema-graph\">{\"@context\":\"https:\\\/\\\/schema.org\",\"@graph\":[{\"@type\":\"Article\",\"@id\":\"https:\\\/\\\/www.stjb-delasalle.fr\\\/site\\\/2026\\\/04\\\/13\\\/realisation-dune-fresque-par-les-eleves-dulis-2\\\/#article\",\"isPartOf\":{\"@id\":\"https:\\\/\\\/www.stjb-delasalle.fr\\\/site\\\/2026\\\/04\\\/13\\\/realisation-dune-fresque-par-les-eleves-dulis-2\\\/\"},\"author\":{\"name\":\"In\u00e8s Mesme\",\"@id\":\"https:\\\/\\\/www.stjb-delasalle.fr\\\/site\\\/#\\\/schema\\\/person\\\/488931e369608278a3449956554f1b95\"},\"headline\":\"R\u00e9alisation d&rsquo;une fresque par les \u00e9l\u00e8ves d&rsquo;Ulis\",\"datePublished\":\"2026-04-13T09:18:06+00:00\",\"dateModified\":\"2026-04-13T09:18:08+00:00\",\"mainEntityOfPage\":{\"@id\":\"https:\\\/\\\/www.stjb-delasalle.fr\\\/site\\\/2026\\\/04\\\/13\\\/realisation-dune-fresque-par-les-eleves-dulis-2\\\/\"},\"wordCount\":331,\"commentCount\":0,\"publisher\":{\"@id\":\"https:\\\/\\\/www.stjb-delasalle.fr\\\/site\\\/#organization\"},\"image\":{\"@id\":\"https:\\\/\\\/www.stjb-delasalle.fr\\\/site\\\/2026\\\/04\\\/13\\\/realisation-dune-fresque-par-les-eleves-dulis-2\\\/#primaryimage\"},\"thumbnailUrl\":\"https:\\\/\\\/www.stjb-delasalle.fr\\\/site\\\/wp-content\\\/uploads\\\/2026\\\/04\\\/20260331_121635069_iOS-e1776066404717.jpg\",\"articleSection\":[\"Coll\u00e8ge\"],\"inLanguage\":\"fr-FR\",\"potentialAction\":[{\"@type\":\"CommentAction\",\"name\":\"Comment\",\"target\":[\"https:\\\/\\\/www.stjb-delasalle.fr\\\/site\\\/2026\\\/04\\\/13\\\/realisation-dune-fresque-par-les-eleves-dulis-2\\\/#respond\"]}]},{\"@type\":\"WebPage\",\"@id\":\"https:\\\/\\\/www.stjb-delasalle.fr\\\/site\\\/2026\\\/04\\\/13\\\/realisation-dune-fresque-par-les-eleves-dulis-2\\\/\",\"url\":\"https:\\\/\\\/www.stjb-delasalle.fr\\\/site\\\/2026\\\/04\\\/13\\\/realisation-dune-fresque-par-les-eleves-dulis-2\\\/\",\"name\":\"Coll\u00e8ge St Jean-Baptiste de La Salle - Le Rancher Teloch\u00e9\",\"isPartOf\":{\"@id\":\"https:\\\/\\\/www.stjb-delasalle.fr\\\/site\\\/#website\"},\"primaryImageOfPage\":{\"@id\":\"https:\\\/\\\/www.stjb-delasalle.fr\\\/site\\\/2026\\\/04\\\/13\\\/realisation-dune-fresque-par-les-eleves-dulis-2\\\/#primaryimage\"},\"image\":{\"@id\":\"https:\\\/\\\/www.stjb-delasalle.fr\\\/site\\\/2026\\\/04\\\/13\\\/realisation-dune-fresque-par-les-eleves-dulis-2\\\/#primaryimage\"},\"thumbnailUrl\":\"https:\\\/\\\/www.stjb-delasalle.fr\\\/site\\\/wp-content\\\/uploads\\\/2026\\\/04\\\/20260331_121635069_iOS-e1776066404717.jpg\",\"datePublished\":\"2026-04-13T09:18:06+00:00\",\"dateModified\":\"2026-04-13T09:18:08+00:00\",\"description\":\"Le Coll\u00e8ge St Jean-Baptiste de La Salle \u00e0 Teloch\u00e9 offre depuis 1973 un cadre \u00e9ducatif privil\u00e9gi\u00e9 et des projets innovants au service des \u00e9l\u00e8ves.\",\"breadcrumb\":{\"@id\":\"https:\\\/\\\/www.stjb-delasalle.fr\\\/site\\\/2026\\\/04\\\/13\\\/realisation-dune-fresque-par-les-eleves-dulis-2\\\/#breadcrumb\"},\"inLanguage\":\"fr-FR\",\"potentialAction\":[{\"@type\":\"ReadAction\",\"target\":[\"https:\\\/\\\/www.stjb-delasalle.fr\\\/site\\\/2026\\\/04\\\/13\\\/realisation-dune-fresque-par-les-eleves-dulis-2\\\/\"]}]},{\"@type\":\"ImageObject\",\"inLanguage\":\"fr-FR\",\"@id\":\"https:\\\/\\\/www.stjb-delasalle.fr\\\/site\\\/2026\\\/04\\\/13\\\/realisation-dune-fresque-par-les-eleves-dulis-2\\\/#primaryimage\",\"url\":\"https:\\\/\\\/www.stjb-delasalle.fr\\\/site\\\/wp-content\\\/uploads\\\/2026\\\/04\\\/20260331_121635069_iOS-e1776066404717.jpg\",\"contentUrl\":\"https:\\\/\\\/www.stjb-delasalle.fr\\\/site\\\/wp-content\\\/uploads\\\/2026\\\/04\\\/20260331_121635069_iOS-e1776066404717.jpg\",\"width\":1440,\"height\":1194},{\"@type\":\"BreadcrumbList\",\"@id\":\"https:\\\/\\\/www.stjb-delasalle.fr\\\/site\\\/2026\\\/04\\\/13\\\/realisation-dune-fresque-par-les-eleves-dulis-2\\\/#breadcrumb\",\"itemListElement\":[{\"@type\":\"ListItem\",\"position\":1,\"name\":\"Accueil\",\"item\":\"https:\\\/\\\/www.stjb-delasalle.fr\\\/site\\\/\"},{\"@type\":\"ListItem\",\"position\":2,\"name\":\"R\u00e9alisation d&rsquo;une fresque par les \u00e9l\u00e8ves d&rsquo;Ulis\"}]},{\"@type\":\"WebSite\",\"@id\":\"https:\\\/\\\/www.stjb-delasalle.fr\\\/site\\\/#website\",\"url\":\"https:\\\/\\\/www.stjb-delasalle.fr\\\/site\\\/\",\"name\":\"Coll\u00e8ge Saint Jean Baptiste de La Salle\",\"description\":\"Notre coll\u00e8ge vous accueille sur le site du Rancher \u00e0 Teloch\u00e9\",\"publisher\":{\"@id\":\"https:\\\/\\\/www.stjb-delasalle.fr\\\/site\\\/#organization\"},\"potentialAction\":[{\"@type\":\"SearchAction\",\"target\":{\"@type\":\"EntryPoint\",\"urlTemplate\":\"https:\\\/\\\/www.stjb-delasalle.fr\\\/site\\\/?s={search_term_string}\"},\"query-input\":{\"@type\":\"PropertyValueSpecification\",\"valueRequired\":true,\"valueName\":\"search_term_string\"}}],\"inLanguage\":\"fr-FR\"},{\"@type\":\"Organization\",\"@id\":\"https:\\\/\\\/www.stjb-delasalle.fr\\\/site\\\/#organization\",\"name\":\"Coll\u00e8ge Saint Jean Baptiste de La Salle\",\"url\":\"https:\\\/\\\/www.stjb-delasalle.fr\\\/site\\\/\",\"logo\":{\"@type\":\"ImageObject\",\"inLanguage\":\"fr-FR\",\"@id\":\"https:\\\/\\\/www.stjb-delasalle.fr\\\/site\\\/#\\\/schema\\\/logo\\\/image\\\/\",\"url\":\"https:\\\/\\\/www.stjb-delasalle.fr\\\/site\\\/wp-content\\\/uploads\\\/2021\\\/11\\\/logostjb_petit_transp.png\",\"contentUrl\":\"https:\\\/\\\/www.stjb-delasalle.fr\\\/site\\\/wp-content\\\/uploads\\\/2021\\\/11\\\/logostjb_petit_transp.png\",\"width\":180,\"height\":127,\"caption\":\"Coll\u00e8ge Saint Jean Baptiste de La Salle\"},\"image\":{\"@id\":\"https:\\\/\\\/www.stjb-delasalle.fr\\\/site\\\/#\\\/schema\\\/logo\\\/image\\\/\"}},{\"@type\":\"Person\",\"@id\":\"https:\\\/\\\/www.stjb-delasalle.fr\\\/site\\\/#\\\/schema\\\/person\\\/488931e369608278a3449956554f1b95\",\"name\":\"In\u00e8s Mesme\",\"image\":{\"@type\":\"ImageObject\",\"inLanguage\":\"fr-FR\",\"@id\":\"https:\\\/\\\/secure.gravatar.com\\\/avatar\\\/859620b3c1bbefca879d070bd0b05a0c78ce9805744f2aa7e35bcbd6fbf05512?s=96&d=mm&r=g\",\"url\":\"https:\\\/\\\/secure.gravatar.com\\\/avatar\\\/859620b3c1bbefca879d070bd0b05a0c78ce9805744f2aa7e35bcbd6fbf05512?s=96&d=mm&r=g\",\"contentUrl\":\"https:\\\/\\\/secure.gravatar.com\\\/avatar\\\/859620b3c1bbefca879d070bd0b05a0c78ce9805744f2aa7e35bcbd6fbf05512?s=96&d=mm&r=g\",\"caption\":\"In\u00e8s Mesme\"},\"sameAs\":[\"http:\\\/\\\/www.stjb-delasalle.fr\"],\"url\":\"https:\\\/\\\/www.stjb-delasalle.fr\\\/site\\\/author\\\/communication\\\/\"}]}<\/script>\n<!-- \/ Yoast SEO plugin. -->","yoast_head_json":{"title":"Coll\u00e8ge St Jean-Baptiste de La Salle - Le Rancher Teloch\u00e9","description":"Le Coll\u00e8ge St Jean-Baptiste de La Salle \u00e0 Teloch\u00e9 offre depuis 1973 un cadre \u00e9ducatif privil\u00e9gi\u00e9 et des projets innovants au service des \u00e9l\u00e8ves.","robots":{"index":"index","follow":"follow","max-snippet":"max-snippet:-1","max-image-preview":"max-image-preview:large","max-video-preview":"max-video-preview:-1"},"canonical":"https:\/\/www.stjb-delasalle.fr\/site\/2026\/04\/13\/realisation-dune-fresque-par-les-eleves-dulis-2\/","og_locale":"fr_FR","og_type":"article","og_title":"Coll\u00e8ge St Jean-Baptiste de La Salle - Le Rancher Teloch\u00e9","og_description":"Le Coll\u00e8ge St Jean-Baptiste de La Salle \u00e0 Teloch\u00e9 offre depuis 1973 un cadre \u00e9ducatif privil\u00e9gi\u00e9 et des projets innovants au service des \u00e9l\u00e8ves.","og_url":"https:\/\/www.stjb-delasalle.fr\/site\/2026\/04\/13\/realisation-dune-fresque-par-les-eleves-dulis-2\/","og_site_name":"Coll\u00e8ge Saint Jean Baptiste de La Salle","article_published_time":"2026-04-13T09:18:06+00:00","article_modified_time":"2026-04-13T09:18:08+00:00","og_image":[{"width":1440,"height":1194,"url":"https:\/\/www.stjb-delasalle.fr\/site\/wp-content\/uploads\/2026\/04\/20260331_121635069_iOS-e1776066404717.jpg","type":"image\/jpeg"}],"author":"In\u00e8s Mesme","twitter_card":"summary_large_image","twitter_misc":{"\u00c9crit par":"In\u00e8s Mesme","Dur\u00e9e de lecture estim\u00e9e":"3 minutes"},"schema":{"@context":"https:\/\/schema.org","@graph":[{"@type":"Article","@id":"https:\/\/www.stjb-delasalle.fr\/site\/2026\/04\/13\/realisation-dune-fresque-par-les-eleves-dulis-2\/#article","isPartOf":{"@id":"https:\/\/www.stjb-delasalle.fr\/site\/2026\/04\/13\/realisation-dune-fresque-par-les-eleves-dulis-2\/"},"author":{"name":"In\u00e8s Mesme","@id":"https:\/\/www.stjb-delasalle.fr\/site\/#\/schema\/person\/488931e369608278a3449956554f1b95"},"headline":"R\u00e9alisation d&rsquo;une fresque par les \u00e9l\u00e8ves d&rsquo;Ulis","datePublished":"2026-04-13T09:18:06+00:00","dateModified":"2026-04-13T09:18:08+00:00","mainEntityOfPage":{"@id":"https:\/\/www.stjb-delasalle.fr\/site\/2026\/04\/13\/realisation-dune-fresque-par-les-eleves-dulis-2\/"},"wordCount":331,"commentCount":0,"publisher":{"@id":"https:\/\/www.stjb-delasalle.fr\/site\/#organization"},"image":{"@id":"https:\/\/www.stjb-delasalle.fr\/site\/2026\/04\/13\/realisation-dune-fresque-par-les-eleves-dulis-2\/#primaryimage"},"thumbnailUrl":"https:\/\/www.stjb-delasalle.fr\/site\/wp-content\/uploads\/2026\/04\/20260331_121635069_iOS-e1776066404717.jpg","articleSection":["Coll\u00e8ge"],"inLanguage":"fr-FR","potentialAction":[{"@type":"CommentAction","name":"Comment","target":["https:\/\/www.stjb-delasalle.fr\/site\/2026\/04\/13\/realisation-dune-fresque-par-les-eleves-dulis-2\/#respond"]}]},{"@type":"WebPage","@id":"https:\/\/www.stjb-delasalle.fr\/site\/2026\/04\/13\/realisation-dune-fresque-par-les-eleves-dulis-2\/","url":"https:\/\/www.stjb-delasalle.fr\/site\/2026\/04\/13\/realisation-dune-fresque-par-les-eleves-dulis-2\/","name":"Coll\u00e8ge St Jean-Baptiste de La Salle - Le Rancher Teloch\u00e9","isPartOf":{"@id":"https:\/\/www.stjb-delasalle.fr\/site\/#website"},"primaryImageOfPage":{"@id":"https:\/\/www.stjb-delasalle.fr\/site\/2026\/04\/13\/realisation-dune-fresque-par-les-eleves-dulis-2\/#primaryimage"},"image":{"@id":"https:\/\/www.stjb-delasalle.fr\/site\/2026\/04\/13\/realisation-dune-fresque-par-les-eleves-dulis-2\/#primaryimage"},"thumbnailUrl":"https:\/\/www.stjb-delasalle.fr\/site\/wp-content\/uploads\/2026\/04\/20260331_121635069_iOS-e1776066404717.jpg","datePublished":"2026-04-13T09:18:06+00:00","dateModified":"2026-04-13T09:18:08+00:00","description":"Le Coll\u00e8ge St Jean-Baptiste de La Salle \u00e0 Teloch\u00e9 offre depuis 1973 un cadre \u00e9ducatif privil\u00e9gi\u00e9 et des projets innovants au service des \u00e9l\u00e8ves.","breadcrumb":{"@id":"https:\/\/www.stjb-delasalle.fr\/site\/2026\/04\/13\/realisation-dune-fresque-par-les-eleves-dulis-2\/#breadcrumb"},"inLanguage":"fr-FR","potentialAction":[{"@type":"ReadAction","target":["https:\/\/www.stjb-delasalle.fr\/site\/2026\/04\/13\/realisation-dune-fresque-par-les-eleves-dulis-2\/"]}]},{"@type":"ImageObject","inLanguage":"fr-FR","@id":"https:\/\/www.stjb-delasalle.fr\/site\/2026\/04\/13\/realisation-dune-fresque-par-les-eleves-dulis-2\/#primaryimage","url":"https:\/\/www.stjb-delasalle.fr\/site\/wp-content\/uploads\/2026\/04\/20260331_121635069_iOS-e1776066404717.jpg","contentUrl":"https:\/\/www.stjb-delasalle.fr\/site\/wp-content\/uploads\/2026\/04\/20260331_121635069_iOS-e1776066404717.jpg","width":1440,"height":1194},{"@type":"BreadcrumbList","@id":"https:\/\/www.stjb-delasalle.fr\/site\/2026\/04\/13\/realisation-dune-fresque-par-les-eleves-dulis-2\/#breadcrumb","itemListElement":[{"@type":"ListItem","position":1,"name":"Accueil","item":"https:\/\/www.stjb-delasalle.fr\/site\/"},{"@type":"ListItem","position":2,"name":"R\u00e9alisation d&rsquo;une fresque par les \u00e9l\u00e8ves d&rsquo;Ulis"}]},{"@type":"WebSite","@id":"https:\/\/www.stjb-delasalle.fr\/site\/#website","url":"https:\/\/www.stjb-delasalle.fr\/site\/","name":"Coll\u00e8ge Saint Jean Baptiste de La Salle","description":"Notre coll\u00e8ge vous accueille sur le site du Rancher \u00e0 Teloch\u00e9","publisher":{"@id":"https:\/\/www.stjb-delasalle.fr\/site\/#organization"},"potentialAction":[{"@type":"SearchAction","target":{"@type":"EntryPoint","urlTemplate":"https:\/\/www.stjb-delasalle.fr\/site\/?s={search_term_string}"},"query-input":{"@type":"PropertyValueSpecification","valueRequired":true,"valueName":"search_term_string"}}],"inLanguage":"fr-FR"},{"@type":"Organization","@id":"https:\/\/www.stjb-delasalle.fr\/site\/#organization","name":"Coll\u00e8ge Saint Jean Baptiste de La Salle","url":"https:\/\/www.stjb-delasalle.fr\/site\/","logo":{"@type":"ImageObject","inLanguage":"fr-FR","@id":"https:\/\/www.stjb-delasalle.fr\/site\/#\/schema\/logo\/image\/","url":"https:\/\/www.stjb-delasalle.fr\/site\/wp-content\/uploads\/2021\/11\/logostjb_petit_transp.png","contentUrl":"https:\/\/www.stjb-delasalle.fr\/site\/wp-content\/uploads\/2021\/11\/logostjb_petit_transp.png","width":180,"height":127,"caption":"Coll\u00e8ge Saint Jean Baptiste de La Salle"},"image":{"@id":"https:\/\/www.stjb-delasalle.fr\/site\/#\/schema\/logo\/image\/"}},{"@type":"Person","@id":"https:\/\/www.stjb-delasalle.fr\/site\/#\/schema\/person\/488931e369608278a3449956554f1b95","name":"In\u00e8s Mesme","image":{"@type":"ImageObject","inLanguage":"fr-FR","@id":"https:\/\/secure.gravatar.com\/avatar\/859620b3c1bbefca879d070bd0b05a0c78ce9805744f2aa7e35bcbd6fbf05512?s=96&d=mm&r=g","url":"https:\/\/secure.gravatar.com\/avatar\/859620b3c1bbefca879d070bd0b05a0c78ce9805744f2aa7e35bcbd6fbf05512?s=96&d=mm&r=g","contentUrl":"https:\/\/secure.gravatar.com\/avatar\/859620b3c1bbefca879d070bd0b05a0c78ce9805744f2aa7e35bcbd6fbf05512?s=96&d=mm&r=g","caption":"In\u00e8s Mesme"},"sameAs":["http:\/\/www.stjb-delasalle.fr"],"url":"https:\/\/www.stjb-delasalle.fr\/site\/author\/communication\/"}]}},"_links":{"self":[{"href":"https:\/\/www.stjb-delasalle.fr\/site\/wp-json\/wp\/v2\/posts\/19019","targetHints":{"allow":["GET"]}}],"collection":[{"href":"https:\/\/www.stjb-delasalle.fr\/site\/wp-json\/wp\/v2\/posts"}],"about":[{"href":"https:\/\/www.stjb-delasalle.fr\/site\/wp-json\/wp\/v2\/types\/post"}],"author":[{"embeddable":true,"href":"https:\/\/www.stjb-delasalle.fr\/site\/wp-json\/wp\/v2\/users\/5"}],"replies":[{"embeddable":true,"href":"https:\/\/www.stjb-delasalle.fr\/site\/wp-json\/wp\/v2\/comments?post=19019"}],"version-history":[{"count":1,"href":"https:\/\/www.stjb-delasalle.fr\/site\/wp-json\/wp\/v2\/posts\/19019\/revisions"}],"predecessor-version":[{"id":19029,"href":"https:\/\/www.stjb-delasalle.fr\/site\/wp-json\/wp\/v2\/posts\/19019\/revisions\/19029"}],"wp:featuredmedia":[{"embeddable":true,"href":"https:\/\/www.stjb-delasalle.fr\/site\/wp-json\/wp\/v2\/media\/19015"}],"wp:attachment":[{"href":"https:\/\/www.stjb-delasalle.fr\/site\/wp-json\/wp\/v2\/media?parent=19019"}],"wp:term":[{"taxonomy":"category","embeddable":true,"href":"https:\/\/www.stjb-delasalle.fr\/site\/wp-json\/wp\/v2\/categories?post=19019"},{"taxonomy":"post_tag","embeddable":true,"href":"https:\/\/www.stjb-delasalle.fr\/site\/wp-json\/wp\/v2\/tags?post=19019"}],"curies":[{"name":"wp","href":"https:\/\/api.w.org\/{rel}","templated":true}]}}