{"id":19010,"date":"2026-04-14T10:12:00","date_gmt":"2026-04-14T10:12:00","guid":{"rendered":"https:\/\/www.stjb-delasalle.fr\/site\/?p=19010"},"modified":"2026-04-13T09:17:44","modified_gmt":"2026-04-13T09:17:44","slug":"realisation-dune-fresque-par-les-eleves-dulis","status":"publish","type":"post","link":"https:\/\/www.stjb-delasalle.fr\/site\/2026\/04\/14\/realisation-dune-fresque-par-les-eleves-dulis\/","title":{"rendered":"Le retour des beaux jours et de la classe ext\u00e9rieure"},"content":{"rendered":"<p data-start=\"130\" data-end=\"446\">Avec l\u2019arriv\u00e9e des beaux jours, le coll\u00e8ge retrouve le plaisir d\u2019apprendre autrement gr\u00e2ce \u00e0 la classe ext\u00e9rieure, inaugur\u00e9e l\u2019ann\u00e9e derni\u00e8re. Cet espace, construit avec l\u2019implication et le travail des \u00e9l\u00e8ves du coll\u00e8ge, est devenu un lieu privil\u00e9gi\u00e9 pour enseigner en plein air, dans un cadre agr\u00e9able et stimulant.<\/p>\n<p data-start=\"448\" data-end=\"767\">La semaine derni\u00e8re, les premi\u00e8res classes ont pu en profiter \u00e0 nouveau. Les \u00e9l\u00e8ves de 6e, accompagn\u00e9s de Madame Couret, ont ainsi investi cet espace pour un cours d\u2019arts plastiques consacr\u00e9 \u00e0 la cr\u00e9ation d\u2019une bande dessin\u00e9e. Une mani\u00e8re originale de laisser libre cours \u00e0 leur imagination tout en profitant du soleil.<\/p>\n<p data-start=\"448\" data-end=\"767\">Mais la classe ext\u00e9rieure permet aussi de croiser les disciplines et de varier les approches p\u00e9dagogiques :<\/p>\n<p data-start=\"769\" data-end=\"876\">Des \u00e9l\u00e8ves de 6e ont \u00e9galement profit\u00e9 de la classe ext\u00e9rieure avec une activit\u00e9 autour de Cerb\u00e8re gardien des Enfers : compr\u00e9hension de textes lus en Histoire et activit\u00e9s de math\u00e9matiques autour des nombres d\u00e9cimaux. Les \u00e9l\u00e8ves sont ravis et les profs aussi.<\/p>\n<p data-start=\"1150\" data-end=\"1328\">Ces moments d\u2019apprentissage en ext\u00e9rieur sont tr\u00e8s appr\u00e9ci\u00e9s, tant par les \u00e9l\u00e8ves que par les enseignants. Ils favorisent la concentration, la cr\u00e9ativit\u00e9 et le bien-\u00eatre de tous.<\/p>\n<p data-start=\"1330\" data-end=\"1476\">Avec le retour du printemps, la classe ext\u00e9rieure a encore de beaux jours devant elle et continuera d\u2019accueillir de nombreux projets p\u00e9dagogiques.<\/p>\n<p data-start=\"1330\" data-end=\"1476\">\u00a0<\/p>\n<p data-start=\"1330\" data-end=\"1476\"><a href=\"https:\/\/www.stjb-delasalle.fr\/site\/?attachment_id=19021\" rel=\"attachment wp-att-19021\"><img fetchpriority=\"high\" decoding=\"async\" class=\"alignnone size-medium wp-image-19021\" src=\"https:\/\/www.stjb-delasalle.fr\/site\/wp-content\/uploads\/2026\/04\/IMG_1521-300x225.jpeg\" alt=\"\" width=\"300\" height=\"225\" srcset=\"https:\/\/www.stjb-delasalle.fr\/site\/wp-content\/uploads\/2026\/04\/IMG_1521-300x225.jpeg 300w, https:\/\/www.stjb-delasalle.fr\/site\/wp-content\/uploads\/2026\/04\/IMG_1521-1024x768.jpeg 1024w, https:\/\/www.stjb-delasalle.fr\/site\/wp-content\/uploads\/2026\/04\/IMG_1521-768x576.jpeg 768w, https:\/\/www.stjb-delasalle.fr\/site\/wp-content\/uploads\/2026\/04\/IMG_1521-1536x1152.jpeg 1536w, https:\/\/www.stjb-delasalle.fr\/site\/wp-content\/uploads\/2026\/04\/IMG_1521-640x480.jpeg 640w, https:\/\/www.stjb-delasalle.fr\/site\/wp-content\/uploads\/2026\/04\/IMG_1521.jpeg 1920w\" sizes=\"(max-width: 300px) 100vw, 300px\" \/><\/a> <a href=\"https:\/\/www.stjb-delasalle.fr\/site\/?attachment_id=19022\" rel=\"attachment wp-att-19022\"><img decoding=\"async\" class=\"alignnone size-medium wp-image-19022\" src=\"https:\/\/www.stjb-delasalle.fr\/site\/wp-content\/uploads\/2026\/04\/IMG_1523-e1776068266425-300x234.jpeg\" alt=\"\" width=\"300\" height=\"234\" srcset=\"https:\/\/www.stjb-delasalle.fr\/site\/wp-content\/uploads\/2026\/04\/IMG_1523-e1776068266425-300x234.jpeg 300w, https:\/\/www.stjb-delasalle.fr\/site\/wp-content\/uploads\/2026\/04\/IMG_1523-e1776068266425-1024x799.jpeg 1024w, https:\/\/www.stjb-delasalle.fr\/site\/wp-content\/uploads\/2026\/04\/IMG_1523-e1776068266425-768x599.jpeg 768w, https:\/\/www.stjb-delasalle.fr\/site\/wp-content\/uploads\/2026\/04\/IMG_1523-e1776068266425-1536x1198.jpeg 1536w, https:\/\/www.stjb-delasalle.fr\/site\/wp-content\/uploads\/2026\/04\/IMG_1523-e1776068266425.jpeg 1920w\" sizes=\"(max-width: 300px) 100vw, 300px\" \/><\/a><a href=\"https:\/\/www.stjb-delasalle.fr\/site\/?attachment_id=19024\" rel=\"attachment wp-att-19024\"><img decoding=\"async\" class=\"alignnone size-medium wp-image-19024\" src=\"https:\/\/www.stjb-delasalle.fr\/site\/wp-content\/uploads\/2026\/04\/20260407_142808688_iOS-e1776070875963-300x227.jpg\" alt=\"\" width=\"300\" height=\"227\" srcset=\"https:\/\/www.stjb-delasalle.fr\/site\/wp-content\/uploads\/2026\/04\/20260407_142808688_iOS-e1776070875963-300x227.jpg 300w, https:\/\/www.stjb-delasalle.fr\/site\/wp-content\/uploads\/2026\/04\/20260407_142808688_iOS-e1776070875963-1024x775.jpg 1024w, https:\/\/www.stjb-delasalle.fr\/site\/wp-content\/uploads\/2026\/04\/20260407_142808688_iOS-e1776070875963-768x581.jpg 768w, https:\/\/www.stjb-delasalle.fr\/site\/wp-content\/uploads\/2026\/04\/20260407_142808688_iOS-e1776070875963.jpg 1440w\" sizes=\"(max-width: 300px) 100vw, 300px\" \/><\/a><a href=\"https:\/\/www.stjb-delasalle.fr\/site\/?attachment_id=19023\" rel=\"attachment wp-att-19023\"><img loading=\"lazy\" decoding=\"async\" class=\"alignnone size-medium wp-image-19023\" src=\"https:\/\/www.stjb-delasalle.fr\/site\/wp-content\/uploads\/2026\/04\/20260407_142548663_iOS-e1776070901670-300x225.jpg\" alt=\"\" width=\"300\" height=\"225\" srcset=\"https:\/\/www.stjb-delasalle.fr\/site\/wp-content\/uploads\/2026\/04\/20260407_142548663_iOS-e1776070901670-300x225.jpg 300w, https:\/\/www.stjb-delasalle.fr\/site\/wp-content\/uploads\/2026\/04\/20260407_142548663_iOS-e1776070901670-1024x769.jpg 1024w, https:\/\/www.stjb-delasalle.fr\/site\/wp-content\/uploads\/2026\/04\/20260407_142548663_iOS-e1776070901670-768x577.jpg 768w, https:\/\/www.stjb-delasalle.fr\/site\/wp-content\/uploads\/2026\/04\/20260407_142548663_iOS-e1776070901670-640x480.jpg 640w, https:\/\/www.stjb-delasalle.fr\/site\/wp-content\/uploads\/2026\/04\/20260407_142548663_iOS-e1776070901670.jpg 1440w\" sizes=\"(max-width: 300px) 100vw, 300px\" \/><\/a><\/p>\n<div dir=\"ltr\">\u00a0<\/div>\n<p><!--more--><\/p>\n\n\n<p><\/p>\n","protected":false},"excerpt":{"rendered":"<p>Avec l\u2019arriv\u00e9e des beaux jours, le coll\u00e8ge retrouve le plaisir d\u2019apprendre autrement gr\u00e2ce \u00e0 la classe ext\u00e9rieure, inaugur\u00e9e l\u2019ann\u00e9e derni\u00e8re. Cet espace, construit avec l\u2019implication et le travail des \u00e9l\u00e8ves du coll\u00e8ge, est devenu un lieu privil\u00e9gi\u00e9 pour enseigner en plein air, dans un cadre agr\u00e9able et stimulant. La semaine derni\u00e8re, les premi\u00e8res classes ont [&hellip;]<\/p>\n","protected":false},"author":5,"featured_media":19025,"comment_status":"open","ping_status":"open","sticky":false,"template":"","format":"standard","meta":{"site-sidebar-layout":"default","site-content-layout":"","ast-site-content-layout":"default","site-content-style":"default","site-sidebar-style":"default","ast-global-header-display":"","ast-banner-title-visibility":"","ast-main-header-display":"","ast-hfb-above-header-display":"","ast-hfb-below-header-display":"","ast-hfb-mobile-header-display":"","site-post-title":"","ast-breadcrumbs-content":"","ast-featured-img":"","footer-sml-layout":"","ast-disable-related-posts":"","theme-transparent-header-meta":"default","adv-header-id-meta":"","stick-header-meta":"","header-above-stick-meta":"","header-main-stick-meta":"","header-below-stick-meta":"","astra-migrate-meta-layouts":"set","ast-page-background-enabled":"default","ast-page-background-meta":{"desktop":{"background-color":"var(--ast-global-color-4)","background-image":"","background-repeat":"repeat","background-position":"center center","background-size":"auto","background-attachment":"scroll","background-type":"","background-media":"","overlay-type":"","overlay-color":"","overlay-opacity":"","overlay-gradient":""},"tablet":{"background-color":"","background-image":"","background-repeat":"repeat","background-position":"center center","background-size":"auto","background-attachment":"scroll","background-type":"","background-media":"","overlay-type":"","overlay-color":"","overlay-opacity":"","overlay-gradient":""},"mobile":{"background-color":"","background-image":"","background-repeat":"repeat","background-position":"center center","background-size":"auto","background-attachment":"scroll","background-type":"","background-media":"","overlay-type":"","overlay-color":"","overlay-opacity":"","overlay-gradient":""}},"ast-content-background-meta":{"desktop":{"background-color":"var(--ast-global-color-5)","background-image":"","background-repeat":"repeat","background-position":"center center","background-size":"auto","background-attachment":"scroll","background-type":"","background-media":"","overlay-type":"","overlay-color":"","overlay-opacity":"","overlay-gradient":""},"tablet":{"background-color":"var(--ast-global-color-5)","background-image":"","background-repeat":"repeat","background-position":"center center","background-size":"auto","background-attachment":"scroll","background-type":"","background-media":"","overlay-type":"","overlay-color":"","overlay-opacity":"","overlay-gradient":""},"mobile":{"background-color":"var(--ast-global-color-5)","background-image":"","background-repeat":"repeat","background-position":"center center","background-size":"auto","background-attachment":"scroll","background-type":"","background-media":"","overlay-type":"","overlay-color":"","overlay-opacity":"","overlay-gradient":""}},"footnotes":""},"categories":[6],"tags":[],"class_list":["post-19010","post","type-post","status-publish","format-standard","has-post-thumbnail","hentry","category-college"],"yoast_head":"<!-- This site is optimized with the Yoast SEO plugin v27.5 - https:\/\/yoast.com\/product\/yoast-seo-wordpress\/ -->\n<title>Coll\u00e8ge St Jean-Baptiste de La Salle - Le Rancher Teloch\u00e9<\/title>\n<meta name=\"description\" content=\"Le Coll\u00e8ge St Jean-Baptiste de La Salle \u00e0 Teloch\u00e9 offre depuis 1973 un cadre \u00e9ducatif privil\u00e9gi\u00e9 et des projets innovants au service des \u00e9l\u00e8ves.\" \/>\n<meta name=\"robots\" content=\"index, follow, max-snippet:-1, max-image-preview:large, max-video-preview:-1\" \/>\n<link rel=\"canonical\" href=\"https:\/\/www.stjb-delasalle.fr\/site\/2026\/04\/14\/realisation-dune-fresque-par-les-eleves-dulis\/\" \/>\n<meta property=\"og:locale\" content=\"fr_FR\" \/>\n<meta property=\"og:type\" content=\"article\" \/>\n<meta property=\"og:title\" content=\"Coll\u00e8ge St Jean-Baptiste de La Salle - Le Rancher Teloch\u00e9\" \/>\n<meta property=\"og:description\" content=\"Le Coll\u00e8ge St Jean-Baptiste de La Salle \u00e0 Teloch\u00e9 offre depuis 1973 un cadre \u00e9ducatif privil\u00e9gi\u00e9 et des projets innovants au service des \u00e9l\u00e8ves.\" \/>\n<meta property=\"og:url\" content=\"https:\/\/www.stjb-delasalle.fr\/site\/2026\/04\/14\/realisation-dune-fresque-par-les-eleves-dulis\/\" \/>\n<meta property=\"og:site_name\" content=\"Coll\u00e8ge Saint Jean Baptiste de La Salle\" \/>\n<meta property=\"article:published_time\" content=\"2026-04-14T10:12:00+00:00\" \/>\n<meta property=\"og:image\" content=\"https:\/\/www.stjb-delasalle.fr\/site\/wp-content\/uploads\/2026\/04\/IMG_5323.jpg\" \/>\n\t<meta property=\"og:image:width\" content=\"1920\" \/>\n\t<meta property=\"og:image:height\" content=\"1440\" \/>\n\t<meta property=\"og:image:type\" content=\"image\/jpeg\" \/>\n<meta name=\"author\" content=\"In\u00e8s Mesme\" \/>\n<meta name=\"twitter:card\" content=\"summary_large_image\" \/>\n<meta name=\"twitter:label1\" content=\"\u00c9crit par\" \/>\n\t<meta name=\"twitter:data1\" content=\"In\u00e8s Mesme\" \/>\n\t<meta name=\"twitter:label2\" content=\"Dur\u00e9e de lecture estim\u00e9e\" \/>\n\t<meta name=\"twitter:data2\" content=\"3 minutes\" \/>\n<script type=\"application\/ld+json\" class=\"yoast-schema-graph\">{\"@context\":\"https:\\\/\\\/schema.org\",\"@graph\":[{\"@type\":\"Article\",\"@id\":\"https:\\\/\\\/www.stjb-delasalle.fr\\\/site\\\/2026\\\/04\\\/14\\\/realisation-dune-fresque-par-les-eleves-dulis\\\/#article\",\"isPartOf\":{\"@id\":\"https:\\\/\\\/www.stjb-delasalle.fr\\\/site\\\/2026\\\/04\\\/14\\\/realisation-dune-fresque-par-les-eleves-dulis\\\/\"},\"author\":{\"name\":\"In\u00e8s Mesme\",\"@id\":\"https:\\\/\\\/www.stjb-delasalle.fr\\\/site\\\/#\\\/schema\\\/person\\\/488931e369608278a3449956554f1b95\"},\"headline\":\"Le retour des beaux jours et de la classe ext\u00e9rieure\",\"datePublished\":\"2026-04-14T10:12:00+00:00\",\"mainEntityOfPage\":{\"@id\":\"https:\\\/\\\/www.stjb-delasalle.fr\\\/site\\\/2026\\\/04\\\/14\\\/realisation-dune-fresque-par-les-eleves-dulis\\\/\"},\"wordCount\":259,\"commentCount\":0,\"publisher\":{\"@id\":\"https:\\\/\\\/www.stjb-delasalle.fr\\\/site\\\/#organization\"},\"image\":{\"@id\":\"https:\\\/\\\/www.stjb-delasalle.fr\\\/site\\\/2026\\\/04\\\/14\\\/realisation-dune-fresque-par-les-eleves-dulis\\\/#primaryimage\"},\"thumbnailUrl\":\"https:\\\/\\\/www.stjb-delasalle.fr\\\/site\\\/wp-content\\\/uploads\\\/2026\\\/04\\\/IMG_5323.jpg\",\"articleSection\":[\"Coll\u00e8ge\"],\"inLanguage\":\"fr-FR\",\"potentialAction\":[{\"@type\":\"CommentAction\",\"name\":\"Comment\",\"target\":[\"https:\\\/\\\/www.stjb-delasalle.fr\\\/site\\\/2026\\\/04\\\/14\\\/realisation-dune-fresque-par-les-eleves-dulis\\\/#respond\"]}]},{\"@type\":\"WebPage\",\"@id\":\"https:\\\/\\\/www.stjb-delasalle.fr\\\/site\\\/2026\\\/04\\\/14\\\/realisation-dune-fresque-par-les-eleves-dulis\\\/\",\"url\":\"https:\\\/\\\/www.stjb-delasalle.fr\\\/site\\\/2026\\\/04\\\/14\\\/realisation-dune-fresque-par-les-eleves-dulis\\\/\",\"name\":\"Coll\u00e8ge St Jean-Baptiste de La Salle - Le Rancher Teloch\u00e9\",\"isPartOf\":{\"@id\":\"https:\\\/\\\/www.stjb-delasalle.fr\\\/site\\\/#website\"},\"primaryImageOfPage\":{\"@id\":\"https:\\\/\\\/www.stjb-delasalle.fr\\\/site\\\/2026\\\/04\\\/14\\\/realisation-dune-fresque-par-les-eleves-dulis\\\/#primaryimage\"},\"image\":{\"@id\":\"https:\\\/\\\/www.stjb-delasalle.fr\\\/site\\\/2026\\\/04\\\/14\\\/realisation-dune-fresque-par-les-eleves-dulis\\\/#primaryimage\"},\"thumbnailUrl\":\"https:\\\/\\\/www.stjb-delasalle.fr\\\/site\\\/wp-content\\\/uploads\\\/2026\\\/04\\\/IMG_5323.jpg\",\"datePublished\":\"2026-04-14T10:12:00+00:00\",\"description\":\"Le Coll\u00e8ge St Jean-Baptiste de La Salle \u00e0 Teloch\u00e9 offre depuis 1973 un cadre \u00e9ducatif privil\u00e9gi\u00e9 et des projets innovants au service des \u00e9l\u00e8ves.\",\"breadcrumb\":{\"@id\":\"https:\\\/\\\/www.stjb-delasalle.fr\\\/site\\\/2026\\\/04\\\/14\\\/realisation-dune-fresque-par-les-eleves-dulis\\\/#breadcrumb\"},\"inLanguage\":\"fr-FR\",\"potentialAction\":[{\"@type\":\"ReadAction\",\"target\":[\"https:\\\/\\\/www.stjb-delasalle.fr\\\/site\\\/2026\\\/04\\\/14\\\/realisation-dune-fresque-par-les-eleves-dulis\\\/\"]}]},{\"@type\":\"ImageObject\",\"inLanguage\":\"fr-FR\",\"@id\":\"https:\\\/\\\/www.stjb-delasalle.fr\\\/site\\\/2026\\\/04\\\/14\\\/realisation-dune-fresque-par-les-eleves-dulis\\\/#primaryimage\",\"url\":\"https:\\\/\\\/www.stjb-delasalle.fr\\\/site\\\/wp-content\\\/uploads\\\/2026\\\/04\\\/IMG_5323.jpg\",\"contentUrl\":\"https:\\\/\\\/www.stjb-delasalle.fr\\\/site\\\/wp-content\\\/uploads\\\/2026\\\/04\\\/IMG_5323.jpg\",\"width\":1920,\"height\":1440},{\"@type\":\"BreadcrumbList\",\"@id\":\"https:\\\/\\\/www.stjb-delasalle.fr\\\/site\\\/2026\\\/04\\\/14\\\/realisation-dune-fresque-par-les-eleves-dulis\\\/#breadcrumb\",\"itemListElement\":[{\"@type\":\"ListItem\",\"position\":1,\"name\":\"Accueil\",\"item\":\"https:\\\/\\\/www.stjb-delasalle.fr\\\/site\\\/\"},{\"@type\":\"ListItem\",\"position\":2,\"name\":\"Le retour des beaux jours et de la classe ext\u00e9rieure\"}]},{\"@type\":\"WebSite\",\"@id\":\"https:\\\/\\\/www.stjb-delasalle.fr\\\/site\\\/#website\",\"url\":\"https:\\\/\\\/www.stjb-delasalle.fr\\\/site\\\/\",\"name\":\"Coll\u00e8ge Saint Jean Baptiste de La Salle\",\"description\":\"Notre coll\u00e8ge vous accueille sur le site du Rancher \u00e0 Teloch\u00e9\",\"publisher\":{\"@id\":\"https:\\\/\\\/www.stjb-delasalle.fr\\\/site\\\/#organization\"},\"potentialAction\":[{\"@type\":\"SearchAction\",\"target\":{\"@type\":\"EntryPoint\",\"urlTemplate\":\"https:\\\/\\\/www.stjb-delasalle.fr\\\/site\\\/?s={search_term_string}\"},\"query-input\":{\"@type\":\"PropertyValueSpecification\",\"valueRequired\":true,\"valueName\":\"search_term_string\"}}],\"inLanguage\":\"fr-FR\"},{\"@type\":\"Organization\",\"@id\":\"https:\\\/\\\/www.stjb-delasalle.fr\\\/site\\\/#organization\",\"name\":\"Coll\u00e8ge Saint Jean Baptiste de La Salle\",\"url\":\"https:\\\/\\\/www.stjb-delasalle.fr\\\/site\\\/\",\"logo\":{\"@type\":\"ImageObject\",\"inLanguage\":\"fr-FR\",\"@id\":\"https:\\\/\\\/www.stjb-delasalle.fr\\\/site\\\/#\\\/schema\\\/logo\\\/image\\\/\",\"url\":\"https:\\\/\\\/www.stjb-delasalle.fr\\\/site\\\/wp-content\\\/uploads\\\/2021\\\/11\\\/logostjb_petit_transp.png\",\"contentUrl\":\"https:\\\/\\\/www.stjb-delasalle.fr\\\/site\\\/wp-content\\\/uploads\\\/2021\\\/11\\\/logostjb_petit_transp.png\",\"width\":180,\"height\":127,\"caption\":\"Coll\u00e8ge Saint Jean Baptiste de La Salle\"},\"image\":{\"@id\":\"https:\\\/\\\/www.stjb-delasalle.fr\\\/site\\\/#\\\/schema\\\/logo\\\/image\\\/\"}},{\"@type\":\"Person\",\"@id\":\"https:\\\/\\\/www.stjb-delasalle.fr\\\/site\\\/#\\\/schema\\\/person\\\/488931e369608278a3449956554f1b95\",\"name\":\"In\u00e8s Mesme\",\"image\":{\"@type\":\"ImageObject\",\"inLanguage\":\"fr-FR\",\"@id\":\"https:\\\/\\\/secure.gravatar.com\\\/avatar\\\/859620b3c1bbefca879d070bd0b05a0c78ce9805744f2aa7e35bcbd6fbf05512?s=96&d=mm&r=g\",\"url\":\"https:\\\/\\\/secure.gravatar.com\\\/avatar\\\/859620b3c1bbefca879d070bd0b05a0c78ce9805744f2aa7e35bcbd6fbf05512?s=96&d=mm&r=g\",\"contentUrl\":\"https:\\\/\\\/secure.gravatar.com\\\/avatar\\\/859620b3c1bbefca879d070bd0b05a0c78ce9805744f2aa7e35bcbd6fbf05512?s=96&d=mm&r=g\",\"caption\":\"In\u00e8s Mesme\"},\"sameAs\":[\"http:\\\/\\\/www.stjb-delasalle.fr\"],\"url\":\"https:\\\/\\\/www.stjb-delasalle.fr\\\/site\\\/author\\\/communication\\\/\"}]}<\/script>\n<!-- \/ Yoast SEO plugin. -->","yoast_head_json":{"title":"Coll\u00e8ge St Jean-Baptiste de La Salle - Le Rancher Teloch\u00e9","description":"Le Coll\u00e8ge St Jean-Baptiste de La Salle \u00e0 Teloch\u00e9 offre depuis 1973 un cadre \u00e9ducatif privil\u00e9gi\u00e9 et des projets innovants au service des \u00e9l\u00e8ves.","robots":{"index":"index","follow":"follow","max-snippet":"max-snippet:-1","max-image-preview":"max-image-preview:large","max-video-preview":"max-video-preview:-1"},"canonical":"https:\/\/www.stjb-delasalle.fr\/site\/2026\/04\/14\/realisation-dune-fresque-par-les-eleves-dulis\/","og_locale":"fr_FR","og_type":"article","og_title":"Coll\u00e8ge St Jean-Baptiste de La Salle - Le Rancher Teloch\u00e9","og_description":"Le Coll\u00e8ge St Jean-Baptiste de La Salle \u00e0 Teloch\u00e9 offre depuis 1973 un cadre \u00e9ducatif privil\u00e9gi\u00e9 et des projets innovants au service des \u00e9l\u00e8ves.","og_url":"https:\/\/www.stjb-delasalle.fr\/site\/2026\/04\/14\/realisation-dune-fresque-par-les-eleves-dulis\/","og_site_name":"Coll\u00e8ge Saint Jean Baptiste de La Salle","article_published_time":"2026-04-14T10:12:00+00:00","og_image":[{"width":1920,"height":1440,"url":"https:\/\/www.stjb-delasalle.fr\/site\/wp-content\/uploads\/2026\/04\/IMG_5323.jpg","type":"image\/jpeg"}],"author":"In\u00e8s Mesme","twitter_card":"summary_large_image","twitter_misc":{"\u00c9crit par":"In\u00e8s Mesme","Dur\u00e9e de lecture estim\u00e9e":"3 minutes"},"schema":{"@context":"https:\/\/schema.org","@graph":[{"@type":"Article","@id":"https:\/\/www.stjb-delasalle.fr\/site\/2026\/04\/14\/realisation-dune-fresque-par-les-eleves-dulis\/#article","isPartOf":{"@id":"https:\/\/www.stjb-delasalle.fr\/site\/2026\/04\/14\/realisation-dune-fresque-par-les-eleves-dulis\/"},"author":{"name":"In\u00e8s Mesme","@id":"https:\/\/www.stjb-delasalle.fr\/site\/#\/schema\/person\/488931e369608278a3449956554f1b95"},"headline":"Le retour des beaux jours et de la classe ext\u00e9rieure","datePublished":"2026-04-14T10:12:00+00:00","mainEntityOfPage":{"@id":"https:\/\/www.stjb-delasalle.fr\/site\/2026\/04\/14\/realisation-dune-fresque-par-les-eleves-dulis\/"},"wordCount":259,"commentCount":0,"publisher":{"@id":"https:\/\/www.stjb-delasalle.fr\/site\/#organization"},"image":{"@id":"https:\/\/www.stjb-delasalle.fr\/site\/2026\/04\/14\/realisation-dune-fresque-par-les-eleves-dulis\/#primaryimage"},"thumbnailUrl":"https:\/\/www.stjb-delasalle.fr\/site\/wp-content\/uploads\/2026\/04\/IMG_5323.jpg","articleSection":["Coll\u00e8ge"],"inLanguage":"fr-FR","potentialAction":[{"@type":"CommentAction","name":"Comment","target":["https:\/\/www.stjb-delasalle.fr\/site\/2026\/04\/14\/realisation-dune-fresque-par-les-eleves-dulis\/#respond"]}]},{"@type":"WebPage","@id":"https:\/\/www.stjb-delasalle.fr\/site\/2026\/04\/14\/realisation-dune-fresque-par-les-eleves-dulis\/","url":"https:\/\/www.stjb-delasalle.fr\/site\/2026\/04\/14\/realisation-dune-fresque-par-les-eleves-dulis\/","name":"Coll\u00e8ge St Jean-Baptiste de La Salle - Le Rancher Teloch\u00e9","isPartOf":{"@id":"https:\/\/www.stjb-delasalle.fr\/site\/#website"},"primaryImageOfPage":{"@id":"https:\/\/www.stjb-delasalle.fr\/site\/2026\/04\/14\/realisation-dune-fresque-par-les-eleves-dulis\/#primaryimage"},"image":{"@id":"https:\/\/www.stjb-delasalle.fr\/site\/2026\/04\/14\/realisation-dune-fresque-par-les-eleves-dulis\/#primaryimage"},"thumbnailUrl":"https:\/\/www.stjb-delasalle.fr\/site\/wp-content\/uploads\/2026\/04\/IMG_5323.jpg","datePublished":"2026-04-14T10:12:00+00:00","description":"Le Coll\u00e8ge St Jean-Baptiste de La Salle \u00e0 Teloch\u00e9 offre depuis 1973 un cadre \u00e9ducatif privil\u00e9gi\u00e9 et des projets innovants au service des \u00e9l\u00e8ves.","breadcrumb":{"@id":"https:\/\/www.stjb-delasalle.fr\/site\/2026\/04\/14\/realisation-dune-fresque-par-les-eleves-dulis\/#breadcrumb"},"inLanguage":"fr-FR","potentialAction":[{"@type":"ReadAction","target":["https:\/\/www.stjb-delasalle.fr\/site\/2026\/04\/14\/realisation-dune-fresque-par-les-eleves-dulis\/"]}]},{"@type":"ImageObject","inLanguage":"fr-FR","@id":"https:\/\/www.stjb-delasalle.fr\/site\/2026\/04\/14\/realisation-dune-fresque-par-les-eleves-dulis\/#primaryimage","url":"https:\/\/www.stjb-delasalle.fr\/site\/wp-content\/uploads\/2026\/04\/IMG_5323.jpg","contentUrl":"https:\/\/www.stjb-delasalle.fr\/site\/wp-content\/uploads\/2026\/04\/IMG_5323.jpg","width":1920,"height":1440},{"@type":"BreadcrumbList","@id":"https:\/\/www.stjb-delasalle.fr\/site\/2026\/04\/14\/realisation-dune-fresque-par-les-eleves-dulis\/#breadcrumb","itemListElement":[{"@type":"ListItem","position":1,"name":"Accueil","item":"https:\/\/www.stjb-delasalle.fr\/site\/"},{"@type":"ListItem","position":2,"name":"Le retour des beaux jours et de la classe ext\u00e9rieure"}]},{"@type":"WebSite","@id":"https:\/\/www.stjb-delasalle.fr\/site\/#website","url":"https:\/\/www.stjb-delasalle.fr\/site\/","name":"Coll\u00e8ge Saint Jean Baptiste de La Salle","description":"Notre coll\u00e8ge vous accueille sur le site du Rancher \u00e0 Teloch\u00e9","publisher":{"@id":"https:\/\/www.stjb-delasalle.fr\/site\/#organization"},"potentialAction":[{"@type":"SearchAction","target":{"@type":"EntryPoint","urlTemplate":"https:\/\/www.stjb-delasalle.fr\/site\/?s={search_term_string}"},"query-input":{"@type":"PropertyValueSpecification","valueRequired":true,"valueName":"search_term_string"}}],"inLanguage":"fr-FR"},{"@type":"Organization","@id":"https:\/\/www.stjb-delasalle.fr\/site\/#organization","name":"Coll\u00e8ge Saint Jean Baptiste de La Salle","url":"https:\/\/www.stjb-delasalle.fr\/site\/","logo":{"@type":"ImageObject","inLanguage":"fr-FR","@id":"https:\/\/www.stjb-delasalle.fr\/site\/#\/schema\/logo\/image\/","url":"https:\/\/www.stjb-delasalle.fr\/site\/wp-content\/uploads\/2021\/11\/logostjb_petit_transp.png","contentUrl":"https:\/\/www.stjb-delasalle.fr\/site\/wp-content\/uploads\/2021\/11\/logostjb_petit_transp.png","width":180,"height":127,"caption":"Coll\u00e8ge Saint Jean Baptiste de La Salle"},"image":{"@id":"https:\/\/www.stjb-delasalle.fr\/site\/#\/schema\/logo\/image\/"}},{"@type":"Person","@id":"https:\/\/www.stjb-delasalle.fr\/site\/#\/schema\/person\/488931e369608278a3449956554f1b95","name":"In\u00e8s Mesme","image":{"@type":"ImageObject","inLanguage":"fr-FR","@id":"https:\/\/secure.gravatar.com\/avatar\/859620b3c1bbefca879d070bd0b05a0c78ce9805744f2aa7e35bcbd6fbf05512?s=96&d=mm&r=g","url":"https:\/\/secure.gravatar.com\/avatar\/859620b3c1bbefca879d070bd0b05a0c78ce9805744f2aa7e35bcbd6fbf05512?s=96&d=mm&r=g","contentUrl":"https:\/\/secure.gravatar.com\/avatar\/859620b3c1bbefca879d070bd0b05a0c78ce9805744f2aa7e35bcbd6fbf05512?s=96&d=mm&r=g","caption":"In\u00e8s Mesme"},"sameAs":["http:\/\/www.stjb-delasalle.fr"],"url":"https:\/\/www.stjb-delasalle.fr\/site\/author\/communication\/"}]}},"_links":{"self":[{"href":"https:\/\/www.stjb-delasalle.fr\/site\/wp-json\/wp\/v2\/posts\/19010","targetHints":{"allow":["GET"]}}],"collection":[{"href":"https:\/\/www.stjb-delasalle.fr\/site\/wp-json\/wp\/v2\/posts"}],"about":[{"href":"https:\/\/www.stjb-delasalle.fr\/site\/wp-json\/wp\/v2\/types\/post"}],"author":[{"embeddable":true,"href":"https:\/\/www.stjb-delasalle.fr\/site\/wp-json\/wp\/v2\/users\/5"}],"replies":[{"embeddable":true,"href":"https:\/\/www.stjb-delasalle.fr\/site\/wp-json\/wp\/v2\/comments?post=19010"}],"version-history":[{"count":4,"href":"https:\/\/www.stjb-delasalle.fr\/site\/wp-json\/wp\/v2\/posts\/19010\/revisions"}],"predecessor-version":[{"id":19028,"href":"https:\/\/www.stjb-delasalle.fr\/site\/wp-json\/wp\/v2\/posts\/19010\/revisions\/19028"}],"wp:featuredmedia":[{"embeddable":true,"href":"https:\/\/www.stjb-delasalle.fr\/site\/wp-json\/wp\/v2\/media\/19025"}],"wp:attachment":[{"href":"https:\/\/www.stjb-delasalle.fr\/site\/wp-json\/wp\/v2\/media?parent=19010"}],"wp:term":[{"taxonomy":"category","embeddable":true,"href":"https:\/\/www.stjb-delasalle.fr\/site\/wp-json\/wp\/v2\/categories?post=19010"},{"taxonomy":"post_tag","embeddable":true,"href":"https:\/\/www.stjb-delasalle.fr\/site\/wp-json\/wp\/v2\/tags?post=19010"}],"curies":[{"name":"wp","href":"https:\/\/api.w.org\/{rel}","templated":true}]}}