{"id":18834,"date":"2026-02-06T16:08:05","date_gmt":"2026-02-06T16:08:05","guid":{"rendered":"https:\/\/www.stjb-delasalle.fr\/site\/?p=18834"},"modified":"2026-02-06T16:08:05","modified_gmt":"2026-02-06T16:08:05","slug":"reportage-sur-la-mediation-canine","status":"publish","type":"post","link":"https:\/\/www.stjb-delasalle.fr\/site\/2026\/02\/06\/reportage-sur-la-mediation-canine\/","title":{"rendered":"Reportage sur la m\u00e9diation canine"},"content":{"rendered":"<h1>La m\u00e9diation canine \u00e0 l\u2019honneur dans un reportage RMC Life<\/h1>\n<div dir=\"ltr\"><\/div>\n<div dir=\"ltr\">\n<p data-start=\"293\" data-end=\"666\">Hier matin, notre \u00e9tablissement a eu l\u2019immense plaisir d\u2019accueillir une \u00e9quipe de journalistes de RMC Life, venue r\u00e9aliser un reportage en partenariat avec la SPA. Cette visite avait pour objectif de mettre en lumi\u00e8re notre projet de m\u00e9diation canine, une initiative qui permet \u00e0 nos \u00e9l\u00e8ves de b\u00e9n\u00e9ficier de moments d\u2019\u00e9change et de complicit\u00e9 avec les chiens.<\/p>\n<p data-start=\"668\" data-end=\"1157\">Accompagn\u00e9s de Madame Detais et de nos fid\u00e8les compagnons \u00e0 quatre pattes, les \u00e9l\u00e8ves ont pu montrer au public comment la m\u00e9diation canine s\u2019int\u00e8gre dans leur quotidien. Ces s\u00e9ances permettent non seulement de d\u00e9velopper la confiance en soi, la communication et le respect des animaux, mais elles contribuent \u00e9galement au bien-\u00eatre \u00e9motionnel des \u00e9l\u00e8ves. Les journalistes ont pu observer de pr\u00e8s ces interactions et filmer des moments pr\u00e9cieux de complicit\u00e9 et d\u2019apprentissage.<\/p>\n<p data-start=\"1490\" data-end=\"1739\">Le reportage sera diffus\u00e9 sur la cha\u00eene 25 au mois de juin. Nous vous invitons \u00e0 le d\u00e9couvrir pour voir comment nos \u00e9l\u00e8ves et nos chiens travaillent ensemble, et pour en apprendre davantage sur les nombreux bienfaits de la m\u00e9diation canine.<\/p>\n<p data-start=\"1490\" data-end=\"1739\">\n<\/div>\n<p data-start=\"1490\" data-end=\"1739\">\u00a0<img fetchpriority=\"high\" decoding=\"async\" class=\"alignnone size-medium wp-image-18836\" src=\"https:\/\/www.stjb-delasalle.fr\/site\/wp-content\/uploads\/2026\/02\/IMG_4450-300x225.jpg\" alt=\"\" width=\"300\" height=\"225\" srcset=\"https:\/\/www.stjb-delasalle.fr\/site\/wp-content\/uploads\/2026\/02\/IMG_4450-300x225.jpg 300w, https:\/\/www.stjb-delasalle.fr\/site\/wp-content\/uploads\/2026\/02\/IMG_4450-1024x768.jpg 1024w, https:\/\/www.stjb-delasalle.fr\/site\/wp-content\/uploads\/2026\/02\/IMG_4450-768x576.jpg 768w, https:\/\/www.stjb-delasalle.fr\/site\/wp-content\/uploads\/2026\/02\/IMG_4450-1536x1152.jpg 1536w, https:\/\/www.stjb-delasalle.fr\/site\/wp-content\/uploads\/2026\/02\/IMG_4450-640x480.jpg 640w, https:\/\/www.stjb-delasalle.fr\/site\/wp-content\/uploads\/2026\/02\/IMG_4450.jpg 1920w\" sizes=\"(max-width: 300px) 100vw, 300px\" \/> <img decoding=\"async\" class=\"alignnone wp-image-18837 size-medium\" src=\"https:\/\/www.stjb-delasalle.fr\/site\/wp-content\/uploads\/2026\/02\/IMG_4459-e1770371041952-300x230.jpg\" alt=\"\" width=\"300\" height=\"230\" srcset=\"https:\/\/www.stjb-delasalle.fr\/site\/wp-content\/uploads\/2026\/02\/IMG_4459-e1770371041952-300x230.jpg 300w, https:\/\/www.stjb-delasalle.fr\/site\/wp-content\/uploads\/2026\/02\/IMG_4459-e1770371041952-1024x785.jpg 1024w, https:\/\/www.stjb-delasalle.fr\/site\/wp-content\/uploads\/2026\/02\/IMG_4459-e1770371041952-768x589.jpg 768w, https:\/\/www.stjb-delasalle.fr\/site\/wp-content\/uploads\/2026\/02\/IMG_4459-e1770371041952.jpg 1440w\" sizes=\"(max-width: 300px) 100vw, 300px\" \/> <img decoding=\"async\" class=\"alignnone size-medium wp-image-18838\" src=\"https:\/\/www.stjb-delasalle.fr\/site\/wp-content\/uploads\/2026\/02\/IMG_4473-300x225.jpg\" alt=\"\" width=\"300\" height=\"225\" srcset=\"https:\/\/www.stjb-delasalle.fr\/site\/wp-content\/uploads\/2026\/02\/IMG_4473-300x225.jpg 300w, https:\/\/www.stjb-delasalle.fr\/site\/wp-content\/uploads\/2026\/02\/IMG_4473-1024x768.jpg 1024w, https:\/\/www.stjb-delasalle.fr\/site\/wp-content\/uploads\/2026\/02\/IMG_4473-768x576.jpg 768w, https:\/\/www.stjb-delasalle.fr\/site\/wp-content\/uploads\/2026\/02\/IMG_4473-1536x1152.jpg 1536w, https:\/\/www.stjb-delasalle.fr\/site\/wp-content\/uploads\/2026\/02\/IMG_4473-640x480.jpg 640w, https:\/\/www.stjb-delasalle.fr\/site\/wp-content\/uploads\/2026\/02\/IMG_4473.jpg 1920w\" sizes=\"(max-width: 300px) 100vw, 300px\" \/> <img loading=\"lazy\" decoding=\"async\" class=\"alignnone size-medium wp-image-18839\" src=\"https:\/\/www.stjb-delasalle.fr\/site\/wp-content\/uploads\/2026\/02\/IMG_4476-300x225.jpg\" alt=\"\" width=\"300\" height=\"225\" srcset=\"https:\/\/www.stjb-delasalle.fr\/site\/wp-content\/uploads\/2026\/02\/IMG_4476-300x225.jpg 300w, https:\/\/www.stjb-delasalle.fr\/site\/wp-content\/uploads\/2026\/02\/IMG_4476-1024x768.jpg 1024w, https:\/\/www.stjb-delasalle.fr\/site\/wp-content\/uploads\/2026\/02\/IMG_4476-768x576.jpg 768w, https:\/\/www.stjb-delasalle.fr\/site\/wp-content\/uploads\/2026\/02\/IMG_4476-1536x1152.jpg 1536w, https:\/\/www.stjb-delasalle.fr\/site\/wp-content\/uploads\/2026\/02\/IMG_4476-640x480.jpg 640w, https:\/\/www.stjb-delasalle.fr\/site\/wp-content\/uploads\/2026\/02\/IMG_4476.jpg 1920w\" sizes=\"(max-width: 300px) 100vw, 300px\" \/><\/p>\n<div dir=\"ltr\">\n<p data-start=\"855\" data-end=\"1020\">\u00a0 \u00a0 \u00a0 \u00a0<span style=\"font-size: 16px;\">\u00a0<\/span><\/p>\n<\/div>\n<div class=\"_aatk _aatl _aatm\">\n<div class=\"x1n2onr6\">\n<div class=\"x1qjc9v5 x972fbf x10w94by x1qhh985 x14e42zd x9f619 x78zum5 xdt5ytf x2lah0s x1o0tod xdj266r x14z9mp xat24cr x1lziwak xexx8yu xyri2b x18d9i69 x1c1uobl x1n2onr6 x13vifvy x11njtxf\">\n<div class=\"x1lliihq x1n2onr6\">\n<div class=\"html-div xdj266r x14z9mp xat24cr x1lziwak xexx8yu xyri2b x18d9i69 x1c1uobl x9f619 xjbqb8w x78zum5 x15mokao x1ga7v0g x16uus16 xbiv7yw x10l6tqk x1ey2m1c x13vifvy x1o0tod xtijo5x x1plvlek xryxfnj x1c4vz4f x2lah0s xdt5ytf xqjyukv x1qjc9v5 x1oa3qoh x1nhvcw1\">\n<div class=\"x1qjc9v5 x9f619 x78zum5 xdt5ytf xln7xf2 xk390pu x5yr21d x1n2onr6 x11njtxf xh8yej3\">\n<div class=\" _9zm2\"><\/div>\n<\/div>\n<\/div>\n<\/div>\n<div class=\"x6s0dn4 x1oozmrk x1f889gz xrr41r3 xl56j7k x47corl x10l6tqk _acvz _acnc _acng\">\n<div class=\"_acnb\"><\/div>\n<div class=\"_acnb\"><\/div>\n<\/div>\n<\/div>\n<div class=\"xyxf0pu xyx8ycp x10l6tqk x1vjfegm\"><\/div>\n<\/div>\n<\/div>\n<div class=\"x1qjc9v5 x972fbf x10w94by x1qhh985 x14e42zd x9f619 x78zum5 xdt5ytf x1iyjqo2 x5wqa0o xln7xf2 xk390pu xdj266r x14z9mp xat24cr x1lziwak x65f84u x1vq45kp xexx8yu xyri2b x18d9i69 x1c1uobl x1n2onr6 x11njtxf\">\n<div class=\"html-div xdj266r x14z9mp xat24cr x1lziwak xexx8yu xyri2b x18d9i69 x1c1uobl x9f619 xjbqb8w x78zum5 x15mokao x1ga7v0g x16uus16 xbiv7yw x1n2onr6 x1plvlek xryxfnj x1iyjqo2 x2lwn1j xeuugli xdt5ytf xqjyukv x1qjc9v5 x1oa3qoh x1nhvcw1\">\n<div class=\"x78zum5 xdt5ytf x67bb7w x1n2onr6 xvbhtw8 x5yr21d x15mokao x1t39747 x1wcsgtt xbiv7yw\" tabindex=\"-1\" role=\"presentation\">\n<div class=\"_aasi\">\n<div class=\"html-div xdj266r x14z9mp xat24cr x1lziwak xexx8yu xyri2b x18d9i69 x1c1uobl x9f619 xjbqb8w x78zum5 x15mokao x1ga7v0g x16uus16 xbiv7yw x1n2onr6 x1plvlek xryxfnj x1c4vz4f x2lah0s x1q0g3np xqjyukv x6s0dn4 x1oa3qoh x1qughib\">\n<header class=\"_aaqw\">\n<div>\n<div class=\"\">\n<div><\/div>\n<\/div>\n<\/div>\n<div class=\"_aaqy _aaqz\">\n<div class=\"_aar0 _aar1\">\n<div class=\"x78zum5 x6ikm8r x10wlt62\">\n<div class=\"_aaqt\">\n<div class=\"html-div xdj266r x14z9mp xat24cr x1lziwak xexx8yu xyri2b x18d9i69 x1c1uobl x9f619 xjbqb8w x78zum5 x15mokao x1ga7v0g x16uus16 xbiv7yw x1n2onr6 x1plvlek xryxfnj x1c4vz4f x2lah0s x1q0g3np xqjyukv x6s0dn4 x1oa3qoh x1nhvcw1\">\n<div>\n<div class=\"x78zum5\">\n<div class=\"x6ikm8r x10wlt62 xlyipyv xuxw1ft\"><\/div>\n<\/div>\n<\/div>\n<\/div>\n<\/div>\n<\/div>\n<\/div>\n<\/div>\n<\/header>\n<\/div>\n<\/div>\n<\/div>\n<\/div>\n<\/div>\n<p>&nbsp;<\/p>\n<p><!--more--><\/p>\n","protected":false},"excerpt":{"rendered":"<p>La m\u00e9diation canine \u00e0 l\u2019honneur dans un reportage RMC Life Hier matin, notre \u00e9tablissement a eu l\u2019immense plaisir d\u2019accueillir une \u00e9quipe de journalistes de RMC Life, venue r\u00e9aliser un reportage en partenariat avec la SPA. Cette visite avait pour objectif de mettre en lumi\u00e8re notre projet de m\u00e9diation canine, une initiative qui permet \u00e0 nos [&hellip;]<\/p>\n","protected":false},"author":5,"featured_media":18835,"comment_status":"open","ping_status":"open","sticky":false,"template":"","format":"standard","meta":{"site-sidebar-layout":"default","site-content-layout":"","ast-site-content-layout":"default","site-content-style":"default","site-sidebar-style":"default","ast-global-header-display":"","ast-banner-title-visibility":"","ast-main-header-display":"","ast-hfb-above-header-display":"","ast-hfb-below-header-display":"","ast-hfb-mobile-header-display":"","site-post-title":"","ast-breadcrumbs-content":"","ast-featured-img":"","footer-sml-layout":"","ast-disable-related-posts":"","theme-transparent-header-meta":"default","adv-header-id-meta":"","stick-header-meta":"","header-above-stick-meta":"","header-main-stick-meta":"","header-below-stick-meta":"","astra-migrate-meta-layouts":"set","ast-page-background-enabled":"default","ast-page-background-meta":{"desktop":{"background-color":"var(--ast-global-color-4)","background-image":"","background-repeat":"repeat","background-position":"center center","background-size":"auto","background-attachment":"scroll","background-type":"","background-media":"","overlay-type":"","overlay-color":"","overlay-opacity":"","overlay-gradient":""},"tablet":{"background-color":"","background-image":"","background-repeat":"repeat","background-position":"center center","background-size":"auto","background-attachment":"scroll","background-type":"","background-media":"","overlay-type":"","overlay-color":"","overlay-opacity":"","overlay-gradient":""},"mobile":{"background-color":"","background-image":"","background-repeat":"repeat","background-position":"center center","background-size":"auto","background-attachment":"scroll","background-type":"","background-media":"","overlay-type":"","overlay-color":"","overlay-opacity":"","overlay-gradient":""}},"ast-content-background-meta":{"desktop":{"background-color":"var(--ast-global-color-5)","background-image":"","background-repeat":"repeat","background-position":"center center","background-size":"auto","background-attachment":"scroll","background-type":"","background-media":"","overlay-type":"","overlay-color":"","overlay-opacity":"","overlay-gradient":""},"tablet":{"background-color":"var(--ast-global-color-5)","background-image":"","background-repeat":"repeat","background-position":"center center","background-size":"auto","background-attachment":"scroll","background-type":"","background-media":"","overlay-type":"","overlay-color":"","overlay-opacity":"","overlay-gradient":""},"mobile":{"background-color":"var(--ast-global-color-5)","background-image":"","background-repeat":"repeat","background-position":"center center","background-size":"auto","background-attachment":"scroll","background-type":"","background-media":"","overlay-type":"","overlay-color":"","overlay-opacity":"","overlay-gradient":""}},"footnotes":""},"categories":[57,6,61],"tags":[],"class_list":["post-18834","post","type-post","status-publish","format-standard","has-post-thumbnail","hentry","category-activites-6e","category-college","category-pastorale"],"yoast_head":"<!-- This site is optimized with the Yoast SEO plugin v27.5 - https:\/\/yoast.com\/product\/yoast-seo-wordpress\/ -->\n<title>Coll\u00e8ge St Jean-Baptiste de La Salle - Le Rancher Teloch\u00e9<\/title>\n<meta name=\"description\" content=\"Le Coll\u00e8ge St Jean-Baptiste de La Salle \u00e0 Teloch\u00e9 offre depuis 1973 un cadre \u00e9ducatif privil\u00e9gi\u00e9 et des projets innovants au service des \u00e9l\u00e8ves.\" \/>\n<meta name=\"robots\" content=\"index, follow, max-snippet:-1, max-image-preview:large, max-video-preview:-1\" \/>\n<link rel=\"canonical\" href=\"https:\/\/www.stjb-delasalle.fr\/site\/2026\/02\/06\/reportage-sur-la-mediation-canine\/\" \/>\n<meta property=\"og:locale\" content=\"fr_FR\" \/>\n<meta property=\"og:type\" content=\"article\" \/>\n<meta property=\"og:title\" content=\"Coll\u00e8ge St Jean-Baptiste de La Salle - Le Rancher Teloch\u00e9\" \/>\n<meta property=\"og:description\" content=\"Le Coll\u00e8ge St Jean-Baptiste de La Salle \u00e0 Teloch\u00e9 offre depuis 1973 un cadre \u00e9ducatif privil\u00e9gi\u00e9 et des projets innovants au service des \u00e9l\u00e8ves.\" \/>\n<meta property=\"og:url\" content=\"https:\/\/www.stjb-delasalle.fr\/site\/2026\/02\/06\/reportage-sur-la-mediation-canine\/\" \/>\n<meta property=\"og:site_name\" content=\"Coll\u00e8ge Saint Jean Baptiste de La Salle\" \/>\n<meta property=\"article:published_time\" content=\"2026-02-06T16:08:05+00:00\" \/>\n<meta property=\"og:image\" content=\"https:\/\/www.stjb-delasalle.fr\/site\/wp-content\/uploads\/2026\/02\/IMG_4437.jpg\" \/>\n\t<meta property=\"og:image:width\" content=\"1920\" \/>\n\t<meta property=\"og:image:height\" content=\"1440\" \/>\n\t<meta property=\"og:image:type\" content=\"image\/jpeg\" \/>\n<meta name=\"author\" content=\"In\u00e8s Mesme\" \/>\n<meta name=\"twitter:card\" content=\"summary_large_image\" \/>\n<meta name=\"twitter:label1\" content=\"\u00c9crit par\" \/>\n\t<meta name=\"twitter:data1\" content=\"In\u00e8s Mesme\" \/>\n\t<meta name=\"twitter:label2\" content=\"Dur\u00e9e de lecture estim\u00e9e\" \/>\n\t<meta name=\"twitter:data2\" content=\"2 minutes\" \/>\n<script type=\"application\/ld+json\" class=\"yoast-schema-graph\">{\"@context\":\"https:\\\/\\\/schema.org\",\"@graph\":[{\"@type\":\"Article\",\"@id\":\"https:\\\/\\\/www.stjb-delasalle.fr\\\/site\\\/2026\\\/02\\\/06\\\/reportage-sur-la-mediation-canine\\\/#article\",\"isPartOf\":{\"@id\":\"https:\\\/\\\/www.stjb-delasalle.fr\\\/site\\\/2026\\\/02\\\/06\\\/reportage-sur-la-mediation-canine\\\/\"},\"author\":{\"name\":\"In\u00e8s Mesme\",\"@id\":\"https:\\\/\\\/www.stjb-delasalle.fr\\\/site\\\/#\\\/schema\\\/person\\\/488931e369608278a3449956554f1b95\"},\"headline\":\"Reportage sur la m\u00e9diation canine\",\"datePublished\":\"2026-02-06T16:08:05+00:00\",\"mainEntityOfPage\":{\"@id\":\"https:\\\/\\\/www.stjb-delasalle.fr\\\/site\\\/2026\\\/02\\\/06\\\/reportage-sur-la-mediation-canine\\\/\"},\"wordCount\":210,\"commentCount\":0,\"publisher\":{\"@id\":\"https:\\\/\\\/www.stjb-delasalle.fr\\\/site\\\/#organization\"},\"image\":{\"@id\":\"https:\\\/\\\/www.stjb-delasalle.fr\\\/site\\\/2026\\\/02\\\/06\\\/reportage-sur-la-mediation-canine\\\/#primaryimage\"},\"thumbnailUrl\":\"https:\\\/\\\/www.stjb-delasalle.fr\\\/site\\\/wp-content\\\/uploads\\\/2026\\\/02\\\/IMG_4437.jpg\",\"articleSection\":[\"Activit\u00e9s 6e\",\"Coll\u00e8ge\",\"Pastorale\"],\"inLanguage\":\"fr-FR\",\"potentialAction\":[{\"@type\":\"CommentAction\",\"name\":\"Comment\",\"target\":[\"https:\\\/\\\/www.stjb-delasalle.fr\\\/site\\\/2026\\\/02\\\/06\\\/reportage-sur-la-mediation-canine\\\/#respond\"]}]},{\"@type\":\"WebPage\",\"@id\":\"https:\\\/\\\/www.stjb-delasalle.fr\\\/site\\\/2026\\\/02\\\/06\\\/reportage-sur-la-mediation-canine\\\/\",\"url\":\"https:\\\/\\\/www.stjb-delasalle.fr\\\/site\\\/2026\\\/02\\\/06\\\/reportage-sur-la-mediation-canine\\\/\",\"name\":\"Coll\u00e8ge St Jean-Baptiste de La Salle - Le Rancher Teloch\u00e9\",\"isPartOf\":{\"@id\":\"https:\\\/\\\/www.stjb-delasalle.fr\\\/site\\\/#website\"},\"primaryImageOfPage\":{\"@id\":\"https:\\\/\\\/www.stjb-delasalle.fr\\\/site\\\/2026\\\/02\\\/06\\\/reportage-sur-la-mediation-canine\\\/#primaryimage\"},\"image\":{\"@id\":\"https:\\\/\\\/www.stjb-delasalle.fr\\\/site\\\/2026\\\/02\\\/06\\\/reportage-sur-la-mediation-canine\\\/#primaryimage\"},\"thumbnailUrl\":\"https:\\\/\\\/www.stjb-delasalle.fr\\\/site\\\/wp-content\\\/uploads\\\/2026\\\/02\\\/IMG_4437.jpg\",\"datePublished\":\"2026-02-06T16:08:05+00:00\",\"description\":\"Le Coll\u00e8ge St Jean-Baptiste de La Salle \u00e0 Teloch\u00e9 offre depuis 1973 un cadre \u00e9ducatif privil\u00e9gi\u00e9 et des projets innovants au service des \u00e9l\u00e8ves.\",\"breadcrumb\":{\"@id\":\"https:\\\/\\\/www.stjb-delasalle.fr\\\/site\\\/2026\\\/02\\\/06\\\/reportage-sur-la-mediation-canine\\\/#breadcrumb\"},\"inLanguage\":\"fr-FR\",\"potentialAction\":[{\"@type\":\"ReadAction\",\"target\":[\"https:\\\/\\\/www.stjb-delasalle.fr\\\/site\\\/2026\\\/02\\\/06\\\/reportage-sur-la-mediation-canine\\\/\"]}]},{\"@type\":\"ImageObject\",\"inLanguage\":\"fr-FR\",\"@id\":\"https:\\\/\\\/www.stjb-delasalle.fr\\\/site\\\/2026\\\/02\\\/06\\\/reportage-sur-la-mediation-canine\\\/#primaryimage\",\"url\":\"https:\\\/\\\/www.stjb-delasalle.fr\\\/site\\\/wp-content\\\/uploads\\\/2026\\\/02\\\/IMG_4437.jpg\",\"contentUrl\":\"https:\\\/\\\/www.stjb-delasalle.fr\\\/site\\\/wp-content\\\/uploads\\\/2026\\\/02\\\/IMG_4437.jpg\",\"width\":1920,\"height\":1440},{\"@type\":\"BreadcrumbList\",\"@id\":\"https:\\\/\\\/www.stjb-delasalle.fr\\\/site\\\/2026\\\/02\\\/06\\\/reportage-sur-la-mediation-canine\\\/#breadcrumb\",\"itemListElement\":[{\"@type\":\"ListItem\",\"position\":1,\"name\":\"Accueil\",\"item\":\"https:\\\/\\\/www.stjb-delasalle.fr\\\/site\\\/\"},{\"@type\":\"ListItem\",\"position\":2,\"name\":\"Reportage sur la m\u00e9diation canine\"}]},{\"@type\":\"WebSite\",\"@id\":\"https:\\\/\\\/www.stjb-delasalle.fr\\\/site\\\/#website\",\"url\":\"https:\\\/\\\/www.stjb-delasalle.fr\\\/site\\\/\",\"name\":\"Coll\u00e8ge Saint Jean Baptiste de La Salle\",\"description\":\"Notre coll\u00e8ge vous accueille sur le site du Rancher \u00e0 Teloch\u00e9\",\"publisher\":{\"@id\":\"https:\\\/\\\/www.stjb-delasalle.fr\\\/site\\\/#organization\"},\"potentialAction\":[{\"@type\":\"SearchAction\",\"target\":{\"@type\":\"EntryPoint\",\"urlTemplate\":\"https:\\\/\\\/www.stjb-delasalle.fr\\\/site\\\/?s={search_term_string}\"},\"query-input\":{\"@type\":\"PropertyValueSpecification\",\"valueRequired\":true,\"valueName\":\"search_term_string\"}}],\"inLanguage\":\"fr-FR\"},{\"@type\":\"Organization\",\"@id\":\"https:\\\/\\\/www.stjb-delasalle.fr\\\/site\\\/#organization\",\"name\":\"Coll\u00e8ge Saint Jean Baptiste de La Salle\",\"url\":\"https:\\\/\\\/www.stjb-delasalle.fr\\\/site\\\/\",\"logo\":{\"@type\":\"ImageObject\",\"inLanguage\":\"fr-FR\",\"@id\":\"https:\\\/\\\/www.stjb-delasalle.fr\\\/site\\\/#\\\/schema\\\/logo\\\/image\\\/\",\"url\":\"https:\\\/\\\/www.stjb-delasalle.fr\\\/site\\\/wp-content\\\/uploads\\\/2021\\\/11\\\/logostjb_petit_transp.png\",\"contentUrl\":\"https:\\\/\\\/www.stjb-delasalle.fr\\\/site\\\/wp-content\\\/uploads\\\/2021\\\/11\\\/logostjb_petit_transp.png\",\"width\":180,\"height\":127,\"caption\":\"Coll\u00e8ge Saint Jean Baptiste de La Salle\"},\"image\":{\"@id\":\"https:\\\/\\\/www.stjb-delasalle.fr\\\/site\\\/#\\\/schema\\\/logo\\\/image\\\/\"}},{\"@type\":\"Person\",\"@id\":\"https:\\\/\\\/www.stjb-delasalle.fr\\\/site\\\/#\\\/schema\\\/person\\\/488931e369608278a3449956554f1b95\",\"name\":\"In\u00e8s Mesme\",\"image\":{\"@type\":\"ImageObject\",\"inLanguage\":\"fr-FR\",\"@id\":\"https:\\\/\\\/secure.gravatar.com\\\/avatar\\\/859620b3c1bbefca879d070bd0b05a0c78ce9805744f2aa7e35bcbd6fbf05512?s=96&d=mm&r=g\",\"url\":\"https:\\\/\\\/secure.gravatar.com\\\/avatar\\\/859620b3c1bbefca879d070bd0b05a0c78ce9805744f2aa7e35bcbd6fbf05512?s=96&d=mm&r=g\",\"contentUrl\":\"https:\\\/\\\/secure.gravatar.com\\\/avatar\\\/859620b3c1bbefca879d070bd0b05a0c78ce9805744f2aa7e35bcbd6fbf05512?s=96&d=mm&r=g\",\"caption\":\"In\u00e8s Mesme\"},\"sameAs\":[\"http:\\\/\\\/www.stjb-delasalle.fr\"],\"url\":\"https:\\\/\\\/www.stjb-delasalle.fr\\\/site\\\/author\\\/communication\\\/\"}]}<\/script>\n<!-- \/ Yoast SEO plugin. -->","yoast_head_json":{"title":"Coll\u00e8ge St Jean-Baptiste de La Salle - Le Rancher Teloch\u00e9","description":"Le Coll\u00e8ge St Jean-Baptiste de La Salle \u00e0 Teloch\u00e9 offre depuis 1973 un cadre \u00e9ducatif privil\u00e9gi\u00e9 et des projets innovants au service des \u00e9l\u00e8ves.","robots":{"index":"index","follow":"follow","max-snippet":"max-snippet:-1","max-image-preview":"max-image-preview:large","max-video-preview":"max-video-preview:-1"},"canonical":"https:\/\/www.stjb-delasalle.fr\/site\/2026\/02\/06\/reportage-sur-la-mediation-canine\/","og_locale":"fr_FR","og_type":"article","og_title":"Coll\u00e8ge St Jean-Baptiste de La Salle - Le Rancher Teloch\u00e9","og_description":"Le Coll\u00e8ge St Jean-Baptiste de La Salle \u00e0 Teloch\u00e9 offre depuis 1973 un cadre \u00e9ducatif privil\u00e9gi\u00e9 et des projets innovants au service des \u00e9l\u00e8ves.","og_url":"https:\/\/www.stjb-delasalle.fr\/site\/2026\/02\/06\/reportage-sur-la-mediation-canine\/","og_site_name":"Coll\u00e8ge Saint Jean Baptiste de La Salle","article_published_time":"2026-02-06T16:08:05+00:00","og_image":[{"width":1920,"height":1440,"url":"https:\/\/www.stjb-delasalle.fr\/site\/wp-content\/uploads\/2026\/02\/IMG_4437.jpg","type":"image\/jpeg"}],"author":"In\u00e8s Mesme","twitter_card":"summary_large_image","twitter_misc":{"\u00c9crit par":"In\u00e8s Mesme","Dur\u00e9e de lecture estim\u00e9e":"2 minutes"},"schema":{"@context":"https:\/\/schema.org","@graph":[{"@type":"Article","@id":"https:\/\/www.stjb-delasalle.fr\/site\/2026\/02\/06\/reportage-sur-la-mediation-canine\/#article","isPartOf":{"@id":"https:\/\/www.stjb-delasalle.fr\/site\/2026\/02\/06\/reportage-sur-la-mediation-canine\/"},"author":{"name":"In\u00e8s Mesme","@id":"https:\/\/www.stjb-delasalle.fr\/site\/#\/schema\/person\/488931e369608278a3449956554f1b95"},"headline":"Reportage sur la m\u00e9diation canine","datePublished":"2026-02-06T16:08:05+00:00","mainEntityOfPage":{"@id":"https:\/\/www.stjb-delasalle.fr\/site\/2026\/02\/06\/reportage-sur-la-mediation-canine\/"},"wordCount":210,"commentCount":0,"publisher":{"@id":"https:\/\/www.stjb-delasalle.fr\/site\/#organization"},"image":{"@id":"https:\/\/www.stjb-delasalle.fr\/site\/2026\/02\/06\/reportage-sur-la-mediation-canine\/#primaryimage"},"thumbnailUrl":"https:\/\/www.stjb-delasalle.fr\/site\/wp-content\/uploads\/2026\/02\/IMG_4437.jpg","articleSection":["Activit\u00e9s 6e","Coll\u00e8ge","Pastorale"],"inLanguage":"fr-FR","potentialAction":[{"@type":"CommentAction","name":"Comment","target":["https:\/\/www.stjb-delasalle.fr\/site\/2026\/02\/06\/reportage-sur-la-mediation-canine\/#respond"]}]},{"@type":"WebPage","@id":"https:\/\/www.stjb-delasalle.fr\/site\/2026\/02\/06\/reportage-sur-la-mediation-canine\/","url":"https:\/\/www.stjb-delasalle.fr\/site\/2026\/02\/06\/reportage-sur-la-mediation-canine\/","name":"Coll\u00e8ge St Jean-Baptiste de La Salle - Le Rancher Teloch\u00e9","isPartOf":{"@id":"https:\/\/www.stjb-delasalle.fr\/site\/#website"},"primaryImageOfPage":{"@id":"https:\/\/www.stjb-delasalle.fr\/site\/2026\/02\/06\/reportage-sur-la-mediation-canine\/#primaryimage"},"image":{"@id":"https:\/\/www.stjb-delasalle.fr\/site\/2026\/02\/06\/reportage-sur-la-mediation-canine\/#primaryimage"},"thumbnailUrl":"https:\/\/www.stjb-delasalle.fr\/site\/wp-content\/uploads\/2026\/02\/IMG_4437.jpg","datePublished":"2026-02-06T16:08:05+00:00","description":"Le Coll\u00e8ge St Jean-Baptiste de La Salle \u00e0 Teloch\u00e9 offre depuis 1973 un cadre \u00e9ducatif privil\u00e9gi\u00e9 et des projets innovants au service des \u00e9l\u00e8ves.","breadcrumb":{"@id":"https:\/\/www.stjb-delasalle.fr\/site\/2026\/02\/06\/reportage-sur-la-mediation-canine\/#breadcrumb"},"inLanguage":"fr-FR","potentialAction":[{"@type":"ReadAction","target":["https:\/\/www.stjb-delasalle.fr\/site\/2026\/02\/06\/reportage-sur-la-mediation-canine\/"]}]},{"@type":"ImageObject","inLanguage":"fr-FR","@id":"https:\/\/www.stjb-delasalle.fr\/site\/2026\/02\/06\/reportage-sur-la-mediation-canine\/#primaryimage","url":"https:\/\/www.stjb-delasalle.fr\/site\/wp-content\/uploads\/2026\/02\/IMG_4437.jpg","contentUrl":"https:\/\/www.stjb-delasalle.fr\/site\/wp-content\/uploads\/2026\/02\/IMG_4437.jpg","width":1920,"height":1440},{"@type":"BreadcrumbList","@id":"https:\/\/www.stjb-delasalle.fr\/site\/2026\/02\/06\/reportage-sur-la-mediation-canine\/#breadcrumb","itemListElement":[{"@type":"ListItem","position":1,"name":"Accueil","item":"https:\/\/www.stjb-delasalle.fr\/site\/"},{"@type":"ListItem","position":2,"name":"Reportage sur la m\u00e9diation canine"}]},{"@type":"WebSite","@id":"https:\/\/www.stjb-delasalle.fr\/site\/#website","url":"https:\/\/www.stjb-delasalle.fr\/site\/","name":"Coll\u00e8ge Saint Jean Baptiste de La Salle","description":"Notre coll\u00e8ge vous accueille sur le site du Rancher \u00e0 Teloch\u00e9","publisher":{"@id":"https:\/\/www.stjb-delasalle.fr\/site\/#organization"},"potentialAction":[{"@type":"SearchAction","target":{"@type":"EntryPoint","urlTemplate":"https:\/\/www.stjb-delasalle.fr\/site\/?s={search_term_string}"},"query-input":{"@type":"PropertyValueSpecification","valueRequired":true,"valueName":"search_term_string"}}],"inLanguage":"fr-FR"},{"@type":"Organization","@id":"https:\/\/www.stjb-delasalle.fr\/site\/#organization","name":"Coll\u00e8ge Saint Jean Baptiste de La Salle","url":"https:\/\/www.stjb-delasalle.fr\/site\/","logo":{"@type":"ImageObject","inLanguage":"fr-FR","@id":"https:\/\/www.stjb-delasalle.fr\/site\/#\/schema\/logo\/image\/","url":"https:\/\/www.stjb-delasalle.fr\/site\/wp-content\/uploads\/2021\/11\/logostjb_petit_transp.png","contentUrl":"https:\/\/www.stjb-delasalle.fr\/site\/wp-content\/uploads\/2021\/11\/logostjb_petit_transp.png","width":180,"height":127,"caption":"Coll\u00e8ge Saint Jean Baptiste de La Salle"},"image":{"@id":"https:\/\/www.stjb-delasalle.fr\/site\/#\/schema\/logo\/image\/"}},{"@type":"Person","@id":"https:\/\/www.stjb-delasalle.fr\/site\/#\/schema\/person\/488931e369608278a3449956554f1b95","name":"In\u00e8s Mesme","image":{"@type":"ImageObject","inLanguage":"fr-FR","@id":"https:\/\/secure.gravatar.com\/avatar\/859620b3c1bbefca879d070bd0b05a0c78ce9805744f2aa7e35bcbd6fbf05512?s=96&d=mm&r=g","url":"https:\/\/secure.gravatar.com\/avatar\/859620b3c1bbefca879d070bd0b05a0c78ce9805744f2aa7e35bcbd6fbf05512?s=96&d=mm&r=g","contentUrl":"https:\/\/secure.gravatar.com\/avatar\/859620b3c1bbefca879d070bd0b05a0c78ce9805744f2aa7e35bcbd6fbf05512?s=96&d=mm&r=g","caption":"In\u00e8s Mesme"},"sameAs":["http:\/\/www.stjb-delasalle.fr"],"url":"https:\/\/www.stjb-delasalle.fr\/site\/author\/communication\/"}]}},"_links":{"self":[{"href":"https:\/\/www.stjb-delasalle.fr\/site\/wp-json\/wp\/v2\/posts\/18834","targetHints":{"allow":["GET"]}}],"collection":[{"href":"https:\/\/www.stjb-delasalle.fr\/site\/wp-json\/wp\/v2\/posts"}],"about":[{"href":"https:\/\/www.stjb-delasalle.fr\/site\/wp-json\/wp\/v2\/types\/post"}],"author":[{"embeddable":true,"href":"https:\/\/www.stjb-delasalle.fr\/site\/wp-json\/wp\/v2\/users\/5"}],"replies":[{"embeddable":true,"href":"https:\/\/www.stjb-delasalle.fr\/site\/wp-json\/wp\/v2\/comments?post=18834"}],"version-history":[{"count":1,"href":"https:\/\/www.stjb-delasalle.fr\/site\/wp-json\/wp\/v2\/posts\/18834\/revisions"}],"predecessor-version":[{"id":18840,"href":"https:\/\/www.stjb-delasalle.fr\/site\/wp-json\/wp\/v2\/posts\/18834\/revisions\/18840"}],"wp:featuredmedia":[{"embeddable":true,"href":"https:\/\/www.stjb-delasalle.fr\/site\/wp-json\/wp\/v2\/media\/18835"}],"wp:attachment":[{"href":"https:\/\/www.stjb-delasalle.fr\/site\/wp-json\/wp\/v2\/media?parent=18834"}],"wp:term":[{"taxonomy":"category","embeddable":true,"href":"https:\/\/www.stjb-delasalle.fr\/site\/wp-json\/wp\/v2\/categories?post=18834"},{"taxonomy":"post_tag","embeddable":true,"href":"https:\/\/www.stjb-delasalle.fr\/site\/wp-json\/wp\/v2\/tags?post=18834"}],"curies":[{"name":"wp","href":"https:\/\/api.w.org\/{rel}","templated":true}]}}