{"id":18734,"date":"2026-01-20T17:14:21","date_gmt":"2026-01-20T17:14:21","guid":{"rendered":"https:\/\/www.stjb-delasalle.fr\/site\/?p=18734"},"modified":"2026-01-27T09:14:47","modified_gmt":"2026-01-27T09:14:47","slug":"concours-photo","status":"publish","type":"post","link":"https:\/\/www.stjb-delasalle.fr\/site\/2026\/01\/20\/concours-photo\/","title":{"rendered":"Concours photo"},"content":{"rendered":"<h1>Les \u00e9l\u00e8ves du coll\u00e8ge brillent au concours photo annuel<\/h1>\n<div dir=\"ltr\"><\/div>\n<div dir=\"ltr\">\n<p data-start=\"184\" data-end=\"521\">Comme chaque ann\u00e9e, la Vie scolaire, sous la direction de Madame Lacaque, a organis\u00e9 son concours photo annuel, un rendez-vous d\u00e9sormais incontournable pour nos coll\u00e9giens. Cette ann\u00e9e, le th\u00e8me choisi \u00e9tait : <strong data-start=\"398\" data-end=\"437\">\u00ab Mon animal de compagnie et No\u00ebl \u00bb<\/strong>, offrant aux \u00e9l\u00e8ves l\u2019occasion de m\u00ealer cr\u00e9ativit\u00e9, originalit\u00e9 et esprit festif.<\/p>\n<p data-start=\"523\" data-end=\"860\">Le concours a rencontr\u00e9 un v\u00e9ritable succ\u00e8s, avec de nombreux participants enthousiastes pr\u00eats \u00e0 partager un moment ludique tout en mettant en valeur leur imagination.<\/p>\n<\/div>\n<p data-start=\"523\" data-end=\"860\">Nous tenons \u00e0 f\u00e9liciter tous les \u00e9l\u00e8ves participants pour leur cr\u00e9ativit\u00e9, leur implication et la qualit\u00e9 des clich\u00e9s propos\u00e9s. Le concours a \u00e9t\u00e9 l\u2019occasion de mettre en valeur l\u2019imagination et le talent de nos coll\u00e9giens dans un cadre ludique et convivial.<\/p>\n<p data-start=\"1159\" data-end=\"1249\"><strong data-start=\"1159\" data-end=\"1170\">4e \u2013 3e<\/strong><br data-start=\"1170\" data-end=\"1173\" \/>1er : Wendy Rase<br data-start=\"1192\" data-end=\"1195\" \/>2\u00e8me : Mani Cornille<br data-start=\"1218\" data-end=\"1221\" \/>3\u00e8me : Simone Fouqueray<\/p>\n<p data-start=\"1251\" data-end=\"1342\"><strong data-start=\"1251\" data-end=\"1262\">6e \u2013 5e<\/strong><br data-start=\"1262\" data-end=\"1265\" \/>1er : Keemy Ligeron<br data-start=\"1287\" data-end=\"1290\" \/>2\u00e8me : Antoine Beaudron<br data-start=\"1316\" data-end=\"1319\" \/>3\u00e8me : Simon Ferr\u00e9<\/p>\n<div dir=\"ltr\">Bravo \u00e0 tous pour vos superbes photos ! Rendez-vous bient\u00f4t pour une nouvelle \u00e9dition.<\/div>\n<p><img decoding=\"async\" class=\"alignnone size-full wp-image-18105\" src=\"https:\/\/www.stjb-delasalle.fr\/site\/wp-content\/uploads\/2025\/09\/20250901_122200165_iOS.heic\" alt=\"\" \/><\/p>\n<p><img fetchpriority=\"high\" decoding=\"async\" class=\"alignnone wp-image-18741\" src=\"https:\/\/www.stjb-delasalle.fr\/site\/wp-content\/uploads\/2026\/01\/6-240x300.jpg\" alt=\"\" width=\"382\" height=\"478\" srcset=\"https:\/\/www.stjb-delasalle.fr\/site\/wp-content\/uploads\/2026\/01\/6-240x300.jpg 240w, https:\/\/www.stjb-delasalle.fr\/site\/wp-content\/uploads\/2026\/01\/6-819x1024.jpg 819w, https:\/\/www.stjb-delasalle.fr\/site\/wp-content\/uploads\/2026\/01\/6-768x960.jpg 768w, https:\/\/www.stjb-delasalle.fr\/site\/wp-content\/uploads\/2026\/01\/6.jpg 1080w\" sizes=\"(max-width: 382px) 100vw, 382px\" \/><\/p>\n<p><img decoding=\"async\" class=\"alignnone wp-image-18740\" src=\"https:\/\/www.stjb-delasalle.fr\/site\/wp-content\/uploads\/2026\/01\/5-240x300.jpg\" alt=\"\" width=\"380\" height=\"475\" srcset=\"https:\/\/www.stjb-delasalle.fr\/site\/wp-content\/uploads\/2026\/01\/5-240x300.jpg 240w, https:\/\/www.stjb-delasalle.fr\/site\/wp-content\/uploads\/2026\/01\/5-819x1024.jpg 819w, https:\/\/www.stjb-delasalle.fr\/site\/wp-content\/uploads\/2026\/01\/5-768x960.jpg 768w, https:\/\/www.stjb-delasalle.fr\/site\/wp-content\/uploads\/2026\/01\/5.jpg 1080w\" sizes=\"(max-width: 380px) 100vw, 380px\" \/><\/p>\n<p><img decoding=\"async\" class=\"alignnone wp-image-18739\" src=\"https:\/\/www.stjb-delasalle.fr\/site\/wp-content\/uploads\/2026\/01\/4-240x300.jpg\" alt=\"\" width=\"379\" height=\"474\" srcset=\"https:\/\/www.stjb-delasalle.fr\/site\/wp-content\/uploads\/2026\/01\/4-240x300.jpg 240w, https:\/\/www.stjb-delasalle.fr\/site\/wp-content\/uploads\/2026\/01\/4-819x1024.jpg 819w, https:\/\/www.stjb-delasalle.fr\/site\/wp-content\/uploads\/2026\/01\/4-768x960.jpg 768w, https:\/\/www.stjb-delasalle.fr\/site\/wp-content\/uploads\/2026\/01\/4.jpg 1080w\" sizes=\"(max-width: 379px) 100vw, 379px\" \/><\/p>\n<p><img loading=\"lazy\" decoding=\"async\" class=\"alignnone wp-image-18738\" src=\"https:\/\/www.stjb-delasalle.fr\/site\/wp-content\/uploads\/2026\/01\/3-240x300.jpg\" alt=\"\" width=\"378\" height=\"473\" srcset=\"https:\/\/www.stjb-delasalle.fr\/site\/wp-content\/uploads\/2026\/01\/3-240x300.jpg 240w, https:\/\/www.stjb-delasalle.fr\/site\/wp-content\/uploads\/2026\/01\/3-819x1024.jpg 819w, https:\/\/www.stjb-delasalle.fr\/site\/wp-content\/uploads\/2026\/01\/3-768x960.jpg 768w, https:\/\/www.stjb-delasalle.fr\/site\/wp-content\/uploads\/2026\/01\/3.jpg 1080w\" sizes=\"(max-width: 378px) 100vw, 378px\" \/><\/p>\n<p><img loading=\"lazy\" decoding=\"async\" class=\"alignnone wp-image-18737\" src=\"https:\/\/www.stjb-delasalle.fr\/site\/wp-content\/uploads\/2026\/01\/2-240x300.jpg\" alt=\"\" width=\"378\" height=\"473\" srcset=\"https:\/\/www.stjb-delasalle.fr\/site\/wp-content\/uploads\/2026\/01\/2-240x300.jpg 240w, https:\/\/www.stjb-delasalle.fr\/site\/wp-content\/uploads\/2026\/01\/2-819x1024.jpg 819w, https:\/\/www.stjb-delasalle.fr\/site\/wp-content\/uploads\/2026\/01\/2-768x960.jpg 768w, https:\/\/www.stjb-delasalle.fr\/site\/wp-content\/uploads\/2026\/01\/2.jpg 1080w\" sizes=\"(max-width: 378px) 100vw, 378px\" \/><\/p>\n<p><img loading=\"lazy\" decoding=\"async\" class=\"alignnone wp-image-18736\" src=\"https:\/\/www.stjb-delasalle.fr\/site\/wp-content\/uploads\/2026\/01\/1-240x300.jpg\" alt=\"\" width=\"377\" height=\"471\" srcset=\"https:\/\/www.stjb-delasalle.fr\/site\/wp-content\/uploads\/2026\/01\/1-240x300.jpg 240w, https:\/\/www.stjb-delasalle.fr\/site\/wp-content\/uploads\/2026\/01\/1-819x1024.jpg 819w, https:\/\/www.stjb-delasalle.fr\/site\/wp-content\/uploads\/2026\/01\/1-768x960.jpg 768w, https:\/\/www.stjb-delasalle.fr\/site\/wp-content\/uploads\/2026\/01\/1.jpg 1080w\" sizes=\"(max-width: 377px) 100vw, 377px\" \/><\/p>\n<p>&nbsp;<\/p>\n<p><!--more--><\/p>\n","protected":false},"excerpt":{"rendered":"<p>Les \u00e9l\u00e8ves du coll\u00e8ge brillent au concours photo annuel Comme chaque ann\u00e9e, la Vie scolaire, sous la direction de Madame Lacaque, a organis\u00e9 son concours photo annuel, un rendez-vous d\u00e9sormais incontournable pour nos coll\u00e9giens. Cette ann\u00e9e, le th\u00e8me choisi \u00e9tait : \u00ab Mon animal de compagnie et No\u00ebl \u00bb, offrant aux \u00e9l\u00e8ves l\u2019occasion de m\u00ealer [&hellip;]<\/p>\n","protected":false},"author":5,"featured_media":18744,"comment_status":"open","ping_status":"open","sticky":false,"template":"","format":"standard","meta":{"site-sidebar-layout":"default","site-content-layout":"","ast-site-content-layout":"default","site-content-style":"default","site-sidebar-style":"default","ast-global-header-display":"","ast-banner-title-visibility":"","ast-main-header-display":"","ast-hfb-above-header-display":"","ast-hfb-below-header-display":"","ast-hfb-mobile-header-display":"","site-post-title":"","ast-breadcrumbs-content":"","ast-featured-img":"","footer-sml-layout":"","ast-disable-related-posts":"","theme-transparent-header-meta":"default","adv-header-id-meta":"","stick-header-meta":"","header-above-stick-meta":"","header-main-stick-meta":"","header-below-stick-meta":"","astra-migrate-meta-layouts":"set","ast-page-background-enabled":"default","ast-page-background-meta":{"desktop":{"background-color":"var(--ast-global-color-4)","background-image":"","background-repeat":"repeat","background-position":"center center","background-size":"auto","background-attachment":"scroll","background-type":"","background-media":"","overlay-type":"","overlay-color":"","overlay-opacity":"","overlay-gradient":""},"tablet":{"background-color":"","background-image":"","background-repeat":"repeat","background-position":"center center","background-size":"auto","background-attachment":"scroll","background-type":"","background-media":"","overlay-type":"","overlay-color":"","overlay-opacity":"","overlay-gradient":""},"mobile":{"background-color":"","background-image":"","background-repeat":"repeat","background-position":"center center","background-size":"auto","background-attachment":"scroll","background-type":"","background-media":"","overlay-type":"","overlay-color":"","overlay-opacity":"","overlay-gradient":""}},"ast-content-background-meta":{"desktop":{"background-color":"var(--ast-global-color-5)","background-image":"","background-repeat":"repeat","background-position":"center center","background-size":"auto","background-attachment":"scroll","background-type":"","background-media":"","overlay-type":"","overlay-color":"","overlay-opacity":"","overlay-gradient":""},"tablet":{"background-color":"var(--ast-global-color-5)","background-image":"","background-repeat":"repeat","background-position":"center center","background-size":"auto","background-attachment":"scroll","background-type":"","background-media":"","overlay-type":"","overlay-color":"","overlay-opacity":"","overlay-gradient":""},"mobile":{"background-color":"var(--ast-global-color-5)","background-image":"","background-repeat":"repeat","background-position":"center center","background-size":"auto","background-attachment":"scroll","background-type":"","background-media":"","overlay-type":"","overlay-color":"","overlay-opacity":"","overlay-gradient":""}},"footnotes":""},"categories":[58,6,91],"tags":[],"class_list":["post-18734","post","type-post","status-publish","format-standard","has-post-thumbnail","hentry","category-activites-5e","category-college","category-vie-scolaire"],"yoast_head":"<!-- This site is optimized with the Yoast SEO plugin v27.5 - https:\/\/yoast.com\/product\/yoast-seo-wordpress\/ -->\n<title>Coll\u00e8ge St Jean-Baptiste de La Salle - Le Rancher Teloch\u00e9<\/title>\n<meta name=\"description\" content=\"Le Coll\u00e8ge St Jean-Baptiste de La Salle \u00e0 Teloch\u00e9 offre depuis 1973 un cadre \u00e9ducatif privil\u00e9gi\u00e9 et des projets innovants au service des \u00e9l\u00e8ves.\" \/>\n<meta name=\"robots\" content=\"index, follow, max-snippet:-1, max-image-preview:large, max-video-preview:-1\" \/>\n<link rel=\"canonical\" href=\"https:\/\/www.stjb-delasalle.fr\/site\/2026\/01\/20\/concours-photo\/\" \/>\n<meta property=\"og:locale\" content=\"fr_FR\" \/>\n<meta property=\"og:type\" content=\"article\" \/>\n<meta property=\"og:title\" content=\"Coll\u00e8ge St Jean-Baptiste de La Salle - Le Rancher Teloch\u00e9\" \/>\n<meta property=\"og:description\" content=\"Le Coll\u00e8ge St Jean-Baptiste de La Salle \u00e0 Teloch\u00e9 offre depuis 1973 un cadre \u00e9ducatif privil\u00e9gi\u00e9 et des projets innovants au service des \u00e9l\u00e8ves.\" \/>\n<meta property=\"og:url\" content=\"https:\/\/www.stjb-delasalle.fr\/site\/2026\/01\/20\/concours-photo\/\" \/>\n<meta property=\"og:site_name\" content=\"Coll\u00e8ge Saint Jean Baptiste de La Salle\" \/>\n<meta property=\"article:published_time\" content=\"2026-01-20T17:14:21+00:00\" \/>\n<meta property=\"article:modified_time\" content=\"2026-01-27T09:14:47+00:00\" \/>\n<meta property=\"og:image\" content=\"https:\/\/www.stjb-delasalle.fr\/site\/wp-content\/uploads\/2026\/01\/DSC06750.jpg\" \/>\n\t<meta property=\"og:image:width\" content=\"1920\" \/>\n\t<meta property=\"og:image:height\" content=\"1280\" \/>\n\t<meta property=\"og:image:type\" content=\"image\/jpeg\" \/>\n<meta name=\"author\" content=\"In\u00e8s Mesme\" \/>\n<meta name=\"twitter:card\" content=\"summary_large_image\" \/>\n<meta name=\"twitter:label1\" content=\"\u00c9crit par\" \/>\n\t<meta name=\"twitter:data1\" content=\"In\u00e8s Mesme\" \/>\n\t<meta name=\"twitter:label2\" content=\"Dur\u00e9e de lecture estim\u00e9e\" \/>\n\t<meta name=\"twitter:data2\" content=\"3 minutes\" \/>\n<script type=\"application\/ld+json\" class=\"yoast-schema-graph\">{\"@context\":\"https:\\\/\\\/schema.org\",\"@graph\":[{\"@type\":\"Article\",\"@id\":\"https:\\\/\\\/www.stjb-delasalle.fr\\\/site\\\/2026\\\/01\\\/20\\\/concours-photo\\\/#article\",\"isPartOf\":{\"@id\":\"https:\\\/\\\/www.stjb-delasalle.fr\\\/site\\\/2026\\\/01\\\/20\\\/concours-photo\\\/\"},\"author\":{\"name\":\"In\u00e8s Mesme\",\"@id\":\"https:\\\/\\\/www.stjb-delasalle.fr\\\/site\\\/#\\\/schema\\\/person\\\/488931e369608278a3449956554f1b95\"},\"headline\":\"Concours photo\",\"datePublished\":\"2026-01-20T17:14:21+00:00\",\"dateModified\":\"2026-01-27T09:14:47+00:00\",\"mainEntityOfPage\":{\"@id\":\"https:\\\/\\\/www.stjb-delasalle.fr\\\/site\\\/2026\\\/01\\\/20\\\/concours-photo\\\/\"},\"wordCount\":182,\"commentCount\":0,\"publisher\":{\"@id\":\"https:\\\/\\\/www.stjb-delasalle.fr\\\/site\\\/#organization\"},\"image\":{\"@id\":\"https:\\\/\\\/www.stjb-delasalle.fr\\\/site\\\/2026\\\/01\\\/20\\\/concours-photo\\\/#primaryimage\"},\"thumbnailUrl\":\"https:\\\/\\\/www.stjb-delasalle.fr\\\/site\\\/wp-content\\\/uploads\\\/2026\\\/01\\\/DSC06750.jpg\",\"articleSection\":[\"Activit\u00e9s 5e\",\"Coll\u00e8ge\",\"Vie scolaire\"],\"inLanguage\":\"fr-FR\",\"potentialAction\":[{\"@type\":\"CommentAction\",\"name\":\"Comment\",\"target\":[\"https:\\\/\\\/www.stjb-delasalle.fr\\\/site\\\/2026\\\/01\\\/20\\\/concours-photo\\\/#respond\"]}]},{\"@type\":\"WebPage\",\"@id\":\"https:\\\/\\\/www.stjb-delasalle.fr\\\/site\\\/2026\\\/01\\\/20\\\/concours-photo\\\/\",\"url\":\"https:\\\/\\\/www.stjb-delasalle.fr\\\/site\\\/2026\\\/01\\\/20\\\/concours-photo\\\/\",\"name\":\"Coll\u00e8ge St Jean-Baptiste de La Salle - Le Rancher Teloch\u00e9\",\"isPartOf\":{\"@id\":\"https:\\\/\\\/www.stjb-delasalle.fr\\\/site\\\/#website\"},\"primaryImageOfPage\":{\"@id\":\"https:\\\/\\\/www.stjb-delasalle.fr\\\/site\\\/2026\\\/01\\\/20\\\/concours-photo\\\/#primaryimage\"},\"image\":{\"@id\":\"https:\\\/\\\/www.stjb-delasalle.fr\\\/site\\\/2026\\\/01\\\/20\\\/concours-photo\\\/#primaryimage\"},\"thumbnailUrl\":\"https:\\\/\\\/www.stjb-delasalle.fr\\\/site\\\/wp-content\\\/uploads\\\/2026\\\/01\\\/DSC06750.jpg\",\"datePublished\":\"2026-01-20T17:14:21+00:00\",\"dateModified\":\"2026-01-27T09:14:47+00:00\",\"description\":\"Le Coll\u00e8ge St Jean-Baptiste de La Salle \u00e0 Teloch\u00e9 offre depuis 1973 un cadre \u00e9ducatif privil\u00e9gi\u00e9 et des projets innovants au service des \u00e9l\u00e8ves.\",\"breadcrumb\":{\"@id\":\"https:\\\/\\\/www.stjb-delasalle.fr\\\/site\\\/2026\\\/01\\\/20\\\/concours-photo\\\/#breadcrumb\"},\"inLanguage\":\"fr-FR\",\"potentialAction\":[{\"@type\":\"ReadAction\",\"target\":[\"https:\\\/\\\/www.stjb-delasalle.fr\\\/site\\\/2026\\\/01\\\/20\\\/concours-photo\\\/\"]}]},{\"@type\":\"ImageObject\",\"inLanguage\":\"fr-FR\",\"@id\":\"https:\\\/\\\/www.stjb-delasalle.fr\\\/site\\\/2026\\\/01\\\/20\\\/concours-photo\\\/#primaryimage\",\"url\":\"https:\\\/\\\/www.stjb-delasalle.fr\\\/site\\\/wp-content\\\/uploads\\\/2026\\\/01\\\/DSC06750.jpg\",\"contentUrl\":\"https:\\\/\\\/www.stjb-delasalle.fr\\\/site\\\/wp-content\\\/uploads\\\/2026\\\/01\\\/DSC06750.jpg\",\"width\":1920,\"height\":1280},{\"@type\":\"BreadcrumbList\",\"@id\":\"https:\\\/\\\/www.stjb-delasalle.fr\\\/site\\\/2026\\\/01\\\/20\\\/concours-photo\\\/#breadcrumb\",\"itemListElement\":[{\"@type\":\"ListItem\",\"position\":1,\"name\":\"Accueil\",\"item\":\"https:\\\/\\\/www.stjb-delasalle.fr\\\/site\\\/\"},{\"@type\":\"ListItem\",\"position\":2,\"name\":\"Concours photo\"}]},{\"@type\":\"WebSite\",\"@id\":\"https:\\\/\\\/www.stjb-delasalle.fr\\\/site\\\/#website\",\"url\":\"https:\\\/\\\/www.stjb-delasalle.fr\\\/site\\\/\",\"name\":\"Coll\u00e8ge Saint Jean Baptiste de La Salle\",\"description\":\"Notre coll\u00e8ge vous accueille sur le site du Rancher \u00e0 Teloch\u00e9\",\"publisher\":{\"@id\":\"https:\\\/\\\/www.stjb-delasalle.fr\\\/site\\\/#organization\"},\"potentialAction\":[{\"@type\":\"SearchAction\",\"target\":{\"@type\":\"EntryPoint\",\"urlTemplate\":\"https:\\\/\\\/www.stjb-delasalle.fr\\\/site\\\/?s={search_term_string}\"},\"query-input\":{\"@type\":\"PropertyValueSpecification\",\"valueRequired\":true,\"valueName\":\"search_term_string\"}}],\"inLanguage\":\"fr-FR\"},{\"@type\":\"Organization\",\"@id\":\"https:\\\/\\\/www.stjb-delasalle.fr\\\/site\\\/#organization\",\"name\":\"Coll\u00e8ge Saint Jean Baptiste de La Salle\",\"url\":\"https:\\\/\\\/www.stjb-delasalle.fr\\\/site\\\/\",\"logo\":{\"@type\":\"ImageObject\",\"inLanguage\":\"fr-FR\",\"@id\":\"https:\\\/\\\/www.stjb-delasalle.fr\\\/site\\\/#\\\/schema\\\/logo\\\/image\\\/\",\"url\":\"https:\\\/\\\/www.stjb-delasalle.fr\\\/site\\\/wp-content\\\/uploads\\\/2021\\\/11\\\/logostjb_petit_transp.png\",\"contentUrl\":\"https:\\\/\\\/www.stjb-delasalle.fr\\\/site\\\/wp-content\\\/uploads\\\/2021\\\/11\\\/logostjb_petit_transp.png\",\"width\":180,\"height\":127,\"caption\":\"Coll\u00e8ge Saint Jean Baptiste de La Salle\"},\"image\":{\"@id\":\"https:\\\/\\\/www.stjb-delasalle.fr\\\/site\\\/#\\\/schema\\\/logo\\\/image\\\/\"}},{\"@type\":\"Person\",\"@id\":\"https:\\\/\\\/www.stjb-delasalle.fr\\\/site\\\/#\\\/schema\\\/person\\\/488931e369608278a3449956554f1b95\",\"name\":\"In\u00e8s Mesme\",\"image\":{\"@type\":\"ImageObject\",\"inLanguage\":\"fr-FR\",\"@id\":\"https:\\\/\\\/secure.gravatar.com\\\/avatar\\\/859620b3c1bbefca879d070bd0b05a0c78ce9805744f2aa7e35bcbd6fbf05512?s=96&d=mm&r=g\",\"url\":\"https:\\\/\\\/secure.gravatar.com\\\/avatar\\\/859620b3c1bbefca879d070bd0b05a0c78ce9805744f2aa7e35bcbd6fbf05512?s=96&d=mm&r=g\",\"contentUrl\":\"https:\\\/\\\/secure.gravatar.com\\\/avatar\\\/859620b3c1bbefca879d070bd0b05a0c78ce9805744f2aa7e35bcbd6fbf05512?s=96&d=mm&r=g\",\"caption\":\"In\u00e8s Mesme\"},\"sameAs\":[\"http:\\\/\\\/www.stjb-delasalle.fr\"],\"url\":\"https:\\\/\\\/www.stjb-delasalle.fr\\\/site\\\/author\\\/communication\\\/\"}]}<\/script>\n<!-- \/ Yoast SEO plugin. -->","yoast_head_json":{"title":"Coll\u00e8ge St Jean-Baptiste de La Salle - Le Rancher Teloch\u00e9","description":"Le Coll\u00e8ge St Jean-Baptiste de La Salle \u00e0 Teloch\u00e9 offre depuis 1973 un cadre \u00e9ducatif privil\u00e9gi\u00e9 et des projets innovants au service des \u00e9l\u00e8ves.","robots":{"index":"index","follow":"follow","max-snippet":"max-snippet:-1","max-image-preview":"max-image-preview:large","max-video-preview":"max-video-preview:-1"},"canonical":"https:\/\/www.stjb-delasalle.fr\/site\/2026\/01\/20\/concours-photo\/","og_locale":"fr_FR","og_type":"article","og_title":"Coll\u00e8ge St Jean-Baptiste de La Salle - Le Rancher Teloch\u00e9","og_description":"Le Coll\u00e8ge St Jean-Baptiste de La Salle \u00e0 Teloch\u00e9 offre depuis 1973 un cadre \u00e9ducatif privil\u00e9gi\u00e9 et des projets innovants au service des \u00e9l\u00e8ves.","og_url":"https:\/\/www.stjb-delasalle.fr\/site\/2026\/01\/20\/concours-photo\/","og_site_name":"Coll\u00e8ge Saint Jean Baptiste de La Salle","article_published_time":"2026-01-20T17:14:21+00:00","article_modified_time":"2026-01-27T09:14:47+00:00","og_image":[{"width":1920,"height":1280,"url":"https:\/\/www.stjb-delasalle.fr\/site\/wp-content\/uploads\/2026\/01\/DSC06750.jpg","type":"image\/jpeg"}],"author":"In\u00e8s Mesme","twitter_card":"summary_large_image","twitter_misc":{"\u00c9crit par":"In\u00e8s Mesme","Dur\u00e9e de lecture estim\u00e9e":"3 minutes"},"schema":{"@context":"https:\/\/schema.org","@graph":[{"@type":"Article","@id":"https:\/\/www.stjb-delasalle.fr\/site\/2026\/01\/20\/concours-photo\/#article","isPartOf":{"@id":"https:\/\/www.stjb-delasalle.fr\/site\/2026\/01\/20\/concours-photo\/"},"author":{"name":"In\u00e8s Mesme","@id":"https:\/\/www.stjb-delasalle.fr\/site\/#\/schema\/person\/488931e369608278a3449956554f1b95"},"headline":"Concours photo","datePublished":"2026-01-20T17:14:21+00:00","dateModified":"2026-01-27T09:14:47+00:00","mainEntityOfPage":{"@id":"https:\/\/www.stjb-delasalle.fr\/site\/2026\/01\/20\/concours-photo\/"},"wordCount":182,"commentCount":0,"publisher":{"@id":"https:\/\/www.stjb-delasalle.fr\/site\/#organization"},"image":{"@id":"https:\/\/www.stjb-delasalle.fr\/site\/2026\/01\/20\/concours-photo\/#primaryimage"},"thumbnailUrl":"https:\/\/www.stjb-delasalle.fr\/site\/wp-content\/uploads\/2026\/01\/DSC06750.jpg","articleSection":["Activit\u00e9s 5e","Coll\u00e8ge","Vie scolaire"],"inLanguage":"fr-FR","potentialAction":[{"@type":"CommentAction","name":"Comment","target":["https:\/\/www.stjb-delasalle.fr\/site\/2026\/01\/20\/concours-photo\/#respond"]}]},{"@type":"WebPage","@id":"https:\/\/www.stjb-delasalle.fr\/site\/2026\/01\/20\/concours-photo\/","url":"https:\/\/www.stjb-delasalle.fr\/site\/2026\/01\/20\/concours-photo\/","name":"Coll\u00e8ge St Jean-Baptiste de La Salle - Le Rancher Teloch\u00e9","isPartOf":{"@id":"https:\/\/www.stjb-delasalle.fr\/site\/#website"},"primaryImageOfPage":{"@id":"https:\/\/www.stjb-delasalle.fr\/site\/2026\/01\/20\/concours-photo\/#primaryimage"},"image":{"@id":"https:\/\/www.stjb-delasalle.fr\/site\/2026\/01\/20\/concours-photo\/#primaryimage"},"thumbnailUrl":"https:\/\/www.stjb-delasalle.fr\/site\/wp-content\/uploads\/2026\/01\/DSC06750.jpg","datePublished":"2026-01-20T17:14:21+00:00","dateModified":"2026-01-27T09:14:47+00:00","description":"Le Coll\u00e8ge St Jean-Baptiste de La Salle \u00e0 Teloch\u00e9 offre depuis 1973 un cadre \u00e9ducatif privil\u00e9gi\u00e9 et des projets innovants au service des \u00e9l\u00e8ves.","breadcrumb":{"@id":"https:\/\/www.stjb-delasalle.fr\/site\/2026\/01\/20\/concours-photo\/#breadcrumb"},"inLanguage":"fr-FR","potentialAction":[{"@type":"ReadAction","target":["https:\/\/www.stjb-delasalle.fr\/site\/2026\/01\/20\/concours-photo\/"]}]},{"@type":"ImageObject","inLanguage":"fr-FR","@id":"https:\/\/www.stjb-delasalle.fr\/site\/2026\/01\/20\/concours-photo\/#primaryimage","url":"https:\/\/www.stjb-delasalle.fr\/site\/wp-content\/uploads\/2026\/01\/DSC06750.jpg","contentUrl":"https:\/\/www.stjb-delasalle.fr\/site\/wp-content\/uploads\/2026\/01\/DSC06750.jpg","width":1920,"height":1280},{"@type":"BreadcrumbList","@id":"https:\/\/www.stjb-delasalle.fr\/site\/2026\/01\/20\/concours-photo\/#breadcrumb","itemListElement":[{"@type":"ListItem","position":1,"name":"Accueil","item":"https:\/\/www.stjb-delasalle.fr\/site\/"},{"@type":"ListItem","position":2,"name":"Concours photo"}]},{"@type":"WebSite","@id":"https:\/\/www.stjb-delasalle.fr\/site\/#website","url":"https:\/\/www.stjb-delasalle.fr\/site\/","name":"Coll\u00e8ge Saint Jean Baptiste de La Salle","description":"Notre coll\u00e8ge vous accueille sur le site du Rancher \u00e0 Teloch\u00e9","publisher":{"@id":"https:\/\/www.stjb-delasalle.fr\/site\/#organization"},"potentialAction":[{"@type":"SearchAction","target":{"@type":"EntryPoint","urlTemplate":"https:\/\/www.stjb-delasalle.fr\/site\/?s={search_term_string}"},"query-input":{"@type":"PropertyValueSpecification","valueRequired":true,"valueName":"search_term_string"}}],"inLanguage":"fr-FR"},{"@type":"Organization","@id":"https:\/\/www.stjb-delasalle.fr\/site\/#organization","name":"Coll\u00e8ge Saint Jean Baptiste de La Salle","url":"https:\/\/www.stjb-delasalle.fr\/site\/","logo":{"@type":"ImageObject","inLanguage":"fr-FR","@id":"https:\/\/www.stjb-delasalle.fr\/site\/#\/schema\/logo\/image\/","url":"https:\/\/www.stjb-delasalle.fr\/site\/wp-content\/uploads\/2021\/11\/logostjb_petit_transp.png","contentUrl":"https:\/\/www.stjb-delasalle.fr\/site\/wp-content\/uploads\/2021\/11\/logostjb_petit_transp.png","width":180,"height":127,"caption":"Coll\u00e8ge Saint Jean Baptiste de La Salle"},"image":{"@id":"https:\/\/www.stjb-delasalle.fr\/site\/#\/schema\/logo\/image\/"}},{"@type":"Person","@id":"https:\/\/www.stjb-delasalle.fr\/site\/#\/schema\/person\/488931e369608278a3449956554f1b95","name":"In\u00e8s Mesme","image":{"@type":"ImageObject","inLanguage":"fr-FR","@id":"https:\/\/secure.gravatar.com\/avatar\/859620b3c1bbefca879d070bd0b05a0c78ce9805744f2aa7e35bcbd6fbf05512?s=96&d=mm&r=g","url":"https:\/\/secure.gravatar.com\/avatar\/859620b3c1bbefca879d070bd0b05a0c78ce9805744f2aa7e35bcbd6fbf05512?s=96&d=mm&r=g","contentUrl":"https:\/\/secure.gravatar.com\/avatar\/859620b3c1bbefca879d070bd0b05a0c78ce9805744f2aa7e35bcbd6fbf05512?s=96&d=mm&r=g","caption":"In\u00e8s Mesme"},"sameAs":["http:\/\/www.stjb-delasalle.fr"],"url":"https:\/\/www.stjb-delasalle.fr\/site\/author\/communication\/"}]}},"_links":{"self":[{"href":"https:\/\/www.stjb-delasalle.fr\/site\/wp-json\/wp\/v2\/posts\/18734","targetHints":{"allow":["GET"]}}],"collection":[{"href":"https:\/\/www.stjb-delasalle.fr\/site\/wp-json\/wp\/v2\/posts"}],"about":[{"href":"https:\/\/www.stjb-delasalle.fr\/site\/wp-json\/wp\/v2\/types\/post"}],"author":[{"embeddable":true,"href":"https:\/\/www.stjb-delasalle.fr\/site\/wp-json\/wp\/v2\/users\/5"}],"replies":[{"embeddable":true,"href":"https:\/\/www.stjb-delasalle.fr\/site\/wp-json\/wp\/v2\/comments?post=18734"}],"version-history":[{"count":2,"href":"https:\/\/www.stjb-delasalle.fr\/site\/wp-json\/wp\/v2\/posts\/18734\/revisions"}],"predecessor-version":[{"id":18743,"href":"https:\/\/www.stjb-delasalle.fr\/site\/wp-json\/wp\/v2\/posts\/18734\/revisions\/18743"}],"wp:featuredmedia":[{"embeddable":true,"href":"https:\/\/www.stjb-delasalle.fr\/site\/wp-json\/wp\/v2\/media\/18744"}],"wp:attachment":[{"href":"https:\/\/www.stjb-delasalle.fr\/site\/wp-json\/wp\/v2\/media?parent=18734"}],"wp:term":[{"taxonomy":"category","embeddable":true,"href":"https:\/\/www.stjb-delasalle.fr\/site\/wp-json\/wp\/v2\/categories?post=18734"},{"taxonomy":"post_tag","embeddable":true,"href":"https:\/\/www.stjb-delasalle.fr\/site\/wp-json\/wp\/v2\/tags?post=18734"}],"curies":[{"name":"wp","href":"https:\/\/api.w.org\/{rel}","templated":true}]}}