{"id":18576,"date":"2025-12-16T18:47:12","date_gmt":"2025-12-16T18:47:12","guid":{"rendered":"https:\/\/www.stjb-delasalle.fr\/site\/?p=18576"},"modified":"2025-12-16T15:51:04","modified_gmt":"2025-12-16T15:51:04","slug":"journee-culturelle-au-mans-pour-les-eleves-de-quatrieme-du-parcours-renforce","status":"publish","type":"post","link":"https:\/\/www.stjb-delasalle.fr\/site\/2025\/12\/16\/journee-culturelle-au-mans-pour-les-eleves-de-quatrieme-du-parcours-renforce\/","title":{"rendered":"Journ\u00e9e culturelle au Mans pour les \u00e9l\u00e8ves de quatri\u00e8me du parcours renforc\u00e9"},"content":{"rendered":"<h1 class=\"text-2xl font-bold mt-1 text-text-100\">D\u00e9couverte du Mus\u00e9e de Tess\u00e9 et du FIAA<\/h1>\n<p>&nbsp;<\/p>\n<p data-start=\"95\" data-end=\"340\">Mardi 16 d\u00e9cembre, les \u00e9l\u00e8ves de quatri\u00e8me du parcours renforc\u00e9 en arts plastiques ont particip\u00e9 \u00e0 une sortie culturelle au Mans sur la journ\u00e9e. Cette sortie avait pour objectif de leur faire d\u00e9couvrir deux structures culturelles de proximit\u00e9.<\/p>\n<p data-start=\"342\" data-end=\"598\">La matin\u00e9e s\u2019est d\u00e9roul\u00e9e au Mus\u00e9e de Tess\u00e9, o\u00f9 les \u00e9l\u00e8ves ont b\u00e9n\u00e9fici\u00e9 de deux visites guid\u00e9es : l\u2019exposition temporaire de Carole Benzaken ainsi que la galerie \u00e9gyptienne. Ces d\u00e9couvertes ont suscit\u00e9 beaucoup d\u2019int\u00e9r\u00eat et d\u2019\u00e9changes au sein du groupe.<\/p>\n<p data-start=\"600\" data-end=\"844\">L\u2019apr\u00e8s-midi, les \u00e9l\u00e8ves se sont rendus \u00e0 la Visitation pour visiter le FIAA (Fonds International d\u2019Art Actuel). Ils ont d\u00e9couvert l\u2019exposition temporaire de Yoann Merienne lors d\u2019une visite guid\u00e9e, suivie d\u2019un atelier de pratique artistique.<\/p>\n<p data-start=\"846\" data-end=\"947\" data-is-last-node=\"\" data-is-only-node=\"\">Cette journ\u00e9e culturelle, \u00e0 la fois enrichissante et conviviale, a \u00e9t\u00e9 tr\u00e8s appr\u00e9ci\u00e9e par les \u00e9l\u00e8ves.<\/p>\n<p data-start=\"846\" data-end=\"947\" data-is-last-node=\"\" data-is-only-node=\"\"><img fetchpriority=\"high\" decoding=\"async\" class=\"alignnone wp-image-18614 size-medium\" style=\"font-weight: inherit;\" src=\"https:\/\/www.stjb-delasalle.fr\/site\/wp-content\/uploads\/2025\/12\/Sans-titre-1-Recupere-2-e1765900107264-300x235.jpg\" alt=\"\" width=\"300\" height=\"235\" srcset=\"https:\/\/www.stjb-delasalle.fr\/site\/wp-content\/uploads\/2025\/12\/Sans-titre-1-Recupere-2-e1765900107264-300x235.jpg 300w, https:\/\/www.stjb-delasalle.fr\/site\/wp-content\/uploads\/2025\/12\/Sans-titre-1-Recupere-2-e1765900107264-1024x802.jpg 1024w, https:\/\/www.stjb-delasalle.fr\/site\/wp-content\/uploads\/2025\/12\/Sans-titre-1-Recupere-2-e1765900107264-768x601.jpg 768w, https:\/\/www.stjb-delasalle.fr\/site\/wp-content\/uploads\/2025\/12\/Sans-titre-1-Recupere-2-e1765900107264.jpg 1354w\" sizes=\"(max-width: 300px) 100vw, 300px\" \/> \u00a0<img decoding=\"async\" class=\"alignnone wp-image-18613\" src=\"https:\/\/www.stjb-delasalle.fr\/site\/wp-content\/uploads\/2025\/12\/IMG_0827-300x225.jpeg\" alt=\"\" width=\"315\" height=\"236\" srcset=\"https:\/\/www.stjb-delasalle.fr\/site\/wp-content\/uploads\/2025\/12\/IMG_0827-300x225.jpeg 300w, https:\/\/www.stjb-delasalle.fr\/site\/wp-content\/uploads\/2025\/12\/IMG_0827-1024x768.jpeg 1024w, https:\/\/www.stjb-delasalle.fr\/site\/wp-content\/uploads\/2025\/12\/IMG_0827-768x576.jpeg 768w, https:\/\/www.stjb-delasalle.fr\/site\/wp-content\/uploads\/2025\/12\/IMG_0827-1536x1152.jpeg 1536w, https:\/\/www.stjb-delasalle.fr\/site\/wp-content\/uploads\/2025\/12\/IMG_0827-640x480.jpeg 640w, https:\/\/www.stjb-delasalle.fr\/site\/wp-content\/uploads\/2025\/12\/IMG_0827.jpeg 1920w\" sizes=\"(max-width: 315px) 100vw, 315px\" \/> \u00a0\u00a0<img decoding=\"async\" class=\"alignnone wp-image-18616 \" src=\"https:\/\/www.stjb-delasalle.fr\/site\/wp-content\/uploads\/2025\/12\/IMG_0807-e1765900150343-300x245.jpg\" alt=\"\" width=\"289\" height=\"236\" srcset=\"https:\/\/www.stjb-delasalle.fr\/site\/wp-content\/uploads\/2025\/12\/IMG_0807-e1765900150343-300x245.jpg 300w, https:\/\/www.stjb-delasalle.fr\/site\/wp-content\/uploads\/2025\/12\/IMG_0807-e1765900150343-1024x838.jpg 1024w, https:\/\/www.stjb-delasalle.fr\/site\/wp-content\/uploads\/2025\/12\/IMG_0807-e1765900150343-768x628.jpg 768w, https:\/\/www.stjb-delasalle.fr\/site\/wp-content\/uploads\/2025\/12\/IMG_0807-e1765900150343.jpg 1440w\" sizes=\"(max-width: 289px) 100vw, 289px\" \/> \u00a0<img loading=\"lazy\" decoding=\"async\" class=\"alignnone wp-image-18617 \" src=\"https:\/\/www.stjb-delasalle.fr\/site\/wp-content\/uploads\/2025\/12\/IMG_0833-e1765900184213-300x241.jpg\" alt=\"\" width=\"294\" height=\"236\" srcset=\"https:\/\/www.stjb-delasalle.fr\/site\/wp-content\/uploads\/2025\/12\/IMG_0833-e1765900184213-300x241.jpg 300w, https:\/\/www.stjb-delasalle.fr\/site\/wp-content\/uploads\/2025\/12\/IMG_0833-e1765900184213-1024x821.jpg 1024w, https:\/\/www.stjb-delasalle.fr\/site\/wp-content\/uploads\/2025\/12\/IMG_0833-e1765900184213-768x616.jpg 768w, https:\/\/www.stjb-delasalle.fr\/site\/wp-content\/uploads\/2025\/12\/IMG_0833-e1765900184213.jpg 1440w\" sizes=\"(max-width: 294px) 100vw, 294px\" \/><\/p>\n<div dir=\"ltr\"><\/div>\n<div dir=\"ltr\"><\/div>\n<div dir=\"ltr\"><\/div>\n<p><img decoding=\"async\" class=\"alignnone size-full wp-image-18105\" src=\"https:\/\/www.stjb-delasalle.fr\/site\/wp-content\/uploads\/2025\/09\/20250901_122200165_iOS.heic\" alt=\"\" \/><!--more--><\/p>\n","protected":false},"excerpt":{"rendered":"<p>D\u00e9couverte du Mus\u00e9e de Tess\u00e9 et du FIAA &nbsp; Mardi 16 d\u00e9cembre, les \u00e9l\u00e8ves de quatri\u00e8me du parcours renforc\u00e9 en arts plastiques ont particip\u00e9 \u00e0 une sortie culturelle au Mans sur la journ\u00e9e. Cette sortie avait pour objectif de leur faire d\u00e9couvrir deux structures culturelles de proximit\u00e9. La matin\u00e9e s\u2019est d\u00e9roul\u00e9e au Mus\u00e9e de Tess\u00e9, [&hellip;]<\/p>\n","protected":false},"author":5,"featured_media":18615,"comment_status":"open","ping_status":"open","sticky":false,"template":"","format":"standard","meta":{"site-sidebar-layout":"default","site-content-layout":"","ast-site-content-layout":"default","site-content-style":"default","site-sidebar-style":"default","ast-global-header-display":"","ast-banner-title-visibility":"","ast-main-header-display":"","ast-hfb-above-header-display":"","ast-hfb-below-header-display":"","ast-hfb-mobile-header-display":"","site-post-title":"","ast-breadcrumbs-content":"","ast-featured-img":"","footer-sml-layout":"","ast-disable-related-posts":"","theme-transparent-header-meta":"default","adv-header-id-meta":"","stick-header-meta":"","header-above-stick-meta":"","header-main-stick-meta":"","header-below-stick-meta":"","astra-migrate-meta-layouts":"set","ast-page-background-enabled":"default","ast-page-background-meta":{"desktop":{"background-color":"var(--ast-global-color-4)","background-image":"","background-repeat":"repeat","background-position":"center center","background-size":"auto","background-attachment":"scroll","background-type":"","background-media":"","overlay-type":"","overlay-color":"","overlay-opacity":"","overlay-gradient":""},"tablet":{"background-color":"","background-image":"","background-repeat":"repeat","background-position":"center center","background-size":"auto","background-attachment":"scroll","background-type":"","background-media":"","overlay-type":"","overlay-color":"","overlay-opacity":"","overlay-gradient":""},"mobile":{"background-color":"","background-image":"","background-repeat":"repeat","background-position":"center center","background-size":"auto","background-attachment":"scroll","background-type":"","background-media":"","overlay-type":"","overlay-color":"","overlay-opacity":"","overlay-gradient":""}},"ast-content-background-meta":{"desktop":{"background-color":"var(--ast-global-color-5)","background-image":"","background-repeat":"repeat","background-position":"center center","background-size":"auto","background-attachment":"scroll","background-type":"","background-media":"","overlay-type":"","overlay-color":"","overlay-opacity":"","overlay-gradient":""},"tablet":{"background-color":"var(--ast-global-color-5)","background-image":"","background-repeat":"repeat","background-position":"center center","background-size":"auto","background-attachment":"scroll","background-type":"","background-media":"","overlay-type":"","overlay-color":"","overlay-opacity":"","overlay-gradient":""},"mobile":{"background-color":"var(--ast-global-color-5)","background-image":"","background-repeat":"repeat","background-position":"center center","background-size":"auto","background-attachment":"scroll","background-type":"","background-media":"","overlay-type":"","overlay-color":"","overlay-opacity":"","overlay-gradient":""}},"footnotes":""},"categories":[59,6,99],"tags":[],"class_list":["post-18576","post","type-post","status-publish","format-standard","has-post-thumbnail","hentry","category-activites-4e","category-college","category-option-arts-2024-2025"],"yoast_head":"<!-- This site is optimized with the Yoast SEO plugin v27.5 - https:\/\/yoast.com\/product\/yoast-seo-wordpress\/ -->\n<title>Coll\u00e8ge St Jean-Baptiste de La Salle - Le Rancher Teloch\u00e9<\/title>\n<meta name=\"description\" content=\"Le Coll\u00e8ge St Jean-Baptiste de La Salle \u00e0 Teloch\u00e9 offre depuis 1973 un cadre \u00e9ducatif privil\u00e9gi\u00e9 et des projets innovants au service des \u00e9l\u00e8ves.\" \/>\n<meta name=\"robots\" content=\"index, follow, max-snippet:-1, max-image-preview:large, max-video-preview:-1\" \/>\n<link rel=\"canonical\" href=\"https:\/\/www.stjb-delasalle.fr\/site\/2025\/12\/16\/journee-culturelle-au-mans-pour-les-eleves-de-quatrieme-du-parcours-renforce\/\" \/>\n<meta property=\"og:locale\" content=\"fr_FR\" \/>\n<meta property=\"og:type\" content=\"article\" \/>\n<meta property=\"og:title\" content=\"Coll\u00e8ge St Jean-Baptiste de La Salle - Le Rancher Teloch\u00e9\" \/>\n<meta property=\"og:description\" content=\"Le Coll\u00e8ge St Jean-Baptiste de La Salle \u00e0 Teloch\u00e9 offre depuis 1973 un cadre \u00e9ducatif privil\u00e9gi\u00e9 et des projets innovants au service des \u00e9l\u00e8ves.\" \/>\n<meta property=\"og:url\" content=\"https:\/\/www.stjb-delasalle.fr\/site\/2025\/12\/16\/journee-culturelle-au-mans-pour-les-eleves-de-quatrieme-du-parcours-renforce\/\" \/>\n<meta property=\"og:site_name\" content=\"Coll\u00e8ge Saint Jean Baptiste de La Salle\" \/>\n<meta property=\"article:published_time\" content=\"2025-12-16T18:47:12+00:00\" \/>\n<meta property=\"og:image\" content=\"https:\/\/www.stjb-delasalle.fr\/site\/wp-content\/uploads\/2025\/12\/IMG_0805-e1765900082153.jpg\" \/>\n\t<meta property=\"og:image:width\" content=\"1440\" \/>\n\t<meta property=\"og:image:height\" content=\"1140\" \/>\n\t<meta property=\"og:image:type\" content=\"image\/jpeg\" \/>\n<meta name=\"author\" content=\"In\u00e8s Mesme\" \/>\n<meta name=\"twitter:card\" content=\"summary_large_image\" \/>\n<meta name=\"twitter:label1\" content=\"\u00c9crit par\" \/>\n\t<meta name=\"twitter:data1\" content=\"In\u00e8s Mesme\" \/>\n\t<meta name=\"twitter:label2\" content=\"Dur\u00e9e de lecture estim\u00e9e\" \/>\n\t<meta name=\"twitter:data2\" content=\"2 minutes\" \/>\n<script type=\"application\/ld+json\" class=\"yoast-schema-graph\">{\"@context\":\"https:\\\/\\\/schema.org\",\"@graph\":[{\"@type\":\"Article\",\"@id\":\"https:\\\/\\\/www.stjb-delasalle.fr\\\/site\\\/2025\\\/12\\\/16\\\/journee-culturelle-au-mans-pour-les-eleves-de-quatrieme-du-parcours-renforce\\\/#article\",\"isPartOf\":{\"@id\":\"https:\\\/\\\/www.stjb-delasalle.fr\\\/site\\\/2025\\\/12\\\/16\\\/journee-culturelle-au-mans-pour-les-eleves-de-quatrieme-du-parcours-renforce\\\/\"},\"author\":{\"name\":\"In\u00e8s Mesme\",\"@id\":\"https:\\\/\\\/www.stjb-delasalle.fr\\\/site\\\/#\\\/schema\\\/person\\\/488931e369608278a3449956554f1b95\"},\"headline\":\"Journ\u00e9e culturelle au Mans pour les \u00e9l\u00e8ves de quatri\u00e8me du parcours renforc\u00e9\",\"datePublished\":\"2025-12-16T18:47:12+00:00\",\"mainEntityOfPage\":{\"@id\":\"https:\\\/\\\/www.stjb-delasalle.fr\\\/site\\\/2025\\\/12\\\/16\\\/journee-culturelle-au-mans-pour-les-eleves-de-quatrieme-du-parcours-renforce\\\/\"},\"wordCount\":184,\"commentCount\":0,\"publisher\":{\"@id\":\"https:\\\/\\\/www.stjb-delasalle.fr\\\/site\\\/#organization\"},\"image\":{\"@id\":\"https:\\\/\\\/www.stjb-delasalle.fr\\\/site\\\/2025\\\/12\\\/16\\\/journee-culturelle-au-mans-pour-les-eleves-de-quatrieme-du-parcours-renforce\\\/#primaryimage\"},\"thumbnailUrl\":\"https:\\\/\\\/www.stjb-delasalle.fr\\\/site\\\/wp-content\\\/uploads\\\/2025\\\/12\\\/IMG_0805-e1765900082153.jpg\",\"articleSection\":[\"Activit\u00e9s 4e\",\"Coll\u00e8ge\",\"Option arts 2024-2025\"],\"inLanguage\":\"fr-FR\",\"potentialAction\":[{\"@type\":\"CommentAction\",\"name\":\"Comment\",\"target\":[\"https:\\\/\\\/www.stjb-delasalle.fr\\\/site\\\/2025\\\/12\\\/16\\\/journee-culturelle-au-mans-pour-les-eleves-de-quatrieme-du-parcours-renforce\\\/#respond\"]}]},{\"@type\":\"WebPage\",\"@id\":\"https:\\\/\\\/www.stjb-delasalle.fr\\\/site\\\/2025\\\/12\\\/16\\\/journee-culturelle-au-mans-pour-les-eleves-de-quatrieme-du-parcours-renforce\\\/\",\"url\":\"https:\\\/\\\/www.stjb-delasalle.fr\\\/site\\\/2025\\\/12\\\/16\\\/journee-culturelle-au-mans-pour-les-eleves-de-quatrieme-du-parcours-renforce\\\/\",\"name\":\"Coll\u00e8ge St Jean-Baptiste de La Salle - Le Rancher Teloch\u00e9\",\"isPartOf\":{\"@id\":\"https:\\\/\\\/www.stjb-delasalle.fr\\\/site\\\/#website\"},\"primaryImageOfPage\":{\"@id\":\"https:\\\/\\\/www.stjb-delasalle.fr\\\/site\\\/2025\\\/12\\\/16\\\/journee-culturelle-au-mans-pour-les-eleves-de-quatrieme-du-parcours-renforce\\\/#primaryimage\"},\"image\":{\"@id\":\"https:\\\/\\\/www.stjb-delasalle.fr\\\/site\\\/2025\\\/12\\\/16\\\/journee-culturelle-au-mans-pour-les-eleves-de-quatrieme-du-parcours-renforce\\\/#primaryimage\"},\"thumbnailUrl\":\"https:\\\/\\\/www.stjb-delasalle.fr\\\/site\\\/wp-content\\\/uploads\\\/2025\\\/12\\\/IMG_0805-e1765900082153.jpg\",\"datePublished\":\"2025-12-16T18:47:12+00:00\",\"description\":\"Le Coll\u00e8ge St Jean-Baptiste de La Salle \u00e0 Teloch\u00e9 offre depuis 1973 un cadre \u00e9ducatif privil\u00e9gi\u00e9 et des projets innovants au service des \u00e9l\u00e8ves.\",\"breadcrumb\":{\"@id\":\"https:\\\/\\\/www.stjb-delasalle.fr\\\/site\\\/2025\\\/12\\\/16\\\/journee-culturelle-au-mans-pour-les-eleves-de-quatrieme-du-parcours-renforce\\\/#breadcrumb\"},\"inLanguage\":\"fr-FR\",\"potentialAction\":[{\"@type\":\"ReadAction\",\"target\":[\"https:\\\/\\\/www.stjb-delasalle.fr\\\/site\\\/2025\\\/12\\\/16\\\/journee-culturelle-au-mans-pour-les-eleves-de-quatrieme-du-parcours-renforce\\\/\"]}]},{\"@type\":\"ImageObject\",\"inLanguage\":\"fr-FR\",\"@id\":\"https:\\\/\\\/www.stjb-delasalle.fr\\\/site\\\/2025\\\/12\\\/16\\\/journee-culturelle-au-mans-pour-les-eleves-de-quatrieme-du-parcours-renforce\\\/#primaryimage\",\"url\":\"https:\\\/\\\/www.stjb-delasalle.fr\\\/site\\\/wp-content\\\/uploads\\\/2025\\\/12\\\/IMG_0805-e1765900082153.jpg\",\"contentUrl\":\"https:\\\/\\\/www.stjb-delasalle.fr\\\/site\\\/wp-content\\\/uploads\\\/2025\\\/12\\\/IMG_0805-e1765900082153.jpg\",\"width\":1440,\"height\":1140},{\"@type\":\"BreadcrumbList\",\"@id\":\"https:\\\/\\\/www.stjb-delasalle.fr\\\/site\\\/2025\\\/12\\\/16\\\/journee-culturelle-au-mans-pour-les-eleves-de-quatrieme-du-parcours-renforce\\\/#breadcrumb\",\"itemListElement\":[{\"@type\":\"ListItem\",\"position\":1,\"name\":\"Accueil\",\"item\":\"https:\\\/\\\/www.stjb-delasalle.fr\\\/site\\\/\"},{\"@type\":\"ListItem\",\"position\":2,\"name\":\"Journ\u00e9e culturelle au Mans pour les \u00e9l\u00e8ves de quatri\u00e8me du parcours renforc\u00e9\"}]},{\"@type\":\"WebSite\",\"@id\":\"https:\\\/\\\/www.stjb-delasalle.fr\\\/site\\\/#website\",\"url\":\"https:\\\/\\\/www.stjb-delasalle.fr\\\/site\\\/\",\"name\":\"Coll\u00e8ge Saint Jean Baptiste de La Salle\",\"description\":\"Notre coll\u00e8ge vous accueille sur le site du Rancher \u00e0 Teloch\u00e9\",\"publisher\":{\"@id\":\"https:\\\/\\\/www.stjb-delasalle.fr\\\/site\\\/#organization\"},\"potentialAction\":[{\"@type\":\"SearchAction\",\"target\":{\"@type\":\"EntryPoint\",\"urlTemplate\":\"https:\\\/\\\/www.stjb-delasalle.fr\\\/site\\\/?s={search_term_string}\"},\"query-input\":{\"@type\":\"PropertyValueSpecification\",\"valueRequired\":true,\"valueName\":\"search_term_string\"}}],\"inLanguage\":\"fr-FR\"},{\"@type\":\"Organization\",\"@id\":\"https:\\\/\\\/www.stjb-delasalle.fr\\\/site\\\/#organization\",\"name\":\"Coll\u00e8ge Saint Jean Baptiste de La Salle\",\"url\":\"https:\\\/\\\/www.stjb-delasalle.fr\\\/site\\\/\",\"logo\":{\"@type\":\"ImageObject\",\"inLanguage\":\"fr-FR\",\"@id\":\"https:\\\/\\\/www.stjb-delasalle.fr\\\/site\\\/#\\\/schema\\\/logo\\\/image\\\/\",\"url\":\"https:\\\/\\\/www.stjb-delasalle.fr\\\/site\\\/wp-content\\\/uploads\\\/2021\\\/11\\\/logostjb_petit_transp.png\",\"contentUrl\":\"https:\\\/\\\/www.stjb-delasalle.fr\\\/site\\\/wp-content\\\/uploads\\\/2021\\\/11\\\/logostjb_petit_transp.png\",\"width\":180,\"height\":127,\"caption\":\"Coll\u00e8ge Saint Jean Baptiste de La Salle\"},\"image\":{\"@id\":\"https:\\\/\\\/www.stjb-delasalle.fr\\\/site\\\/#\\\/schema\\\/logo\\\/image\\\/\"}},{\"@type\":\"Person\",\"@id\":\"https:\\\/\\\/www.stjb-delasalle.fr\\\/site\\\/#\\\/schema\\\/person\\\/488931e369608278a3449956554f1b95\",\"name\":\"In\u00e8s Mesme\",\"image\":{\"@type\":\"ImageObject\",\"inLanguage\":\"fr-FR\",\"@id\":\"https:\\\/\\\/secure.gravatar.com\\\/avatar\\\/859620b3c1bbefca879d070bd0b05a0c78ce9805744f2aa7e35bcbd6fbf05512?s=96&d=mm&r=g\",\"url\":\"https:\\\/\\\/secure.gravatar.com\\\/avatar\\\/859620b3c1bbefca879d070bd0b05a0c78ce9805744f2aa7e35bcbd6fbf05512?s=96&d=mm&r=g\",\"contentUrl\":\"https:\\\/\\\/secure.gravatar.com\\\/avatar\\\/859620b3c1bbefca879d070bd0b05a0c78ce9805744f2aa7e35bcbd6fbf05512?s=96&d=mm&r=g\",\"caption\":\"In\u00e8s Mesme\"},\"sameAs\":[\"http:\\\/\\\/www.stjb-delasalle.fr\"],\"url\":\"https:\\\/\\\/www.stjb-delasalle.fr\\\/site\\\/author\\\/communication\\\/\"}]}<\/script>\n<!-- \/ Yoast SEO plugin. -->","yoast_head_json":{"title":"Coll\u00e8ge St Jean-Baptiste de La Salle - Le Rancher Teloch\u00e9","description":"Le Coll\u00e8ge St Jean-Baptiste de La Salle \u00e0 Teloch\u00e9 offre depuis 1973 un cadre \u00e9ducatif privil\u00e9gi\u00e9 et des projets innovants au service des \u00e9l\u00e8ves.","robots":{"index":"index","follow":"follow","max-snippet":"max-snippet:-1","max-image-preview":"max-image-preview:large","max-video-preview":"max-video-preview:-1"},"canonical":"https:\/\/www.stjb-delasalle.fr\/site\/2025\/12\/16\/journee-culturelle-au-mans-pour-les-eleves-de-quatrieme-du-parcours-renforce\/","og_locale":"fr_FR","og_type":"article","og_title":"Coll\u00e8ge St Jean-Baptiste de La Salle - Le Rancher Teloch\u00e9","og_description":"Le Coll\u00e8ge St Jean-Baptiste de La Salle \u00e0 Teloch\u00e9 offre depuis 1973 un cadre \u00e9ducatif privil\u00e9gi\u00e9 et des projets innovants au service des \u00e9l\u00e8ves.","og_url":"https:\/\/www.stjb-delasalle.fr\/site\/2025\/12\/16\/journee-culturelle-au-mans-pour-les-eleves-de-quatrieme-du-parcours-renforce\/","og_site_name":"Coll\u00e8ge Saint Jean Baptiste de La Salle","article_published_time":"2025-12-16T18:47:12+00:00","og_image":[{"width":1440,"height":1140,"url":"https:\/\/www.stjb-delasalle.fr\/site\/wp-content\/uploads\/2025\/12\/IMG_0805-e1765900082153.jpg","type":"image\/jpeg"}],"author":"In\u00e8s Mesme","twitter_card":"summary_large_image","twitter_misc":{"\u00c9crit par":"In\u00e8s Mesme","Dur\u00e9e de lecture estim\u00e9e":"2 minutes"},"schema":{"@context":"https:\/\/schema.org","@graph":[{"@type":"Article","@id":"https:\/\/www.stjb-delasalle.fr\/site\/2025\/12\/16\/journee-culturelle-au-mans-pour-les-eleves-de-quatrieme-du-parcours-renforce\/#article","isPartOf":{"@id":"https:\/\/www.stjb-delasalle.fr\/site\/2025\/12\/16\/journee-culturelle-au-mans-pour-les-eleves-de-quatrieme-du-parcours-renforce\/"},"author":{"name":"In\u00e8s Mesme","@id":"https:\/\/www.stjb-delasalle.fr\/site\/#\/schema\/person\/488931e369608278a3449956554f1b95"},"headline":"Journ\u00e9e culturelle au Mans pour les \u00e9l\u00e8ves de quatri\u00e8me du parcours renforc\u00e9","datePublished":"2025-12-16T18:47:12+00:00","mainEntityOfPage":{"@id":"https:\/\/www.stjb-delasalle.fr\/site\/2025\/12\/16\/journee-culturelle-au-mans-pour-les-eleves-de-quatrieme-du-parcours-renforce\/"},"wordCount":184,"commentCount":0,"publisher":{"@id":"https:\/\/www.stjb-delasalle.fr\/site\/#organization"},"image":{"@id":"https:\/\/www.stjb-delasalle.fr\/site\/2025\/12\/16\/journee-culturelle-au-mans-pour-les-eleves-de-quatrieme-du-parcours-renforce\/#primaryimage"},"thumbnailUrl":"https:\/\/www.stjb-delasalle.fr\/site\/wp-content\/uploads\/2025\/12\/IMG_0805-e1765900082153.jpg","articleSection":["Activit\u00e9s 4e","Coll\u00e8ge","Option arts 2024-2025"],"inLanguage":"fr-FR","potentialAction":[{"@type":"CommentAction","name":"Comment","target":["https:\/\/www.stjb-delasalle.fr\/site\/2025\/12\/16\/journee-culturelle-au-mans-pour-les-eleves-de-quatrieme-du-parcours-renforce\/#respond"]}]},{"@type":"WebPage","@id":"https:\/\/www.stjb-delasalle.fr\/site\/2025\/12\/16\/journee-culturelle-au-mans-pour-les-eleves-de-quatrieme-du-parcours-renforce\/","url":"https:\/\/www.stjb-delasalle.fr\/site\/2025\/12\/16\/journee-culturelle-au-mans-pour-les-eleves-de-quatrieme-du-parcours-renforce\/","name":"Coll\u00e8ge St Jean-Baptiste de La Salle - Le Rancher Teloch\u00e9","isPartOf":{"@id":"https:\/\/www.stjb-delasalle.fr\/site\/#website"},"primaryImageOfPage":{"@id":"https:\/\/www.stjb-delasalle.fr\/site\/2025\/12\/16\/journee-culturelle-au-mans-pour-les-eleves-de-quatrieme-du-parcours-renforce\/#primaryimage"},"image":{"@id":"https:\/\/www.stjb-delasalle.fr\/site\/2025\/12\/16\/journee-culturelle-au-mans-pour-les-eleves-de-quatrieme-du-parcours-renforce\/#primaryimage"},"thumbnailUrl":"https:\/\/www.stjb-delasalle.fr\/site\/wp-content\/uploads\/2025\/12\/IMG_0805-e1765900082153.jpg","datePublished":"2025-12-16T18:47:12+00:00","description":"Le Coll\u00e8ge St Jean-Baptiste de La Salle \u00e0 Teloch\u00e9 offre depuis 1973 un cadre \u00e9ducatif privil\u00e9gi\u00e9 et des projets innovants au service des \u00e9l\u00e8ves.","breadcrumb":{"@id":"https:\/\/www.stjb-delasalle.fr\/site\/2025\/12\/16\/journee-culturelle-au-mans-pour-les-eleves-de-quatrieme-du-parcours-renforce\/#breadcrumb"},"inLanguage":"fr-FR","potentialAction":[{"@type":"ReadAction","target":["https:\/\/www.stjb-delasalle.fr\/site\/2025\/12\/16\/journee-culturelle-au-mans-pour-les-eleves-de-quatrieme-du-parcours-renforce\/"]}]},{"@type":"ImageObject","inLanguage":"fr-FR","@id":"https:\/\/www.stjb-delasalle.fr\/site\/2025\/12\/16\/journee-culturelle-au-mans-pour-les-eleves-de-quatrieme-du-parcours-renforce\/#primaryimage","url":"https:\/\/www.stjb-delasalle.fr\/site\/wp-content\/uploads\/2025\/12\/IMG_0805-e1765900082153.jpg","contentUrl":"https:\/\/www.stjb-delasalle.fr\/site\/wp-content\/uploads\/2025\/12\/IMG_0805-e1765900082153.jpg","width":1440,"height":1140},{"@type":"BreadcrumbList","@id":"https:\/\/www.stjb-delasalle.fr\/site\/2025\/12\/16\/journee-culturelle-au-mans-pour-les-eleves-de-quatrieme-du-parcours-renforce\/#breadcrumb","itemListElement":[{"@type":"ListItem","position":1,"name":"Accueil","item":"https:\/\/www.stjb-delasalle.fr\/site\/"},{"@type":"ListItem","position":2,"name":"Journ\u00e9e culturelle au Mans pour les \u00e9l\u00e8ves de quatri\u00e8me du parcours renforc\u00e9"}]},{"@type":"WebSite","@id":"https:\/\/www.stjb-delasalle.fr\/site\/#website","url":"https:\/\/www.stjb-delasalle.fr\/site\/","name":"Coll\u00e8ge Saint Jean Baptiste de La Salle","description":"Notre coll\u00e8ge vous accueille sur le site du Rancher \u00e0 Teloch\u00e9","publisher":{"@id":"https:\/\/www.stjb-delasalle.fr\/site\/#organization"},"potentialAction":[{"@type":"SearchAction","target":{"@type":"EntryPoint","urlTemplate":"https:\/\/www.stjb-delasalle.fr\/site\/?s={search_term_string}"},"query-input":{"@type":"PropertyValueSpecification","valueRequired":true,"valueName":"search_term_string"}}],"inLanguage":"fr-FR"},{"@type":"Organization","@id":"https:\/\/www.stjb-delasalle.fr\/site\/#organization","name":"Coll\u00e8ge Saint Jean Baptiste de La Salle","url":"https:\/\/www.stjb-delasalle.fr\/site\/","logo":{"@type":"ImageObject","inLanguage":"fr-FR","@id":"https:\/\/www.stjb-delasalle.fr\/site\/#\/schema\/logo\/image\/","url":"https:\/\/www.stjb-delasalle.fr\/site\/wp-content\/uploads\/2021\/11\/logostjb_petit_transp.png","contentUrl":"https:\/\/www.stjb-delasalle.fr\/site\/wp-content\/uploads\/2021\/11\/logostjb_petit_transp.png","width":180,"height":127,"caption":"Coll\u00e8ge Saint Jean Baptiste de La Salle"},"image":{"@id":"https:\/\/www.stjb-delasalle.fr\/site\/#\/schema\/logo\/image\/"}},{"@type":"Person","@id":"https:\/\/www.stjb-delasalle.fr\/site\/#\/schema\/person\/488931e369608278a3449956554f1b95","name":"In\u00e8s Mesme","image":{"@type":"ImageObject","inLanguage":"fr-FR","@id":"https:\/\/secure.gravatar.com\/avatar\/859620b3c1bbefca879d070bd0b05a0c78ce9805744f2aa7e35bcbd6fbf05512?s=96&d=mm&r=g","url":"https:\/\/secure.gravatar.com\/avatar\/859620b3c1bbefca879d070bd0b05a0c78ce9805744f2aa7e35bcbd6fbf05512?s=96&d=mm&r=g","contentUrl":"https:\/\/secure.gravatar.com\/avatar\/859620b3c1bbefca879d070bd0b05a0c78ce9805744f2aa7e35bcbd6fbf05512?s=96&d=mm&r=g","caption":"In\u00e8s Mesme"},"sameAs":["http:\/\/www.stjb-delasalle.fr"],"url":"https:\/\/www.stjb-delasalle.fr\/site\/author\/communication\/"}]}},"_links":{"self":[{"href":"https:\/\/www.stjb-delasalle.fr\/site\/wp-json\/wp\/v2\/posts\/18576","targetHints":{"allow":["GET"]}}],"collection":[{"href":"https:\/\/www.stjb-delasalle.fr\/site\/wp-json\/wp\/v2\/posts"}],"about":[{"href":"https:\/\/www.stjb-delasalle.fr\/site\/wp-json\/wp\/v2\/types\/post"}],"author":[{"embeddable":true,"href":"https:\/\/www.stjb-delasalle.fr\/site\/wp-json\/wp\/v2\/users\/5"}],"replies":[{"embeddable":true,"href":"https:\/\/www.stjb-delasalle.fr\/site\/wp-json\/wp\/v2\/comments?post=18576"}],"version-history":[{"count":5,"href":"https:\/\/www.stjb-delasalle.fr\/site\/wp-json\/wp\/v2\/posts\/18576\/revisions"}],"predecessor-version":[{"id":18638,"href":"https:\/\/www.stjb-delasalle.fr\/site\/wp-json\/wp\/v2\/posts\/18576\/revisions\/18638"}],"wp:featuredmedia":[{"embeddable":true,"href":"https:\/\/www.stjb-delasalle.fr\/site\/wp-json\/wp\/v2\/media\/18615"}],"wp:attachment":[{"href":"https:\/\/www.stjb-delasalle.fr\/site\/wp-json\/wp\/v2\/media?parent=18576"}],"wp:term":[{"taxonomy":"category","embeddable":true,"href":"https:\/\/www.stjb-delasalle.fr\/site\/wp-json\/wp\/v2\/categories?post=18576"},{"taxonomy":"post_tag","embeddable":true,"href":"https:\/\/www.stjb-delasalle.fr\/site\/wp-json\/wp\/v2\/tags?post=18576"}],"curies":[{"name":"wp","href":"https:\/\/api.w.org\/{rel}","templated":true}]}}