{"id":18388,"date":"2025-11-18T09:45:53","date_gmt":"2025-11-18T09:45:53","guid":{"rendered":"https:\/\/www.stjb-delasalle.fr\/site\/?p=18388"},"modified":"2025-11-26T08:23:48","modified_gmt":"2025-11-26T08:23:48","slug":"lancement-des-jeux-olympiques-de-la-diversite-linguistique","status":"publish","type":"post","link":"https:\/\/www.stjb-delasalle.fr\/site\/2025\/11\/18\/lancement-des-jeux-olympiques-de-la-diversite-linguistique\/","title":{"rendered":"Lancement des Jeux Olympiques de la Diversit\u00e9 Linguistique"},"content":{"rendered":"<h1 class=\"text-2xl font-bold mt-1 text-text-100\">\u00c0 la d\u00e9couverte des langues du monde<\/h1>\n<p>&nbsp;<\/p>\n<p>Les \u00e9l\u00e8ves de 4\u00e8me et de 3\u00e8me inscrits en LCE anglais (Langues et Cultures Europ\u00e9ennes) ont officiellement d\u00e9but\u00e9 leur participation aux Jeux Olympiques de la Diversit\u00e9 Linguistique. Ce concours national, organis\u00e9 par l\u2019AFaLaC et le CASNAV, propose des \u00e9nigmes faisant d\u00e9couvrir principalement des langues europ\u00e9ennes, tout en ouvrant aussi une fen\u00eatre sur d\u2019autres langues du monde.<\/p>\n<p>Pour cette premi\u00e8re \u00e9tape, les \u00e9l\u00e8ves ont explor\u00e9 le g\u00e9orgien, l\u2019ukrainien, l\u2019arm\u00e9nien, le hongrois et m\u00eame le baka (langue d\u2019Afrique centrale), \u00e0 travers des activit\u00e9s m\u00ealant logique, comparaison d\u2019alphabets et d\u00e9codage linguistique.<\/p>\n<p>Objectif : d\u00e9velopper la curiosit\u00e9, l\u2019esprit d\u2019analyse et une meilleure compr\u00e9hension du fonctionnement des langues. Les \u00e9preuves se poursuivront jusqu\u2019en mai 2026, les groupes de 4\u00e8me et de 3\u00e8me concourant chacun de leur c\u00f4t\u00e9.<\/p>\n<p>&nbsp;<\/p>\n<p>Un beau d\u00e9fi motivant pour nos \u00e9l\u00e8ves linguistes !<\/p>\n<p>&nbsp;<\/p>\n<div dir=\"ltr\" data-olk-copy-source=\"MessageBody\">\n<div dir=\"ltr\" data-olk-copy-source=\"MessageBody\">\n<div>\n<h1 class=\"text-2xl font-bold mt-1 text-text-100\" style=\"font-style: normal;\"><img fetchpriority=\"high\" decoding=\"async\" class=\"alignnone size-medium wp-image-18390\" src=\"https:\/\/www.stjb-delasalle.fr\/site\/wp-content\/uploads\/2025\/11\/IMG_3405-300x225.jpg\" alt=\"\" width=\"300\" height=\"225\" srcset=\"https:\/\/www.stjb-delasalle.fr\/site\/wp-content\/uploads\/2025\/11\/IMG_3405-300x225.jpg 300w, https:\/\/www.stjb-delasalle.fr\/site\/wp-content\/uploads\/2025\/11\/IMG_3405-1024x768.jpg 1024w, https:\/\/www.stjb-delasalle.fr\/site\/wp-content\/uploads\/2025\/11\/IMG_3405-768x576.jpg 768w, https:\/\/www.stjb-delasalle.fr\/site\/wp-content\/uploads\/2025\/11\/IMG_3405-1536x1152.jpg 1536w, https:\/\/www.stjb-delasalle.fr\/site\/wp-content\/uploads\/2025\/11\/IMG_3405-640x480.jpg 640w, https:\/\/www.stjb-delasalle.fr\/site\/wp-content\/uploads\/2025\/11\/IMG_3405.jpg 1920w\" sizes=\"(max-width: 300px) 100vw, 300px\" \/> \u00a0<img decoding=\"async\" class=\"alignnone size-medium wp-image-18392\" style=\"font-size: 2em;\" src=\"https:\/\/www.stjb-delasalle.fr\/site\/wp-content\/uploads\/2025\/11\/IMG_3399-300x225.jpg\" alt=\"\" width=\"300\" height=\"225\" srcset=\"https:\/\/www.stjb-delasalle.fr\/site\/wp-content\/uploads\/2025\/11\/IMG_3399-300x225.jpg 300w, https:\/\/www.stjb-delasalle.fr\/site\/wp-content\/uploads\/2025\/11\/IMG_3399-1024x768.jpg 1024w, https:\/\/www.stjb-delasalle.fr\/site\/wp-content\/uploads\/2025\/11\/IMG_3399-768x576.jpg 768w, https:\/\/www.stjb-delasalle.fr\/site\/wp-content\/uploads\/2025\/11\/IMG_3399-1536x1152.jpg 1536w, https:\/\/www.stjb-delasalle.fr\/site\/wp-content\/uploads\/2025\/11\/IMG_3399-640x480.jpg 640w, https:\/\/www.stjb-delasalle.fr\/site\/wp-content\/uploads\/2025\/11\/IMG_3399.jpg 1920w\" sizes=\"(max-width: 300px) 100vw, 300px\" \/> \u00a0<img decoding=\"async\" class=\"alignnone size-medium wp-image-18393\" style=\"font-size: 2em;\" src=\"https:\/\/www.stjb-delasalle.fr\/site\/wp-content\/uploads\/2025\/11\/20251118_103323123_iOS-300x225.jpg\" alt=\"\" width=\"300\" height=\"225\" srcset=\"https:\/\/www.stjb-delasalle.fr\/site\/wp-content\/uploads\/2025\/11\/20251118_103323123_iOS-300x225.jpg 300w, https:\/\/www.stjb-delasalle.fr\/site\/wp-content\/uploads\/2025\/11\/20251118_103323123_iOS-1024x768.jpg 1024w, https:\/\/www.stjb-delasalle.fr\/site\/wp-content\/uploads\/2025\/11\/20251118_103323123_iOS-768x576.jpg 768w, https:\/\/www.stjb-delasalle.fr\/site\/wp-content\/uploads\/2025\/11\/20251118_103323123_iOS-1536x1152.jpg 1536w, https:\/\/www.stjb-delasalle.fr\/site\/wp-content\/uploads\/2025\/11\/20251118_103323123_iOS-640x480.jpg 640w, https:\/\/www.stjb-delasalle.fr\/site\/wp-content\/uploads\/2025\/11\/20251118_103323123_iOS.jpg 1920w\" sizes=\"(max-width: 300px) 100vw, 300px\" \/><\/h1>\n<\/div>\n<div><\/div>\n<\/div>\n<\/div>\n<div dir=\"ltr\"><\/div>\n<div dir=\"ltr\"><\/div>\n<div dir=\"ltr\"><\/div>\n<p><img decoding=\"async\" class=\"alignnone size-full wp-image-18105\" src=\"https:\/\/www.stjb-delasalle.fr\/site\/wp-content\/uploads\/2025\/09\/20250901_122200165_iOS.heic\" alt=\"\" \/><!--more--><\/p>\n","protected":false},"excerpt":{"rendered":"<p>\u00c0 la d\u00e9couverte des langues du monde &nbsp; Les \u00e9l\u00e8ves de 4\u00e8me et de 3\u00e8me inscrits en LCE anglais (Langues et Cultures Europ\u00e9ennes) ont officiellement d\u00e9but\u00e9 leur participation aux Jeux Olympiques de la Diversit\u00e9 Linguistique. Ce concours national, organis\u00e9 par l\u2019AFaLaC et le CASNAV, propose des \u00e9nigmes faisant d\u00e9couvrir principalement des langues europ\u00e9ennes, tout en [&hellip;]<\/p>\n","protected":false},"author":5,"featured_media":18391,"comment_status":"open","ping_status":"open","sticky":false,"template":"","format":"standard","meta":{"site-sidebar-layout":"default","site-content-layout":"","ast-site-content-layout":"default","site-content-style":"default","site-sidebar-style":"default","ast-global-header-display":"","ast-banner-title-visibility":"","ast-main-header-display":"","ast-hfb-above-header-display":"","ast-hfb-below-header-display":"","ast-hfb-mobile-header-display":"","site-post-title":"","ast-breadcrumbs-content":"","ast-featured-img":"","footer-sml-layout":"","ast-disable-related-posts":"","theme-transparent-header-meta":"default","adv-header-id-meta":"","stick-header-meta":"","header-above-stick-meta":"","header-main-stick-meta":"","header-below-stick-meta":"","astra-migrate-meta-layouts":"set","ast-page-background-enabled":"default","ast-page-background-meta":{"desktop":{"background-color":"var(--ast-global-color-4)","background-image":"","background-repeat":"repeat","background-position":"center center","background-size":"auto","background-attachment":"scroll","background-type":"","background-media":"","overlay-type":"","overlay-color":"","overlay-opacity":"","overlay-gradient":""},"tablet":{"background-color":"","background-image":"","background-repeat":"repeat","background-position":"center center","background-size":"auto","background-attachment":"scroll","background-type":"","background-media":"","overlay-type":"","overlay-color":"","overlay-opacity":"","overlay-gradient":""},"mobile":{"background-color":"","background-image":"","background-repeat":"repeat","background-position":"center center","background-size":"auto","background-attachment":"scroll","background-type":"","background-media":"","overlay-type":"","overlay-color":"","overlay-opacity":"","overlay-gradient":""}},"ast-content-background-meta":{"desktop":{"background-color":"var(--ast-global-color-5)","background-image":"","background-repeat":"repeat","background-position":"center center","background-size":"auto","background-attachment":"scroll","background-type":"","background-media":"","overlay-type":"","overlay-color":"","overlay-opacity":"","overlay-gradient":""},"tablet":{"background-color":"var(--ast-global-color-5)","background-image":"","background-repeat":"repeat","background-position":"center center","background-size":"auto","background-attachment":"scroll","background-type":"","background-media":"","overlay-type":"","overlay-color":"","overlay-opacity":"","overlay-gradient":""},"mobile":{"background-color":"var(--ast-global-color-5)","background-image":"","background-repeat":"repeat","background-position":"center center","background-size":"auto","background-attachment":"scroll","background-type":"","background-media":"","overlay-type":"","overlay-color":"","overlay-opacity":"","overlay-gradient":""}},"footnotes":""},"categories":[60,59,6,34],"tags":[],"class_list":["post-18388","post","type-post","status-publish","format-standard","has-post-thumbnail","hentry","category-activites-3e","category-activites-4e","category-college","category-lce-anglais"],"yoast_head":"<!-- This site is optimized with the Yoast SEO plugin v27.5 - https:\/\/yoast.com\/product\/yoast-seo-wordpress\/ -->\n<title>Coll\u00e8ge St Jean-Baptiste de La Salle - Le Rancher Teloch\u00e9<\/title>\n<meta name=\"description\" content=\"Le Coll\u00e8ge St Jean-Baptiste de La Salle \u00e0 Teloch\u00e9 offre depuis 1973 un cadre \u00e9ducatif privil\u00e9gi\u00e9 et des projets innovants au service des \u00e9l\u00e8ves.\" \/>\n<meta name=\"robots\" content=\"index, follow, max-snippet:-1, max-image-preview:large, max-video-preview:-1\" \/>\n<link rel=\"canonical\" href=\"https:\/\/www.stjb-delasalle.fr\/site\/2025\/11\/18\/lancement-des-jeux-olympiques-de-la-diversite-linguistique\/\" \/>\n<meta property=\"og:locale\" content=\"fr_FR\" \/>\n<meta property=\"og:type\" content=\"article\" \/>\n<meta property=\"og:title\" content=\"Coll\u00e8ge St Jean-Baptiste de La Salle - Le Rancher Teloch\u00e9\" \/>\n<meta property=\"og:description\" content=\"Le Coll\u00e8ge St Jean-Baptiste de La Salle \u00e0 Teloch\u00e9 offre depuis 1973 un cadre \u00e9ducatif privil\u00e9gi\u00e9 et des projets innovants au service des \u00e9l\u00e8ves.\" \/>\n<meta property=\"og:url\" content=\"https:\/\/www.stjb-delasalle.fr\/site\/2025\/11\/18\/lancement-des-jeux-olympiques-de-la-diversite-linguistique\/\" \/>\n<meta property=\"og:site_name\" content=\"Coll\u00e8ge Saint Jean Baptiste de La Salle\" \/>\n<meta property=\"article:published_time\" content=\"2025-11-18T09:45:53+00:00\" \/>\n<meta property=\"article:modified_time\" content=\"2025-11-26T08:23:48+00:00\" \/>\n<meta property=\"og:image\" content=\"https:\/\/www.stjb-delasalle.fr\/site\/wp-content\/uploads\/2025\/11\/IMG_3403.jpg\" \/>\n\t<meta property=\"og:image:width\" content=\"1920\" \/>\n\t<meta property=\"og:image:height\" content=\"1440\" \/>\n\t<meta property=\"og:image:type\" content=\"image\/jpeg\" \/>\n<meta name=\"author\" content=\"In\u00e8s Mesme\" \/>\n<meta name=\"twitter:card\" content=\"summary_large_image\" \/>\n<meta name=\"twitter:label1\" content=\"\u00c9crit par\" \/>\n\t<meta name=\"twitter:data1\" content=\"In\u00e8s Mesme\" \/>\n\t<meta name=\"twitter:label2\" content=\"Dur\u00e9e de lecture estim\u00e9e\" \/>\n\t<meta name=\"twitter:data2\" content=\"2 minutes\" \/>\n<script type=\"application\/ld+json\" class=\"yoast-schema-graph\">{\"@context\":\"https:\\\/\\\/schema.org\",\"@graph\":[{\"@type\":\"Article\",\"@id\":\"https:\\\/\\\/www.stjb-delasalle.fr\\\/site\\\/2025\\\/11\\\/18\\\/lancement-des-jeux-olympiques-de-la-diversite-linguistique\\\/#article\",\"isPartOf\":{\"@id\":\"https:\\\/\\\/www.stjb-delasalle.fr\\\/site\\\/2025\\\/11\\\/18\\\/lancement-des-jeux-olympiques-de-la-diversite-linguistique\\\/\"},\"author\":{\"name\":\"In\u00e8s Mesme\",\"@id\":\"https:\\\/\\\/www.stjb-delasalle.fr\\\/site\\\/#\\\/schema\\\/person\\\/488931e369608278a3449956554f1b95\"},\"headline\":\"Lancement des Jeux Olympiques de la Diversit\u00e9 Linguistique\",\"datePublished\":\"2025-11-18T09:45:53+00:00\",\"dateModified\":\"2025-11-26T08:23:48+00:00\",\"mainEntityOfPage\":{\"@id\":\"https:\\\/\\\/www.stjb-delasalle.fr\\\/site\\\/2025\\\/11\\\/18\\\/lancement-des-jeux-olympiques-de-la-diversite-linguistique\\\/\"},\"wordCount\":173,\"commentCount\":0,\"publisher\":{\"@id\":\"https:\\\/\\\/www.stjb-delasalle.fr\\\/site\\\/#organization\"},\"image\":{\"@id\":\"https:\\\/\\\/www.stjb-delasalle.fr\\\/site\\\/2025\\\/11\\\/18\\\/lancement-des-jeux-olympiques-de-la-diversite-linguistique\\\/#primaryimage\"},\"thumbnailUrl\":\"https:\\\/\\\/www.stjb-delasalle.fr\\\/site\\\/wp-content\\\/uploads\\\/2025\\\/11\\\/IMG_3403.jpg\",\"articleSection\":[\"Activit\u00e9s 3e\",\"Activit\u00e9s 4e\",\"Coll\u00e8ge\",\"LCE Anglais\"],\"inLanguage\":\"fr-FR\",\"potentialAction\":[{\"@type\":\"CommentAction\",\"name\":\"Comment\",\"target\":[\"https:\\\/\\\/www.stjb-delasalle.fr\\\/site\\\/2025\\\/11\\\/18\\\/lancement-des-jeux-olympiques-de-la-diversite-linguistique\\\/#respond\"]}]},{\"@type\":\"WebPage\",\"@id\":\"https:\\\/\\\/www.stjb-delasalle.fr\\\/site\\\/2025\\\/11\\\/18\\\/lancement-des-jeux-olympiques-de-la-diversite-linguistique\\\/\",\"url\":\"https:\\\/\\\/www.stjb-delasalle.fr\\\/site\\\/2025\\\/11\\\/18\\\/lancement-des-jeux-olympiques-de-la-diversite-linguistique\\\/\",\"name\":\"Coll\u00e8ge St Jean-Baptiste de La Salle - Le Rancher Teloch\u00e9\",\"isPartOf\":{\"@id\":\"https:\\\/\\\/www.stjb-delasalle.fr\\\/site\\\/#website\"},\"primaryImageOfPage\":{\"@id\":\"https:\\\/\\\/www.stjb-delasalle.fr\\\/site\\\/2025\\\/11\\\/18\\\/lancement-des-jeux-olympiques-de-la-diversite-linguistique\\\/#primaryimage\"},\"image\":{\"@id\":\"https:\\\/\\\/www.stjb-delasalle.fr\\\/site\\\/2025\\\/11\\\/18\\\/lancement-des-jeux-olympiques-de-la-diversite-linguistique\\\/#primaryimage\"},\"thumbnailUrl\":\"https:\\\/\\\/www.stjb-delasalle.fr\\\/site\\\/wp-content\\\/uploads\\\/2025\\\/11\\\/IMG_3403.jpg\",\"datePublished\":\"2025-11-18T09:45:53+00:00\",\"dateModified\":\"2025-11-26T08:23:48+00:00\",\"description\":\"Le Coll\u00e8ge St Jean-Baptiste de La Salle \u00e0 Teloch\u00e9 offre depuis 1973 un cadre \u00e9ducatif privil\u00e9gi\u00e9 et des projets innovants au service des \u00e9l\u00e8ves.\",\"breadcrumb\":{\"@id\":\"https:\\\/\\\/www.stjb-delasalle.fr\\\/site\\\/2025\\\/11\\\/18\\\/lancement-des-jeux-olympiques-de-la-diversite-linguistique\\\/#breadcrumb\"},\"inLanguage\":\"fr-FR\",\"potentialAction\":[{\"@type\":\"ReadAction\",\"target\":[\"https:\\\/\\\/www.stjb-delasalle.fr\\\/site\\\/2025\\\/11\\\/18\\\/lancement-des-jeux-olympiques-de-la-diversite-linguistique\\\/\"]}]},{\"@type\":\"ImageObject\",\"inLanguage\":\"fr-FR\",\"@id\":\"https:\\\/\\\/www.stjb-delasalle.fr\\\/site\\\/2025\\\/11\\\/18\\\/lancement-des-jeux-olympiques-de-la-diversite-linguistique\\\/#primaryimage\",\"url\":\"https:\\\/\\\/www.stjb-delasalle.fr\\\/site\\\/wp-content\\\/uploads\\\/2025\\\/11\\\/IMG_3403.jpg\",\"contentUrl\":\"https:\\\/\\\/www.stjb-delasalle.fr\\\/site\\\/wp-content\\\/uploads\\\/2025\\\/11\\\/IMG_3403.jpg\",\"width\":1920,\"height\":1440},{\"@type\":\"BreadcrumbList\",\"@id\":\"https:\\\/\\\/www.stjb-delasalle.fr\\\/site\\\/2025\\\/11\\\/18\\\/lancement-des-jeux-olympiques-de-la-diversite-linguistique\\\/#breadcrumb\",\"itemListElement\":[{\"@type\":\"ListItem\",\"position\":1,\"name\":\"Accueil\",\"item\":\"https:\\\/\\\/www.stjb-delasalle.fr\\\/site\\\/\"},{\"@type\":\"ListItem\",\"position\":2,\"name\":\"Lancement des Jeux Olympiques de la Diversit\u00e9 Linguistique\"}]},{\"@type\":\"WebSite\",\"@id\":\"https:\\\/\\\/www.stjb-delasalle.fr\\\/site\\\/#website\",\"url\":\"https:\\\/\\\/www.stjb-delasalle.fr\\\/site\\\/\",\"name\":\"Coll\u00e8ge Saint Jean Baptiste de La Salle\",\"description\":\"Notre coll\u00e8ge vous accueille sur le site du Rancher \u00e0 Teloch\u00e9\",\"publisher\":{\"@id\":\"https:\\\/\\\/www.stjb-delasalle.fr\\\/site\\\/#organization\"},\"potentialAction\":[{\"@type\":\"SearchAction\",\"target\":{\"@type\":\"EntryPoint\",\"urlTemplate\":\"https:\\\/\\\/www.stjb-delasalle.fr\\\/site\\\/?s={search_term_string}\"},\"query-input\":{\"@type\":\"PropertyValueSpecification\",\"valueRequired\":true,\"valueName\":\"search_term_string\"}}],\"inLanguage\":\"fr-FR\"},{\"@type\":\"Organization\",\"@id\":\"https:\\\/\\\/www.stjb-delasalle.fr\\\/site\\\/#organization\",\"name\":\"Coll\u00e8ge Saint Jean Baptiste de La Salle\",\"url\":\"https:\\\/\\\/www.stjb-delasalle.fr\\\/site\\\/\",\"logo\":{\"@type\":\"ImageObject\",\"inLanguage\":\"fr-FR\",\"@id\":\"https:\\\/\\\/www.stjb-delasalle.fr\\\/site\\\/#\\\/schema\\\/logo\\\/image\\\/\",\"url\":\"https:\\\/\\\/www.stjb-delasalle.fr\\\/site\\\/wp-content\\\/uploads\\\/2021\\\/11\\\/logostjb_petit_transp.png\",\"contentUrl\":\"https:\\\/\\\/www.stjb-delasalle.fr\\\/site\\\/wp-content\\\/uploads\\\/2021\\\/11\\\/logostjb_petit_transp.png\",\"width\":180,\"height\":127,\"caption\":\"Coll\u00e8ge Saint Jean Baptiste de La Salle\"},\"image\":{\"@id\":\"https:\\\/\\\/www.stjb-delasalle.fr\\\/site\\\/#\\\/schema\\\/logo\\\/image\\\/\"}},{\"@type\":\"Person\",\"@id\":\"https:\\\/\\\/www.stjb-delasalle.fr\\\/site\\\/#\\\/schema\\\/person\\\/488931e369608278a3449956554f1b95\",\"name\":\"In\u00e8s Mesme\",\"image\":{\"@type\":\"ImageObject\",\"inLanguage\":\"fr-FR\",\"@id\":\"https:\\\/\\\/secure.gravatar.com\\\/avatar\\\/859620b3c1bbefca879d070bd0b05a0c78ce9805744f2aa7e35bcbd6fbf05512?s=96&d=mm&r=g\",\"url\":\"https:\\\/\\\/secure.gravatar.com\\\/avatar\\\/859620b3c1bbefca879d070bd0b05a0c78ce9805744f2aa7e35bcbd6fbf05512?s=96&d=mm&r=g\",\"contentUrl\":\"https:\\\/\\\/secure.gravatar.com\\\/avatar\\\/859620b3c1bbefca879d070bd0b05a0c78ce9805744f2aa7e35bcbd6fbf05512?s=96&d=mm&r=g\",\"caption\":\"In\u00e8s Mesme\"},\"sameAs\":[\"http:\\\/\\\/www.stjb-delasalle.fr\"],\"url\":\"https:\\\/\\\/www.stjb-delasalle.fr\\\/site\\\/author\\\/communication\\\/\"}]}<\/script>\n<!-- \/ Yoast SEO plugin. -->","yoast_head_json":{"title":"Coll\u00e8ge St Jean-Baptiste de La Salle - Le Rancher Teloch\u00e9","description":"Le Coll\u00e8ge St Jean-Baptiste de La Salle \u00e0 Teloch\u00e9 offre depuis 1973 un cadre \u00e9ducatif privil\u00e9gi\u00e9 et des projets innovants au service des \u00e9l\u00e8ves.","robots":{"index":"index","follow":"follow","max-snippet":"max-snippet:-1","max-image-preview":"max-image-preview:large","max-video-preview":"max-video-preview:-1"},"canonical":"https:\/\/www.stjb-delasalle.fr\/site\/2025\/11\/18\/lancement-des-jeux-olympiques-de-la-diversite-linguistique\/","og_locale":"fr_FR","og_type":"article","og_title":"Coll\u00e8ge St Jean-Baptiste de La Salle - Le Rancher Teloch\u00e9","og_description":"Le Coll\u00e8ge St Jean-Baptiste de La Salle \u00e0 Teloch\u00e9 offre depuis 1973 un cadre \u00e9ducatif privil\u00e9gi\u00e9 et des projets innovants au service des \u00e9l\u00e8ves.","og_url":"https:\/\/www.stjb-delasalle.fr\/site\/2025\/11\/18\/lancement-des-jeux-olympiques-de-la-diversite-linguistique\/","og_site_name":"Coll\u00e8ge Saint Jean Baptiste de La Salle","article_published_time":"2025-11-18T09:45:53+00:00","article_modified_time":"2025-11-26T08:23:48+00:00","og_image":[{"width":1920,"height":1440,"url":"https:\/\/www.stjb-delasalle.fr\/site\/wp-content\/uploads\/2025\/11\/IMG_3403.jpg","type":"image\/jpeg"}],"author":"In\u00e8s Mesme","twitter_card":"summary_large_image","twitter_misc":{"\u00c9crit par":"In\u00e8s Mesme","Dur\u00e9e de lecture estim\u00e9e":"2 minutes"},"schema":{"@context":"https:\/\/schema.org","@graph":[{"@type":"Article","@id":"https:\/\/www.stjb-delasalle.fr\/site\/2025\/11\/18\/lancement-des-jeux-olympiques-de-la-diversite-linguistique\/#article","isPartOf":{"@id":"https:\/\/www.stjb-delasalle.fr\/site\/2025\/11\/18\/lancement-des-jeux-olympiques-de-la-diversite-linguistique\/"},"author":{"name":"In\u00e8s Mesme","@id":"https:\/\/www.stjb-delasalle.fr\/site\/#\/schema\/person\/488931e369608278a3449956554f1b95"},"headline":"Lancement des Jeux Olympiques de la Diversit\u00e9 Linguistique","datePublished":"2025-11-18T09:45:53+00:00","dateModified":"2025-11-26T08:23:48+00:00","mainEntityOfPage":{"@id":"https:\/\/www.stjb-delasalle.fr\/site\/2025\/11\/18\/lancement-des-jeux-olympiques-de-la-diversite-linguistique\/"},"wordCount":173,"commentCount":0,"publisher":{"@id":"https:\/\/www.stjb-delasalle.fr\/site\/#organization"},"image":{"@id":"https:\/\/www.stjb-delasalle.fr\/site\/2025\/11\/18\/lancement-des-jeux-olympiques-de-la-diversite-linguistique\/#primaryimage"},"thumbnailUrl":"https:\/\/www.stjb-delasalle.fr\/site\/wp-content\/uploads\/2025\/11\/IMG_3403.jpg","articleSection":["Activit\u00e9s 3e","Activit\u00e9s 4e","Coll\u00e8ge","LCE Anglais"],"inLanguage":"fr-FR","potentialAction":[{"@type":"CommentAction","name":"Comment","target":["https:\/\/www.stjb-delasalle.fr\/site\/2025\/11\/18\/lancement-des-jeux-olympiques-de-la-diversite-linguistique\/#respond"]}]},{"@type":"WebPage","@id":"https:\/\/www.stjb-delasalle.fr\/site\/2025\/11\/18\/lancement-des-jeux-olympiques-de-la-diversite-linguistique\/","url":"https:\/\/www.stjb-delasalle.fr\/site\/2025\/11\/18\/lancement-des-jeux-olympiques-de-la-diversite-linguistique\/","name":"Coll\u00e8ge St Jean-Baptiste de La Salle - Le Rancher Teloch\u00e9","isPartOf":{"@id":"https:\/\/www.stjb-delasalle.fr\/site\/#website"},"primaryImageOfPage":{"@id":"https:\/\/www.stjb-delasalle.fr\/site\/2025\/11\/18\/lancement-des-jeux-olympiques-de-la-diversite-linguistique\/#primaryimage"},"image":{"@id":"https:\/\/www.stjb-delasalle.fr\/site\/2025\/11\/18\/lancement-des-jeux-olympiques-de-la-diversite-linguistique\/#primaryimage"},"thumbnailUrl":"https:\/\/www.stjb-delasalle.fr\/site\/wp-content\/uploads\/2025\/11\/IMG_3403.jpg","datePublished":"2025-11-18T09:45:53+00:00","dateModified":"2025-11-26T08:23:48+00:00","description":"Le Coll\u00e8ge St Jean-Baptiste de La Salle \u00e0 Teloch\u00e9 offre depuis 1973 un cadre \u00e9ducatif privil\u00e9gi\u00e9 et des projets innovants au service des \u00e9l\u00e8ves.","breadcrumb":{"@id":"https:\/\/www.stjb-delasalle.fr\/site\/2025\/11\/18\/lancement-des-jeux-olympiques-de-la-diversite-linguistique\/#breadcrumb"},"inLanguage":"fr-FR","potentialAction":[{"@type":"ReadAction","target":["https:\/\/www.stjb-delasalle.fr\/site\/2025\/11\/18\/lancement-des-jeux-olympiques-de-la-diversite-linguistique\/"]}]},{"@type":"ImageObject","inLanguage":"fr-FR","@id":"https:\/\/www.stjb-delasalle.fr\/site\/2025\/11\/18\/lancement-des-jeux-olympiques-de-la-diversite-linguistique\/#primaryimage","url":"https:\/\/www.stjb-delasalle.fr\/site\/wp-content\/uploads\/2025\/11\/IMG_3403.jpg","contentUrl":"https:\/\/www.stjb-delasalle.fr\/site\/wp-content\/uploads\/2025\/11\/IMG_3403.jpg","width":1920,"height":1440},{"@type":"BreadcrumbList","@id":"https:\/\/www.stjb-delasalle.fr\/site\/2025\/11\/18\/lancement-des-jeux-olympiques-de-la-diversite-linguistique\/#breadcrumb","itemListElement":[{"@type":"ListItem","position":1,"name":"Accueil","item":"https:\/\/www.stjb-delasalle.fr\/site\/"},{"@type":"ListItem","position":2,"name":"Lancement des Jeux Olympiques de la Diversit\u00e9 Linguistique"}]},{"@type":"WebSite","@id":"https:\/\/www.stjb-delasalle.fr\/site\/#website","url":"https:\/\/www.stjb-delasalle.fr\/site\/","name":"Coll\u00e8ge Saint Jean Baptiste de La Salle","description":"Notre coll\u00e8ge vous accueille sur le site du Rancher \u00e0 Teloch\u00e9","publisher":{"@id":"https:\/\/www.stjb-delasalle.fr\/site\/#organization"},"potentialAction":[{"@type":"SearchAction","target":{"@type":"EntryPoint","urlTemplate":"https:\/\/www.stjb-delasalle.fr\/site\/?s={search_term_string}"},"query-input":{"@type":"PropertyValueSpecification","valueRequired":true,"valueName":"search_term_string"}}],"inLanguage":"fr-FR"},{"@type":"Organization","@id":"https:\/\/www.stjb-delasalle.fr\/site\/#organization","name":"Coll\u00e8ge Saint Jean Baptiste de La Salle","url":"https:\/\/www.stjb-delasalle.fr\/site\/","logo":{"@type":"ImageObject","inLanguage":"fr-FR","@id":"https:\/\/www.stjb-delasalle.fr\/site\/#\/schema\/logo\/image\/","url":"https:\/\/www.stjb-delasalle.fr\/site\/wp-content\/uploads\/2021\/11\/logostjb_petit_transp.png","contentUrl":"https:\/\/www.stjb-delasalle.fr\/site\/wp-content\/uploads\/2021\/11\/logostjb_petit_transp.png","width":180,"height":127,"caption":"Coll\u00e8ge Saint Jean Baptiste de La Salle"},"image":{"@id":"https:\/\/www.stjb-delasalle.fr\/site\/#\/schema\/logo\/image\/"}},{"@type":"Person","@id":"https:\/\/www.stjb-delasalle.fr\/site\/#\/schema\/person\/488931e369608278a3449956554f1b95","name":"In\u00e8s Mesme","image":{"@type":"ImageObject","inLanguage":"fr-FR","@id":"https:\/\/secure.gravatar.com\/avatar\/859620b3c1bbefca879d070bd0b05a0c78ce9805744f2aa7e35bcbd6fbf05512?s=96&d=mm&r=g","url":"https:\/\/secure.gravatar.com\/avatar\/859620b3c1bbefca879d070bd0b05a0c78ce9805744f2aa7e35bcbd6fbf05512?s=96&d=mm&r=g","contentUrl":"https:\/\/secure.gravatar.com\/avatar\/859620b3c1bbefca879d070bd0b05a0c78ce9805744f2aa7e35bcbd6fbf05512?s=96&d=mm&r=g","caption":"In\u00e8s Mesme"},"sameAs":["http:\/\/www.stjb-delasalle.fr"],"url":"https:\/\/www.stjb-delasalle.fr\/site\/author\/communication\/"}]}},"_links":{"self":[{"href":"https:\/\/www.stjb-delasalle.fr\/site\/wp-json\/wp\/v2\/posts\/18388","targetHints":{"allow":["GET"]}}],"collection":[{"href":"https:\/\/www.stjb-delasalle.fr\/site\/wp-json\/wp\/v2\/posts"}],"about":[{"href":"https:\/\/www.stjb-delasalle.fr\/site\/wp-json\/wp\/v2\/types\/post"}],"author":[{"embeddable":true,"href":"https:\/\/www.stjb-delasalle.fr\/site\/wp-json\/wp\/v2\/users\/5"}],"replies":[{"embeddable":true,"href":"https:\/\/www.stjb-delasalle.fr\/site\/wp-json\/wp\/v2\/comments?post=18388"}],"version-history":[{"count":2,"href":"https:\/\/www.stjb-delasalle.fr\/site\/wp-json\/wp\/v2\/posts\/18388\/revisions"}],"predecessor-version":[{"id":18394,"href":"https:\/\/www.stjb-delasalle.fr\/site\/wp-json\/wp\/v2\/posts\/18388\/revisions\/18394"}],"wp:featuredmedia":[{"embeddable":true,"href":"https:\/\/www.stjb-delasalle.fr\/site\/wp-json\/wp\/v2\/media\/18391"}],"wp:attachment":[{"href":"https:\/\/www.stjb-delasalle.fr\/site\/wp-json\/wp\/v2\/media?parent=18388"}],"wp:term":[{"taxonomy":"category","embeddable":true,"href":"https:\/\/www.stjb-delasalle.fr\/site\/wp-json\/wp\/v2\/categories?post=18388"},{"taxonomy":"post_tag","embeddable":true,"href":"https:\/\/www.stjb-delasalle.fr\/site\/wp-json\/wp\/v2\/tags?post=18388"}],"curies":[{"name":"wp","href":"https:\/\/api.w.org\/{rel}","templated":true}]}}