{"id":18349,"date":"2025-11-12T15:33:11","date_gmt":"2025-11-12T15:33:11","guid":{"rendered":"https:\/\/www.stjb-delasalle.fr\/site\/?p=18349"},"modified":"2025-11-12T15:33:11","modified_gmt":"2025-11-12T15:33:11","slug":"formation-delegues-5e-4e-3e","status":"publish","type":"post","link":"https:\/\/www.stjb-delasalle.fr\/site\/2025\/11\/12\/formation-delegues-5e-4e-3e\/","title":{"rendered":"Formation d\u00e9l\u00e9gu\u00e9s 5e, 4e, 3e"},"content":{"rendered":"<h1>Apprendre \u00e0 repr\u00e9senter : respect, partage et solidarit\u00e9<\/h1>\n<p>&nbsp;<\/p>\n<div dir=\"ltr\" data-olk-copy-source=\"MessageBody\">\n<div dir=\"ltr\" data-olk-copy-source=\"MessageBody\">\n<div>Ce matin, les d\u00e9l\u00e9gu\u00e9s des niveaux 5eme, 4eme et 3eme ont particip\u00e9 \u00e0 une formation riche en \u00e9change, r\u00e9flexion et travail collectif.<\/div>\n<div><\/div>\n<div>Plusieurs mises en situation ont permis aux \u00e9l\u00e8ves de se projeter dans des contextes concrets, notamment autour du fonctionnement du conseil de classe et du harc\u00e8lement scolaire. Ces activit\u00e9s ont favoris\u00e9 la participation, la prise de parole et l\u2019\u00e9coute mutuelle.<\/div>\n<div>Tout au long de la matin\u00e9e, ils ont fait preuve d\u2019un investissement remarquable et d\u2019un bel esprit d\u2019\u00e9quipe.<\/div>\n<div>Pour cl\u00f4turer ce temps de travail, chaque \u00e9l\u00e8ve a \u00e9t\u00e9 invit\u00e9 \u00e0 \u00e9crire un mot r\u00e9sumant ce qu\u2019il retenait de la matin\u00e9e, des mots forts tels que respect, partage, bienveillance sont ressortis \u00e0 l\u2019\u00e9crit, t\u00e9moignant de la richesse de ce moment collectif.<\/div>\n<div><\/div>\n<div>Une matin\u00e9e qui met en lumi\u00e8re l\u2019engagement de nos d\u00e9l\u00e9gu\u00e9s et la volont\u00e9 d\u2019\u00eatre des repr\u00e9sentants actifs et bienveillants au service de leurs camarades.<\/div>\n<div><\/div>\n<\/div>\n<div><img fetchpriority=\"high\" decoding=\"async\" class=\"alignnone size-medium wp-image-18346\" src=\"https:\/\/www.stjb-delasalle.fr\/site\/wp-content\/uploads\/2025\/11\/1762342958640-300x225.jpeg\" alt=\"\" width=\"300\" height=\"225\" srcset=\"https:\/\/www.stjb-delasalle.fr\/site\/wp-content\/uploads\/2025\/11\/1762342958640-300x225.jpeg 300w, https:\/\/www.stjb-delasalle.fr\/site\/wp-content\/uploads\/2025\/11\/1762342958640-1024x768.jpeg 1024w, https:\/\/www.stjb-delasalle.fr\/site\/wp-content\/uploads\/2025\/11\/1762342958640-768x576.jpeg 768w, https:\/\/www.stjb-delasalle.fr\/site\/wp-content\/uploads\/2025\/11\/1762342958640-1536x1152.jpeg 1536w, https:\/\/www.stjb-delasalle.fr\/site\/wp-content\/uploads\/2025\/11\/1762342958640-640x480.jpeg 640w, https:\/\/www.stjb-delasalle.fr\/site\/wp-content\/uploads\/2025\/11\/1762342958640.jpeg 1920w\" sizes=\"(max-width: 300px) 100vw, 300px\" \/> <img decoding=\"async\" class=\"alignnone size-medium wp-image-18345\" src=\"https:\/\/www.stjb-delasalle.fr\/site\/wp-content\/uploads\/2025\/11\/1762342965183-300x225.jpeg\" alt=\"\" width=\"300\" height=\"225\" srcset=\"https:\/\/www.stjb-delasalle.fr\/site\/wp-content\/uploads\/2025\/11\/1762342965183-300x225.jpeg 300w, https:\/\/www.stjb-delasalle.fr\/site\/wp-content\/uploads\/2025\/11\/1762342965183-1024x769.jpeg 1024w, https:\/\/www.stjb-delasalle.fr\/site\/wp-content\/uploads\/2025\/11\/1762342965183-768x576.jpeg 768w, https:\/\/www.stjb-delasalle.fr\/site\/wp-content\/uploads\/2025\/11\/1762342965183-1536x1153.jpeg 1536w, https:\/\/www.stjb-delasalle.fr\/site\/wp-content\/uploads\/2025\/11\/1762342965183-640x480.jpeg 640w, https:\/\/www.stjb-delasalle.fr\/site\/wp-content\/uploads\/2025\/11\/1762342965183.jpeg 1920w\" sizes=\"(max-width: 300px) 100vw, 300px\" \/> \u00a0<img decoding=\"async\" class=\"alignnone size-medium wp-image-18342\" src=\"https:\/\/www.stjb-delasalle.fr\/site\/wp-content\/uploads\/2025\/11\/1762342980538-300x225.jpeg\" alt=\"\" width=\"300\" height=\"225\" srcset=\"https:\/\/www.stjb-delasalle.fr\/site\/wp-content\/uploads\/2025\/11\/1762342980538-300x225.jpeg 300w, https:\/\/www.stjb-delasalle.fr\/site\/wp-content\/uploads\/2025\/11\/1762342980538-1024x769.jpeg 1024w, https:\/\/www.stjb-delasalle.fr\/site\/wp-content\/uploads\/2025\/11\/1762342980538-768x576.jpeg 768w, https:\/\/www.stjb-delasalle.fr\/site\/wp-content\/uploads\/2025\/11\/1762342980538-1536x1153.jpeg 1536w, https:\/\/www.stjb-delasalle.fr\/site\/wp-content\/uploads\/2025\/11\/1762342980538-640x480.jpeg 640w, https:\/\/www.stjb-delasalle.fr\/site\/wp-content\/uploads\/2025\/11\/1762342980538.jpeg 1920w\" sizes=\"(max-width: 300px) 100vw, 300px\" \/> <img loading=\"lazy\" decoding=\"async\" class=\"alignnone size-medium wp-image-18341\" src=\"https:\/\/www.stjb-delasalle.fr\/site\/wp-content\/uploads\/2025\/11\/1762343005312-300x225.jpeg\" alt=\"\" width=\"300\" height=\"225\" srcset=\"https:\/\/www.stjb-delasalle.fr\/site\/wp-content\/uploads\/2025\/11\/1762343005312-300x225.jpeg 300w, https:\/\/www.stjb-delasalle.fr\/site\/wp-content\/uploads\/2025\/11\/1762343005312-1024x768.jpeg 1024w, https:\/\/www.stjb-delasalle.fr\/site\/wp-content\/uploads\/2025\/11\/1762343005312-768x576.jpeg 768w, https:\/\/www.stjb-delasalle.fr\/site\/wp-content\/uploads\/2025\/11\/1762343005312-1536x1152.jpeg 1536w, https:\/\/www.stjb-delasalle.fr\/site\/wp-content\/uploads\/2025\/11\/1762343005312-640x480.jpeg 640w, https:\/\/www.stjb-delasalle.fr\/site\/wp-content\/uploads\/2025\/11\/1762343005312.jpeg 1920w\" sizes=\"(max-width: 300px) 100vw, 300px\" \/><\/div>\n<\/div>\n<div dir=\"ltr\"><\/div>\n<div dir=\"ltr\"><\/div>\n<div dir=\"ltr\"><\/div>\n<p><img decoding=\"async\" class=\"alignnone size-full wp-image-18105\" src=\"https:\/\/www.stjb-delasalle.fr\/site\/wp-content\/uploads\/2025\/09\/20250901_122200165_iOS.heic\" alt=\"\" \/><!--more--><\/p>\n","protected":false},"excerpt":{"rendered":"<p>Apprendre \u00e0 repr\u00e9senter : respect, partage et solidarit\u00e9 &nbsp; Ce matin, les d\u00e9l\u00e9gu\u00e9s des niveaux 5eme, 4eme et 3eme ont particip\u00e9 \u00e0 une formation riche en \u00e9change, r\u00e9flexion et travail collectif. Plusieurs mises en situation ont permis aux \u00e9l\u00e8ves de se projeter dans des contextes concrets, notamment autour du fonctionnement du conseil de classe et [&hellip;]<\/p>\n","protected":false},"author":5,"featured_media":18344,"comment_status":"open","ping_status":"open","sticky":false,"template":"","format":"standard","meta":{"site-sidebar-layout":"default","site-content-layout":"","ast-site-content-layout":"default","site-content-style":"default","site-sidebar-style":"default","ast-global-header-display":"","ast-banner-title-visibility":"","ast-main-header-display":"","ast-hfb-above-header-display":"","ast-hfb-below-header-display":"","ast-hfb-mobile-header-display":"","site-post-title":"","ast-breadcrumbs-content":"","ast-featured-img":"","footer-sml-layout":"","ast-disable-related-posts":"","theme-transparent-header-meta":"default","adv-header-id-meta":"","stick-header-meta":"","header-above-stick-meta":"","header-main-stick-meta":"","header-below-stick-meta":"","astra-migrate-meta-layouts":"set","ast-page-background-enabled":"default","ast-page-background-meta":{"desktop":{"background-color":"var(--ast-global-color-4)","background-image":"","background-repeat":"repeat","background-position":"center center","background-size":"auto","background-attachment":"scroll","background-type":"","background-media":"","overlay-type":"","overlay-color":"","overlay-opacity":"","overlay-gradient":""},"tablet":{"background-color":"","background-image":"","background-repeat":"repeat","background-position":"center center","background-size":"auto","background-attachment":"scroll","background-type":"","background-media":"","overlay-type":"","overlay-color":"","overlay-opacity":"","overlay-gradient":""},"mobile":{"background-color":"","background-image":"","background-repeat":"repeat","background-position":"center center","background-size":"auto","background-attachment":"scroll","background-type":"","background-media":"","overlay-type":"","overlay-color":"","overlay-opacity":"","overlay-gradient":""}},"ast-content-background-meta":{"desktop":{"background-color":"var(--ast-global-color-5)","background-image":"","background-repeat":"repeat","background-position":"center center","background-size":"auto","background-attachment":"scroll","background-type":"","background-media":"","overlay-type":"","overlay-color":"","overlay-opacity":"","overlay-gradient":""},"tablet":{"background-color":"var(--ast-global-color-5)","background-image":"","background-repeat":"repeat","background-position":"center center","background-size":"auto","background-attachment":"scroll","background-type":"","background-media":"","overlay-type":"","overlay-color":"","overlay-opacity":"","overlay-gradient":""},"mobile":{"background-color":"var(--ast-global-color-5)","background-image":"","background-repeat":"repeat","background-position":"center center","background-size":"auto","background-attachment":"scroll","background-type":"","background-media":"","overlay-type":"","overlay-color":"","overlay-opacity":"","overlay-gradient":""}},"footnotes":""},"categories":[60,59,58,6],"tags":[],"class_list":["post-18349","post","type-post","status-publish","format-standard","has-post-thumbnail","hentry","category-activites-3e","category-activites-4e","category-activites-5e","category-college"],"yoast_head":"<!-- This site is optimized with the Yoast SEO plugin v27.5 - https:\/\/yoast.com\/product\/yoast-seo-wordpress\/ -->\n<title>Coll\u00e8ge St Jean-Baptiste de La Salle - Le Rancher Teloch\u00e9<\/title>\n<meta name=\"description\" content=\"Le Coll\u00e8ge St Jean-Baptiste de La Salle \u00e0 Teloch\u00e9 offre depuis 1973 un cadre \u00e9ducatif privil\u00e9gi\u00e9 et des projets innovants au service des \u00e9l\u00e8ves.\" \/>\n<meta name=\"robots\" content=\"index, follow, max-snippet:-1, max-image-preview:large, max-video-preview:-1\" \/>\n<link rel=\"canonical\" href=\"https:\/\/www.stjb-delasalle.fr\/site\/2025\/11\/12\/formation-delegues-5e-4e-3e\/\" \/>\n<meta property=\"og:locale\" content=\"fr_FR\" \/>\n<meta property=\"og:type\" content=\"article\" \/>\n<meta property=\"og:title\" content=\"Coll\u00e8ge St Jean-Baptiste de La Salle - Le Rancher Teloch\u00e9\" \/>\n<meta property=\"og:description\" content=\"Le Coll\u00e8ge St Jean-Baptiste de La Salle \u00e0 Teloch\u00e9 offre depuis 1973 un cadre \u00e9ducatif privil\u00e9gi\u00e9 et des projets innovants au service des \u00e9l\u00e8ves.\" \/>\n<meta property=\"og:url\" content=\"https:\/\/www.stjb-delasalle.fr\/site\/2025\/11\/12\/formation-delegues-5e-4e-3e\/\" \/>\n<meta property=\"og:site_name\" content=\"Coll\u00e8ge Saint Jean Baptiste de La Salle\" \/>\n<meta property=\"article:published_time\" content=\"2025-11-12T15:33:11+00:00\" \/>\n<meta property=\"og:image\" content=\"https:\/\/www.stjb-delasalle.fr\/site\/wp-content\/uploads\/2025\/11\/1762342970397.jpeg\" \/>\n\t<meta property=\"og:image:width\" content=\"1441\" \/>\n\t<meta property=\"og:image:height\" content=\"1920\" \/>\n\t<meta property=\"og:image:type\" content=\"image\/jpeg\" \/>\n<meta name=\"author\" content=\"In\u00e8s Mesme\" \/>\n<meta name=\"twitter:card\" content=\"summary_large_image\" \/>\n<meta name=\"twitter:label1\" content=\"\u00c9crit par\" \/>\n\t<meta name=\"twitter:data1\" content=\"In\u00e8s Mesme\" \/>\n\t<meta name=\"twitter:label2\" content=\"Dur\u00e9e de lecture estim\u00e9e\" \/>\n\t<meta name=\"twitter:data2\" content=\"2 minutes\" \/>\n<script type=\"application\/ld+json\" class=\"yoast-schema-graph\">{\"@context\":\"https:\\\/\\\/schema.org\",\"@graph\":[{\"@type\":\"Article\",\"@id\":\"https:\\\/\\\/www.stjb-delasalle.fr\\\/site\\\/2025\\\/11\\\/12\\\/formation-delegues-5e-4e-3e\\\/#article\",\"isPartOf\":{\"@id\":\"https:\\\/\\\/www.stjb-delasalle.fr\\\/site\\\/2025\\\/11\\\/12\\\/formation-delegues-5e-4e-3e\\\/\"},\"author\":{\"name\":\"In\u00e8s Mesme\",\"@id\":\"https:\\\/\\\/www.stjb-delasalle.fr\\\/site\\\/#\\\/schema\\\/person\\\/488931e369608278a3449956554f1b95\"},\"headline\":\"Formation d\u00e9l\u00e9gu\u00e9s 5e, 4e, 3e\",\"datePublished\":\"2025-11-12T15:33:11+00:00\",\"mainEntityOfPage\":{\"@id\":\"https:\\\/\\\/www.stjb-delasalle.fr\\\/site\\\/2025\\\/11\\\/12\\\/formation-delegues-5e-4e-3e\\\/\"},\"wordCount\":186,\"commentCount\":0,\"publisher\":{\"@id\":\"https:\\\/\\\/www.stjb-delasalle.fr\\\/site\\\/#organization\"},\"image\":{\"@id\":\"https:\\\/\\\/www.stjb-delasalle.fr\\\/site\\\/2025\\\/11\\\/12\\\/formation-delegues-5e-4e-3e\\\/#primaryimage\"},\"thumbnailUrl\":\"https:\\\/\\\/www.stjb-delasalle.fr\\\/site\\\/wp-content\\\/uploads\\\/2025\\\/11\\\/1762342970397.jpeg\",\"articleSection\":[\"Activit\u00e9s 3e\",\"Activit\u00e9s 4e\",\"Activit\u00e9s 5e\",\"Coll\u00e8ge\"],\"inLanguage\":\"fr-FR\",\"potentialAction\":[{\"@type\":\"CommentAction\",\"name\":\"Comment\",\"target\":[\"https:\\\/\\\/www.stjb-delasalle.fr\\\/site\\\/2025\\\/11\\\/12\\\/formation-delegues-5e-4e-3e\\\/#respond\"]}]},{\"@type\":\"WebPage\",\"@id\":\"https:\\\/\\\/www.stjb-delasalle.fr\\\/site\\\/2025\\\/11\\\/12\\\/formation-delegues-5e-4e-3e\\\/\",\"url\":\"https:\\\/\\\/www.stjb-delasalle.fr\\\/site\\\/2025\\\/11\\\/12\\\/formation-delegues-5e-4e-3e\\\/\",\"name\":\"Coll\u00e8ge St Jean-Baptiste de La Salle - Le Rancher Teloch\u00e9\",\"isPartOf\":{\"@id\":\"https:\\\/\\\/www.stjb-delasalle.fr\\\/site\\\/#website\"},\"primaryImageOfPage\":{\"@id\":\"https:\\\/\\\/www.stjb-delasalle.fr\\\/site\\\/2025\\\/11\\\/12\\\/formation-delegues-5e-4e-3e\\\/#primaryimage\"},\"image\":{\"@id\":\"https:\\\/\\\/www.stjb-delasalle.fr\\\/site\\\/2025\\\/11\\\/12\\\/formation-delegues-5e-4e-3e\\\/#primaryimage\"},\"thumbnailUrl\":\"https:\\\/\\\/www.stjb-delasalle.fr\\\/site\\\/wp-content\\\/uploads\\\/2025\\\/11\\\/1762342970397.jpeg\",\"datePublished\":\"2025-11-12T15:33:11+00:00\",\"description\":\"Le Coll\u00e8ge St Jean-Baptiste de La Salle \u00e0 Teloch\u00e9 offre depuis 1973 un cadre \u00e9ducatif privil\u00e9gi\u00e9 et des projets innovants au service des \u00e9l\u00e8ves.\",\"breadcrumb\":{\"@id\":\"https:\\\/\\\/www.stjb-delasalle.fr\\\/site\\\/2025\\\/11\\\/12\\\/formation-delegues-5e-4e-3e\\\/#breadcrumb\"},\"inLanguage\":\"fr-FR\",\"potentialAction\":[{\"@type\":\"ReadAction\",\"target\":[\"https:\\\/\\\/www.stjb-delasalle.fr\\\/site\\\/2025\\\/11\\\/12\\\/formation-delegues-5e-4e-3e\\\/\"]}]},{\"@type\":\"ImageObject\",\"inLanguage\":\"fr-FR\",\"@id\":\"https:\\\/\\\/www.stjb-delasalle.fr\\\/site\\\/2025\\\/11\\\/12\\\/formation-delegues-5e-4e-3e\\\/#primaryimage\",\"url\":\"https:\\\/\\\/www.stjb-delasalle.fr\\\/site\\\/wp-content\\\/uploads\\\/2025\\\/11\\\/1762342970397.jpeg\",\"contentUrl\":\"https:\\\/\\\/www.stjb-delasalle.fr\\\/site\\\/wp-content\\\/uploads\\\/2025\\\/11\\\/1762342970397.jpeg\",\"width\":1441,\"height\":1920},{\"@type\":\"BreadcrumbList\",\"@id\":\"https:\\\/\\\/www.stjb-delasalle.fr\\\/site\\\/2025\\\/11\\\/12\\\/formation-delegues-5e-4e-3e\\\/#breadcrumb\",\"itemListElement\":[{\"@type\":\"ListItem\",\"position\":1,\"name\":\"Accueil\",\"item\":\"https:\\\/\\\/www.stjb-delasalle.fr\\\/site\\\/\"},{\"@type\":\"ListItem\",\"position\":2,\"name\":\"Formation d\u00e9l\u00e9gu\u00e9s 5e, 4e, 3e\"}]},{\"@type\":\"WebSite\",\"@id\":\"https:\\\/\\\/www.stjb-delasalle.fr\\\/site\\\/#website\",\"url\":\"https:\\\/\\\/www.stjb-delasalle.fr\\\/site\\\/\",\"name\":\"Coll\u00e8ge Saint Jean Baptiste de La Salle\",\"description\":\"Notre coll\u00e8ge vous accueille sur le site du Rancher \u00e0 Teloch\u00e9\",\"publisher\":{\"@id\":\"https:\\\/\\\/www.stjb-delasalle.fr\\\/site\\\/#organization\"},\"potentialAction\":[{\"@type\":\"SearchAction\",\"target\":{\"@type\":\"EntryPoint\",\"urlTemplate\":\"https:\\\/\\\/www.stjb-delasalle.fr\\\/site\\\/?s={search_term_string}\"},\"query-input\":{\"@type\":\"PropertyValueSpecification\",\"valueRequired\":true,\"valueName\":\"search_term_string\"}}],\"inLanguage\":\"fr-FR\"},{\"@type\":\"Organization\",\"@id\":\"https:\\\/\\\/www.stjb-delasalle.fr\\\/site\\\/#organization\",\"name\":\"Coll\u00e8ge Saint Jean Baptiste de La Salle\",\"url\":\"https:\\\/\\\/www.stjb-delasalle.fr\\\/site\\\/\",\"logo\":{\"@type\":\"ImageObject\",\"inLanguage\":\"fr-FR\",\"@id\":\"https:\\\/\\\/www.stjb-delasalle.fr\\\/site\\\/#\\\/schema\\\/logo\\\/image\\\/\",\"url\":\"https:\\\/\\\/www.stjb-delasalle.fr\\\/site\\\/wp-content\\\/uploads\\\/2021\\\/11\\\/logostjb_petit_transp.png\",\"contentUrl\":\"https:\\\/\\\/www.stjb-delasalle.fr\\\/site\\\/wp-content\\\/uploads\\\/2021\\\/11\\\/logostjb_petit_transp.png\",\"width\":180,\"height\":127,\"caption\":\"Coll\u00e8ge Saint Jean Baptiste de La Salle\"},\"image\":{\"@id\":\"https:\\\/\\\/www.stjb-delasalle.fr\\\/site\\\/#\\\/schema\\\/logo\\\/image\\\/\"}},{\"@type\":\"Person\",\"@id\":\"https:\\\/\\\/www.stjb-delasalle.fr\\\/site\\\/#\\\/schema\\\/person\\\/488931e369608278a3449956554f1b95\",\"name\":\"In\u00e8s Mesme\",\"image\":{\"@type\":\"ImageObject\",\"inLanguage\":\"fr-FR\",\"@id\":\"https:\\\/\\\/secure.gravatar.com\\\/avatar\\\/859620b3c1bbefca879d070bd0b05a0c78ce9805744f2aa7e35bcbd6fbf05512?s=96&d=mm&r=g\",\"url\":\"https:\\\/\\\/secure.gravatar.com\\\/avatar\\\/859620b3c1bbefca879d070bd0b05a0c78ce9805744f2aa7e35bcbd6fbf05512?s=96&d=mm&r=g\",\"contentUrl\":\"https:\\\/\\\/secure.gravatar.com\\\/avatar\\\/859620b3c1bbefca879d070bd0b05a0c78ce9805744f2aa7e35bcbd6fbf05512?s=96&d=mm&r=g\",\"caption\":\"In\u00e8s Mesme\"},\"sameAs\":[\"http:\\\/\\\/www.stjb-delasalle.fr\"],\"url\":\"https:\\\/\\\/www.stjb-delasalle.fr\\\/site\\\/author\\\/communication\\\/\"}]}<\/script>\n<!-- \/ Yoast SEO plugin. -->","yoast_head_json":{"title":"Coll\u00e8ge St Jean-Baptiste de La Salle - Le Rancher Teloch\u00e9","description":"Le Coll\u00e8ge St Jean-Baptiste de La Salle \u00e0 Teloch\u00e9 offre depuis 1973 un cadre \u00e9ducatif privil\u00e9gi\u00e9 et des projets innovants au service des \u00e9l\u00e8ves.","robots":{"index":"index","follow":"follow","max-snippet":"max-snippet:-1","max-image-preview":"max-image-preview:large","max-video-preview":"max-video-preview:-1"},"canonical":"https:\/\/www.stjb-delasalle.fr\/site\/2025\/11\/12\/formation-delegues-5e-4e-3e\/","og_locale":"fr_FR","og_type":"article","og_title":"Coll\u00e8ge St Jean-Baptiste de La Salle - Le Rancher Teloch\u00e9","og_description":"Le Coll\u00e8ge St Jean-Baptiste de La Salle \u00e0 Teloch\u00e9 offre depuis 1973 un cadre \u00e9ducatif privil\u00e9gi\u00e9 et des projets innovants au service des \u00e9l\u00e8ves.","og_url":"https:\/\/www.stjb-delasalle.fr\/site\/2025\/11\/12\/formation-delegues-5e-4e-3e\/","og_site_name":"Coll\u00e8ge Saint Jean Baptiste de La Salle","article_published_time":"2025-11-12T15:33:11+00:00","og_image":[{"width":1441,"height":1920,"url":"https:\/\/www.stjb-delasalle.fr\/site\/wp-content\/uploads\/2025\/11\/1762342970397.jpeg","type":"image\/jpeg"}],"author":"In\u00e8s Mesme","twitter_card":"summary_large_image","twitter_misc":{"\u00c9crit par":"In\u00e8s Mesme","Dur\u00e9e de lecture estim\u00e9e":"2 minutes"},"schema":{"@context":"https:\/\/schema.org","@graph":[{"@type":"Article","@id":"https:\/\/www.stjb-delasalle.fr\/site\/2025\/11\/12\/formation-delegues-5e-4e-3e\/#article","isPartOf":{"@id":"https:\/\/www.stjb-delasalle.fr\/site\/2025\/11\/12\/formation-delegues-5e-4e-3e\/"},"author":{"name":"In\u00e8s Mesme","@id":"https:\/\/www.stjb-delasalle.fr\/site\/#\/schema\/person\/488931e369608278a3449956554f1b95"},"headline":"Formation d\u00e9l\u00e9gu\u00e9s 5e, 4e, 3e","datePublished":"2025-11-12T15:33:11+00:00","mainEntityOfPage":{"@id":"https:\/\/www.stjb-delasalle.fr\/site\/2025\/11\/12\/formation-delegues-5e-4e-3e\/"},"wordCount":186,"commentCount":0,"publisher":{"@id":"https:\/\/www.stjb-delasalle.fr\/site\/#organization"},"image":{"@id":"https:\/\/www.stjb-delasalle.fr\/site\/2025\/11\/12\/formation-delegues-5e-4e-3e\/#primaryimage"},"thumbnailUrl":"https:\/\/www.stjb-delasalle.fr\/site\/wp-content\/uploads\/2025\/11\/1762342970397.jpeg","articleSection":["Activit\u00e9s 3e","Activit\u00e9s 4e","Activit\u00e9s 5e","Coll\u00e8ge"],"inLanguage":"fr-FR","potentialAction":[{"@type":"CommentAction","name":"Comment","target":["https:\/\/www.stjb-delasalle.fr\/site\/2025\/11\/12\/formation-delegues-5e-4e-3e\/#respond"]}]},{"@type":"WebPage","@id":"https:\/\/www.stjb-delasalle.fr\/site\/2025\/11\/12\/formation-delegues-5e-4e-3e\/","url":"https:\/\/www.stjb-delasalle.fr\/site\/2025\/11\/12\/formation-delegues-5e-4e-3e\/","name":"Coll\u00e8ge St Jean-Baptiste de La Salle - Le Rancher Teloch\u00e9","isPartOf":{"@id":"https:\/\/www.stjb-delasalle.fr\/site\/#website"},"primaryImageOfPage":{"@id":"https:\/\/www.stjb-delasalle.fr\/site\/2025\/11\/12\/formation-delegues-5e-4e-3e\/#primaryimage"},"image":{"@id":"https:\/\/www.stjb-delasalle.fr\/site\/2025\/11\/12\/formation-delegues-5e-4e-3e\/#primaryimage"},"thumbnailUrl":"https:\/\/www.stjb-delasalle.fr\/site\/wp-content\/uploads\/2025\/11\/1762342970397.jpeg","datePublished":"2025-11-12T15:33:11+00:00","description":"Le Coll\u00e8ge St Jean-Baptiste de La Salle \u00e0 Teloch\u00e9 offre depuis 1973 un cadre \u00e9ducatif privil\u00e9gi\u00e9 et des projets innovants au service des \u00e9l\u00e8ves.","breadcrumb":{"@id":"https:\/\/www.stjb-delasalle.fr\/site\/2025\/11\/12\/formation-delegues-5e-4e-3e\/#breadcrumb"},"inLanguage":"fr-FR","potentialAction":[{"@type":"ReadAction","target":["https:\/\/www.stjb-delasalle.fr\/site\/2025\/11\/12\/formation-delegues-5e-4e-3e\/"]}]},{"@type":"ImageObject","inLanguage":"fr-FR","@id":"https:\/\/www.stjb-delasalle.fr\/site\/2025\/11\/12\/formation-delegues-5e-4e-3e\/#primaryimage","url":"https:\/\/www.stjb-delasalle.fr\/site\/wp-content\/uploads\/2025\/11\/1762342970397.jpeg","contentUrl":"https:\/\/www.stjb-delasalle.fr\/site\/wp-content\/uploads\/2025\/11\/1762342970397.jpeg","width":1441,"height":1920},{"@type":"BreadcrumbList","@id":"https:\/\/www.stjb-delasalle.fr\/site\/2025\/11\/12\/formation-delegues-5e-4e-3e\/#breadcrumb","itemListElement":[{"@type":"ListItem","position":1,"name":"Accueil","item":"https:\/\/www.stjb-delasalle.fr\/site\/"},{"@type":"ListItem","position":2,"name":"Formation d\u00e9l\u00e9gu\u00e9s 5e, 4e, 3e"}]},{"@type":"WebSite","@id":"https:\/\/www.stjb-delasalle.fr\/site\/#website","url":"https:\/\/www.stjb-delasalle.fr\/site\/","name":"Coll\u00e8ge Saint Jean Baptiste de La Salle","description":"Notre coll\u00e8ge vous accueille sur le site du Rancher \u00e0 Teloch\u00e9","publisher":{"@id":"https:\/\/www.stjb-delasalle.fr\/site\/#organization"},"potentialAction":[{"@type":"SearchAction","target":{"@type":"EntryPoint","urlTemplate":"https:\/\/www.stjb-delasalle.fr\/site\/?s={search_term_string}"},"query-input":{"@type":"PropertyValueSpecification","valueRequired":true,"valueName":"search_term_string"}}],"inLanguage":"fr-FR"},{"@type":"Organization","@id":"https:\/\/www.stjb-delasalle.fr\/site\/#organization","name":"Coll\u00e8ge Saint Jean Baptiste de La Salle","url":"https:\/\/www.stjb-delasalle.fr\/site\/","logo":{"@type":"ImageObject","inLanguage":"fr-FR","@id":"https:\/\/www.stjb-delasalle.fr\/site\/#\/schema\/logo\/image\/","url":"https:\/\/www.stjb-delasalle.fr\/site\/wp-content\/uploads\/2021\/11\/logostjb_petit_transp.png","contentUrl":"https:\/\/www.stjb-delasalle.fr\/site\/wp-content\/uploads\/2021\/11\/logostjb_petit_transp.png","width":180,"height":127,"caption":"Coll\u00e8ge Saint Jean Baptiste de La Salle"},"image":{"@id":"https:\/\/www.stjb-delasalle.fr\/site\/#\/schema\/logo\/image\/"}},{"@type":"Person","@id":"https:\/\/www.stjb-delasalle.fr\/site\/#\/schema\/person\/488931e369608278a3449956554f1b95","name":"In\u00e8s Mesme","image":{"@type":"ImageObject","inLanguage":"fr-FR","@id":"https:\/\/secure.gravatar.com\/avatar\/859620b3c1bbefca879d070bd0b05a0c78ce9805744f2aa7e35bcbd6fbf05512?s=96&d=mm&r=g","url":"https:\/\/secure.gravatar.com\/avatar\/859620b3c1bbefca879d070bd0b05a0c78ce9805744f2aa7e35bcbd6fbf05512?s=96&d=mm&r=g","contentUrl":"https:\/\/secure.gravatar.com\/avatar\/859620b3c1bbefca879d070bd0b05a0c78ce9805744f2aa7e35bcbd6fbf05512?s=96&d=mm&r=g","caption":"In\u00e8s Mesme"},"sameAs":["http:\/\/www.stjb-delasalle.fr"],"url":"https:\/\/www.stjb-delasalle.fr\/site\/author\/communication\/"}]}},"_links":{"self":[{"href":"https:\/\/www.stjb-delasalle.fr\/site\/wp-json\/wp\/v2\/posts\/18349","targetHints":{"allow":["GET"]}}],"collection":[{"href":"https:\/\/www.stjb-delasalle.fr\/site\/wp-json\/wp\/v2\/posts"}],"about":[{"href":"https:\/\/www.stjb-delasalle.fr\/site\/wp-json\/wp\/v2\/types\/post"}],"author":[{"embeddable":true,"href":"https:\/\/www.stjb-delasalle.fr\/site\/wp-json\/wp\/v2\/users\/5"}],"replies":[{"embeddable":true,"href":"https:\/\/www.stjb-delasalle.fr\/site\/wp-json\/wp\/v2\/comments?post=18349"}],"version-history":[{"count":1,"href":"https:\/\/www.stjb-delasalle.fr\/site\/wp-json\/wp\/v2\/posts\/18349\/revisions"}],"predecessor-version":[{"id":18372,"href":"https:\/\/www.stjb-delasalle.fr\/site\/wp-json\/wp\/v2\/posts\/18349\/revisions\/18372"}],"wp:featuredmedia":[{"embeddable":true,"href":"https:\/\/www.stjb-delasalle.fr\/site\/wp-json\/wp\/v2\/media\/18344"}],"wp:attachment":[{"href":"https:\/\/www.stjb-delasalle.fr\/site\/wp-json\/wp\/v2\/media?parent=18349"}],"wp:term":[{"taxonomy":"category","embeddable":true,"href":"https:\/\/www.stjb-delasalle.fr\/site\/wp-json\/wp\/v2\/categories?post=18349"},{"taxonomy":"post_tag","embeddable":true,"href":"https:\/\/www.stjb-delasalle.fr\/site\/wp-json\/wp\/v2\/tags?post=18349"}],"curies":[{"name":"wp","href":"https:\/\/api.w.org\/{rel}","templated":true}]}}