{"id":18216,"date":"2025-10-15T07:05:00","date_gmt":"2025-10-15T07:05:00","guid":{"rendered":"https:\/\/www.stjb-delasalle.fr\/site\/?p=18216"},"modified":"2025-10-15T07:19:03","modified_gmt":"2025-10-15T07:19:03","slug":"formation-delegues-et-suppleants-6emes","status":"publish","type":"post","link":"https:\/\/www.stjb-delasalle.fr\/site\/2025\/10\/15\/formation-delegues-et-suppleants-6emes\/","title":{"rendered":"Formation d\u00e9l\u00e9gu\u00e9s et suppl\u00e9ants 6\u00e8mes"},"content":{"rendered":"<h1>Les nouveaux d\u00e9l\u00e9gu\u00e9s de 6\u1d49 entrent en action !<\/h1>\n<p>&nbsp;<\/p>\n<p>Ce mercredi 08 octobre, alors qu&rsquo;ils sont tout juste \u00e9lus par leurs camarades de classe, les \u00e9l\u00e8ves d\u00e9l\u00e9gu\u00e9s et les \u00e9l\u00e8ves d\u00e9l\u00e9gu\u00e9s suppl\u00e9ants ont assist\u00e9 \u00e0 une formation de deux heures pour comprendre leur mission. Cette formation a \u00e9t\u00e9 organis\u00e9e et dispens\u00e9e par Mme HOULBERT, r\u00e9f\u00e9rente vie scolaire du niveau 6\u00e8me et Mme BENOIST, responsable p\u00e9dagogique du niveau 6\u00e8me.<\/p>\n<p>Pour commencer, les \u00e9l\u00e8ves de 6\u00e8me ont particip\u00e9 au \u00ab\u00a0Jeu du journaliste\u00a0\u00bb. Cette activit\u00e9 a pour but de prendre la parole devant tout le groupe de d\u00e9l\u00e9gu\u00e9s et de d\u00e9l\u00e9gu\u00e9s suppl\u00e9ants (28 \u00e9l\u00e8ves au total). Puis, ils ont visionn\u00e9 une vid\u00e9o leur pr\u00e9sentant les r\u00f4les et missions des d\u00e9l\u00e9gu\u00e9s. Pour terminer cette premi\u00e8re partie de formation, apr\u00e8s lecture de documents, les \u00e9l\u00e8ves ont r\u00e9fl\u00e9chi, par groupes de trois ou quatre, \u00e0 ce que les d\u00e9l\u00e9gu\u00e9s ont le droit de faire ou de ne pas faire. Cette activit\u00e9 a permis de reformuler les devoirs et les droits des d\u00e9l\u00e9gu\u00e9s. En reformulant avec leurs propres mots, les \u00e9l\u00e8ves ont pu comprendre les enjeux du r\u00f4le de d\u00e9l\u00e9gu\u00e9 de classe.<\/p>\n<p>Cette formation aura une suite, Mmes HOULBERT et BENOIST ayant \u00e0 c\u0153ur de bien former les d\u00e9l\u00e9gu\u00e9s et les suppl\u00e9ants afin de poser un bon climat scolaire entre \u00e9l\u00e8ves dans l&rsquo;\u00e9tablissement. Elles souhaitent d\u00e9velopper l&#8217;empathie, l&rsquo;entraide, le respect mutuel afin d&rsquo;aider les \u00e9l\u00e8ves \u00e0 devenir de futurs citoyens responsables.<\/p>\n<p>&nbsp;<\/p>\n<p><em>Mme BENOIST, responsable p\u00e9dagogique du niveau 6\u00e8me<\/em><\/p>\n<p>&nbsp;<\/p>\n<p><img decoding=\"async\" class=\"alignnone size-full wp-image-18111\" src=\"https:\/\/www.stjb-delasalle.fr\/site\/wp-content\/uploads\/2025\/09\/IMG_1786.heic\" alt=\"\" \/><img decoding=\"async\" class=\"alignnone size-full wp-image-18106\" src=\"https:\/\/www.stjb-delasalle.fr\/site\/wp-content\/uploads\/2025\/09\/20250901_123909678_iOS.heic\" alt=\"\" \/>\u00a0<img fetchpriority=\"high\" decoding=\"async\" class=\"alignnone wp-image-18221\" style=\"font-weight: inherit;\" src=\"https:\/\/www.stjb-delasalle.fr\/site\/wp-content\/uploads\/2025\/10\/20251008_084250059_iOS-1024x768.jpg\" alt=\"\" width=\"802\" height=\"601\" srcset=\"https:\/\/www.stjb-delasalle.fr\/site\/wp-content\/uploads\/2025\/10\/20251008_084250059_iOS-1024x768.jpg 1024w, https:\/\/www.stjb-delasalle.fr\/site\/wp-content\/uploads\/2025\/10\/20251008_084250059_iOS-300x225.jpg 300w, https:\/\/www.stjb-delasalle.fr\/site\/wp-content\/uploads\/2025\/10\/20251008_084250059_iOS-768x576.jpg 768w, https:\/\/www.stjb-delasalle.fr\/site\/wp-content\/uploads\/2025\/10\/20251008_084250059_iOS-1536x1152.jpg 1536w, https:\/\/www.stjb-delasalle.fr\/site\/wp-content\/uploads\/2025\/10\/20251008_084250059_iOS-640x480.jpg 640w, https:\/\/www.stjb-delasalle.fr\/site\/wp-content\/uploads\/2025\/10\/20251008_084250059_iOS.jpg 1920w\" sizes=\"(max-width: 802px) 100vw, 802px\" \/><\/p>\n<p><img decoding=\"async\" class=\"alignnone wp-image-18218\" style=\"font-style: inherit; font-weight: inherit;\" src=\"https:\/\/www.stjb-delasalle.fr\/site\/wp-content\/uploads\/2025\/10\/20251008_073754557_iOS-1024x768.jpg\" alt=\"\" width=\"811\" height=\"608\" srcset=\"https:\/\/www.stjb-delasalle.fr\/site\/wp-content\/uploads\/2025\/10\/20251008_073754557_iOS-1024x768.jpg 1024w, https:\/\/www.stjb-delasalle.fr\/site\/wp-content\/uploads\/2025\/10\/20251008_073754557_iOS-300x225.jpg 300w, https:\/\/www.stjb-delasalle.fr\/site\/wp-content\/uploads\/2025\/10\/20251008_073754557_iOS-768x576.jpg 768w, https:\/\/www.stjb-delasalle.fr\/site\/wp-content\/uploads\/2025\/10\/20251008_073754557_iOS-1536x1152.jpg 1536w, https:\/\/www.stjb-delasalle.fr\/site\/wp-content\/uploads\/2025\/10\/20251008_073754557_iOS-640x480.jpg 640w, https:\/\/www.stjb-delasalle.fr\/site\/wp-content\/uploads\/2025\/10\/20251008_073754557_iOS.jpg 1920w\" sizes=\"(max-width: 811px) 100vw, 811px\" \/><\/p>\n<p><img decoding=\"async\" class=\"alignnone wp-image-18219\" src=\"https:\/\/www.stjb-delasalle.fr\/site\/wp-content\/uploads\/2025\/10\/20251008_074417601_iOS-1024x768.jpg\" alt=\"\" width=\"812\" height=\"609\" srcset=\"https:\/\/www.stjb-delasalle.fr\/site\/wp-content\/uploads\/2025\/10\/20251008_074417601_iOS-1024x768.jpg 1024w, https:\/\/www.stjb-delasalle.fr\/site\/wp-content\/uploads\/2025\/10\/20251008_074417601_iOS-300x225.jpg 300w, https:\/\/www.stjb-delasalle.fr\/site\/wp-content\/uploads\/2025\/10\/20251008_074417601_iOS-768x576.jpg 768w, https:\/\/www.stjb-delasalle.fr\/site\/wp-content\/uploads\/2025\/10\/20251008_074417601_iOS-1536x1152.jpg 1536w, https:\/\/www.stjb-delasalle.fr\/site\/wp-content\/uploads\/2025\/10\/20251008_074417601_iOS-640x480.jpg 640w, https:\/\/www.stjb-delasalle.fr\/site\/wp-content\/uploads\/2025\/10\/20251008_074417601_iOS.jpg 1920w\" sizes=\"(max-width: 812px) 100vw, 812px\" \/><\/p>\n<p>&nbsp;<\/p>\n<p><img decoding=\"async\" class=\"alignnone size-full wp-image-18105\" src=\"https:\/\/www.stjb-delasalle.fr\/site\/wp-content\/uploads\/2025\/09\/20250901_122200165_iOS.heic\" alt=\"\" \/><!--more--><\/p>\n","protected":false},"excerpt":{"rendered":"<p>Les nouveaux d\u00e9l\u00e9gu\u00e9s de 6\u1d49 entrent en action ! &nbsp; Ce mercredi 08 octobre, alors qu&rsquo;ils sont tout juste \u00e9lus par leurs camarades de classe, les \u00e9l\u00e8ves d\u00e9l\u00e9gu\u00e9s et les \u00e9l\u00e8ves d\u00e9l\u00e9gu\u00e9s suppl\u00e9ants ont assist\u00e9 \u00e0 une formation de deux heures pour comprendre leur mission. Cette formation a \u00e9t\u00e9 organis\u00e9e et dispens\u00e9e par Mme HOULBERT, [&hellip;]<\/p>\n","protected":false},"author":3,"featured_media":18221,"comment_status":"open","ping_status":"open","sticky":false,"template":"","format":"standard","meta":{"site-sidebar-layout":"default","site-content-layout":"","ast-site-content-layout":"default","site-content-style":"default","site-sidebar-style":"default","ast-global-header-display":"","ast-banner-title-visibility":"","ast-main-header-display":"","ast-hfb-above-header-display":"","ast-hfb-below-header-display":"","ast-hfb-mobile-header-display":"","site-post-title":"","ast-breadcrumbs-content":"","ast-featured-img":"","footer-sml-layout":"","ast-disable-related-posts":"","theme-transparent-header-meta":"default","adv-header-id-meta":"","stick-header-meta":"","header-above-stick-meta":"","header-main-stick-meta":"","header-below-stick-meta":"","astra-migrate-meta-layouts":"set","ast-page-background-enabled":"default","ast-page-background-meta":{"desktop":{"background-color":"var(--ast-global-color-4)","background-image":"","background-repeat":"repeat","background-position":"center center","background-size":"auto","background-attachment":"scroll","background-type":"","background-media":"","overlay-type":"","overlay-color":"","overlay-opacity":"","overlay-gradient":""},"tablet":{"background-color":"","background-image":"","background-repeat":"repeat","background-position":"center center","background-size":"auto","background-attachment":"scroll","background-type":"","background-media":"","overlay-type":"","overlay-color":"","overlay-opacity":"","overlay-gradient":""},"mobile":{"background-color":"","background-image":"","background-repeat":"repeat","background-position":"center center","background-size":"auto","background-attachment":"scroll","background-type":"","background-media":"","overlay-type":"","overlay-color":"","overlay-opacity":"","overlay-gradient":""}},"ast-content-background-meta":{"desktop":{"background-color":"var(--ast-global-color-5)","background-image":"","background-repeat":"repeat","background-position":"center center","background-size":"auto","background-attachment":"scroll","background-type":"","background-media":"","overlay-type":"","overlay-color":"","overlay-opacity":"","overlay-gradient":""},"tablet":{"background-color":"var(--ast-global-color-5)","background-image":"","background-repeat":"repeat","background-position":"center center","background-size":"auto","background-attachment":"scroll","background-type":"","background-media":"","overlay-type":"","overlay-color":"","overlay-opacity":"","overlay-gradient":""},"mobile":{"background-color":"var(--ast-global-color-5)","background-image":"","background-repeat":"repeat","background-position":"center center","background-size":"auto","background-attachment":"scroll","background-type":"","background-media":"","overlay-type":"","overlay-color":"","overlay-opacity":"","overlay-gradient":""}},"footnotes":""},"categories":[57,6],"tags":[],"class_list":["post-18216","post","type-post","status-publish","format-standard","has-post-thumbnail","hentry","category-activites-6e","category-college"],"yoast_head":"<!-- This site is optimized with the Yoast SEO plugin v27.5 - https:\/\/yoast.com\/product\/yoast-seo-wordpress\/ -->\n<title>Coll\u00e8ge St Jean-Baptiste de La Salle - Le Rancher Teloch\u00e9<\/title>\n<meta name=\"description\" content=\"Le Coll\u00e8ge St Jean-Baptiste de La Salle accueille les \u00e9l\u00e8ves dans un cadre exceptionnel \u00e0 Teloch\u00e9 depuis 1973, et d\u00e9veloppe au quotidien des projets innovants au service des jeunes.\" \/>\n<meta name=\"robots\" content=\"index, follow, max-snippet:-1, max-image-preview:large, max-video-preview:-1\" \/>\n<link rel=\"canonical\" href=\"https:\/\/www.stjb-delasalle.fr\/site\/2025\/10\/15\/formation-delegues-et-suppleants-6emes\/\" \/>\n<meta property=\"og:locale\" content=\"fr_FR\" \/>\n<meta property=\"og:type\" content=\"article\" \/>\n<meta property=\"og:title\" content=\"Coll\u00e8ge St Jean-Baptiste de La Salle - Le Rancher Teloch\u00e9\" \/>\n<meta property=\"og:description\" content=\"Le Coll\u00e8ge St Jean-Baptiste de La Salle accueille les \u00e9l\u00e8ves dans un cadre exceptionnel \u00e0 Teloch\u00e9 depuis 1973, et d\u00e9veloppe au quotidien des projets innovants au service des jeunes.\" \/>\n<meta property=\"og:url\" content=\"https:\/\/www.stjb-delasalle.fr\/site\/2025\/10\/15\/formation-delegues-et-suppleants-6emes\/\" \/>\n<meta property=\"og:site_name\" content=\"Coll\u00e8ge Saint Jean Baptiste de La Salle\" \/>\n<meta property=\"article:published_time\" content=\"2025-10-15T07:05:00+00:00\" \/>\n<meta property=\"article:modified_time\" content=\"2025-10-15T07:19:03+00:00\" \/>\n<meta property=\"og:image\" content=\"https:\/\/www.stjb-delasalle.fr\/site\/wp-content\/uploads\/2025\/10\/20251008_084250059_iOS.jpg\" \/>\n\t<meta property=\"og:image:width\" content=\"1920\" \/>\n\t<meta property=\"og:image:height\" content=\"1440\" \/>\n\t<meta property=\"og:image:type\" content=\"image\/jpeg\" \/>\n<meta name=\"author\" content=\"s.couret\" \/>\n<meta name=\"twitter:card\" content=\"summary_large_image\" \/>\n<meta name=\"twitter:label1\" content=\"\u00c9crit par\" \/>\n\t<meta name=\"twitter:data1\" content=\"s.couret\" \/>\n\t<meta name=\"twitter:label2\" content=\"Dur\u00e9e de lecture estim\u00e9e\" \/>\n\t<meta name=\"twitter:data2\" content=\"3 minutes\" \/>\n<script type=\"application\/ld+json\" class=\"yoast-schema-graph\">{\"@context\":\"https:\\\/\\\/schema.org\",\"@graph\":[{\"@type\":\"Article\",\"@id\":\"https:\\\/\\\/www.stjb-delasalle.fr\\\/site\\\/2025\\\/10\\\/15\\\/formation-delegues-et-suppleants-6emes\\\/#article\",\"isPartOf\":{\"@id\":\"https:\\\/\\\/www.stjb-delasalle.fr\\\/site\\\/2025\\\/10\\\/15\\\/formation-delegues-et-suppleants-6emes\\\/\"},\"author\":{\"name\":\"s.couret\",\"@id\":\"https:\\\/\\\/www.stjb-delasalle.fr\\\/site\\\/#\\\/schema\\\/person\\\/29e031eae2fbe58aca689f9074d3616a\"},\"headline\":\"Formation d\u00e9l\u00e9gu\u00e9s et suppl\u00e9ants 6\u00e8mes\",\"datePublished\":\"2025-10-15T07:05:00+00:00\",\"dateModified\":\"2025-10-15T07:19:03+00:00\",\"mainEntityOfPage\":{\"@id\":\"https:\\\/\\\/www.stjb-delasalle.fr\\\/site\\\/2025\\\/10\\\/15\\\/formation-delegues-et-suppleants-6emes\\\/\"},\"wordCount\":303,\"commentCount\":0,\"publisher\":{\"@id\":\"https:\\\/\\\/www.stjb-delasalle.fr\\\/site\\\/#organization\"},\"image\":{\"@id\":\"https:\\\/\\\/www.stjb-delasalle.fr\\\/site\\\/2025\\\/10\\\/15\\\/formation-delegues-et-suppleants-6emes\\\/#primaryimage\"},\"thumbnailUrl\":\"https:\\\/\\\/www.stjb-delasalle.fr\\\/site\\\/wp-content\\\/uploads\\\/2025\\\/10\\\/20251008_084250059_iOS.jpg\",\"articleSection\":[\"Activit\u00e9s 6e\",\"Coll\u00e8ge\"],\"inLanguage\":\"fr-FR\",\"potentialAction\":[{\"@type\":\"CommentAction\",\"name\":\"Comment\",\"target\":[\"https:\\\/\\\/www.stjb-delasalle.fr\\\/site\\\/2025\\\/10\\\/15\\\/formation-delegues-et-suppleants-6emes\\\/#respond\"]}]},{\"@type\":\"WebPage\",\"@id\":\"https:\\\/\\\/www.stjb-delasalle.fr\\\/site\\\/2025\\\/10\\\/15\\\/formation-delegues-et-suppleants-6emes\\\/\",\"url\":\"https:\\\/\\\/www.stjb-delasalle.fr\\\/site\\\/2025\\\/10\\\/15\\\/formation-delegues-et-suppleants-6emes\\\/\",\"name\":\"Coll\u00e8ge St Jean-Baptiste de La Salle - Le Rancher Teloch\u00e9\",\"isPartOf\":{\"@id\":\"https:\\\/\\\/www.stjb-delasalle.fr\\\/site\\\/#website\"},\"primaryImageOfPage\":{\"@id\":\"https:\\\/\\\/www.stjb-delasalle.fr\\\/site\\\/2025\\\/10\\\/15\\\/formation-delegues-et-suppleants-6emes\\\/#primaryimage\"},\"image\":{\"@id\":\"https:\\\/\\\/www.stjb-delasalle.fr\\\/site\\\/2025\\\/10\\\/15\\\/formation-delegues-et-suppleants-6emes\\\/#primaryimage\"},\"thumbnailUrl\":\"https:\\\/\\\/www.stjb-delasalle.fr\\\/site\\\/wp-content\\\/uploads\\\/2025\\\/10\\\/20251008_084250059_iOS.jpg\",\"datePublished\":\"2025-10-15T07:05:00+00:00\",\"dateModified\":\"2025-10-15T07:19:03+00:00\",\"description\":\"Le Coll\u00e8ge St Jean-Baptiste de La Salle accueille les \u00e9l\u00e8ves dans un cadre exceptionnel \u00e0 Teloch\u00e9 depuis 1973, et d\u00e9veloppe au quotidien des projets innovants au service des jeunes.\",\"breadcrumb\":{\"@id\":\"https:\\\/\\\/www.stjb-delasalle.fr\\\/site\\\/2025\\\/10\\\/15\\\/formation-delegues-et-suppleants-6emes\\\/#breadcrumb\"},\"inLanguage\":\"fr-FR\",\"potentialAction\":[{\"@type\":\"ReadAction\",\"target\":[\"https:\\\/\\\/www.stjb-delasalle.fr\\\/site\\\/2025\\\/10\\\/15\\\/formation-delegues-et-suppleants-6emes\\\/\"]}]},{\"@type\":\"ImageObject\",\"inLanguage\":\"fr-FR\",\"@id\":\"https:\\\/\\\/www.stjb-delasalle.fr\\\/site\\\/2025\\\/10\\\/15\\\/formation-delegues-et-suppleants-6emes\\\/#primaryimage\",\"url\":\"https:\\\/\\\/www.stjb-delasalle.fr\\\/site\\\/wp-content\\\/uploads\\\/2025\\\/10\\\/20251008_084250059_iOS.jpg\",\"contentUrl\":\"https:\\\/\\\/www.stjb-delasalle.fr\\\/site\\\/wp-content\\\/uploads\\\/2025\\\/10\\\/20251008_084250059_iOS.jpg\",\"width\":1920,\"height\":1440,\"caption\":\"Formation d\u00e9l\u00e9gu\u00e9s 6e\"},{\"@type\":\"BreadcrumbList\",\"@id\":\"https:\\\/\\\/www.stjb-delasalle.fr\\\/site\\\/2025\\\/10\\\/15\\\/formation-delegues-et-suppleants-6emes\\\/#breadcrumb\",\"itemListElement\":[{\"@type\":\"ListItem\",\"position\":1,\"name\":\"Accueil\",\"item\":\"https:\\\/\\\/www.stjb-delasalle.fr\\\/site\\\/\"},{\"@type\":\"ListItem\",\"position\":2,\"name\":\"Formation d\u00e9l\u00e9gu\u00e9s et suppl\u00e9ants 6\u00e8mes\"}]},{\"@type\":\"WebSite\",\"@id\":\"https:\\\/\\\/www.stjb-delasalle.fr\\\/site\\\/#website\",\"url\":\"https:\\\/\\\/www.stjb-delasalle.fr\\\/site\\\/\",\"name\":\"Coll\u00e8ge Saint Jean Baptiste de La Salle\",\"description\":\"Notre coll\u00e8ge vous accueille sur le site du Rancher \u00e0 Teloch\u00e9\",\"publisher\":{\"@id\":\"https:\\\/\\\/www.stjb-delasalle.fr\\\/site\\\/#organization\"},\"potentialAction\":[{\"@type\":\"SearchAction\",\"target\":{\"@type\":\"EntryPoint\",\"urlTemplate\":\"https:\\\/\\\/www.stjb-delasalle.fr\\\/site\\\/?s={search_term_string}\"},\"query-input\":{\"@type\":\"PropertyValueSpecification\",\"valueRequired\":true,\"valueName\":\"search_term_string\"}}],\"inLanguage\":\"fr-FR\"},{\"@type\":\"Organization\",\"@id\":\"https:\\\/\\\/www.stjb-delasalle.fr\\\/site\\\/#organization\",\"name\":\"Coll\u00e8ge Saint Jean Baptiste de La Salle\",\"url\":\"https:\\\/\\\/www.stjb-delasalle.fr\\\/site\\\/\",\"logo\":{\"@type\":\"ImageObject\",\"inLanguage\":\"fr-FR\",\"@id\":\"https:\\\/\\\/www.stjb-delasalle.fr\\\/site\\\/#\\\/schema\\\/logo\\\/image\\\/\",\"url\":\"https:\\\/\\\/www.stjb-delasalle.fr\\\/site\\\/wp-content\\\/uploads\\\/2021\\\/11\\\/logostjb_petit_transp.png\",\"contentUrl\":\"https:\\\/\\\/www.stjb-delasalle.fr\\\/site\\\/wp-content\\\/uploads\\\/2021\\\/11\\\/logostjb_petit_transp.png\",\"width\":180,\"height\":127,\"caption\":\"Coll\u00e8ge Saint Jean Baptiste de La Salle\"},\"image\":{\"@id\":\"https:\\\/\\\/www.stjb-delasalle.fr\\\/site\\\/#\\\/schema\\\/logo\\\/image\\\/\"}},{\"@type\":\"Person\",\"@id\":\"https:\\\/\\\/www.stjb-delasalle.fr\\\/site\\\/#\\\/schema\\\/person\\\/29e031eae2fbe58aca689f9074d3616a\",\"name\":\"s.couret\",\"image\":{\"@type\":\"ImageObject\",\"inLanguage\":\"fr-FR\",\"@id\":\"https:\\\/\\\/secure.gravatar.com\\\/avatar\\\/83474c4b01f4d5df531ba9e1ae59f6610ffe9a3c76657f973718ba9fff166522?s=96&d=mm&r=g\",\"url\":\"https:\\\/\\\/secure.gravatar.com\\\/avatar\\\/83474c4b01f4d5df531ba9e1ae59f6610ffe9a3c76657f973718ba9fff166522?s=96&d=mm&r=g\",\"contentUrl\":\"https:\\\/\\\/secure.gravatar.com\\\/avatar\\\/83474c4b01f4d5df531ba9e1ae59f6610ffe9a3c76657f973718ba9fff166522?s=96&d=mm&r=g\",\"caption\":\"s.couret\"},\"url\":\"https:\\\/\\\/www.stjb-delasalle.fr\\\/site\\\/author\\\/s-couret\\\/\"}]}<\/script>\n<!-- \/ Yoast SEO plugin. -->","yoast_head_json":{"title":"Coll\u00e8ge St Jean-Baptiste de La Salle - Le Rancher Teloch\u00e9","description":"Le Coll\u00e8ge St Jean-Baptiste de La Salle accueille les \u00e9l\u00e8ves dans un cadre exceptionnel \u00e0 Teloch\u00e9 depuis 1973, et d\u00e9veloppe au quotidien des projets innovants au service des jeunes.","robots":{"index":"index","follow":"follow","max-snippet":"max-snippet:-1","max-image-preview":"max-image-preview:large","max-video-preview":"max-video-preview:-1"},"canonical":"https:\/\/www.stjb-delasalle.fr\/site\/2025\/10\/15\/formation-delegues-et-suppleants-6emes\/","og_locale":"fr_FR","og_type":"article","og_title":"Coll\u00e8ge St Jean-Baptiste de La Salle - Le Rancher Teloch\u00e9","og_description":"Le Coll\u00e8ge St Jean-Baptiste de La Salle accueille les \u00e9l\u00e8ves dans un cadre exceptionnel \u00e0 Teloch\u00e9 depuis 1973, et d\u00e9veloppe au quotidien des projets innovants au service des jeunes.","og_url":"https:\/\/www.stjb-delasalle.fr\/site\/2025\/10\/15\/formation-delegues-et-suppleants-6emes\/","og_site_name":"Coll\u00e8ge Saint Jean Baptiste de La Salle","article_published_time":"2025-10-15T07:05:00+00:00","article_modified_time":"2025-10-15T07:19:03+00:00","og_image":[{"width":1920,"height":1440,"url":"https:\/\/www.stjb-delasalle.fr\/site\/wp-content\/uploads\/2025\/10\/20251008_084250059_iOS.jpg","type":"image\/jpeg"}],"author":"s.couret","twitter_card":"summary_large_image","twitter_misc":{"\u00c9crit par":"s.couret","Dur\u00e9e de lecture estim\u00e9e":"3 minutes"},"schema":{"@context":"https:\/\/schema.org","@graph":[{"@type":"Article","@id":"https:\/\/www.stjb-delasalle.fr\/site\/2025\/10\/15\/formation-delegues-et-suppleants-6emes\/#article","isPartOf":{"@id":"https:\/\/www.stjb-delasalle.fr\/site\/2025\/10\/15\/formation-delegues-et-suppleants-6emes\/"},"author":{"name":"s.couret","@id":"https:\/\/www.stjb-delasalle.fr\/site\/#\/schema\/person\/29e031eae2fbe58aca689f9074d3616a"},"headline":"Formation d\u00e9l\u00e9gu\u00e9s et suppl\u00e9ants 6\u00e8mes","datePublished":"2025-10-15T07:05:00+00:00","dateModified":"2025-10-15T07:19:03+00:00","mainEntityOfPage":{"@id":"https:\/\/www.stjb-delasalle.fr\/site\/2025\/10\/15\/formation-delegues-et-suppleants-6emes\/"},"wordCount":303,"commentCount":0,"publisher":{"@id":"https:\/\/www.stjb-delasalle.fr\/site\/#organization"},"image":{"@id":"https:\/\/www.stjb-delasalle.fr\/site\/2025\/10\/15\/formation-delegues-et-suppleants-6emes\/#primaryimage"},"thumbnailUrl":"https:\/\/www.stjb-delasalle.fr\/site\/wp-content\/uploads\/2025\/10\/20251008_084250059_iOS.jpg","articleSection":["Activit\u00e9s 6e","Coll\u00e8ge"],"inLanguage":"fr-FR","potentialAction":[{"@type":"CommentAction","name":"Comment","target":["https:\/\/www.stjb-delasalle.fr\/site\/2025\/10\/15\/formation-delegues-et-suppleants-6emes\/#respond"]}]},{"@type":"WebPage","@id":"https:\/\/www.stjb-delasalle.fr\/site\/2025\/10\/15\/formation-delegues-et-suppleants-6emes\/","url":"https:\/\/www.stjb-delasalle.fr\/site\/2025\/10\/15\/formation-delegues-et-suppleants-6emes\/","name":"Coll\u00e8ge St Jean-Baptiste de La Salle - Le Rancher Teloch\u00e9","isPartOf":{"@id":"https:\/\/www.stjb-delasalle.fr\/site\/#website"},"primaryImageOfPage":{"@id":"https:\/\/www.stjb-delasalle.fr\/site\/2025\/10\/15\/formation-delegues-et-suppleants-6emes\/#primaryimage"},"image":{"@id":"https:\/\/www.stjb-delasalle.fr\/site\/2025\/10\/15\/formation-delegues-et-suppleants-6emes\/#primaryimage"},"thumbnailUrl":"https:\/\/www.stjb-delasalle.fr\/site\/wp-content\/uploads\/2025\/10\/20251008_084250059_iOS.jpg","datePublished":"2025-10-15T07:05:00+00:00","dateModified":"2025-10-15T07:19:03+00:00","description":"Le Coll\u00e8ge St Jean-Baptiste de La Salle accueille les \u00e9l\u00e8ves dans un cadre exceptionnel \u00e0 Teloch\u00e9 depuis 1973, et d\u00e9veloppe au quotidien des projets innovants au service des jeunes.","breadcrumb":{"@id":"https:\/\/www.stjb-delasalle.fr\/site\/2025\/10\/15\/formation-delegues-et-suppleants-6emes\/#breadcrumb"},"inLanguage":"fr-FR","potentialAction":[{"@type":"ReadAction","target":["https:\/\/www.stjb-delasalle.fr\/site\/2025\/10\/15\/formation-delegues-et-suppleants-6emes\/"]}]},{"@type":"ImageObject","inLanguage":"fr-FR","@id":"https:\/\/www.stjb-delasalle.fr\/site\/2025\/10\/15\/formation-delegues-et-suppleants-6emes\/#primaryimage","url":"https:\/\/www.stjb-delasalle.fr\/site\/wp-content\/uploads\/2025\/10\/20251008_084250059_iOS.jpg","contentUrl":"https:\/\/www.stjb-delasalle.fr\/site\/wp-content\/uploads\/2025\/10\/20251008_084250059_iOS.jpg","width":1920,"height":1440,"caption":"Formation d\u00e9l\u00e9gu\u00e9s 6e"},{"@type":"BreadcrumbList","@id":"https:\/\/www.stjb-delasalle.fr\/site\/2025\/10\/15\/formation-delegues-et-suppleants-6emes\/#breadcrumb","itemListElement":[{"@type":"ListItem","position":1,"name":"Accueil","item":"https:\/\/www.stjb-delasalle.fr\/site\/"},{"@type":"ListItem","position":2,"name":"Formation d\u00e9l\u00e9gu\u00e9s et suppl\u00e9ants 6\u00e8mes"}]},{"@type":"WebSite","@id":"https:\/\/www.stjb-delasalle.fr\/site\/#website","url":"https:\/\/www.stjb-delasalle.fr\/site\/","name":"Coll\u00e8ge Saint Jean Baptiste de La Salle","description":"Notre coll\u00e8ge vous accueille sur le site du Rancher \u00e0 Teloch\u00e9","publisher":{"@id":"https:\/\/www.stjb-delasalle.fr\/site\/#organization"},"potentialAction":[{"@type":"SearchAction","target":{"@type":"EntryPoint","urlTemplate":"https:\/\/www.stjb-delasalle.fr\/site\/?s={search_term_string}"},"query-input":{"@type":"PropertyValueSpecification","valueRequired":true,"valueName":"search_term_string"}}],"inLanguage":"fr-FR"},{"@type":"Organization","@id":"https:\/\/www.stjb-delasalle.fr\/site\/#organization","name":"Coll\u00e8ge Saint Jean Baptiste de La Salle","url":"https:\/\/www.stjb-delasalle.fr\/site\/","logo":{"@type":"ImageObject","inLanguage":"fr-FR","@id":"https:\/\/www.stjb-delasalle.fr\/site\/#\/schema\/logo\/image\/","url":"https:\/\/www.stjb-delasalle.fr\/site\/wp-content\/uploads\/2021\/11\/logostjb_petit_transp.png","contentUrl":"https:\/\/www.stjb-delasalle.fr\/site\/wp-content\/uploads\/2021\/11\/logostjb_petit_transp.png","width":180,"height":127,"caption":"Coll\u00e8ge Saint Jean Baptiste de La Salle"},"image":{"@id":"https:\/\/www.stjb-delasalle.fr\/site\/#\/schema\/logo\/image\/"}},{"@type":"Person","@id":"https:\/\/www.stjb-delasalle.fr\/site\/#\/schema\/person\/29e031eae2fbe58aca689f9074d3616a","name":"s.couret","image":{"@type":"ImageObject","inLanguage":"fr-FR","@id":"https:\/\/secure.gravatar.com\/avatar\/83474c4b01f4d5df531ba9e1ae59f6610ffe9a3c76657f973718ba9fff166522?s=96&d=mm&r=g","url":"https:\/\/secure.gravatar.com\/avatar\/83474c4b01f4d5df531ba9e1ae59f6610ffe9a3c76657f973718ba9fff166522?s=96&d=mm&r=g","contentUrl":"https:\/\/secure.gravatar.com\/avatar\/83474c4b01f4d5df531ba9e1ae59f6610ffe9a3c76657f973718ba9fff166522?s=96&d=mm&r=g","caption":"s.couret"},"url":"https:\/\/www.stjb-delasalle.fr\/site\/author\/s-couret\/"}]}},"_links":{"self":[{"href":"https:\/\/www.stjb-delasalle.fr\/site\/wp-json\/wp\/v2\/posts\/18216","targetHints":{"allow":["GET"]}}],"collection":[{"href":"https:\/\/www.stjb-delasalle.fr\/site\/wp-json\/wp\/v2\/posts"}],"about":[{"href":"https:\/\/www.stjb-delasalle.fr\/site\/wp-json\/wp\/v2\/types\/post"}],"author":[{"embeddable":true,"href":"https:\/\/www.stjb-delasalle.fr\/site\/wp-json\/wp\/v2\/users\/3"}],"replies":[{"embeddable":true,"href":"https:\/\/www.stjb-delasalle.fr\/site\/wp-json\/wp\/v2\/comments?post=18216"}],"version-history":[{"count":5,"href":"https:\/\/www.stjb-delasalle.fr\/site\/wp-json\/wp\/v2\/posts\/18216\/revisions"}],"predecessor-version":[{"id":18244,"href":"https:\/\/www.stjb-delasalle.fr\/site\/wp-json\/wp\/v2\/posts\/18216\/revisions\/18244"}],"wp:featuredmedia":[{"embeddable":true,"href":"https:\/\/www.stjb-delasalle.fr\/site\/wp-json\/wp\/v2\/media\/18221"}],"wp:attachment":[{"href":"https:\/\/www.stjb-delasalle.fr\/site\/wp-json\/wp\/v2\/media?parent=18216"}],"wp:term":[{"taxonomy":"category","embeddable":true,"href":"https:\/\/www.stjb-delasalle.fr\/site\/wp-json\/wp\/v2\/categories?post=18216"},{"taxonomy":"post_tag","embeddable":true,"href":"https:\/\/www.stjb-delasalle.fr\/site\/wp-json\/wp\/v2\/tags?post=18216"}],"curies":[{"name":"wp","href":"https:\/\/api.w.org\/{rel}","templated":true}]}}