{"id":17946,"date":"2025-06-24T10:58:47","date_gmt":"2025-06-24T10:58:47","guid":{"rendered":"https:\/\/www.stjb-delasalle.fr\/site\/?p=17946"},"modified":"2025-06-24T11:04:31","modified_gmt":"2025-06-24T11:04:31","slug":"cetait-la-derniere-avant-la-prochaine","status":"publish","type":"post","link":"https:\/\/www.stjb-delasalle.fr\/site\/2025\/06\/24\/cetait-la-derniere-avant-la-prochaine\/","title":{"rendered":"C\u2019\u00e9tait la derni\u00e8re\u2026 avant la prochaine !"},"content":{"rendered":"<h1>Repr\u00e9sentations au coll\u00e8ge<\/h1>\n<p>&nbsp;<\/p>\n<p><em><strong>Le vendredi 13 juin dernier, l\u2019option th\u00e9\u00e2tre du coll\u00e8ge, compos\u00e9e de 15 acteurs de 4\u00e8me et de 3\u00e8me s\u2019est produite avec \u00e9nergie et enthousiasme \u00e0 deux reprises dans l\u2019Amphith\u00e9\u00e2tre devant un public nombreux, d\u2019amis, d\u2019\u00e9l\u00e8ves, de parents, d\u2019adultes enseignants et non enseignants.<\/strong><\/em><\/p>\n<p><em><strong>Tout au long de cette ann\u00e9e scolaire, les com\u00e9diens de l\u2019option th\u00e9\u00e2tre, entour\u00e9s d\u2019une enseignante et d\u2019une com\u00e9dienne, Caroline Coust\u00e8re, ont r\u00e9p\u00e9t\u00e9 et mis en sc\u00e8ne la pi\u00e8ce \u00ab Les Papes aussi ont une maman \u00bb d\u2019apr\u00e8s un texte de Marine Auriol.<\/strong><\/em><\/p>\n<p>Cette com\u00e9die douce am\u00e8re \u00e9voque le sort une adolescente attachante, Tiote, \u00e9lev\u00e9e par son p\u00e8re et submerg\u00e9e par les questions autour de sa m\u00e8re disparue alors qu\u2019elle \u00e9tait toute petite. Tant\u00f4t elle r\u00eave d\u2019une m\u00e8re id\u00e9ale, tant\u00f4t elle la d\u00e9teste de ne pas r\u00e9pondre \u00e0 ses questions.<\/p>\n<p>La mise en sc\u00e8ne a fait le choix de faire porter la responsabilit\u00e9 des personnages principaux \u00e0 plusieurs acteurs ou actrices et de proposer une vision tant\u00f4t fantaisiste, tant\u00f4t sensible de la pi\u00e8ce de Marine Auriol.<\/p>\n<p>Les deux repr\u00e9sentations donn\u00e9es le vendredi 13 (est-ce un hasard\u2026 ?) ont \u00e9t\u00e9 une franche r\u00e9ussite. En effet, le public, nombreux, a montr\u00e9 un franc plaisir \u00e0 voir se produire nos jeunes com\u00e9diens qui ont donn\u00e9 le meilleur d\u2019eux-m\u00eame. Qu\u2019ils en soient ici \u00e0 nouveau remerci\u00e9s.<\/p>\n<p>Une page se tourne avec ces repr\u00e9sentations puisque 8 \u00e9l\u00e8ves de 3\u00e8me nous quittent pour rejoindre le lyc\u00e9e mais de jeunes recrues se pr\u00e9parent d\u00e9j\u00e0 et la troupe de l\u2019ann\u00e9e 2025-2026 est d\u00e9j\u00e0 constitu\u00e9e pour de nouvelles aventures\u2026<\/p>\n<p>Au plaisir de vous retrouver nombreux en juin 2026\u2026 !<\/p>\n<p>Marie Bourdin,<\/p>\n<p>Pour l&rsquo;option Th\u00e9\u00e2tre<\/p>\n<p><img fetchpriority=\"high\" decoding=\"async\" class=\"alignnone wp-image-17976 size-full\" src=\"https:\/\/www.stjb-delasalle.fr\/site\/wp-content\/uploads\/2025\/06\/IMG_8261.jpeg\" alt=\"\" width=\"769\" height=\"504\" srcset=\"https:\/\/www.stjb-delasalle.fr\/site\/wp-content\/uploads\/2025\/06\/IMG_8261.jpeg 769w, https:\/\/www.stjb-delasalle.fr\/site\/wp-content\/uploads\/2025\/06\/IMG_8261-300x197.jpeg 300w\" sizes=\"(max-width: 769px) 100vw, 769px\" \/><img decoding=\"async\" class=\"alignnone wp-image-17978\" src=\"https:\/\/www.stjb-delasalle.fr\/site\/wp-content\/uploads\/2025\/06\/IMG_8268.jpeg\" alt=\"\" width=\"769\" height=\"599\" srcset=\"https:\/\/www.stjb-delasalle.fr\/site\/wp-content\/uploads\/2025\/06\/IMG_8268.jpeg 714w, https:\/\/www.stjb-delasalle.fr\/site\/wp-content\/uploads\/2025\/06\/IMG_8268-300x234.jpeg 300w\" sizes=\"(max-width: 769px) 100vw, 769px\" \/><\/p>\n<p><img decoding=\"async\" class=\"wp-image-17977\" src=\"https:\/\/www.stjb-delasalle.fr\/site\/wp-content\/uploads\/2025\/06\/IMG_8267.jpeg\" alt=\"\" width=\"769\" height=\"537\" srcset=\"https:\/\/www.stjb-delasalle.fr\/site\/wp-content\/uploads\/2025\/06\/IMG_8267.jpeg 719w, https:\/\/www.stjb-delasalle.fr\/site\/wp-content\/uploads\/2025\/06\/IMG_8267-300x209.jpeg 300w\" sizes=\"(max-width: 769px) 100vw, 769px\" \/><\/p>\n<p><img loading=\"lazy\" decoding=\"async\" class=\"alignnone wp-image-17980\" src=\"https:\/\/www.stjb-delasalle.fr\/site\/wp-content\/uploads\/2025\/06\/IMG_8266-1024x576.jpeg\" alt=\"\" width=\"769\" height=\"433\" srcset=\"https:\/\/www.stjb-delasalle.fr\/site\/wp-content\/uploads\/2025\/06\/IMG_8266-1024x576.jpeg 1024w, https:\/\/www.stjb-delasalle.fr\/site\/wp-content\/uploads\/2025\/06\/IMG_8266-300x169.jpeg 300w, https:\/\/www.stjb-delasalle.fr\/site\/wp-content\/uploads\/2025\/06\/IMG_8266-768x432.jpeg 768w, https:\/\/www.stjb-delasalle.fr\/site\/wp-content\/uploads\/2025\/06\/IMG_8266.jpeg 1333w\" sizes=\"(max-width: 769px) 100vw, 769px\" \/><img loading=\"lazy\" decoding=\"async\" class=\"alignnone wp-image-17975\" src=\"https:\/\/www.stjb-delasalle.fr\/site\/wp-content\/uploads\/2025\/06\/1ae3c3c8-7b84-478c-953b-ab56f7c6e9b1-1024x576.jpeg\" alt=\"\" width=\"769\" height=\"433\" srcset=\"https:\/\/www.stjb-delasalle.fr\/site\/wp-content\/uploads\/2025\/06\/1ae3c3c8-7b84-478c-953b-ab56f7c6e9b1-1024x576.jpeg 1024w, https:\/\/www.stjb-delasalle.fr\/site\/wp-content\/uploads\/2025\/06\/1ae3c3c8-7b84-478c-953b-ab56f7c6e9b1-300x169.jpeg 300w, https:\/\/www.stjb-delasalle.fr\/site\/wp-content\/uploads\/2025\/06\/1ae3c3c8-7b84-478c-953b-ab56f7c6e9b1-768x432.jpeg 768w, https:\/\/www.stjb-delasalle.fr\/site\/wp-content\/uploads\/2025\/06\/1ae3c3c8-7b84-478c-953b-ab56f7c6e9b1-1536x864.jpeg 1536w, https:\/\/www.stjb-delasalle.fr\/site\/wp-content\/uploads\/2025\/06\/1ae3c3c8-7b84-478c-953b-ab56f7c6e9b1.jpeg 1920w\" sizes=\"(max-width: 769px) 100vw, 769px\" \/><img loading=\"lazy\" decoding=\"async\" class=\"alignnone wp-image-17979\" src=\"https:\/\/www.stjb-delasalle.fr\/site\/wp-content\/uploads\/2025\/06\/IMG_8264.jpeg\" alt=\"\" width=\"769\" height=\"440\" srcset=\"https:\/\/www.stjb-delasalle.fr\/site\/wp-content\/uploads\/2025\/06\/IMG_8264.jpeg 750w, https:\/\/www.stjb-delasalle.fr\/site\/wp-content\/uploads\/2025\/06\/IMG_8264-300x172.jpeg 300w\" sizes=\"(max-width: 769px) 100vw, 769px\" \/><\/p>\n<p><img loading=\"lazy\" decoding=\"async\" class=\"alignnone wp-image-17854\" src=\"https:\/\/www.stjb-delasalle.fr\/site\/wp-content\/uploads\/2025\/06\/ChatGPT-Image-5-juin-2025-a-19_35_02-683x1024.jpeg\" alt=\"Affiche th\u00e9\u00e2tre pi\u00e8ce 2025\" width=\"769\" height=\"696\" \/><\/p>\n<p><em style=\"font-size: 16px; -webkit-text-size-adjust: 100%;\">Image g\u00e9n\u00e9r\u00e9e par l&rsquo;IA<\/em><\/p>\n<p>&nbsp;<\/p>\n","protected":false},"excerpt":{"rendered":"<p>Repr\u00e9sentations au coll\u00e8ge &nbsp; Le vendredi 13 juin dernier, l\u2019option th\u00e9\u00e2tre du coll\u00e8ge, compos\u00e9e de 15 acteurs de 4\u00e8me et de 3\u00e8me s\u2019est produite avec \u00e9nergie et enthousiasme \u00e0 deux reprises dans l\u2019Amphith\u00e9\u00e2tre devant un public nombreux, d\u2019amis, d\u2019\u00e9l\u00e8ves, de parents, d\u2019adultes enseignants et non enseignants. Tout au long de cette ann\u00e9e scolaire, les com\u00e9diens [&hellip;]<\/p>\n","protected":false},"author":3,"featured_media":17854,"comment_status":"open","ping_status":"open","sticky":false,"template":"","format":"standard","meta":{"site-sidebar-layout":"default","site-content-layout":"","ast-site-content-layout":"default","site-content-style":"default","site-sidebar-style":"default","ast-global-header-display":"","ast-banner-title-visibility":"","ast-main-header-display":"","ast-hfb-above-header-display":"","ast-hfb-below-header-display":"","ast-hfb-mobile-header-display":"","site-post-title":"","ast-breadcrumbs-content":"","ast-featured-img":"","footer-sml-layout":"","ast-disable-related-posts":"","theme-transparent-header-meta":"default","adv-header-id-meta":"","stick-header-meta":"","header-above-stick-meta":"","header-main-stick-meta":"","header-below-stick-meta":"","astra-migrate-meta-layouts":"set","ast-page-background-enabled":"default","ast-page-background-meta":{"desktop":{"background-color":"var(--ast-global-color-4)","background-image":"","background-repeat":"repeat","background-position":"center center","background-size":"auto","background-attachment":"scroll","background-type":"","background-media":"","overlay-type":"","overlay-color":"","overlay-opacity":"","overlay-gradient":""},"tablet":{"background-color":"","background-image":"","background-repeat":"repeat","background-position":"center center","background-size":"auto","background-attachment":"scroll","background-type":"","background-media":"","overlay-type":"","overlay-color":"","overlay-opacity":"","overlay-gradient":""},"mobile":{"background-color":"","background-image":"","background-repeat":"repeat","background-position":"center center","background-size":"auto","background-attachment":"scroll","background-type":"","background-media":"","overlay-type":"","overlay-color":"","overlay-opacity":"","overlay-gradient":""}},"ast-content-background-meta":{"desktop":{"background-color":"var(--ast-global-color-5)","background-image":"","background-repeat":"repeat","background-position":"center center","background-size":"auto","background-attachment":"scroll","background-type":"","background-media":"","overlay-type":"","overlay-color":"","overlay-opacity":"","overlay-gradient":""},"tablet":{"background-color":"var(--ast-global-color-5)","background-image":"","background-repeat":"repeat","background-position":"center center","background-size":"auto","background-attachment":"scroll","background-type":"","background-media":"","overlay-type":"","overlay-color":"","overlay-opacity":"","overlay-gradient":""},"mobile":{"background-color":"var(--ast-global-color-5)","background-image":"","background-repeat":"repeat","background-position":"center center","background-size":"auto","background-attachment":"scroll","background-type":"","background-media":"","overlay-type":"","overlay-color":"","overlay-opacity":"","overlay-gradient":""}},"footnotes":""},"categories":[6,73,101],"tags":[],"class_list":["post-17946","post","type-post","status-publish","format-standard","has-post-thumbnail","hentry","category-college","category-theatre","category-theatre_2024-2025"],"yoast_head":"<!-- This site is optimized with the Yoast SEO plugin v27.5 - https:\/\/yoast.com\/product\/yoast-seo-wordpress\/ -->\n<title>Coll\u00e8ge St Jean-Baptiste de La Salle - Le Rancher Teloch\u00e9<\/title>\n<meta name=\"description\" content=\"Le Coll\u00e8ge St Jean-Baptiste de La Salle accueille les \u00e9l\u00e8ves dans un cadre exceptionnel \u00e0 Teloch\u00e9 depuis 1973, et d\u00e9veloppe au quotidien des projets innovants au service des jeunes.\" \/>\n<meta name=\"robots\" content=\"index, follow, max-snippet:-1, max-image-preview:large, max-video-preview:-1\" \/>\n<link rel=\"canonical\" href=\"https:\/\/www.stjb-delasalle.fr\/site\/2025\/06\/24\/cetait-la-derniere-avant-la-prochaine\/\" \/>\n<meta property=\"og:locale\" content=\"fr_FR\" \/>\n<meta property=\"og:type\" content=\"article\" \/>\n<meta property=\"og:title\" content=\"Coll\u00e8ge St Jean-Baptiste de La Salle - Le Rancher Teloch\u00e9\" \/>\n<meta property=\"og:description\" content=\"Le Coll\u00e8ge St Jean-Baptiste de La Salle accueille les \u00e9l\u00e8ves dans un cadre exceptionnel \u00e0 Teloch\u00e9 depuis 1973, et d\u00e9veloppe au quotidien des projets innovants au service des jeunes.\" \/>\n<meta property=\"og:url\" content=\"https:\/\/www.stjb-delasalle.fr\/site\/2025\/06\/24\/cetait-la-derniere-avant-la-prochaine\/\" \/>\n<meta property=\"og:site_name\" content=\"Coll\u00e8ge Saint Jean Baptiste de La Salle\" \/>\n<meta property=\"article:published_time\" content=\"2025-06-24T10:58:47+00:00\" \/>\n<meta property=\"article:modified_time\" content=\"2025-06-24T11:04:31+00:00\" \/>\n<meta property=\"og:image\" content=\"https:\/\/www.stjb-delasalle.fr\/site\/wp-content\/uploads\/2025\/06\/ChatGPT-Image-5-juin-2025-a-19_35_02-e1749917637263.jpeg\" \/>\n\t<meta property=\"og:image:width\" content=\"1024\" \/>\n\t<meta property=\"og:image:height\" content=\"927\" \/>\n\t<meta property=\"og:image:type\" content=\"image\/jpeg\" \/>\n<meta name=\"author\" content=\"s.couret\" \/>\n<meta name=\"twitter:card\" content=\"summary_large_image\" \/>\n<meta name=\"twitter:label1\" content=\"\u00c9crit par\" \/>\n\t<meta name=\"twitter:data1\" content=\"s.couret\" \/>\n\t<meta name=\"twitter:label2\" content=\"Dur\u00e9e de lecture estim\u00e9e\" \/>\n\t<meta name=\"twitter:data2\" content=\"3 minutes\" \/>\n<script type=\"application\/ld+json\" class=\"yoast-schema-graph\">{\"@context\":\"https:\\\/\\\/schema.org\",\"@graph\":[{\"@type\":\"Article\",\"@id\":\"https:\\\/\\\/www.stjb-delasalle.fr\\\/site\\\/2025\\\/06\\\/24\\\/cetait-la-derniere-avant-la-prochaine\\\/#article\",\"isPartOf\":{\"@id\":\"https:\\\/\\\/www.stjb-delasalle.fr\\\/site\\\/2025\\\/06\\\/24\\\/cetait-la-derniere-avant-la-prochaine\\\/\"},\"author\":{\"name\":\"s.couret\",\"@id\":\"https:\\\/\\\/www.stjb-delasalle.fr\\\/site\\\/#\\\/schema\\\/person\\\/29e031eae2fbe58aca689f9074d3616a\"},\"headline\":\"C\u2019\u00e9tait la derni\u00e8re\u2026 avant la prochaine !\",\"datePublished\":\"2025-06-24T10:58:47+00:00\",\"dateModified\":\"2025-06-24T11:04:31+00:00\",\"mainEntityOfPage\":{\"@id\":\"https:\\\/\\\/www.stjb-delasalle.fr\\\/site\\\/2025\\\/06\\\/24\\\/cetait-la-derniere-avant-la-prochaine\\\/\"},\"wordCount\":337,\"commentCount\":0,\"publisher\":{\"@id\":\"https:\\\/\\\/www.stjb-delasalle.fr\\\/site\\\/#organization\"},\"image\":{\"@id\":\"https:\\\/\\\/www.stjb-delasalle.fr\\\/site\\\/2025\\\/06\\\/24\\\/cetait-la-derniere-avant-la-prochaine\\\/#primaryimage\"},\"thumbnailUrl\":\"https:\\\/\\\/www.stjb-delasalle.fr\\\/site\\\/wp-content\\\/uploads\\\/2025\\\/06\\\/ChatGPT-Image-5-juin-2025-a-19_35_02-e1749917637263.jpeg\",\"articleSection\":[\"Coll\u00e8ge\",\"Th\u00e9\u00e2tre\",\"Th\u00e9\u00e2tre 2024-2025\"],\"inLanguage\":\"fr-FR\",\"potentialAction\":[{\"@type\":\"CommentAction\",\"name\":\"Comment\",\"target\":[\"https:\\\/\\\/www.stjb-delasalle.fr\\\/site\\\/2025\\\/06\\\/24\\\/cetait-la-derniere-avant-la-prochaine\\\/#respond\"]}]},{\"@type\":\"WebPage\",\"@id\":\"https:\\\/\\\/www.stjb-delasalle.fr\\\/site\\\/2025\\\/06\\\/24\\\/cetait-la-derniere-avant-la-prochaine\\\/\",\"url\":\"https:\\\/\\\/www.stjb-delasalle.fr\\\/site\\\/2025\\\/06\\\/24\\\/cetait-la-derniere-avant-la-prochaine\\\/\",\"name\":\"Coll\u00e8ge St Jean-Baptiste de La Salle - Le Rancher Teloch\u00e9\",\"isPartOf\":{\"@id\":\"https:\\\/\\\/www.stjb-delasalle.fr\\\/site\\\/#website\"},\"primaryImageOfPage\":{\"@id\":\"https:\\\/\\\/www.stjb-delasalle.fr\\\/site\\\/2025\\\/06\\\/24\\\/cetait-la-derniere-avant-la-prochaine\\\/#primaryimage\"},\"image\":{\"@id\":\"https:\\\/\\\/www.stjb-delasalle.fr\\\/site\\\/2025\\\/06\\\/24\\\/cetait-la-derniere-avant-la-prochaine\\\/#primaryimage\"},\"thumbnailUrl\":\"https:\\\/\\\/www.stjb-delasalle.fr\\\/site\\\/wp-content\\\/uploads\\\/2025\\\/06\\\/ChatGPT-Image-5-juin-2025-a-19_35_02-e1749917637263.jpeg\",\"datePublished\":\"2025-06-24T10:58:47+00:00\",\"dateModified\":\"2025-06-24T11:04:31+00:00\",\"description\":\"Le Coll\u00e8ge St Jean-Baptiste de La Salle accueille les \u00e9l\u00e8ves dans un cadre exceptionnel \u00e0 Teloch\u00e9 depuis 1973, et d\u00e9veloppe au quotidien des projets innovants au service des jeunes.\",\"breadcrumb\":{\"@id\":\"https:\\\/\\\/www.stjb-delasalle.fr\\\/site\\\/2025\\\/06\\\/24\\\/cetait-la-derniere-avant-la-prochaine\\\/#breadcrumb\"},\"inLanguage\":\"fr-FR\",\"potentialAction\":[{\"@type\":\"ReadAction\",\"target\":[\"https:\\\/\\\/www.stjb-delasalle.fr\\\/site\\\/2025\\\/06\\\/24\\\/cetait-la-derniere-avant-la-prochaine\\\/\"]}]},{\"@type\":\"ImageObject\",\"inLanguage\":\"fr-FR\",\"@id\":\"https:\\\/\\\/www.stjb-delasalle.fr\\\/site\\\/2025\\\/06\\\/24\\\/cetait-la-derniere-avant-la-prochaine\\\/#primaryimage\",\"url\":\"https:\\\/\\\/www.stjb-delasalle.fr\\\/site\\\/wp-content\\\/uploads\\\/2025\\\/06\\\/ChatGPT-Image-5-juin-2025-a-19_35_02-e1749917637263.jpeg\",\"contentUrl\":\"https:\\\/\\\/www.stjb-delasalle.fr\\\/site\\\/wp-content\\\/uploads\\\/2025\\\/06\\\/ChatGPT-Image-5-juin-2025-a-19_35_02-e1749917637263.jpeg\",\"width\":1024,\"height\":927,\"caption\":\"Affiche th\u00e9\u00e2tre pi\u00e8ce 2025\"},{\"@type\":\"BreadcrumbList\",\"@id\":\"https:\\\/\\\/www.stjb-delasalle.fr\\\/site\\\/2025\\\/06\\\/24\\\/cetait-la-derniere-avant-la-prochaine\\\/#breadcrumb\",\"itemListElement\":[{\"@type\":\"ListItem\",\"position\":1,\"name\":\"Accueil\",\"item\":\"https:\\\/\\\/www.stjb-delasalle.fr\\\/site\\\/\"},{\"@type\":\"ListItem\",\"position\":2,\"name\":\"C\u2019\u00e9tait la derni\u00e8re\u2026 avant la prochaine !\"}]},{\"@type\":\"WebSite\",\"@id\":\"https:\\\/\\\/www.stjb-delasalle.fr\\\/site\\\/#website\",\"url\":\"https:\\\/\\\/www.stjb-delasalle.fr\\\/site\\\/\",\"name\":\"Coll\u00e8ge Saint Jean Baptiste de La Salle\",\"description\":\"Notre coll\u00e8ge vous accueille sur le site du Rancher \u00e0 Teloch\u00e9\",\"publisher\":{\"@id\":\"https:\\\/\\\/www.stjb-delasalle.fr\\\/site\\\/#organization\"},\"potentialAction\":[{\"@type\":\"SearchAction\",\"target\":{\"@type\":\"EntryPoint\",\"urlTemplate\":\"https:\\\/\\\/www.stjb-delasalle.fr\\\/site\\\/?s={search_term_string}\"},\"query-input\":{\"@type\":\"PropertyValueSpecification\",\"valueRequired\":true,\"valueName\":\"search_term_string\"}}],\"inLanguage\":\"fr-FR\"},{\"@type\":\"Organization\",\"@id\":\"https:\\\/\\\/www.stjb-delasalle.fr\\\/site\\\/#organization\",\"name\":\"Coll\u00e8ge Saint Jean Baptiste de La Salle\",\"url\":\"https:\\\/\\\/www.stjb-delasalle.fr\\\/site\\\/\",\"logo\":{\"@type\":\"ImageObject\",\"inLanguage\":\"fr-FR\",\"@id\":\"https:\\\/\\\/www.stjb-delasalle.fr\\\/site\\\/#\\\/schema\\\/logo\\\/image\\\/\",\"url\":\"https:\\\/\\\/www.stjb-delasalle.fr\\\/site\\\/wp-content\\\/uploads\\\/2021\\\/11\\\/logostjb_petit_transp.png\",\"contentUrl\":\"https:\\\/\\\/www.stjb-delasalle.fr\\\/site\\\/wp-content\\\/uploads\\\/2021\\\/11\\\/logostjb_petit_transp.png\",\"width\":180,\"height\":127,\"caption\":\"Coll\u00e8ge Saint Jean Baptiste de La Salle\"},\"image\":{\"@id\":\"https:\\\/\\\/www.stjb-delasalle.fr\\\/site\\\/#\\\/schema\\\/logo\\\/image\\\/\"}},{\"@type\":\"Person\",\"@id\":\"https:\\\/\\\/www.stjb-delasalle.fr\\\/site\\\/#\\\/schema\\\/person\\\/29e031eae2fbe58aca689f9074d3616a\",\"name\":\"s.couret\",\"image\":{\"@type\":\"ImageObject\",\"inLanguage\":\"fr-FR\",\"@id\":\"https:\\\/\\\/secure.gravatar.com\\\/avatar\\\/83474c4b01f4d5df531ba9e1ae59f6610ffe9a3c76657f973718ba9fff166522?s=96&d=mm&r=g\",\"url\":\"https:\\\/\\\/secure.gravatar.com\\\/avatar\\\/83474c4b01f4d5df531ba9e1ae59f6610ffe9a3c76657f973718ba9fff166522?s=96&d=mm&r=g\",\"contentUrl\":\"https:\\\/\\\/secure.gravatar.com\\\/avatar\\\/83474c4b01f4d5df531ba9e1ae59f6610ffe9a3c76657f973718ba9fff166522?s=96&d=mm&r=g\",\"caption\":\"s.couret\"},\"url\":\"https:\\\/\\\/www.stjb-delasalle.fr\\\/site\\\/author\\\/s-couret\\\/\"}]}<\/script>\n<!-- \/ Yoast SEO plugin. -->","yoast_head_json":{"title":"Coll\u00e8ge St Jean-Baptiste de La Salle - Le Rancher Teloch\u00e9","description":"Le Coll\u00e8ge St Jean-Baptiste de La Salle accueille les \u00e9l\u00e8ves dans un cadre exceptionnel \u00e0 Teloch\u00e9 depuis 1973, et d\u00e9veloppe au quotidien des projets innovants au service des jeunes.","robots":{"index":"index","follow":"follow","max-snippet":"max-snippet:-1","max-image-preview":"max-image-preview:large","max-video-preview":"max-video-preview:-1"},"canonical":"https:\/\/www.stjb-delasalle.fr\/site\/2025\/06\/24\/cetait-la-derniere-avant-la-prochaine\/","og_locale":"fr_FR","og_type":"article","og_title":"Coll\u00e8ge St Jean-Baptiste de La Salle - Le Rancher Teloch\u00e9","og_description":"Le Coll\u00e8ge St Jean-Baptiste de La Salle accueille les \u00e9l\u00e8ves dans un cadre exceptionnel \u00e0 Teloch\u00e9 depuis 1973, et d\u00e9veloppe au quotidien des projets innovants au service des jeunes.","og_url":"https:\/\/www.stjb-delasalle.fr\/site\/2025\/06\/24\/cetait-la-derniere-avant-la-prochaine\/","og_site_name":"Coll\u00e8ge Saint Jean Baptiste de La Salle","article_published_time":"2025-06-24T10:58:47+00:00","article_modified_time":"2025-06-24T11:04:31+00:00","og_image":[{"width":1024,"height":927,"url":"https:\/\/www.stjb-delasalle.fr\/site\/wp-content\/uploads\/2025\/06\/ChatGPT-Image-5-juin-2025-a-19_35_02-e1749917637263.jpeg","type":"image\/jpeg"}],"author":"s.couret","twitter_card":"summary_large_image","twitter_misc":{"\u00c9crit par":"s.couret","Dur\u00e9e de lecture estim\u00e9e":"3 minutes"},"schema":{"@context":"https:\/\/schema.org","@graph":[{"@type":"Article","@id":"https:\/\/www.stjb-delasalle.fr\/site\/2025\/06\/24\/cetait-la-derniere-avant-la-prochaine\/#article","isPartOf":{"@id":"https:\/\/www.stjb-delasalle.fr\/site\/2025\/06\/24\/cetait-la-derniere-avant-la-prochaine\/"},"author":{"name":"s.couret","@id":"https:\/\/www.stjb-delasalle.fr\/site\/#\/schema\/person\/29e031eae2fbe58aca689f9074d3616a"},"headline":"C\u2019\u00e9tait la derni\u00e8re\u2026 avant la prochaine !","datePublished":"2025-06-24T10:58:47+00:00","dateModified":"2025-06-24T11:04:31+00:00","mainEntityOfPage":{"@id":"https:\/\/www.stjb-delasalle.fr\/site\/2025\/06\/24\/cetait-la-derniere-avant-la-prochaine\/"},"wordCount":337,"commentCount":0,"publisher":{"@id":"https:\/\/www.stjb-delasalle.fr\/site\/#organization"},"image":{"@id":"https:\/\/www.stjb-delasalle.fr\/site\/2025\/06\/24\/cetait-la-derniere-avant-la-prochaine\/#primaryimage"},"thumbnailUrl":"https:\/\/www.stjb-delasalle.fr\/site\/wp-content\/uploads\/2025\/06\/ChatGPT-Image-5-juin-2025-a-19_35_02-e1749917637263.jpeg","articleSection":["Coll\u00e8ge","Th\u00e9\u00e2tre","Th\u00e9\u00e2tre 2024-2025"],"inLanguage":"fr-FR","potentialAction":[{"@type":"CommentAction","name":"Comment","target":["https:\/\/www.stjb-delasalle.fr\/site\/2025\/06\/24\/cetait-la-derniere-avant-la-prochaine\/#respond"]}]},{"@type":"WebPage","@id":"https:\/\/www.stjb-delasalle.fr\/site\/2025\/06\/24\/cetait-la-derniere-avant-la-prochaine\/","url":"https:\/\/www.stjb-delasalle.fr\/site\/2025\/06\/24\/cetait-la-derniere-avant-la-prochaine\/","name":"Coll\u00e8ge St Jean-Baptiste de La Salle - Le Rancher Teloch\u00e9","isPartOf":{"@id":"https:\/\/www.stjb-delasalle.fr\/site\/#website"},"primaryImageOfPage":{"@id":"https:\/\/www.stjb-delasalle.fr\/site\/2025\/06\/24\/cetait-la-derniere-avant-la-prochaine\/#primaryimage"},"image":{"@id":"https:\/\/www.stjb-delasalle.fr\/site\/2025\/06\/24\/cetait-la-derniere-avant-la-prochaine\/#primaryimage"},"thumbnailUrl":"https:\/\/www.stjb-delasalle.fr\/site\/wp-content\/uploads\/2025\/06\/ChatGPT-Image-5-juin-2025-a-19_35_02-e1749917637263.jpeg","datePublished":"2025-06-24T10:58:47+00:00","dateModified":"2025-06-24T11:04:31+00:00","description":"Le Coll\u00e8ge St Jean-Baptiste de La Salle accueille les \u00e9l\u00e8ves dans un cadre exceptionnel \u00e0 Teloch\u00e9 depuis 1973, et d\u00e9veloppe au quotidien des projets innovants au service des jeunes.","breadcrumb":{"@id":"https:\/\/www.stjb-delasalle.fr\/site\/2025\/06\/24\/cetait-la-derniere-avant-la-prochaine\/#breadcrumb"},"inLanguage":"fr-FR","potentialAction":[{"@type":"ReadAction","target":["https:\/\/www.stjb-delasalle.fr\/site\/2025\/06\/24\/cetait-la-derniere-avant-la-prochaine\/"]}]},{"@type":"ImageObject","inLanguage":"fr-FR","@id":"https:\/\/www.stjb-delasalle.fr\/site\/2025\/06\/24\/cetait-la-derniere-avant-la-prochaine\/#primaryimage","url":"https:\/\/www.stjb-delasalle.fr\/site\/wp-content\/uploads\/2025\/06\/ChatGPT-Image-5-juin-2025-a-19_35_02-e1749917637263.jpeg","contentUrl":"https:\/\/www.stjb-delasalle.fr\/site\/wp-content\/uploads\/2025\/06\/ChatGPT-Image-5-juin-2025-a-19_35_02-e1749917637263.jpeg","width":1024,"height":927,"caption":"Affiche th\u00e9\u00e2tre pi\u00e8ce 2025"},{"@type":"BreadcrumbList","@id":"https:\/\/www.stjb-delasalle.fr\/site\/2025\/06\/24\/cetait-la-derniere-avant-la-prochaine\/#breadcrumb","itemListElement":[{"@type":"ListItem","position":1,"name":"Accueil","item":"https:\/\/www.stjb-delasalle.fr\/site\/"},{"@type":"ListItem","position":2,"name":"C\u2019\u00e9tait la derni\u00e8re\u2026 avant la prochaine !"}]},{"@type":"WebSite","@id":"https:\/\/www.stjb-delasalle.fr\/site\/#website","url":"https:\/\/www.stjb-delasalle.fr\/site\/","name":"Coll\u00e8ge Saint Jean Baptiste de La Salle","description":"Notre coll\u00e8ge vous accueille sur le site du Rancher \u00e0 Teloch\u00e9","publisher":{"@id":"https:\/\/www.stjb-delasalle.fr\/site\/#organization"},"potentialAction":[{"@type":"SearchAction","target":{"@type":"EntryPoint","urlTemplate":"https:\/\/www.stjb-delasalle.fr\/site\/?s={search_term_string}"},"query-input":{"@type":"PropertyValueSpecification","valueRequired":true,"valueName":"search_term_string"}}],"inLanguage":"fr-FR"},{"@type":"Organization","@id":"https:\/\/www.stjb-delasalle.fr\/site\/#organization","name":"Coll\u00e8ge Saint Jean Baptiste de La Salle","url":"https:\/\/www.stjb-delasalle.fr\/site\/","logo":{"@type":"ImageObject","inLanguage":"fr-FR","@id":"https:\/\/www.stjb-delasalle.fr\/site\/#\/schema\/logo\/image\/","url":"https:\/\/www.stjb-delasalle.fr\/site\/wp-content\/uploads\/2021\/11\/logostjb_petit_transp.png","contentUrl":"https:\/\/www.stjb-delasalle.fr\/site\/wp-content\/uploads\/2021\/11\/logostjb_petit_transp.png","width":180,"height":127,"caption":"Coll\u00e8ge Saint Jean Baptiste de La Salle"},"image":{"@id":"https:\/\/www.stjb-delasalle.fr\/site\/#\/schema\/logo\/image\/"}},{"@type":"Person","@id":"https:\/\/www.stjb-delasalle.fr\/site\/#\/schema\/person\/29e031eae2fbe58aca689f9074d3616a","name":"s.couret","image":{"@type":"ImageObject","inLanguage":"fr-FR","@id":"https:\/\/secure.gravatar.com\/avatar\/83474c4b01f4d5df531ba9e1ae59f6610ffe9a3c76657f973718ba9fff166522?s=96&d=mm&r=g","url":"https:\/\/secure.gravatar.com\/avatar\/83474c4b01f4d5df531ba9e1ae59f6610ffe9a3c76657f973718ba9fff166522?s=96&d=mm&r=g","contentUrl":"https:\/\/secure.gravatar.com\/avatar\/83474c4b01f4d5df531ba9e1ae59f6610ffe9a3c76657f973718ba9fff166522?s=96&d=mm&r=g","caption":"s.couret"},"url":"https:\/\/www.stjb-delasalle.fr\/site\/author\/s-couret\/"}]}},"_links":{"self":[{"href":"https:\/\/www.stjb-delasalle.fr\/site\/wp-json\/wp\/v2\/posts\/17946","targetHints":{"allow":["GET"]}}],"collection":[{"href":"https:\/\/www.stjb-delasalle.fr\/site\/wp-json\/wp\/v2\/posts"}],"about":[{"href":"https:\/\/www.stjb-delasalle.fr\/site\/wp-json\/wp\/v2\/types\/post"}],"author":[{"embeddable":true,"href":"https:\/\/www.stjb-delasalle.fr\/site\/wp-json\/wp\/v2\/users\/3"}],"replies":[{"embeddable":true,"href":"https:\/\/www.stjb-delasalle.fr\/site\/wp-json\/wp\/v2\/comments?post=17946"}],"version-history":[{"count":5,"href":"https:\/\/www.stjb-delasalle.fr\/site\/wp-json\/wp\/v2\/posts\/17946\/revisions"}],"predecessor-version":[{"id":17983,"href":"https:\/\/www.stjb-delasalle.fr\/site\/wp-json\/wp\/v2\/posts\/17946\/revisions\/17983"}],"wp:featuredmedia":[{"embeddable":true,"href":"https:\/\/www.stjb-delasalle.fr\/site\/wp-json\/wp\/v2\/media\/17854"}],"wp:attachment":[{"href":"https:\/\/www.stjb-delasalle.fr\/site\/wp-json\/wp\/v2\/media?parent=17946"}],"wp:term":[{"taxonomy":"category","embeddable":true,"href":"https:\/\/www.stjb-delasalle.fr\/site\/wp-json\/wp\/v2\/categories?post=17946"},{"taxonomy":"post_tag","embeddable":true,"href":"https:\/\/www.stjb-delasalle.fr\/site\/wp-json\/wp\/v2\/tags?post=17946"}],"curies":[{"name":"wp","href":"https:\/\/api.w.org\/{rel}","templated":true}]}}