{"id":17251,"date":"2025-01-31T19:37:00","date_gmt":"2025-01-31T19:37:00","guid":{"rendered":"https:\/\/www.stjb-delasalle.fr\/site\/?p=17251"},"modified":"2025-01-31T20:04:54","modified_gmt":"2025-01-31T20:04:54","slug":"cdi-nuits-de-la-lecture","status":"publish","type":"post","link":"https:\/\/www.stjb-delasalle.fr\/site\/2025\/01\/31\/cdi-nuits-de-la-lecture\/","title":{"rendered":"CDI &#8211; Nuits de la Lecture"},"content":{"rendered":"<h1><em>Nuits de la Lecture<\/em><\/h1>\n<p><span data-olk-copy-source=\"MessageBody\">Jeudi et vendredi midi 23 et 24 janvier, \u00e0 l\u2019occasion des Nuits de la Lecture, les \u00e9l\u00e8ves ont pu partager un temps de lecture plaisir. A la lumi\u00e8re d\u2019un feu de chemin\u00e9e, chacun s\u2019est install\u00e9 confortablement dans un fauteuil, sur un tapis, ou dans une cabane improvis\u00e9e sous les tables. Dans une ambiance tamis\u00e9e, avec sa lampe de poche, son plaid ou son coussin, chacun a pu se plonger dans son histoire ! Un tr\u00e8s bon moment pour tous.<\/span><\/p>\n<p>C\u00e9line TOUCHARD<\/p>\n<p><em>Professeure documentaliste<\/em><\/p>\n<p><img fetchpriority=\"high\" decoding=\"async\" class=\"alignnone wp-image-17258\" src=\"https:\/\/www.stjb-delasalle.fr\/site\/wp-content\/uploads\/2025\/01\/IMG_0077-1024x768.jpg\" alt=\"\" width=\"950\" height=\"713\" srcset=\"https:\/\/www.stjb-delasalle.fr\/site\/wp-content\/uploads\/2025\/01\/IMG_0077-1024x768.jpg 1024w, https:\/\/www.stjb-delasalle.fr\/site\/wp-content\/uploads\/2025\/01\/IMG_0077-300x225.jpg 300w, https:\/\/www.stjb-delasalle.fr\/site\/wp-content\/uploads\/2025\/01\/IMG_0077-768x576.jpg 768w, https:\/\/www.stjb-delasalle.fr\/site\/wp-content\/uploads\/2025\/01\/IMG_0077-1536x1152.jpg 1536w, https:\/\/www.stjb-delasalle.fr\/site\/wp-content\/uploads\/2025\/01\/IMG_0077.jpg 1920w\" sizes=\"(max-width: 950px) 100vw, 950px\" \/><img decoding=\"async\" class=\"alignnone size-large wp-image-17252\" src=\"https:\/\/www.stjb-delasalle.fr\/site\/wp-content\/uploads\/2025\/01\/20250124_135317-473x1024.jpg\" alt=\"\" width=\"473\" height=\"1024\" srcset=\"https:\/\/www.stjb-delasalle.fr\/site\/wp-content\/uploads\/2025\/01\/20250124_135317-473x1024.jpg 473w, https:\/\/www.stjb-delasalle.fr\/site\/wp-content\/uploads\/2025\/01\/20250124_135317-139x300.jpg 139w, https:\/\/www.stjb-delasalle.fr\/site\/wp-content\/uploads\/2025\/01\/20250124_135317-768x1662.jpg 768w, https:\/\/www.stjb-delasalle.fr\/site\/wp-content\/uploads\/2025\/01\/20250124_135317-710x1536.jpg 710w, https:\/\/www.stjb-delasalle.fr\/site\/wp-content\/uploads\/2025\/01\/20250124_135317.jpg 887w\" sizes=\"(max-width: 473px) 100vw, 473px\" \/> <img decoding=\"async\" class=\"alignnone size-large wp-image-17255\" src=\"https:\/\/www.stjb-delasalle.fr\/site\/wp-content\/uploads\/2025\/01\/20250124_134302-473x1024.jpg\" alt=\"\" width=\"473\" height=\"1024\" srcset=\"https:\/\/www.stjb-delasalle.fr\/site\/wp-content\/uploads\/2025\/01\/20250124_134302-473x1024.jpg 473w, https:\/\/www.stjb-delasalle.fr\/site\/wp-content\/uploads\/2025\/01\/20250124_134302-139x300.jpg 139w, https:\/\/www.stjb-delasalle.fr\/site\/wp-content\/uploads\/2025\/01\/20250124_134302-768x1662.jpg 768w, https:\/\/www.stjb-delasalle.fr\/site\/wp-content\/uploads\/2025\/01\/20250124_134302-710x1536.jpg 710w, https:\/\/www.stjb-delasalle.fr\/site\/wp-content\/uploads\/2025\/01\/20250124_134302.jpg 887w\" sizes=\"(max-width: 473px) 100vw, 473px\" \/><img loading=\"lazy\" decoding=\"async\" class=\"alignnone wp-image-17253\" src=\"https:\/\/www.stjb-delasalle.fr\/site\/wp-content\/uploads\/2025\/01\/20250124_133457-1024x473.jpg\" alt=\"\" width=\"950\" height=\"439\" srcset=\"https:\/\/www.stjb-delasalle.fr\/site\/wp-content\/uploads\/2025\/01\/20250124_133457-1024x473.jpg 1024w, https:\/\/www.stjb-delasalle.fr\/site\/wp-content\/uploads\/2025\/01\/20250124_133457-300x139.jpg 300w, https:\/\/www.stjb-delasalle.fr\/site\/wp-content\/uploads\/2025\/01\/20250124_133457-768x355.jpg 768w, https:\/\/www.stjb-delasalle.fr\/site\/wp-content\/uploads\/2025\/01\/20250124_133457-1536x710.jpg 1536w, https:\/\/www.stjb-delasalle.fr\/site\/wp-content\/uploads\/2025\/01\/20250124_133457.jpg 1920w\" sizes=\"(max-width: 950px) 100vw, 950px\" \/> <img loading=\"lazy\" decoding=\"async\" class=\"alignnone wp-image-17254\" src=\"https:\/\/www.stjb-delasalle.fr\/site\/wp-content\/uploads\/2025\/01\/20250124_133909-1024x473.jpg\" alt=\"\" width=\"950\" height=\"439\" srcset=\"https:\/\/www.stjb-delasalle.fr\/site\/wp-content\/uploads\/2025\/01\/20250124_133909-1024x473.jpg 1024w, https:\/\/www.stjb-delasalle.fr\/site\/wp-content\/uploads\/2025\/01\/20250124_133909-300x139.jpg 300w, https:\/\/www.stjb-delasalle.fr\/site\/wp-content\/uploads\/2025\/01\/20250124_133909-768x355.jpg 768w, https:\/\/www.stjb-delasalle.fr\/site\/wp-content\/uploads\/2025\/01\/20250124_133909-1536x710.jpg 1536w, https:\/\/www.stjb-delasalle.fr\/site\/wp-content\/uploads\/2025\/01\/20250124_133909.jpg 1920w\" sizes=\"(max-width: 950px) 100vw, 950px\" \/>\u00a0 <img loading=\"lazy\" decoding=\"async\" class=\"alignnone wp-image-17256\" src=\"https:\/\/www.stjb-delasalle.fr\/site\/wp-content\/uploads\/2025\/01\/IMG_0056-1024x768.jpg\" alt=\"\" width=\"950\" height=\"713\" srcset=\"https:\/\/www.stjb-delasalle.fr\/site\/wp-content\/uploads\/2025\/01\/IMG_0056-1024x768.jpg 1024w, https:\/\/www.stjb-delasalle.fr\/site\/wp-content\/uploads\/2025\/01\/IMG_0056-300x225.jpg 300w, https:\/\/www.stjb-delasalle.fr\/site\/wp-content\/uploads\/2025\/01\/IMG_0056-768x576.jpg 768w, https:\/\/www.stjb-delasalle.fr\/site\/wp-content\/uploads\/2025\/01\/IMG_0056-1536x1152.jpg 1536w, https:\/\/www.stjb-delasalle.fr\/site\/wp-content\/uploads\/2025\/01\/IMG_0056.jpg 1920w\" sizes=\"(max-width: 950px) 100vw, 950px\" \/> <img loading=\"lazy\" decoding=\"async\" class=\"alignnone wp-image-17257\" src=\"https:\/\/www.stjb-delasalle.fr\/site\/wp-content\/uploads\/2025\/01\/IMG_0068-768x1024.jpg\" alt=\"\" width=\"950\" height=\"1267\" srcset=\"https:\/\/www.stjb-delasalle.fr\/site\/wp-content\/uploads\/2025\/01\/IMG_0068-768x1024.jpg 768w, https:\/\/www.stjb-delasalle.fr\/site\/wp-content\/uploads\/2025\/01\/IMG_0068-225x300.jpg 225w, https:\/\/www.stjb-delasalle.fr\/site\/wp-content\/uploads\/2025\/01\/IMG_0068-1152x1536.jpg 1152w, https:\/\/www.stjb-delasalle.fr\/site\/wp-content\/uploads\/2025\/01\/IMG_0068.jpg 1440w\" sizes=\"(max-width: 950px) 100vw, 950px\" \/><\/p>\n<p>&nbsp;<\/p>\n","protected":false},"excerpt":{"rendered":"<p>Nuits de la Lecture Jeudi et vendredi midi 23 et 24 janvier, \u00e0 l\u2019occasion des Nuits de la Lecture, les \u00e9l\u00e8ves ont pu partager un temps de lecture plaisir. A la lumi\u00e8re d\u2019un feu de chemin\u00e9e, chacun s\u2019est install\u00e9 confortablement dans un fauteuil, sur un tapis, ou dans une cabane improvis\u00e9e sous les tables. Dans [&hellip;]<\/p>\n","protected":false},"author":3,"featured_media":17259,"comment_status":"open","ping_status":"open","sticky":false,"template":"","format":"standard","meta":{"site-sidebar-layout":"default","site-content-layout":"","ast-site-content-layout":"default","site-content-style":"default","site-sidebar-style":"default","ast-global-header-display":"","ast-banner-title-visibility":"","ast-main-header-display":"","ast-hfb-above-header-display":"","ast-hfb-below-header-display":"","ast-hfb-mobile-header-display":"","site-post-title":"","ast-breadcrumbs-content":"","ast-featured-img":"","footer-sml-layout":"","ast-disable-related-posts":"","theme-transparent-header-meta":"default","adv-header-id-meta":"","stick-header-meta":"","header-above-stick-meta":"","header-main-stick-meta":"","header-below-stick-meta":"","astra-migrate-meta-layouts":"set","ast-page-background-enabled":"default","ast-page-background-meta":{"desktop":{"background-color":"var(--ast-global-color-4)","background-image":"","background-repeat":"repeat","background-position":"center center","background-size":"auto","background-attachment":"scroll","background-type":"","background-media":"","overlay-type":"","overlay-color":"","overlay-opacity":"","overlay-gradient":""},"tablet":{"background-color":"","background-image":"","background-repeat":"repeat","background-position":"center center","background-size":"auto","background-attachment":"scroll","background-type":"","background-media":"","overlay-type":"","overlay-color":"","overlay-opacity":"","overlay-gradient":""},"mobile":{"background-color":"","background-image":"","background-repeat":"repeat","background-position":"center center","background-size":"auto","background-attachment":"scroll","background-type":"","background-media":"","overlay-type":"","overlay-color":"","overlay-opacity":"","overlay-gradient":""}},"ast-content-background-meta":{"desktop":{"background-color":"var(--ast-global-color-5)","background-image":"","background-repeat":"repeat","background-position":"center center","background-size":"auto","background-attachment":"scroll","background-type":"","background-media":"","overlay-type":"","overlay-color":"","overlay-opacity":"","overlay-gradient":""},"tablet":{"background-color":"var(--ast-global-color-5)","background-image":"","background-repeat":"repeat","background-position":"center center","background-size":"auto","background-attachment":"scroll","background-type":"","background-media":"","overlay-type":"","overlay-color":"","overlay-opacity":"","overlay-gradient":""},"mobile":{"background-color":"var(--ast-global-color-5)","background-image":"","background-repeat":"repeat","background-position":"center center","background-size":"auto","background-attachment":"scroll","background-type":"","background-media":"","overlay-type":"","overlay-color":"","overlay-opacity":"","overlay-gradient":""}},"footnotes":""},"categories":[60,59,58,57,82,6],"tags":[],"class_list":["post-17251","post","type-post","status-publish","format-standard","has-post-thumbnail","hentry","category-activites-3e","category-activites-4e","category-activites-5e","category-activites-6e","category-cdi-centre-de-documentation-et-dinformation","category-college"],"yoast_head":"<!-- This site is optimized with the Yoast SEO plugin v27.5 - https:\/\/yoast.com\/product\/yoast-seo-wordpress\/ -->\n<title>Coll\u00e8ge St Jean-Baptiste de La Salle - Le Rancher Teloch\u00e9<\/title>\n<meta name=\"description\" content=\"Le Coll\u00e8ge St Jean-Baptiste de La Salle accueille les \u00e9l\u00e8ves dans un cadre exceptionnel \u00e0 Teloch\u00e9 depuis 1973, et d\u00e9veloppe au quotidien des projets innovants au service des jeunes.\" \/>\n<meta name=\"robots\" content=\"index, follow, max-snippet:-1, max-image-preview:large, max-video-preview:-1\" \/>\n<link rel=\"canonical\" href=\"https:\/\/www.stjb-delasalle.fr\/site\/2025\/01\/31\/cdi-nuits-de-la-lecture\/\" \/>\n<meta property=\"og:locale\" content=\"fr_FR\" \/>\n<meta property=\"og:type\" content=\"article\" \/>\n<meta property=\"og:title\" content=\"Coll\u00e8ge St Jean-Baptiste de La Salle - Le Rancher Teloch\u00e9\" \/>\n<meta property=\"og:description\" content=\"Le Coll\u00e8ge St Jean-Baptiste de La Salle accueille les \u00e9l\u00e8ves dans un cadre exceptionnel \u00e0 Teloch\u00e9 depuis 1973, et d\u00e9veloppe au quotidien des projets innovants au service des jeunes.\" \/>\n<meta property=\"og:url\" content=\"https:\/\/www.stjb-delasalle.fr\/site\/2025\/01\/31\/cdi-nuits-de-la-lecture\/\" \/>\n<meta property=\"og:site_name\" content=\"Coll\u00e8ge Saint Jean Baptiste de La Salle\" \/>\n<meta property=\"article:published_time\" content=\"2025-01-31T19:37:00+00:00\" \/>\n<meta property=\"article:modified_time\" content=\"2025-01-31T20:04:54+00:00\" \/>\n<meta property=\"og:image\" content=\"https:\/\/www.stjb-delasalle.fr\/site\/wp-content\/uploads\/2025\/01\/cdi-nuits-lecture-e1738353889337.jpg\" \/>\n\t<meta property=\"og:image:width\" content=\"505\" \/>\n\t<meta property=\"og:image:height\" content=\"310\" \/>\n\t<meta property=\"og:image:type\" content=\"image\/jpeg\" \/>\n<meta name=\"author\" content=\"s.couret\" \/>\n<meta name=\"twitter:card\" content=\"summary_large_image\" \/>\n<meta name=\"twitter:label1\" content=\"\u00c9crit par\" \/>\n\t<meta name=\"twitter:data1\" content=\"s.couret\" \/>\n\t<meta name=\"twitter:label2\" content=\"Dur\u00e9e de lecture estim\u00e9e\" \/>\n\t<meta name=\"twitter:data2\" content=\"3 minutes\" \/>\n<script type=\"application\/ld+json\" class=\"yoast-schema-graph\">{\"@context\":\"https:\\\/\\\/schema.org\",\"@graph\":[{\"@type\":\"Article\",\"@id\":\"https:\\\/\\\/www.stjb-delasalle.fr\\\/site\\\/2025\\\/01\\\/31\\\/cdi-nuits-de-la-lecture\\\/#article\",\"isPartOf\":{\"@id\":\"https:\\\/\\\/www.stjb-delasalle.fr\\\/site\\\/2025\\\/01\\\/31\\\/cdi-nuits-de-la-lecture\\\/\"},\"author\":{\"name\":\"s.couret\",\"@id\":\"https:\\\/\\\/www.stjb-delasalle.fr\\\/site\\\/#\\\/schema\\\/person\\\/29e031eae2fbe58aca689f9074d3616a\"},\"headline\":\"CDI &#8211; Nuits de la Lecture\",\"datePublished\":\"2025-01-31T19:37:00+00:00\",\"dateModified\":\"2025-01-31T20:04:54+00:00\",\"mainEntityOfPage\":{\"@id\":\"https:\\\/\\\/www.stjb-delasalle.fr\\\/site\\\/2025\\\/01\\\/31\\\/cdi-nuits-de-la-lecture\\\/\"},\"wordCount\":100,\"commentCount\":0,\"publisher\":{\"@id\":\"https:\\\/\\\/www.stjb-delasalle.fr\\\/site\\\/#organization\"},\"image\":{\"@id\":\"https:\\\/\\\/www.stjb-delasalle.fr\\\/site\\\/2025\\\/01\\\/31\\\/cdi-nuits-de-la-lecture\\\/#primaryimage\"},\"thumbnailUrl\":\"https:\\\/\\\/www.stjb-delasalle.fr\\\/site\\\/wp-content\\\/uploads\\\/2025\\\/01\\\/cdi-nuits-lecture-e1738353889337.jpg\",\"articleSection\":[\"Activit\u00e9s 3e\",\"Activit\u00e9s 4e\",\"Activit\u00e9s 5e\",\"Activit\u00e9s 6e\",\"CDI\",\"Coll\u00e8ge\"],\"inLanguage\":\"fr-FR\",\"potentialAction\":[{\"@type\":\"CommentAction\",\"name\":\"Comment\",\"target\":[\"https:\\\/\\\/www.stjb-delasalle.fr\\\/site\\\/2025\\\/01\\\/31\\\/cdi-nuits-de-la-lecture\\\/#respond\"]}]},{\"@type\":\"WebPage\",\"@id\":\"https:\\\/\\\/www.stjb-delasalle.fr\\\/site\\\/2025\\\/01\\\/31\\\/cdi-nuits-de-la-lecture\\\/\",\"url\":\"https:\\\/\\\/www.stjb-delasalle.fr\\\/site\\\/2025\\\/01\\\/31\\\/cdi-nuits-de-la-lecture\\\/\",\"name\":\"Coll\u00e8ge St Jean-Baptiste de La Salle - Le Rancher Teloch\u00e9\",\"isPartOf\":{\"@id\":\"https:\\\/\\\/www.stjb-delasalle.fr\\\/site\\\/#website\"},\"primaryImageOfPage\":{\"@id\":\"https:\\\/\\\/www.stjb-delasalle.fr\\\/site\\\/2025\\\/01\\\/31\\\/cdi-nuits-de-la-lecture\\\/#primaryimage\"},\"image\":{\"@id\":\"https:\\\/\\\/www.stjb-delasalle.fr\\\/site\\\/2025\\\/01\\\/31\\\/cdi-nuits-de-la-lecture\\\/#primaryimage\"},\"thumbnailUrl\":\"https:\\\/\\\/www.stjb-delasalle.fr\\\/site\\\/wp-content\\\/uploads\\\/2025\\\/01\\\/cdi-nuits-lecture-e1738353889337.jpg\",\"datePublished\":\"2025-01-31T19:37:00+00:00\",\"dateModified\":\"2025-01-31T20:04:54+00:00\",\"description\":\"Le Coll\u00e8ge St Jean-Baptiste de La Salle accueille les \u00e9l\u00e8ves dans un cadre exceptionnel \u00e0 Teloch\u00e9 depuis 1973, et d\u00e9veloppe au quotidien des projets innovants au service des jeunes.\",\"breadcrumb\":{\"@id\":\"https:\\\/\\\/www.stjb-delasalle.fr\\\/site\\\/2025\\\/01\\\/31\\\/cdi-nuits-de-la-lecture\\\/#breadcrumb\"},\"inLanguage\":\"fr-FR\",\"potentialAction\":[{\"@type\":\"ReadAction\",\"target\":[\"https:\\\/\\\/www.stjb-delasalle.fr\\\/site\\\/2025\\\/01\\\/31\\\/cdi-nuits-de-la-lecture\\\/\"]}]},{\"@type\":\"ImageObject\",\"inLanguage\":\"fr-FR\",\"@id\":\"https:\\\/\\\/www.stjb-delasalle.fr\\\/site\\\/2025\\\/01\\\/31\\\/cdi-nuits-de-la-lecture\\\/#primaryimage\",\"url\":\"https:\\\/\\\/www.stjb-delasalle.fr\\\/site\\\/wp-content\\\/uploads\\\/2025\\\/01\\\/cdi-nuits-lecture-e1738353889337.jpg\",\"contentUrl\":\"https:\\\/\\\/www.stjb-delasalle.fr\\\/site\\\/wp-content\\\/uploads\\\/2025\\\/01\\\/cdi-nuits-lecture-e1738353889337.jpg\",\"width\":505,\"height\":310},{\"@type\":\"BreadcrumbList\",\"@id\":\"https:\\\/\\\/www.stjb-delasalle.fr\\\/site\\\/2025\\\/01\\\/31\\\/cdi-nuits-de-la-lecture\\\/#breadcrumb\",\"itemListElement\":[{\"@type\":\"ListItem\",\"position\":1,\"name\":\"Accueil\",\"item\":\"https:\\\/\\\/www.stjb-delasalle.fr\\\/site\\\/\"},{\"@type\":\"ListItem\",\"position\":2,\"name\":\"CDI &#8211; Nuits de la Lecture\"}]},{\"@type\":\"WebSite\",\"@id\":\"https:\\\/\\\/www.stjb-delasalle.fr\\\/site\\\/#website\",\"url\":\"https:\\\/\\\/www.stjb-delasalle.fr\\\/site\\\/\",\"name\":\"Coll\u00e8ge Saint Jean Baptiste de La Salle\",\"description\":\"Notre coll\u00e8ge vous accueille sur le site du Rancher \u00e0 Teloch\u00e9\",\"publisher\":{\"@id\":\"https:\\\/\\\/www.stjb-delasalle.fr\\\/site\\\/#organization\"},\"potentialAction\":[{\"@type\":\"SearchAction\",\"target\":{\"@type\":\"EntryPoint\",\"urlTemplate\":\"https:\\\/\\\/www.stjb-delasalle.fr\\\/site\\\/?s={search_term_string}\"},\"query-input\":{\"@type\":\"PropertyValueSpecification\",\"valueRequired\":true,\"valueName\":\"search_term_string\"}}],\"inLanguage\":\"fr-FR\"},{\"@type\":\"Organization\",\"@id\":\"https:\\\/\\\/www.stjb-delasalle.fr\\\/site\\\/#organization\",\"name\":\"Coll\u00e8ge Saint Jean Baptiste de La Salle\",\"url\":\"https:\\\/\\\/www.stjb-delasalle.fr\\\/site\\\/\",\"logo\":{\"@type\":\"ImageObject\",\"inLanguage\":\"fr-FR\",\"@id\":\"https:\\\/\\\/www.stjb-delasalle.fr\\\/site\\\/#\\\/schema\\\/logo\\\/image\\\/\",\"url\":\"https:\\\/\\\/www.stjb-delasalle.fr\\\/site\\\/wp-content\\\/uploads\\\/2021\\\/11\\\/logostjb_petit_transp.png\",\"contentUrl\":\"https:\\\/\\\/www.stjb-delasalle.fr\\\/site\\\/wp-content\\\/uploads\\\/2021\\\/11\\\/logostjb_petit_transp.png\",\"width\":180,\"height\":127,\"caption\":\"Coll\u00e8ge Saint Jean Baptiste de La Salle\"},\"image\":{\"@id\":\"https:\\\/\\\/www.stjb-delasalle.fr\\\/site\\\/#\\\/schema\\\/logo\\\/image\\\/\"}},{\"@type\":\"Person\",\"@id\":\"https:\\\/\\\/www.stjb-delasalle.fr\\\/site\\\/#\\\/schema\\\/person\\\/29e031eae2fbe58aca689f9074d3616a\",\"name\":\"s.couret\",\"image\":{\"@type\":\"ImageObject\",\"inLanguage\":\"fr-FR\",\"@id\":\"https:\\\/\\\/secure.gravatar.com\\\/avatar\\\/83474c4b01f4d5df531ba9e1ae59f6610ffe9a3c76657f973718ba9fff166522?s=96&d=mm&r=g\",\"url\":\"https:\\\/\\\/secure.gravatar.com\\\/avatar\\\/83474c4b01f4d5df531ba9e1ae59f6610ffe9a3c76657f973718ba9fff166522?s=96&d=mm&r=g\",\"contentUrl\":\"https:\\\/\\\/secure.gravatar.com\\\/avatar\\\/83474c4b01f4d5df531ba9e1ae59f6610ffe9a3c76657f973718ba9fff166522?s=96&d=mm&r=g\",\"caption\":\"s.couret\"},\"url\":\"https:\\\/\\\/www.stjb-delasalle.fr\\\/site\\\/author\\\/s-couret\\\/\"}]}<\/script>\n<!-- \/ Yoast SEO plugin. -->","yoast_head_json":{"title":"Coll\u00e8ge St Jean-Baptiste de La Salle - Le Rancher Teloch\u00e9","description":"Le Coll\u00e8ge St Jean-Baptiste de La Salle accueille les \u00e9l\u00e8ves dans un cadre exceptionnel \u00e0 Teloch\u00e9 depuis 1973, et d\u00e9veloppe au quotidien des projets innovants au service des jeunes.","robots":{"index":"index","follow":"follow","max-snippet":"max-snippet:-1","max-image-preview":"max-image-preview:large","max-video-preview":"max-video-preview:-1"},"canonical":"https:\/\/www.stjb-delasalle.fr\/site\/2025\/01\/31\/cdi-nuits-de-la-lecture\/","og_locale":"fr_FR","og_type":"article","og_title":"Coll\u00e8ge St Jean-Baptiste de La Salle - Le Rancher Teloch\u00e9","og_description":"Le Coll\u00e8ge St Jean-Baptiste de La Salle accueille les \u00e9l\u00e8ves dans un cadre exceptionnel \u00e0 Teloch\u00e9 depuis 1973, et d\u00e9veloppe au quotidien des projets innovants au service des jeunes.","og_url":"https:\/\/www.stjb-delasalle.fr\/site\/2025\/01\/31\/cdi-nuits-de-la-lecture\/","og_site_name":"Coll\u00e8ge Saint Jean Baptiste de La Salle","article_published_time":"2025-01-31T19:37:00+00:00","article_modified_time":"2025-01-31T20:04:54+00:00","og_image":[{"width":505,"height":310,"url":"https:\/\/www.stjb-delasalle.fr\/site\/wp-content\/uploads\/2025\/01\/cdi-nuits-lecture-e1738353889337.jpg","type":"image\/jpeg"}],"author":"s.couret","twitter_card":"summary_large_image","twitter_misc":{"\u00c9crit par":"s.couret","Dur\u00e9e de lecture estim\u00e9e":"3 minutes"},"schema":{"@context":"https:\/\/schema.org","@graph":[{"@type":"Article","@id":"https:\/\/www.stjb-delasalle.fr\/site\/2025\/01\/31\/cdi-nuits-de-la-lecture\/#article","isPartOf":{"@id":"https:\/\/www.stjb-delasalle.fr\/site\/2025\/01\/31\/cdi-nuits-de-la-lecture\/"},"author":{"name":"s.couret","@id":"https:\/\/www.stjb-delasalle.fr\/site\/#\/schema\/person\/29e031eae2fbe58aca689f9074d3616a"},"headline":"CDI &#8211; Nuits de la Lecture","datePublished":"2025-01-31T19:37:00+00:00","dateModified":"2025-01-31T20:04:54+00:00","mainEntityOfPage":{"@id":"https:\/\/www.stjb-delasalle.fr\/site\/2025\/01\/31\/cdi-nuits-de-la-lecture\/"},"wordCount":100,"commentCount":0,"publisher":{"@id":"https:\/\/www.stjb-delasalle.fr\/site\/#organization"},"image":{"@id":"https:\/\/www.stjb-delasalle.fr\/site\/2025\/01\/31\/cdi-nuits-de-la-lecture\/#primaryimage"},"thumbnailUrl":"https:\/\/www.stjb-delasalle.fr\/site\/wp-content\/uploads\/2025\/01\/cdi-nuits-lecture-e1738353889337.jpg","articleSection":["Activit\u00e9s 3e","Activit\u00e9s 4e","Activit\u00e9s 5e","Activit\u00e9s 6e","CDI","Coll\u00e8ge"],"inLanguage":"fr-FR","potentialAction":[{"@type":"CommentAction","name":"Comment","target":["https:\/\/www.stjb-delasalle.fr\/site\/2025\/01\/31\/cdi-nuits-de-la-lecture\/#respond"]}]},{"@type":"WebPage","@id":"https:\/\/www.stjb-delasalle.fr\/site\/2025\/01\/31\/cdi-nuits-de-la-lecture\/","url":"https:\/\/www.stjb-delasalle.fr\/site\/2025\/01\/31\/cdi-nuits-de-la-lecture\/","name":"Coll\u00e8ge St Jean-Baptiste de La Salle - Le Rancher Teloch\u00e9","isPartOf":{"@id":"https:\/\/www.stjb-delasalle.fr\/site\/#website"},"primaryImageOfPage":{"@id":"https:\/\/www.stjb-delasalle.fr\/site\/2025\/01\/31\/cdi-nuits-de-la-lecture\/#primaryimage"},"image":{"@id":"https:\/\/www.stjb-delasalle.fr\/site\/2025\/01\/31\/cdi-nuits-de-la-lecture\/#primaryimage"},"thumbnailUrl":"https:\/\/www.stjb-delasalle.fr\/site\/wp-content\/uploads\/2025\/01\/cdi-nuits-lecture-e1738353889337.jpg","datePublished":"2025-01-31T19:37:00+00:00","dateModified":"2025-01-31T20:04:54+00:00","description":"Le Coll\u00e8ge St Jean-Baptiste de La Salle accueille les \u00e9l\u00e8ves dans un cadre exceptionnel \u00e0 Teloch\u00e9 depuis 1973, et d\u00e9veloppe au quotidien des projets innovants au service des jeunes.","breadcrumb":{"@id":"https:\/\/www.stjb-delasalle.fr\/site\/2025\/01\/31\/cdi-nuits-de-la-lecture\/#breadcrumb"},"inLanguage":"fr-FR","potentialAction":[{"@type":"ReadAction","target":["https:\/\/www.stjb-delasalle.fr\/site\/2025\/01\/31\/cdi-nuits-de-la-lecture\/"]}]},{"@type":"ImageObject","inLanguage":"fr-FR","@id":"https:\/\/www.stjb-delasalle.fr\/site\/2025\/01\/31\/cdi-nuits-de-la-lecture\/#primaryimage","url":"https:\/\/www.stjb-delasalle.fr\/site\/wp-content\/uploads\/2025\/01\/cdi-nuits-lecture-e1738353889337.jpg","contentUrl":"https:\/\/www.stjb-delasalle.fr\/site\/wp-content\/uploads\/2025\/01\/cdi-nuits-lecture-e1738353889337.jpg","width":505,"height":310},{"@type":"BreadcrumbList","@id":"https:\/\/www.stjb-delasalle.fr\/site\/2025\/01\/31\/cdi-nuits-de-la-lecture\/#breadcrumb","itemListElement":[{"@type":"ListItem","position":1,"name":"Accueil","item":"https:\/\/www.stjb-delasalle.fr\/site\/"},{"@type":"ListItem","position":2,"name":"CDI &#8211; Nuits de la Lecture"}]},{"@type":"WebSite","@id":"https:\/\/www.stjb-delasalle.fr\/site\/#website","url":"https:\/\/www.stjb-delasalle.fr\/site\/","name":"Coll\u00e8ge Saint Jean Baptiste de La Salle","description":"Notre coll\u00e8ge vous accueille sur le site du Rancher \u00e0 Teloch\u00e9","publisher":{"@id":"https:\/\/www.stjb-delasalle.fr\/site\/#organization"},"potentialAction":[{"@type":"SearchAction","target":{"@type":"EntryPoint","urlTemplate":"https:\/\/www.stjb-delasalle.fr\/site\/?s={search_term_string}"},"query-input":{"@type":"PropertyValueSpecification","valueRequired":true,"valueName":"search_term_string"}}],"inLanguage":"fr-FR"},{"@type":"Organization","@id":"https:\/\/www.stjb-delasalle.fr\/site\/#organization","name":"Coll\u00e8ge Saint Jean Baptiste de La Salle","url":"https:\/\/www.stjb-delasalle.fr\/site\/","logo":{"@type":"ImageObject","inLanguage":"fr-FR","@id":"https:\/\/www.stjb-delasalle.fr\/site\/#\/schema\/logo\/image\/","url":"https:\/\/www.stjb-delasalle.fr\/site\/wp-content\/uploads\/2021\/11\/logostjb_petit_transp.png","contentUrl":"https:\/\/www.stjb-delasalle.fr\/site\/wp-content\/uploads\/2021\/11\/logostjb_petit_transp.png","width":180,"height":127,"caption":"Coll\u00e8ge Saint Jean Baptiste de La Salle"},"image":{"@id":"https:\/\/www.stjb-delasalle.fr\/site\/#\/schema\/logo\/image\/"}},{"@type":"Person","@id":"https:\/\/www.stjb-delasalle.fr\/site\/#\/schema\/person\/29e031eae2fbe58aca689f9074d3616a","name":"s.couret","image":{"@type":"ImageObject","inLanguage":"fr-FR","@id":"https:\/\/secure.gravatar.com\/avatar\/83474c4b01f4d5df531ba9e1ae59f6610ffe9a3c76657f973718ba9fff166522?s=96&d=mm&r=g","url":"https:\/\/secure.gravatar.com\/avatar\/83474c4b01f4d5df531ba9e1ae59f6610ffe9a3c76657f973718ba9fff166522?s=96&d=mm&r=g","contentUrl":"https:\/\/secure.gravatar.com\/avatar\/83474c4b01f4d5df531ba9e1ae59f6610ffe9a3c76657f973718ba9fff166522?s=96&d=mm&r=g","caption":"s.couret"},"url":"https:\/\/www.stjb-delasalle.fr\/site\/author\/s-couret\/"}]}},"_links":{"self":[{"href":"https:\/\/www.stjb-delasalle.fr\/site\/wp-json\/wp\/v2\/posts\/17251","targetHints":{"allow":["GET"]}}],"collection":[{"href":"https:\/\/www.stjb-delasalle.fr\/site\/wp-json\/wp\/v2\/posts"}],"about":[{"href":"https:\/\/www.stjb-delasalle.fr\/site\/wp-json\/wp\/v2\/types\/post"}],"author":[{"embeddable":true,"href":"https:\/\/www.stjb-delasalle.fr\/site\/wp-json\/wp\/v2\/users\/3"}],"replies":[{"embeddable":true,"href":"https:\/\/www.stjb-delasalle.fr\/site\/wp-json\/wp\/v2\/comments?post=17251"}],"version-history":[{"count":2,"href":"https:\/\/www.stjb-delasalle.fr\/site\/wp-json\/wp\/v2\/posts\/17251\/revisions"}],"predecessor-version":[{"id":17261,"href":"https:\/\/www.stjb-delasalle.fr\/site\/wp-json\/wp\/v2\/posts\/17251\/revisions\/17261"}],"wp:featuredmedia":[{"embeddable":true,"href":"https:\/\/www.stjb-delasalle.fr\/site\/wp-json\/wp\/v2\/media\/17259"}],"wp:attachment":[{"href":"https:\/\/www.stjb-delasalle.fr\/site\/wp-json\/wp\/v2\/media?parent=17251"}],"wp:term":[{"taxonomy":"category","embeddable":true,"href":"https:\/\/www.stjb-delasalle.fr\/site\/wp-json\/wp\/v2\/categories?post=17251"},{"taxonomy":"post_tag","embeddable":true,"href":"https:\/\/www.stjb-delasalle.fr\/site\/wp-json\/wp\/v2\/tags?post=17251"}],"curies":[{"name":"wp","href":"https:\/\/api.w.org\/{rel}","templated":true}]}}