{"id":17214,"date":"2025-01-31T19:44:34","date_gmt":"2025-01-31T19:44:34","guid":{"rendered":"https:\/\/www.stjb-delasalle.fr\/site\/?p=17214"},"modified":"2025-02-02T08:39:09","modified_gmt":"2025-02-02T08:39:09","slug":"qualification-pour-la-finale-regionale","status":"publish","type":"post","link":"https:\/\/www.stjb-delasalle.fr\/site\/2025\/01\/31\/qualification-pour-la-finale-regionale\/","title":{"rendered":"Qualification pour la Finale R\u00e9gionale"},"content":{"rendered":"<h1>Comp\u00e9tition UGSEL<\/h1>\n<h2><em>Performance au Poir\u00e9 sur Vie (85)<\/em><\/h2>\n<p>&nbsp;<\/p>\n<p>Nos jeunes de l\u2019Academy ont particip\u00e9 \u00e0 la 2\u00e8me journ\u00e9e de la comp\u00e9tition UGSEL Football \u00c9lite, affrontant les sections sportives scolaires du Poir\u00e9 sur Vie (85), de Ch\u00e2teaubriant (44) et de Baug\u00e9 (49). Une journ\u00e9e riche en apprentissage !<\/p>\n<p>\ud835\udc0b\ud835\udc1e\ud835\udc2c \ud835\udc2b\ud835\udc1e\u0301\ud835\udc2c\ud835\udc2e\ud835\udc25\ud835\udc2d\ud835\udc1a\ud835\udc2d\ud835\udc2c :<\/p>\n<p>\u2022 \ud835\udfcf\ud835\udc1e\ud835\udc2b \ud835\udc26\ud835\udc1a\ud835\udc2d\ud835\udc1c\ud835\udc21 : Victoire et revanche prise face \u00e0 Baug\u00e9 (1-0)<\/p>\n<p>\u2022 \ud835\udfd0\ud835\udc1e\u0300\ud835\udc26\ud835\udc1e \ud835\udc26\ud835\udc1a\ud835\udc2d\ud835\udc1c\ud835\udc21 : Victoire encourageante face \u00e0 Ch\u00e2teaubriant (3-0)<\/p>\n<p>\u2022 \ud835\udfd1\ud835\udc1e\u0300\ud835\udc26\ud835\udc1e \ud835\udc26\ud835\udc1a\ud835\udc2d\ud835\udc1c\ud835\udc21 : Courte d\u00e9faite dans les derniers instants face au Poir\u00e9 sur Vie (2-1)<\/p>\n<p>Nos jeunes terminent \u00e0 la 1\u00e8re place du groupe, avec 6 points et un goal average positif de 3 buts. Bravo \u00e0 tous les \u00e9l\u00e8ves pour leur g\u00e9n\u00e9rosit\u00e9, leur pers\u00e9v\u00e9rance et leur esprit d\u2019\u00e9quipe !<\/p>\n<p>Ces r\u00e9sultats mettent en lumi\u00e8re la progression des jeunes sur ces 4 ann\u00e9es, le vivre ensemble et la coh\u00e9sion de groupe, ainsi que le travail r\u00e9alis\u00e9 au sein de l\u2019Academy.<\/p>\n<p>Un grand merci pour l\u2019accueil chaleureux du Poir\u00e9 sur Vie, club de National 2, qui affrontera ce dimanche le SCO d\u2019Angers en 16\u00e8me de Finale de coupe Gambardella.<\/p>\n<p>\ud835\udc0f\ud835\udc2b\ud835\udc28\ud835\udc1c\ud835\udc21\ud835\udc1a\ud835\udc22\ud835\udc27 \ud835\udc2b\ud835\udc1e\ud835\udc27\ud835\udc1d\ud835\udc1e\ud835\udc33-\ud835\udc2f\ud835\udc28\ud835\udc2e\ud835\udc2c :<\/p>\n<p>\ud83c\udfc6 Finale R\u00e9gionale UGSEL Pays de la Loire<\/p>\n<p>\ud83d\udcc5 Le mercredi 12 Mars<\/p>\n<p>\ud83d\udccd Lieu \u00e0 d\u00e9finir<\/p>\n<p>Cette belle aventure humaine et sportive continue pour nos jeunes, qui se pr\u00e9parent avec enthousiasme pour la Finale R\u00e9gionale. Allez l\u2019Academy \ud83d\udcaa\ud83c\udffc<br \/>\nConstruisons l\u2019avenir ensemble !<\/p>\n<p>Fabien L\u2019HYVER<br \/>\nAcademy Football<\/p>\n<p><img fetchpriority=\"high\" decoding=\"async\" class=\"alignnone size-large wp-image-17282\" src=\"https:\/\/www.stjb-delasalle.fr\/site\/wp-content\/uploads\/2025\/02\/6D437E42-B391-4E4A-9275-06D487752B28_1_201_a-1024x605.jpg\" alt=\"\" width=\"1024\" height=\"605\" srcset=\"https:\/\/www.stjb-delasalle.fr\/site\/wp-content\/uploads\/2025\/02\/6D437E42-B391-4E4A-9275-06D487752B28_1_201_a-1024x605.jpg 1024w, https:\/\/www.stjb-delasalle.fr\/site\/wp-content\/uploads\/2025\/02\/6D437E42-B391-4E4A-9275-06D487752B28_1_201_a-300x177.jpg 300w, https:\/\/www.stjb-delasalle.fr\/site\/wp-content\/uploads\/2025\/02\/6D437E42-B391-4E4A-9275-06D487752B28_1_201_a-768x454.jpg 768w, https:\/\/www.stjb-delasalle.fr\/site\/wp-content\/uploads\/2025\/02\/6D437E42-B391-4E4A-9275-06D487752B28_1_201_a-1536x907.jpg 1536w, https:\/\/www.stjb-delasalle.fr\/site\/wp-content\/uploads\/2025\/02\/6D437E42-B391-4E4A-9275-06D487752B28_1_201_a.jpg 1920w\" sizes=\"(max-width: 1024px) 100vw, 1024px\" \/> <img decoding=\"async\" class=\"alignnone size-large wp-image-17283\" src=\"https:\/\/www.stjb-delasalle.fr\/site\/wp-content\/uploads\/2025\/02\/8A20FF86-8DE1-4BA0-91E2-E60E435E0B24_1_105_c-1024x428.jpeg\" alt=\"\" width=\"1024\" height=\"428\" srcset=\"https:\/\/www.stjb-delasalle.fr\/site\/wp-content\/uploads\/2025\/02\/8A20FF86-8DE1-4BA0-91E2-E60E435E0B24_1_105_c-1024x428.jpeg 1024w, https:\/\/www.stjb-delasalle.fr\/site\/wp-content\/uploads\/2025\/02\/8A20FF86-8DE1-4BA0-91E2-E60E435E0B24_1_105_c-300x126.jpeg 300w, https:\/\/www.stjb-delasalle.fr\/site\/wp-content\/uploads\/2025\/02\/8A20FF86-8DE1-4BA0-91E2-E60E435E0B24_1_105_c-768x321.jpeg 768w, https:\/\/www.stjb-delasalle.fr\/site\/wp-content\/uploads\/2025\/02\/8A20FF86-8DE1-4BA0-91E2-E60E435E0B24_1_105_c.jpeg 1372w\" sizes=\"(max-width: 1024px) 100vw, 1024px\" \/><\/p>\n","protected":false},"excerpt":{"rendered":"<p>Comp\u00e9tition UGSEL Performance au Poir\u00e9 sur Vie (85) &nbsp; Nos jeunes de l\u2019Academy ont particip\u00e9 \u00e0 la 2\u00e8me journ\u00e9e de la comp\u00e9tition UGSEL Football \u00c9lite, affrontant les sections sportives scolaires du Poir\u00e9 sur Vie (85), de Ch\u00e2teaubriant (44) et de Baug\u00e9 (49). Une journ\u00e9e riche en apprentissage ! \ud835\udc0b\ud835\udc1e\ud835\udc2c \ud835\udc2b\ud835\udc1e\u0301\ud835\udc2c\ud835\udc2e\ud835\udc25\ud835\udc2d\ud835\udc1a\ud835\udc2d\ud835\udc2c : \u2022 \ud835\udfcf\ud835\udc1e\ud835\udc2b \ud835\udc26\ud835\udc1a\ud835\udc2d\ud835\udc1c\ud835\udc21 : [&hellip;]<\/p>\n","protected":false},"author":3,"featured_media":17282,"comment_status":"closed","ping_status":"closed","sticky":false,"template":"","format":"standard","meta":{"site-sidebar-layout":"default","site-content-layout":"default","ast-site-content-layout":"default","site-content-style":"default","site-sidebar-style":"default","ast-global-header-display":"","ast-banner-title-visibility":"","ast-main-header-display":"","ast-hfb-above-header-display":"","ast-hfb-below-header-display":"","ast-hfb-mobile-header-display":"","site-post-title":"","ast-breadcrumbs-content":"","ast-featured-img":"","footer-sml-layout":"","ast-disable-related-posts":"","theme-transparent-header-meta":"default","adv-header-id-meta":"","stick-header-meta":"","header-above-stick-meta":"","header-main-stick-meta":"","header-below-stick-meta":"","astra-migrate-meta-layouts":"set","ast-page-background-enabled":"default","ast-page-background-meta":{"desktop":{"background-color":"var(--ast-global-color-4)","background-image":"","background-repeat":"repeat","background-position":"center center","background-size":"auto","background-attachment":"scroll","background-type":"","background-media":"","overlay-type":"","overlay-color":"","overlay-opacity":"","overlay-gradient":""},"tablet":{"background-color":"","background-image":"","background-repeat":"repeat","background-position":"center center","background-size":"auto","background-attachment":"scroll","background-type":"","background-media":"","overlay-type":"","overlay-color":"","overlay-opacity":"","overlay-gradient":""},"mobile":{"background-color":"","background-image":"","background-repeat":"repeat","background-position":"center center","background-size":"auto","background-attachment":"scroll","background-type":"","background-media":"","overlay-type":"","overlay-color":"","overlay-opacity":"","overlay-gradient":""}},"ast-content-background-meta":{"desktop":{"background-color":"var(--ast-global-color-5)","background-image":"","background-repeat":"repeat","background-position":"center center","background-size":"auto","background-attachment":"scroll","background-type":"","background-media":"","overlay-type":"","overlay-color":"","overlay-opacity":"","overlay-gradient":""},"tablet":{"background-color":"var(--ast-global-color-5)","background-image":"","background-repeat":"repeat","background-position":"center center","background-size":"auto","background-attachment":"scroll","background-type":"","background-media":"","overlay-type":"","overlay-color":"","overlay-opacity":"","overlay-gradient":""},"mobile":{"background-color":"var(--ast-global-color-5)","background-image":"","background-repeat":"repeat","background-position":"center center","background-size":"auto","background-attachment":"scroll","background-type":"","background-media":"","overlay-type":"","overlay-color":"","overlay-opacity":"","overlay-gradient":""}},"footnotes":""},"categories":[70,100,6],"tags":[],"class_list":["post-17214","post","type-post","status-publish","format-standard","has-post-thumbnail","hentry","category-academy-football","category-academy-football-2024-2025","category-college"],"yoast_head":"<!-- This site is optimized with the Yoast SEO plugin v27.5 - https:\/\/yoast.com\/product\/yoast-seo-wordpress\/ -->\n<title>Coll\u00e8ge St Jean-Baptiste de La Salle - Le Rancher Teloch\u00e9<\/title>\n<meta name=\"description\" content=\"Le Coll\u00e8ge St Jean-Baptiste de La Salle accueille les \u00e9l\u00e8ves dans un cadre exceptionnel \u00e0 Teloch\u00e9 depuis 1973, et d\u00e9veloppe au quotidien des projets innovants au service des jeunes.\" \/>\n<meta name=\"robots\" content=\"index, follow, max-snippet:-1, max-image-preview:large, max-video-preview:-1\" \/>\n<link rel=\"canonical\" href=\"https:\/\/www.stjb-delasalle.fr\/site\/2025\/01\/31\/qualification-pour-la-finale-regionale\/\" \/>\n<meta property=\"og:locale\" content=\"fr_FR\" \/>\n<meta property=\"og:type\" content=\"article\" \/>\n<meta property=\"og:title\" content=\"Coll\u00e8ge St Jean-Baptiste de La Salle - Le Rancher Teloch\u00e9\" \/>\n<meta property=\"og:description\" content=\"Le Coll\u00e8ge St Jean-Baptiste de La Salle accueille les \u00e9l\u00e8ves dans un cadre exceptionnel \u00e0 Teloch\u00e9 depuis 1973, et d\u00e9veloppe au quotidien des projets innovants au service des jeunes.\" \/>\n<meta property=\"og:url\" content=\"https:\/\/www.stjb-delasalle.fr\/site\/2025\/01\/31\/qualification-pour-la-finale-regionale\/\" \/>\n<meta property=\"og:site_name\" content=\"Coll\u00e8ge Saint Jean Baptiste de La Salle\" \/>\n<meta property=\"article:published_time\" content=\"2025-01-31T19:44:34+00:00\" \/>\n<meta property=\"article:modified_time\" content=\"2025-02-02T08:39:09+00:00\" \/>\n<meta property=\"og:image\" content=\"https:\/\/www.stjb-delasalle.fr\/site\/wp-content\/uploads\/2025\/02\/6D437E42-B391-4E4A-9275-06D487752B28_1_201_a.jpg\" \/>\n\t<meta property=\"og:image:width\" content=\"1920\" \/>\n\t<meta property=\"og:image:height\" content=\"1134\" \/>\n\t<meta property=\"og:image:type\" content=\"image\/jpeg\" \/>\n<meta name=\"author\" content=\"s.couret\" \/>\n<meta name=\"twitter:card\" content=\"summary_large_image\" \/>\n<meta name=\"twitter:label1\" content=\"\u00c9crit par\" \/>\n\t<meta name=\"twitter:data1\" content=\"s.couret\" \/>\n\t<meta name=\"twitter:label2\" content=\"Dur\u00e9e de lecture estim\u00e9e\" \/>\n\t<meta name=\"twitter:data2\" content=\"2 minutes\" \/>\n<script type=\"application\/ld+json\" class=\"yoast-schema-graph\">{\"@context\":\"https:\\\/\\\/schema.org\",\"@graph\":[{\"@type\":\"Article\",\"@id\":\"https:\\\/\\\/www.stjb-delasalle.fr\\\/site\\\/2025\\\/01\\\/31\\\/qualification-pour-la-finale-regionale\\\/#article\",\"isPartOf\":{\"@id\":\"https:\\\/\\\/www.stjb-delasalle.fr\\\/site\\\/2025\\\/01\\\/31\\\/qualification-pour-la-finale-regionale\\\/\"},\"author\":{\"name\":\"s.couret\",\"@id\":\"https:\\\/\\\/www.stjb-delasalle.fr\\\/site\\\/#\\\/schema\\\/person\\\/29e031eae2fbe58aca689f9074d3616a\"},\"headline\":\"Qualification pour la Finale R\u00e9gionale\",\"datePublished\":\"2025-01-31T19:44:34+00:00\",\"dateModified\":\"2025-02-02T08:39:09+00:00\",\"mainEntityOfPage\":{\"@id\":\"https:\\\/\\\/www.stjb-delasalle.fr\\\/site\\\/2025\\\/01\\\/31\\\/qualification-pour-la-finale-regionale\\\/\"},\"wordCount\":228,\"publisher\":{\"@id\":\"https:\\\/\\\/www.stjb-delasalle.fr\\\/site\\\/#organization\"},\"image\":{\"@id\":\"https:\\\/\\\/www.stjb-delasalle.fr\\\/site\\\/2025\\\/01\\\/31\\\/qualification-pour-la-finale-regionale\\\/#primaryimage\"},\"thumbnailUrl\":\"https:\\\/\\\/www.stjb-delasalle.fr\\\/site\\\/wp-content\\\/uploads\\\/2025\\\/02\\\/6D437E42-B391-4E4A-9275-06D487752B28_1_201_a.jpg\",\"articleSection\":[\"Academy Football\",\"Academy Football 2024-2025\",\"Coll\u00e8ge\"],\"inLanguage\":\"fr-FR\"},{\"@type\":\"WebPage\",\"@id\":\"https:\\\/\\\/www.stjb-delasalle.fr\\\/site\\\/2025\\\/01\\\/31\\\/qualification-pour-la-finale-regionale\\\/\",\"url\":\"https:\\\/\\\/www.stjb-delasalle.fr\\\/site\\\/2025\\\/01\\\/31\\\/qualification-pour-la-finale-regionale\\\/\",\"name\":\"Coll\u00e8ge St Jean-Baptiste de La Salle - Le Rancher Teloch\u00e9\",\"isPartOf\":{\"@id\":\"https:\\\/\\\/www.stjb-delasalle.fr\\\/site\\\/#website\"},\"primaryImageOfPage\":{\"@id\":\"https:\\\/\\\/www.stjb-delasalle.fr\\\/site\\\/2025\\\/01\\\/31\\\/qualification-pour-la-finale-regionale\\\/#primaryimage\"},\"image\":{\"@id\":\"https:\\\/\\\/www.stjb-delasalle.fr\\\/site\\\/2025\\\/01\\\/31\\\/qualification-pour-la-finale-regionale\\\/#primaryimage\"},\"thumbnailUrl\":\"https:\\\/\\\/www.stjb-delasalle.fr\\\/site\\\/wp-content\\\/uploads\\\/2025\\\/02\\\/6D437E42-B391-4E4A-9275-06D487752B28_1_201_a.jpg\",\"datePublished\":\"2025-01-31T19:44:34+00:00\",\"dateModified\":\"2025-02-02T08:39:09+00:00\",\"description\":\"Le Coll\u00e8ge St Jean-Baptiste de La Salle accueille les \u00e9l\u00e8ves dans un cadre exceptionnel \u00e0 Teloch\u00e9 depuis 1973, et d\u00e9veloppe au quotidien des projets innovants au service des jeunes.\",\"breadcrumb\":{\"@id\":\"https:\\\/\\\/www.stjb-delasalle.fr\\\/site\\\/2025\\\/01\\\/31\\\/qualification-pour-la-finale-regionale\\\/#breadcrumb\"},\"inLanguage\":\"fr-FR\",\"potentialAction\":[{\"@type\":\"ReadAction\",\"target\":[\"https:\\\/\\\/www.stjb-delasalle.fr\\\/site\\\/2025\\\/01\\\/31\\\/qualification-pour-la-finale-regionale\\\/\"]}]},{\"@type\":\"ImageObject\",\"inLanguage\":\"fr-FR\",\"@id\":\"https:\\\/\\\/www.stjb-delasalle.fr\\\/site\\\/2025\\\/01\\\/31\\\/qualification-pour-la-finale-regionale\\\/#primaryimage\",\"url\":\"https:\\\/\\\/www.stjb-delasalle.fr\\\/site\\\/wp-content\\\/uploads\\\/2025\\\/02\\\/6D437E42-B391-4E4A-9275-06D487752B28_1_201_a.jpg\",\"contentUrl\":\"https:\\\/\\\/www.stjb-delasalle.fr\\\/site\\\/wp-content\\\/uploads\\\/2025\\\/02\\\/6D437E42-B391-4E4A-9275-06D487752B28_1_201_a.jpg\",\"width\":1920,\"height\":1134},{\"@type\":\"BreadcrumbList\",\"@id\":\"https:\\\/\\\/www.stjb-delasalle.fr\\\/site\\\/2025\\\/01\\\/31\\\/qualification-pour-la-finale-regionale\\\/#breadcrumb\",\"itemListElement\":[{\"@type\":\"ListItem\",\"position\":1,\"name\":\"Accueil\",\"item\":\"https:\\\/\\\/www.stjb-delasalle.fr\\\/site\\\/\"},{\"@type\":\"ListItem\",\"position\":2,\"name\":\"Qualification pour la Finale R\u00e9gionale\"}]},{\"@type\":\"WebSite\",\"@id\":\"https:\\\/\\\/www.stjb-delasalle.fr\\\/site\\\/#website\",\"url\":\"https:\\\/\\\/www.stjb-delasalle.fr\\\/site\\\/\",\"name\":\"Coll\u00e8ge Saint Jean Baptiste de La Salle\",\"description\":\"Notre coll\u00e8ge vous accueille sur le site du Rancher \u00e0 Teloch\u00e9\",\"publisher\":{\"@id\":\"https:\\\/\\\/www.stjb-delasalle.fr\\\/site\\\/#organization\"},\"potentialAction\":[{\"@type\":\"SearchAction\",\"target\":{\"@type\":\"EntryPoint\",\"urlTemplate\":\"https:\\\/\\\/www.stjb-delasalle.fr\\\/site\\\/?s={search_term_string}\"},\"query-input\":{\"@type\":\"PropertyValueSpecification\",\"valueRequired\":true,\"valueName\":\"search_term_string\"}}],\"inLanguage\":\"fr-FR\"},{\"@type\":\"Organization\",\"@id\":\"https:\\\/\\\/www.stjb-delasalle.fr\\\/site\\\/#organization\",\"name\":\"Coll\u00e8ge Saint Jean Baptiste de La Salle\",\"url\":\"https:\\\/\\\/www.stjb-delasalle.fr\\\/site\\\/\",\"logo\":{\"@type\":\"ImageObject\",\"inLanguage\":\"fr-FR\",\"@id\":\"https:\\\/\\\/www.stjb-delasalle.fr\\\/site\\\/#\\\/schema\\\/logo\\\/image\\\/\",\"url\":\"https:\\\/\\\/www.stjb-delasalle.fr\\\/site\\\/wp-content\\\/uploads\\\/2021\\\/11\\\/logostjb_petit_transp.png\",\"contentUrl\":\"https:\\\/\\\/www.stjb-delasalle.fr\\\/site\\\/wp-content\\\/uploads\\\/2021\\\/11\\\/logostjb_petit_transp.png\",\"width\":180,\"height\":127,\"caption\":\"Coll\u00e8ge Saint Jean Baptiste de La Salle\"},\"image\":{\"@id\":\"https:\\\/\\\/www.stjb-delasalle.fr\\\/site\\\/#\\\/schema\\\/logo\\\/image\\\/\"}},{\"@type\":\"Person\",\"@id\":\"https:\\\/\\\/www.stjb-delasalle.fr\\\/site\\\/#\\\/schema\\\/person\\\/29e031eae2fbe58aca689f9074d3616a\",\"name\":\"s.couret\",\"image\":{\"@type\":\"ImageObject\",\"inLanguage\":\"fr-FR\",\"@id\":\"https:\\\/\\\/secure.gravatar.com\\\/avatar\\\/83474c4b01f4d5df531ba9e1ae59f6610ffe9a3c76657f973718ba9fff166522?s=96&d=mm&r=g\",\"url\":\"https:\\\/\\\/secure.gravatar.com\\\/avatar\\\/83474c4b01f4d5df531ba9e1ae59f6610ffe9a3c76657f973718ba9fff166522?s=96&d=mm&r=g\",\"contentUrl\":\"https:\\\/\\\/secure.gravatar.com\\\/avatar\\\/83474c4b01f4d5df531ba9e1ae59f6610ffe9a3c76657f973718ba9fff166522?s=96&d=mm&r=g\",\"caption\":\"s.couret\"},\"url\":\"https:\\\/\\\/www.stjb-delasalle.fr\\\/site\\\/author\\\/s-couret\\\/\"}]}<\/script>\n<!-- \/ Yoast SEO plugin. -->","yoast_head_json":{"title":"Coll\u00e8ge St Jean-Baptiste de La Salle - Le Rancher Teloch\u00e9","description":"Le Coll\u00e8ge St Jean-Baptiste de La Salle accueille les \u00e9l\u00e8ves dans un cadre exceptionnel \u00e0 Teloch\u00e9 depuis 1973, et d\u00e9veloppe au quotidien des projets innovants au service des jeunes.","robots":{"index":"index","follow":"follow","max-snippet":"max-snippet:-1","max-image-preview":"max-image-preview:large","max-video-preview":"max-video-preview:-1"},"canonical":"https:\/\/www.stjb-delasalle.fr\/site\/2025\/01\/31\/qualification-pour-la-finale-regionale\/","og_locale":"fr_FR","og_type":"article","og_title":"Coll\u00e8ge St Jean-Baptiste de La Salle - Le Rancher Teloch\u00e9","og_description":"Le Coll\u00e8ge St Jean-Baptiste de La Salle accueille les \u00e9l\u00e8ves dans un cadre exceptionnel \u00e0 Teloch\u00e9 depuis 1973, et d\u00e9veloppe au quotidien des projets innovants au service des jeunes.","og_url":"https:\/\/www.stjb-delasalle.fr\/site\/2025\/01\/31\/qualification-pour-la-finale-regionale\/","og_site_name":"Coll\u00e8ge Saint Jean Baptiste de La Salle","article_published_time":"2025-01-31T19:44:34+00:00","article_modified_time":"2025-02-02T08:39:09+00:00","og_image":[{"width":1920,"height":1134,"url":"https:\/\/www.stjb-delasalle.fr\/site\/wp-content\/uploads\/2025\/02\/6D437E42-B391-4E4A-9275-06D487752B28_1_201_a.jpg","type":"image\/jpeg"}],"author":"s.couret","twitter_card":"summary_large_image","twitter_misc":{"\u00c9crit par":"s.couret","Dur\u00e9e de lecture estim\u00e9e":"2 minutes"},"schema":{"@context":"https:\/\/schema.org","@graph":[{"@type":"Article","@id":"https:\/\/www.stjb-delasalle.fr\/site\/2025\/01\/31\/qualification-pour-la-finale-regionale\/#article","isPartOf":{"@id":"https:\/\/www.stjb-delasalle.fr\/site\/2025\/01\/31\/qualification-pour-la-finale-regionale\/"},"author":{"name":"s.couret","@id":"https:\/\/www.stjb-delasalle.fr\/site\/#\/schema\/person\/29e031eae2fbe58aca689f9074d3616a"},"headline":"Qualification pour la Finale R\u00e9gionale","datePublished":"2025-01-31T19:44:34+00:00","dateModified":"2025-02-02T08:39:09+00:00","mainEntityOfPage":{"@id":"https:\/\/www.stjb-delasalle.fr\/site\/2025\/01\/31\/qualification-pour-la-finale-regionale\/"},"wordCount":228,"publisher":{"@id":"https:\/\/www.stjb-delasalle.fr\/site\/#organization"},"image":{"@id":"https:\/\/www.stjb-delasalle.fr\/site\/2025\/01\/31\/qualification-pour-la-finale-regionale\/#primaryimage"},"thumbnailUrl":"https:\/\/www.stjb-delasalle.fr\/site\/wp-content\/uploads\/2025\/02\/6D437E42-B391-4E4A-9275-06D487752B28_1_201_a.jpg","articleSection":["Academy Football","Academy Football 2024-2025","Coll\u00e8ge"],"inLanguage":"fr-FR"},{"@type":"WebPage","@id":"https:\/\/www.stjb-delasalle.fr\/site\/2025\/01\/31\/qualification-pour-la-finale-regionale\/","url":"https:\/\/www.stjb-delasalle.fr\/site\/2025\/01\/31\/qualification-pour-la-finale-regionale\/","name":"Coll\u00e8ge St Jean-Baptiste de La Salle - Le Rancher Teloch\u00e9","isPartOf":{"@id":"https:\/\/www.stjb-delasalle.fr\/site\/#website"},"primaryImageOfPage":{"@id":"https:\/\/www.stjb-delasalle.fr\/site\/2025\/01\/31\/qualification-pour-la-finale-regionale\/#primaryimage"},"image":{"@id":"https:\/\/www.stjb-delasalle.fr\/site\/2025\/01\/31\/qualification-pour-la-finale-regionale\/#primaryimage"},"thumbnailUrl":"https:\/\/www.stjb-delasalle.fr\/site\/wp-content\/uploads\/2025\/02\/6D437E42-B391-4E4A-9275-06D487752B28_1_201_a.jpg","datePublished":"2025-01-31T19:44:34+00:00","dateModified":"2025-02-02T08:39:09+00:00","description":"Le Coll\u00e8ge St Jean-Baptiste de La Salle accueille les \u00e9l\u00e8ves dans un cadre exceptionnel \u00e0 Teloch\u00e9 depuis 1973, et d\u00e9veloppe au quotidien des projets innovants au service des jeunes.","breadcrumb":{"@id":"https:\/\/www.stjb-delasalle.fr\/site\/2025\/01\/31\/qualification-pour-la-finale-regionale\/#breadcrumb"},"inLanguage":"fr-FR","potentialAction":[{"@type":"ReadAction","target":["https:\/\/www.stjb-delasalle.fr\/site\/2025\/01\/31\/qualification-pour-la-finale-regionale\/"]}]},{"@type":"ImageObject","inLanguage":"fr-FR","@id":"https:\/\/www.stjb-delasalle.fr\/site\/2025\/01\/31\/qualification-pour-la-finale-regionale\/#primaryimage","url":"https:\/\/www.stjb-delasalle.fr\/site\/wp-content\/uploads\/2025\/02\/6D437E42-B391-4E4A-9275-06D487752B28_1_201_a.jpg","contentUrl":"https:\/\/www.stjb-delasalle.fr\/site\/wp-content\/uploads\/2025\/02\/6D437E42-B391-4E4A-9275-06D487752B28_1_201_a.jpg","width":1920,"height":1134},{"@type":"BreadcrumbList","@id":"https:\/\/www.stjb-delasalle.fr\/site\/2025\/01\/31\/qualification-pour-la-finale-regionale\/#breadcrumb","itemListElement":[{"@type":"ListItem","position":1,"name":"Accueil","item":"https:\/\/www.stjb-delasalle.fr\/site\/"},{"@type":"ListItem","position":2,"name":"Qualification pour la Finale R\u00e9gionale"}]},{"@type":"WebSite","@id":"https:\/\/www.stjb-delasalle.fr\/site\/#website","url":"https:\/\/www.stjb-delasalle.fr\/site\/","name":"Coll\u00e8ge Saint Jean Baptiste de La Salle","description":"Notre coll\u00e8ge vous accueille sur le site du Rancher \u00e0 Teloch\u00e9","publisher":{"@id":"https:\/\/www.stjb-delasalle.fr\/site\/#organization"},"potentialAction":[{"@type":"SearchAction","target":{"@type":"EntryPoint","urlTemplate":"https:\/\/www.stjb-delasalle.fr\/site\/?s={search_term_string}"},"query-input":{"@type":"PropertyValueSpecification","valueRequired":true,"valueName":"search_term_string"}}],"inLanguage":"fr-FR"},{"@type":"Organization","@id":"https:\/\/www.stjb-delasalle.fr\/site\/#organization","name":"Coll\u00e8ge Saint Jean Baptiste de La Salle","url":"https:\/\/www.stjb-delasalle.fr\/site\/","logo":{"@type":"ImageObject","inLanguage":"fr-FR","@id":"https:\/\/www.stjb-delasalle.fr\/site\/#\/schema\/logo\/image\/","url":"https:\/\/www.stjb-delasalle.fr\/site\/wp-content\/uploads\/2021\/11\/logostjb_petit_transp.png","contentUrl":"https:\/\/www.stjb-delasalle.fr\/site\/wp-content\/uploads\/2021\/11\/logostjb_petit_transp.png","width":180,"height":127,"caption":"Coll\u00e8ge Saint Jean Baptiste de La Salle"},"image":{"@id":"https:\/\/www.stjb-delasalle.fr\/site\/#\/schema\/logo\/image\/"}},{"@type":"Person","@id":"https:\/\/www.stjb-delasalle.fr\/site\/#\/schema\/person\/29e031eae2fbe58aca689f9074d3616a","name":"s.couret","image":{"@type":"ImageObject","inLanguage":"fr-FR","@id":"https:\/\/secure.gravatar.com\/avatar\/83474c4b01f4d5df531ba9e1ae59f6610ffe9a3c76657f973718ba9fff166522?s=96&d=mm&r=g","url":"https:\/\/secure.gravatar.com\/avatar\/83474c4b01f4d5df531ba9e1ae59f6610ffe9a3c76657f973718ba9fff166522?s=96&d=mm&r=g","contentUrl":"https:\/\/secure.gravatar.com\/avatar\/83474c4b01f4d5df531ba9e1ae59f6610ffe9a3c76657f973718ba9fff166522?s=96&d=mm&r=g","caption":"s.couret"},"url":"https:\/\/www.stjb-delasalle.fr\/site\/author\/s-couret\/"}]}},"_links":{"self":[{"href":"https:\/\/www.stjb-delasalle.fr\/site\/wp-json\/wp\/v2\/posts\/17214","targetHints":{"allow":["GET"]}}],"collection":[{"href":"https:\/\/www.stjb-delasalle.fr\/site\/wp-json\/wp\/v2\/posts"}],"about":[{"href":"https:\/\/www.stjb-delasalle.fr\/site\/wp-json\/wp\/v2\/types\/post"}],"author":[{"embeddable":true,"href":"https:\/\/www.stjb-delasalle.fr\/site\/wp-json\/wp\/v2\/users\/3"}],"replies":[{"embeddable":true,"href":"https:\/\/www.stjb-delasalle.fr\/site\/wp-json\/wp\/v2\/comments?post=17214"}],"version-history":[{"count":1,"href":"https:\/\/www.stjb-delasalle.fr\/site\/wp-json\/wp\/v2\/posts\/17214\/revisions"}],"predecessor-version":[{"id":17284,"href":"https:\/\/www.stjb-delasalle.fr\/site\/wp-json\/wp\/v2\/posts\/17214\/revisions\/17284"}],"wp:featuredmedia":[{"embeddable":true,"href":"https:\/\/www.stjb-delasalle.fr\/site\/wp-json\/wp\/v2\/media\/17282"}],"wp:attachment":[{"href":"https:\/\/www.stjb-delasalle.fr\/site\/wp-json\/wp\/v2\/media?parent=17214"}],"wp:term":[{"taxonomy":"category","embeddable":true,"href":"https:\/\/www.stjb-delasalle.fr\/site\/wp-json\/wp\/v2\/categories?post=17214"},{"taxonomy":"post_tag","embeddable":true,"href":"https:\/\/www.stjb-delasalle.fr\/site\/wp-json\/wp\/v2\/tags?post=17214"}],"curies":[{"name":"wp","href":"https:\/\/api.w.org\/{rel}","templated":true}]}}