{"id":16861,"date":"2024-11-21T15:58:51","date_gmt":"2024-11-21T15:58:51","guid":{"rendered":"https:\/\/www.stjb-delasalle.fr\/site\/?p=16861"},"modified":"2024-12-15T20:53:55","modified_gmt":"2024-12-15T20:53:55","slug":"classe-exterieure-on-parle-de-nous-france-3","status":"publish","type":"post","link":"https:\/\/www.stjb-delasalle.fr\/site\/2024\/11\/21\/classe-exterieure-on-parle-de-nous-france-3\/","title":{"rendered":"On parle de nous !..France 3"},"content":{"rendered":"<div dir=\"ltr\">\n<h1>Projet \u00ab Ma classe ext\u00e9rieure \u00bb<\/h1>\n<h2>Chantier participatif d\u2019\u00e9l\u00e8ves<\/h2>\n<\/div>\n<p>&nbsp;<\/p>\n<p>Derni\u00e8re phase de notre chantier pour la construction de notre classe ext\u00e9rieure, 4 jours de travail de groupe en Novembre 2024, encadr\u00e9 par un artiste : Lucas Grandin, des enseignantes d\u2019arts plastiques, math\u00e9matiques, Sciences de la Vie et de la Terre et un \u00e9ducateur de vie scolaire. 35 \u00e9l\u00e8ves de 4e et 3e dont 14 \u00e9l\u00e8ves de l\u2019Option M\u00e9tiers, et 19 \u00e9l\u00e8ves du Parcours renforc\u00e9 arts plastiques. Une classe ext\u00e9rieure utilisable d\u00e8s le printemps 2025 quand la douceur sera revenue\u2026<\/p>\n<p><b><i>FRANCE 3 &#8211; \u00c9dition Maine 19\/20 du 18 Novembre 2024<\/i><\/b><\/p>\n<p><strong><a href=\"https:\/\/www.stjb-delasalle.fr\/site\/wp-content\/uploads\/2024\/11\/Mon-film-1.mov\">France 3 Maine 18 11 2024<\/a><\/strong><\/p>\n<p><em><img fetchpriority=\"high\" decoding=\"async\" class=\"https:\/\/www.stjb-delasalle.fr\/site\/wp-content\/uploads\/2024\/11\/Mon-film-1.mov alignnone wp-image-16864 size-large\" src=\"https:\/\/www.stjb-delasalle.fr\/site\/wp-content\/uploads\/2024\/11\/IMG_4284-1024x579.jpeg\" alt=\"\" width=\"1024\" height=\"579\" srcset=\"https:\/\/www.stjb-delasalle.fr\/site\/wp-content\/uploads\/2024\/11\/IMG_4284-1024x579.jpeg 1024w, https:\/\/www.stjb-delasalle.fr\/site\/wp-content\/uploads\/2024\/11\/IMG_4284-300x170.jpeg 300w, https:\/\/www.stjb-delasalle.fr\/site\/wp-content\/uploads\/2024\/11\/IMG_4284-768x434.jpeg 768w, https:\/\/www.stjb-delasalle.fr\/site\/wp-content\/uploads\/2024\/11\/IMG_4284-1536x868.jpeg 1536w, https:\/\/www.stjb-delasalle.fr\/site\/wp-content\/uploads\/2024\/11\/IMG_4284.jpeg 1920w\" sizes=\"(max-width: 1024px) 100vw, 1024px\" \/><\/em><\/p>\n<p><img decoding=\"async\" class=\"alignnone size-large wp-image-16865\" src=\"https:\/\/www.stjb-delasalle.fr\/site\/wp-content\/uploads\/2024\/11\/IMG_4917-768x1024.jpeg\" alt=\"\" width=\"768\" height=\"1024\" srcset=\"https:\/\/www.stjb-delasalle.fr\/site\/wp-content\/uploads\/2024\/11\/IMG_4917-768x1024.jpeg 768w, https:\/\/www.stjb-delasalle.fr\/site\/wp-content\/uploads\/2024\/11\/IMG_4917-225x300.jpeg 225w, https:\/\/www.stjb-delasalle.fr\/site\/wp-content\/uploads\/2024\/11\/IMG_4917-1152x1536.jpeg 1152w, https:\/\/www.stjb-delasalle.fr\/site\/wp-content\/uploads\/2024\/11\/IMG_4917.jpeg 1440w\" sizes=\"(max-width: 768px) 100vw, 768px\" \/> <img decoding=\"async\" class=\"alignnone size-large wp-image-16866\" src=\"https:\/\/www.stjb-delasalle.fr\/site\/wp-content\/uploads\/2024\/11\/IMG_4915-1024x768.jpeg\" alt=\"\" width=\"1024\" height=\"768\" srcset=\"https:\/\/www.stjb-delasalle.fr\/site\/wp-content\/uploads\/2024\/11\/IMG_4915-1024x768.jpeg 1024w, https:\/\/www.stjb-delasalle.fr\/site\/wp-content\/uploads\/2024\/11\/IMG_4915-300x225.jpeg 300w, https:\/\/www.stjb-delasalle.fr\/site\/wp-content\/uploads\/2024\/11\/IMG_4915-768x576.jpeg 768w, https:\/\/www.stjb-delasalle.fr\/site\/wp-content\/uploads\/2024\/11\/IMG_4915-1536x1152.jpeg 1536w, https:\/\/www.stjb-delasalle.fr\/site\/wp-content\/uploads\/2024\/11\/IMG_4915.jpeg 1920w\" sizes=\"(max-width: 1024px) 100vw, 1024px\" \/> <img loading=\"lazy\" decoding=\"async\" class=\"alignnone size-large wp-image-16867\" src=\"https:\/\/www.stjb-delasalle.fr\/site\/wp-content\/uploads\/2024\/11\/IMG_4925-768x1024.jpeg\" alt=\"\" width=\"768\" height=\"1024\" srcset=\"https:\/\/www.stjb-delasalle.fr\/site\/wp-content\/uploads\/2024\/11\/IMG_4925-768x1024.jpeg 768w, https:\/\/www.stjb-delasalle.fr\/site\/wp-content\/uploads\/2024\/11\/IMG_4925-225x300.jpeg 225w, https:\/\/www.stjb-delasalle.fr\/site\/wp-content\/uploads\/2024\/11\/IMG_4925-1152x1536.jpeg 1152w, https:\/\/www.stjb-delasalle.fr\/site\/wp-content\/uploads\/2024\/11\/IMG_4925.jpeg 1440w\" sizes=\"(max-width: 768px) 100vw, 768px\" \/> <img loading=\"lazy\" decoding=\"async\" class=\"alignnone size-large wp-image-16868\" src=\"https:\/\/www.stjb-delasalle.fr\/site\/wp-content\/uploads\/2024\/11\/IMG_4916-1024x768.jpeg\" alt=\"\" width=\"1024\" height=\"768\" srcset=\"https:\/\/www.stjb-delasalle.fr\/site\/wp-content\/uploads\/2024\/11\/IMG_4916-1024x768.jpeg 1024w, https:\/\/www.stjb-delasalle.fr\/site\/wp-content\/uploads\/2024\/11\/IMG_4916-300x225.jpeg 300w, https:\/\/www.stjb-delasalle.fr\/site\/wp-content\/uploads\/2024\/11\/IMG_4916-768x576.jpeg 768w, https:\/\/www.stjb-delasalle.fr\/site\/wp-content\/uploads\/2024\/11\/IMG_4916-1536x1152.jpeg 1536w, https:\/\/www.stjb-delasalle.fr\/site\/wp-content\/uploads\/2024\/11\/IMG_4916.jpeg 1920w\" sizes=\"(max-width: 1024px) 100vw, 1024px\" \/> <img loading=\"lazy\" decoding=\"async\" class=\"alignnone size-large wp-image-16870\" src=\"https:\/\/www.stjb-delasalle.fr\/site\/wp-content\/uploads\/2024\/11\/IMG_4922-1024x768.jpeg\" alt=\"\" width=\"1024\" height=\"768\" srcset=\"https:\/\/www.stjb-delasalle.fr\/site\/wp-content\/uploads\/2024\/11\/IMG_4922-1024x768.jpeg 1024w, https:\/\/www.stjb-delasalle.fr\/site\/wp-content\/uploads\/2024\/11\/IMG_4922-300x225.jpeg 300w, https:\/\/www.stjb-delasalle.fr\/site\/wp-content\/uploads\/2024\/11\/IMG_4922-768x576.jpeg 768w, https:\/\/www.stjb-delasalle.fr\/site\/wp-content\/uploads\/2024\/11\/IMG_4922-1536x1152.jpeg 1536w, https:\/\/www.stjb-delasalle.fr\/site\/wp-content\/uploads\/2024\/11\/IMG_4922.jpeg 1920w\" sizes=\"(max-width: 1024px) 100vw, 1024px\" \/><\/p>\n<div dir=\"ltr\">\n<h3><\/h3>\n<h3><\/h3>\n<\/div>\n","protected":false},"excerpt":{"rendered":"<p>Projet \u00ab Ma classe ext\u00e9rieure \u00bb Chantier participatif d\u2019\u00e9l\u00e8ves &nbsp; Derni\u00e8re phase de notre chantier pour la construction de notre classe ext\u00e9rieure, 4 jours de travail de groupe en Novembre 2024, encadr\u00e9 par un artiste : Lucas Grandin, des enseignantes d\u2019arts plastiques, math\u00e9matiques, Sciences de la Vie et de la Terre et un \u00e9ducateur de [&hellip;]<\/p>\n","protected":false},"author":3,"featured_media":16862,"comment_status":"open","ping_status":"open","sticky":false,"template":"","format":"standard","meta":{"site-sidebar-layout":"default","site-content-layout":"default","ast-site-content-layout":"default","site-content-style":"default","site-sidebar-style":"default","ast-global-header-display":"","ast-banner-title-visibility":"","ast-main-header-display":"","ast-hfb-above-header-display":"","ast-hfb-below-header-display":"","ast-hfb-mobile-header-display":"","site-post-title":"","ast-breadcrumbs-content":"","ast-featured-img":"","footer-sml-layout":"","ast-disable-related-posts":"","theme-transparent-header-meta":"default","adv-header-id-meta":"","stick-header-meta":"","header-above-stick-meta":"","header-main-stick-meta":"","header-below-stick-meta":"","astra-migrate-meta-layouts":"set","ast-page-background-enabled":"default","ast-page-background-meta":{"desktop":{"background-color":"var(--ast-global-color-4)","background-image":"","background-repeat":"repeat","background-position":"center center","background-size":"auto","background-attachment":"scroll","background-type":"","background-media":"","overlay-type":"","overlay-color":"","overlay-opacity":"","overlay-gradient":""},"tablet":{"background-color":"","background-image":"","background-repeat":"repeat","background-position":"center center","background-size":"auto","background-attachment":"scroll","background-type":"","background-media":"","overlay-type":"","overlay-color":"","overlay-opacity":"","overlay-gradient":""},"mobile":{"background-color":"","background-image":"","background-repeat":"repeat","background-position":"center center","background-size":"auto","background-attachment":"scroll","background-type":"","background-media":"","overlay-type":"","overlay-color":"","overlay-opacity":"","overlay-gradient":""}},"ast-content-background-meta":{"desktop":{"background-color":"var(--ast-global-color-5)","background-image":"","background-repeat":"repeat","background-position":"center center","background-size":"auto","background-attachment":"scroll","background-type":"","background-media":"","overlay-type":"","overlay-color":"","overlay-opacity":"","overlay-gradient":""},"tablet":{"background-color":"var(--ast-global-color-5)","background-image":"","background-repeat":"repeat","background-position":"center center","background-size":"auto","background-attachment":"scroll","background-type":"","background-media":"","overlay-type":"","overlay-color":"","overlay-opacity":"","overlay-gradient":""},"mobile":{"background-color":"var(--ast-global-color-5)","background-image":"","background-repeat":"repeat","background-position":"center center","background-size":"auto","background-attachment":"scroll","background-type":"","background-media":"","overlay-type":"","overlay-color":"","overlay-opacity":"","overlay-gradient":""}},"footnotes":""},"categories":[60,59,105,6,99],"tags":[],"class_list":["post-16861","post","type-post","status-publish","format-standard","has-post-thumbnail","hentry","category-activites-3e","category-activites-4e","category-classexterieure","category-college","category-option-arts-2024-2025"],"yoast_head":"<!-- This site is optimized with the Yoast SEO plugin v27.5 - https:\/\/yoast.com\/product\/yoast-seo-wordpress\/ -->\n<title>Coll\u00e8ge St Jean-Baptiste de La Salle - Le Rancher Teloch\u00e9<\/title>\n<meta name=\"description\" content=\"Le Coll\u00e8ge St Jean-Baptiste de La Salle accueille les \u00e9l\u00e8ves dans un cadre exceptionnel \u00e0 Teloch\u00e9 depuis 1973, et d\u00e9veloppe au quotidien des projets innovants au service des jeunes.\" \/>\n<meta name=\"robots\" content=\"index, follow, max-snippet:-1, max-image-preview:large, max-video-preview:-1\" \/>\n<link rel=\"canonical\" href=\"https:\/\/www.stjb-delasalle.fr\/site\/2024\/11\/21\/classe-exterieure-on-parle-de-nous-france-3\/\" \/>\n<meta property=\"og:locale\" content=\"fr_FR\" \/>\n<meta property=\"og:type\" content=\"article\" \/>\n<meta property=\"og:title\" content=\"Coll\u00e8ge St Jean-Baptiste de La Salle - Le Rancher Teloch\u00e9\" \/>\n<meta property=\"og:description\" content=\"Le Coll\u00e8ge St Jean-Baptiste de La Salle accueille les \u00e9l\u00e8ves dans un cadre exceptionnel \u00e0 Teloch\u00e9 depuis 1973, et d\u00e9veloppe au quotidien des projets innovants au service des jeunes.\" \/>\n<meta property=\"og:url\" content=\"https:\/\/www.stjb-delasalle.fr\/site\/2024\/11\/21\/classe-exterieure-on-parle-de-nous-france-3\/\" \/>\n<meta property=\"og:site_name\" content=\"Coll\u00e8ge Saint Jean Baptiste de La Salle\" \/>\n<meta property=\"article:published_time\" content=\"2024-11-21T15:58:51+00:00\" \/>\n<meta property=\"article:modified_time\" content=\"2024-12-15T20:53:55+00:00\" \/>\n<meta property=\"og:image\" content=\"https:\/\/www.stjb-delasalle.fr\/site\/wp-content\/uploads\/2024\/11\/IMG_4909.jpeg\" \/>\n\t<meta property=\"og:image:width\" content=\"1920\" \/>\n\t<meta property=\"og:image:height\" content=\"1440\" \/>\n\t<meta property=\"og:image:type\" content=\"image\/jpeg\" \/>\n<meta name=\"author\" content=\"s.couret\" \/>\n<meta name=\"twitter:card\" content=\"summary_large_image\" \/>\n<meta name=\"twitter:label1\" content=\"\u00c9crit par\" \/>\n\t<meta name=\"twitter:data1\" content=\"s.couret\" \/>\n\t<meta name=\"twitter:label2\" content=\"Dur\u00e9e de lecture estim\u00e9e\" \/>\n\t<meta name=\"twitter:data2\" content=\"2 minutes\" \/>\n<script type=\"application\/ld+json\" class=\"yoast-schema-graph\">{\"@context\":\"https:\\\/\\\/schema.org\",\"@graph\":[{\"@type\":\"Article\",\"@id\":\"https:\\\/\\\/www.stjb-delasalle.fr\\\/site\\\/2024\\\/11\\\/21\\\/classe-exterieure-on-parle-de-nous-france-3\\\/#article\",\"isPartOf\":{\"@id\":\"https:\\\/\\\/www.stjb-delasalle.fr\\\/site\\\/2024\\\/11\\\/21\\\/classe-exterieure-on-parle-de-nous-france-3\\\/\"},\"author\":{\"name\":\"s.couret\",\"@id\":\"https:\\\/\\\/www.stjb-delasalle.fr\\\/site\\\/#\\\/schema\\\/person\\\/29e031eae2fbe58aca689f9074d3616a\"},\"headline\":\"On parle de nous !..France 3\",\"datePublished\":\"2024-11-21T15:58:51+00:00\",\"dateModified\":\"2024-12-15T20:53:55+00:00\",\"mainEntityOfPage\":{\"@id\":\"https:\\\/\\\/www.stjb-delasalle.fr\\\/site\\\/2024\\\/11\\\/21\\\/classe-exterieure-on-parle-de-nous-france-3\\\/\"},\"wordCount\":108,\"commentCount\":0,\"publisher\":{\"@id\":\"https:\\\/\\\/www.stjb-delasalle.fr\\\/site\\\/#organization\"},\"image\":{\"@id\":\"https:\\\/\\\/www.stjb-delasalle.fr\\\/site\\\/2024\\\/11\\\/21\\\/classe-exterieure-on-parle-de-nous-france-3\\\/#primaryimage\"},\"thumbnailUrl\":\"https:\\\/\\\/www.stjb-delasalle.fr\\\/site\\\/wp-content\\\/uploads\\\/2024\\\/11\\\/IMG_4909.jpeg\",\"articleSection\":[\"Activit\u00e9s 3e\",\"Activit\u00e9s 4e\",\"classe exterieure\",\"Coll\u00e8ge\",\"Option arts 2024-2025\"],\"inLanguage\":\"fr-FR\",\"potentialAction\":[{\"@type\":\"CommentAction\",\"name\":\"Comment\",\"target\":[\"https:\\\/\\\/www.stjb-delasalle.fr\\\/site\\\/2024\\\/11\\\/21\\\/classe-exterieure-on-parle-de-nous-france-3\\\/#respond\"]}]},{\"@type\":\"WebPage\",\"@id\":\"https:\\\/\\\/www.stjb-delasalle.fr\\\/site\\\/2024\\\/11\\\/21\\\/classe-exterieure-on-parle-de-nous-france-3\\\/\",\"url\":\"https:\\\/\\\/www.stjb-delasalle.fr\\\/site\\\/2024\\\/11\\\/21\\\/classe-exterieure-on-parle-de-nous-france-3\\\/\",\"name\":\"Coll\u00e8ge St Jean-Baptiste de La Salle - Le Rancher Teloch\u00e9\",\"isPartOf\":{\"@id\":\"https:\\\/\\\/www.stjb-delasalle.fr\\\/site\\\/#website\"},\"primaryImageOfPage\":{\"@id\":\"https:\\\/\\\/www.stjb-delasalle.fr\\\/site\\\/2024\\\/11\\\/21\\\/classe-exterieure-on-parle-de-nous-france-3\\\/#primaryimage\"},\"image\":{\"@id\":\"https:\\\/\\\/www.stjb-delasalle.fr\\\/site\\\/2024\\\/11\\\/21\\\/classe-exterieure-on-parle-de-nous-france-3\\\/#primaryimage\"},\"thumbnailUrl\":\"https:\\\/\\\/www.stjb-delasalle.fr\\\/site\\\/wp-content\\\/uploads\\\/2024\\\/11\\\/IMG_4909.jpeg\",\"datePublished\":\"2024-11-21T15:58:51+00:00\",\"dateModified\":\"2024-12-15T20:53:55+00:00\",\"description\":\"Le Coll\u00e8ge St Jean-Baptiste de La Salle accueille les \u00e9l\u00e8ves dans un cadre exceptionnel \u00e0 Teloch\u00e9 depuis 1973, et d\u00e9veloppe au quotidien des projets innovants au service des jeunes.\",\"breadcrumb\":{\"@id\":\"https:\\\/\\\/www.stjb-delasalle.fr\\\/site\\\/2024\\\/11\\\/21\\\/classe-exterieure-on-parle-de-nous-france-3\\\/#breadcrumb\"},\"inLanguage\":\"fr-FR\",\"potentialAction\":[{\"@type\":\"ReadAction\",\"target\":[\"https:\\\/\\\/www.stjb-delasalle.fr\\\/site\\\/2024\\\/11\\\/21\\\/classe-exterieure-on-parle-de-nous-france-3\\\/\"]}]},{\"@type\":\"ImageObject\",\"inLanguage\":\"fr-FR\",\"@id\":\"https:\\\/\\\/www.stjb-delasalle.fr\\\/site\\\/2024\\\/11\\\/21\\\/classe-exterieure-on-parle-de-nous-france-3\\\/#primaryimage\",\"url\":\"https:\\\/\\\/www.stjb-delasalle.fr\\\/site\\\/wp-content\\\/uploads\\\/2024\\\/11\\\/IMG_4909.jpeg\",\"contentUrl\":\"https:\\\/\\\/www.stjb-delasalle.fr\\\/site\\\/wp-content\\\/uploads\\\/2024\\\/11\\\/IMG_4909.jpeg\",\"width\":1920,\"height\":1440,\"caption\":\"Chantier participatif\"},{\"@type\":\"BreadcrumbList\",\"@id\":\"https:\\\/\\\/www.stjb-delasalle.fr\\\/site\\\/2024\\\/11\\\/21\\\/classe-exterieure-on-parle-de-nous-france-3\\\/#breadcrumb\",\"itemListElement\":[{\"@type\":\"ListItem\",\"position\":1,\"name\":\"Accueil\",\"item\":\"https:\\\/\\\/www.stjb-delasalle.fr\\\/site\\\/\"},{\"@type\":\"ListItem\",\"position\":2,\"name\":\"On parle de nous !..France 3\"}]},{\"@type\":\"WebSite\",\"@id\":\"https:\\\/\\\/www.stjb-delasalle.fr\\\/site\\\/#website\",\"url\":\"https:\\\/\\\/www.stjb-delasalle.fr\\\/site\\\/\",\"name\":\"Coll\u00e8ge Saint Jean Baptiste de La Salle\",\"description\":\"Notre coll\u00e8ge vous accueille sur le site du Rancher \u00e0 Teloch\u00e9\",\"publisher\":{\"@id\":\"https:\\\/\\\/www.stjb-delasalle.fr\\\/site\\\/#organization\"},\"potentialAction\":[{\"@type\":\"SearchAction\",\"target\":{\"@type\":\"EntryPoint\",\"urlTemplate\":\"https:\\\/\\\/www.stjb-delasalle.fr\\\/site\\\/?s={search_term_string}\"},\"query-input\":{\"@type\":\"PropertyValueSpecification\",\"valueRequired\":true,\"valueName\":\"search_term_string\"}}],\"inLanguage\":\"fr-FR\"},{\"@type\":\"Organization\",\"@id\":\"https:\\\/\\\/www.stjb-delasalle.fr\\\/site\\\/#organization\",\"name\":\"Coll\u00e8ge Saint Jean Baptiste de La Salle\",\"url\":\"https:\\\/\\\/www.stjb-delasalle.fr\\\/site\\\/\",\"logo\":{\"@type\":\"ImageObject\",\"inLanguage\":\"fr-FR\",\"@id\":\"https:\\\/\\\/www.stjb-delasalle.fr\\\/site\\\/#\\\/schema\\\/logo\\\/image\\\/\",\"url\":\"https:\\\/\\\/www.stjb-delasalle.fr\\\/site\\\/wp-content\\\/uploads\\\/2021\\\/11\\\/logostjb_petit_transp.png\",\"contentUrl\":\"https:\\\/\\\/www.stjb-delasalle.fr\\\/site\\\/wp-content\\\/uploads\\\/2021\\\/11\\\/logostjb_petit_transp.png\",\"width\":180,\"height\":127,\"caption\":\"Coll\u00e8ge Saint Jean Baptiste de La Salle\"},\"image\":{\"@id\":\"https:\\\/\\\/www.stjb-delasalle.fr\\\/site\\\/#\\\/schema\\\/logo\\\/image\\\/\"}},{\"@type\":\"Person\",\"@id\":\"https:\\\/\\\/www.stjb-delasalle.fr\\\/site\\\/#\\\/schema\\\/person\\\/29e031eae2fbe58aca689f9074d3616a\",\"name\":\"s.couret\",\"image\":{\"@type\":\"ImageObject\",\"inLanguage\":\"fr-FR\",\"@id\":\"https:\\\/\\\/secure.gravatar.com\\\/avatar\\\/83474c4b01f4d5df531ba9e1ae59f6610ffe9a3c76657f973718ba9fff166522?s=96&d=mm&r=g\",\"url\":\"https:\\\/\\\/secure.gravatar.com\\\/avatar\\\/83474c4b01f4d5df531ba9e1ae59f6610ffe9a3c76657f973718ba9fff166522?s=96&d=mm&r=g\",\"contentUrl\":\"https:\\\/\\\/secure.gravatar.com\\\/avatar\\\/83474c4b01f4d5df531ba9e1ae59f6610ffe9a3c76657f973718ba9fff166522?s=96&d=mm&r=g\",\"caption\":\"s.couret\"},\"url\":\"https:\\\/\\\/www.stjb-delasalle.fr\\\/site\\\/author\\\/s-couret\\\/\"}]}<\/script>\n<!-- \/ Yoast SEO plugin. -->","yoast_head_json":{"title":"Coll\u00e8ge St Jean-Baptiste de La Salle - Le Rancher Teloch\u00e9","description":"Le Coll\u00e8ge St Jean-Baptiste de La Salle accueille les \u00e9l\u00e8ves dans un cadre exceptionnel \u00e0 Teloch\u00e9 depuis 1973, et d\u00e9veloppe au quotidien des projets innovants au service des jeunes.","robots":{"index":"index","follow":"follow","max-snippet":"max-snippet:-1","max-image-preview":"max-image-preview:large","max-video-preview":"max-video-preview:-1"},"canonical":"https:\/\/www.stjb-delasalle.fr\/site\/2024\/11\/21\/classe-exterieure-on-parle-de-nous-france-3\/","og_locale":"fr_FR","og_type":"article","og_title":"Coll\u00e8ge St Jean-Baptiste de La Salle - Le Rancher Teloch\u00e9","og_description":"Le Coll\u00e8ge St Jean-Baptiste de La Salle accueille les \u00e9l\u00e8ves dans un cadre exceptionnel \u00e0 Teloch\u00e9 depuis 1973, et d\u00e9veloppe au quotidien des projets innovants au service des jeunes.","og_url":"https:\/\/www.stjb-delasalle.fr\/site\/2024\/11\/21\/classe-exterieure-on-parle-de-nous-france-3\/","og_site_name":"Coll\u00e8ge Saint Jean Baptiste de La Salle","article_published_time":"2024-11-21T15:58:51+00:00","article_modified_time":"2024-12-15T20:53:55+00:00","og_image":[{"width":1920,"height":1440,"url":"https:\/\/www.stjb-delasalle.fr\/site\/wp-content\/uploads\/2024\/11\/IMG_4909.jpeg","type":"image\/jpeg"}],"author":"s.couret","twitter_card":"summary_large_image","twitter_misc":{"\u00c9crit par":"s.couret","Dur\u00e9e de lecture estim\u00e9e":"2 minutes"},"schema":{"@context":"https:\/\/schema.org","@graph":[{"@type":"Article","@id":"https:\/\/www.stjb-delasalle.fr\/site\/2024\/11\/21\/classe-exterieure-on-parle-de-nous-france-3\/#article","isPartOf":{"@id":"https:\/\/www.stjb-delasalle.fr\/site\/2024\/11\/21\/classe-exterieure-on-parle-de-nous-france-3\/"},"author":{"name":"s.couret","@id":"https:\/\/www.stjb-delasalle.fr\/site\/#\/schema\/person\/29e031eae2fbe58aca689f9074d3616a"},"headline":"On parle de nous !..France 3","datePublished":"2024-11-21T15:58:51+00:00","dateModified":"2024-12-15T20:53:55+00:00","mainEntityOfPage":{"@id":"https:\/\/www.stjb-delasalle.fr\/site\/2024\/11\/21\/classe-exterieure-on-parle-de-nous-france-3\/"},"wordCount":108,"commentCount":0,"publisher":{"@id":"https:\/\/www.stjb-delasalle.fr\/site\/#organization"},"image":{"@id":"https:\/\/www.stjb-delasalle.fr\/site\/2024\/11\/21\/classe-exterieure-on-parle-de-nous-france-3\/#primaryimage"},"thumbnailUrl":"https:\/\/www.stjb-delasalle.fr\/site\/wp-content\/uploads\/2024\/11\/IMG_4909.jpeg","articleSection":["Activit\u00e9s 3e","Activit\u00e9s 4e","classe exterieure","Coll\u00e8ge","Option arts 2024-2025"],"inLanguage":"fr-FR","potentialAction":[{"@type":"CommentAction","name":"Comment","target":["https:\/\/www.stjb-delasalle.fr\/site\/2024\/11\/21\/classe-exterieure-on-parle-de-nous-france-3\/#respond"]}]},{"@type":"WebPage","@id":"https:\/\/www.stjb-delasalle.fr\/site\/2024\/11\/21\/classe-exterieure-on-parle-de-nous-france-3\/","url":"https:\/\/www.stjb-delasalle.fr\/site\/2024\/11\/21\/classe-exterieure-on-parle-de-nous-france-3\/","name":"Coll\u00e8ge St Jean-Baptiste de La Salle - Le Rancher Teloch\u00e9","isPartOf":{"@id":"https:\/\/www.stjb-delasalle.fr\/site\/#website"},"primaryImageOfPage":{"@id":"https:\/\/www.stjb-delasalle.fr\/site\/2024\/11\/21\/classe-exterieure-on-parle-de-nous-france-3\/#primaryimage"},"image":{"@id":"https:\/\/www.stjb-delasalle.fr\/site\/2024\/11\/21\/classe-exterieure-on-parle-de-nous-france-3\/#primaryimage"},"thumbnailUrl":"https:\/\/www.stjb-delasalle.fr\/site\/wp-content\/uploads\/2024\/11\/IMG_4909.jpeg","datePublished":"2024-11-21T15:58:51+00:00","dateModified":"2024-12-15T20:53:55+00:00","description":"Le Coll\u00e8ge St Jean-Baptiste de La Salle accueille les \u00e9l\u00e8ves dans un cadre exceptionnel \u00e0 Teloch\u00e9 depuis 1973, et d\u00e9veloppe au quotidien des projets innovants au service des jeunes.","breadcrumb":{"@id":"https:\/\/www.stjb-delasalle.fr\/site\/2024\/11\/21\/classe-exterieure-on-parle-de-nous-france-3\/#breadcrumb"},"inLanguage":"fr-FR","potentialAction":[{"@type":"ReadAction","target":["https:\/\/www.stjb-delasalle.fr\/site\/2024\/11\/21\/classe-exterieure-on-parle-de-nous-france-3\/"]}]},{"@type":"ImageObject","inLanguage":"fr-FR","@id":"https:\/\/www.stjb-delasalle.fr\/site\/2024\/11\/21\/classe-exterieure-on-parle-de-nous-france-3\/#primaryimage","url":"https:\/\/www.stjb-delasalle.fr\/site\/wp-content\/uploads\/2024\/11\/IMG_4909.jpeg","contentUrl":"https:\/\/www.stjb-delasalle.fr\/site\/wp-content\/uploads\/2024\/11\/IMG_4909.jpeg","width":1920,"height":1440,"caption":"Chantier participatif"},{"@type":"BreadcrumbList","@id":"https:\/\/www.stjb-delasalle.fr\/site\/2024\/11\/21\/classe-exterieure-on-parle-de-nous-france-3\/#breadcrumb","itemListElement":[{"@type":"ListItem","position":1,"name":"Accueil","item":"https:\/\/www.stjb-delasalle.fr\/site\/"},{"@type":"ListItem","position":2,"name":"On parle de nous !..France 3"}]},{"@type":"WebSite","@id":"https:\/\/www.stjb-delasalle.fr\/site\/#website","url":"https:\/\/www.stjb-delasalle.fr\/site\/","name":"Coll\u00e8ge Saint Jean Baptiste de La Salle","description":"Notre coll\u00e8ge vous accueille sur le site du Rancher \u00e0 Teloch\u00e9","publisher":{"@id":"https:\/\/www.stjb-delasalle.fr\/site\/#organization"},"potentialAction":[{"@type":"SearchAction","target":{"@type":"EntryPoint","urlTemplate":"https:\/\/www.stjb-delasalle.fr\/site\/?s={search_term_string}"},"query-input":{"@type":"PropertyValueSpecification","valueRequired":true,"valueName":"search_term_string"}}],"inLanguage":"fr-FR"},{"@type":"Organization","@id":"https:\/\/www.stjb-delasalle.fr\/site\/#organization","name":"Coll\u00e8ge Saint Jean Baptiste de La Salle","url":"https:\/\/www.stjb-delasalle.fr\/site\/","logo":{"@type":"ImageObject","inLanguage":"fr-FR","@id":"https:\/\/www.stjb-delasalle.fr\/site\/#\/schema\/logo\/image\/","url":"https:\/\/www.stjb-delasalle.fr\/site\/wp-content\/uploads\/2021\/11\/logostjb_petit_transp.png","contentUrl":"https:\/\/www.stjb-delasalle.fr\/site\/wp-content\/uploads\/2021\/11\/logostjb_petit_transp.png","width":180,"height":127,"caption":"Coll\u00e8ge Saint Jean Baptiste de La Salle"},"image":{"@id":"https:\/\/www.stjb-delasalle.fr\/site\/#\/schema\/logo\/image\/"}},{"@type":"Person","@id":"https:\/\/www.stjb-delasalle.fr\/site\/#\/schema\/person\/29e031eae2fbe58aca689f9074d3616a","name":"s.couret","image":{"@type":"ImageObject","inLanguage":"fr-FR","@id":"https:\/\/secure.gravatar.com\/avatar\/83474c4b01f4d5df531ba9e1ae59f6610ffe9a3c76657f973718ba9fff166522?s=96&d=mm&r=g","url":"https:\/\/secure.gravatar.com\/avatar\/83474c4b01f4d5df531ba9e1ae59f6610ffe9a3c76657f973718ba9fff166522?s=96&d=mm&r=g","contentUrl":"https:\/\/secure.gravatar.com\/avatar\/83474c4b01f4d5df531ba9e1ae59f6610ffe9a3c76657f973718ba9fff166522?s=96&d=mm&r=g","caption":"s.couret"},"url":"https:\/\/www.stjb-delasalle.fr\/site\/author\/s-couret\/"}]}},"_links":{"self":[{"href":"https:\/\/www.stjb-delasalle.fr\/site\/wp-json\/wp\/v2\/posts\/16861","targetHints":{"allow":["GET"]}}],"collection":[{"href":"https:\/\/www.stjb-delasalle.fr\/site\/wp-json\/wp\/v2\/posts"}],"about":[{"href":"https:\/\/www.stjb-delasalle.fr\/site\/wp-json\/wp\/v2\/types\/post"}],"author":[{"embeddable":true,"href":"https:\/\/www.stjb-delasalle.fr\/site\/wp-json\/wp\/v2\/users\/3"}],"replies":[{"embeddable":true,"href":"https:\/\/www.stjb-delasalle.fr\/site\/wp-json\/wp\/v2\/comments?post=16861"}],"version-history":[{"count":5,"href":"https:\/\/www.stjb-delasalle.fr\/site\/wp-json\/wp\/v2\/posts\/16861\/revisions"}],"predecessor-version":[{"id":16880,"href":"https:\/\/www.stjb-delasalle.fr\/site\/wp-json\/wp\/v2\/posts\/16861\/revisions\/16880"}],"wp:featuredmedia":[{"embeddable":true,"href":"https:\/\/www.stjb-delasalle.fr\/site\/wp-json\/wp\/v2\/media\/16862"}],"wp:attachment":[{"href":"https:\/\/www.stjb-delasalle.fr\/site\/wp-json\/wp\/v2\/media?parent=16861"}],"wp:term":[{"taxonomy":"category","embeddable":true,"href":"https:\/\/www.stjb-delasalle.fr\/site\/wp-json\/wp\/v2\/categories?post=16861"},{"taxonomy":"post_tag","embeddable":true,"href":"https:\/\/www.stjb-delasalle.fr\/site\/wp-json\/wp\/v2\/tags?post=16861"}],"curies":[{"name":"wp","href":"https:\/\/api.w.org\/{rel}","templated":true}]}}