{"id":1647,"date":"2018-09-04T13:39:11","date_gmt":"2018-09-04T11:39:11","guid":{"rendered":"http:\/\/www.stjb-delasalle.fr\/?p=1647"},"modified":"2018-09-04T13:39:11","modified_gmt":"2018-09-04T11:39:11","slug":"journee-de-rentree-dun-eleve-de-sixieme","status":"publish","type":"post","link":"https:\/\/www.stjb-delasalle.fr\/site\/2018\/09\/04\/journee-de-rentree-dun-eleve-de-sixieme\/","title":{"rendered":"Journ\u00e9e de rentr\u00e9e d&rsquo;un \u00e9l\u00e8ve de sixi\u00e8me"},"content":{"rendered":"<blockquote><p>Tout au long de la journ\u00e9e du lundi 3 septembre, jour de rentr\u00e9e des \u00e9l\u00e8ves de sixi\u00e8me du coll\u00e8ge Saint Jean Baptiste de La Salle, nous avons publi\u00e9 sur notre page Facebook plusieurs photos montrant quelques \u00e9tapes de cette premi\u00e8re journ\u00e9e riche en informations et en d\u00e9couvertes.<\/p><\/blockquote>\n<p style=\"text-align: center;\"><em><strong><span style=\"color: #c82a59;\">Veuillez cliquer sur les images pour les agrandir.<\/span><\/strong><\/em><\/p>\n<p><a href=\"http:\/\/www.stjb-delasalle.fr\/wp-content\/uploads\/2018\/09\/40580908_1826197524102238_1462794543085649920_n.jpg\"><img fetchpriority=\"high\" decoding=\"async\" class=\"alignleft wp-image-1649 size-medium\" src=\"http:\/\/www.stjb-delasalle.fr\/wp-content\/uploads\/2018\/09\/40580908_1826197524102238_1462794543085649920_n-300x225.jpg\" alt=\"\" width=\"300\" height=\"225\" \/><\/a> <a href=\"http:\/\/www.stjb-delasalle.fr\/wp-content\/uploads\/2018\/09\/40584191_1826224894099501_7759299577789808640_n.jpg\"><img decoding=\"async\" class=\"alignleft wp-image-1650 size-medium\" src=\"http:\/\/www.stjb-delasalle.fr\/wp-content\/uploads\/2018\/09\/40584191_1826224894099501_7759299577789808640_n-300x225.jpg\" alt=\"\" width=\"300\" height=\"225\" \/><\/a> <a href=\"http:\/\/www.stjb-delasalle.fr\/wp-content\/uploads\/2018\/09\/40573105_1826224874099503_3425369725754933248_n.jpg\"><img decoding=\"async\" class=\"alignleft wp-image-1648 size-medium\" src=\"http:\/\/www.stjb-delasalle.fr\/wp-content\/uploads\/2018\/09\/40573105_1826224874099503_3425369725754933248_n-300x225.jpg\" alt=\"\" width=\"300\" height=\"225\" \/><\/a> <a href=\"http:\/\/www.stjb-delasalle.fr\/wp-content\/uploads\/2018\/09\/40666680_1826303067425017_7721609057924022272_n.jpg\"><img loading=\"lazy\" decoding=\"async\" class=\"alignleft wp-image-1655 size-medium\" src=\"http:\/\/www.stjb-delasalle.fr\/wp-content\/uploads\/2018\/09\/40666680_1826303067425017_7721609057924022272_n-300x225.jpg\" alt=\"\" width=\"300\" height=\"225\" \/><\/a> <a href=\"http:\/\/www.stjb-delasalle.fr\/wp-content\/uploads\/2018\/09\/40609553_1826302894091701_135308211606519808_n.jpg\"><img loading=\"lazy\" decoding=\"async\" class=\"alignleft wp-image-1652 size-medium\" src=\"http:\/\/www.stjb-delasalle.fr\/wp-content\/uploads\/2018\/09\/40609553_1826302894091701_135308211606519808_n-300x225.jpg\" alt=\"\" width=\"300\" height=\"225\" \/><\/a> <a href=\"http:\/\/www.stjb-delasalle.fr\/wp-content\/uploads\/2018\/09\/40675724_1826508807404443_4538290752530153472_n.jpg\"><img loading=\"lazy\" decoding=\"async\" class=\"alignleft wp-image-1657 size-medium\" src=\"http:\/\/www.stjb-delasalle.fr\/wp-content\/uploads\/2018\/09\/40675724_1826508807404443_4538290752530153472_n-225x300.jpg\" alt=\"\" width=\"225\" height=\"300\" \/><\/a> <a href=\"http:\/\/www.stjb-delasalle.fr\/wp-content\/uploads\/2018\/09\/40673773_1826508727404451_8638154877026959360_n.jpg\"><img loading=\"lazy\" decoding=\"async\" class=\"alignleft wp-image-1656 size-medium\" src=\"http:\/\/www.stjb-delasalle.fr\/wp-content\/uploads\/2018\/09\/40673773_1826508727404451_8638154877026959360_n-300x225.jpg\" alt=\"\" width=\"300\" height=\"225\" \/><\/a> <a href=\"http:\/\/www.stjb-delasalle.fr\/wp-content\/uploads\/2018\/09\/40684817_1826638117391512_1744679830906994688_n.jpg\"><img loading=\"lazy\" decoding=\"async\" class=\"alignleft wp-image-1658 size-medium\" src=\"http:\/\/www.stjb-delasalle.fr\/wp-content\/uploads\/2018\/09\/40684817_1826638117391512_1744679830906994688_n-300x180.jpg\" alt=\"\" width=\"300\" height=\"180\" \/><\/a> <a href=\"http:\/\/www.stjb-delasalle.fr\/wp-content\/uploads\/2018\/09\/40606137_1826638027391521_2607650833550016512_n.jpg\"><img loading=\"lazy\" decoding=\"async\" class=\"alignleft wp-image-1651 size-medium\" src=\"http:\/\/www.stjb-delasalle.fr\/wp-content\/uploads\/2018\/09\/40606137_1826638027391521_2607650833550016512_n-300x180.jpg\" alt=\"\" width=\"300\" height=\"180\" \/><\/a> <img loading=\"lazy\" decoding=\"async\" class=\"alignnone size-medium wp-image-1654\" src=\"http:\/\/www.stjb-delasalle.fr\/wp-content\/uploads\/2018\/09\/40654901_1826638070724850_1433294474313728000_n-180x300.jpg\" alt=\"\" width=\"180\" height=\"300\" \/><\/p>\n","protected":false},"excerpt":{"rendered":"<p>Tout au long de la journ\u00e9e du lundi 3 septembre, jour de rentr\u00e9e des \u00e9l\u00e8ves de sixi\u00e8me du coll\u00e8ge Saint Jean Baptiste de La Salle, nous avons publi\u00e9 sur notre page Facebook plusieurs photos montrant quelques \u00e9tapes de cette premi\u00e8re journ\u00e9e riche en informations et en d\u00e9couvertes. Veuillez cliquer sur les images pour les agrandir.<\/p>\n","protected":false},"author":1,"featured_media":1653,"comment_status":"closed","ping_status":"closed","sticky":false,"template":"","format":"standard","meta":{"site-sidebar-layout":"default","site-content-layout":"","ast-site-content-layout":"default","site-content-style":"default","site-sidebar-style":"default","ast-global-header-display":"","ast-banner-title-visibility":"","ast-main-header-display":"","ast-hfb-above-header-display":"","ast-hfb-below-header-display":"","ast-hfb-mobile-header-display":"","site-post-title":"","ast-breadcrumbs-content":"","ast-featured-img":"","footer-sml-layout":"","ast-disable-related-posts":"","theme-transparent-header-meta":"","adv-header-id-meta":"","stick-header-meta":"","header-above-stick-meta":"","header-main-stick-meta":"","header-below-stick-meta":"","astra-migrate-meta-layouts":"default","ast-page-background-enabled":"default","ast-page-background-meta":{"desktop":{"background-color":"var(--ast-global-color-4)","background-image":"","background-repeat":"repeat","background-position":"center center","background-size":"auto","background-attachment":"scroll","background-type":"","background-media":"","overlay-type":"","overlay-color":"","overlay-opacity":"","overlay-gradient":""},"tablet":{"background-color":"","background-image":"","background-repeat":"repeat","background-position":"center center","background-size":"auto","background-attachment":"scroll","background-type":"","background-media":"","overlay-type":"","overlay-color":"","overlay-opacity":"","overlay-gradient":""},"mobile":{"background-color":"","background-image":"","background-repeat":"repeat","background-position":"center center","background-size":"auto","background-attachment":"scroll","background-type":"","background-media":"","overlay-type":"","overlay-color":"","overlay-opacity":"","overlay-gradient":""}},"ast-content-background-meta":{"desktop":{"background-color":"var(--ast-global-color-5)","background-image":"","background-repeat":"repeat","background-position":"center center","background-size":"auto","background-attachment":"scroll","background-type":"","background-media":"","overlay-type":"","overlay-color":"","overlay-opacity":"","overlay-gradient":""},"tablet":{"background-color":"var(--ast-global-color-5)","background-image":"","background-repeat":"repeat","background-position":"center center","background-size":"auto","background-attachment":"scroll","background-type":"","background-media":"","overlay-type":"","overlay-color":"","overlay-opacity":"","overlay-gradient":""},"mobile":{"background-color":"var(--ast-global-color-5)","background-image":"","background-repeat":"repeat","background-position":"center center","background-size":"auto","background-attachment":"scroll","background-type":"","background-media":"","overlay-type":"","overlay-color":"","overlay-opacity":"","overlay-gradient":""}},"footnotes":""},"categories":[6],"tags":[],"class_list":["post-1647","post","type-post","status-publish","format-standard","has-post-thumbnail","hentry","category-college"],"yoast_head":"<!-- This site is optimized with the Yoast SEO plugin v27.5 - https:\/\/yoast.com\/product\/yoast-seo-wordpress\/ -->\n<title>Journ\u00e9e de rentr\u00e9e d&#039;un \u00e9l\u00e8ve de sixi\u00e8me - Coll\u00e8ge Saint Jean Baptiste de La Salle<\/title>\n<meta name=\"robots\" content=\"index, follow, max-snippet:-1, max-image-preview:large, max-video-preview:-1\" \/>\n<link rel=\"canonical\" href=\"https:\/\/www.stjb-delasalle.fr\/site\/2018\/09\/04\/journee-de-rentree-dun-eleve-de-sixieme\/\" \/>\n<meta property=\"og:locale\" content=\"fr_FR\" \/>\n<meta property=\"og:type\" content=\"article\" \/>\n<meta property=\"og:title\" content=\"Journ\u00e9e de rentr\u00e9e d&#039;un \u00e9l\u00e8ve de sixi\u00e8me - Coll\u00e8ge Saint Jean Baptiste de La Salle\" \/>\n<meta property=\"og:description\" content=\"Tout au long de la journ\u00e9e du lundi 3 septembre, jour de rentr\u00e9e des \u00e9l\u00e8ves de sixi\u00e8me du coll\u00e8ge Saint Jean Baptiste de La Salle, nous avons publi\u00e9 sur notre page Facebook plusieurs photos montrant quelques \u00e9tapes de cette premi\u00e8re journ\u00e9e riche en informations et en d\u00e9couvertes. Veuillez cliquer sur les images pour les agrandir.\" \/>\n<meta property=\"og:url\" content=\"https:\/\/www.stjb-delasalle.fr\/site\/2018\/09\/04\/journee-de-rentree-dun-eleve-de-sixieme\/\" \/>\n<meta property=\"og:site_name\" content=\"Coll\u00e8ge Saint Jean Baptiste de La Salle\" \/>\n<meta property=\"article:published_time\" content=\"2018-09-04T11:39:11+00:00\" \/>\n<meta name=\"author\" content=\"r.zucchetti\" \/>\n<meta name=\"twitter:card\" content=\"summary_large_image\" \/>\n<meta name=\"twitter:label1\" content=\"\u00c9crit par\" \/>\n\t<meta name=\"twitter:data1\" content=\"r.zucchetti\" \/>\n<script type=\"application\/ld+json\" class=\"yoast-schema-graph\">{\"@context\":\"https:\\\/\\\/schema.org\",\"@graph\":[{\"@type\":\"Article\",\"@id\":\"https:\\\/\\\/www.stjb-delasalle.fr\\\/site\\\/2018\\\/09\\\/04\\\/journee-de-rentree-dun-eleve-de-sixieme\\\/#article\",\"isPartOf\":{\"@id\":\"https:\\\/\\\/www.stjb-delasalle.fr\\\/site\\\/2018\\\/09\\\/04\\\/journee-de-rentree-dun-eleve-de-sixieme\\\/\"},\"author\":{\"name\":\"r.zucchetti\",\"@id\":\"https:\\\/\\\/www.stjb-delasalle.fr\\\/site\\\/#\\\/schema\\\/person\\\/36988a7b4178dd69b805a25eea2b8f8f\"},\"headline\":\"Journ\u00e9e de rentr\u00e9e d&rsquo;un \u00e9l\u00e8ve de sixi\u00e8me\",\"datePublished\":\"2018-09-04T11:39:11+00:00\",\"mainEntityOfPage\":{\"@id\":\"https:\\\/\\\/www.stjb-delasalle.fr\\\/site\\\/2018\\\/09\\\/04\\\/journee-de-rentree-dun-eleve-de-sixieme\\\/\"},\"wordCount\":73,\"publisher\":{\"@id\":\"https:\\\/\\\/www.stjb-delasalle.fr\\\/site\\\/#organization\"},\"image\":{\"@id\":\"https:\\\/\\\/www.stjb-delasalle.fr\\\/site\\\/2018\\\/09\\\/04\\\/journee-de-rentree-dun-eleve-de-sixieme\\\/#primaryimage\"},\"thumbnailUrl\":\"\",\"articleSection\":[\"Coll\u00e8ge\"],\"inLanguage\":\"fr-FR\"},{\"@type\":\"WebPage\",\"@id\":\"https:\\\/\\\/www.stjb-delasalle.fr\\\/site\\\/2018\\\/09\\\/04\\\/journee-de-rentree-dun-eleve-de-sixieme\\\/\",\"url\":\"https:\\\/\\\/www.stjb-delasalle.fr\\\/site\\\/2018\\\/09\\\/04\\\/journee-de-rentree-dun-eleve-de-sixieme\\\/\",\"name\":\"Journ\u00e9e de rentr\u00e9e d'un \u00e9l\u00e8ve de sixi\u00e8me - Coll\u00e8ge Saint Jean Baptiste de La Salle\",\"isPartOf\":{\"@id\":\"https:\\\/\\\/www.stjb-delasalle.fr\\\/site\\\/#website\"},\"primaryImageOfPage\":{\"@id\":\"https:\\\/\\\/www.stjb-delasalle.fr\\\/site\\\/2018\\\/09\\\/04\\\/journee-de-rentree-dun-eleve-de-sixieme\\\/#primaryimage\"},\"image\":{\"@id\":\"https:\\\/\\\/www.stjb-delasalle.fr\\\/site\\\/2018\\\/09\\\/04\\\/journee-de-rentree-dun-eleve-de-sixieme\\\/#primaryimage\"},\"thumbnailUrl\":\"\",\"datePublished\":\"2018-09-04T11:39:11+00:00\",\"breadcrumb\":{\"@id\":\"https:\\\/\\\/www.stjb-delasalle.fr\\\/site\\\/2018\\\/09\\\/04\\\/journee-de-rentree-dun-eleve-de-sixieme\\\/#breadcrumb\"},\"inLanguage\":\"fr-FR\",\"potentialAction\":[{\"@type\":\"ReadAction\",\"target\":[\"https:\\\/\\\/www.stjb-delasalle.fr\\\/site\\\/2018\\\/09\\\/04\\\/journee-de-rentree-dun-eleve-de-sixieme\\\/\"]}]},{\"@type\":\"ImageObject\",\"inLanguage\":\"fr-FR\",\"@id\":\"https:\\\/\\\/www.stjb-delasalle.fr\\\/site\\\/2018\\\/09\\\/04\\\/journee-de-rentree-dun-eleve-de-sixieme\\\/#primaryimage\",\"url\":\"\",\"contentUrl\":\"\"},{\"@type\":\"BreadcrumbList\",\"@id\":\"https:\\\/\\\/www.stjb-delasalle.fr\\\/site\\\/2018\\\/09\\\/04\\\/journee-de-rentree-dun-eleve-de-sixieme\\\/#breadcrumb\",\"itemListElement\":[{\"@type\":\"ListItem\",\"position\":1,\"name\":\"Accueil\",\"item\":\"https:\\\/\\\/www.stjb-delasalle.fr\\\/site\\\/\"},{\"@type\":\"ListItem\",\"position\":2,\"name\":\"Journ\u00e9e de rentr\u00e9e d&rsquo;un \u00e9l\u00e8ve de sixi\u00e8me\"}]},{\"@type\":\"WebSite\",\"@id\":\"https:\\\/\\\/www.stjb-delasalle.fr\\\/site\\\/#website\",\"url\":\"https:\\\/\\\/www.stjb-delasalle.fr\\\/site\\\/\",\"name\":\"Coll\u00e8ge Saint Jean Baptiste de La Salle\",\"description\":\"Notre coll\u00e8ge vous accueille sur le site du Rancher \u00e0 Teloch\u00e9\",\"publisher\":{\"@id\":\"https:\\\/\\\/www.stjb-delasalle.fr\\\/site\\\/#organization\"},\"potentialAction\":[{\"@type\":\"SearchAction\",\"target\":{\"@type\":\"EntryPoint\",\"urlTemplate\":\"https:\\\/\\\/www.stjb-delasalle.fr\\\/site\\\/?s={search_term_string}\"},\"query-input\":{\"@type\":\"PropertyValueSpecification\",\"valueRequired\":true,\"valueName\":\"search_term_string\"}}],\"inLanguage\":\"fr-FR\"},{\"@type\":\"Organization\",\"@id\":\"https:\\\/\\\/www.stjb-delasalle.fr\\\/site\\\/#organization\",\"name\":\"Coll\u00e8ge Saint Jean Baptiste de La Salle\",\"url\":\"https:\\\/\\\/www.stjb-delasalle.fr\\\/site\\\/\",\"logo\":{\"@type\":\"ImageObject\",\"inLanguage\":\"fr-FR\",\"@id\":\"https:\\\/\\\/www.stjb-delasalle.fr\\\/site\\\/#\\\/schema\\\/logo\\\/image\\\/\",\"url\":\"https:\\\/\\\/www.stjb-delasalle.fr\\\/site\\\/wp-content\\\/uploads\\\/2021\\\/11\\\/logostjb_petit_transp.png\",\"contentUrl\":\"https:\\\/\\\/www.stjb-delasalle.fr\\\/site\\\/wp-content\\\/uploads\\\/2021\\\/11\\\/logostjb_petit_transp.png\",\"width\":180,\"height\":127,\"caption\":\"Coll\u00e8ge Saint Jean Baptiste de La Salle\"},\"image\":{\"@id\":\"https:\\\/\\\/www.stjb-delasalle.fr\\\/site\\\/#\\\/schema\\\/logo\\\/image\\\/\"}},{\"@type\":\"Person\",\"@id\":\"https:\\\/\\\/www.stjb-delasalle.fr\\\/site\\\/#\\\/schema\\\/person\\\/36988a7b4178dd69b805a25eea2b8f8f\",\"name\":\"r.zucchetti\",\"image\":{\"@type\":\"ImageObject\",\"inLanguage\":\"fr-FR\",\"@id\":\"https:\\\/\\\/secure.gravatar.com\\\/avatar\\\/de909cd474d221f967baff6582e1e559c4977b81139138190583ff7dda97b212?s=96&d=mm&r=g\",\"url\":\"https:\\\/\\\/secure.gravatar.com\\\/avatar\\\/de909cd474d221f967baff6582e1e559c4977b81139138190583ff7dda97b212?s=96&d=mm&r=g\",\"contentUrl\":\"https:\\\/\\\/secure.gravatar.com\\\/avatar\\\/de909cd474d221f967baff6582e1e559c4977b81139138190583ff7dda97b212?s=96&d=mm&r=g\",\"caption\":\"r.zucchetti\"},\"sameAs\":[\"https:\\\/\\\/www.stjb-delasalle.fr\\\/site\"],\"url\":\"https:\\\/\\\/www.stjb-delasalle.fr\\\/site\\\/author\\\/r-zucchetti\\\/\"}]}<\/script>\n<!-- \/ Yoast SEO plugin. -->","yoast_head_json":{"title":"Journ\u00e9e de rentr\u00e9e d'un \u00e9l\u00e8ve de sixi\u00e8me - Coll\u00e8ge Saint Jean Baptiste de La Salle","robots":{"index":"index","follow":"follow","max-snippet":"max-snippet:-1","max-image-preview":"max-image-preview:large","max-video-preview":"max-video-preview:-1"},"canonical":"https:\/\/www.stjb-delasalle.fr\/site\/2018\/09\/04\/journee-de-rentree-dun-eleve-de-sixieme\/","og_locale":"fr_FR","og_type":"article","og_title":"Journ\u00e9e de rentr\u00e9e d'un \u00e9l\u00e8ve de sixi\u00e8me - Coll\u00e8ge Saint Jean Baptiste de La Salle","og_description":"Tout au long de la journ\u00e9e du lundi 3 septembre, jour de rentr\u00e9e des \u00e9l\u00e8ves de sixi\u00e8me du coll\u00e8ge Saint Jean Baptiste de La Salle, nous avons publi\u00e9 sur notre page Facebook plusieurs photos montrant quelques \u00e9tapes de cette premi\u00e8re journ\u00e9e riche en informations et en d\u00e9couvertes. Veuillez cliquer sur les images pour les agrandir.","og_url":"https:\/\/www.stjb-delasalle.fr\/site\/2018\/09\/04\/journee-de-rentree-dun-eleve-de-sixieme\/","og_site_name":"Coll\u00e8ge Saint Jean Baptiste de La Salle","article_published_time":"2018-09-04T11:39:11+00:00","author":"r.zucchetti","twitter_card":"summary_large_image","twitter_misc":{"\u00c9crit par":"r.zucchetti"},"schema":{"@context":"https:\/\/schema.org","@graph":[{"@type":"Article","@id":"https:\/\/www.stjb-delasalle.fr\/site\/2018\/09\/04\/journee-de-rentree-dun-eleve-de-sixieme\/#article","isPartOf":{"@id":"https:\/\/www.stjb-delasalle.fr\/site\/2018\/09\/04\/journee-de-rentree-dun-eleve-de-sixieme\/"},"author":{"name":"r.zucchetti","@id":"https:\/\/www.stjb-delasalle.fr\/site\/#\/schema\/person\/36988a7b4178dd69b805a25eea2b8f8f"},"headline":"Journ\u00e9e de rentr\u00e9e d&rsquo;un \u00e9l\u00e8ve de sixi\u00e8me","datePublished":"2018-09-04T11:39:11+00:00","mainEntityOfPage":{"@id":"https:\/\/www.stjb-delasalle.fr\/site\/2018\/09\/04\/journee-de-rentree-dun-eleve-de-sixieme\/"},"wordCount":73,"publisher":{"@id":"https:\/\/www.stjb-delasalle.fr\/site\/#organization"},"image":{"@id":"https:\/\/www.stjb-delasalle.fr\/site\/2018\/09\/04\/journee-de-rentree-dun-eleve-de-sixieme\/#primaryimage"},"thumbnailUrl":"","articleSection":["Coll\u00e8ge"],"inLanguage":"fr-FR"},{"@type":"WebPage","@id":"https:\/\/www.stjb-delasalle.fr\/site\/2018\/09\/04\/journee-de-rentree-dun-eleve-de-sixieme\/","url":"https:\/\/www.stjb-delasalle.fr\/site\/2018\/09\/04\/journee-de-rentree-dun-eleve-de-sixieme\/","name":"Journ\u00e9e de rentr\u00e9e d'un \u00e9l\u00e8ve de sixi\u00e8me - Coll\u00e8ge Saint Jean Baptiste de La Salle","isPartOf":{"@id":"https:\/\/www.stjb-delasalle.fr\/site\/#website"},"primaryImageOfPage":{"@id":"https:\/\/www.stjb-delasalle.fr\/site\/2018\/09\/04\/journee-de-rentree-dun-eleve-de-sixieme\/#primaryimage"},"image":{"@id":"https:\/\/www.stjb-delasalle.fr\/site\/2018\/09\/04\/journee-de-rentree-dun-eleve-de-sixieme\/#primaryimage"},"thumbnailUrl":"","datePublished":"2018-09-04T11:39:11+00:00","breadcrumb":{"@id":"https:\/\/www.stjb-delasalle.fr\/site\/2018\/09\/04\/journee-de-rentree-dun-eleve-de-sixieme\/#breadcrumb"},"inLanguage":"fr-FR","potentialAction":[{"@type":"ReadAction","target":["https:\/\/www.stjb-delasalle.fr\/site\/2018\/09\/04\/journee-de-rentree-dun-eleve-de-sixieme\/"]}]},{"@type":"ImageObject","inLanguage":"fr-FR","@id":"https:\/\/www.stjb-delasalle.fr\/site\/2018\/09\/04\/journee-de-rentree-dun-eleve-de-sixieme\/#primaryimage","url":"","contentUrl":""},{"@type":"BreadcrumbList","@id":"https:\/\/www.stjb-delasalle.fr\/site\/2018\/09\/04\/journee-de-rentree-dun-eleve-de-sixieme\/#breadcrumb","itemListElement":[{"@type":"ListItem","position":1,"name":"Accueil","item":"https:\/\/www.stjb-delasalle.fr\/site\/"},{"@type":"ListItem","position":2,"name":"Journ\u00e9e de rentr\u00e9e d&rsquo;un \u00e9l\u00e8ve de sixi\u00e8me"}]},{"@type":"WebSite","@id":"https:\/\/www.stjb-delasalle.fr\/site\/#website","url":"https:\/\/www.stjb-delasalle.fr\/site\/","name":"Coll\u00e8ge Saint Jean Baptiste de La Salle","description":"Notre coll\u00e8ge vous accueille sur le site du Rancher \u00e0 Teloch\u00e9","publisher":{"@id":"https:\/\/www.stjb-delasalle.fr\/site\/#organization"},"potentialAction":[{"@type":"SearchAction","target":{"@type":"EntryPoint","urlTemplate":"https:\/\/www.stjb-delasalle.fr\/site\/?s={search_term_string}"},"query-input":{"@type":"PropertyValueSpecification","valueRequired":true,"valueName":"search_term_string"}}],"inLanguage":"fr-FR"},{"@type":"Organization","@id":"https:\/\/www.stjb-delasalle.fr\/site\/#organization","name":"Coll\u00e8ge Saint Jean Baptiste de La Salle","url":"https:\/\/www.stjb-delasalle.fr\/site\/","logo":{"@type":"ImageObject","inLanguage":"fr-FR","@id":"https:\/\/www.stjb-delasalle.fr\/site\/#\/schema\/logo\/image\/","url":"https:\/\/www.stjb-delasalle.fr\/site\/wp-content\/uploads\/2021\/11\/logostjb_petit_transp.png","contentUrl":"https:\/\/www.stjb-delasalle.fr\/site\/wp-content\/uploads\/2021\/11\/logostjb_petit_transp.png","width":180,"height":127,"caption":"Coll\u00e8ge Saint Jean Baptiste de La Salle"},"image":{"@id":"https:\/\/www.stjb-delasalle.fr\/site\/#\/schema\/logo\/image\/"}},{"@type":"Person","@id":"https:\/\/www.stjb-delasalle.fr\/site\/#\/schema\/person\/36988a7b4178dd69b805a25eea2b8f8f","name":"r.zucchetti","image":{"@type":"ImageObject","inLanguage":"fr-FR","@id":"https:\/\/secure.gravatar.com\/avatar\/de909cd474d221f967baff6582e1e559c4977b81139138190583ff7dda97b212?s=96&d=mm&r=g","url":"https:\/\/secure.gravatar.com\/avatar\/de909cd474d221f967baff6582e1e559c4977b81139138190583ff7dda97b212?s=96&d=mm&r=g","contentUrl":"https:\/\/secure.gravatar.com\/avatar\/de909cd474d221f967baff6582e1e559c4977b81139138190583ff7dda97b212?s=96&d=mm&r=g","caption":"r.zucchetti"},"sameAs":["https:\/\/www.stjb-delasalle.fr\/site"],"url":"https:\/\/www.stjb-delasalle.fr\/site\/author\/r-zucchetti\/"}]}},"_links":{"self":[{"href":"https:\/\/www.stjb-delasalle.fr\/site\/wp-json\/wp\/v2\/posts\/1647","targetHints":{"allow":["GET"]}}],"collection":[{"href":"https:\/\/www.stjb-delasalle.fr\/site\/wp-json\/wp\/v2\/posts"}],"about":[{"href":"https:\/\/www.stjb-delasalle.fr\/site\/wp-json\/wp\/v2\/types\/post"}],"author":[{"embeddable":true,"href":"https:\/\/www.stjb-delasalle.fr\/site\/wp-json\/wp\/v2\/users\/1"}],"replies":[{"embeddable":true,"href":"https:\/\/www.stjb-delasalle.fr\/site\/wp-json\/wp\/v2\/comments?post=1647"}],"version-history":[{"count":0,"href":"https:\/\/www.stjb-delasalle.fr\/site\/wp-json\/wp\/v2\/posts\/1647\/revisions"}],"wp:featuredmedia":[{"embeddable":true,"href":"https:\/\/www.stjb-delasalle.fr\/site\/wp-json\/"}],"wp:attachment":[{"href":"https:\/\/www.stjb-delasalle.fr\/site\/wp-json\/wp\/v2\/media?parent=1647"}],"wp:term":[{"taxonomy":"category","embeddable":true,"href":"https:\/\/www.stjb-delasalle.fr\/site\/wp-json\/wp\/v2\/categories?post=1647"},{"taxonomy":"post_tag","embeddable":true,"href":"https:\/\/www.stjb-delasalle.fr\/site\/wp-json\/wp\/v2\/tags?post=1647"}],"curies":[{"name":"wp","href":"https:\/\/api.w.org\/{rel}","templated":true}]}}