{"id":1620,"date":"2018-07-05T09:03:35","date_gmt":"2018-07-05T07:03:35","guid":{"rendered":"http:\/\/www.stjb-delasalle.fr\/?p=1620"},"modified":"2018-07-05T09:03:35","modified_gmt":"2018-07-05T07:03:35","slug":"expo-deleves-a-labbaye-de-lepau","status":"publish","type":"post","link":"https:\/\/www.stjb-delasalle.fr\/site\/2018\/07\/05\/expo-deleves-a-labbaye-de-lepau\/","title":{"rendered":"EXPO d&rsquo;\u00e9l\u00e8ves \u00e0 l&rsquo;Abbaye de l&rsquo;Epau"},"content":{"rendered":"<p>Dans le cadre de la 6\u00e8me saison photographique de l&rsquo;Abbaye royale de l&rsquo;Epau, le projet <strong>\u00ab\u00a0Oeil pour oeil\u00a0\u00bb<\/strong> des 26 \u00e9l\u00e8ves de 3\u00e8mes ayant particip\u00e9 cette ann\u00e9e au projet photo accompagn\u00e9 par <strong>Georges Pacheco<\/strong>, est expos\u00e9 tout l&rsquo;\u00e9t\u00e9 \u00e0 l&rsquo;Abbaye.<\/p>\n<p>Mardi 3 juillet, nous y \u00e9tions pour d\u00e9couvrir le parcours exposition pr\u00e9sentant des photographes et les travaux r\u00e9alis\u00e9s par des coll\u00e9giens \u00e0 travers le\u00a0\u00a0projet <strong>\u00ab\u00a0Photographie au coll\u00e8ge\u00a0\u00bb<\/strong> propos\u00e9 par le Conseil d\u00e9partemental.<\/p>\n<p>Soyez curieux, allez d\u00e9couvrir ce parcours et la cabane des coll\u00e9giens !<\/p>\n<p><em>Exposition visible jusqu&rsquo;au 4 novembre 2018<\/em>.<\/p>\n<p><a href=\"http:\/\/www.stjb-delasalle.fr\/wp-content\/uploads\/2018\/07\/3484B301-C004-4F2F-92B2-D66AE2953F20.jpeg\"><img fetchpriority=\"high\" decoding=\"async\" class=\"alignleft wp-image-1627 size-large\" src=\"http:\/\/www.stjb-delasalle.fr\/wp-content\/uploads\/2018\/07\/3484B301-C004-4F2F-92B2-D66AE2953F20-1024x768.jpeg\" alt=\"\" width=\"720\" height=\"540\" \/><\/a> <a href=\"http:\/\/www.stjb-delasalle.fr\/wp-content\/uploads\/2018\/07\/5764073A-3E7C-415C-B1AE-EE4163C14F20.jpeg\"><img decoding=\"async\" class=\"alignleft wp-image-1628 size-large\" src=\"http:\/\/www.stjb-delasalle.fr\/wp-content\/uploads\/2018\/07\/5764073A-3E7C-415C-B1AE-EE4163C14F20-1024x850.jpeg\" alt=\"\" width=\"720\" height=\"598\" \/><\/a> <a href=\"http:\/\/www.stjb-delasalle.fr\/wp-content\/uploads\/2018\/07\/14DF669D-A3CB-4C4A-8D15-6FF821C61D04.jpeg\"><img decoding=\"async\" class=\"alignleft wp-image-1622 size-large\" src=\"http:\/\/www.stjb-delasalle.fr\/wp-content\/uploads\/2018\/07\/14DF669D-A3CB-4C4A-8D15-6FF821C61D04-1024x797.jpeg\" alt=\"\" width=\"720\" height=\"560\" \/><\/a> <a href=\"http:\/\/www.stjb-delasalle.fr\/wp-content\/uploads\/2018\/07\/1F3B52CD-C58C-4FAA-BDF3-8A628052B064.jpeg\"><img loading=\"lazy\" decoding=\"async\" class=\"alignleft wp-image-1621 size-large\" src=\"http:\/\/www.stjb-delasalle.fr\/wp-content\/uploads\/2018\/07\/1F3B52CD-C58C-4FAA-BDF3-8A628052B064-1024x897.jpeg\" alt=\"\" width=\"720\" height=\"631\" \/><\/a><\/p>\n","protected":false},"excerpt":{"rendered":"<p>Dans le cadre de la 6\u00e8me saison photographique de l&rsquo;Abbaye royale de l&rsquo;Epau, le projet \u00ab\u00a0Oeil pour oeil\u00a0\u00bb des 26 \u00e9l\u00e8ves de 3\u00e8mes ayant particip\u00e9 cette ann\u00e9e au projet photo accompagn\u00e9 par Georges Pacheco, est expos\u00e9 tout l&rsquo;\u00e9t\u00e9 \u00e0 l&rsquo;Abbaye. Mardi 3 juillet, nous y \u00e9tions pour d\u00e9couvrir le parcours exposition pr\u00e9sentant des photographes et [&hellip;]<\/p>\n","protected":false},"author":1,"featured_media":1625,"comment_status":"closed","ping_status":"closed","sticky":false,"template":"","format":"standard","meta":{"site-sidebar-layout":"default","site-content-layout":"","ast-site-content-layout":"default","site-content-style":"default","site-sidebar-style":"default","ast-global-header-display":"","ast-banner-title-visibility":"","ast-main-header-display":"","ast-hfb-above-header-display":"","ast-hfb-below-header-display":"","ast-hfb-mobile-header-display":"","site-post-title":"","ast-breadcrumbs-content":"","ast-featured-img":"","footer-sml-layout":"","ast-disable-related-posts":"","theme-transparent-header-meta":"","adv-header-id-meta":"","stick-header-meta":"","header-above-stick-meta":"","header-main-stick-meta":"","header-below-stick-meta":"","astra-migrate-meta-layouts":"default","ast-page-background-enabled":"default","ast-page-background-meta":{"desktop":{"background-color":"var(--ast-global-color-4)","background-image":"","background-repeat":"repeat","background-position":"center center","background-size":"auto","background-attachment":"scroll","background-type":"","background-media":"","overlay-type":"","overlay-color":"","overlay-opacity":"","overlay-gradient":""},"tablet":{"background-color":"","background-image":"","background-repeat":"repeat","background-position":"center center","background-size":"auto","background-attachment":"scroll","background-type":"","background-media":"","overlay-type":"","overlay-color":"","overlay-opacity":"","overlay-gradient":""},"mobile":{"background-color":"","background-image":"","background-repeat":"repeat","background-position":"center center","background-size":"auto","background-attachment":"scroll","background-type":"","background-media":"","overlay-type":"","overlay-color":"","overlay-opacity":"","overlay-gradient":""}},"ast-content-background-meta":{"desktop":{"background-color":"var(--ast-global-color-5)","background-image":"","background-repeat":"repeat","background-position":"center center","background-size":"auto","background-attachment":"scroll","background-type":"","background-media":"","overlay-type":"","overlay-color":"","overlay-opacity":"","overlay-gradient":""},"tablet":{"background-color":"var(--ast-global-color-5)","background-image":"","background-repeat":"repeat","background-position":"center center","background-size":"auto","background-attachment":"scroll","background-type":"","background-media":"","overlay-type":"","overlay-color":"","overlay-opacity":"","overlay-gradient":""},"mobile":{"background-color":"var(--ast-global-color-5)","background-image":"","background-repeat":"repeat","background-position":"center center","background-size":"auto","background-attachment":"scroll","background-type":"","background-media":"","overlay-type":"","overlay-color":"","overlay-opacity":"","overlay-gradient":""}},"footnotes":""},"categories":[6],"tags":[],"class_list":["post-1620","post","type-post","status-publish","format-standard","has-post-thumbnail","hentry","category-college"],"yoast_head":"<!-- This site is optimized with the Yoast SEO plugin v27.5 - https:\/\/yoast.com\/product\/yoast-seo-wordpress\/ -->\n<title>EXPO d&#039;\u00e9l\u00e8ves \u00e0 l&#039;Abbaye de l&#039;Epau - Coll\u00e8ge Saint Jean Baptiste de La Salle<\/title>\n<meta name=\"robots\" content=\"index, follow, max-snippet:-1, max-image-preview:large, max-video-preview:-1\" \/>\n<link rel=\"canonical\" href=\"https:\/\/www.stjb-delasalle.fr\/site\/2018\/07\/05\/expo-deleves-a-labbaye-de-lepau\/\" \/>\n<meta property=\"og:locale\" content=\"fr_FR\" \/>\n<meta property=\"og:type\" content=\"article\" \/>\n<meta property=\"og:title\" content=\"EXPO d&#039;\u00e9l\u00e8ves \u00e0 l&#039;Abbaye de l&#039;Epau - Coll\u00e8ge Saint Jean Baptiste de La Salle\" \/>\n<meta property=\"og:description\" content=\"Dans le cadre de la 6\u00e8me saison photographique de l&rsquo;Abbaye royale de l&rsquo;Epau, le projet \u00ab\u00a0Oeil pour oeil\u00a0\u00bb des 26 \u00e9l\u00e8ves de 3\u00e8mes ayant particip\u00e9 cette ann\u00e9e au projet photo accompagn\u00e9 par Georges Pacheco, est expos\u00e9 tout l&rsquo;\u00e9t\u00e9 \u00e0 l&rsquo;Abbaye. Mardi 3 juillet, nous y \u00e9tions pour d\u00e9couvrir le parcours exposition pr\u00e9sentant des photographes et [&hellip;]\" \/>\n<meta property=\"og:url\" content=\"https:\/\/www.stjb-delasalle.fr\/site\/2018\/07\/05\/expo-deleves-a-labbaye-de-lepau\/\" \/>\n<meta property=\"og:site_name\" content=\"Coll\u00e8ge Saint Jean Baptiste de La Salle\" \/>\n<meta property=\"article:published_time\" content=\"2018-07-05T07:03:35+00:00\" \/>\n<meta name=\"author\" content=\"r.zucchetti\" \/>\n<meta name=\"twitter:card\" content=\"summary_large_image\" \/>\n<meta name=\"twitter:label1\" content=\"\u00c9crit par\" \/>\n\t<meta name=\"twitter:data1\" content=\"r.zucchetti\" \/>\n<script type=\"application\/ld+json\" class=\"yoast-schema-graph\">{\"@context\":\"https:\\\/\\\/schema.org\",\"@graph\":[{\"@type\":\"Article\",\"@id\":\"https:\\\/\\\/www.stjb-delasalle.fr\\\/site\\\/2018\\\/07\\\/05\\\/expo-deleves-a-labbaye-de-lepau\\\/#article\",\"isPartOf\":{\"@id\":\"https:\\\/\\\/www.stjb-delasalle.fr\\\/site\\\/2018\\\/07\\\/05\\\/expo-deleves-a-labbaye-de-lepau\\\/\"},\"author\":{\"name\":\"r.zucchetti\",\"@id\":\"https:\\\/\\\/www.stjb-delasalle.fr\\\/site\\\/#\\\/schema\\\/person\\\/36988a7b4178dd69b805a25eea2b8f8f\"},\"headline\":\"EXPO d&rsquo;\u00e9l\u00e8ves \u00e0 l&rsquo;Abbaye de l&rsquo;Epau\",\"datePublished\":\"2018-07-05T07:03:35+00:00\",\"mainEntityOfPage\":{\"@id\":\"https:\\\/\\\/www.stjb-delasalle.fr\\\/site\\\/2018\\\/07\\\/05\\\/expo-deleves-a-labbaye-de-lepau\\\/\"},\"wordCount\":103,\"publisher\":{\"@id\":\"https:\\\/\\\/www.stjb-delasalle.fr\\\/site\\\/#organization\"},\"image\":{\"@id\":\"https:\\\/\\\/www.stjb-delasalle.fr\\\/site\\\/2018\\\/07\\\/05\\\/expo-deleves-a-labbaye-de-lepau\\\/#primaryimage\"},\"thumbnailUrl\":\"\",\"articleSection\":[\"Coll\u00e8ge\"],\"inLanguage\":\"fr-FR\"},{\"@type\":\"WebPage\",\"@id\":\"https:\\\/\\\/www.stjb-delasalle.fr\\\/site\\\/2018\\\/07\\\/05\\\/expo-deleves-a-labbaye-de-lepau\\\/\",\"url\":\"https:\\\/\\\/www.stjb-delasalle.fr\\\/site\\\/2018\\\/07\\\/05\\\/expo-deleves-a-labbaye-de-lepau\\\/\",\"name\":\"EXPO d'\u00e9l\u00e8ves \u00e0 l'Abbaye de l'Epau - Coll\u00e8ge Saint Jean Baptiste de La Salle\",\"isPartOf\":{\"@id\":\"https:\\\/\\\/www.stjb-delasalle.fr\\\/site\\\/#website\"},\"primaryImageOfPage\":{\"@id\":\"https:\\\/\\\/www.stjb-delasalle.fr\\\/site\\\/2018\\\/07\\\/05\\\/expo-deleves-a-labbaye-de-lepau\\\/#primaryimage\"},\"image\":{\"@id\":\"https:\\\/\\\/www.stjb-delasalle.fr\\\/site\\\/2018\\\/07\\\/05\\\/expo-deleves-a-labbaye-de-lepau\\\/#primaryimage\"},\"thumbnailUrl\":\"\",\"datePublished\":\"2018-07-05T07:03:35+00:00\",\"breadcrumb\":{\"@id\":\"https:\\\/\\\/www.stjb-delasalle.fr\\\/site\\\/2018\\\/07\\\/05\\\/expo-deleves-a-labbaye-de-lepau\\\/#breadcrumb\"},\"inLanguage\":\"fr-FR\",\"potentialAction\":[{\"@type\":\"ReadAction\",\"target\":[\"https:\\\/\\\/www.stjb-delasalle.fr\\\/site\\\/2018\\\/07\\\/05\\\/expo-deleves-a-labbaye-de-lepau\\\/\"]}]},{\"@type\":\"ImageObject\",\"inLanguage\":\"fr-FR\",\"@id\":\"https:\\\/\\\/www.stjb-delasalle.fr\\\/site\\\/2018\\\/07\\\/05\\\/expo-deleves-a-labbaye-de-lepau\\\/#primaryimage\",\"url\":\"\",\"contentUrl\":\"\"},{\"@type\":\"BreadcrumbList\",\"@id\":\"https:\\\/\\\/www.stjb-delasalle.fr\\\/site\\\/2018\\\/07\\\/05\\\/expo-deleves-a-labbaye-de-lepau\\\/#breadcrumb\",\"itemListElement\":[{\"@type\":\"ListItem\",\"position\":1,\"name\":\"Accueil\",\"item\":\"https:\\\/\\\/www.stjb-delasalle.fr\\\/site\\\/\"},{\"@type\":\"ListItem\",\"position\":2,\"name\":\"EXPO d&rsquo;\u00e9l\u00e8ves \u00e0 l&rsquo;Abbaye de l&rsquo;Epau\"}]},{\"@type\":\"WebSite\",\"@id\":\"https:\\\/\\\/www.stjb-delasalle.fr\\\/site\\\/#website\",\"url\":\"https:\\\/\\\/www.stjb-delasalle.fr\\\/site\\\/\",\"name\":\"Coll\u00e8ge Saint Jean Baptiste de La Salle\",\"description\":\"Notre coll\u00e8ge vous accueille sur le site du Rancher \u00e0 Teloch\u00e9\",\"publisher\":{\"@id\":\"https:\\\/\\\/www.stjb-delasalle.fr\\\/site\\\/#organization\"},\"potentialAction\":[{\"@type\":\"SearchAction\",\"target\":{\"@type\":\"EntryPoint\",\"urlTemplate\":\"https:\\\/\\\/www.stjb-delasalle.fr\\\/site\\\/?s={search_term_string}\"},\"query-input\":{\"@type\":\"PropertyValueSpecification\",\"valueRequired\":true,\"valueName\":\"search_term_string\"}}],\"inLanguage\":\"fr-FR\"},{\"@type\":\"Organization\",\"@id\":\"https:\\\/\\\/www.stjb-delasalle.fr\\\/site\\\/#organization\",\"name\":\"Coll\u00e8ge Saint Jean Baptiste de La Salle\",\"url\":\"https:\\\/\\\/www.stjb-delasalle.fr\\\/site\\\/\",\"logo\":{\"@type\":\"ImageObject\",\"inLanguage\":\"fr-FR\",\"@id\":\"https:\\\/\\\/www.stjb-delasalle.fr\\\/site\\\/#\\\/schema\\\/logo\\\/image\\\/\",\"url\":\"https:\\\/\\\/www.stjb-delasalle.fr\\\/site\\\/wp-content\\\/uploads\\\/2021\\\/11\\\/logostjb_petit_transp.png\",\"contentUrl\":\"https:\\\/\\\/www.stjb-delasalle.fr\\\/site\\\/wp-content\\\/uploads\\\/2021\\\/11\\\/logostjb_petit_transp.png\",\"width\":180,\"height\":127,\"caption\":\"Coll\u00e8ge Saint Jean Baptiste de La Salle\"},\"image\":{\"@id\":\"https:\\\/\\\/www.stjb-delasalle.fr\\\/site\\\/#\\\/schema\\\/logo\\\/image\\\/\"}},{\"@type\":\"Person\",\"@id\":\"https:\\\/\\\/www.stjb-delasalle.fr\\\/site\\\/#\\\/schema\\\/person\\\/36988a7b4178dd69b805a25eea2b8f8f\",\"name\":\"r.zucchetti\",\"image\":{\"@type\":\"ImageObject\",\"inLanguage\":\"fr-FR\",\"@id\":\"https:\\\/\\\/secure.gravatar.com\\\/avatar\\\/de909cd474d221f967baff6582e1e559c4977b81139138190583ff7dda97b212?s=96&d=mm&r=g\",\"url\":\"https:\\\/\\\/secure.gravatar.com\\\/avatar\\\/de909cd474d221f967baff6582e1e559c4977b81139138190583ff7dda97b212?s=96&d=mm&r=g\",\"contentUrl\":\"https:\\\/\\\/secure.gravatar.com\\\/avatar\\\/de909cd474d221f967baff6582e1e559c4977b81139138190583ff7dda97b212?s=96&d=mm&r=g\",\"caption\":\"r.zucchetti\"},\"sameAs\":[\"https:\\\/\\\/www.stjb-delasalle.fr\\\/site\"],\"url\":\"https:\\\/\\\/www.stjb-delasalle.fr\\\/site\\\/author\\\/r-zucchetti\\\/\"}]}<\/script>\n<!-- \/ Yoast SEO plugin. -->","yoast_head_json":{"title":"EXPO d'\u00e9l\u00e8ves \u00e0 l'Abbaye de l'Epau - Coll\u00e8ge Saint Jean Baptiste de La Salle","robots":{"index":"index","follow":"follow","max-snippet":"max-snippet:-1","max-image-preview":"max-image-preview:large","max-video-preview":"max-video-preview:-1"},"canonical":"https:\/\/www.stjb-delasalle.fr\/site\/2018\/07\/05\/expo-deleves-a-labbaye-de-lepau\/","og_locale":"fr_FR","og_type":"article","og_title":"EXPO d'\u00e9l\u00e8ves \u00e0 l'Abbaye de l'Epau - Coll\u00e8ge Saint Jean Baptiste de La Salle","og_description":"Dans le cadre de la 6\u00e8me saison photographique de l&rsquo;Abbaye royale de l&rsquo;Epau, le projet \u00ab\u00a0Oeil pour oeil\u00a0\u00bb des 26 \u00e9l\u00e8ves de 3\u00e8mes ayant particip\u00e9 cette ann\u00e9e au projet photo accompagn\u00e9 par Georges Pacheco, est expos\u00e9 tout l&rsquo;\u00e9t\u00e9 \u00e0 l&rsquo;Abbaye. Mardi 3 juillet, nous y \u00e9tions pour d\u00e9couvrir le parcours exposition pr\u00e9sentant des photographes et [&hellip;]","og_url":"https:\/\/www.stjb-delasalle.fr\/site\/2018\/07\/05\/expo-deleves-a-labbaye-de-lepau\/","og_site_name":"Coll\u00e8ge Saint Jean Baptiste de La Salle","article_published_time":"2018-07-05T07:03:35+00:00","author":"r.zucchetti","twitter_card":"summary_large_image","twitter_misc":{"\u00c9crit par":"r.zucchetti"},"schema":{"@context":"https:\/\/schema.org","@graph":[{"@type":"Article","@id":"https:\/\/www.stjb-delasalle.fr\/site\/2018\/07\/05\/expo-deleves-a-labbaye-de-lepau\/#article","isPartOf":{"@id":"https:\/\/www.stjb-delasalle.fr\/site\/2018\/07\/05\/expo-deleves-a-labbaye-de-lepau\/"},"author":{"name":"r.zucchetti","@id":"https:\/\/www.stjb-delasalle.fr\/site\/#\/schema\/person\/36988a7b4178dd69b805a25eea2b8f8f"},"headline":"EXPO d&rsquo;\u00e9l\u00e8ves \u00e0 l&rsquo;Abbaye de l&rsquo;Epau","datePublished":"2018-07-05T07:03:35+00:00","mainEntityOfPage":{"@id":"https:\/\/www.stjb-delasalle.fr\/site\/2018\/07\/05\/expo-deleves-a-labbaye-de-lepau\/"},"wordCount":103,"publisher":{"@id":"https:\/\/www.stjb-delasalle.fr\/site\/#organization"},"image":{"@id":"https:\/\/www.stjb-delasalle.fr\/site\/2018\/07\/05\/expo-deleves-a-labbaye-de-lepau\/#primaryimage"},"thumbnailUrl":"","articleSection":["Coll\u00e8ge"],"inLanguage":"fr-FR"},{"@type":"WebPage","@id":"https:\/\/www.stjb-delasalle.fr\/site\/2018\/07\/05\/expo-deleves-a-labbaye-de-lepau\/","url":"https:\/\/www.stjb-delasalle.fr\/site\/2018\/07\/05\/expo-deleves-a-labbaye-de-lepau\/","name":"EXPO d'\u00e9l\u00e8ves \u00e0 l'Abbaye de l'Epau - Coll\u00e8ge Saint Jean Baptiste de La Salle","isPartOf":{"@id":"https:\/\/www.stjb-delasalle.fr\/site\/#website"},"primaryImageOfPage":{"@id":"https:\/\/www.stjb-delasalle.fr\/site\/2018\/07\/05\/expo-deleves-a-labbaye-de-lepau\/#primaryimage"},"image":{"@id":"https:\/\/www.stjb-delasalle.fr\/site\/2018\/07\/05\/expo-deleves-a-labbaye-de-lepau\/#primaryimage"},"thumbnailUrl":"","datePublished":"2018-07-05T07:03:35+00:00","breadcrumb":{"@id":"https:\/\/www.stjb-delasalle.fr\/site\/2018\/07\/05\/expo-deleves-a-labbaye-de-lepau\/#breadcrumb"},"inLanguage":"fr-FR","potentialAction":[{"@type":"ReadAction","target":["https:\/\/www.stjb-delasalle.fr\/site\/2018\/07\/05\/expo-deleves-a-labbaye-de-lepau\/"]}]},{"@type":"ImageObject","inLanguage":"fr-FR","@id":"https:\/\/www.stjb-delasalle.fr\/site\/2018\/07\/05\/expo-deleves-a-labbaye-de-lepau\/#primaryimage","url":"","contentUrl":""},{"@type":"BreadcrumbList","@id":"https:\/\/www.stjb-delasalle.fr\/site\/2018\/07\/05\/expo-deleves-a-labbaye-de-lepau\/#breadcrumb","itemListElement":[{"@type":"ListItem","position":1,"name":"Accueil","item":"https:\/\/www.stjb-delasalle.fr\/site\/"},{"@type":"ListItem","position":2,"name":"EXPO d&rsquo;\u00e9l\u00e8ves \u00e0 l&rsquo;Abbaye de l&rsquo;Epau"}]},{"@type":"WebSite","@id":"https:\/\/www.stjb-delasalle.fr\/site\/#website","url":"https:\/\/www.stjb-delasalle.fr\/site\/","name":"Coll\u00e8ge Saint Jean Baptiste de La Salle","description":"Notre coll\u00e8ge vous accueille sur le site du Rancher \u00e0 Teloch\u00e9","publisher":{"@id":"https:\/\/www.stjb-delasalle.fr\/site\/#organization"},"potentialAction":[{"@type":"SearchAction","target":{"@type":"EntryPoint","urlTemplate":"https:\/\/www.stjb-delasalle.fr\/site\/?s={search_term_string}"},"query-input":{"@type":"PropertyValueSpecification","valueRequired":true,"valueName":"search_term_string"}}],"inLanguage":"fr-FR"},{"@type":"Organization","@id":"https:\/\/www.stjb-delasalle.fr\/site\/#organization","name":"Coll\u00e8ge Saint Jean Baptiste de La Salle","url":"https:\/\/www.stjb-delasalle.fr\/site\/","logo":{"@type":"ImageObject","inLanguage":"fr-FR","@id":"https:\/\/www.stjb-delasalle.fr\/site\/#\/schema\/logo\/image\/","url":"https:\/\/www.stjb-delasalle.fr\/site\/wp-content\/uploads\/2021\/11\/logostjb_petit_transp.png","contentUrl":"https:\/\/www.stjb-delasalle.fr\/site\/wp-content\/uploads\/2021\/11\/logostjb_petit_transp.png","width":180,"height":127,"caption":"Coll\u00e8ge Saint Jean Baptiste de La Salle"},"image":{"@id":"https:\/\/www.stjb-delasalle.fr\/site\/#\/schema\/logo\/image\/"}},{"@type":"Person","@id":"https:\/\/www.stjb-delasalle.fr\/site\/#\/schema\/person\/36988a7b4178dd69b805a25eea2b8f8f","name":"r.zucchetti","image":{"@type":"ImageObject","inLanguage":"fr-FR","@id":"https:\/\/secure.gravatar.com\/avatar\/de909cd474d221f967baff6582e1e559c4977b81139138190583ff7dda97b212?s=96&d=mm&r=g","url":"https:\/\/secure.gravatar.com\/avatar\/de909cd474d221f967baff6582e1e559c4977b81139138190583ff7dda97b212?s=96&d=mm&r=g","contentUrl":"https:\/\/secure.gravatar.com\/avatar\/de909cd474d221f967baff6582e1e559c4977b81139138190583ff7dda97b212?s=96&d=mm&r=g","caption":"r.zucchetti"},"sameAs":["https:\/\/www.stjb-delasalle.fr\/site"],"url":"https:\/\/www.stjb-delasalle.fr\/site\/author\/r-zucchetti\/"}]}},"_links":{"self":[{"href":"https:\/\/www.stjb-delasalle.fr\/site\/wp-json\/wp\/v2\/posts\/1620","targetHints":{"allow":["GET"]}}],"collection":[{"href":"https:\/\/www.stjb-delasalle.fr\/site\/wp-json\/wp\/v2\/posts"}],"about":[{"href":"https:\/\/www.stjb-delasalle.fr\/site\/wp-json\/wp\/v2\/types\/post"}],"author":[{"embeddable":true,"href":"https:\/\/www.stjb-delasalle.fr\/site\/wp-json\/wp\/v2\/users\/1"}],"replies":[{"embeddable":true,"href":"https:\/\/www.stjb-delasalle.fr\/site\/wp-json\/wp\/v2\/comments?post=1620"}],"version-history":[{"count":0,"href":"https:\/\/www.stjb-delasalle.fr\/site\/wp-json\/wp\/v2\/posts\/1620\/revisions"}],"wp:featuredmedia":[{"embeddable":true,"href":"https:\/\/www.stjb-delasalle.fr\/site\/wp-json\/"}],"wp:attachment":[{"href":"https:\/\/www.stjb-delasalle.fr\/site\/wp-json\/wp\/v2\/media?parent=1620"}],"wp:term":[{"taxonomy":"category","embeddable":true,"href":"https:\/\/www.stjb-delasalle.fr\/site\/wp-json\/wp\/v2\/categories?post=1620"},{"taxonomy":"post_tag","embeddable":true,"href":"https:\/\/www.stjb-delasalle.fr\/site\/wp-json\/wp\/v2\/tags?post=1620"}],"curies":[{"name":"wp","href":"https:\/\/api.w.org\/{rel}","templated":true}]}}