{"id":15799,"date":"2024-05-30T13:39:36","date_gmt":"2024-05-30T13:39:36","guid":{"rendered":"https:\/\/www.stjb-delasalle.fr\/site\/?p=15799"},"modified":"2024-06-08T14:30:15","modified_gmt":"2024-06-08T14:30:15","slug":"defi-eco-marmiton-letoile-des-sens","status":"publish","type":"post","link":"https:\/\/www.stjb-delasalle.fr\/site\/2024\/05\/30\/defi-eco-marmiton-letoile-des-sens\/","title":{"rendered":"D\u00e9fi Eco-Marmiton &#038; l&rsquo;\u00e9toile des sens"},"content":{"rendered":"<h1>L&rsquo;\u00e9toile des sens !<\/h1>\n<p>&nbsp;<\/p>\n<p><span dir=\"ltr\">Mercredi 29 Mai, les cuisiniers du D\u00e9fi \u00e9co-marmiton, organis\u00e9 par le Conseil D\u00e9partemental de la Sarthe, ont pr\u00e9sent\u00e9 leur entr\u00e9e,<em><strong> l&rsquo;\u00e9toile des sens<\/strong><\/em>,\u00a0 aux membres du jury du concours.\u00a0 <\/span>Ils avaient une heure pour pr\u00e9parer dans les cuisines du coll\u00e8ge leur recette et \u00e9taient coach\u00e9s par Mme Cordonnier (Professeure de Sciences physiques) et M. Viot (Chef cuisinier du coll\u00e8ge, Soci\u00e9t\u00e9 Api Restauration).<\/p>\n<div id=\"x_x_ms-outlook-mobile-signature\">\n<div>Dans les membres du jury : 3 anciens chefs \u00e9toil\u00e9s membres de l&rsquo;association des 19 bonnes tables sarthoises, Mme Saulnier et sa fille, repr\u00e9sentant des parents de l&rsquo;APEL, Mme Brosset, conseill\u00e8re d\u00e9partementale, Mr Cholet, adjoint au directeur dioc\u00e9sain.<\/div>\n<div dir=\"ltr\">Nos \u00e9l\u00e8ves du projet se sont beaucoup investis et \u00e9taient tr\u00e8s fiers de pr\u00e9senter leur travail au jury qui semble avoir \u00e9t\u00e9 conquis.<\/div>\n<p><span dir=\"ltr\">En route vers la finale\u00a0le lundi 24 juin\u00a0pour exposer notre projet devant les autres coll\u00e9giens ayant relev\u00e9 le d\u00e9fi.\u00a0<\/span><\/p>\n<p>CLIC pour la parution dans la presse<\/p>\n<\/div>\n<div><img fetchpriority=\"high\" decoding=\"async\" class=\"alignnone size-large wp-image-15845\" src=\"https:\/\/www.stjb-delasalle.fr\/site\/wp-content\/uploads\/2024\/05\/IMG_2866-1024x768.jpeg\" alt=\"Groupe de marmitons\" width=\"1024\" height=\"768\" srcset=\"https:\/\/www.stjb-delasalle.fr\/site\/wp-content\/uploads\/2024\/05\/IMG_2866-1024x768.jpeg 1024w, https:\/\/www.stjb-delasalle.fr\/site\/wp-content\/uploads\/2024\/05\/IMG_2866-300x225.jpeg 300w, https:\/\/www.stjb-delasalle.fr\/site\/wp-content\/uploads\/2024\/05\/IMG_2866-768x576.jpeg 768w, https:\/\/www.stjb-delasalle.fr\/site\/wp-content\/uploads\/2024\/05\/IMG_2866-1536x1152.jpeg 1536w, https:\/\/www.stjb-delasalle.fr\/site\/wp-content\/uploads\/2024\/05\/IMG_2866.jpeg 1920w\" sizes=\"(max-width: 1024px) 100vw, 1024px\" \/><\/div>\n<div><img decoding=\"async\" class=\"alignnone size-large wp-image-15822\" src=\"https:\/\/www.stjb-delasalle.fr\/site\/wp-content\/uploads\/2024\/05\/IMG_20240529_111835-1024x768.jpg\" alt=\"\" width=\"1024\" height=\"768\" srcset=\"https:\/\/www.stjb-delasalle.fr\/site\/wp-content\/uploads\/2024\/05\/IMG_20240529_111835-1024x768.jpg 1024w, https:\/\/www.stjb-delasalle.fr\/site\/wp-content\/uploads\/2024\/05\/IMG_20240529_111835-300x225.jpg 300w, https:\/\/www.stjb-delasalle.fr\/site\/wp-content\/uploads\/2024\/05\/IMG_20240529_111835-768x576.jpg 768w, https:\/\/www.stjb-delasalle.fr\/site\/wp-content\/uploads\/2024\/05\/IMG_20240529_111835-1536x1152.jpg 1536w, https:\/\/www.stjb-delasalle.fr\/site\/wp-content\/uploads\/2024\/05\/IMG_20240529_111835.jpg 1920w\" sizes=\"(max-width: 1024px) 100vw, 1024px\" \/><\/div>\n<p><img decoding=\"async\" class=\"alignnone wp-image-15816\" src=\"https:\/\/www.stjb-delasalle.fr\/site\/wp-content\/uploads\/2024\/05\/IMG_0611-768x1024.jpg\" alt=\"\" width=\"1024\" height=\"1365\" srcset=\"https:\/\/www.stjb-delasalle.fr\/site\/wp-content\/uploads\/2024\/05\/IMG_0611-768x1024.jpg 768w, https:\/\/www.stjb-delasalle.fr\/site\/wp-content\/uploads\/2024\/05\/IMG_0611-225x300.jpg 225w, https:\/\/www.stjb-delasalle.fr\/site\/wp-content\/uploads\/2024\/05\/IMG_0611-1152x1536.jpg 1152w, https:\/\/www.stjb-delasalle.fr\/site\/wp-content\/uploads\/2024\/05\/IMG_0611.jpg 1440w\" sizes=\"(max-width: 1024px) 100vw, 1024px\" \/>\u00a0<img loading=\"lazy\" decoding=\"async\" class=\"alignnone size-large wp-image-15817\" src=\"https:\/\/www.stjb-delasalle.fr\/site\/wp-content\/uploads\/2024\/05\/IMG_0612-e1717076540966-1024x735.jpg\" alt=\"s\u00e9lection Marmiton\" width=\"1024\" height=\"735\" srcset=\"https:\/\/www.stjb-delasalle.fr\/site\/wp-content\/uploads\/2024\/05\/IMG_0612-e1717076540966-1024x735.jpg 1024w, https:\/\/www.stjb-delasalle.fr\/site\/wp-content\/uploads\/2024\/05\/IMG_0612-e1717076540966-300x215.jpg 300w, https:\/\/www.stjb-delasalle.fr\/site\/wp-content\/uploads\/2024\/05\/IMG_0612-e1717076540966-768x552.jpg 768w, https:\/\/www.stjb-delasalle.fr\/site\/wp-content\/uploads\/2024\/05\/IMG_0612-e1717076540966-1536x1103.jpg 1536w, https:\/\/www.stjb-delasalle.fr\/site\/wp-content\/uploads\/2024\/05\/IMG_0612-e1717076540966.jpg 1920w\" sizes=\"(max-width: 1024px) 100vw, 1024px\" \/> <img loading=\"lazy\" decoding=\"async\" class=\"alignnone wp-image-15818\" src=\"https:\/\/www.stjb-delasalle.fr\/site\/wp-content\/uploads\/2024\/05\/IMG_20240529_095317-768x1024.jpg\" alt=\"\" width=\"1024\" height=\"1365\" srcset=\"https:\/\/www.stjb-delasalle.fr\/site\/wp-content\/uploads\/2024\/05\/IMG_20240529_095317-768x1024.jpg 768w, https:\/\/www.stjb-delasalle.fr\/site\/wp-content\/uploads\/2024\/05\/IMG_20240529_095317-225x300.jpg 225w, https:\/\/www.stjb-delasalle.fr\/site\/wp-content\/uploads\/2024\/05\/IMG_20240529_095317-1152x1536.jpg 1152w, https:\/\/www.stjb-delasalle.fr\/site\/wp-content\/uploads\/2024\/05\/IMG_20240529_095317.jpg 1440w\" sizes=\"(max-width: 1024px) 100vw, 1024px\" \/><img loading=\"lazy\" decoding=\"async\" class=\"alignnone size-large wp-image-15824\" src=\"https:\/\/www.stjb-delasalle.fr\/site\/wp-content\/uploads\/2024\/05\/IMG_0589-1024x768.jpg\" alt=\"\" width=\"1024\" height=\"768\" srcset=\"https:\/\/www.stjb-delasalle.fr\/site\/wp-content\/uploads\/2024\/05\/IMG_0589-1024x768.jpg 1024w, https:\/\/www.stjb-delasalle.fr\/site\/wp-content\/uploads\/2024\/05\/IMG_0589-300x225.jpg 300w, https:\/\/www.stjb-delasalle.fr\/site\/wp-content\/uploads\/2024\/05\/IMG_0589-768x576.jpg 768w, https:\/\/www.stjb-delasalle.fr\/site\/wp-content\/uploads\/2024\/05\/IMG_0589-1536x1152.jpg 1536w, https:\/\/www.stjb-delasalle.fr\/site\/wp-content\/uploads\/2024\/05\/IMG_0589.jpg 1920w\" sizes=\"(max-width: 1024px) 100vw, 1024px\" \/> <img loading=\"lazy\" decoding=\"async\" class=\"alignnone size-large wp-image-15823\" src=\"https:\/\/www.stjb-delasalle.fr\/site\/wp-content\/uploads\/2024\/05\/IMG_0588-1024x768.jpg\" alt=\"\" width=\"1024\" height=\"768\" srcset=\"https:\/\/www.stjb-delasalle.fr\/site\/wp-content\/uploads\/2024\/05\/IMG_0588-1024x768.jpg 1024w, https:\/\/www.stjb-delasalle.fr\/site\/wp-content\/uploads\/2024\/05\/IMG_0588-300x225.jpg 300w, https:\/\/www.stjb-delasalle.fr\/site\/wp-content\/uploads\/2024\/05\/IMG_0588-768x576.jpg 768w, https:\/\/www.stjb-delasalle.fr\/site\/wp-content\/uploads\/2024\/05\/IMG_0588-1536x1152.jpg 1536w, https:\/\/www.stjb-delasalle.fr\/site\/wp-content\/uploads\/2024\/05\/IMG_0588.jpg 1920w\" sizes=\"(max-width: 1024px) 100vw, 1024px\" \/>\u00a0 <img loading=\"lazy\" decoding=\"async\" class=\"alignnone wp-image-15820\" src=\"https:\/\/www.stjb-delasalle.fr\/site\/wp-content\/uploads\/2024\/05\/IMG_20240529_110959-768x1024.jpg\" alt=\"\" width=\"1024\" height=\"1365\" \/> <img loading=\"lazy\" decoding=\"async\" class=\"alignnone wp-image-15821\" src=\"https:\/\/www.stjb-delasalle.fr\/site\/wp-content\/uploads\/2024\/05\/IMG_20240529_111211-768x1024.jpg\" alt=\"\" width=\"1024\" height=\"1365\" srcset=\"https:\/\/www.stjb-delasalle.fr\/site\/wp-content\/uploads\/2024\/05\/IMG_20240529_111211-768x1024.jpg 768w, https:\/\/www.stjb-delasalle.fr\/site\/wp-content\/uploads\/2024\/05\/IMG_20240529_111211-225x300.jpg 225w, https:\/\/www.stjb-delasalle.fr\/site\/wp-content\/uploads\/2024\/05\/IMG_20240529_111211-1152x1536.jpg 1152w, https:\/\/www.stjb-delasalle.fr\/site\/wp-content\/uploads\/2024\/05\/IMG_20240529_111211.jpg 1440w\" sizes=\"(max-width: 1024px) 100vw, 1024px\" \/><\/p>\n","protected":false},"excerpt":{"rendered":"<p>L&rsquo;\u00e9toile des sens ! &nbsp; Mercredi 29 Mai, les cuisiniers du D\u00e9fi \u00e9co-marmiton, organis\u00e9 par le Conseil D\u00e9partemental de la Sarthe, ont pr\u00e9sent\u00e9 leur entr\u00e9e, l&rsquo;\u00e9toile des sens,\u00a0 aux membres du jury du concours.\u00a0 Ils avaient une heure pour pr\u00e9parer dans les cuisines du coll\u00e8ge leur recette et \u00e9taient coach\u00e9s par Mme Cordonnier (Professeure de [&hellip;]<\/p>\n","protected":false},"author":3,"featured_media":15845,"comment_status":"open","ping_status":"open","sticky":false,"template":"","format":"standard","meta":{"site-sidebar-layout":"default","site-content-layout":"default","ast-site-content-layout":"default","site-content-style":"default","site-sidebar-style":"default","ast-global-header-display":"","ast-banner-title-visibility":"","ast-main-header-display":"","ast-hfb-above-header-display":"","ast-hfb-below-header-display":"","ast-hfb-mobile-header-display":"","site-post-title":"","ast-breadcrumbs-content":"","ast-featured-img":"","footer-sml-layout":"","ast-disable-related-posts":"","theme-transparent-header-meta":"default","adv-header-id-meta":"","stick-header-meta":"","header-above-stick-meta":"","header-main-stick-meta":"","header-below-stick-meta":"","astra-migrate-meta-layouts":"set","ast-page-background-enabled":"default","ast-page-background-meta":{"desktop":{"background-color":"var(--ast-global-color-4)","background-image":"","background-repeat":"repeat","background-position":"center center","background-size":"auto","background-attachment":"scroll","background-type":"","background-media":"","overlay-type":"","overlay-color":"","overlay-opacity":"","overlay-gradient":""},"tablet":{"background-color":"","background-image":"","background-repeat":"repeat","background-position":"center center","background-size":"auto","background-attachment":"scroll","background-type":"","background-media":"","overlay-type":"","overlay-color":"","overlay-opacity":"","overlay-gradient":""},"mobile":{"background-color":"","background-image":"","background-repeat":"repeat","background-position":"center center","background-size":"auto","background-attachment":"scroll","background-type":"","background-media":"","overlay-type":"","overlay-color":"","overlay-opacity":"","overlay-gradient":""}},"ast-content-background-meta":{"desktop":{"background-color":"var(--ast-global-color-5)","background-image":"","background-repeat":"repeat","background-position":"center center","background-size":"auto","background-attachment":"scroll","background-type":"","background-media":"","overlay-type":"","overlay-color":"","overlay-opacity":"","overlay-gradient":""},"tablet":{"background-color":"var(--ast-global-color-5)","background-image":"","background-repeat":"repeat","background-position":"center center","background-size":"auto","background-attachment":"scroll","background-type":"","background-media":"","overlay-type":"","overlay-color":"","overlay-opacity":"","overlay-gradient":""},"mobile":{"background-color":"var(--ast-global-color-5)","background-image":"","background-repeat":"repeat","background-position":"center center","background-size":"auto","background-attachment":"scroll","background-type":"","background-media":"","overlay-type":"","overlay-color":"","overlay-opacity":"","overlay-gradient":""}},"footnotes":""},"categories":[59,6,77],"tags":[],"class_list":["post-15799","post","type-post","status-publish","format-standard","has-post-thumbnail","hentry","category-activites-4e","category-college","category-defi-marmiton-2024"],"yoast_head":"<!-- This site is optimized with the Yoast SEO plugin v27.5 - https:\/\/yoast.com\/product\/yoast-seo-wordpress\/ -->\n<title>Coll\u00e8ge St Jean-Baptiste de La Salle - Le Rancher Teloch\u00e9<\/title>\n<meta name=\"description\" content=\"Le Coll\u00e8ge St Jean-Baptiste de La Salle accueille les \u00e9l\u00e8ves dans un cadre exceptionnel \u00e0 Teloch\u00e9 depuis 1973, et d\u00e9veloppe au quotidien des projets innovants au service des jeunes.\" \/>\n<meta name=\"robots\" content=\"index, follow, max-snippet:-1, max-image-preview:large, max-video-preview:-1\" \/>\n<link rel=\"canonical\" href=\"https:\/\/www.stjb-delasalle.fr\/site\/2024\/05\/30\/defi-eco-marmiton-letoile-des-sens\/\" \/>\n<meta property=\"og:locale\" content=\"fr_FR\" \/>\n<meta property=\"og:type\" content=\"article\" \/>\n<meta property=\"og:title\" content=\"Coll\u00e8ge St Jean-Baptiste de La Salle - Le Rancher Teloch\u00e9\" \/>\n<meta property=\"og:description\" content=\"Le Coll\u00e8ge St Jean-Baptiste de La Salle accueille les \u00e9l\u00e8ves dans un cadre exceptionnel \u00e0 Teloch\u00e9 depuis 1973, et d\u00e9veloppe au quotidien des projets innovants au service des jeunes.\" \/>\n<meta property=\"og:url\" content=\"https:\/\/www.stjb-delasalle.fr\/site\/2024\/05\/30\/defi-eco-marmiton-letoile-des-sens\/\" \/>\n<meta property=\"og:site_name\" content=\"Coll\u00e8ge Saint Jean Baptiste de La Salle\" \/>\n<meta property=\"article:published_time\" content=\"2024-05-30T13:39:36+00:00\" \/>\n<meta property=\"article:modified_time\" content=\"2024-06-08T14:30:15+00:00\" \/>\n<meta property=\"og:image\" content=\"https:\/\/www.stjb-delasalle.fr\/site\/wp-content\/uploads\/2024\/05\/IMG_2866.jpeg\" \/>\n\t<meta property=\"og:image:width\" content=\"1920\" \/>\n\t<meta property=\"og:image:height\" content=\"1440\" \/>\n\t<meta property=\"og:image:type\" content=\"image\/jpeg\" \/>\n<meta name=\"author\" content=\"s.couret\" \/>\n<meta name=\"twitter:card\" content=\"summary_large_image\" \/>\n<meta name=\"twitter:label1\" content=\"\u00c9crit par\" \/>\n\t<meta name=\"twitter:data1\" content=\"s.couret\" \/>\n\t<meta name=\"twitter:label2\" content=\"Dur\u00e9e de lecture estim\u00e9e\" \/>\n\t<meta name=\"twitter:data2\" content=\"3 minutes\" \/>\n<script type=\"application\/ld+json\" class=\"yoast-schema-graph\">{\"@context\":\"https:\\\/\\\/schema.org\",\"@graph\":[{\"@type\":\"Article\",\"@id\":\"https:\\\/\\\/www.stjb-delasalle.fr\\\/site\\\/2024\\\/05\\\/30\\\/defi-eco-marmiton-letoile-des-sens\\\/#article\",\"isPartOf\":{\"@id\":\"https:\\\/\\\/www.stjb-delasalle.fr\\\/site\\\/2024\\\/05\\\/30\\\/defi-eco-marmiton-letoile-des-sens\\\/\"},\"author\":{\"name\":\"s.couret\",\"@id\":\"https:\\\/\\\/www.stjb-delasalle.fr\\\/site\\\/#\\\/schema\\\/person\\\/29e031eae2fbe58aca689f9074d3616a\"},\"headline\":\"D\u00e9fi Eco-Marmiton &#038; l&rsquo;\u00e9toile des sens\",\"datePublished\":\"2024-05-30T13:39:36+00:00\",\"dateModified\":\"2024-06-08T14:30:15+00:00\",\"mainEntityOfPage\":{\"@id\":\"https:\\\/\\\/www.stjb-delasalle.fr\\\/site\\\/2024\\\/05\\\/30\\\/defi-eco-marmiton-letoile-des-sens\\\/\"},\"wordCount\":178,\"commentCount\":0,\"publisher\":{\"@id\":\"https:\\\/\\\/www.stjb-delasalle.fr\\\/site\\\/#organization\"},\"image\":{\"@id\":\"https:\\\/\\\/www.stjb-delasalle.fr\\\/site\\\/2024\\\/05\\\/30\\\/defi-eco-marmiton-letoile-des-sens\\\/#primaryimage\"},\"thumbnailUrl\":\"https:\\\/\\\/www.stjb-delasalle.fr\\\/site\\\/wp-content\\\/uploads\\\/2024\\\/05\\\/IMG_2866.jpeg\",\"articleSection\":[\"Activit\u00e9s 4e\",\"Coll\u00e8ge\",\"defi marmiton 2024\"],\"inLanguage\":\"fr-FR\",\"potentialAction\":[{\"@type\":\"CommentAction\",\"name\":\"Comment\",\"target\":[\"https:\\\/\\\/www.stjb-delasalle.fr\\\/site\\\/2024\\\/05\\\/30\\\/defi-eco-marmiton-letoile-des-sens\\\/#respond\"]}]},{\"@type\":\"WebPage\",\"@id\":\"https:\\\/\\\/www.stjb-delasalle.fr\\\/site\\\/2024\\\/05\\\/30\\\/defi-eco-marmiton-letoile-des-sens\\\/\",\"url\":\"https:\\\/\\\/www.stjb-delasalle.fr\\\/site\\\/2024\\\/05\\\/30\\\/defi-eco-marmiton-letoile-des-sens\\\/\",\"name\":\"Coll\u00e8ge St Jean-Baptiste de La Salle - Le Rancher Teloch\u00e9\",\"isPartOf\":{\"@id\":\"https:\\\/\\\/www.stjb-delasalle.fr\\\/site\\\/#website\"},\"primaryImageOfPage\":{\"@id\":\"https:\\\/\\\/www.stjb-delasalle.fr\\\/site\\\/2024\\\/05\\\/30\\\/defi-eco-marmiton-letoile-des-sens\\\/#primaryimage\"},\"image\":{\"@id\":\"https:\\\/\\\/www.stjb-delasalle.fr\\\/site\\\/2024\\\/05\\\/30\\\/defi-eco-marmiton-letoile-des-sens\\\/#primaryimage\"},\"thumbnailUrl\":\"https:\\\/\\\/www.stjb-delasalle.fr\\\/site\\\/wp-content\\\/uploads\\\/2024\\\/05\\\/IMG_2866.jpeg\",\"datePublished\":\"2024-05-30T13:39:36+00:00\",\"dateModified\":\"2024-06-08T14:30:15+00:00\",\"description\":\"Le Coll\u00e8ge St Jean-Baptiste de La Salle accueille les \u00e9l\u00e8ves dans un cadre exceptionnel \u00e0 Teloch\u00e9 depuis 1973, et d\u00e9veloppe au quotidien des projets innovants au service des jeunes.\",\"breadcrumb\":{\"@id\":\"https:\\\/\\\/www.stjb-delasalle.fr\\\/site\\\/2024\\\/05\\\/30\\\/defi-eco-marmiton-letoile-des-sens\\\/#breadcrumb\"},\"inLanguage\":\"fr-FR\",\"potentialAction\":[{\"@type\":\"ReadAction\",\"target\":[\"https:\\\/\\\/www.stjb-delasalle.fr\\\/site\\\/2024\\\/05\\\/30\\\/defi-eco-marmiton-letoile-des-sens\\\/\"]}]},{\"@type\":\"ImageObject\",\"inLanguage\":\"fr-FR\",\"@id\":\"https:\\\/\\\/www.stjb-delasalle.fr\\\/site\\\/2024\\\/05\\\/30\\\/defi-eco-marmiton-letoile-des-sens\\\/#primaryimage\",\"url\":\"https:\\\/\\\/www.stjb-delasalle.fr\\\/site\\\/wp-content\\\/uploads\\\/2024\\\/05\\\/IMG_2866.jpeg\",\"contentUrl\":\"https:\\\/\\\/www.stjb-delasalle.fr\\\/site\\\/wp-content\\\/uploads\\\/2024\\\/05\\\/IMG_2866.jpeg\",\"width\":1920,\"height\":1440,\"caption\":\"Groupe de marmitons\"},{\"@type\":\"BreadcrumbList\",\"@id\":\"https:\\\/\\\/www.stjb-delasalle.fr\\\/site\\\/2024\\\/05\\\/30\\\/defi-eco-marmiton-letoile-des-sens\\\/#breadcrumb\",\"itemListElement\":[{\"@type\":\"ListItem\",\"position\":1,\"name\":\"Accueil\",\"item\":\"https:\\\/\\\/www.stjb-delasalle.fr\\\/site\\\/\"},{\"@type\":\"ListItem\",\"position\":2,\"name\":\"D\u00e9fi Eco-Marmiton &#038; l&rsquo;\u00e9toile des sens\"}]},{\"@type\":\"WebSite\",\"@id\":\"https:\\\/\\\/www.stjb-delasalle.fr\\\/site\\\/#website\",\"url\":\"https:\\\/\\\/www.stjb-delasalle.fr\\\/site\\\/\",\"name\":\"Coll\u00e8ge Saint Jean Baptiste de La Salle\",\"description\":\"Notre coll\u00e8ge vous accueille sur le site du Rancher \u00e0 Teloch\u00e9\",\"publisher\":{\"@id\":\"https:\\\/\\\/www.stjb-delasalle.fr\\\/site\\\/#organization\"},\"potentialAction\":[{\"@type\":\"SearchAction\",\"target\":{\"@type\":\"EntryPoint\",\"urlTemplate\":\"https:\\\/\\\/www.stjb-delasalle.fr\\\/site\\\/?s={search_term_string}\"},\"query-input\":{\"@type\":\"PropertyValueSpecification\",\"valueRequired\":true,\"valueName\":\"search_term_string\"}}],\"inLanguage\":\"fr-FR\"},{\"@type\":\"Organization\",\"@id\":\"https:\\\/\\\/www.stjb-delasalle.fr\\\/site\\\/#organization\",\"name\":\"Coll\u00e8ge Saint Jean Baptiste de La Salle\",\"url\":\"https:\\\/\\\/www.stjb-delasalle.fr\\\/site\\\/\",\"logo\":{\"@type\":\"ImageObject\",\"inLanguage\":\"fr-FR\",\"@id\":\"https:\\\/\\\/www.stjb-delasalle.fr\\\/site\\\/#\\\/schema\\\/logo\\\/image\\\/\",\"url\":\"https:\\\/\\\/www.stjb-delasalle.fr\\\/site\\\/wp-content\\\/uploads\\\/2021\\\/11\\\/logostjb_petit_transp.png\",\"contentUrl\":\"https:\\\/\\\/www.stjb-delasalle.fr\\\/site\\\/wp-content\\\/uploads\\\/2021\\\/11\\\/logostjb_petit_transp.png\",\"width\":180,\"height\":127,\"caption\":\"Coll\u00e8ge Saint Jean Baptiste de La Salle\"},\"image\":{\"@id\":\"https:\\\/\\\/www.stjb-delasalle.fr\\\/site\\\/#\\\/schema\\\/logo\\\/image\\\/\"}},{\"@type\":\"Person\",\"@id\":\"https:\\\/\\\/www.stjb-delasalle.fr\\\/site\\\/#\\\/schema\\\/person\\\/29e031eae2fbe58aca689f9074d3616a\",\"name\":\"s.couret\",\"image\":{\"@type\":\"ImageObject\",\"inLanguage\":\"fr-FR\",\"@id\":\"https:\\\/\\\/secure.gravatar.com\\\/avatar\\\/83474c4b01f4d5df531ba9e1ae59f6610ffe9a3c76657f973718ba9fff166522?s=96&d=mm&r=g\",\"url\":\"https:\\\/\\\/secure.gravatar.com\\\/avatar\\\/83474c4b01f4d5df531ba9e1ae59f6610ffe9a3c76657f973718ba9fff166522?s=96&d=mm&r=g\",\"contentUrl\":\"https:\\\/\\\/secure.gravatar.com\\\/avatar\\\/83474c4b01f4d5df531ba9e1ae59f6610ffe9a3c76657f973718ba9fff166522?s=96&d=mm&r=g\",\"caption\":\"s.couret\"},\"url\":\"https:\\\/\\\/www.stjb-delasalle.fr\\\/site\\\/author\\\/s-couret\\\/\"}]}<\/script>\n<!-- \/ Yoast SEO plugin. -->","yoast_head_json":{"title":"Coll\u00e8ge St Jean-Baptiste de La Salle - Le Rancher Teloch\u00e9","description":"Le Coll\u00e8ge St Jean-Baptiste de La Salle accueille les \u00e9l\u00e8ves dans un cadre exceptionnel \u00e0 Teloch\u00e9 depuis 1973, et d\u00e9veloppe au quotidien des projets innovants au service des jeunes.","robots":{"index":"index","follow":"follow","max-snippet":"max-snippet:-1","max-image-preview":"max-image-preview:large","max-video-preview":"max-video-preview:-1"},"canonical":"https:\/\/www.stjb-delasalle.fr\/site\/2024\/05\/30\/defi-eco-marmiton-letoile-des-sens\/","og_locale":"fr_FR","og_type":"article","og_title":"Coll\u00e8ge St Jean-Baptiste de La Salle - Le Rancher Teloch\u00e9","og_description":"Le Coll\u00e8ge St Jean-Baptiste de La Salle accueille les \u00e9l\u00e8ves dans un cadre exceptionnel \u00e0 Teloch\u00e9 depuis 1973, et d\u00e9veloppe au quotidien des projets innovants au service des jeunes.","og_url":"https:\/\/www.stjb-delasalle.fr\/site\/2024\/05\/30\/defi-eco-marmiton-letoile-des-sens\/","og_site_name":"Coll\u00e8ge Saint Jean Baptiste de La Salle","article_published_time":"2024-05-30T13:39:36+00:00","article_modified_time":"2024-06-08T14:30:15+00:00","og_image":[{"width":1920,"height":1440,"url":"https:\/\/www.stjb-delasalle.fr\/site\/wp-content\/uploads\/2024\/05\/IMG_2866.jpeg","type":"image\/jpeg"}],"author":"s.couret","twitter_card":"summary_large_image","twitter_misc":{"\u00c9crit par":"s.couret","Dur\u00e9e de lecture estim\u00e9e":"3 minutes"},"schema":{"@context":"https:\/\/schema.org","@graph":[{"@type":"Article","@id":"https:\/\/www.stjb-delasalle.fr\/site\/2024\/05\/30\/defi-eco-marmiton-letoile-des-sens\/#article","isPartOf":{"@id":"https:\/\/www.stjb-delasalle.fr\/site\/2024\/05\/30\/defi-eco-marmiton-letoile-des-sens\/"},"author":{"name":"s.couret","@id":"https:\/\/www.stjb-delasalle.fr\/site\/#\/schema\/person\/29e031eae2fbe58aca689f9074d3616a"},"headline":"D\u00e9fi Eco-Marmiton &#038; l&rsquo;\u00e9toile des sens","datePublished":"2024-05-30T13:39:36+00:00","dateModified":"2024-06-08T14:30:15+00:00","mainEntityOfPage":{"@id":"https:\/\/www.stjb-delasalle.fr\/site\/2024\/05\/30\/defi-eco-marmiton-letoile-des-sens\/"},"wordCount":178,"commentCount":0,"publisher":{"@id":"https:\/\/www.stjb-delasalle.fr\/site\/#organization"},"image":{"@id":"https:\/\/www.stjb-delasalle.fr\/site\/2024\/05\/30\/defi-eco-marmiton-letoile-des-sens\/#primaryimage"},"thumbnailUrl":"https:\/\/www.stjb-delasalle.fr\/site\/wp-content\/uploads\/2024\/05\/IMG_2866.jpeg","articleSection":["Activit\u00e9s 4e","Coll\u00e8ge","defi marmiton 2024"],"inLanguage":"fr-FR","potentialAction":[{"@type":"CommentAction","name":"Comment","target":["https:\/\/www.stjb-delasalle.fr\/site\/2024\/05\/30\/defi-eco-marmiton-letoile-des-sens\/#respond"]}]},{"@type":"WebPage","@id":"https:\/\/www.stjb-delasalle.fr\/site\/2024\/05\/30\/defi-eco-marmiton-letoile-des-sens\/","url":"https:\/\/www.stjb-delasalle.fr\/site\/2024\/05\/30\/defi-eco-marmiton-letoile-des-sens\/","name":"Coll\u00e8ge St Jean-Baptiste de La Salle - Le Rancher Teloch\u00e9","isPartOf":{"@id":"https:\/\/www.stjb-delasalle.fr\/site\/#website"},"primaryImageOfPage":{"@id":"https:\/\/www.stjb-delasalle.fr\/site\/2024\/05\/30\/defi-eco-marmiton-letoile-des-sens\/#primaryimage"},"image":{"@id":"https:\/\/www.stjb-delasalle.fr\/site\/2024\/05\/30\/defi-eco-marmiton-letoile-des-sens\/#primaryimage"},"thumbnailUrl":"https:\/\/www.stjb-delasalle.fr\/site\/wp-content\/uploads\/2024\/05\/IMG_2866.jpeg","datePublished":"2024-05-30T13:39:36+00:00","dateModified":"2024-06-08T14:30:15+00:00","description":"Le Coll\u00e8ge St Jean-Baptiste de La Salle accueille les \u00e9l\u00e8ves dans un cadre exceptionnel \u00e0 Teloch\u00e9 depuis 1973, et d\u00e9veloppe au quotidien des projets innovants au service des jeunes.","breadcrumb":{"@id":"https:\/\/www.stjb-delasalle.fr\/site\/2024\/05\/30\/defi-eco-marmiton-letoile-des-sens\/#breadcrumb"},"inLanguage":"fr-FR","potentialAction":[{"@type":"ReadAction","target":["https:\/\/www.stjb-delasalle.fr\/site\/2024\/05\/30\/defi-eco-marmiton-letoile-des-sens\/"]}]},{"@type":"ImageObject","inLanguage":"fr-FR","@id":"https:\/\/www.stjb-delasalle.fr\/site\/2024\/05\/30\/defi-eco-marmiton-letoile-des-sens\/#primaryimage","url":"https:\/\/www.stjb-delasalle.fr\/site\/wp-content\/uploads\/2024\/05\/IMG_2866.jpeg","contentUrl":"https:\/\/www.stjb-delasalle.fr\/site\/wp-content\/uploads\/2024\/05\/IMG_2866.jpeg","width":1920,"height":1440,"caption":"Groupe de marmitons"},{"@type":"BreadcrumbList","@id":"https:\/\/www.stjb-delasalle.fr\/site\/2024\/05\/30\/defi-eco-marmiton-letoile-des-sens\/#breadcrumb","itemListElement":[{"@type":"ListItem","position":1,"name":"Accueil","item":"https:\/\/www.stjb-delasalle.fr\/site\/"},{"@type":"ListItem","position":2,"name":"D\u00e9fi Eco-Marmiton &#038; l&rsquo;\u00e9toile des sens"}]},{"@type":"WebSite","@id":"https:\/\/www.stjb-delasalle.fr\/site\/#website","url":"https:\/\/www.stjb-delasalle.fr\/site\/","name":"Coll\u00e8ge Saint Jean Baptiste de La Salle","description":"Notre coll\u00e8ge vous accueille sur le site du Rancher \u00e0 Teloch\u00e9","publisher":{"@id":"https:\/\/www.stjb-delasalle.fr\/site\/#organization"},"potentialAction":[{"@type":"SearchAction","target":{"@type":"EntryPoint","urlTemplate":"https:\/\/www.stjb-delasalle.fr\/site\/?s={search_term_string}"},"query-input":{"@type":"PropertyValueSpecification","valueRequired":true,"valueName":"search_term_string"}}],"inLanguage":"fr-FR"},{"@type":"Organization","@id":"https:\/\/www.stjb-delasalle.fr\/site\/#organization","name":"Coll\u00e8ge Saint Jean Baptiste de La Salle","url":"https:\/\/www.stjb-delasalle.fr\/site\/","logo":{"@type":"ImageObject","inLanguage":"fr-FR","@id":"https:\/\/www.stjb-delasalle.fr\/site\/#\/schema\/logo\/image\/","url":"https:\/\/www.stjb-delasalle.fr\/site\/wp-content\/uploads\/2021\/11\/logostjb_petit_transp.png","contentUrl":"https:\/\/www.stjb-delasalle.fr\/site\/wp-content\/uploads\/2021\/11\/logostjb_petit_transp.png","width":180,"height":127,"caption":"Coll\u00e8ge Saint Jean Baptiste de La Salle"},"image":{"@id":"https:\/\/www.stjb-delasalle.fr\/site\/#\/schema\/logo\/image\/"}},{"@type":"Person","@id":"https:\/\/www.stjb-delasalle.fr\/site\/#\/schema\/person\/29e031eae2fbe58aca689f9074d3616a","name":"s.couret","image":{"@type":"ImageObject","inLanguage":"fr-FR","@id":"https:\/\/secure.gravatar.com\/avatar\/83474c4b01f4d5df531ba9e1ae59f6610ffe9a3c76657f973718ba9fff166522?s=96&d=mm&r=g","url":"https:\/\/secure.gravatar.com\/avatar\/83474c4b01f4d5df531ba9e1ae59f6610ffe9a3c76657f973718ba9fff166522?s=96&d=mm&r=g","contentUrl":"https:\/\/secure.gravatar.com\/avatar\/83474c4b01f4d5df531ba9e1ae59f6610ffe9a3c76657f973718ba9fff166522?s=96&d=mm&r=g","caption":"s.couret"},"url":"https:\/\/www.stjb-delasalle.fr\/site\/author\/s-couret\/"}]}},"_links":{"self":[{"href":"https:\/\/www.stjb-delasalle.fr\/site\/wp-json\/wp\/v2\/posts\/15799","targetHints":{"allow":["GET"]}}],"collection":[{"href":"https:\/\/www.stjb-delasalle.fr\/site\/wp-json\/wp\/v2\/posts"}],"about":[{"href":"https:\/\/www.stjb-delasalle.fr\/site\/wp-json\/wp\/v2\/types\/post"}],"author":[{"embeddable":true,"href":"https:\/\/www.stjb-delasalle.fr\/site\/wp-json\/wp\/v2\/users\/3"}],"replies":[{"embeddable":true,"href":"https:\/\/www.stjb-delasalle.fr\/site\/wp-json\/wp\/v2\/comments?post=15799"}],"version-history":[{"count":5,"href":"https:\/\/www.stjb-delasalle.fr\/site\/wp-json\/wp\/v2\/posts\/15799\/revisions"}],"predecessor-version":[{"id":15876,"href":"https:\/\/www.stjb-delasalle.fr\/site\/wp-json\/wp\/v2\/posts\/15799\/revisions\/15876"}],"wp:featuredmedia":[{"embeddable":true,"href":"https:\/\/www.stjb-delasalle.fr\/site\/wp-json\/wp\/v2\/media\/15845"}],"wp:attachment":[{"href":"https:\/\/www.stjb-delasalle.fr\/site\/wp-json\/wp\/v2\/media?parent=15799"}],"wp:term":[{"taxonomy":"category","embeddable":true,"href":"https:\/\/www.stjb-delasalle.fr\/site\/wp-json\/wp\/v2\/categories?post=15799"},{"taxonomy":"post_tag","embeddable":true,"href":"https:\/\/www.stjb-delasalle.fr\/site\/wp-json\/wp\/v2\/tags?post=15799"}],"curies":[{"name":"wp","href":"https:\/\/api.w.org\/{rel}","templated":true}]}}