{"id":15659,"date":"2024-04-13T13:18:20","date_gmt":"2024-04-13T13:18:20","guid":{"rendered":"https:\/\/www.stjb-delasalle.fr\/site\/?p=15659"},"modified":"2024-04-13T13:18:20","modified_gmt":"2024-04-13T13:18:20","slug":"conference-defi-eco-marmiton","status":"publish","type":"post","link":"https:\/\/www.stjb-delasalle.fr\/site\/2024\/04\/13\/conference-defi-eco-marmiton\/","title":{"rendered":"Conf\u00e9rence \u00ab\u00a0D\u00e9fi Eco-Marmiton\u00a0\u00bb"},"content":{"rendered":"<div>\n<h1><em><strong>Conf\u00e9rence dans le cadre du D\u00e9fi <a href=\"https:\/\/www.stjb-delasalle.fr\/site\/defi-marmiton-2024\/\">Eco Marmiton<\/a><\/strong><\/em><\/h1>\n<p>&nbsp;<\/p>\n<\/div>\n<div>\n<p>Le D\u00e9fi Eco marmiton est une belle aventure pour une vingtaine d&rsquo;\u00e9l\u00e8ves de quatri\u00e8me: ce d\u00e9fi propos\u00e9 par le Conseil d\u00e9partemental afin de mieux faire conna\u00eetre les enjeux d&rsquo;une alimentation durable, locale et solidaire.<\/p>\n<div>Au travers des rencontres et des visites, de la r\u00e9flexion autour d&rsquo;une recette, les \u00e9l\u00e8ves exp\u00e9rimentent et font avancer leur connaissance en mati\u00e8re de d\u00e9veloppement durable.<\/div>\n<div>C&rsquo;est donc autour de la probl\u00e9matique \u00ab\u00a0les 5 sens sans contre sens\u00a0\u00bb que nos marmitons ont lanc\u00e9 une invitation \u00e0 un p\u00e2tissier, ancien basketteur, et \u00e0 un arbitre de haut niveau. Ils se sont interrog\u00e9s sur la relation au sucre, comment rester en pleine forme et savourer+ un d\u00e9licieux dessert ?<\/div>\n<div>Les \u00e9l\u00e8ves, en cette ann\u00e9e olympique, ont \u00e9t\u00e9 int\u00e9ress\u00e9 par le parcours de M Diop et la fa\u00e7on dont il a su rebondir, en soignant sa reconversion et en faisant face \u00e0 la d\u00e9couverte de son diab\u00e8te.<\/div>\n<p>M Bourgeois a pu partager son exp\u00e9rience en tant qu&rsquo;arbitre de haut niveau et a soulign\u00e9 l&rsquo;importance de prendre soin de son alimentation pour r\u00e9pondre aux exigences physiques \u00e0 ce niveau.<\/p>\n<p><img fetchpriority=\"high\" decoding=\"async\" class=\"alignnone size-large wp-image-15664\" src=\"https:\/\/www.stjb-delasalle.fr\/site\/wp-content\/uploads\/2024\/04\/IMG_2490-1024x768.jpeg\" alt=\"Conf\u00e9rence marmiton\" width=\"1024\" height=\"768\" srcset=\"https:\/\/www.stjb-delasalle.fr\/site\/wp-content\/uploads\/2024\/04\/IMG_2490-1024x768.jpeg 1024w, https:\/\/www.stjb-delasalle.fr\/site\/wp-content\/uploads\/2024\/04\/IMG_2490-300x225.jpeg 300w, https:\/\/www.stjb-delasalle.fr\/site\/wp-content\/uploads\/2024\/04\/IMG_2490-768x576.jpeg 768w, https:\/\/www.stjb-delasalle.fr\/site\/wp-content\/uploads\/2024\/04\/IMG_2490-1536x1152.jpeg 1536w, https:\/\/www.stjb-delasalle.fr\/site\/wp-content\/uploads\/2024\/04\/IMG_2490.jpeg 1920w\" sizes=\"(max-width: 1024px) 100vw, 1024px\" \/><\/p>\n<p><img decoding=\"async\" class=\"alignnone size-large wp-image-15665\" src=\"https:\/\/www.stjb-delasalle.fr\/site\/wp-content\/uploads\/2024\/04\/IMG_2492-1024x768.jpeg\" alt=\"Conf\u00e9rence marmiton\" width=\"1024\" height=\"768\" srcset=\"https:\/\/www.stjb-delasalle.fr\/site\/wp-content\/uploads\/2024\/04\/IMG_2492-1024x768.jpeg 1024w, https:\/\/www.stjb-delasalle.fr\/site\/wp-content\/uploads\/2024\/04\/IMG_2492-300x225.jpeg 300w, https:\/\/www.stjb-delasalle.fr\/site\/wp-content\/uploads\/2024\/04\/IMG_2492-768x576.jpeg 768w, https:\/\/www.stjb-delasalle.fr\/site\/wp-content\/uploads\/2024\/04\/IMG_2492-1536x1152.jpeg 1536w, https:\/\/www.stjb-delasalle.fr\/site\/wp-content\/uploads\/2024\/04\/IMG_2492.jpeg 1920w\" sizes=\"(max-width: 1024px) 100vw, 1024px\" \/><\/p>\n<\/div>\n<div><\/div>\n","protected":false},"excerpt":{"rendered":"<p>Conf\u00e9rence dans le cadre du D\u00e9fi Eco Marmiton &nbsp; Le D\u00e9fi Eco marmiton est une belle aventure pour une vingtaine d&rsquo;\u00e9l\u00e8ves de quatri\u00e8me: ce d\u00e9fi propos\u00e9 par le Conseil d\u00e9partemental afin de mieux faire conna\u00eetre les enjeux d&rsquo;une alimentation durable, locale et solidaire. Au travers des rencontres et des visites, de la r\u00e9flexion autour d&rsquo;une [&hellip;]<\/p>\n","protected":false},"author":3,"featured_media":15663,"comment_status":"open","ping_status":"open","sticky":false,"template":"","format":"standard","meta":{"site-sidebar-layout":"default","site-content-layout":"default","ast-site-content-layout":"default","site-content-style":"default","site-sidebar-style":"default","ast-global-header-display":"","ast-banner-title-visibility":"","ast-main-header-display":"","ast-hfb-above-header-display":"","ast-hfb-below-header-display":"","ast-hfb-mobile-header-display":"","site-post-title":"","ast-breadcrumbs-content":"","ast-featured-img":"","footer-sml-layout":"","ast-disable-related-posts":"","theme-transparent-header-meta":"default","adv-header-id-meta":"","stick-header-meta":"","header-above-stick-meta":"","header-main-stick-meta":"","header-below-stick-meta":"","astra-migrate-meta-layouts":"set","ast-page-background-enabled":"default","ast-page-background-meta":{"desktop":{"background-color":"var(--ast-global-color-4)","background-image":"","background-repeat":"repeat","background-position":"center center","background-size":"auto","background-attachment":"scroll","background-type":"","background-media":"","overlay-type":"","overlay-color":"","overlay-opacity":"","overlay-gradient":""},"tablet":{"background-color":"","background-image":"","background-repeat":"repeat","background-position":"center center","background-size":"auto","background-attachment":"scroll","background-type":"","background-media":"","overlay-type":"","overlay-color":"","overlay-opacity":"","overlay-gradient":""},"mobile":{"background-color":"","background-image":"","background-repeat":"repeat","background-position":"center center","background-size":"auto","background-attachment":"scroll","background-type":"","background-media":"","overlay-type":"","overlay-color":"","overlay-opacity":"","overlay-gradient":""}},"ast-content-background-meta":{"desktop":{"background-color":"var(--ast-global-color-5)","background-image":"","background-repeat":"repeat","background-position":"center center","background-size":"auto","background-attachment":"scroll","background-type":"","background-media":"","overlay-type":"","overlay-color":"","overlay-opacity":"","overlay-gradient":""},"tablet":{"background-color":"var(--ast-global-color-5)","background-image":"","background-repeat":"repeat","background-position":"center center","background-size":"auto","background-attachment":"scroll","background-type":"","background-media":"","overlay-type":"","overlay-color":"","overlay-opacity":"","overlay-gradient":""},"mobile":{"background-color":"var(--ast-global-color-5)","background-image":"","background-repeat":"repeat","background-position":"center center","background-size":"auto","background-attachment":"scroll","background-type":"","background-media":"","overlay-type":"","overlay-color":"","overlay-opacity":"","overlay-gradient":""}},"footnotes":""},"categories":[59,6,77],"tags":[],"class_list":["post-15659","post","type-post","status-publish","format-standard","has-post-thumbnail","hentry","category-activites-4e","category-college","category-defi-marmiton-2024"],"yoast_head":"<!-- This site is optimized with the Yoast SEO plugin v27.5 - https:\/\/yoast.com\/product\/yoast-seo-wordpress\/ -->\n<title>Coll\u00e8ge St Jean-Baptiste de La Salle - Le Rancher Teloch\u00e9<\/title>\n<meta name=\"description\" content=\"Le Coll\u00e8ge St Jean-Baptiste de La Salle accueille les \u00e9l\u00e8ves dans un cadre exceptionnel \u00e0 Teloch\u00e9 depuis 1973, et d\u00e9veloppe au quotidien des projets innovants au service des jeunes.\" \/>\n<meta name=\"robots\" content=\"index, follow, max-snippet:-1, max-image-preview:large, max-video-preview:-1\" \/>\n<link rel=\"canonical\" href=\"https:\/\/www.stjb-delasalle.fr\/site\/2024\/04\/13\/conference-defi-eco-marmiton\/\" \/>\n<meta property=\"og:locale\" content=\"fr_FR\" \/>\n<meta property=\"og:type\" content=\"article\" \/>\n<meta property=\"og:title\" content=\"Coll\u00e8ge St Jean-Baptiste de La Salle - Le Rancher Teloch\u00e9\" \/>\n<meta property=\"og:description\" content=\"Le Coll\u00e8ge St Jean-Baptiste de La Salle accueille les \u00e9l\u00e8ves dans un cadre exceptionnel \u00e0 Teloch\u00e9 depuis 1973, et d\u00e9veloppe au quotidien des projets innovants au service des jeunes.\" \/>\n<meta property=\"og:url\" content=\"https:\/\/www.stjb-delasalle.fr\/site\/2024\/04\/13\/conference-defi-eco-marmiton\/\" \/>\n<meta property=\"og:site_name\" content=\"Coll\u00e8ge Saint Jean Baptiste de La Salle\" \/>\n<meta property=\"article:published_time\" content=\"2024-04-13T13:18:20+00:00\" \/>\n<meta property=\"og:image\" content=\"https:\/\/www.stjb-delasalle.fr\/site\/wp-content\/uploads\/2024\/04\/IMG_2491.jpeg\" \/>\n\t<meta property=\"og:image:width\" content=\"1920\" \/>\n\t<meta property=\"og:image:height\" content=\"1440\" \/>\n\t<meta property=\"og:image:type\" content=\"image\/jpeg\" \/>\n<meta name=\"author\" content=\"s.couret\" \/>\n<meta name=\"twitter:card\" content=\"summary_large_image\" \/>\n<meta name=\"twitter:label1\" content=\"\u00c9crit par\" \/>\n\t<meta name=\"twitter:data1\" content=\"s.couret\" \/>\n\t<meta name=\"twitter:label2\" content=\"Dur\u00e9e de lecture estim\u00e9e\" \/>\n\t<meta name=\"twitter:data2\" content=\"2 minutes\" \/>\n<script type=\"application\/ld+json\" class=\"yoast-schema-graph\">{\"@context\":\"https:\\\/\\\/schema.org\",\"@graph\":[{\"@type\":\"Article\",\"@id\":\"https:\\\/\\\/www.stjb-delasalle.fr\\\/site\\\/2024\\\/04\\\/13\\\/conference-defi-eco-marmiton\\\/#article\",\"isPartOf\":{\"@id\":\"https:\\\/\\\/www.stjb-delasalle.fr\\\/site\\\/2024\\\/04\\\/13\\\/conference-defi-eco-marmiton\\\/\"},\"author\":{\"name\":\"s.couret\",\"@id\":\"https:\\\/\\\/www.stjb-delasalle.fr\\\/site\\\/#\\\/schema\\\/person\\\/29e031eae2fbe58aca689f9074d3616a\"},\"headline\":\"Conf\u00e9rence \u00ab\u00a0D\u00e9fi Eco-Marmiton\u00a0\u00bb\",\"datePublished\":\"2024-04-13T13:18:20+00:00\",\"mainEntityOfPage\":{\"@id\":\"https:\\\/\\\/www.stjb-delasalle.fr\\\/site\\\/2024\\\/04\\\/13\\\/conference-defi-eco-marmiton\\\/\"},\"wordCount\":213,\"commentCount\":0,\"publisher\":{\"@id\":\"https:\\\/\\\/www.stjb-delasalle.fr\\\/site\\\/#organization\"},\"image\":{\"@id\":\"https:\\\/\\\/www.stjb-delasalle.fr\\\/site\\\/2024\\\/04\\\/13\\\/conference-defi-eco-marmiton\\\/#primaryimage\"},\"thumbnailUrl\":\"https:\\\/\\\/www.stjb-delasalle.fr\\\/site\\\/wp-content\\\/uploads\\\/2024\\\/04\\\/IMG_2491.jpeg\",\"articleSection\":[\"Activit\u00e9s 4e\",\"Coll\u00e8ge\",\"defi marmiton 2024\"],\"inLanguage\":\"fr-FR\",\"potentialAction\":[{\"@type\":\"CommentAction\",\"name\":\"Comment\",\"target\":[\"https:\\\/\\\/www.stjb-delasalle.fr\\\/site\\\/2024\\\/04\\\/13\\\/conference-defi-eco-marmiton\\\/#respond\"]}]},{\"@type\":\"WebPage\",\"@id\":\"https:\\\/\\\/www.stjb-delasalle.fr\\\/site\\\/2024\\\/04\\\/13\\\/conference-defi-eco-marmiton\\\/\",\"url\":\"https:\\\/\\\/www.stjb-delasalle.fr\\\/site\\\/2024\\\/04\\\/13\\\/conference-defi-eco-marmiton\\\/\",\"name\":\"Coll\u00e8ge St Jean-Baptiste de La Salle - Le Rancher Teloch\u00e9\",\"isPartOf\":{\"@id\":\"https:\\\/\\\/www.stjb-delasalle.fr\\\/site\\\/#website\"},\"primaryImageOfPage\":{\"@id\":\"https:\\\/\\\/www.stjb-delasalle.fr\\\/site\\\/2024\\\/04\\\/13\\\/conference-defi-eco-marmiton\\\/#primaryimage\"},\"image\":{\"@id\":\"https:\\\/\\\/www.stjb-delasalle.fr\\\/site\\\/2024\\\/04\\\/13\\\/conference-defi-eco-marmiton\\\/#primaryimage\"},\"thumbnailUrl\":\"https:\\\/\\\/www.stjb-delasalle.fr\\\/site\\\/wp-content\\\/uploads\\\/2024\\\/04\\\/IMG_2491.jpeg\",\"datePublished\":\"2024-04-13T13:18:20+00:00\",\"description\":\"Le Coll\u00e8ge St Jean-Baptiste de La Salle accueille les \u00e9l\u00e8ves dans un cadre exceptionnel \u00e0 Teloch\u00e9 depuis 1973, et d\u00e9veloppe au quotidien des projets innovants au service des jeunes.\",\"breadcrumb\":{\"@id\":\"https:\\\/\\\/www.stjb-delasalle.fr\\\/site\\\/2024\\\/04\\\/13\\\/conference-defi-eco-marmiton\\\/#breadcrumb\"},\"inLanguage\":\"fr-FR\",\"potentialAction\":[{\"@type\":\"ReadAction\",\"target\":[\"https:\\\/\\\/www.stjb-delasalle.fr\\\/site\\\/2024\\\/04\\\/13\\\/conference-defi-eco-marmiton\\\/\"]}]},{\"@type\":\"ImageObject\",\"inLanguage\":\"fr-FR\",\"@id\":\"https:\\\/\\\/www.stjb-delasalle.fr\\\/site\\\/2024\\\/04\\\/13\\\/conference-defi-eco-marmiton\\\/#primaryimage\",\"url\":\"https:\\\/\\\/www.stjb-delasalle.fr\\\/site\\\/wp-content\\\/uploads\\\/2024\\\/04\\\/IMG_2491.jpeg\",\"contentUrl\":\"https:\\\/\\\/www.stjb-delasalle.fr\\\/site\\\/wp-content\\\/uploads\\\/2024\\\/04\\\/IMG_2491.jpeg\",\"width\":1920,\"height\":1440,\"caption\":\"Conf\u00e9rence marmiton\"},{\"@type\":\"BreadcrumbList\",\"@id\":\"https:\\\/\\\/www.stjb-delasalle.fr\\\/site\\\/2024\\\/04\\\/13\\\/conference-defi-eco-marmiton\\\/#breadcrumb\",\"itemListElement\":[{\"@type\":\"ListItem\",\"position\":1,\"name\":\"Accueil\",\"item\":\"https:\\\/\\\/www.stjb-delasalle.fr\\\/site\\\/\"},{\"@type\":\"ListItem\",\"position\":2,\"name\":\"Conf\u00e9rence \u00ab\u00a0D\u00e9fi Eco-Marmiton\u00a0\u00bb\"}]},{\"@type\":\"WebSite\",\"@id\":\"https:\\\/\\\/www.stjb-delasalle.fr\\\/site\\\/#website\",\"url\":\"https:\\\/\\\/www.stjb-delasalle.fr\\\/site\\\/\",\"name\":\"Coll\u00e8ge Saint Jean Baptiste de La Salle\",\"description\":\"Notre coll\u00e8ge vous accueille sur le site du Rancher \u00e0 Teloch\u00e9\",\"publisher\":{\"@id\":\"https:\\\/\\\/www.stjb-delasalle.fr\\\/site\\\/#organization\"},\"potentialAction\":[{\"@type\":\"SearchAction\",\"target\":{\"@type\":\"EntryPoint\",\"urlTemplate\":\"https:\\\/\\\/www.stjb-delasalle.fr\\\/site\\\/?s={search_term_string}\"},\"query-input\":{\"@type\":\"PropertyValueSpecification\",\"valueRequired\":true,\"valueName\":\"search_term_string\"}}],\"inLanguage\":\"fr-FR\"},{\"@type\":\"Organization\",\"@id\":\"https:\\\/\\\/www.stjb-delasalle.fr\\\/site\\\/#organization\",\"name\":\"Coll\u00e8ge Saint Jean Baptiste de La Salle\",\"url\":\"https:\\\/\\\/www.stjb-delasalle.fr\\\/site\\\/\",\"logo\":{\"@type\":\"ImageObject\",\"inLanguage\":\"fr-FR\",\"@id\":\"https:\\\/\\\/www.stjb-delasalle.fr\\\/site\\\/#\\\/schema\\\/logo\\\/image\\\/\",\"url\":\"https:\\\/\\\/www.stjb-delasalle.fr\\\/site\\\/wp-content\\\/uploads\\\/2021\\\/11\\\/logostjb_petit_transp.png\",\"contentUrl\":\"https:\\\/\\\/www.stjb-delasalle.fr\\\/site\\\/wp-content\\\/uploads\\\/2021\\\/11\\\/logostjb_petit_transp.png\",\"width\":180,\"height\":127,\"caption\":\"Coll\u00e8ge Saint Jean Baptiste de La Salle\"},\"image\":{\"@id\":\"https:\\\/\\\/www.stjb-delasalle.fr\\\/site\\\/#\\\/schema\\\/logo\\\/image\\\/\"}},{\"@type\":\"Person\",\"@id\":\"https:\\\/\\\/www.stjb-delasalle.fr\\\/site\\\/#\\\/schema\\\/person\\\/29e031eae2fbe58aca689f9074d3616a\",\"name\":\"s.couret\",\"image\":{\"@type\":\"ImageObject\",\"inLanguage\":\"fr-FR\",\"@id\":\"https:\\\/\\\/secure.gravatar.com\\\/avatar\\\/83474c4b01f4d5df531ba9e1ae59f6610ffe9a3c76657f973718ba9fff166522?s=96&d=mm&r=g\",\"url\":\"https:\\\/\\\/secure.gravatar.com\\\/avatar\\\/83474c4b01f4d5df531ba9e1ae59f6610ffe9a3c76657f973718ba9fff166522?s=96&d=mm&r=g\",\"contentUrl\":\"https:\\\/\\\/secure.gravatar.com\\\/avatar\\\/83474c4b01f4d5df531ba9e1ae59f6610ffe9a3c76657f973718ba9fff166522?s=96&d=mm&r=g\",\"caption\":\"s.couret\"},\"url\":\"https:\\\/\\\/www.stjb-delasalle.fr\\\/site\\\/author\\\/s-couret\\\/\"}]}<\/script>\n<!-- \/ Yoast SEO plugin. -->","yoast_head_json":{"title":"Coll\u00e8ge St Jean-Baptiste de La Salle - Le Rancher Teloch\u00e9","description":"Le Coll\u00e8ge St Jean-Baptiste de La Salle accueille les \u00e9l\u00e8ves dans un cadre exceptionnel \u00e0 Teloch\u00e9 depuis 1973, et d\u00e9veloppe au quotidien des projets innovants au service des jeunes.","robots":{"index":"index","follow":"follow","max-snippet":"max-snippet:-1","max-image-preview":"max-image-preview:large","max-video-preview":"max-video-preview:-1"},"canonical":"https:\/\/www.stjb-delasalle.fr\/site\/2024\/04\/13\/conference-defi-eco-marmiton\/","og_locale":"fr_FR","og_type":"article","og_title":"Coll\u00e8ge St Jean-Baptiste de La Salle - Le Rancher Teloch\u00e9","og_description":"Le Coll\u00e8ge St Jean-Baptiste de La Salle accueille les \u00e9l\u00e8ves dans un cadre exceptionnel \u00e0 Teloch\u00e9 depuis 1973, et d\u00e9veloppe au quotidien des projets innovants au service des jeunes.","og_url":"https:\/\/www.stjb-delasalle.fr\/site\/2024\/04\/13\/conference-defi-eco-marmiton\/","og_site_name":"Coll\u00e8ge Saint Jean Baptiste de La Salle","article_published_time":"2024-04-13T13:18:20+00:00","og_image":[{"width":1920,"height":1440,"url":"https:\/\/www.stjb-delasalle.fr\/site\/wp-content\/uploads\/2024\/04\/IMG_2491.jpeg","type":"image\/jpeg"}],"author":"s.couret","twitter_card":"summary_large_image","twitter_misc":{"\u00c9crit par":"s.couret","Dur\u00e9e de lecture estim\u00e9e":"2 minutes"},"schema":{"@context":"https:\/\/schema.org","@graph":[{"@type":"Article","@id":"https:\/\/www.stjb-delasalle.fr\/site\/2024\/04\/13\/conference-defi-eco-marmiton\/#article","isPartOf":{"@id":"https:\/\/www.stjb-delasalle.fr\/site\/2024\/04\/13\/conference-defi-eco-marmiton\/"},"author":{"name":"s.couret","@id":"https:\/\/www.stjb-delasalle.fr\/site\/#\/schema\/person\/29e031eae2fbe58aca689f9074d3616a"},"headline":"Conf\u00e9rence \u00ab\u00a0D\u00e9fi Eco-Marmiton\u00a0\u00bb","datePublished":"2024-04-13T13:18:20+00:00","mainEntityOfPage":{"@id":"https:\/\/www.stjb-delasalle.fr\/site\/2024\/04\/13\/conference-defi-eco-marmiton\/"},"wordCount":213,"commentCount":0,"publisher":{"@id":"https:\/\/www.stjb-delasalle.fr\/site\/#organization"},"image":{"@id":"https:\/\/www.stjb-delasalle.fr\/site\/2024\/04\/13\/conference-defi-eco-marmiton\/#primaryimage"},"thumbnailUrl":"https:\/\/www.stjb-delasalle.fr\/site\/wp-content\/uploads\/2024\/04\/IMG_2491.jpeg","articleSection":["Activit\u00e9s 4e","Coll\u00e8ge","defi marmiton 2024"],"inLanguage":"fr-FR","potentialAction":[{"@type":"CommentAction","name":"Comment","target":["https:\/\/www.stjb-delasalle.fr\/site\/2024\/04\/13\/conference-defi-eco-marmiton\/#respond"]}]},{"@type":"WebPage","@id":"https:\/\/www.stjb-delasalle.fr\/site\/2024\/04\/13\/conference-defi-eco-marmiton\/","url":"https:\/\/www.stjb-delasalle.fr\/site\/2024\/04\/13\/conference-defi-eco-marmiton\/","name":"Coll\u00e8ge St Jean-Baptiste de La Salle - Le Rancher Teloch\u00e9","isPartOf":{"@id":"https:\/\/www.stjb-delasalle.fr\/site\/#website"},"primaryImageOfPage":{"@id":"https:\/\/www.stjb-delasalle.fr\/site\/2024\/04\/13\/conference-defi-eco-marmiton\/#primaryimage"},"image":{"@id":"https:\/\/www.stjb-delasalle.fr\/site\/2024\/04\/13\/conference-defi-eco-marmiton\/#primaryimage"},"thumbnailUrl":"https:\/\/www.stjb-delasalle.fr\/site\/wp-content\/uploads\/2024\/04\/IMG_2491.jpeg","datePublished":"2024-04-13T13:18:20+00:00","description":"Le Coll\u00e8ge St Jean-Baptiste de La Salle accueille les \u00e9l\u00e8ves dans un cadre exceptionnel \u00e0 Teloch\u00e9 depuis 1973, et d\u00e9veloppe au quotidien des projets innovants au service des jeunes.","breadcrumb":{"@id":"https:\/\/www.stjb-delasalle.fr\/site\/2024\/04\/13\/conference-defi-eco-marmiton\/#breadcrumb"},"inLanguage":"fr-FR","potentialAction":[{"@type":"ReadAction","target":["https:\/\/www.stjb-delasalle.fr\/site\/2024\/04\/13\/conference-defi-eco-marmiton\/"]}]},{"@type":"ImageObject","inLanguage":"fr-FR","@id":"https:\/\/www.stjb-delasalle.fr\/site\/2024\/04\/13\/conference-defi-eco-marmiton\/#primaryimage","url":"https:\/\/www.stjb-delasalle.fr\/site\/wp-content\/uploads\/2024\/04\/IMG_2491.jpeg","contentUrl":"https:\/\/www.stjb-delasalle.fr\/site\/wp-content\/uploads\/2024\/04\/IMG_2491.jpeg","width":1920,"height":1440,"caption":"Conf\u00e9rence marmiton"},{"@type":"BreadcrumbList","@id":"https:\/\/www.stjb-delasalle.fr\/site\/2024\/04\/13\/conference-defi-eco-marmiton\/#breadcrumb","itemListElement":[{"@type":"ListItem","position":1,"name":"Accueil","item":"https:\/\/www.stjb-delasalle.fr\/site\/"},{"@type":"ListItem","position":2,"name":"Conf\u00e9rence \u00ab\u00a0D\u00e9fi Eco-Marmiton\u00a0\u00bb"}]},{"@type":"WebSite","@id":"https:\/\/www.stjb-delasalle.fr\/site\/#website","url":"https:\/\/www.stjb-delasalle.fr\/site\/","name":"Coll\u00e8ge Saint Jean Baptiste de La Salle","description":"Notre coll\u00e8ge vous accueille sur le site du Rancher \u00e0 Teloch\u00e9","publisher":{"@id":"https:\/\/www.stjb-delasalle.fr\/site\/#organization"},"potentialAction":[{"@type":"SearchAction","target":{"@type":"EntryPoint","urlTemplate":"https:\/\/www.stjb-delasalle.fr\/site\/?s={search_term_string}"},"query-input":{"@type":"PropertyValueSpecification","valueRequired":true,"valueName":"search_term_string"}}],"inLanguage":"fr-FR"},{"@type":"Organization","@id":"https:\/\/www.stjb-delasalle.fr\/site\/#organization","name":"Coll\u00e8ge Saint Jean Baptiste de La Salle","url":"https:\/\/www.stjb-delasalle.fr\/site\/","logo":{"@type":"ImageObject","inLanguage":"fr-FR","@id":"https:\/\/www.stjb-delasalle.fr\/site\/#\/schema\/logo\/image\/","url":"https:\/\/www.stjb-delasalle.fr\/site\/wp-content\/uploads\/2021\/11\/logostjb_petit_transp.png","contentUrl":"https:\/\/www.stjb-delasalle.fr\/site\/wp-content\/uploads\/2021\/11\/logostjb_petit_transp.png","width":180,"height":127,"caption":"Coll\u00e8ge Saint Jean Baptiste de La Salle"},"image":{"@id":"https:\/\/www.stjb-delasalle.fr\/site\/#\/schema\/logo\/image\/"}},{"@type":"Person","@id":"https:\/\/www.stjb-delasalle.fr\/site\/#\/schema\/person\/29e031eae2fbe58aca689f9074d3616a","name":"s.couret","image":{"@type":"ImageObject","inLanguage":"fr-FR","@id":"https:\/\/secure.gravatar.com\/avatar\/83474c4b01f4d5df531ba9e1ae59f6610ffe9a3c76657f973718ba9fff166522?s=96&d=mm&r=g","url":"https:\/\/secure.gravatar.com\/avatar\/83474c4b01f4d5df531ba9e1ae59f6610ffe9a3c76657f973718ba9fff166522?s=96&d=mm&r=g","contentUrl":"https:\/\/secure.gravatar.com\/avatar\/83474c4b01f4d5df531ba9e1ae59f6610ffe9a3c76657f973718ba9fff166522?s=96&d=mm&r=g","caption":"s.couret"},"url":"https:\/\/www.stjb-delasalle.fr\/site\/author\/s-couret\/"}]}},"_links":{"self":[{"href":"https:\/\/www.stjb-delasalle.fr\/site\/wp-json\/wp\/v2\/posts\/15659","targetHints":{"allow":["GET"]}}],"collection":[{"href":"https:\/\/www.stjb-delasalle.fr\/site\/wp-json\/wp\/v2\/posts"}],"about":[{"href":"https:\/\/www.stjb-delasalle.fr\/site\/wp-json\/wp\/v2\/types\/post"}],"author":[{"embeddable":true,"href":"https:\/\/www.stjb-delasalle.fr\/site\/wp-json\/wp\/v2\/users\/3"}],"replies":[{"embeddable":true,"href":"https:\/\/www.stjb-delasalle.fr\/site\/wp-json\/wp\/v2\/comments?post=15659"}],"version-history":[{"count":2,"href":"https:\/\/www.stjb-delasalle.fr\/site\/wp-json\/wp\/v2\/posts\/15659\/revisions"}],"predecessor-version":[{"id":15666,"href":"https:\/\/www.stjb-delasalle.fr\/site\/wp-json\/wp\/v2\/posts\/15659\/revisions\/15666"}],"wp:featuredmedia":[{"embeddable":true,"href":"https:\/\/www.stjb-delasalle.fr\/site\/wp-json\/wp\/v2\/media\/15663"}],"wp:attachment":[{"href":"https:\/\/www.stjb-delasalle.fr\/site\/wp-json\/wp\/v2\/media?parent=15659"}],"wp:term":[{"taxonomy":"category","embeddable":true,"href":"https:\/\/www.stjb-delasalle.fr\/site\/wp-json\/wp\/v2\/categories?post=15659"},{"taxonomy":"post_tag","embeddable":true,"href":"https:\/\/www.stjb-delasalle.fr\/site\/wp-json\/wp\/v2\/tags?post=15659"}],"curies":[{"name":"wp","href":"https:\/\/api.w.org\/{rel}","templated":true}]}}