{"id":15594,"date":"2024-04-07T10:01:18","date_gmt":"2024-04-07T10:01:18","guid":{"rendered":"https:\/\/www.stjb-delasalle.fr\/site\/?p=15594"},"modified":"2024-04-07T10:03:09","modified_gmt":"2024-04-07T10:03:09","slug":"photographie-au-college-articles-deleves","status":"publish","type":"post","link":"https:\/\/www.stjb-delasalle.fr\/site\/2024\/04\/07\/photographie-au-college-articles-deleves\/","title":{"rendered":"Photographie au coll\u00e8ge par les \u00e9l\u00e8ves"},"content":{"rendered":"<h1><\/h1>\n<h1 style=\"text-align: center;\">5 jours au c\u0153ur du projet<\/h1>\n<h2><\/h2>\n<p>&nbsp;<\/p>\n<p style=\"text-align: left;\"><strong><em>Dispositif d\u00e9partemental \u00ab\u00a0<a href=\"https:\/\/epau.sarthe.fr\/photographie-au-college\" target=\"_blank\" rel=\"noopener\">R\u00e9sidence de photographe au coll\u00e8ge\u00a0\u00bb<\/a><\/em><\/strong><\/p>\n<p>JOUR 1<\/p>\n<p>Vendredi 15 d\u00e9cembre, nous avons eu la chance d\u2019accueillir au sein de l\u2019option art, la photographe Nathalie Brossard et Carole Lepinay qui fait partie du Conseil d\u00e9partemental. <a href=\"https:\/\/www.stjb-delasalle.fr\/site\/2023\/12\/18\/residence-photographie-au-college-teloche\/\" target=\"_blank\" rel=\"noopener\">Ce premier vendredi pour d\u00e9couvrir la photographie nous avons fait un quizz pour mieux appr\u00e9hender l\u2019activit\u00e9 sur ce sujet. Nous avons ensuite essay\u00e9 les appareils photo.<\/a><\/p>\n<p>JOUR 2<\/p>\n<p>Vendredi 19 janvier, nous sommes all\u00e9s dans la for\u00eat du coll\u00e8ge pour prendre plusieurs photos. Au d\u00e9but nous avons explor\u00e9 la v\u00e9g\u00e9tation ,nous avons march\u00e9 seuls au contact de la for\u00eat puis par groupe nous avons exp\u00e9riment\u00e9 les appareils, puis fait des Polaro\u00efds !<\/p>\n<p>JOUR 3<br \/>\nVendredi 26 janvier nous avons fini tous nos Polaro\u00efds et pris quelques photos librement (casier, for\u00eat,paysage, etc\u2026) pour ensuite retourner en classe en imprimer quelques unes.<\/p>\n<p>JOUR 4<br \/>\nVendredi 2 f\u00e9vrier les intervenantes nous ont montr\u00e9 des exemples d\u2019assemblage de photos faites les semaines pr\u00e9c\u00e9dentes, pour nous expliquer ce que l\u2019on devait faire.<\/p>\n<p>JOUR 5<br \/>\nVendredi 9 f\u00e9vrier les \u00e9l\u00e8ves du parcours renforc\u00e9 arts ont accueilli l\u2019artiste Lucas Grandin , la photographe Nathalie Brossard et Carole Lepinay qui coordonne les projets photographiques au d\u00e9partement. Nous avons parl\u00e9 ensemble de la future structure en bois qui sera pr\u00e9sent\u00e9e \u00e0 l\u2019Abbaye de l\u2019 \u00c9pau pour accrocher nos photos en fin d&rsquo;ann\u00e9e.<\/p>\n<p>Les \u00e9l\u00e8ves ont continu\u00e9 d\u2019avancer leur projet photographie qui prend la forme d\u2019un\u00a0 \u00ab\u00a0cache-cache d\u2019images\u00a0\u00bb c\u2019est-\u00e0-dire \u00e0 base de d\u00e9coupage\/collage de photos sur papier et transparent.<\/p>\n<p>Les trois intervenants ext\u00e9rieurs \u00e9taient l\u00e0 pour nous \u00e9couter, nous donner des conseils sur la mani\u00e8re de faire ressortir les couleurs de nos photos et puis ils \u00e9taient l\u00e0 pour donner leurs avis sur nos projets.<\/p>\n<p>R\u00e9dactrices : Ana\u00eblle C et Oc\u00e9ane D, \u00e9l\u00e8ves de 4\u00b0 du Parcours renforc\u00e9 arts plastiques<\/p>\n<p><img fetchpriority=\"high\" decoding=\"async\" class=\"alignnone wp-image-15610\" src=\"https:\/\/www.stjb-delasalle.fr\/site\/wp-content\/uploads\/2024\/04\/projet-photo12.jpg\" alt=\"projet photo option art\" width=\"728\" height=\"960\" srcset=\"https:\/\/www.stjb-delasalle.fr\/site\/wp-content\/uploads\/2024\/04\/projet-photo12.jpg 564w, https:\/\/www.stjb-delasalle.fr\/site\/wp-content\/uploads\/2024\/04\/projet-photo12-227x300.jpg 227w\" sizes=\"(max-width: 728px) 100vw, 728px\" \/> <img decoding=\"async\" class=\"alignnone wp-image-15605\" src=\"https:\/\/www.stjb-delasalle.fr\/site\/wp-content\/uploads\/2024\/04\/projet-photo9-1024x736.jpg\" alt=\"projet photo option art\" width=\"728\" height=\"523\" srcset=\"https:\/\/www.stjb-delasalle.fr\/site\/wp-content\/uploads\/2024\/04\/projet-photo9-1024x736.jpg 1024w, https:\/\/www.stjb-delasalle.fr\/site\/wp-content\/uploads\/2024\/04\/projet-photo9-300x216.jpg 300w, https:\/\/www.stjb-delasalle.fr\/site\/wp-content\/uploads\/2024\/04\/projet-photo9-768x552.jpg 768w, https:\/\/www.stjb-delasalle.fr\/site\/wp-content\/uploads\/2024\/04\/projet-photo9.jpg 1101w\" sizes=\"(max-width: 728px) 100vw, 728px\" \/> <img decoding=\"async\" class=\"alignnone wp-image-15604\" src=\"https:\/\/www.stjb-delasalle.fr\/site\/wp-content\/uploads\/2024\/04\/projet-photo10.jpg\" alt=\"projet photo option art\" width=\"728\" height=\"549\" srcset=\"https:\/\/www.stjb-delasalle.fr\/site\/wp-content\/uploads\/2024\/04\/projet-photo10.jpg 855w, https:\/\/www.stjb-delasalle.fr\/site\/wp-content\/uploads\/2024\/04\/projet-photo10-300x226.jpg 300w, https:\/\/www.stjb-delasalle.fr\/site\/wp-content\/uploads\/2024\/04\/projet-photo10-768x579.jpg 768w\" sizes=\"(max-width: 728px) 100vw, 728px\" \/> <img loading=\"lazy\" decoding=\"async\" class=\"alignnone size-full wp-image-15596\" src=\"https:\/\/www.stjb-delasalle.fr\/site\/wp-content\/uploads\/2024\/04\/projet-photo2.jpg\" alt=\"projet photo option art\" width=\"728\" height=\"543\" srcset=\"https:\/\/www.stjb-delasalle.fr\/site\/wp-content\/uploads\/2024\/04\/projet-photo2.jpg 728w, https:\/\/www.stjb-delasalle.fr\/site\/wp-content\/uploads\/2024\/04\/projet-photo2-300x224.jpg 300w\" sizes=\"(max-width: 728px) 100vw, 728px\" \/> <img loading=\"lazy\" decoding=\"async\" class=\"alignnone wp-image-15606\" src=\"https:\/\/www.stjb-delasalle.fr\/site\/wp-content\/uploads\/2024\/04\/projet-photo4.jpg\" alt=\"projet photo option art\" width=\"728\" height=\"293\" srcset=\"https:\/\/www.stjb-delasalle.fr\/site\/wp-content\/uploads\/2024\/04\/projet-photo4.jpg 792w, https:\/\/www.stjb-delasalle.fr\/site\/wp-content\/uploads\/2024\/04\/projet-photo4-300x121.jpg 300w, https:\/\/www.stjb-delasalle.fr\/site\/wp-content\/uploads\/2024\/04\/projet-photo4-768x309.jpg 768w\" sizes=\"(max-width: 728px) 100vw, 728px\" \/> <img loading=\"lazy\" decoding=\"async\" class=\"alignnone wp-image-15607\" src=\"https:\/\/www.stjb-delasalle.fr\/site\/wp-content\/uploads\/2024\/04\/projet-photo.jpg\" alt=\"projet photo option art\" width=\"728\" height=\"356\" srcset=\"https:\/\/www.stjb-delasalle.fr\/site\/wp-content\/uploads\/2024\/04\/projet-photo.jpg 912w, https:\/\/www.stjb-delasalle.fr\/site\/wp-content\/uploads\/2024\/04\/projet-photo-300x147.jpg 300w, https:\/\/www.stjb-delasalle.fr\/site\/wp-content\/uploads\/2024\/04\/projet-photo-768x376.jpg 768w\" sizes=\"(max-width: 728px) 100vw, 728px\" \/> <img loading=\"lazy\" decoding=\"async\" class=\"alignnone size-full wp-image-15609\" src=\"https:\/\/www.stjb-delasalle.fr\/site\/wp-content\/uploads\/2024\/04\/projet-photo3.jpg\" alt=\"projet photo option art\" width=\"728\" height=\"519\" srcset=\"https:\/\/www.stjb-delasalle.fr\/site\/wp-content\/uploads\/2024\/04\/projet-photo3.jpg 728w, https:\/\/www.stjb-delasalle.fr\/site\/wp-content\/uploads\/2024\/04\/projet-photo3-300x214.jpg 300w\" sizes=\"(max-width: 728px) 100vw, 728px\" \/><\/p>\n","protected":false},"excerpt":{"rendered":"<p>5 jours au c\u0153ur du projet &nbsp; Dispositif d\u00e9partemental \u00ab\u00a0R\u00e9sidence de photographe au coll\u00e8ge\u00a0\u00bb JOUR 1 Vendredi 15 d\u00e9cembre, nous avons eu la chance d\u2019accueillir au sein de l\u2019option art, la photographe Nathalie Brossard et Carole Lepinay qui fait partie du Conseil d\u00e9partemental. Ce premier vendredi pour d\u00e9couvrir la photographie nous avons fait un quizz [&hellip;]<\/p>\n","protected":false},"author":3,"featured_media":15598,"comment_status":"open","ping_status":"open","sticky":false,"template":"","format":"standard","meta":{"site-sidebar-layout":"default","site-content-layout":"default","ast-site-content-layout":"default","site-content-style":"default","site-sidebar-style":"default","ast-global-header-display":"","ast-banner-title-visibility":"","ast-main-header-display":"","ast-hfb-above-header-display":"","ast-hfb-below-header-display":"","ast-hfb-mobile-header-display":"","site-post-title":"","ast-breadcrumbs-content":"","ast-featured-img":"","footer-sml-layout":"","ast-disable-related-posts":"","theme-transparent-header-meta":"default","adv-header-id-meta":"","stick-header-meta":"","header-above-stick-meta":"","header-main-stick-meta":"","header-below-stick-meta":"","astra-migrate-meta-layouts":"set","ast-page-background-enabled":"default","ast-page-background-meta":{"desktop":{"background-color":"var(--ast-global-color-4)","background-image":"","background-repeat":"repeat","background-position":"center center","background-size":"auto","background-attachment":"scroll","background-type":"","background-media":"","overlay-type":"","overlay-color":"","overlay-opacity":"","overlay-gradient":""},"tablet":{"background-color":"","background-image":"","background-repeat":"repeat","background-position":"center center","background-size":"auto","background-attachment":"scroll","background-type":"","background-media":"","overlay-type":"","overlay-color":"","overlay-opacity":"","overlay-gradient":""},"mobile":{"background-color":"","background-image":"","background-repeat":"repeat","background-position":"center center","background-size":"auto","background-attachment":"scroll","background-type":"","background-media":"","overlay-type":"","overlay-color":"","overlay-opacity":"","overlay-gradient":""}},"ast-content-background-meta":{"desktop":{"background-color":"var(--ast-global-color-5)","background-image":"","background-repeat":"repeat","background-position":"center center","background-size":"auto","background-attachment":"scroll","background-type":"","background-media":"","overlay-type":"","overlay-color":"","overlay-opacity":"","overlay-gradient":""},"tablet":{"background-color":"var(--ast-global-color-5)","background-image":"","background-repeat":"repeat","background-position":"center center","background-size":"auto","background-attachment":"scroll","background-type":"","background-media":"","overlay-type":"","overlay-color":"","overlay-opacity":"","overlay-gradient":""},"mobile":{"background-color":"var(--ast-global-color-5)","background-image":"","background-repeat":"repeat","background-position":"center center","background-size":"auto","background-attachment":"scroll","background-type":"","background-media":"","overlay-type":"","overlay-color":"","overlay-opacity":"","overlay-gradient":""}},"footnotes":""},"categories":[6,74],"tags":[],"class_list":["post-15594","post","type-post","status-publish","format-standard","has-post-thumbnail","hentry","category-college","category-option-arts-2023-2024"],"yoast_head":"<!-- This site is optimized with the Yoast SEO plugin v27.5 - https:\/\/yoast.com\/product\/yoast-seo-wordpress\/ -->\n<title>Coll\u00e8ge priv\u00e9 St Jean-Baptiste de La Salle - Le Rancher Teloch\u00e9<\/title>\n<meta name=\"description\" content=\"Le Coll\u00e8ge priv\u00e9 St Jean-Baptiste de La Salle accueille les \u00e9l\u00e8ves dans un cadre exceptionnel \u00e0 Teloch\u00e9 en Sarthe depuis 1973, et d\u00e9veloppe au quotidien des projets innovants.\" \/>\n<meta name=\"robots\" content=\"index, follow, max-snippet:-1, max-image-preview:large, max-video-preview:-1\" \/>\n<link rel=\"canonical\" href=\"https:\/\/www.stjb-delasalle.fr\/site\/2024\/04\/07\/photographie-au-college-articles-deleves\/\" \/>\n<meta property=\"og:locale\" content=\"fr_FR\" \/>\n<meta property=\"og:type\" content=\"article\" \/>\n<meta property=\"og:title\" content=\"Coll\u00e8ge priv\u00e9 St Jean-Baptiste de La Salle - Le Rancher Teloch\u00e9\" \/>\n<meta property=\"og:description\" content=\"Le Coll\u00e8ge priv\u00e9 St Jean-Baptiste de La Salle accueille les \u00e9l\u00e8ves dans un cadre exceptionnel \u00e0 Teloch\u00e9 en Sarthe depuis 1973, et d\u00e9veloppe au quotidien des projets innovants.\" \/>\n<meta property=\"og:url\" content=\"https:\/\/www.stjb-delasalle.fr\/site\/2024\/04\/07\/photographie-au-college-articles-deleves\/\" \/>\n<meta property=\"og:site_name\" content=\"Coll\u00e8ge Saint Jean Baptiste de La Salle\" \/>\n<meta property=\"article:published_time\" content=\"2024-04-07T10:01:18+00:00\" \/>\n<meta property=\"article:modified_time\" content=\"2024-04-07T10:03:09+00:00\" \/>\n<meta property=\"og:image\" content=\"https:\/\/www.stjb-delasalle.fr\/site\/wp-content\/uploads\/2024\/04\/projet-photo-0.jpg\" \/>\n\t<meta property=\"og:image:width\" content=\"1026\" \/>\n\t<meta property=\"og:image:height\" content=\"770\" \/>\n\t<meta property=\"og:image:type\" content=\"image\/jpeg\" \/>\n<meta name=\"author\" content=\"s.couret\" \/>\n<meta name=\"twitter:card\" content=\"summary_large_image\" \/>\n<meta name=\"twitter:label1\" content=\"\u00c9crit par\" \/>\n\t<meta name=\"twitter:data1\" content=\"s.couret\" \/>\n\t<meta name=\"twitter:label2\" content=\"Dur\u00e9e de lecture estim\u00e9e\" \/>\n\t<meta name=\"twitter:data2\" content=\"4 minutes\" \/>\n<script type=\"application\/ld+json\" class=\"yoast-schema-graph\">{\"@context\":\"https:\\\/\\\/schema.org\",\"@graph\":[{\"@type\":\"Article\",\"@id\":\"https:\\\/\\\/www.stjb-delasalle.fr\\\/site\\\/2024\\\/04\\\/07\\\/photographie-au-college-articles-deleves\\\/#article\",\"isPartOf\":{\"@id\":\"https:\\\/\\\/www.stjb-delasalle.fr\\\/site\\\/2024\\\/04\\\/07\\\/photographie-au-college-articles-deleves\\\/\"},\"author\":{\"name\":\"s.couret\",\"@id\":\"https:\\\/\\\/www.stjb-delasalle.fr\\\/site\\\/#\\\/schema\\\/person\\\/29e031eae2fbe58aca689f9074d3616a\"},\"headline\":\"Photographie au coll\u00e8ge par les \u00e9l\u00e8ves\",\"datePublished\":\"2024-04-07T10:01:18+00:00\",\"dateModified\":\"2024-04-07T10:03:09+00:00\",\"mainEntityOfPage\":{\"@id\":\"https:\\\/\\\/www.stjb-delasalle.fr\\\/site\\\/2024\\\/04\\\/07\\\/photographie-au-college-articles-deleves\\\/\"},\"wordCount\":344,\"commentCount\":0,\"publisher\":{\"@id\":\"https:\\\/\\\/www.stjb-delasalle.fr\\\/site\\\/#organization\"},\"image\":{\"@id\":\"https:\\\/\\\/www.stjb-delasalle.fr\\\/site\\\/2024\\\/04\\\/07\\\/photographie-au-college-articles-deleves\\\/#primaryimage\"},\"thumbnailUrl\":\"https:\\\/\\\/www.stjb-delasalle.fr\\\/site\\\/wp-content\\\/uploads\\\/2024\\\/04\\\/projet-photo-0.jpg\",\"articleSection\":[\"Coll\u00e8ge\",\"Option arts 2023-2024\"],\"inLanguage\":\"fr-FR\",\"potentialAction\":[{\"@type\":\"CommentAction\",\"name\":\"Comment\",\"target\":[\"https:\\\/\\\/www.stjb-delasalle.fr\\\/site\\\/2024\\\/04\\\/07\\\/photographie-au-college-articles-deleves\\\/#respond\"]}]},{\"@type\":\"WebPage\",\"@id\":\"https:\\\/\\\/www.stjb-delasalle.fr\\\/site\\\/2024\\\/04\\\/07\\\/photographie-au-college-articles-deleves\\\/\",\"url\":\"https:\\\/\\\/www.stjb-delasalle.fr\\\/site\\\/2024\\\/04\\\/07\\\/photographie-au-college-articles-deleves\\\/\",\"name\":\"Coll\u00e8ge priv\u00e9 St Jean-Baptiste de La Salle - Le Rancher Teloch\u00e9\",\"isPartOf\":{\"@id\":\"https:\\\/\\\/www.stjb-delasalle.fr\\\/site\\\/#website\"},\"primaryImageOfPage\":{\"@id\":\"https:\\\/\\\/www.stjb-delasalle.fr\\\/site\\\/2024\\\/04\\\/07\\\/photographie-au-college-articles-deleves\\\/#primaryimage\"},\"image\":{\"@id\":\"https:\\\/\\\/www.stjb-delasalle.fr\\\/site\\\/2024\\\/04\\\/07\\\/photographie-au-college-articles-deleves\\\/#primaryimage\"},\"thumbnailUrl\":\"https:\\\/\\\/www.stjb-delasalle.fr\\\/site\\\/wp-content\\\/uploads\\\/2024\\\/04\\\/projet-photo-0.jpg\",\"datePublished\":\"2024-04-07T10:01:18+00:00\",\"dateModified\":\"2024-04-07T10:03:09+00:00\",\"description\":\"Le Coll\u00e8ge priv\u00e9 St Jean-Baptiste de La Salle accueille les \u00e9l\u00e8ves dans un cadre exceptionnel \u00e0 Teloch\u00e9 en Sarthe depuis 1973, et d\u00e9veloppe au quotidien des projets innovants.\",\"breadcrumb\":{\"@id\":\"https:\\\/\\\/www.stjb-delasalle.fr\\\/site\\\/2024\\\/04\\\/07\\\/photographie-au-college-articles-deleves\\\/#breadcrumb\"},\"inLanguage\":\"fr-FR\",\"potentialAction\":[{\"@type\":\"ReadAction\",\"target\":[\"https:\\\/\\\/www.stjb-delasalle.fr\\\/site\\\/2024\\\/04\\\/07\\\/photographie-au-college-articles-deleves\\\/\"]}]},{\"@type\":\"ImageObject\",\"inLanguage\":\"fr-FR\",\"@id\":\"https:\\\/\\\/www.stjb-delasalle.fr\\\/site\\\/2024\\\/04\\\/07\\\/photographie-au-college-articles-deleves\\\/#primaryimage\",\"url\":\"https:\\\/\\\/www.stjb-delasalle.fr\\\/site\\\/wp-content\\\/uploads\\\/2024\\\/04\\\/projet-photo-0.jpg\",\"contentUrl\":\"https:\\\/\\\/www.stjb-delasalle.fr\\\/site\\\/wp-content\\\/uploads\\\/2024\\\/04\\\/projet-photo-0.jpg\",\"width\":1026,\"height\":770,\"caption\":\"projet photo option art\"},{\"@type\":\"BreadcrumbList\",\"@id\":\"https:\\\/\\\/www.stjb-delasalle.fr\\\/site\\\/2024\\\/04\\\/07\\\/photographie-au-college-articles-deleves\\\/#breadcrumb\",\"itemListElement\":[{\"@type\":\"ListItem\",\"position\":1,\"name\":\"Accueil\",\"item\":\"https:\\\/\\\/www.stjb-delasalle.fr\\\/site\\\/\"},{\"@type\":\"ListItem\",\"position\":2,\"name\":\"Photographie au coll\u00e8ge par les \u00e9l\u00e8ves\"}]},{\"@type\":\"WebSite\",\"@id\":\"https:\\\/\\\/www.stjb-delasalle.fr\\\/site\\\/#website\",\"url\":\"https:\\\/\\\/www.stjb-delasalle.fr\\\/site\\\/\",\"name\":\"Coll\u00e8ge Saint Jean Baptiste de La Salle\",\"description\":\"Notre coll\u00e8ge vous accueille sur le site du Rancher \u00e0 Teloch\u00e9\",\"publisher\":{\"@id\":\"https:\\\/\\\/www.stjb-delasalle.fr\\\/site\\\/#organization\"},\"potentialAction\":[{\"@type\":\"SearchAction\",\"target\":{\"@type\":\"EntryPoint\",\"urlTemplate\":\"https:\\\/\\\/www.stjb-delasalle.fr\\\/site\\\/?s={search_term_string}\"},\"query-input\":{\"@type\":\"PropertyValueSpecification\",\"valueRequired\":true,\"valueName\":\"search_term_string\"}}],\"inLanguage\":\"fr-FR\"},{\"@type\":\"Organization\",\"@id\":\"https:\\\/\\\/www.stjb-delasalle.fr\\\/site\\\/#organization\",\"name\":\"Coll\u00e8ge Saint Jean Baptiste de La Salle\",\"url\":\"https:\\\/\\\/www.stjb-delasalle.fr\\\/site\\\/\",\"logo\":{\"@type\":\"ImageObject\",\"inLanguage\":\"fr-FR\",\"@id\":\"https:\\\/\\\/www.stjb-delasalle.fr\\\/site\\\/#\\\/schema\\\/logo\\\/image\\\/\",\"url\":\"https:\\\/\\\/www.stjb-delasalle.fr\\\/site\\\/wp-content\\\/uploads\\\/2021\\\/11\\\/logostjb_petit_transp.png\",\"contentUrl\":\"https:\\\/\\\/www.stjb-delasalle.fr\\\/site\\\/wp-content\\\/uploads\\\/2021\\\/11\\\/logostjb_petit_transp.png\",\"width\":180,\"height\":127,\"caption\":\"Coll\u00e8ge Saint Jean Baptiste de La Salle\"},\"image\":{\"@id\":\"https:\\\/\\\/www.stjb-delasalle.fr\\\/site\\\/#\\\/schema\\\/logo\\\/image\\\/\"}},{\"@type\":\"Person\",\"@id\":\"https:\\\/\\\/www.stjb-delasalle.fr\\\/site\\\/#\\\/schema\\\/person\\\/29e031eae2fbe58aca689f9074d3616a\",\"name\":\"s.couret\",\"image\":{\"@type\":\"ImageObject\",\"inLanguage\":\"fr-FR\",\"@id\":\"https:\\\/\\\/secure.gravatar.com\\\/avatar\\\/83474c4b01f4d5df531ba9e1ae59f6610ffe9a3c76657f973718ba9fff166522?s=96&d=mm&r=g\",\"url\":\"https:\\\/\\\/secure.gravatar.com\\\/avatar\\\/83474c4b01f4d5df531ba9e1ae59f6610ffe9a3c76657f973718ba9fff166522?s=96&d=mm&r=g\",\"contentUrl\":\"https:\\\/\\\/secure.gravatar.com\\\/avatar\\\/83474c4b01f4d5df531ba9e1ae59f6610ffe9a3c76657f973718ba9fff166522?s=96&d=mm&r=g\",\"caption\":\"s.couret\"},\"url\":\"https:\\\/\\\/www.stjb-delasalle.fr\\\/site\\\/author\\\/s-couret\\\/\"}]}<\/script>\n<!-- \/ Yoast SEO plugin. -->","yoast_head_json":{"title":"Coll\u00e8ge priv\u00e9 St Jean-Baptiste de La Salle - Le Rancher Teloch\u00e9","description":"Le Coll\u00e8ge priv\u00e9 St Jean-Baptiste de La Salle accueille les \u00e9l\u00e8ves dans un cadre exceptionnel \u00e0 Teloch\u00e9 en Sarthe depuis 1973, et d\u00e9veloppe au quotidien des projets innovants.","robots":{"index":"index","follow":"follow","max-snippet":"max-snippet:-1","max-image-preview":"max-image-preview:large","max-video-preview":"max-video-preview:-1"},"canonical":"https:\/\/www.stjb-delasalle.fr\/site\/2024\/04\/07\/photographie-au-college-articles-deleves\/","og_locale":"fr_FR","og_type":"article","og_title":"Coll\u00e8ge priv\u00e9 St Jean-Baptiste de La Salle - Le Rancher Teloch\u00e9","og_description":"Le Coll\u00e8ge priv\u00e9 St Jean-Baptiste de La Salle accueille les \u00e9l\u00e8ves dans un cadre exceptionnel \u00e0 Teloch\u00e9 en Sarthe depuis 1973, et d\u00e9veloppe au quotidien des projets innovants.","og_url":"https:\/\/www.stjb-delasalle.fr\/site\/2024\/04\/07\/photographie-au-college-articles-deleves\/","og_site_name":"Coll\u00e8ge Saint Jean Baptiste de La Salle","article_published_time":"2024-04-07T10:01:18+00:00","article_modified_time":"2024-04-07T10:03:09+00:00","og_image":[{"width":1026,"height":770,"url":"https:\/\/www.stjb-delasalle.fr\/site\/wp-content\/uploads\/2024\/04\/projet-photo-0.jpg","type":"image\/jpeg"}],"author":"s.couret","twitter_card":"summary_large_image","twitter_misc":{"\u00c9crit par":"s.couret","Dur\u00e9e de lecture estim\u00e9e":"4 minutes"},"schema":{"@context":"https:\/\/schema.org","@graph":[{"@type":"Article","@id":"https:\/\/www.stjb-delasalle.fr\/site\/2024\/04\/07\/photographie-au-college-articles-deleves\/#article","isPartOf":{"@id":"https:\/\/www.stjb-delasalle.fr\/site\/2024\/04\/07\/photographie-au-college-articles-deleves\/"},"author":{"name":"s.couret","@id":"https:\/\/www.stjb-delasalle.fr\/site\/#\/schema\/person\/29e031eae2fbe58aca689f9074d3616a"},"headline":"Photographie au coll\u00e8ge par les \u00e9l\u00e8ves","datePublished":"2024-04-07T10:01:18+00:00","dateModified":"2024-04-07T10:03:09+00:00","mainEntityOfPage":{"@id":"https:\/\/www.stjb-delasalle.fr\/site\/2024\/04\/07\/photographie-au-college-articles-deleves\/"},"wordCount":344,"commentCount":0,"publisher":{"@id":"https:\/\/www.stjb-delasalle.fr\/site\/#organization"},"image":{"@id":"https:\/\/www.stjb-delasalle.fr\/site\/2024\/04\/07\/photographie-au-college-articles-deleves\/#primaryimage"},"thumbnailUrl":"https:\/\/www.stjb-delasalle.fr\/site\/wp-content\/uploads\/2024\/04\/projet-photo-0.jpg","articleSection":["Coll\u00e8ge","Option arts 2023-2024"],"inLanguage":"fr-FR","potentialAction":[{"@type":"CommentAction","name":"Comment","target":["https:\/\/www.stjb-delasalle.fr\/site\/2024\/04\/07\/photographie-au-college-articles-deleves\/#respond"]}]},{"@type":"WebPage","@id":"https:\/\/www.stjb-delasalle.fr\/site\/2024\/04\/07\/photographie-au-college-articles-deleves\/","url":"https:\/\/www.stjb-delasalle.fr\/site\/2024\/04\/07\/photographie-au-college-articles-deleves\/","name":"Coll\u00e8ge priv\u00e9 St Jean-Baptiste de La Salle - Le Rancher Teloch\u00e9","isPartOf":{"@id":"https:\/\/www.stjb-delasalle.fr\/site\/#website"},"primaryImageOfPage":{"@id":"https:\/\/www.stjb-delasalle.fr\/site\/2024\/04\/07\/photographie-au-college-articles-deleves\/#primaryimage"},"image":{"@id":"https:\/\/www.stjb-delasalle.fr\/site\/2024\/04\/07\/photographie-au-college-articles-deleves\/#primaryimage"},"thumbnailUrl":"https:\/\/www.stjb-delasalle.fr\/site\/wp-content\/uploads\/2024\/04\/projet-photo-0.jpg","datePublished":"2024-04-07T10:01:18+00:00","dateModified":"2024-04-07T10:03:09+00:00","description":"Le Coll\u00e8ge priv\u00e9 St Jean-Baptiste de La Salle accueille les \u00e9l\u00e8ves dans un cadre exceptionnel \u00e0 Teloch\u00e9 en Sarthe depuis 1973, et d\u00e9veloppe au quotidien des projets innovants.","breadcrumb":{"@id":"https:\/\/www.stjb-delasalle.fr\/site\/2024\/04\/07\/photographie-au-college-articles-deleves\/#breadcrumb"},"inLanguage":"fr-FR","potentialAction":[{"@type":"ReadAction","target":["https:\/\/www.stjb-delasalle.fr\/site\/2024\/04\/07\/photographie-au-college-articles-deleves\/"]}]},{"@type":"ImageObject","inLanguage":"fr-FR","@id":"https:\/\/www.stjb-delasalle.fr\/site\/2024\/04\/07\/photographie-au-college-articles-deleves\/#primaryimage","url":"https:\/\/www.stjb-delasalle.fr\/site\/wp-content\/uploads\/2024\/04\/projet-photo-0.jpg","contentUrl":"https:\/\/www.stjb-delasalle.fr\/site\/wp-content\/uploads\/2024\/04\/projet-photo-0.jpg","width":1026,"height":770,"caption":"projet photo option art"},{"@type":"BreadcrumbList","@id":"https:\/\/www.stjb-delasalle.fr\/site\/2024\/04\/07\/photographie-au-college-articles-deleves\/#breadcrumb","itemListElement":[{"@type":"ListItem","position":1,"name":"Accueil","item":"https:\/\/www.stjb-delasalle.fr\/site\/"},{"@type":"ListItem","position":2,"name":"Photographie au coll\u00e8ge par les \u00e9l\u00e8ves"}]},{"@type":"WebSite","@id":"https:\/\/www.stjb-delasalle.fr\/site\/#website","url":"https:\/\/www.stjb-delasalle.fr\/site\/","name":"Coll\u00e8ge Saint Jean Baptiste de La Salle","description":"Notre coll\u00e8ge vous accueille sur le site du Rancher \u00e0 Teloch\u00e9","publisher":{"@id":"https:\/\/www.stjb-delasalle.fr\/site\/#organization"},"potentialAction":[{"@type":"SearchAction","target":{"@type":"EntryPoint","urlTemplate":"https:\/\/www.stjb-delasalle.fr\/site\/?s={search_term_string}"},"query-input":{"@type":"PropertyValueSpecification","valueRequired":true,"valueName":"search_term_string"}}],"inLanguage":"fr-FR"},{"@type":"Organization","@id":"https:\/\/www.stjb-delasalle.fr\/site\/#organization","name":"Coll\u00e8ge Saint Jean Baptiste de La Salle","url":"https:\/\/www.stjb-delasalle.fr\/site\/","logo":{"@type":"ImageObject","inLanguage":"fr-FR","@id":"https:\/\/www.stjb-delasalle.fr\/site\/#\/schema\/logo\/image\/","url":"https:\/\/www.stjb-delasalle.fr\/site\/wp-content\/uploads\/2021\/11\/logostjb_petit_transp.png","contentUrl":"https:\/\/www.stjb-delasalle.fr\/site\/wp-content\/uploads\/2021\/11\/logostjb_petit_transp.png","width":180,"height":127,"caption":"Coll\u00e8ge Saint Jean Baptiste de La Salle"},"image":{"@id":"https:\/\/www.stjb-delasalle.fr\/site\/#\/schema\/logo\/image\/"}},{"@type":"Person","@id":"https:\/\/www.stjb-delasalle.fr\/site\/#\/schema\/person\/29e031eae2fbe58aca689f9074d3616a","name":"s.couret","image":{"@type":"ImageObject","inLanguage":"fr-FR","@id":"https:\/\/secure.gravatar.com\/avatar\/83474c4b01f4d5df531ba9e1ae59f6610ffe9a3c76657f973718ba9fff166522?s=96&d=mm&r=g","url":"https:\/\/secure.gravatar.com\/avatar\/83474c4b01f4d5df531ba9e1ae59f6610ffe9a3c76657f973718ba9fff166522?s=96&d=mm&r=g","contentUrl":"https:\/\/secure.gravatar.com\/avatar\/83474c4b01f4d5df531ba9e1ae59f6610ffe9a3c76657f973718ba9fff166522?s=96&d=mm&r=g","caption":"s.couret"},"url":"https:\/\/www.stjb-delasalle.fr\/site\/author\/s-couret\/"}]}},"_links":{"self":[{"href":"https:\/\/www.stjb-delasalle.fr\/site\/wp-json\/wp\/v2\/posts\/15594","targetHints":{"allow":["GET"]}}],"collection":[{"href":"https:\/\/www.stjb-delasalle.fr\/site\/wp-json\/wp\/v2\/posts"}],"about":[{"href":"https:\/\/www.stjb-delasalle.fr\/site\/wp-json\/wp\/v2\/types\/post"}],"author":[{"embeddable":true,"href":"https:\/\/www.stjb-delasalle.fr\/site\/wp-json\/wp\/v2\/users\/3"}],"replies":[{"embeddable":true,"href":"https:\/\/www.stjb-delasalle.fr\/site\/wp-json\/wp\/v2\/comments?post=15594"}],"version-history":[{"count":5,"href":"https:\/\/www.stjb-delasalle.fr\/site\/wp-json\/wp\/v2\/posts\/15594\/revisions"}],"predecessor-version":[{"id":15616,"href":"https:\/\/www.stjb-delasalle.fr\/site\/wp-json\/wp\/v2\/posts\/15594\/revisions\/15616"}],"wp:featuredmedia":[{"embeddable":true,"href":"https:\/\/www.stjb-delasalle.fr\/site\/wp-json\/wp\/v2\/media\/15598"}],"wp:attachment":[{"href":"https:\/\/www.stjb-delasalle.fr\/site\/wp-json\/wp\/v2\/media?parent=15594"}],"wp:term":[{"taxonomy":"category","embeddable":true,"href":"https:\/\/www.stjb-delasalle.fr\/site\/wp-json\/wp\/v2\/categories?post=15594"},{"taxonomy":"post_tag","embeddable":true,"href":"https:\/\/www.stjb-delasalle.fr\/site\/wp-json\/wp\/v2\/tags?post=15594"}],"curies":[{"name":"wp","href":"https:\/\/api.w.org\/{rel}","templated":true}]}}