{"id":15360,"date":"2024-03-24T18:12:56","date_gmt":"2024-03-24T18:12:56","guid":{"rendered":"https:\/\/www.stjb-delasalle.fr\/site\/?p=15360"},"modified":"2024-03-24T18:12:56","modified_gmt":"2024-03-24T18:12:56","slug":"championnat-regional-de-badminton","status":"publish","type":"post","link":"https:\/\/www.stjb-delasalle.fr\/site\/2024\/03\/24\/championnat-regional-de-badminton\/","title":{"rendered":"Championnat r\u00e9gional de badminton"},"content":{"rendered":"<div class=\"BodyFragment\">\n<div class=\"PlainText\">\n<h1 dir=\"ltr\">Championnat r\u00e9gional de badminton<\/h1>\n<p>&nbsp;<\/p>\n<div dir=\"auto\">\n<div dir=\"auto\">Ce mercredi 20 mars se d\u00e9roulait le championnat r\u00e9gional de badminton \u00e0 Angers. Notre armada de benjamins gar\u00e7ons ainsi que Lola en benjamine fille ont vaillamment d\u00e9fendu les couleurs du coll\u00e8ge. Le niveau \u00e9tait tr\u00e8s \u00e9lev\u00e9 par rapport au d\u00e9partemental et nos repr\u00e9sentants ont fait leur maximum sur le terrain. Pas de qualifi\u00e9s pour le niveau suivant mais une envie de faire encore mieux l&rsquo;ann\u00e9e prochaine !<\/div>\n<div dir=\"auto\">Nous les f\u00e9licitons pour leur parcours et leur \u00e9tat d&rsquo;esprit.<\/div>\n<div dir=\"auto\">L&rsquo;\u00e9quipe EPS<\/div>\n<\/div>\n<div dir=\"ltr\"><\/div>\n<div dir=\"ltr\">\u00a0 <img fetchpriority=\"high\" decoding=\"async\" class=\"alignnone size-large wp-image-15429\" src=\"https:\/\/www.stjb-delasalle.fr\/site\/wp-content\/uploads\/2024\/03\/regional-badminton-stjb-la-salle-2-768x1024.jpg\" alt=\"r\u00e9gional bad coll\u00e8ge teloch\u00e9\" width=\"768\" height=\"1024\" srcset=\"https:\/\/www.stjb-delasalle.fr\/site\/wp-content\/uploads\/2024\/03\/regional-badminton-stjb-la-salle-2-768x1024.jpg 768w, https:\/\/www.stjb-delasalle.fr\/site\/wp-content\/uploads\/2024\/03\/regional-badminton-stjb-la-salle-2-225x300.jpg 225w, https:\/\/www.stjb-delasalle.fr\/site\/wp-content\/uploads\/2024\/03\/regional-badminton-stjb-la-salle-2-1152x1536.jpg 1152w, https:\/\/www.stjb-delasalle.fr\/site\/wp-content\/uploads\/2024\/03\/regional-badminton-stjb-la-salle-2.jpg 1440w\" sizes=\"(max-width: 768px) 100vw, 768px\" \/> <img decoding=\"async\" class=\"alignnone size-large wp-image-15430\" src=\"https:\/\/www.stjb-delasalle.fr\/site\/wp-content\/uploads\/2024\/03\/regional-badminton-stjb-la-salle-3-768x1024.jpg\" alt=\"r\u00e9gional bad coll\u00e8ge teloch\u00e9\" width=\"768\" height=\"1024\" srcset=\"https:\/\/www.stjb-delasalle.fr\/site\/wp-content\/uploads\/2024\/03\/regional-badminton-stjb-la-salle-3-768x1024.jpg 768w, https:\/\/www.stjb-delasalle.fr\/site\/wp-content\/uploads\/2024\/03\/regional-badminton-stjb-la-salle-3-225x300.jpg 225w, https:\/\/www.stjb-delasalle.fr\/site\/wp-content\/uploads\/2024\/03\/regional-badminton-stjb-la-salle-3-1152x1536.jpg 1152w, https:\/\/www.stjb-delasalle.fr\/site\/wp-content\/uploads\/2024\/03\/regional-badminton-stjb-la-salle-3.jpg 1440w\" sizes=\"(max-width: 768px) 100vw, 768px\" \/> <img decoding=\"async\" class=\"alignnone size-large wp-image-15431\" src=\"https:\/\/www.stjb-delasalle.fr\/site\/wp-content\/uploads\/2024\/03\/regional-badminton-stjb-la-salle-4-768x1024.jpg\" alt=\"r\u00e9gional bad coll\u00e8ge teloch\u00e9\" width=\"768\" height=\"1024\" srcset=\"https:\/\/www.stjb-delasalle.fr\/site\/wp-content\/uploads\/2024\/03\/regional-badminton-stjb-la-salle-4-768x1024.jpg 768w, https:\/\/www.stjb-delasalle.fr\/site\/wp-content\/uploads\/2024\/03\/regional-badminton-stjb-la-salle-4-225x300.jpg 225w, https:\/\/www.stjb-delasalle.fr\/site\/wp-content\/uploads\/2024\/03\/regional-badminton-stjb-la-salle-4-1152x1536.jpg 1152w, https:\/\/www.stjb-delasalle.fr\/site\/wp-content\/uploads\/2024\/03\/regional-badminton-stjb-la-salle-4.jpg 1440w\" sizes=\"(max-width: 768px) 100vw, 768px\" \/> <img loading=\"lazy\" decoding=\"async\" class=\"alignnone size-large wp-image-15432\" src=\"https:\/\/www.stjb-delasalle.fr\/site\/wp-content\/uploads\/2024\/03\/regional-badminton-stjb-la-salle-6-768x1024.jpg\" alt=\"r\u00e9gional bad coll\u00e8ge teloch\u00e9\" width=\"768\" height=\"1024\" srcset=\"https:\/\/www.stjb-delasalle.fr\/site\/wp-content\/uploads\/2024\/03\/regional-badminton-stjb-la-salle-6-768x1024.jpg 768w, https:\/\/www.stjb-delasalle.fr\/site\/wp-content\/uploads\/2024\/03\/regional-badminton-stjb-la-salle-6-225x300.jpg 225w, https:\/\/www.stjb-delasalle.fr\/site\/wp-content\/uploads\/2024\/03\/regional-badminton-stjb-la-salle-6-1152x1536.jpg 1152w, https:\/\/www.stjb-delasalle.fr\/site\/wp-content\/uploads\/2024\/03\/regional-badminton-stjb-la-salle-6.jpg 1440w\" sizes=\"(max-width: 768px) 100vw, 768px\" \/> <img loading=\"lazy\" decoding=\"async\" class=\"alignnone size-large wp-image-15433\" src=\"https:\/\/www.stjb-delasalle.fr\/site\/wp-content\/uploads\/2024\/03\/regional-badminton-stjb-la-salle-7-768x1024.jpg\" alt=\"r\u00e9gional bad coll\u00e8ge teloch\u00e9\" width=\"768\" height=\"1024\" srcset=\"https:\/\/www.stjb-delasalle.fr\/site\/wp-content\/uploads\/2024\/03\/regional-badminton-stjb-la-salle-7-768x1024.jpg 768w, https:\/\/www.stjb-delasalle.fr\/site\/wp-content\/uploads\/2024\/03\/regional-badminton-stjb-la-salle-7-225x300.jpg 225w, https:\/\/www.stjb-delasalle.fr\/site\/wp-content\/uploads\/2024\/03\/regional-badminton-stjb-la-salle-7-1152x1536.jpg 1152w, https:\/\/www.stjb-delasalle.fr\/site\/wp-content\/uploads\/2024\/03\/regional-badminton-stjb-la-salle-7.jpg 1440w\" sizes=\"(max-width: 768px) 100vw, 768px\" \/> <img loading=\"lazy\" decoding=\"async\" class=\"alignnone size-large wp-image-15434\" src=\"https:\/\/www.stjb-delasalle.fr\/site\/wp-content\/uploads\/2024\/03\/regional-badminton-stjb-la-salle-8-768x1024.jpg\" alt=\"r\u00e9gional bad coll\u00e8ge teloch\u00e9\" width=\"768\" height=\"1024\" srcset=\"https:\/\/www.stjb-delasalle.fr\/site\/wp-content\/uploads\/2024\/03\/regional-badminton-stjb-la-salle-8-768x1024.jpg 768w, https:\/\/www.stjb-delasalle.fr\/site\/wp-content\/uploads\/2024\/03\/regional-badminton-stjb-la-salle-8-225x300.jpg 225w, https:\/\/www.stjb-delasalle.fr\/site\/wp-content\/uploads\/2024\/03\/regional-badminton-stjb-la-salle-8-1152x1536.jpg 1152w, https:\/\/www.stjb-delasalle.fr\/site\/wp-content\/uploads\/2024\/03\/regional-badminton-stjb-la-salle-8.jpg 1440w\" sizes=\"(max-width: 768px) 100vw, 768px\" \/><\/div>\n<div dir=\"ltr\"><\/div>\n<div dir=\"ltr\"><\/div>\n<\/div>\n<\/div>\n","protected":false},"excerpt":{"rendered":"<p>Championnat r\u00e9gional de badminton &nbsp; Ce mercredi 20 mars se d\u00e9roulait le championnat r\u00e9gional de badminton \u00e0 Angers. Notre armada de benjamins gar\u00e7ons ainsi que Lola en benjamine fille ont vaillamment d\u00e9fendu les couleurs du coll\u00e8ge. Le niveau \u00e9tait tr\u00e8s \u00e9lev\u00e9 par rapport au d\u00e9partemental et nos repr\u00e9sentants ont fait leur maximum sur le terrain. [&hellip;]<\/p>\n","protected":false},"author":3,"featured_media":15428,"comment_status":"open","ping_status":"open","sticky":false,"template":"","format":"standard","meta":{"site-sidebar-layout":"default","site-content-layout":"default","ast-site-content-layout":"default","site-content-style":"default","site-sidebar-style":"default","ast-global-header-display":"","ast-banner-title-visibility":"","ast-main-header-display":"","ast-hfb-above-header-display":"","ast-hfb-below-header-display":"","ast-hfb-mobile-header-display":"","site-post-title":"","ast-breadcrumbs-content":"","ast-featured-img":"","footer-sml-layout":"","ast-disable-related-posts":"","theme-transparent-header-meta":"default","adv-header-id-meta":"","stick-header-meta":"","header-above-stick-meta":"","header-main-stick-meta":"","header-below-stick-meta":"","astra-migrate-meta-layouts":"set","ast-page-background-enabled":"default","ast-page-background-meta":{"desktop":{"background-color":"var(--ast-global-color-4)","background-image":"","background-repeat":"repeat","background-position":"center center","background-size":"auto","background-attachment":"scroll","background-type":"","background-media":"","overlay-type":"","overlay-color":"","overlay-opacity":"","overlay-gradient":""},"tablet":{"background-color":"","background-image":"","background-repeat":"repeat","background-position":"center center","background-size":"auto","background-attachment":"scroll","background-type":"","background-media":"","overlay-type":"","overlay-color":"","overlay-opacity":"","overlay-gradient":""},"mobile":{"background-color":"","background-image":"","background-repeat":"repeat","background-position":"center center","background-size":"auto","background-attachment":"scroll","background-type":"","background-media":"","overlay-type":"","overlay-color":"","overlay-opacity":"","overlay-gradient":""}},"ast-content-background-meta":{"desktop":{"background-color":"var(--ast-global-color-5)","background-image":"","background-repeat":"repeat","background-position":"center center","background-size":"auto","background-attachment":"scroll","background-type":"","background-media":"","overlay-type":"","overlay-color":"","overlay-opacity":"","overlay-gradient":""},"tablet":{"background-color":"var(--ast-global-color-5)","background-image":"","background-repeat":"repeat","background-position":"center center","background-size":"auto","background-attachment":"scroll","background-type":"","background-media":"","overlay-type":"","overlay-color":"","overlay-opacity":"","overlay-gradient":""},"mobile":{"background-color":"var(--ast-global-color-5)","background-image":"","background-repeat":"repeat","background-position":"center center","background-size":"auto","background-attachment":"scroll","background-type":"","background-media":"","overlay-type":"","overlay-color":"","overlay-opacity":"","overlay-gradient":""}},"footnotes":""},"categories":[6,16],"tags":[],"class_list":["post-15360","post","type-post","status-publish","format-standard","has-post-thumbnail","hentry","category-college","category-ugsel"],"yoast_head":"<!-- This site is optimized with the Yoast SEO plugin v27.5 - https:\/\/yoast.com\/product\/yoast-seo-wordpress\/ -->\n<title>Coll\u00e8ge St Jean-Baptiste de La Salle - Le Rancher Teloch\u00e9<\/title>\n<meta name=\"description\" content=\"Le Coll\u00e8ge St Jean-Baptiste de La Salle accueille les \u00e9l\u00e8ves dans un cadre exceptionnel \u00e0 Teloch\u00e9 depuis 1973, et d\u00e9veloppe au quotidien des projets innovants au service des jeunes.\" \/>\n<meta name=\"robots\" content=\"index, follow, max-snippet:-1, max-image-preview:large, max-video-preview:-1\" \/>\n<link rel=\"canonical\" href=\"https:\/\/www.stjb-delasalle.fr\/site\/2024\/03\/24\/championnat-regional-de-badminton\/\" \/>\n<meta property=\"og:locale\" content=\"fr_FR\" \/>\n<meta property=\"og:type\" content=\"article\" \/>\n<meta property=\"og:title\" content=\"Coll\u00e8ge St Jean-Baptiste de La Salle - Le Rancher Teloch\u00e9\" \/>\n<meta property=\"og:description\" content=\"Le Coll\u00e8ge St Jean-Baptiste de La Salle accueille les \u00e9l\u00e8ves dans un cadre exceptionnel \u00e0 Teloch\u00e9 depuis 1973, et d\u00e9veloppe au quotidien des projets innovants au service des jeunes.\" \/>\n<meta property=\"og:url\" content=\"https:\/\/www.stjb-delasalle.fr\/site\/2024\/03\/24\/championnat-regional-de-badminton\/\" \/>\n<meta property=\"og:site_name\" content=\"Coll\u00e8ge Saint Jean Baptiste de La Salle\" \/>\n<meta property=\"article:published_time\" content=\"2024-03-24T18:12:56+00:00\" \/>\n<meta property=\"og:image\" content=\"https:\/\/www.stjb-delasalle.fr\/site\/wp-content\/uploads\/2024\/03\/regional-badminton-stjb-la-salle-1.jpg\" \/>\n\t<meta property=\"og:image:width\" content=\"1440\" \/>\n\t<meta property=\"og:image:height\" content=\"1920\" \/>\n\t<meta property=\"og:image:type\" content=\"image\/jpeg\" \/>\n<meta name=\"author\" content=\"s.couret\" \/>\n<meta name=\"twitter:card\" content=\"summary_large_image\" \/>\n<meta name=\"twitter:label1\" content=\"\u00c9crit par\" \/>\n\t<meta name=\"twitter:data1\" content=\"s.couret\" \/>\n\t<meta name=\"twitter:label2\" content=\"Dur\u00e9e de lecture estim\u00e9e\" \/>\n\t<meta name=\"twitter:data2\" content=\"2 minutes\" \/>\n<script type=\"application\/ld+json\" class=\"yoast-schema-graph\">{\"@context\":\"https:\\\/\\\/schema.org\",\"@graph\":[{\"@type\":\"Article\",\"@id\":\"https:\\\/\\\/www.stjb-delasalle.fr\\\/site\\\/2024\\\/03\\\/24\\\/championnat-regional-de-badminton\\\/#article\",\"isPartOf\":{\"@id\":\"https:\\\/\\\/www.stjb-delasalle.fr\\\/site\\\/2024\\\/03\\\/24\\\/championnat-regional-de-badminton\\\/\"},\"author\":{\"name\":\"s.couret\",\"@id\":\"https:\\\/\\\/www.stjb-delasalle.fr\\\/site\\\/#\\\/schema\\\/person\\\/29e031eae2fbe58aca689f9074d3616a\"},\"headline\":\"Championnat r\u00e9gional de badminton\",\"datePublished\":\"2024-03-24T18:12:56+00:00\",\"mainEntityOfPage\":{\"@id\":\"https:\\\/\\\/www.stjb-delasalle.fr\\\/site\\\/2024\\\/03\\\/24\\\/championnat-regional-de-badminton\\\/\"},\"wordCount\":99,\"commentCount\":0,\"publisher\":{\"@id\":\"https:\\\/\\\/www.stjb-delasalle.fr\\\/site\\\/#organization\"},\"image\":{\"@id\":\"https:\\\/\\\/www.stjb-delasalle.fr\\\/site\\\/2024\\\/03\\\/24\\\/championnat-regional-de-badminton\\\/#primaryimage\"},\"thumbnailUrl\":\"https:\\\/\\\/www.stjb-delasalle.fr\\\/site\\\/wp-content\\\/uploads\\\/2024\\\/03\\\/regional-badminton-stjb-la-salle-1.jpg\",\"articleSection\":[\"Coll\u00e8ge\",\"UGSEL\"],\"inLanguage\":\"fr-FR\",\"potentialAction\":[{\"@type\":\"CommentAction\",\"name\":\"Comment\",\"target\":[\"https:\\\/\\\/www.stjb-delasalle.fr\\\/site\\\/2024\\\/03\\\/24\\\/championnat-regional-de-badminton\\\/#respond\"]}]},{\"@type\":\"WebPage\",\"@id\":\"https:\\\/\\\/www.stjb-delasalle.fr\\\/site\\\/2024\\\/03\\\/24\\\/championnat-regional-de-badminton\\\/\",\"url\":\"https:\\\/\\\/www.stjb-delasalle.fr\\\/site\\\/2024\\\/03\\\/24\\\/championnat-regional-de-badminton\\\/\",\"name\":\"Coll\u00e8ge St Jean-Baptiste de La Salle - Le Rancher Teloch\u00e9\",\"isPartOf\":{\"@id\":\"https:\\\/\\\/www.stjb-delasalle.fr\\\/site\\\/#website\"},\"primaryImageOfPage\":{\"@id\":\"https:\\\/\\\/www.stjb-delasalle.fr\\\/site\\\/2024\\\/03\\\/24\\\/championnat-regional-de-badminton\\\/#primaryimage\"},\"image\":{\"@id\":\"https:\\\/\\\/www.stjb-delasalle.fr\\\/site\\\/2024\\\/03\\\/24\\\/championnat-regional-de-badminton\\\/#primaryimage\"},\"thumbnailUrl\":\"https:\\\/\\\/www.stjb-delasalle.fr\\\/site\\\/wp-content\\\/uploads\\\/2024\\\/03\\\/regional-badminton-stjb-la-salle-1.jpg\",\"datePublished\":\"2024-03-24T18:12:56+00:00\",\"description\":\"Le Coll\u00e8ge St Jean-Baptiste de La Salle accueille les \u00e9l\u00e8ves dans un cadre exceptionnel \u00e0 Teloch\u00e9 depuis 1973, et d\u00e9veloppe au quotidien des projets innovants au service des jeunes.\",\"breadcrumb\":{\"@id\":\"https:\\\/\\\/www.stjb-delasalle.fr\\\/site\\\/2024\\\/03\\\/24\\\/championnat-regional-de-badminton\\\/#breadcrumb\"},\"inLanguage\":\"fr-FR\",\"potentialAction\":[{\"@type\":\"ReadAction\",\"target\":[\"https:\\\/\\\/www.stjb-delasalle.fr\\\/site\\\/2024\\\/03\\\/24\\\/championnat-regional-de-badminton\\\/\"]}]},{\"@type\":\"ImageObject\",\"inLanguage\":\"fr-FR\",\"@id\":\"https:\\\/\\\/www.stjb-delasalle.fr\\\/site\\\/2024\\\/03\\\/24\\\/championnat-regional-de-badminton\\\/#primaryimage\",\"url\":\"https:\\\/\\\/www.stjb-delasalle.fr\\\/site\\\/wp-content\\\/uploads\\\/2024\\\/03\\\/regional-badminton-stjb-la-salle-1.jpg\",\"contentUrl\":\"https:\\\/\\\/www.stjb-delasalle.fr\\\/site\\\/wp-content\\\/uploads\\\/2024\\\/03\\\/regional-badminton-stjb-la-salle-1.jpg\",\"width\":1440,\"height\":1920,\"caption\":\"r\u00e9gional bad coll\u00e8ge teloch\u00e9\"},{\"@type\":\"BreadcrumbList\",\"@id\":\"https:\\\/\\\/www.stjb-delasalle.fr\\\/site\\\/2024\\\/03\\\/24\\\/championnat-regional-de-badminton\\\/#breadcrumb\",\"itemListElement\":[{\"@type\":\"ListItem\",\"position\":1,\"name\":\"Accueil\",\"item\":\"https:\\\/\\\/www.stjb-delasalle.fr\\\/site\\\/\"},{\"@type\":\"ListItem\",\"position\":2,\"name\":\"Championnat r\u00e9gional de badminton\"}]},{\"@type\":\"WebSite\",\"@id\":\"https:\\\/\\\/www.stjb-delasalle.fr\\\/site\\\/#website\",\"url\":\"https:\\\/\\\/www.stjb-delasalle.fr\\\/site\\\/\",\"name\":\"Coll\u00e8ge Saint Jean Baptiste de La Salle\",\"description\":\"Notre coll\u00e8ge vous accueille sur le site du Rancher \u00e0 Teloch\u00e9\",\"publisher\":{\"@id\":\"https:\\\/\\\/www.stjb-delasalle.fr\\\/site\\\/#organization\"},\"potentialAction\":[{\"@type\":\"SearchAction\",\"target\":{\"@type\":\"EntryPoint\",\"urlTemplate\":\"https:\\\/\\\/www.stjb-delasalle.fr\\\/site\\\/?s={search_term_string}\"},\"query-input\":{\"@type\":\"PropertyValueSpecification\",\"valueRequired\":true,\"valueName\":\"search_term_string\"}}],\"inLanguage\":\"fr-FR\"},{\"@type\":\"Organization\",\"@id\":\"https:\\\/\\\/www.stjb-delasalle.fr\\\/site\\\/#organization\",\"name\":\"Coll\u00e8ge Saint Jean Baptiste de La Salle\",\"url\":\"https:\\\/\\\/www.stjb-delasalle.fr\\\/site\\\/\",\"logo\":{\"@type\":\"ImageObject\",\"inLanguage\":\"fr-FR\",\"@id\":\"https:\\\/\\\/www.stjb-delasalle.fr\\\/site\\\/#\\\/schema\\\/logo\\\/image\\\/\",\"url\":\"https:\\\/\\\/www.stjb-delasalle.fr\\\/site\\\/wp-content\\\/uploads\\\/2021\\\/11\\\/logostjb_petit_transp.png\",\"contentUrl\":\"https:\\\/\\\/www.stjb-delasalle.fr\\\/site\\\/wp-content\\\/uploads\\\/2021\\\/11\\\/logostjb_petit_transp.png\",\"width\":180,\"height\":127,\"caption\":\"Coll\u00e8ge Saint Jean Baptiste de La Salle\"},\"image\":{\"@id\":\"https:\\\/\\\/www.stjb-delasalle.fr\\\/site\\\/#\\\/schema\\\/logo\\\/image\\\/\"}},{\"@type\":\"Person\",\"@id\":\"https:\\\/\\\/www.stjb-delasalle.fr\\\/site\\\/#\\\/schema\\\/person\\\/29e031eae2fbe58aca689f9074d3616a\",\"name\":\"s.couret\",\"image\":{\"@type\":\"ImageObject\",\"inLanguage\":\"fr-FR\",\"@id\":\"https:\\\/\\\/secure.gravatar.com\\\/avatar\\\/83474c4b01f4d5df531ba9e1ae59f6610ffe9a3c76657f973718ba9fff166522?s=96&d=mm&r=g\",\"url\":\"https:\\\/\\\/secure.gravatar.com\\\/avatar\\\/83474c4b01f4d5df531ba9e1ae59f6610ffe9a3c76657f973718ba9fff166522?s=96&d=mm&r=g\",\"contentUrl\":\"https:\\\/\\\/secure.gravatar.com\\\/avatar\\\/83474c4b01f4d5df531ba9e1ae59f6610ffe9a3c76657f973718ba9fff166522?s=96&d=mm&r=g\",\"caption\":\"s.couret\"},\"url\":\"https:\\\/\\\/www.stjb-delasalle.fr\\\/site\\\/author\\\/s-couret\\\/\"}]}<\/script>\n<!-- \/ Yoast SEO plugin. -->","yoast_head_json":{"title":"Coll\u00e8ge St Jean-Baptiste de La Salle - Le Rancher Teloch\u00e9","description":"Le Coll\u00e8ge St Jean-Baptiste de La Salle accueille les \u00e9l\u00e8ves dans un cadre exceptionnel \u00e0 Teloch\u00e9 depuis 1973, et d\u00e9veloppe au quotidien des projets innovants au service des jeunes.","robots":{"index":"index","follow":"follow","max-snippet":"max-snippet:-1","max-image-preview":"max-image-preview:large","max-video-preview":"max-video-preview:-1"},"canonical":"https:\/\/www.stjb-delasalle.fr\/site\/2024\/03\/24\/championnat-regional-de-badminton\/","og_locale":"fr_FR","og_type":"article","og_title":"Coll\u00e8ge St Jean-Baptiste de La Salle - Le Rancher Teloch\u00e9","og_description":"Le Coll\u00e8ge St Jean-Baptiste de La Salle accueille les \u00e9l\u00e8ves dans un cadre exceptionnel \u00e0 Teloch\u00e9 depuis 1973, et d\u00e9veloppe au quotidien des projets innovants au service des jeunes.","og_url":"https:\/\/www.stjb-delasalle.fr\/site\/2024\/03\/24\/championnat-regional-de-badminton\/","og_site_name":"Coll\u00e8ge Saint Jean Baptiste de La Salle","article_published_time":"2024-03-24T18:12:56+00:00","og_image":[{"width":1440,"height":1920,"url":"https:\/\/www.stjb-delasalle.fr\/site\/wp-content\/uploads\/2024\/03\/regional-badminton-stjb-la-salle-1.jpg","type":"image\/jpeg"}],"author":"s.couret","twitter_card":"summary_large_image","twitter_misc":{"\u00c9crit par":"s.couret","Dur\u00e9e de lecture estim\u00e9e":"2 minutes"},"schema":{"@context":"https:\/\/schema.org","@graph":[{"@type":"Article","@id":"https:\/\/www.stjb-delasalle.fr\/site\/2024\/03\/24\/championnat-regional-de-badminton\/#article","isPartOf":{"@id":"https:\/\/www.stjb-delasalle.fr\/site\/2024\/03\/24\/championnat-regional-de-badminton\/"},"author":{"name":"s.couret","@id":"https:\/\/www.stjb-delasalle.fr\/site\/#\/schema\/person\/29e031eae2fbe58aca689f9074d3616a"},"headline":"Championnat r\u00e9gional de badminton","datePublished":"2024-03-24T18:12:56+00:00","mainEntityOfPage":{"@id":"https:\/\/www.stjb-delasalle.fr\/site\/2024\/03\/24\/championnat-regional-de-badminton\/"},"wordCount":99,"commentCount":0,"publisher":{"@id":"https:\/\/www.stjb-delasalle.fr\/site\/#organization"},"image":{"@id":"https:\/\/www.stjb-delasalle.fr\/site\/2024\/03\/24\/championnat-regional-de-badminton\/#primaryimage"},"thumbnailUrl":"https:\/\/www.stjb-delasalle.fr\/site\/wp-content\/uploads\/2024\/03\/regional-badminton-stjb-la-salle-1.jpg","articleSection":["Coll\u00e8ge","UGSEL"],"inLanguage":"fr-FR","potentialAction":[{"@type":"CommentAction","name":"Comment","target":["https:\/\/www.stjb-delasalle.fr\/site\/2024\/03\/24\/championnat-regional-de-badminton\/#respond"]}]},{"@type":"WebPage","@id":"https:\/\/www.stjb-delasalle.fr\/site\/2024\/03\/24\/championnat-regional-de-badminton\/","url":"https:\/\/www.stjb-delasalle.fr\/site\/2024\/03\/24\/championnat-regional-de-badminton\/","name":"Coll\u00e8ge St Jean-Baptiste de La Salle - Le Rancher Teloch\u00e9","isPartOf":{"@id":"https:\/\/www.stjb-delasalle.fr\/site\/#website"},"primaryImageOfPage":{"@id":"https:\/\/www.stjb-delasalle.fr\/site\/2024\/03\/24\/championnat-regional-de-badminton\/#primaryimage"},"image":{"@id":"https:\/\/www.stjb-delasalle.fr\/site\/2024\/03\/24\/championnat-regional-de-badminton\/#primaryimage"},"thumbnailUrl":"https:\/\/www.stjb-delasalle.fr\/site\/wp-content\/uploads\/2024\/03\/regional-badminton-stjb-la-salle-1.jpg","datePublished":"2024-03-24T18:12:56+00:00","description":"Le Coll\u00e8ge St Jean-Baptiste de La Salle accueille les \u00e9l\u00e8ves dans un cadre exceptionnel \u00e0 Teloch\u00e9 depuis 1973, et d\u00e9veloppe au quotidien des projets innovants au service des jeunes.","breadcrumb":{"@id":"https:\/\/www.stjb-delasalle.fr\/site\/2024\/03\/24\/championnat-regional-de-badminton\/#breadcrumb"},"inLanguage":"fr-FR","potentialAction":[{"@type":"ReadAction","target":["https:\/\/www.stjb-delasalle.fr\/site\/2024\/03\/24\/championnat-regional-de-badminton\/"]}]},{"@type":"ImageObject","inLanguage":"fr-FR","@id":"https:\/\/www.stjb-delasalle.fr\/site\/2024\/03\/24\/championnat-regional-de-badminton\/#primaryimage","url":"https:\/\/www.stjb-delasalle.fr\/site\/wp-content\/uploads\/2024\/03\/regional-badminton-stjb-la-salle-1.jpg","contentUrl":"https:\/\/www.stjb-delasalle.fr\/site\/wp-content\/uploads\/2024\/03\/regional-badminton-stjb-la-salle-1.jpg","width":1440,"height":1920,"caption":"r\u00e9gional bad coll\u00e8ge teloch\u00e9"},{"@type":"BreadcrumbList","@id":"https:\/\/www.stjb-delasalle.fr\/site\/2024\/03\/24\/championnat-regional-de-badminton\/#breadcrumb","itemListElement":[{"@type":"ListItem","position":1,"name":"Accueil","item":"https:\/\/www.stjb-delasalle.fr\/site\/"},{"@type":"ListItem","position":2,"name":"Championnat r\u00e9gional de badminton"}]},{"@type":"WebSite","@id":"https:\/\/www.stjb-delasalle.fr\/site\/#website","url":"https:\/\/www.stjb-delasalle.fr\/site\/","name":"Coll\u00e8ge Saint Jean Baptiste de La Salle","description":"Notre coll\u00e8ge vous accueille sur le site du Rancher \u00e0 Teloch\u00e9","publisher":{"@id":"https:\/\/www.stjb-delasalle.fr\/site\/#organization"},"potentialAction":[{"@type":"SearchAction","target":{"@type":"EntryPoint","urlTemplate":"https:\/\/www.stjb-delasalle.fr\/site\/?s={search_term_string}"},"query-input":{"@type":"PropertyValueSpecification","valueRequired":true,"valueName":"search_term_string"}}],"inLanguage":"fr-FR"},{"@type":"Organization","@id":"https:\/\/www.stjb-delasalle.fr\/site\/#organization","name":"Coll\u00e8ge Saint Jean Baptiste de La Salle","url":"https:\/\/www.stjb-delasalle.fr\/site\/","logo":{"@type":"ImageObject","inLanguage":"fr-FR","@id":"https:\/\/www.stjb-delasalle.fr\/site\/#\/schema\/logo\/image\/","url":"https:\/\/www.stjb-delasalle.fr\/site\/wp-content\/uploads\/2021\/11\/logostjb_petit_transp.png","contentUrl":"https:\/\/www.stjb-delasalle.fr\/site\/wp-content\/uploads\/2021\/11\/logostjb_petit_transp.png","width":180,"height":127,"caption":"Coll\u00e8ge Saint Jean Baptiste de La Salle"},"image":{"@id":"https:\/\/www.stjb-delasalle.fr\/site\/#\/schema\/logo\/image\/"}},{"@type":"Person","@id":"https:\/\/www.stjb-delasalle.fr\/site\/#\/schema\/person\/29e031eae2fbe58aca689f9074d3616a","name":"s.couret","image":{"@type":"ImageObject","inLanguage":"fr-FR","@id":"https:\/\/secure.gravatar.com\/avatar\/83474c4b01f4d5df531ba9e1ae59f6610ffe9a3c76657f973718ba9fff166522?s=96&d=mm&r=g","url":"https:\/\/secure.gravatar.com\/avatar\/83474c4b01f4d5df531ba9e1ae59f6610ffe9a3c76657f973718ba9fff166522?s=96&d=mm&r=g","contentUrl":"https:\/\/secure.gravatar.com\/avatar\/83474c4b01f4d5df531ba9e1ae59f6610ffe9a3c76657f973718ba9fff166522?s=96&d=mm&r=g","caption":"s.couret"},"url":"https:\/\/www.stjb-delasalle.fr\/site\/author\/s-couret\/"}]}},"_links":{"self":[{"href":"https:\/\/www.stjb-delasalle.fr\/site\/wp-json\/wp\/v2\/posts\/15360","targetHints":{"allow":["GET"]}}],"collection":[{"href":"https:\/\/www.stjb-delasalle.fr\/site\/wp-json\/wp\/v2\/posts"}],"about":[{"href":"https:\/\/www.stjb-delasalle.fr\/site\/wp-json\/wp\/v2\/types\/post"}],"author":[{"embeddable":true,"href":"https:\/\/www.stjb-delasalle.fr\/site\/wp-json\/wp\/v2\/users\/3"}],"replies":[{"embeddable":true,"href":"https:\/\/www.stjb-delasalle.fr\/site\/wp-json\/wp\/v2\/comments?post=15360"}],"version-history":[{"count":1,"href":"https:\/\/www.stjb-delasalle.fr\/site\/wp-json\/wp\/v2\/posts\/15360\/revisions"}],"predecessor-version":[{"id":15435,"href":"https:\/\/www.stjb-delasalle.fr\/site\/wp-json\/wp\/v2\/posts\/15360\/revisions\/15435"}],"wp:featuredmedia":[{"embeddable":true,"href":"https:\/\/www.stjb-delasalle.fr\/site\/wp-json\/wp\/v2\/media\/15428"}],"wp:attachment":[{"href":"https:\/\/www.stjb-delasalle.fr\/site\/wp-json\/wp\/v2\/media?parent=15360"}],"wp:term":[{"taxonomy":"category","embeddable":true,"href":"https:\/\/www.stjb-delasalle.fr\/site\/wp-json\/wp\/v2\/categories?post=15360"},{"taxonomy":"post_tag","embeddable":true,"href":"https:\/\/www.stjb-delasalle.fr\/site\/wp-json\/wp\/v2\/tags?post=15360"}],"curies":[{"name":"wp","href":"https:\/\/api.w.org\/{rel}","templated":true}]}}