{"id":14806,"date":"2024-01-18T08:36:14","date_gmt":"2024-01-18T08:36:14","guid":{"rendered":"https:\/\/www.stjb-delasalle.fr\/site\/?p=14806"},"modified":"2024-01-23T14:09:02","modified_gmt":"2024-01-23T14:09:02","slug":"5e-edition-prix-litterature-jeunesse-antiquite","status":"publish","type":"post","link":"https:\/\/www.stjb-delasalle.fr\/site\/2024\/01\/18\/5e-edition-prix-litterature-jeunesse-antiquite\/","title":{"rendered":"5\u00e8 \u00e9dition Prix Litt\u00e9rature Jeunesse Antiquit\u00e9"},"content":{"rendered":"<h1>5\u00e8 \u00e9dition<\/h1>\n<h1>Prix Litt\u00e9rature \u00a0Jeunesse Antiquit\u00e9<\/h1>\n<p><em>Prix de lecture propos\u00e9 par l\u2019association <a href=\"https:\/\/www.arretetonchar.fr\/prix-litterature-jeunesse-antiquite\/\" target=\"_blank\" rel=\"noopener\">Arr\u00eate ton Char<\/a><\/em><\/p>\n<p style=\"font-weight: 400;\"><em>Cette ann\u00e9e, les 4\u00e8 latinistes vont d\u00e9couvrir la nouvelle s\u00e9lection de bandes dessin\u00e9es s\u2019inspirant du monde antique. C\u2019est notre 5\u00e8 participation. Ce travail se fera en collaboration avec Mme Etale, notre documentaliste.<\/em><\/p>\n<p><img fetchpriority=\"high\" decoding=\"async\" class=\"alignnone wp-image-14807 size-full\" src=\"https:\/\/www.stjb-delasalle.fr\/site\/wp-content\/uploads\/2024\/01\/IMG_1669.jpg\" alt=\"Prix litt\u00e9rature jeunesse antiquit\u00e9\" width=\"1357\" height=\"1920\" srcset=\"https:\/\/www.stjb-delasalle.fr\/site\/wp-content\/uploads\/2024\/01\/IMG_1669.jpg 1357w, https:\/\/www.stjb-delasalle.fr\/site\/wp-content\/uploads\/2024\/01\/IMG_1669-212x300.jpg 212w, https:\/\/www.stjb-delasalle.fr\/site\/wp-content\/uploads\/2024\/01\/IMG_1669-724x1024.jpg 724w, https:\/\/www.stjb-delasalle.fr\/site\/wp-content\/uploads\/2024\/01\/IMG_1669-768x1087.jpg 768w, https:\/\/www.stjb-delasalle.fr\/site\/wp-content\/uploads\/2024\/01\/IMG_1669-1086x1536.jpg 1086w\" sizes=\"(max-width: 1357px) 100vw, 1357px\" \/><\/p>\n","protected":false},"excerpt":{"rendered":"<p>5\u00e8 \u00e9dition Prix Litt\u00e9rature \u00a0Jeunesse Antiquit\u00e9 Prix de lecture propos\u00e9 par l\u2019association Arr\u00eate ton Char Cette ann\u00e9e, les 4\u00e8 latinistes vont d\u00e9couvrir la nouvelle s\u00e9lection de bandes dessin\u00e9es s\u2019inspirant du monde antique. C\u2019est notre 5\u00e8 participation. Ce travail se fera en collaboration avec Mme Etale, notre documentaliste.<\/p>\n","protected":false},"author":3,"featured_media":14808,"comment_status":"closed","ping_status":"closed","sticky":false,"template":"","format":"standard","meta":{"site-sidebar-layout":"default","site-content-layout":"default","ast-site-content-layout":"default","site-content-style":"default","site-sidebar-style":"default","ast-global-header-display":"","ast-banner-title-visibility":"","ast-main-header-display":"","ast-hfb-above-header-display":"","ast-hfb-below-header-display":"","ast-hfb-mobile-header-display":"","site-post-title":"","ast-breadcrumbs-content":"","ast-featured-img":"","footer-sml-layout":"","ast-disable-related-posts":"","theme-transparent-header-meta":"default","adv-header-id-meta":"","stick-header-meta":"","header-above-stick-meta":"","header-main-stick-meta":"","header-below-stick-meta":"","astra-migrate-meta-layouts":"set","ast-page-background-enabled":"default","ast-page-background-meta":{"desktop":{"background-color":"var(--ast-global-color-4)","background-image":"","background-repeat":"repeat","background-position":"center center","background-size":"auto","background-attachment":"scroll","background-type":"","background-media":"","overlay-type":"","overlay-color":"","overlay-opacity":"","overlay-gradient":""},"tablet":{"background-color":"","background-image":"","background-repeat":"repeat","background-position":"center center","background-size":"auto","background-attachment":"scroll","background-type":"","background-media":"","overlay-type":"","overlay-color":"","overlay-opacity":"","overlay-gradient":""},"mobile":{"background-color":"","background-image":"","background-repeat":"repeat","background-position":"center center","background-size":"auto","background-attachment":"scroll","background-type":"","background-media":"","overlay-type":"","overlay-color":"","overlay-opacity":"","overlay-gradient":""}},"ast-content-background-meta":{"desktop":{"background-color":"var(--ast-global-color-5)","background-image":"","background-repeat":"repeat","background-position":"center center","background-size":"auto","background-attachment":"scroll","background-type":"","background-media":"","overlay-type":"","overlay-color":"","overlay-opacity":"","overlay-gradient":""},"tablet":{"background-color":"var(--ast-global-color-5)","background-image":"","background-repeat":"repeat","background-position":"center center","background-size":"auto","background-attachment":"scroll","background-type":"","background-media":"","overlay-type":"","overlay-color":"","overlay-opacity":"","overlay-gradient":""},"mobile":{"background-color":"var(--ast-global-color-5)","background-image":"","background-repeat":"repeat","background-position":"center center","background-size":"auto","background-attachment":"scroll","background-type":"","background-media":"","overlay-type":"","overlay-color":"","overlay-opacity":"","overlay-gradient":""}},"footnotes":""},"categories":[59,82,6,37],"tags":[],"class_list":["post-14806","post","type-post","status-publish","format-standard","has-post-thumbnail","hentry","category-activites-4e","category-cdi-centre-de-documentation-et-dinformation","category-college","category-lca"],"yoast_head":"<!-- This site is optimized with the Yoast SEO plugin v27.5 - https:\/\/yoast.com\/product\/yoast-seo-wordpress\/ -->\n<title>Coll\u00e8ge St Jean-Baptiste de La Salle - Le Rancher Teloch\u00e9<\/title>\n<meta name=\"description\" content=\"Le Coll\u00e8ge St Jean-Baptiste de La Salle accueille les \u00e9l\u00e8ves dans un cadre exceptionnel \u00e0 Teloch\u00e9 depuis 1973, et d\u00e9veloppe au quotidien des projets innovants au service des jeunes.\" \/>\n<meta name=\"robots\" content=\"index, follow, max-snippet:-1, max-image-preview:large, max-video-preview:-1\" \/>\n<link rel=\"canonical\" href=\"https:\/\/www.stjb-delasalle.fr\/site\/2024\/01\/18\/5e-edition-prix-litterature-jeunesse-antiquite\/\" \/>\n<meta property=\"og:locale\" content=\"fr_FR\" \/>\n<meta property=\"og:type\" content=\"article\" \/>\n<meta property=\"og:title\" content=\"Coll\u00e8ge St Jean-Baptiste de La Salle - Le Rancher Teloch\u00e9\" \/>\n<meta property=\"og:description\" content=\"Le Coll\u00e8ge St Jean-Baptiste de La Salle accueille les \u00e9l\u00e8ves dans un cadre exceptionnel \u00e0 Teloch\u00e9 depuis 1973, et d\u00e9veloppe au quotidien des projets innovants au service des jeunes.\" \/>\n<meta property=\"og:url\" content=\"https:\/\/www.stjb-delasalle.fr\/site\/2024\/01\/18\/5e-edition-prix-litterature-jeunesse-antiquite\/\" \/>\n<meta property=\"og:site_name\" content=\"Coll\u00e8ge Saint Jean Baptiste de La Salle\" \/>\n<meta property=\"article:published_time\" content=\"2024-01-18T08:36:14+00:00\" \/>\n<meta property=\"article:modified_time\" content=\"2024-01-23T14:09:02+00:00\" \/>\n<meta property=\"og:image\" content=\"https:\/\/www.stjb-delasalle.fr\/site\/wp-content\/uploads\/2024\/01\/IMG_1670.png\" \/>\n\t<meta property=\"og:image:width\" content=\"978\" \/>\n\t<meta property=\"og:image:height\" content=\"587\" \/>\n\t<meta property=\"og:image:type\" content=\"image\/png\" \/>\n<meta name=\"author\" content=\"s.couret\" \/>\n<meta name=\"twitter:card\" content=\"summary_large_image\" \/>\n<meta name=\"twitter:label1\" content=\"\u00c9crit par\" \/>\n\t<meta name=\"twitter:data1\" content=\"s.couret\" \/>\n\t<meta name=\"twitter:label2\" content=\"Dur\u00e9e de lecture estim\u00e9e\" \/>\n\t<meta name=\"twitter:data2\" content=\"1 minute\" \/>\n<script type=\"application\/ld+json\" class=\"yoast-schema-graph\">{\"@context\":\"https:\\\/\\\/schema.org\",\"@graph\":[{\"@type\":\"Article\",\"@id\":\"https:\\\/\\\/www.stjb-delasalle.fr\\\/site\\\/2024\\\/01\\\/18\\\/5e-edition-prix-litterature-jeunesse-antiquite\\\/#article\",\"isPartOf\":{\"@id\":\"https:\\\/\\\/www.stjb-delasalle.fr\\\/site\\\/2024\\\/01\\\/18\\\/5e-edition-prix-litterature-jeunesse-antiquite\\\/\"},\"author\":{\"name\":\"s.couret\",\"@id\":\"https:\\\/\\\/www.stjb-delasalle.fr\\\/site\\\/#\\\/schema\\\/person\\\/29e031eae2fbe58aca689f9074d3616a\"},\"headline\":\"5\u00e8 \u00e9dition Prix Litt\u00e9rature Jeunesse Antiquit\u00e9\",\"datePublished\":\"2024-01-18T08:36:14+00:00\",\"dateModified\":\"2024-01-23T14:09:02+00:00\",\"mainEntityOfPage\":{\"@id\":\"https:\\\/\\\/www.stjb-delasalle.fr\\\/site\\\/2024\\\/01\\\/18\\\/5e-edition-prix-litterature-jeunesse-antiquite\\\/\"},\"wordCount\":59,\"publisher\":{\"@id\":\"https:\\\/\\\/www.stjb-delasalle.fr\\\/site\\\/#organization\"},\"image\":{\"@id\":\"https:\\\/\\\/www.stjb-delasalle.fr\\\/site\\\/2024\\\/01\\\/18\\\/5e-edition-prix-litterature-jeunesse-antiquite\\\/#primaryimage\"},\"thumbnailUrl\":\"https:\\\/\\\/www.stjb-delasalle.fr\\\/site\\\/wp-content\\\/uploads\\\/2024\\\/01\\\/IMG_1670.png\",\"articleSection\":[\"Activit\u00e9s 4e\",\"CDI\",\"Coll\u00e8ge\",\"LCA\"],\"inLanguage\":\"fr-FR\"},{\"@type\":\"WebPage\",\"@id\":\"https:\\\/\\\/www.stjb-delasalle.fr\\\/site\\\/2024\\\/01\\\/18\\\/5e-edition-prix-litterature-jeunesse-antiquite\\\/\",\"url\":\"https:\\\/\\\/www.stjb-delasalle.fr\\\/site\\\/2024\\\/01\\\/18\\\/5e-edition-prix-litterature-jeunesse-antiquite\\\/\",\"name\":\"Coll\u00e8ge St Jean-Baptiste de La Salle - Le Rancher Teloch\u00e9\",\"isPartOf\":{\"@id\":\"https:\\\/\\\/www.stjb-delasalle.fr\\\/site\\\/#website\"},\"primaryImageOfPage\":{\"@id\":\"https:\\\/\\\/www.stjb-delasalle.fr\\\/site\\\/2024\\\/01\\\/18\\\/5e-edition-prix-litterature-jeunesse-antiquite\\\/#primaryimage\"},\"image\":{\"@id\":\"https:\\\/\\\/www.stjb-delasalle.fr\\\/site\\\/2024\\\/01\\\/18\\\/5e-edition-prix-litterature-jeunesse-antiquite\\\/#primaryimage\"},\"thumbnailUrl\":\"https:\\\/\\\/www.stjb-delasalle.fr\\\/site\\\/wp-content\\\/uploads\\\/2024\\\/01\\\/IMG_1670.png\",\"datePublished\":\"2024-01-18T08:36:14+00:00\",\"dateModified\":\"2024-01-23T14:09:02+00:00\",\"description\":\"Le Coll\u00e8ge St Jean-Baptiste de La Salle accueille les \u00e9l\u00e8ves dans un cadre exceptionnel \u00e0 Teloch\u00e9 depuis 1973, et d\u00e9veloppe au quotidien des projets innovants au service des jeunes.\",\"breadcrumb\":{\"@id\":\"https:\\\/\\\/www.stjb-delasalle.fr\\\/site\\\/2024\\\/01\\\/18\\\/5e-edition-prix-litterature-jeunesse-antiquite\\\/#breadcrumb\"},\"inLanguage\":\"fr-FR\",\"potentialAction\":[{\"@type\":\"ReadAction\",\"target\":[\"https:\\\/\\\/www.stjb-delasalle.fr\\\/site\\\/2024\\\/01\\\/18\\\/5e-edition-prix-litterature-jeunesse-antiquite\\\/\"]}]},{\"@type\":\"ImageObject\",\"inLanguage\":\"fr-FR\",\"@id\":\"https:\\\/\\\/www.stjb-delasalle.fr\\\/site\\\/2024\\\/01\\\/18\\\/5e-edition-prix-litterature-jeunesse-antiquite\\\/#primaryimage\",\"url\":\"https:\\\/\\\/www.stjb-delasalle.fr\\\/site\\\/wp-content\\\/uploads\\\/2024\\\/01\\\/IMG_1670.png\",\"contentUrl\":\"https:\\\/\\\/www.stjb-delasalle.fr\\\/site\\\/wp-content\\\/uploads\\\/2024\\\/01\\\/IMG_1670.png\",\"width\":978,\"height\":587,\"caption\":\"Latin coll\u00e8ge teloch\u00e9\"},{\"@type\":\"BreadcrumbList\",\"@id\":\"https:\\\/\\\/www.stjb-delasalle.fr\\\/site\\\/2024\\\/01\\\/18\\\/5e-edition-prix-litterature-jeunesse-antiquite\\\/#breadcrumb\",\"itemListElement\":[{\"@type\":\"ListItem\",\"position\":1,\"name\":\"Accueil\",\"item\":\"https:\\\/\\\/www.stjb-delasalle.fr\\\/site\\\/\"},{\"@type\":\"ListItem\",\"position\":2,\"name\":\"5\u00e8 \u00e9dition Prix Litt\u00e9rature Jeunesse Antiquit\u00e9\"}]},{\"@type\":\"WebSite\",\"@id\":\"https:\\\/\\\/www.stjb-delasalle.fr\\\/site\\\/#website\",\"url\":\"https:\\\/\\\/www.stjb-delasalle.fr\\\/site\\\/\",\"name\":\"Coll\u00e8ge Saint Jean Baptiste de La Salle\",\"description\":\"Notre coll\u00e8ge vous accueille sur le site du Rancher \u00e0 Teloch\u00e9\",\"publisher\":{\"@id\":\"https:\\\/\\\/www.stjb-delasalle.fr\\\/site\\\/#organization\"},\"potentialAction\":[{\"@type\":\"SearchAction\",\"target\":{\"@type\":\"EntryPoint\",\"urlTemplate\":\"https:\\\/\\\/www.stjb-delasalle.fr\\\/site\\\/?s={search_term_string}\"},\"query-input\":{\"@type\":\"PropertyValueSpecification\",\"valueRequired\":true,\"valueName\":\"search_term_string\"}}],\"inLanguage\":\"fr-FR\"},{\"@type\":\"Organization\",\"@id\":\"https:\\\/\\\/www.stjb-delasalle.fr\\\/site\\\/#organization\",\"name\":\"Coll\u00e8ge Saint Jean Baptiste de La Salle\",\"url\":\"https:\\\/\\\/www.stjb-delasalle.fr\\\/site\\\/\",\"logo\":{\"@type\":\"ImageObject\",\"inLanguage\":\"fr-FR\",\"@id\":\"https:\\\/\\\/www.stjb-delasalle.fr\\\/site\\\/#\\\/schema\\\/logo\\\/image\\\/\",\"url\":\"https:\\\/\\\/www.stjb-delasalle.fr\\\/site\\\/wp-content\\\/uploads\\\/2021\\\/11\\\/logostjb_petit_transp.png\",\"contentUrl\":\"https:\\\/\\\/www.stjb-delasalle.fr\\\/site\\\/wp-content\\\/uploads\\\/2021\\\/11\\\/logostjb_petit_transp.png\",\"width\":180,\"height\":127,\"caption\":\"Coll\u00e8ge Saint Jean Baptiste de La Salle\"},\"image\":{\"@id\":\"https:\\\/\\\/www.stjb-delasalle.fr\\\/site\\\/#\\\/schema\\\/logo\\\/image\\\/\"}},{\"@type\":\"Person\",\"@id\":\"https:\\\/\\\/www.stjb-delasalle.fr\\\/site\\\/#\\\/schema\\\/person\\\/29e031eae2fbe58aca689f9074d3616a\",\"name\":\"s.couret\",\"image\":{\"@type\":\"ImageObject\",\"inLanguage\":\"fr-FR\",\"@id\":\"https:\\\/\\\/secure.gravatar.com\\\/avatar\\\/83474c4b01f4d5df531ba9e1ae59f6610ffe9a3c76657f973718ba9fff166522?s=96&d=mm&r=g\",\"url\":\"https:\\\/\\\/secure.gravatar.com\\\/avatar\\\/83474c4b01f4d5df531ba9e1ae59f6610ffe9a3c76657f973718ba9fff166522?s=96&d=mm&r=g\",\"contentUrl\":\"https:\\\/\\\/secure.gravatar.com\\\/avatar\\\/83474c4b01f4d5df531ba9e1ae59f6610ffe9a3c76657f973718ba9fff166522?s=96&d=mm&r=g\",\"caption\":\"s.couret\"},\"url\":\"https:\\\/\\\/www.stjb-delasalle.fr\\\/site\\\/author\\\/s-couret\\\/\"}]}<\/script>\n<!-- \/ Yoast SEO plugin. -->","yoast_head_json":{"title":"Coll\u00e8ge St Jean-Baptiste de La Salle - Le Rancher Teloch\u00e9","description":"Le Coll\u00e8ge St Jean-Baptiste de La Salle accueille les \u00e9l\u00e8ves dans un cadre exceptionnel \u00e0 Teloch\u00e9 depuis 1973, et d\u00e9veloppe au quotidien des projets innovants au service des jeunes.","robots":{"index":"index","follow":"follow","max-snippet":"max-snippet:-1","max-image-preview":"max-image-preview:large","max-video-preview":"max-video-preview:-1"},"canonical":"https:\/\/www.stjb-delasalle.fr\/site\/2024\/01\/18\/5e-edition-prix-litterature-jeunesse-antiquite\/","og_locale":"fr_FR","og_type":"article","og_title":"Coll\u00e8ge St Jean-Baptiste de La Salle - Le Rancher Teloch\u00e9","og_description":"Le Coll\u00e8ge St Jean-Baptiste de La Salle accueille les \u00e9l\u00e8ves dans un cadre exceptionnel \u00e0 Teloch\u00e9 depuis 1973, et d\u00e9veloppe au quotidien des projets innovants au service des jeunes.","og_url":"https:\/\/www.stjb-delasalle.fr\/site\/2024\/01\/18\/5e-edition-prix-litterature-jeunesse-antiquite\/","og_site_name":"Coll\u00e8ge Saint Jean Baptiste de La Salle","article_published_time":"2024-01-18T08:36:14+00:00","article_modified_time":"2024-01-23T14:09:02+00:00","og_image":[{"width":978,"height":587,"url":"https:\/\/www.stjb-delasalle.fr\/site\/wp-content\/uploads\/2024\/01\/IMG_1670.png","type":"image\/png"}],"author":"s.couret","twitter_card":"summary_large_image","twitter_misc":{"\u00c9crit par":"s.couret","Dur\u00e9e de lecture estim\u00e9e":"1 minute"},"schema":{"@context":"https:\/\/schema.org","@graph":[{"@type":"Article","@id":"https:\/\/www.stjb-delasalle.fr\/site\/2024\/01\/18\/5e-edition-prix-litterature-jeunesse-antiquite\/#article","isPartOf":{"@id":"https:\/\/www.stjb-delasalle.fr\/site\/2024\/01\/18\/5e-edition-prix-litterature-jeunesse-antiquite\/"},"author":{"name":"s.couret","@id":"https:\/\/www.stjb-delasalle.fr\/site\/#\/schema\/person\/29e031eae2fbe58aca689f9074d3616a"},"headline":"5\u00e8 \u00e9dition Prix Litt\u00e9rature Jeunesse Antiquit\u00e9","datePublished":"2024-01-18T08:36:14+00:00","dateModified":"2024-01-23T14:09:02+00:00","mainEntityOfPage":{"@id":"https:\/\/www.stjb-delasalle.fr\/site\/2024\/01\/18\/5e-edition-prix-litterature-jeunesse-antiquite\/"},"wordCount":59,"publisher":{"@id":"https:\/\/www.stjb-delasalle.fr\/site\/#organization"},"image":{"@id":"https:\/\/www.stjb-delasalle.fr\/site\/2024\/01\/18\/5e-edition-prix-litterature-jeunesse-antiquite\/#primaryimage"},"thumbnailUrl":"https:\/\/www.stjb-delasalle.fr\/site\/wp-content\/uploads\/2024\/01\/IMG_1670.png","articleSection":["Activit\u00e9s 4e","CDI","Coll\u00e8ge","LCA"],"inLanguage":"fr-FR"},{"@type":"WebPage","@id":"https:\/\/www.stjb-delasalle.fr\/site\/2024\/01\/18\/5e-edition-prix-litterature-jeunesse-antiquite\/","url":"https:\/\/www.stjb-delasalle.fr\/site\/2024\/01\/18\/5e-edition-prix-litterature-jeunesse-antiquite\/","name":"Coll\u00e8ge St Jean-Baptiste de La Salle - Le Rancher Teloch\u00e9","isPartOf":{"@id":"https:\/\/www.stjb-delasalle.fr\/site\/#website"},"primaryImageOfPage":{"@id":"https:\/\/www.stjb-delasalle.fr\/site\/2024\/01\/18\/5e-edition-prix-litterature-jeunesse-antiquite\/#primaryimage"},"image":{"@id":"https:\/\/www.stjb-delasalle.fr\/site\/2024\/01\/18\/5e-edition-prix-litterature-jeunesse-antiquite\/#primaryimage"},"thumbnailUrl":"https:\/\/www.stjb-delasalle.fr\/site\/wp-content\/uploads\/2024\/01\/IMG_1670.png","datePublished":"2024-01-18T08:36:14+00:00","dateModified":"2024-01-23T14:09:02+00:00","description":"Le Coll\u00e8ge St Jean-Baptiste de La Salle accueille les \u00e9l\u00e8ves dans un cadre exceptionnel \u00e0 Teloch\u00e9 depuis 1973, et d\u00e9veloppe au quotidien des projets innovants au service des jeunes.","breadcrumb":{"@id":"https:\/\/www.stjb-delasalle.fr\/site\/2024\/01\/18\/5e-edition-prix-litterature-jeunesse-antiquite\/#breadcrumb"},"inLanguage":"fr-FR","potentialAction":[{"@type":"ReadAction","target":["https:\/\/www.stjb-delasalle.fr\/site\/2024\/01\/18\/5e-edition-prix-litterature-jeunesse-antiquite\/"]}]},{"@type":"ImageObject","inLanguage":"fr-FR","@id":"https:\/\/www.stjb-delasalle.fr\/site\/2024\/01\/18\/5e-edition-prix-litterature-jeunesse-antiquite\/#primaryimage","url":"https:\/\/www.stjb-delasalle.fr\/site\/wp-content\/uploads\/2024\/01\/IMG_1670.png","contentUrl":"https:\/\/www.stjb-delasalle.fr\/site\/wp-content\/uploads\/2024\/01\/IMG_1670.png","width":978,"height":587,"caption":"Latin coll\u00e8ge teloch\u00e9"},{"@type":"BreadcrumbList","@id":"https:\/\/www.stjb-delasalle.fr\/site\/2024\/01\/18\/5e-edition-prix-litterature-jeunesse-antiquite\/#breadcrumb","itemListElement":[{"@type":"ListItem","position":1,"name":"Accueil","item":"https:\/\/www.stjb-delasalle.fr\/site\/"},{"@type":"ListItem","position":2,"name":"5\u00e8 \u00e9dition Prix Litt\u00e9rature Jeunesse Antiquit\u00e9"}]},{"@type":"WebSite","@id":"https:\/\/www.stjb-delasalle.fr\/site\/#website","url":"https:\/\/www.stjb-delasalle.fr\/site\/","name":"Coll\u00e8ge Saint Jean Baptiste de La Salle","description":"Notre coll\u00e8ge vous accueille sur le site du Rancher \u00e0 Teloch\u00e9","publisher":{"@id":"https:\/\/www.stjb-delasalle.fr\/site\/#organization"},"potentialAction":[{"@type":"SearchAction","target":{"@type":"EntryPoint","urlTemplate":"https:\/\/www.stjb-delasalle.fr\/site\/?s={search_term_string}"},"query-input":{"@type":"PropertyValueSpecification","valueRequired":true,"valueName":"search_term_string"}}],"inLanguage":"fr-FR"},{"@type":"Organization","@id":"https:\/\/www.stjb-delasalle.fr\/site\/#organization","name":"Coll\u00e8ge Saint Jean Baptiste de La Salle","url":"https:\/\/www.stjb-delasalle.fr\/site\/","logo":{"@type":"ImageObject","inLanguage":"fr-FR","@id":"https:\/\/www.stjb-delasalle.fr\/site\/#\/schema\/logo\/image\/","url":"https:\/\/www.stjb-delasalle.fr\/site\/wp-content\/uploads\/2021\/11\/logostjb_petit_transp.png","contentUrl":"https:\/\/www.stjb-delasalle.fr\/site\/wp-content\/uploads\/2021\/11\/logostjb_petit_transp.png","width":180,"height":127,"caption":"Coll\u00e8ge Saint Jean Baptiste de La Salle"},"image":{"@id":"https:\/\/www.stjb-delasalle.fr\/site\/#\/schema\/logo\/image\/"}},{"@type":"Person","@id":"https:\/\/www.stjb-delasalle.fr\/site\/#\/schema\/person\/29e031eae2fbe58aca689f9074d3616a","name":"s.couret","image":{"@type":"ImageObject","inLanguage":"fr-FR","@id":"https:\/\/secure.gravatar.com\/avatar\/83474c4b01f4d5df531ba9e1ae59f6610ffe9a3c76657f973718ba9fff166522?s=96&d=mm&r=g","url":"https:\/\/secure.gravatar.com\/avatar\/83474c4b01f4d5df531ba9e1ae59f6610ffe9a3c76657f973718ba9fff166522?s=96&d=mm&r=g","contentUrl":"https:\/\/secure.gravatar.com\/avatar\/83474c4b01f4d5df531ba9e1ae59f6610ffe9a3c76657f973718ba9fff166522?s=96&d=mm&r=g","caption":"s.couret"},"url":"https:\/\/www.stjb-delasalle.fr\/site\/author\/s-couret\/"}]}},"_links":{"self":[{"href":"https:\/\/www.stjb-delasalle.fr\/site\/wp-json\/wp\/v2\/posts\/14806","targetHints":{"allow":["GET"]}}],"collection":[{"href":"https:\/\/www.stjb-delasalle.fr\/site\/wp-json\/wp\/v2\/posts"}],"about":[{"href":"https:\/\/www.stjb-delasalle.fr\/site\/wp-json\/wp\/v2\/types\/post"}],"author":[{"embeddable":true,"href":"https:\/\/www.stjb-delasalle.fr\/site\/wp-json\/wp\/v2\/users\/3"}],"replies":[{"embeddable":true,"href":"https:\/\/www.stjb-delasalle.fr\/site\/wp-json\/wp\/v2\/comments?post=14806"}],"version-history":[{"count":1,"href":"https:\/\/www.stjb-delasalle.fr\/site\/wp-json\/wp\/v2\/posts\/14806\/revisions"}],"predecessor-version":[{"id":14809,"href":"https:\/\/www.stjb-delasalle.fr\/site\/wp-json\/wp\/v2\/posts\/14806\/revisions\/14809"}],"wp:featuredmedia":[{"embeddable":true,"href":"https:\/\/www.stjb-delasalle.fr\/site\/wp-json\/wp\/v2\/media\/14808"}],"wp:attachment":[{"href":"https:\/\/www.stjb-delasalle.fr\/site\/wp-json\/wp\/v2\/media?parent=14806"}],"wp:term":[{"taxonomy":"category","embeddable":true,"href":"https:\/\/www.stjb-delasalle.fr\/site\/wp-json\/wp\/v2\/categories?post=14806"},{"taxonomy":"post_tag","embeddable":true,"href":"https:\/\/www.stjb-delasalle.fr\/site\/wp-json\/wp\/v2\/tags?post=14806"}],"curies":[{"name":"wp","href":"https:\/\/api.w.org\/{rel}","templated":true}]}}