{"id":1476,"date":"2018-06-01T12:07:00","date_gmt":"2018-06-01T10:07:00","guid":{"rendered":"http:\/\/www.stjb-delasalle.fr\/?p=1476"},"modified":"2018-06-01T12:07:00","modified_gmt":"2018-06-01T10:07:00","slug":"retour-sur-college-ensemble","status":"publish","type":"post","link":"https:\/\/www.stjb-delasalle.fr\/site\/2018\/06\/01\/retour-sur-college-ensemble\/","title":{"rendered":"Retour sur coll\u00e8ge ensemble"},"content":{"rendered":"<p>Apr\u00e8s une ann\u00e9e de r\u00e9p\u00e9tition la chorale du coll\u00e8ge a pu montrer ses talents dans le tr\u00e8s beau cadre de l&rsquo;abbaye de l&rsquo;Epau. le 31 mai les chorales des \u00e9tablissements catholiques de la Sarthe se sont retrouv\u00e9es pour une nouvelle \u00e9dition de <strong>\u00ab\u00a0Coll\u00e8ge Ensemble\u00a0\u00bb<\/strong> la 13\u00e8me.<br \/>\nSous la direction de leur chef de choeur, plus de 200 coll\u00e9giens ont pu durant tout l&rsquo;apr\u00e8s midi r\u00e9p\u00e9ter les chants dont le th\u00e8me \u00e9tait le cin\u00e9ma: <em>(Sister Act, Harry Potter, Marry Poppins, 1492, les choristes &#8230;)<\/em> un beau programme men\u00e9 par <strong>Madame Lepagneu<\/strong>l professeur d&rsquo;\u00e9ducation musicale et de chant choral du coll\u00e8ge.<br \/>\n<strong>A 20h tout \u00e9tait pr\u00eat<\/strong> pour un magnifique concert devant les parents, les amis, les professeurs , les responsables du d\u00e9partement et de l&rsquo;enseignement catholique.<br \/>\nNos choristes nous ont montr\u00e9s leur talent dans le s\u00e9rieux pour apprendre tous les textes,dans leur voix, leur plaisir et leur joie d&rsquo;\u00eatre pr\u00e9sents.<br \/>\nApr\u00e8s 2 h de spectacle ils ont pu rejoindre leurs parents, heureux de cette exp\u00e9rience et pr\u00eats \u00e0 recommencer l&rsquo;an prochain.<br \/>\nMerci \u00e0 eux tous, aux accompagnateurs et <strong>un grand BRAVO.<\/strong><\/p>\n<p style=\"text-align: center;\"><span style=\"color: #c82a59;\"><strong>Cliquer sur les images afin de les agrandir.<\/strong><\/span><\/p>\n<p><a href=\"http:\/\/www.stjb-delasalle.fr\/wp-content\/uploads\/2018\/06\/DSC00275.jpg\"><img fetchpriority=\"high\" decoding=\"async\" class=\"alignleft wp-image-1453 size-medium\" src=\"http:\/\/www.stjb-delasalle.fr\/wp-content\/uploads\/2018\/06\/DSC00275-225x300.jpg\" alt=\"\" width=\"225\" height=\"300\" \/><\/a> <a href=\"http:\/\/www.stjb-delasalle.fr\/wp-content\/uploads\/2018\/06\/DSC00277.jpg\"><img decoding=\"async\" class=\"alignleft wp-image-1454 size-medium\" src=\"http:\/\/www.stjb-delasalle.fr\/wp-content\/uploads\/2018\/06\/DSC00277-300x225.jpg\" alt=\"\" width=\"300\" height=\"225\" \/><\/a> <a href=\"http:\/\/www.stjb-delasalle.fr\/wp-content\/uploads\/2018\/06\/DSC00278.jpg\"><img decoding=\"async\" class=\"alignleft wp-image-1455 size-medium\" src=\"http:\/\/www.stjb-delasalle.fr\/wp-content\/uploads\/2018\/06\/DSC00278-300x225.jpg\" alt=\"\" width=\"300\" height=\"225\" \/><\/a> <a href=\"http:\/\/www.stjb-delasalle.fr\/wp-content\/uploads\/2018\/06\/DSC00279.jpg\"><img loading=\"lazy\" decoding=\"async\" class=\"alignleft wp-image-1456 size-medium\" src=\"http:\/\/www.stjb-delasalle.fr\/wp-content\/uploads\/2018\/06\/DSC00279-300x225.jpg\" alt=\"\" width=\"300\" height=\"225\" \/><\/a> <a href=\"http:\/\/www.stjb-delasalle.fr\/wp-content\/uploads\/2018\/06\/DSC00282.jpg\"><img loading=\"lazy\" decoding=\"async\" class=\"alignleft wp-image-1458 size-medium\" src=\"http:\/\/www.stjb-delasalle.fr\/wp-content\/uploads\/2018\/06\/DSC00282-300x225.jpg\" alt=\"\" width=\"300\" height=\"225\" \/><\/a> <a href=\"http:\/\/www.stjb-delasalle.fr\/wp-content\/uploads\/2018\/06\/DSC00283.jpg\"><img loading=\"lazy\" decoding=\"async\" class=\"alignleft wp-image-1459 size-medium\" src=\"http:\/\/www.stjb-delasalle.fr\/wp-content\/uploads\/2018\/06\/DSC00283-300x225.jpg\" alt=\"\" width=\"300\" height=\"225\" \/><\/a> <a href=\"http:\/\/www.stjb-delasalle.fr\/wp-content\/uploads\/2018\/06\/DSC00284.jpg\"><img loading=\"lazy\" decoding=\"async\" class=\"alignleft wp-image-1460 size-medium\" src=\"http:\/\/www.stjb-delasalle.fr\/wp-content\/uploads\/2018\/06\/DSC00284-300x225.jpg\" alt=\"\" width=\"300\" height=\"225\" \/><\/a> <a href=\"http:\/\/www.stjb-delasalle.fr\/wp-content\/uploads\/2018\/06\/DSC00285.jpg\"><img loading=\"lazy\" decoding=\"async\" class=\"alignleft wp-image-1461 size-medium\" src=\"http:\/\/www.stjb-delasalle.fr\/wp-content\/uploads\/2018\/06\/DSC00285-300x225.jpg\" alt=\"\" width=\"300\" height=\"225\" \/><\/a> <a href=\"http:\/\/www.stjb-delasalle.fr\/wp-content\/uploads\/2018\/06\/DSC00288.jpg\"><img loading=\"lazy\" decoding=\"async\" class=\"alignleft wp-image-1462 size-medium\" src=\"http:\/\/www.stjb-delasalle.fr\/wp-content\/uploads\/2018\/06\/DSC00288-300x225.jpg\" alt=\"\" width=\"300\" height=\"225\" \/><\/a> <a href=\"http:\/\/www.stjb-delasalle.fr\/wp-content\/uploads\/2018\/06\/DSC00293.jpg\"><img loading=\"lazy\" decoding=\"async\" class=\"alignleft wp-image-1464 size-medium\" src=\"http:\/\/www.stjb-delasalle.fr\/wp-content\/uploads\/2018\/06\/DSC00293-300x225.jpg\" alt=\"\" width=\"300\" height=\"225\" \/><\/a> <a href=\"http:\/\/www.stjb-delasalle.fr\/wp-content\/uploads\/2018\/06\/DSC00294.jpg\"><img loading=\"lazy\" decoding=\"async\" class=\"alignleft wp-image-1465 size-medium\" src=\"http:\/\/www.stjb-delasalle.fr\/wp-content\/uploads\/2018\/06\/DSC00294-300x225.jpg\" alt=\"\" width=\"300\" height=\"225\" \/><\/a> <a href=\"http:\/\/www.stjb-delasalle.fr\/wp-content\/uploads\/2018\/06\/DSC00295.jpg\"><img loading=\"lazy\" decoding=\"async\" class=\"alignleft wp-image-1466 size-medium\" src=\"http:\/\/www.stjb-delasalle.fr\/wp-content\/uploads\/2018\/06\/DSC00295-300x225.jpg\" alt=\"\" width=\"300\" height=\"225\" \/><\/a> <a href=\"http:\/\/www.stjb-delasalle.fr\/wp-content\/uploads\/2018\/06\/DSC00296.jpg\"><img loading=\"lazy\" decoding=\"async\" class=\"alignleft wp-image-1467 size-medium\" src=\"http:\/\/www.stjb-delasalle.fr\/wp-content\/uploads\/2018\/06\/DSC00296-300x225.jpg\" alt=\"\" width=\"300\" height=\"225\" \/><\/a> <a href=\"http:\/\/www.stjb-delasalle.fr\/wp-content\/uploads\/2018\/06\/DSC00297.jpg\"><img loading=\"lazy\" decoding=\"async\" class=\"alignleft wp-image-1468 size-medium\" src=\"http:\/\/www.stjb-delasalle.fr\/wp-content\/uploads\/2018\/06\/DSC00297-300x225.jpg\" alt=\"\" width=\"300\" height=\"225\" \/><\/a> <a href=\"http:\/\/www.stjb-delasalle.fr\/wp-content\/uploads\/2018\/06\/DSC00302.jpg\"><img loading=\"lazy\" decoding=\"async\" class=\"alignleft wp-image-1469 size-medium\" src=\"http:\/\/www.stjb-delasalle.fr\/wp-content\/uploads\/2018\/06\/DSC00302-300x225.jpg\" alt=\"\" width=\"300\" height=\"225\" \/><\/a> <a href=\"http:\/\/www.stjb-delasalle.fr\/wp-content\/uploads\/2018\/06\/DSC00303.jpg\"><img loading=\"lazy\" decoding=\"async\" class=\"alignleft wp-image-1470 size-medium\" src=\"http:\/\/www.stjb-delasalle.fr\/wp-content\/uploads\/2018\/06\/DSC00303-300x225.jpg\" alt=\"\" width=\"300\" height=\"225\" \/><\/a> <a href=\"http:\/\/www.stjb-delasalle.fr\/wp-content\/uploads\/2018\/06\/DSC00304.jpg\"><img loading=\"lazy\" decoding=\"async\" class=\"alignleft wp-image-1471 size-medium\" src=\"http:\/\/www.stjb-delasalle.fr\/wp-content\/uploads\/2018\/06\/DSC00304-300x225.jpg\" alt=\"\" width=\"300\" height=\"225\" \/><\/a> <a href=\"http:\/\/www.stjb-delasalle.fr\/wp-content\/uploads\/2018\/06\/DSC00306.jpg\"><img loading=\"lazy\" decoding=\"async\" class=\"alignleft wp-image-1472 size-medium\" src=\"http:\/\/www.stjb-delasalle.fr\/wp-content\/uploads\/2018\/06\/DSC00306-300x225.jpg\" alt=\"\" width=\"300\" height=\"225\" \/><\/a> <a href=\"http:\/\/www.stjb-delasalle.fr\/wp-content\/uploads\/2018\/06\/DSC00308.jpg\"><img loading=\"lazy\" decoding=\"async\" class=\"alignleft wp-image-1473 size-medium\" src=\"http:\/\/www.stjb-delasalle.fr\/wp-content\/uploads\/2018\/06\/DSC00308-300x225.jpg\" alt=\"\" width=\"300\" height=\"225\" \/><\/a> <img loading=\"lazy\" decoding=\"async\" class=\"alignnone size-medium wp-image-1474\" src=\"http:\/\/www.stjb-delasalle.fr\/wp-content\/uploads\/2018\/06\/DSC00310-225x300.jpg\" alt=\"\" width=\"225\" height=\"300\" \/> <a href=\"http:\/\/www.stjb-delasalle.fr\/wp-content\/uploads\/2018\/06\/DSC00314.jpg\"><img loading=\"lazy\" decoding=\"async\" class=\"alignleft wp-image-1475 size-medium\" src=\"http:\/\/www.stjb-delasalle.fr\/wp-content\/uploads\/2018\/06\/DSC00314-300x225.jpg\" alt=\"\" width=\"300\" height=\"225\" \/><\/a><\/p>\n","protected":false},"excerpt":{"rendered":"<p>Apr\u00e8s une ann\u00e9e de r\u00e9p\u00e9tition la chorale du coll\u00e8ge a pu montrer ses talents dans le tr\u00e8s beau cadre de l&rsquo;abbaye de l&rsquo;Epau. le 31 mai les chorales des \u00e9tablissements catholiques de la Sarthe se sont retrouv\u00e9es pour une nouvelle \u00e9dition de \u00ab\u00a0Coll\u00e8ge Ensemble\u00a0\u00bb la 13\u00e8me. Sous la direction de leur chef de choeur, plus [&hellip;]<\/p>\n","protected":false},"author":1,"featured_media":1457,"comment_status":"closed","ping_status":"closed","sticky":false,"template":"","format":"standard","meta":{"site-sidebar-layout":"default","site-content-layout":"","ast-site-content-layout":"default","site-content-style":"default","site-sidebar-style":"default","ast-global-header-display":"","ast-banner-title-visibility":"","ast-main-header-display":"","ast-hfb-above-header-display":"","ast-hfb-below-header-display":"","ast-hfb-mobile-header-display":"","site-post-title":"","ast-breadcrumbs-content":"","ast-featured-img":"","footer-sml-layout":"","ast-disable-related-posts":"","theme-transparent-header-meta":"","adv-header-id-meta":"","stick-header-meta":"","header-above-stick-meta":"","header-main-stick-meta":"","header-below-stick-meta":"","astra-migrate-meta-layouts":"default","ast-page-background-enabled":"default","ast-page-background-meta":{"desktop":{"background-color":"var(--ast-global-color-4)","background-image":"","background-repeat":"repeat","background-position":"center center","background-size":"auto","background-attachment":"scroll","background-type":"","background-media":"","overlay-type":"","overlay-color":"","overlay-opacity":"","overlay-gradient":""},"tablet":{"background-color":"","background-image":"","background-repeat":"repeat","background-position":"center center","background-size":"auto","background-attachment":"scroll","background-type":"","background-media":"","overlay-type":"","overlay-color":"","overlay-opacity":"","overlay-gradient":""},"mobile":{"background-color":"","background-image":"","background-repeat":"repeat","background-position":"center center","background-size":"auto","background-attachment":"scroll","background-type":"","background-media":"","overlay-type":"","overlay-color":"","overlay-opacity":"","overlay-gradient":""}},"ast-content-background-meta":{"desktop":{"background-color":"var(--ast-global-color-5)","background-image":"","background-repeat":"repeat","background-position":"center center","background-size":"auto","background-attachment":"scroll","background-type":"","background-media":"","overlay-type":"","overlay-color":"","overlay-opacity":"","overlay-gradient":""},"tablet":{"background-color":"var(--ast-global-color-5)","background-image":"","background-repeat":"repeat","background-position":"center center","background-size":"auto","background-attachment":"scroll","background-type":"","background-media":"","overlay-type":"","overlay-color":"","overlay-opacity":"","overlay-gradient":""},"mobile":{"background-color":"var(--ast-global-color-5)","background-image":"","background-repeat":"repeat","background-position":"center center","background-size":"auto","background-attachment":"scroll","background-type":"","background-media":"","overlay-type":"","overlay-color":"","overlay-opacity":"","overlay-gradient":""}},"footnotes":""},"categories":[6],"tags":[],"class_list":["post-1476","post","type-post","status-publish","format-standard","has-post-thumbnail","hentry","category-college"],"yoast_head":"<!-- This site is optimized with the Yoast SEO plugin v27.5 - https:\/\/yoast.com\/product\/yoast-seo-wordpress\/ -->\n<title>Retour sur coll\u00e8ge ensemble - Coll\u00e8ge Saint Jean Baptiste de La Salle<\/title>\n<meta name=\"robots\" content=\"index, follow, max-snippet:-1, max-image-preview:large, max-video-preview:-1\" \/>\n<link rel=\"canonical\" href=\"https:\/\/www.stjb-delasalle.fr\/site\/2018\/06\/01\/retour-sur-college-ensemble\/\" \/>\n<meta property=\"og:locale\" content=\"fr_FR\" \/>\n<meta property=\"og:type\" content=\"article\" \/>\n<meta property=\"og:title\" content=\"Retour sur coll\u00e8ge ensemble - Coll\u00e8ge Saint Jean Baptiste de La Salle\" \/>\n<meta property=\"og:description\" content=\"Apr\u00e8s une ann\u00e9e de r\u00e9p\u00e9tition la chorale du coll\u00e8ge a pu montrer ses talents dans le tr\u00e8s beau cadre de l&rsquo;abbaye de l&rsquo;Epau. le 31 mai les chorales des \u00e9tablissements catholiques de la Sarthe se sont retrouv\u00e9es pour une nouvelle \u00e9dition de \u00ab\u00a0Coll\u00e8ge Ensemble\u00a0\u00bb la 13\u00e8me. Sous la direction de leur chef de choeur, plus [&hellip;]\" \/>\n<meta property=\"og:url\" content=\"https:\/\/www.stjb-delasalle.fr\/site\/2018\/06\/01\/retour-sur-college-ensemble\/\" \/>\n<meta property=\"og:site_name\" content=\"Coll\u00e8ge Saint Jean Baptiste de La Salle\" \/>\n<meta property=\"article:published_time\" content=\"2018-06-01T10:07:00+00:00\" \/>\n<meta name=\"author\" content=\"r.zucchetti\" \/>\n<meta name=\"twitter:card\" content=\"summary_large_image\" \/>\n<meta name=\"twitter:label1\" content=\"\u00c9crit par\" \/>\n\t<meta name=\"twitter:data1\" content=\"r.zucchetti\" \/>\n\t<meta name=\"twitter:label2\" content=\"Dur\u00e9e de lecture estim\u00e9e\" \/>\n\t<meta name=\"twitter:data2\" content=\"1 minute\" \/>\n<script type=\"application\/ld+json\" class=\"yoast-schema-graph\">{\"@context\":\"https:\\\/\\\/schema.org\",\"@graph\":[{\"@type\":\"Article\",\"@id\":\"https:\\\/\\\/www.stjb-delasalle.fr\\\/site\\\/2018\\\/06\\\/01\\\/retour-sur-college-ensemble\\\/#article\",\"isPartOf\":{\"@id\":\"https:\\\/\\\/www.stjb-delasalle.fr\\\/site\\\/2018\\\/06\\\/01\\\/retour-sur-college-ensemble\\\/\"},\"author\":{\"name\":\"r.zucchetti\",\"@id\":\"https:\\\/\\\/www.stjb-delasalle.fr\\\/site\\\/#\\\/schema\\\/person\\\/36988a7b4178dd69b805a25eea2b8f8f\"},\"headline\":\"Retour sur coll\u00e8ge ensemble\",\"datePublished\":\"2018-06-01T10:07:00+00:00\",\"mainEntityOfPage\":{\"@id\":\"https:\\\/\\\/www.stjb-delasalle.fr\\\/site\\\/2018\\\/06\\\/01\\\/retour-sur-college-ensemble\\\/\"},\"wordCount\":210,\"publisher\":{\"@id\":\"https:\\\/\\\/www.stjb-delasalle.fr\\\/site\\\/#organization\"},\"image\":{\"@id\":\"https:\\\/\\\/www.stjb-delasalle.fr\\\/site\\\/2018\\\/06\\\/01\\\/retour-sur-college-ensemble\\\/#primaryimage\"},\"thumbnailUrl\":\"\",\"articleSection\":[\"Coll\u00e8ge\"],\"inLanguage\":\"fr-FR\"},{\"@type\":\"WebPage\",\"@id\":\"https:\\\/\\\/www.stjb-delasalle.fr\\\/site\\\/2018\\\/06\\\/01\\\/retour-sur-college-ensemble\\\/\",\"url\":\"https:\\\/\\\/www.stjb-delasalle.fr\\\/site\\\/2018\\\/06\\\/01\\\/retour-sur-college-ensemble\\\/\",\"name\":\"Retour sur coll\u00e8ge ensemble - Coll\u00e8ge Saint Jean Baptiste de La Salle\",\"isPartOf\":{\"@id\":\"https:\\\/\\\/www.stjb-delasalle.fr\\\/site\\\/#website\"},\"primaryImageOfPage\":{\"@id\":\"https:\\\/\\\/www.stjb-delasalle.fr\\\/site\\\/2018\\\/06\\\/01\\\/retour-sur-college-ensemble\\\/#primaryimage\"},\"image\":{\"@id\":\"https:\\\/\\\/www.stjb-delasalle.fr\\\/site\\\/2018\\\/06\\\/01\\\/retour-sur-college-ensemble\\\/#primaryimage\"},\"thumbnailUrl\":\"\",\"datePublished\":\"2018-06-01T10:07:00+00:00\",\"breadcrumb\":{\"@id\":\"https:\\\/\\\/www.stjb-delasalle.fr\\\/site\\\/2018\\\/06\\\/01\\\/retour-sur-college-ensemble\\\/#breadcrumb\"},\"inLanguage\":\"fr-FR\",\"potentialAction\":[{\"@type\":\"ReadAction\",\"target\":[\"https:\\\/\\\/www.stjb-delasalle.fr\\\/site\\\/2018\\\/06\\\/01\\\/retour-sur-college-ensemble\\\/\"]}]},{\"@type\":\"ImageObject\",\"inLanguage\":\"fr-FR\",\"@id\":\"https:\\\/\\\/www.stjb-delasalle.fr\\\/site\\\/2018\\\/06\\\/01\\\/retour-sur-college-ensemble\\\/#primaryimage\",\"url\":\"\",\"contentUrl\":\"\"},{\"@type\":\"BreadcrumbList\",\"@id\":\"https:\\\/\\\/www.stjb-delasalle.fr\\\/site\\\/2018\\\/06\\\/01\\\/retour-sur-college-ensemble\\\/#breadcrumb\",\"itemListElement\":[{\"@type\":\"ListItem\",\"position\":1,\"name\":\"Accueil\",\"item\":\"https:\\\/\\\/www.stjb-delasalle.fr\\\/site\\\/\"},{\"@type\":\"ListItem\",\"position\":2,\"name\":\"Retour sur coll\u00e8ge ensemble\"}]},{\"@type\":\"WebSite\",\"@id\":\"https:\\\/\\\/www.stjb-delasalle.fr\\\/site\\\/#website\",\"url\":\"https:\\\/\\\/www.stjb-delasalle.fr\\\/site\\\/\",\"name\":\"Coll\u00e8ge Saint Jean Baptiste de La Salle\",\"description\":\"Notre coll\u00e8ge vous accueille sur le site du Rancher \u00e0 Teloch\u00e9\",\"publisher\":{\"@id\":\"https:\\\/\\\/www.stjb-delasalle.fr\\\/site\\\/#organization\"},\"potentialAction\":[{\"@type\":\"SearchAction\",\"target\":{\"@type\":\"EntryPoint\",\"urlTemplate\":\"https:\\\/\\\/www.stjb-delasalle.fr\\\/site\\\/?s={search_term_string}\"},\"query-input\":{\"@type\":\"PropertyValueSpecification\",\"valueRequired\":true,\"valueName\":\"search_term_string\"}}],\"inLanguage\":\"fr-FR\"},{\"@type\":\"Organization\",\"@id\":\"https:\\\/\\\/www.stjb-delasalle.fr\\\/site\\\/#organization\",\"name\":\"Coll\u00e8ge Saint Jean Baptiste de La Salle\",\"url\":\"https:\\\/\\\/www.stjb-delasalle.fr\\\/site\\\/\",\"logo\":{\"@type\":\"ImageObject\",\"inLanguage\":\"fr-FR\",\"@id\":\"https:\\\/\\\/www.stjb-delasalle.fr\\\/site\\\/#\\\/schema\\\/logo\\\/image\\\/\",\"url\":\"https:\\\/\\\/www.stjb-delasalle.fr\\\/site\\\/wp-content\\\/uploads\\\/2021\\\/11\\\/logostjb_petit_transp.png\",\"contentUrl\":\"https:\\\/\\\/www.stjb-delasalle.fr\\\/site\\\/wp-content\\\/uploads\\\/2021\\\/11\\\/logostjb_petit_transp.png\",\"width\":180,\"height\":127,\"caption\":\"Coll\u00e8ge Saint Jean Baptiste de La Salle\"},\"image\":{\"@id\":\"https:\\\/\\\/www.stjb-delasalle.fr\\\/site\\\/#\\\/schema\\\/logo\\\/image\\\/\"}},{\"@type\":\"Person\",\"@id\":\"https:\\\/\\\/www.stjb-delasalle.fr\\\/site\\\/#\\\/schema\\\/person\\\/36988a7b4178dd69b805a25eea2b8f8f\",\"name\":\"r.zucchetti\",\"image\":{\"@type\":\"ImageObject\",\"inLanguage\":\"fr-FR\",\"@id\":\"https:\\\/\\\/secure.gravatar.com\\\/avatar\\\/de909cd474d221f967baff6582e1e559c4977b81139138190583ff7dda97b212?s=96&d=mm&r=g\",\"url\":\"https:\\\/\\\/secure.gravatar.com\\\/avatar\\\/de909cd474d221f967baff6582e1e559c4977b81139138190583ff7dda97b212?s=96&d=mm&r=g\",\"contentUrl\":\"https:\\\/\\\/secure.gravatar.com\\\/avatar\\\/de909cd474d221f967baff6582e1e559c4977b81139138190583ff7dda97b212?s=96&d=mm&r=g\",\"caption\":\"r.zucchetti\"},\"sameAs\":[\"https:\\\/\\\/www.stjb-delasalle.fr\\\/site\"],\"url\":\"https:\\\/\\\/www.stjb-delasalle.fr\\\/site\\\/author\\\/r-zucchetti\\\/\"}]}<\/script>\n<!-- \/ Yoast SEO plugin. -->","yoast_head_json":{"title":"Retour sur coll\u00e8ge ensemble - Coll\u00e8ge Saint Jean Baptiste de La Salle","robots":{"index":"index","follow":"follow","max-snippet":"max-snippet:-1","max-image-preview":"max-image-preview:large","max-video-preview":"max-video-preview:-1"},"canonical":"https:\/\/www.stjb-delasalle.fr\/site\/2018\/06\/01\/retour-sur-college-ensemble\/","og_locale":"fr_FR","og_type":"article","og_title":"Retour sur coll\u00e8ge ensemble - Coll\u00e8ge Saint Jean Baptiste de La Salle","og_description":"Apr\u00e8s une ann\u00e9e de r\u00e9p\u00e9tition la chorale du coll\u00e8ge a pu montrer ses talents dans le tr\u00e8s beau cadre de l&rsquo;abbaye de l&rsquo;Epau. le 31 mai les chorales des \u00e9tablissements catholiques de la Sarthe se sont retrouv\u00e9es pour une nouvelle \u00e9dition de \u00ab\u00a0Coll\u00e8ge Ensemble\u00a0\u00bb la 13\u00e8me. Sous la direction de leur chef de choeur, plus [&hellip;]","og_url":"https:\/\/www.stjb-delasalle.fr\/site\/2018\/06\/01\/retour-sur-college-ensemble\/","og_site_name":"Coll\u00e8ge Saint Jean Baptiste de La Salle","article_published_time":"2018-06-01T10:07:00+00:00","author":"r.zucchetti","twitter_card":"summary_large_image","twitter_misc":{"\u00c9crit par":"r.zucchetti","Dur\u00e9e de lecture estim\u00e9e":"1 minute"},"schema":{"@context":"https:\/\/schema.org","@graph":[{"@type":"Article","@id":"https:\/\/www.stjb-delasalle.fr\/site\/2018\/06\/01\/retour-sur-college-ensemble\/#article","isPartOf":{"@id":"https:\/\/www.stjb-delasalle.fr\/site\/2018\/06\/01\/retour-sur-college-ensemble\/"},"author":{"name":"r.zucchetti","@id":"https:\/\/www.stjb-delasalle.fr\/site\/#\/schema\/person\/36988a7b4178dd69b805a25eea2b8f8f"},"headline":"Retour sur coll\u00e8ge ensemble","datePublished":"2018-06-01T10:07:00+00:00","mainEntityOfPage":{"@id":"https:\/\/www.stjb-delasalle.fr\/site\/2018\/06\/01\/retour-sur-college-ensemble\/"},"wordCount":210,"publisher":{"@id":"https:\/\/www.stjb-delasalle.fr\/site\/#organization"},"image":{"@id":"https:\/\/www.stjb-delasalle.fr\/site\/2018\/06\/01\/retour-sur-college-ensemble\/#primaryimage"},"thumbnailUrl":"","articleSection":["Coll\u00e8ge"],"inLanguage":"fr-FR"},{"@type":"WebPage","@id":"https:\/\/www.stjb-delasalle.fr\/site\/2018\/06\/01\/retour-sur-college-ensemble\/","url":"https:\/\/www.stjb-delasalle.fr\/site\/2018\/06\/01\/retour-sur-college-ensemble\/","name":"Retour sur coll\u00e8ge ensemble - Coll\u00e8ge Saint Jean Baptiste de La Salle","isPartOf":{"@id":"https:\/\/www.stjb-delasalle.fr\/site\/#website"},"primaryImageOfPage":{"@id":"https:\/\/www.stjb-delasalle.fr\/site\/2018\/06\/01\/retour-sur-college-ensemble\/#primaryimage"},"image":{"@id":"https:\/\/www.stjb-delasalle.fr\/site\/2018\/06\/01\/retour-sur-college-ensemble\/#primaryimage"},"thumbnailUrl":"","datePublished":"2018-06-01T10:07:00+00:00","breadcrumb":{"@id":"https:\/\/www.stjb-delasalle.fr\/site\/2018\/06\/01\/retour-sur-college-ensemble\/#breadcrumb"},"inLanguage":"fr-FR","potentialAction":[{"@type":"ReadAction","target":["https:\/\/www.stjb-delasalle.fr\/site\/2018\/06\/01\/retour-sur-college-ensemble\/"]}]},{"@type":"ImageObject","inLanguage":"fr-FR","@id":"https:\/\/www.stjb-delasalle.fr\/site\/2018\/06\/01\/retour-sur-college-ensemble\/#primaryimage","url":"","contentUrl":""},{"@type":"BreadcrumbList","@id":"https:\/\/www.stjb-delasalle.fr\/site\/2018\/06\/01\/retour-sur-college-ensemble\/#breadcrumb","itemListElement":[{"@type":"ListItem","position":1,"name":"Accueil","item":"https:\/\/www.stjb-delasalle.fr\/site\/"},{"@type":"ListItem","position":2,"name":"Retour sur coll\u00e8ge ensemble"}]},{"@type":"WebSite","@id":"https:\/\/www.stjb-delasalle.fr\/site\/#website","url":"https:\/\/www.stjb-delasalle.fr\/site\/","name":"Coll\u00e8ge Saint Jean Baptiste de La Salle","description":"Notre coll\u00e8ge vous accueille sur le site du Rancher \u00e0 Teloch\u00e9","publisher":{"@id":"https:\/\/www.stjb-delasalle.fr\/site\/#organization"},"potentialAction":[{"@type":"SearchAction","target":{"@type":"EntryPoint","urlTemplate":"https:\/\/www.stjb-delasalle.fr\/site\/?s={search_term_string}"},"query-input":{"@type":"PropertyValueSpecification","valueRequired":true,"valueName":"search_term_string"}}],"inLanguage":"fr-FR"},{"@type":"Organization","@id":"https:\/\/www.stjb-delasalle.fr\/site\/#organization","name":"Coll\u00e8ge Saint Jean Baptiste de La Salle","url":"https:\/\/www.stjb-delasalle.fr\/site\/","logo":{"@type":"ImageObject","inLanguage":"fr-FR","@id":"https:\/\/www.stjb-delasalle.fr\/site\/#\/schema\/logo\/image\/","url":"https:\/\/www.stjb-delasalle.fr\/site\/wp-content\/uploads\/2021\/11\/logostjb_petit_transp.png","contentUrl":"https:\/\/www.stjb-delasalle.fr\/site\/wp-content\/uploads\/2021\/11\/logostjb_petit_transp.png","width":180,"height":127,"caption":"Coll\u00e8ge Saint Jean Baptiste de La Salle"},"image":{"@id":"https:\/\/www.stjb-delasalle.fr\/site\/#\/schema\/logo\/image\/"}},{"@type":"Person","@id":"https:\/\/www.stjb-delasalle.fr\/site\/#\/schema\/person\/36988a7b4178dd69b805a25eea2b8f8f","name":"r.zucchetti","image":{"@type":"ImageObject","inLanguage":"fr-FR","@id":"https:\/\/secure.gravatar.com\/avatar\/de909cd474d221f967baff6582e1e559c4977b81139138190583ff7dda97b212?s=96&d=mm&r=g","url":"https:\/\/secure.gravatar.com\/avatar\/de909cd474d221f967baff6582e1e559c4977b81139138190583ff7dda97b212?s=96&d=mm&r=g","contentUrl":"https:\/\/secure.gravatar.com\/avatar\/de909cd474d221f967baff6582e1e559c4977b81139138190583ff7dda97b212?s=96&d=mm&r=g","caption":"r.zucchetti"},"sameAs":["https:\/\/www.stjb-delasalle.fr\/site"],"url":"https:\/\/www.stjb-delasalle.fr\/site\/author\/r-zucchetti\/"}]}},"_links":{"self":[{"href":"https:\/\/www.stjb-delasalle.fr\/site\/wp-json\/wp\/v2\/posts\/1476","targetHints":{"allow":["GET"]}}],"collection":[{"href":"https:\/\/www.stjb-delasalle.fr\/site\/wp-json\/wp\/v2\/posts"}],"about":[{"href":"https:\/\/www.stjb-delasalle.fr\/site\/wp-json\/wp\/v2\/types\/post"}],"author":[{"embeddable":true,"href":"https:\/\/www.stjb-delasalle.fr\/site\/wp-json\/wp\/v2\/users\/1"}],"replies":[{"embeddable":true,"href":"https:\/\/www.stjb-delasalle.fr\/site\/wp-json\/wp\/v2\/comments?post=1476"}],"version-history":[{"count":0,"href":"https:\/\/www.stjb-delasalle.fr\/site\/wp-json\/wp\/v2\/posts\/1476\/revisions"}],"wp:featuredmedia":[{"embeddable":true,"href":"https:\/\/www.stjb-delasalle.fr\/site\/wp-json\/"}],"wp:attachment":[{"href":"https:\/\/www.stjb-delasalle.fr\/site\/wp-json\/wp\/v2\/media?parent=1476"}],"wp:term":[{"taxonomy":"category","embeddable":true,"href":"https:\/\/www.stjb-delasalle.fr\/site\/wp-json\/wp\/v2\/categories?post=1476"},{"taxonomy":"post_tag","embeddable":true,"href":"https:\/\/www.stjb-delasalle.fr\/site\/wp-json\/wp\/v2\/tags?post=1476"}],"curies":[{"name":"wp","href":"https:\/\/api.w.org\/{rel}","templated":true}]}}