{"id":13983,"date":"2023-10-24T15:49:57","date_gmt":"2023-10-24T15:49:57","guid":{"rendered":"https:\/\/www.stjb-delasalle.fr\/site\/?p=13983"},"modified":"2024-04-07T09:34:04","modified_gmt":"2024-04-07T09:34:04","slug":"election-des-delegues-en-6eme","status":"publish","type":"post","link":"https:\/\/www.stjb-delasalle.fr\/site\/2023\/10\/24\/election-des-delegues-en-6eme\/","title":{"rendered":"\u00c9lection des d\u00e9l\u00e9gu\u00e9s en 6\u00e8me"},"content":{"rendered":"<p>Apr\u00e8s une campagne \u00e9lectorale bien men\u00e9e, les \u00e9l\u00e8ves du niveau 6\u00e8me ont pu voter ce vendredi 20 octobre pour choisir leurs d\u00e9l\u00e9gu\u00e9s et suppl\u00e9ants.<\/p>\n<p>Merci \u00e0 Monsieur le Maire de Teloch\u00e9, qui comme chaque ann\u00e9e nous a fait honneur de sa pr\u00e9sence en accompagnant les \u00e9l\u00e8ves sur le sens et l\u2019importance du r\u00f4le de citoyen.<\/p>\n<p>Un grand merci \u00e9galement aux \u00e9l\u00e8ves b\u00e9n\u00e9voles (Victoire, Lana, Paul et Sohan) pour leur aide et leur soutien constant et surtout un grand bravo aux nouveaux d\u00e9l\u00e9gu\u00e9s et suppl\u00e9ants.<br \/>\nA la pause de 15h20, Mlle HOULBERT, \u00c9ducatrice r\u00e9f\u00e9rente du niveau 6\u00e8me, a annonc\u00e9 au micro les r\u00e9sultats des votes.<\/p>\n<p>Pour les autres niveaux, les \u00e9lections se sont d\u00e9roul\u00e9es sur les temps de vie de classe.<\/p>\n<p>Mme Lauze,<\/p>\n<p>Responsable de vie scolaire<\/p>\n<p><img fetchpriority=\"high\" decoding=\"async\" class=\"alignnone wp-image-13987 size-large\" src=\"https:\/\/www.stjb-delasalle.fr\/site\/wp-content\/uploads\/2023\/10\/941e2cbc-f6ef-4733-b25e-4d879efcfbc1-768x1024.jpg\" alt=\"\" width=\"768\" height=\"1024\" srcset=\"https:\/\/www.stjb-delasalle.fr\/site\/wp-content\/uploads\/2023\/10\/941e2cbc-f6ef-4733-b25e-4d879efcfbc1-768x1024.jpg 768w, https:\/\/www.stjb-delasalle.fr\/site\/wp-content\/uploads\/2023\/10\/941e2cbc-f6ef-4733-b25e-4d879efcfbc1-225x300.jpg 225w, https:\/\/www.stjb-delasalle.fr\/site\/wp-content\/uploads\/2023\/10\/941e2cbc-f6ef-4733-b25e-4d879efcfbc1-1152x1536.jpg 1152w, https:\/\/www.stjb-delasalle.fr\/site\/wp-content\/uploads\/2023\/10\/941e2cbc-f6ef-4733-b25e-4d879efcfbc1.jpg 1440w\" sizes=\"(max-width: 768px) 100vw, 768px\" \/><img decoding=\"async\" class=\"alignnone wp-image-13988 size-large\" src=\"https:\/\/www.stjb-delasalle.fr\/site\/wp-content\/uploads\/2023\/10\/e515ab69-0fb0-48f9-8d9d-e9715b61c63b-768x1024.jpg\" alt=\"\" width=\"768\" height=\"1024\" srcset=\"https:\/\/www.stjb-delasalle.fr\/site\/wp-content\/uploads\/2023\/10\/e515ab69-0fb0-48f9-8d9d-e9715b61c63b-768x1024.jpg 768w, https:\/\/www.stjb-delasalle.fr\/site\/wp-content\/uploads\/2023\/10\/e515ab69-0fb0-48f9-8d9d-e9715b61c63b-225x300.jpg 225w, https:\/\/www.stjb-delasalle.fr\/site\/wp-content\/uploads\/2023\/10\/e515ab69-0fb0-48f9-8d9d-e9715b61c63b-1152x1536.jpg 1152w, https:\/\/www.stjb-delasalle.fr\/site\/wp-content\/uploads\/2023\/10\/e515ab69-0fb0-48f9-8d9d-e9715b61c63b.jpg 1440w\" sizes=\"(max-width: 768px) 100vw, 768px\" \/><br \/>\n<img decoding=\"async\" class=\"alignnone wp-image-13991 size-large\" src=\"https:\/\/www.stjb-delasalle.fr\/site\/wp-content\/uploads\/2023\/10\/388dd98f-bea7-425d-8af3-4c1b73039e2f-768x1024.jpeg\" alt=\"\" width=\"768\" height=\"1024\" srcset=\"https:\/\/www.stjb-delasalle.fr\/site\/wp-content\/uploads\/2023\/10\/388dd98f-bea7-425d-8af3-4c1b73039e2f-768x1024.jpeg 768w, https:\/\/www.stjb-delasalle.fr\/site\/wp-content\/uploads\/2023\/10\/388dd98f-bea7-425d-8af3-4c1b73039e2f-225x300.jpeg 225w, https:\/\/www.stjb-delasalle.fr\/site\/wp-content\/uploads\/2023\/10\/388dd98f-bea7-425d-8af3-4c1b73039e2f-1152x1536.jpeg 1152w, https:\/\/www.stjb-delasalle.fr\/site\/wp-content\/uploads\/2023\/10\/388dd98f-bea7-425d-8af3-4c1b73039e2f.jpeg 1536w\" sizes=\"(max-width: 768px) 100vw, 768px\" \/><img loading=\"lazy\" decoding=\"async\" class=\"alignnone wp-image-13985 size-large\" src=\"https:\/\/www.stjb-delasalle.fr\/site\/wp-content\/uploads\/2023\/10\/e59f9bc8-0c6e-4487-851b-a2d6749b85a4-768x1024.jpg\" alt=\"\" width=\"768\" height=\"1024\" srcset=\"https:\/\/www.stjb-delasalle.fr\/site\/wp-content\/uploads\/2023\/10\/e59f9bc8-0c6e-4487-851b-a2d6749b85a4-768x1024.jpg 768w, https:\/\/www.stjb-delasalle.fr\/site\/wp-content\/uploads\/2023\/10\/e59f9bc8-0c6e-4487-851b-a2d6749b85a4-225x300.jpg 225w, https:\/\/www.stjb-delasalle.fr\/site\/wp-content\/uploads\/2023\/10\/e59f9bc8-0c6e-4487-851b-a2d6749b85a4-1152x1536.jpg 1152w, https:\/\/www.stjb-delasalle.fr\/site\/wp-content\/uploads\/2023\/10\/e59f9bc8-0c6e-4487-851b-a2d6749b85a4.jpg 1440w\" sizes=\"(max-width: 768px) 100vw, 768px\" \/><img loading=\"lazy\" decoding=\"async\" class=\"alignnone wp-image-13992 size-large\" src=\"https:\/\/www.stjb-delasalle.fr\/site\/wp-content\/uploads\/2023\/10\/082cf06f-32ae-40b9-8e4c-37863e73eebd-768x1024.jpeg\" alt=\"\" width=\"768\" height=\"1024\" srcset=\"https:\/\/www.stjb-delasalle.fr\/site\/wp-content\/uploads\/2023\/10\/082cf06f-32ae-40b9-8e4c-37863e73eebd-768x1024.jpeg 768w, https:\/\/www.stjb-delasalle.fr\/site\/wp-content\/uploads\/2023\/10\/082cf06f-32ae-40b9-8e4c-37863e73eebd-225x300.jpeg 225w, https:\/\/www.stjb-delasalle.fr\/site\/wp-content\/uploads\/2023\/10\/082cf06f-32ae-40b9-8e4c-37863e73eebd-1152x1536.jpeg 1152w, https:\/\/www.stjb-delasalle.fr\/site\/wp-content\/uploads\/2023\/10\/082cf06f-32ae-40b9-8e4c-37863e73eebd.jpeg 1536w\" sizes=\"(max-width: 768px) 100vw, 768px\" \/><img loading=\"lazy\" decoding=\"async\" class=\"alignnone wp-image-13993 size-large\" src=\"https:\/\/www.stjb-delasalle.fr\/site\/wp-content\/uploads\/2023\/10\/c24e3469-c4b0-4d9f-9e6e-2ab6709ddd0a-768x1024.jpeg\" alt=\"\" width=\"768\" height=\"1024\" srcset=\"https:\/\/www.stjb-delasalle.fr\/site\/wp-content\/uploads\/2023\/10\/c24e3469-c4b0-4d9f-9e6e-2ab6709ddd0a-768x1024.jpeg 768w, https:\/\/www.stjb-delasalle.fr\/site\/wp-content\/uploads\/2023\/10\/c24e3469-c4b0-4d9f-9e6e-2ab6709ddd0a-225x300.jpeg 225w, https:\/\/www.stjb-delasalle.fr\/site\/wp-content\/uploads\/2023\/10\/c24e3469-c4b0-4d9f-9e6e-2ab6709ddd0a-1152x1536.jpeg 1152w, https:\/\/www.stjb-delasalle.fr\/site\/wp-content\/uploads\/2023\/10\/c24e3469-c4b0-4d9f-9e6e-2ab6709ddd0a.jpeg 1536w\" sizes=\"(max-width: 768px) 100vw, 768px\" \/><img loading=\"lazy\" decoding=\"async\" class=\"alignnone wp-image-13994 size-large\" src=\"https:\/\/www.stjb-delasalle.fr\/site\/wp-content\/uploads\/2023\/10\/53fa89cf-aad0-444b-be30-206f30b2f924-768x1024.jpeg\" alt=\"\" width=\"768\" height=\"1024\" srcset=\"https:\/\/www.stjb-delasalle.fr\/site\/wp-content\/uploads\/2023\/10\/53fa89cf-aad0-444b-be30-206f30b2f924-768x1024.jpeg 768w, https:\/\/www.stjb-delasalle.fr\/site\/wp-content\/uploads\/2023\/10\/53fa89cf-aad0-444b-be30-206f30b2f924-225x300.jpeg 225w, https:\/\/www.stjb-delasalle.fr\/site\/wp-content\/uploads\/2023\/10\/53fa89cf-aad0-444b-be30-206f30b2f924-1152x1536.jpeg 1152w, https:\/\/www.stjb-delasalle.fr\/site\/wp-content\/uploads\/2023\/10\/53fa89cf-aad0-444b-be30-206f30b2f924.jpeg 1536w\" sizes=\"(max-width: 768px) 100vw, 768px\" \/><img loading=\"lazy\" decoding=\"async\" class=\"alignnone wp-image-13996 size-large\" src=\"https:\/\/www.stjb-delasalle.fr\/site\/wp-content\/uploads\/2023\/10\/83e3bcfb-563c-408e-8379-dfd453f69290-768x1024.jpeg\" alt=\"\" width=\"768\" height=\"1024\" srcset=\"https:\/\/www.stjb-delasalle.fr\/site\/wp-content\/uploads\/2023\/10\/83e3bcfb-563c-408e-8379-dfd453f69290-768x1024.jpeg 768w, https:\/\/www.stjb-delasalle.fr\/site\/wp-content\/uploads\/2023\/10\/83e3bcfb-563c-408e-8379-dfd453f69290-225x300.jpeg 225w, https:\/\/www.stjb-delasalle.fr\/site\/wp-content\/uploads\/2023\/10\/83e3bcfb-563c-408e-8379-dfd453f69290-1152x1536.jpeg 1152w, https:\/\/www.stjb-delasalle.fr\/site\/wp-content\/uploads\/2023\/10\/83e3bcfb-563c-408e-8379-dfd453f69290.jpeg 1536w\" sizes=\"(max-width: 768px) 100vw, 768px\" \/><img loading=\"lazy\" decoding=\"async\" class=\"alignnone wp-image-13997 size-full\" src=\"https:\/\/www.stjb-delasalle.fr\/site\/wp-content\/uploads\/2023\/10\/efd4e786-7f42-4f15-b224-7d198a8651f8.jpeg\" alt=\"\" width=\"1024\" height=\"768\" srcset=\"https:\/\/www.stjb-delasalle.fr\/site\/wp-content\/uploads\/2023\/10\/efd4e786-7f42-4f15-b224-7d198a8651f8.jpeg 1024w, https:\/\/www.stjb-delasalle.fr\/site\/wp-content\/uploads\/2023\/10\/efd4e786-7f42-4f15-b224-7d198a8651f8-300x225.jpeg 300w, https:\/\/www.stjb-delasalle.fr\/site\/wp-content\/uploads\/2023\/10\/efd4e786-7f42-4f15-b224-7d198a8651f8-768x576.jpeg 768w\" sizes=\"(max-width: 1024px) 100vw, 1024px\" \/><img loading=\"lazy\" decoding=\"async\" class=\"alignnone wp-image-13998 size-full\" src=\"https:\/\/www.stjb-delasalle.fr\/site\/wp-content\/uploads\/2023\/10\/fb068dbb-4329-44a4-aa96-798172f39b95.jpeg\" alt=\"\" width=\"1024\" height=\"768\" srcset=\"https:\/\/www.stjb-delasalle.fr\/site\/wp-content\/uploads\/2023\/10\/fb068dbb-4329-44a4-aa96-798172f39b95.jpeg 1024w, https:\/\/www.stjb-delasalle.fr\/site\/wp-content\/uploads\/2023\/10\/fb068dbb-4329-44a4-aa96-798172f39b95-300x225.jpeg 300w, https:\/\/www.stjb-delasalle.fr\/site\/wp-content\/uploads\/2023\/10\/fb068dbb-4329-44a4-aa96-798172f39b95-768x576.jpeg 768w\" sizes=\"(max-width: 1024px) 100vw, 1024px\" \/><\/p>\n","protected":false},"excerpt":{"rendered":"<p>Apr\u00e8s une campagne \u00e9lectorale bien men\u00e9e, les \u00e9l\u00e8ves du niveau 6\u00e8me ont pu voter ce vendredi 20 octobre pour choisir leurs d\u00e9l\u00e9gu\u00e9s et suppl\u00e9ants. Merci \u00e0 Monsieur le Maire de Teloch\u00e9, qui comme chaque ann\u00e9e nous a fait honneur de sa pr\u00e9sence en accompagnant les \u00e9l\u00e8ves sur le sens et l\u2019importance du r\u00f4le de citoyen. [&hellip;]<\/p>\n","protected":false},"author":3,"featured_media":13986,"comment_status":"open","ping_status":"open","sticky":false,"template":"","format":"standard","meta":{"site-sidebar-layout":"default","site-content-layout":"default","ast-site-content-layout":"default","site-content-style":"default","site-sidebar-style":"default","ast-global-header-display":"","ast-banner-title-visibility":"","ast-main-header-display":"","ast-hfb-above-header-display":"","ast-hfb-below-header-display":"","ast-hfb-mobile-header-display":"","site-post-title":"","ast-breadcrumbs-content":"","ast-featured-img":"","footer-sml-layout":"","ast-disable-related-posts":"","theme-transparent-header-meta":"default","adv-header-id-meta":"","stick-header-meta":"","header-above-stick-meta":"","header-main-stick-meta":"","header-below-stick-meta":"","astra-migrate-meta-layouts":"default","ast-page-background-enabled":"default","ast-page-background-meta":{"desktop":{"background-color":"var(--ast-global-color-4)","background-image":"","background-repeat":"repeat","background-position":"center center","background-size":"auto","background-attachment":"scroll","background-type":"","background-media":"","overlay-type":"","overlay-color":"","overlay-opacity":"","overlay-gradient":""},"tablet":{"background-color":"","background-image":"","background-repeat":"repeat","background-position":"center center","background-size":"auto","background-attachment":"scroll","background-type":"","background-media":"","overlay-type":"","overlay-color":"","overlay-opacity":"","overlay-gradient":""},"mobile":{"background-color":"","background-image":"","background-repeat":"repeat","background-position":"center center","background-size":"auto","background-attachment":"scroll","background-type":"","background-media":"","overlay-type":"","overlay-color":"","overlay-opacity":"","overlay-gradient":""}},"ast-content-background-meta":{"desktop":{"background-color":"var(--ast-global-color-5)","background-image":"","background-repeat":"repeat","background-position":"center center","background-size":"auto","background-attachment":"scroll","background-type":"","background-media":"","overlay-type":"","overlay-color":"","overlay-opacity":"","overlay-gradient":""},"tablet":{"background-color":"var(--ast-global-color-5)","background-image":"","background-repeat":"repeat","background-position":"center center","background-size":"auto","background-attachment":"scroll","background-type":"","background-media":"","overlay-type":"","overlay-color":"","overlay-opacity":"","overlay-gradient":""},"mobile":{"background-color":"var(--ast-global-color-5)","background-image":"","background-repeat":"repeat","background-position":"center center","background-size":"auto","background-attachment":"scroll","background-type":"","background-media":"","overlay-type":"","overlay-color":"","overlay-opacity":"","overlay-gradient":""}},"footnotes":""},"categories":[57,6,91],"tags":[],"class_list":["post-13983","post","type-post","status-publish","format-standard","has-post-thumbnail","hentry","category-activites-6e","category-college","category-vie-scolaire"],"yoast_head":"<!-- This site is optimized with the Yoast SEO plugin v27.5 - https:\/\/yoast.com\/product\/yoast-seo-wordpress\/ -->\n<title>\u00c9lection des d\u00e9l\u00e9gu\u00e9s en 6\u00e8me - Coll\u00e8ge Saint Jean Baptiste de La Salle<\/title>\n<meta name=\"robots\" content=\"index, follow, max-snippet:-1, max-image-preview:large, max-video-preview:-1\" \/>\n<link rel=\"canonical\" href=\"https:\/\/www.stjb-delasalle.fr\/site\/2023\/10\/24\/election-des-delegues-en-6eme\/\" \/>\n<meta property=\"og:locale\" content=\"fr_FR\" \/>\n<meta property=\"og:type\" content=\"article\" \/>\n<meta property=\"og:title\" content=\"\u00c9lection des d\u00e9l\u00e9gu\u00e9s en 6\u00e8me - Coll\u00e8ge Saint Jean Baptiste de La Salle\" \/>\n<meta property=\"og:description\" content=\"Apr\u00e8s une campagne \u00e9lectorale bien men\u00e9e, les \u00e9l\u00e8ves du niveau 6\u00e8me ont pu voter ce vendredi 20 octobre pour choisir leurs d\u00e9l\u00e9gu\u00e9s et suppl\u00e9ants. Merci \u00e0 Monsieur le Maire de Teloch\u00e9, qui comme chaque ann\u00e9e nous a fait honneur de sa pr\u00e9sence en accompagnant les \u00e9l\u00e8ves sur le sens et l\u2019importance du r\u00f4le de citoyen. [&hellip;]\" \/>\n<meta property=\"og:url\" content=\"https:\/\/www.stjb-delasalle.fr\/site\/2023\/10\/24\/election-des-delegues-en-6eme\/\" \/>\n<meta property=\"og:site_name\" content=\"Coll\u00e8ge Saint Jean Baptiste de La Salle\" \/>\n<meta property=\"article:published_time\" content=\"2023-10-24T15:49:57+00:00\" \/>\n<meta property=\"article:modified_time\" content=\"2024-04-07T09:34:04+00:00\" \/>\n<meta property=\"og:image\" content=\"https:\/\/www.stjb-delasalle.fr\/site\/wp-content\/uploads\/2023\/10\/209ec27d-0ffd-4fd0-baa7-4e6c79c270a2.jpg\" \/>\n\t<meta property=\"og:image:width\" content=\"1440\" \/>\n\t<meta property=\"og:image:height\" content=\"1920\" \/>\n\t<meta property=\"og:image:type\" content=\"image\/jpeg\" \/>\n<meta name=\"author\" content=\"s.couret\" \/>\n<meta name=\"twitter:card\" content=\"summary_large_image\" \/>\n<meta name=\"twitter:label1\" content=\"\u00c9crit par\" \/>\n\t<meta name=\"twitter:data1\" content=\"s.couret\" \/>\n\t<meta name=\"twitter:label2\" content=\"Dur\u00e9e de lecture estim\u00e9e\" \/>\n\t<meta name=\"twitter:data2\" content=\"1 minute\" \/>\n<script type=\"application\/ld+json\" class=\"yoast-schema-graph\">{\"@context\":\"https:\\\/\\\/schema.org\",\"@graph\":[{\"@type\":\"Article\",\"@id\":\"https:\\\/\\\/www.stjb-delasalle.fr\\\/site\\\/2023\\\/10\\\/24\\\/election-des-delegues-en-6eme\\\/#article\",\"isPartOf\":{\"@id\":\"https:\\\/\\\/www.stjb-delasalle.fr\\\/site\\\/2023\\\/10\\\/24\\\/election-des-delegues-en-6eme\\\/\"},\"author\":{\"name\":\"s.couret\",\"@id\":\"https:\\\/\\\/www.stjb-delasalle.fr\\\/site\\\/#\\\/schema\\\/person\\\/29e031eae2fbe58aca689f9074d3616a\"},\"headline\":\"\u00c9lection des d\u00e9l\u00e9gu\u00e9s en 6\u00e8me\",\"datePublished\":\"2023-10-24T15:49:57+00:00\",\"dateModified\":\"2024-04-07T09:34:04+00:00\",\"mainEntityOfPage\":{\"@id\":\"https:\\\/\\\/www.stjb-delasalle.fr\\\/site\\\/2023\\\/10\\\/24\\\/election-des-delegues-en-6eme\\\/\"},\"wordCount\":156,\"commentCount\":0,\"publisher\":{\"@id\":\"https:\\\/\\\/www.stjb-delasalle.fr\\\/site\\\/#organization\"},\"image\":{\"@id\":\"https:\\\/\\\/www.stjb-delasalle.fr\\\/site\\\/2023\\\/10\\\/24\\\/election-des-delegues-en-6eme\\\/#primaryimage\"},\"thumbnailUrl\":\"https:\\\/\\\/www.stjb-delasalle.fr\\\/site\\\/wp-content\\\/uploads\\\/2023\\\/10\\\/209ec27d-0ffd-4fd0-baa7-4e6c79c270a2.jpg\",\"articleSection\":[\"Activit\u00e9s 6e\",\"Coll\u00e8ge\",\"Vie scolaire\"],\"inLanguage\":\"fr-FR\",\"potentialAction\":[{\"@type\":\"CommentAction\",\"name\":\"Comment\",\"target\":[\"https:\\\/\\\/www.stjb-delasalle.fr\\\/site\\\/2023\\\/10\\\/24\\\/election-des-delegues-en-6eme\\\/#respond\"]}]},{\"@type\":\"WebPage\",\"@id\":\"https:\\\/\\\/www.stjb-delasalle.fr\\\/site\\\/2023\\\/10\\\/24\\\/election-des-delegues-en-6eme\\\/\",\"url\":\"https:\\\/\\\/www.stjb-delasalle.fr\\\/site\\\/2023\\\/10\\\/24\\\/election-des-delegues-en-6eme\\\/\",\"name\":\"\u00c9lection des d\u00e9l\u00e9gu\u00e9s en 6\u00e8me - Coll\u00e8ge Saint Jean Baptiste de La Salle\",\"isPartOf\":{\"@id\":\"https:\\\/\\\/www.stjb-delasalle.fr\\\/site\\\/#website\"},\"primaryImageOfPage\":{\"@id\":\"https:\\\/\\\/www.stjb-delasalle.fr\\\/site\\\/2023\\\/10\\\/24\\\/election-des-delegues-en-6eme\\\/#primaryimage\"},\"image\":{\"@id\":\"https:\\\/\\\/www.stjb-delasalle.fr\\\/site\\\/2023\\\/10\\\/24\\\/election-des-delegues-en-6eme\\\/#primaryimage\"},\"thumbnailUrl\":\"https:\\\/\\\/www.stjb-delasalle.fr\\\/site\\\/wp-content\\\/uploads\\\/2023\\\/10\\\/209ec27d-0ffd-4fd0-baa7-4e6c79c270a2.jpg\",\"datePublished\":\"2023-10-24T15:49:57+00:00\",\"dateModified\":\"2024-04-07T09:34:04+00:00\",\"breadcrumb\":{\"@id\":\"https:\\\/\\\/www.stjb-delasalle.fr\\\/site\\\/2023\\\/10\\\/24\\\/election-des-delegues-en-6eme\\\/#breadcrumb\"},\"inLanguage\":\"fr-FR\",\"potentialAction\":[{\"@type\":\"ReadAction\",\"target\":[\"https:\\\/\\\/www.stjb-delasalle.fr\\\/site\\\/2023\\\/10\\\/24\\\/election-des-delegues-en-6eme\\\/\"]}]},{\"@type\":\"ImageObject\",\"inLanguage\":\"fr-FR\",\"@id\":\"https:\\\/\\\/www.stjb-delasalle.fr\\\/site\\\/2023\\\/10\\\/24\\\/election-des-delegues-en-6eme\\\/#primaryimage\",\"url\":\"https:\\\/\\\/www.stjb-delasalle.fr\\\/site\\\/wp-content\\\/uploads\\\/2023\\\/10\\\/209ec27d-0ffd-4fd0-baa7-4e6c79c270a2.jpg\",\"contentUrl\":\"https:\\\/\\\/www.stjb-delasalle.fr\\\/site\\\/wp-content\\\/uploads\\\/2023\\\/10\\\/209ec27d-0ffd-4fd0-baa7-4e6c79c270a2.jpg\",\"width\":1440,\"height\":1920,\"caption\":\"Elections d\u00e9l\u00e9gu\u00e9s coll\u00e8ge STJB La Salle Teloch\u00e9\"},{\"@type\":\"BreadcrumbList\",\"@id\":\"https:\\\/\\\/www.stjb-delasalle.fr\\\/site\\\/2023\\\/10\\\/24\\\/election-des-delegues-en-6eme\\\/#breadcrumb\",\"itemListElement\":[{\"@type\":\"ListItem\",\"position\":1,\"name\":\"Accueil\",\"item\":\"https:\\\/\\\/www.stjb-delasalle.fr\\\/site\\\/\"},{\"@type\":\"ListItem\",\"position\":2,\"name\":\"\u00c9lection des d\u00e9l\u00e9gu\u00e9s en 6\u00e8me\"}]},{\"@type\":\"WebSite\",\"@id\":\"https:\\\/\\\/www.stjb-delasalle.fr\\\/site\\\/#website\",\"url\":\"https:\\\/\\\/www.stjb-delasalle.fr\\\/site\\\/\",\"name\":\"Coll\u00e8ge Saint Jean Baptiste de La Salle\",\"description\":\"Notre coll\u00e8ge vous accueille sur le site du Rancher \u00e0 Teloch\u00e9\",\"publisher\":{\"@id\":\"https:\\\/\\\/www.stjb-delasalle.fr\\\/site\\\/#organization\"},\"potentialAction\":[{\"@type\":\"SearchAction\",\"target\":{\"@type\":\"EntryPoint\",\"urlTemplate\":\"https:\\\/\\\/www.stjb-delasalle.fr\\\/site\\\/?s={search_term_string}\"},\"query-input\":{\"@type\":\"PropertyValueSpecification\",\"valueRequired\":true,\"valueName\":\"search_term_string\"}}],\"inLanguage\":\"fr-FR\"},{\"@type\":\"Organization\",\"@id\":\"https:\\\/\\\/www.stjb-delasalle.fr\\\/site\\\/#organization\",\"name\":\"Coll\u00e8ge Saint Jean Baptiste de La Salle\",\"url\":\"https:\\\/\\\/www.stjb-delasalle.fr\\\/site\\\/\",\"logo\":{\"@type\":\"ImageObject\",\"inLanguage\":\"fr-FR\",\"@id\":\"https:\\\/\\\/www.stjb-delasalle.fr\\\/site\\\/#\\\/schema\\\/logo\\\/image\\\/\",\"url\":\"https:\\\/\\\/www.stjb-delasalle.fr\\\/site\\\/wp-content\\\/uploads\\\/2021\\\/11\\\/logostjb_petit_transp.png\",\"contentUrl\":\"https:\\\/\\\/www.stjb-delasalle.fr\\\/site\\\/wp-content\\\/uploads\\\/2021\\\/11\\\/logostjb_petit_transp.png\",\"width\":180,\"height\":127,\"caption\":\"Coll\u00e8ge Saint Jean Baptiste de La Salle\"},\"image\":{\"@id\":\"https:\\\/\\\/www.stjb-delasalle.fr\\\/site\\\/#\\\/schema\\\/logo\\\/image\\\/\"}},{\"@type\":\"Person\",\"@id\":\"https:\\\/\\\/www.stjb-delasalle.fr\\\/site\\\/#\\\/schema\\\/person\\\/29e031eae2fbe58aca689f9074d3616a\",\"name\":\"s.couret\",\"image\":{\"@type\":\"ImageObject\",\"inLanguage\":\"fr-FR\",\"@id\":\"https:\\\/\\\/secure.gravatar.com\\\/avatar\\\/83474c4b01f4d5df531ba9e1ae59f6610ffe9a3c76657f973718ba9fff166522?s=96&d=mm&r=g\",\"url\":\"https:\\\/\\\/secure.gravatar.com\\\/avatar\\\/83474c4b01f4d5df531ba9e1ae59f6610ffe9a3c76657f973718ba9fff166522?s=96&d=mm&r=g\",\"contentUrl\":\"https:\\\/\\\/secure.gravatar.com\\\/avatar\\\/83474c4b01f4d5df531ba9e1ae59f6610ffe9a3c76657f973718ba9fff166522?s=96&d=mm&r=g\",\"caption\":\"s.couret\"},\"url\":\"https:\\\/\\\/www.stjb-delasalle.fr\\\/site\\\/author\\\/s-couret\\\/\"}]}<\/script>\n<!-- \/ Yoast SEO plugin. -->","yoast_head_json":{"title":"\u00c9lection des d\u00e9l\u00e9gu\u00e9s en 6\u00e8me - Coll\u00e8ge Saint Jean Baptiste de La Salle","robots":{"index":"index","follow":"follow","max-snippet":"max-snippet:-1","max-image-preview":"max-image-preview:large","max-video-preview":"max-video-preview:-1"},"canonical":"https:\/\/www.stjb-delasalle.fr\/site\/2023\/10\/24\/election-des-delegues-en-6eme\/","og_locale":"fr_FR","og_type":"article","og_title":"\u00c9lection des d\u00e9l\u00e9gu\u00e9s en 6\u00e8me - Coll\u00e8ge Saint Jean Baptiste de La Salle","og_description":"Apr\u00e8s une campagne \u00e9lectorale bien men\u00e9e, les \u00e9l\u00e8ves du niveau 6\u00e8me ont pu voter ce vendredi 20 octobre pour choisir leurs d\u00e9l\u00e9gu\u00e9s et suppl\u00e9ants. Merci \u00e0 Monsieur le Maire de Teloch\u00e9, qui comme chaque ann\u00e9e nous a fait honneur de sa pr\u00e9sence en accompagnant les \u00e9l\u00e8ves sur le sens et l\u2019importance du r\u00f4le de citoyen. [&hellip;]","og_url":"https:\/\/www.stjb-delasalle.fr\/site\/2023\/10\/24\/election-des-delegues-en-6eme\/","og_site_name":"Coll\u00e8ge Saint Jean Baptiste de La Salle","article_published_time":"2023-10-24T15:49:57+00:00","article_modified_time":"2024-04-07T09:34:04+00:00","og_image":[{"width":1440,"height":1920,"url":"https:\/\/www.stjb-delasalle.fr\/site\/wp-content\/uploads\/2023\/10\/209ec27d-0ffd-4fd0-baa7-4e6c79c270a2.jpg","type":"image\/jpeg"}],"author":"s.couret","twitter_card":"summary_large_image","twitter_misc":{"\u00c9crit par":"s.couret","Dur\u00e9e de lecture estim\u00e9e":"1 minute"},"schema":{"@context":"https:\/\/schema.org","@graph":[{"@type":"Article","@id":"https:\/\/www.stjb-delasalle.fr\/site\/2023\/10\/24\/election-des-delegues-en-6eme\/#article","isPartOf":{"@id":"https:\/\/www.stjb-delasalle.fr\/site\/2023\/10\/24\/election-des-delegues-en-6eme\/"},"author":{"name":"s.couret","@id":"https:\/\/www.stjb-delasalle.fr\/site\/#\/schema\/person\/29e031eae2fbe58aca689f9074d3616a"},"headline":"\u00c9lection des d\u00e9l\u00e9gu\u00e9s en 6\u00e8me","datePublished":"2023-10-24T15:49:57+00:00","dateModified":"2024-04-07T09:34:04+00:00","mainEntityOfPage":{"@id":"https:\/\/www.stjb-delasalle.fr\/site\/2023\/10\/24\/election-des-delegues-en-6eme\/"},"wordCount":156,"commentCount":0,"publisher":{"@id":"https:\/\/www.stjb-delasalle.fr\/site\/#organization"},"image":{"@id":"https:\/\/www.stjb-delasalle.fr\/site\/2023\/10\/24\/election-des-delegues-en-6eme\/#primaryimage"},"thumbnailUrl":"https:\/\/www.stjb-delasalle.fr\/site\/wp-content\/uploads\/2023\/10\/209ec27d-0ffd-4fd0-baa7-4e6c79c270a2.jpg","articleSection":["Activit\u00e9s 6e","Coll\u00e8ge","Vie scolaire"],"inLanguage":"fr-FR","potentialAction":[{"@type":"CommentAction","name":"Comment","target":["https:\/\/www.stjb-delasalle.fr\/site\/2023\/10\/24\/election-des-delegues-en-6eme\/#respond"]}]},{"@type":"WebPage","@id":"https:\/\/www.stjb-delasalle.fr\/site\/2023\/10\/24\/election-des-delegues-en-6eme\/","url":"https:\/\/www.stjb-delasalle.fr\/site\/2023\/10\/24\/election-des-delegues-en-6eme\/","name":"\u00c9lection des d\u00e9l\u00e9gu\u00e9s en 6\u00e8me - Coll\u00e8ge Saint Jean Baptiste de La Salle","isPartOf":{"@id":"https:\/\/www.stjb-delasalle.fr\/site\/#website"},"primaryImageOfPage":{"@id":"https:\/\/www.stjb-delasalle.fr\/site\/2023\/10\/24\/election-des-delegues-en-6eme\/#primaryimage"},"image":{"@id":"https:\/\/www.stjb-delasalle.fr\/site\/2023\/10\/24\/election-des-delegues-en-6eme\/#primaryimage"},"thumbnailUrl":"https:\/\/www.stjb-delasalle.fr\/site\/wp-content\/uploads\/2023\/10\/209ec27d-0ffd-4fd0-baa7-4e6c79c270a2.jpg","datePublished":"2023-10-24T15:49:57+00:00","dateModified":"2024-04-07T09:34:04+00:00","breadcrumb":{"@id":"https:\/\/www.stjb-delasalle.fr\/site\/2023\/10\/24\/election-des-delegues-en-6eme\/#breadcrumb"},"inLanguage":"fr-FR","potentialAction":[{"@type":"ReadAction","target":["https:\/\/www.stjb-delasalle.fr\/site\/2023\/10\/24\/election-des-delegues-en-6eme\/"]}]},{"@type":"ImageObject","inLanguage":"fr-FR","@id":"https:\/\/www.stjb-delasalle.fr\/site\/2023\/10\/24\/election-des-delegues-en-6eme\/#primaryimage","url":"https:\/\/www.stjb-delasalle.fr\/site\/wp-content\/uploads\/2023\/10\/209ec27d-0ffd-4fd0-baa7-4e6c79c270a2.jpg","contentUrl":"https:\/\/www.stjb-delasalle.fr\/site\/wp-content\/uploads\/2023\/10\/209ec27d-0ffd-4fd0-baa7-4e6c79c270a2.jpg","width":1440,"height":1920,"caption":"Elections d\u00e9l\u00e9gu\u00e9s coll\u00e8ge STJB La Salle Teloch\u00e9"},{"@type":"BreadcrumbList","@id":"https:\/\/www.stjb-delasalle.fr\/site\/2023\/10\/24\/election-des-delegues-en-6eme\/#breadcrumb","itemListElement":[{"@type":"ListItem","position":1,"name":"Accueil","item":"https:\/\/www.stjb-delasalle.fr\/site\/"},{"@type":"ListItem","position":2,"name":"\u00c9lection des d\u00e9l\u00e9gu\u00e9s en 6\u00e8me"}]},{"@type":"WebSite","@id":"https:\/\/www.stjb-delasalle.fr\/site\/#website","url":"https:\/\/www.stjb-delasalle.fr\/site\/","name":"Coll\u00e8ge Saint Jean Baptiste de La Salle","description":"Notre coll\u00e8ge vous accueille sur le site du Rancher \u00e0 Teloch\u00e9","publisher":{"@id":"https:\/\/www.stjb-delasalle.fr\/site\/#organization"},"potentialAction":[{"@type":"SearchAction","target":{"@type":"EntryPoint","urlTemplate":"https:\/\/www.stjb-delasalle.fr\/site\/?s={search_term_string}"},"query-input":{"@type":"PropertyValueSpecification","valueRequired":true,"valueName":"search_term_string"}}],"inLanguage":"fr-FR"},{"@type":"Organization","@id":"https:\/\/www.stjb-delasalle.fr\/site\/#organization","name":"Coll\u00e8ge Saint Jean Baptiste de La Salle","url":"https:\/\/www.stjb-delasalle.fr\/site\/","logo":{"@type":"ImageObject","inLanguage":"fr-FR","@id":"https:\/\/www.stjb-delasalle.fr\/site\/#\/schema\/logo\/image\/","url":"https:\/\/www.stjb-delasalle.fr\/site\/wp-content\/uploads\/2021\/11\/logostjb_petit_transp.png","contentUrl":"https:\/\/www.stjb-delasalle.fr\/site\/wp-content\/uploads\/2021\/11\/logostjb_petit_transp.png","width":180,"height":127,"caption":"Coll\u00e8ge Saint Jean Baptiste de La Salle"},"image":{"@id":"https:\/\/www.stjb-delasalle.fr\/site\/#\/schema\/logo\/image\/"}},{"@type":"Person","@id":"https:\/\/www.stjb-delasalle.fr\/site\/#\/schema\/person\/29e031eae2fbe58aca689f9074d3616a","name":"s.couret","image":{"@type":"ImageObject","inLanguage":"fr-FR","@id":"https:\/\/secure.gravatar.com\/avatar\/83474c4b01f4d5df531ba9e1ae59f6610ffe9a3c76657f973718ba9fff166522?s=96&d=mm&r=g","url":"https:\/\/secure.gravatar.com\/avatar\/83474c4b01f4d5df531ba9e1ae59f6610ffe9a3c76657f973718ba9fff166522?s=96&d=mm&r=g","contentUrl":"https:\/\/secure.gravatar.com\/avatar\/83474c4b01f4d5df531ba9e1ae59f6610ffe9a3c76657f973718ba9fff166522?s=96&d=mm&r=g","caption":"s.couret"},"url":"https:\/\/www.stjb-delasalle.fr\/site\/author\/s-couret\/"}]}},"_links":{"self":[{"href":"https:\/\/www.stjb-delasalle.fr\/site\/wp-json\/wp\/v2\/posts\/13983","targetHints":{"allow":["GET"]}}],"collection":[{"href":"https:\/\/www.stjb-delasalle.fr\/site\/wp-json\/wp\/v2\/posts"}],"about":[{"href":"https:\/\/www.stjb-delasalle.fr\/site\/wp-json\/wp\/v2\/types\/post"}],"author":[{"embeddable":true,"href":"https:\/\/www.stjb-delasalle.fr\/site\/wp-json\/wp\/v2\/users\/3"}],"replies":[{"embeddable":true,"href":"https:\/\/www.stjb-delasalle.fr\/site\/wp-json\/wp\/v2\/comments?post=13983"}],"version-history":[{"count":5,"href":"https:\/\/www.stjb-delasalle.fr\/site\/wp-json\/wp\/v2\/posts\/13983\/revisions"}],"predecessor-version":[{"id":14002,"href":"https:\/\/www.stjb-delasalle.fr\/site\/wp-json\/wp\/v2\/posts\/13983\/revisions\/14002"}],"wp:featuredmedia":[{"embeddable":true,"href":"https:\/\/www.stjb-delasalle.fr\/site\/wp-json\/wp\/v2\/media\/13986"}],"wp:attachment":[{"href":"https:\/\/www.stjb-delasalle.fr\/site\/wp-json\/wp\/v2\/media?parent=13983"}],"wp:term":[{"taxonomy":"category","embeddable":true,"href":"https:\/\/www.stjb-delasalle.fr\/site\/wp-json\/wp\/v2\/categories?post=13983"},{"taxonomy":"post_tag","embeddable":true,"href":"https:\/\/www.stjb-delasalle.fr\/site\/wp-json\/wp\/v2\/tags?post=13983"}],"curies":[{"name":"wp","href":"https:\/\/api.w.org\/{rel}","templated":true}]}}