{"id":13862,"date":"2023-06-18T16:06:41","date_gmt":"2023-06-18T16:06:41","guid":{"rendered":"https:\/\/www.stjb-delasalle.fr\/site\/?p=13862"},"modified":"2023-10-30T13:12:43","modified_gmt":"2023-10-30T13:12:43","slug":"concert-de-chant-choral-a-la-cle-doree","status":"publish","type":"post","link":"https:\/\/www.stjb-delasalle.fr\/site\/2023\/06\/18\/concert-de-chant-choral-a-la-cle-doree\/","title":{"rendered":"Concert de chant choral \u00e0 la Cl\u00e9 d&rsquo;Or\u00e9e"},"content":{"rendered":"<p>&nbsp;<\/p>\n<p>Juin 2023<\/p>\n<h2>CONCERT DE CHANT CHORAL<\/h2>\n<h2>\u00e0 L&rsquo;auditorium de l&rsquo;\u00e9cole de musique La CL\u00c9 D&rsquo;OR\u00c9E, Laign\u00e9 -en-Belin<\/h2>\n<p>&nbsp;<\/p>\n<p>Les CM2 de l&rsquo;\u00e9cole Sainte Anne Saint Joseph de Saint Gervais en Belin et nos coll\u00e9giens de Saint Jean-Baptiste de la Salle ont cr\u00e9\u00e9 ensemble, un concert sur le th\u00e8me \u00ab\u00a0Musique et images\u00a0\u00bb.<br \/>\nMERCI aux choristes qui ont fait une belle prestation.<\/p>\n<p>MERCI \u00e9galement \u00e0 Madame Bougeant et \u00e0 Madame Jousse qui ont men\u00e9 ce projet avec Madame Lepagneul durant toute l&rsquo;ann\u00e9e scolaire.<\/p>\n<p><img fetchpriority=\"high\" decoding=\"async\" class=\"alignnone wp-image-13874 size-large\" src=\"https:\/\/www.stjb-delasalle.fr\/site\/wp-content\/uploads\/2023\/10\/Chorale-juin-2023-Auditorium-Ecole-de-musique-La-cle-d-Oree-Laigne-2-1-1024x768.jpg\" alt=\"\" width=\"1024\" height=\"768\" srcset=\"https:\/\/www.stjb-delasalle.fr\/site\/wp-content\/uploads\/2023\/10\/Chorale-juin-2023-Auditorium-Ecole-de-musique-La-cle-d-Oree-Laigne-2-1-1024x768.jpg 1024w, https:\/\/www.stjb-delasalle.fr\/site\/wp-content\/uploads\/2023\/10\/Chorale-juin-2023-Auditorium-Ecole-de-musique-La-cle-d-Oree-Laigne-2-1-300x225.jpg 300w, https:\/\/www.stjb-delasalle.fr\/site\/wp-content\/uploads\/2023\/10\/Chorale-juin-2023-Auditorium-Ecole-de-musique-La-cle-d-Oree-Laigne-2-1-768x576.jpg 768w, https:\/\/www.stjb-delasalle.fr\/site\/wp-content\/uploads\/2023\/10\/Chorale-juin-2023-Auditorium-Ecole-de-musique-La-cle-d-Oree-Laigne-2-1-1536x1152.jpg 1536w, https:\/\/www.stjb-delasalle.fr\/site\/wp-content\/uploads\/2023\/10\/Chorale-juin-2023-Auditorium-Ecole-de-musique-La-cle-d-Oree-Laigne-2-1.jpg 1920w\" sizes=\"(max-width: 1024px) 100vw, 1024px\" \/> <img decoding=\"async\" class=\"alignnone wp-image-13875 size-large\" src=\"https:\/\/www.stjb-delasalle.fr\/site\/wp-content\/uploads\/2023\/10\/Chorale-juin-2023-Auditorium-Ecole-de-musique-La-cle-d-Oree-Laigne-1-1-1024x768.jpg\" alt=\"\" width=\"1024\" height=\"768\" srcset=\"https:\/\/www.stjb-delasalle.fr\/site\/wp-content\/uploads\/2023\/10\/Chorale-juin-2023-Auditorium-Ecole-de-musique-La-cle-d-Oree-Laigne-1-1-1024x768.jpg 1024w, https:\/\/www.stjb-delasalle.fr\/site\/wp-content\/uploads\/2023\/10\/Chorale-juin-2023-Auditorium-Ecole-de-musique-La-cle-d-Oree-Laigne-1-1-300x225.jpg 300w, https:\/\/www.stjb-delasalle.fr\/site\/wp-content\/uploads\/2023\/10\/Chorale-juin-2023-Auditorium-Ecole-de-musique-La-cle-d-Oree-Laigne-1-1-768x576.jpg 768w, https:\/\/www.stjb-delasalle.fr\/site\/wp-content\/uploads\/2023\/10\/Chorale-juin-2023-Auditorium-Ecole-de-musique-La-cle-d-Oree-Laigne-1-1-1536x1152.jpg 1536w, https:\/\/www.stjb-delasalle.fr\/site\/wp-content\/uploads\/2023\/10\/Chorale-juin-2023-Auditorium-Ecole-de-musique-La-cle-d-Oree-Laigne-1-1.jpg 1920w\" sizes=\"(max-width: 1024px) 100vw, 1024px\" \/><img decoding=\"async\" class=\"alignnone wp-image-13871 size-large\" src=\"https:\/\/www.stjb-delasalle.fr\/site\/wp-content\/uploads\/2023\/10\/Chorale-juin-2023-Auditorium-Ecole-de-musique-La-cle-d-Oree-Laigne-2-1024x768.jpg\" alt=\"\" width=\"1024\" height=\"768\" srcset=\"https:\/\/www.stjb-delasalle.fr\/site\/wp-content\/uploads\/2023\/10\/Chorale-juin-2023-Auditorium-Ecole-de-musique-La-cle-d-Oree-Laigne-2-1024x768.jpg 1024w, https:\/\/www.stjb-delasalle.fr\/site\/wp-content\/uploads\/2023\/10\/Chorale-juin-2023-Auditorium-Ecole-de-musique-La-cle-d-Oree-Laigne-2-300x225.jpg 300w, https:\/\/www.stjb-delasalle.fr\/site\/wp-content\/uploads\/2023\/10\/Chorale-juin-2023-Auditorium-Ecole-de-musique-La-cle-d-Oree-Laigne-2-768x576.jpg 768w, https:\/\/www.stjb-delasalle.fr\/site\/wp-content\/uploads\/2023\/10\/Chorale-juin-2023-Auditorium-Ecole-de-musique-La-cle-d-Oree-Laigne-2-1536x1152.jpg 1536w, https:\/\/www.stjb-delasalle.fr\/site\/wp-content\/uploads\/2023\/10\/Chorale-juin-2023-Auditorium-Ecole-de-musique-La-cle-d-Oree-Laigne-2.jpg 1920w\" sizes=\"(max-width: 1024px) 100vw, 1024px\" \/><\/p>\n","protected":false},"excerpt":{"rendered":"<p>&nbsp; Juin 2023 CONCERT DE CHANT CHORAL \u00e0 L&rsquo;auditorium de l&rsquo;\u00e9cole de musique La CL\u00c9 D&rsquo;OR\u00c9E, Laign\u00e9 -en-Belin &nbsp; Les CM2 de l&rsquo;\u00e9cole Sainte Anne Saint Joseph de Saint Gervais en Belin et nos coll\u00e9giens de Saint Jean-Baptiste de la Salle ont cr\u00e9\u00e9 ensemble, un concert sur le th\u00e8me \u00ab\u00a0Musique et images\u00a0\u00bb. MERCI aux choristes [&hellip;]<\/p>\n","protected":false},"author":3,"featured_media":13870,"comment_status":"closed","ping_status":"closed","sticky":false,"template":"","format":"standard","meta":{"site-sidebar-layout":"default","site-content-layout":"default","ast-site-content-layout":"default","site-content-style":"default","site-sidebar-style":"default","ast-global-header-display":"","ast-banner-title-visibility":"","ast-main-header-display":"","ast-hfb-above-header-display":"","ast-hfb-below-header-display":"","ast-hfb-mobile-header-display":"","site-post-title":"","ast-breadcrumbs-content":"","ast-featured-img":"","footer-sml-layout":"","ast-disable-related-posts":"","theme-transparent-header-meta":"default","adv-header-id-meta":"","stick-header-meta":"","header-above-stick-meta":"","header-main-stick-meta":"","header-below-stick-meta":"","astra-migrate-meta-layouts":"set","ast-page-background-enabled":"default","ast-page-background-meta":{"desktop":{"background-color":"var(--ast-global-color-4)","background-image":"","background-repeat":"repeat","background-position":"center center","background-size":"auto","background-attachment":"scroll","background-type":"","background-media":"","overlay-type":"","overlay-color":"","overlay-opacity":"","overlay-gradient":""},"tablet":{"background-color":"","background-image":"","background-repeat":"repeat","background-position":"center center","background-size":"auto","background-attachment":"scroll","background-type":"","background-media":"","overlay-type":"","overlay-color":"","overlay-opacity":"","overlay-gradient":""},"mobile":{"background-color":"","background-image":"","background-repeat":"repeat","background-position":"center center","background-size":"auto","background-attachment":"scroll","background-type":"","background-media":"","overlay-type":"","overlay-color":"","overlay-opacity":"","overlay-gradient":""}},"ast-content-background-meta":{"desktop":{"background-color":"var(--ast-global-color-5)","background-image":"","background-repeat":"repeat","background-position":"center center","background-size":"auto","background-attachment":"scroll","background-type":"","background-media":"","overlay-type":"","overlay-color":"","overlay-opacity":"","overlay-gradient":""},"tablet":{"background-color":"var(--ast-global-color-5)","background-image":"","background-repeat":"repeat","background-position":"center center","background-size":"auto","background-attachment":"scroll","background-type":"","background-media":"","overlay-type":"","overlay-color":"","overlay-opacity":"","overlay-gradient":""},"mobile":{"background-color":"var(--ast-global-color-5)","background-image":"","background-repeat":"repeat","background-position":"center center","background-size":"auto","background-attachment":"scroll","background-type":"","background-media":"","overlay-type":"","overlay-color":"","overlay-opacity":"","overlay-gradient":""}},"footnotes":""},"categories":[57,66,69,6],"tags":[],"class_list":["post-13862","post","type-post","status-publish","format-standard","has-post-thumbnail","hentry","category-activites-6e","category-chorale","category-chorale-2022-2023","category-college"],"yoast_head":"<!-- This site is optimized with the Yoast SEO plugin v27.5 - https:\/\/yoast.com\/product\/yoast-seo-wordpress\/ -->\n<title>Concert de chant choral \u00e0 la Cl\u00e9 d&#039;Or\u00e9e - Coll\u00e8ge Saint Jean Baptiste de La Salle<\/title>\n<meta name=\"robots\" content=\"index, follow, max-snippet:-1, max-image-preview:large, max-video-preview:-1\" \/>\n<link rel=\"canonical\" href=\"https:\/\/www.stjb-delasalle.fr\/site\/2023\/06\/18\/concert-de-chant-choral-a-la-cle-doree\/\" \/>\n<meta property=\"og:locale\" content=\"fr_FR\" \/>\n<meta property=\"og:type\" content=\"article\" \/>\n<meta property=\"og:title\" content=\"Concert de chant choral \u00e0 la Cl\u00e9 d&#039;Or\u00e9e - Coll\u00e8ge Saint Jean Baptiste de La Salle\" \/>\n<meta property=\"og:description\" content=\"&nbsp; Juin 2023 CONCERT DE CHANT CHORAL \u00e0 L&rsquo;auditorium de l&rsquo;\u00e9cole de musique La CL\u00c9 D&rsquo;OR\u00c9E, Laign\u00e9 -en-Belin &nbsp; Les CM2 de l&rsquo;\u00e9cole Sainte Anne Saint Joseph de Saint Gervais en Belin et nos coll\u00e9giens de Saint Jean-Baptiste de la Salle ont cr\u00e9\u00e9 ensemble, un concert sur le th\u00e8me \u00ab\u00a0Musique et images\u00a0\u00bb. MERCI aux choristes [&hellip;]\" \/>\n<meta property=\"og:url\" content=\"https:\/\/www.stjb-delasalle.fr\/site\/2023\/06\/18\/concert-de-chant-choral-a-la-cle-doree\/\" \/>\n<meta property=\"og:site_name\" content=\"Coll\u00e8ge Saint Jean Baptiste de La Salle\" \/>\n<meta property=\"article:published_time\" content=\"2023-06-18T16:06:41+00:00\" \/>\n<meta property=\"article:modified_time\" content=\"2023-10-30T13:12:43+00:00\" \/>\n<meta property=\"og:image\" content=\"https:\/\/www.stjb-delasalle.fr\/site\/wp-content\/uploads\/2023\/10\/Chorale-juin-2023-Auditorium-Ecole-de-musique-La-cle-d-Oree-Laigne-1.jpg\" \/>\n\t<meta property=\"og:image:width\" content=\"1920\" \/>\n\t<meta property=\"og:image:height\" content=\"1440\" \/>\n\t<meta property=\"og:image:type\" content=\"image\/jpeg\" \/>\n<meta name=\"author\" content=\"s.couret\" \/>\n<meta name=\"twitter:card\" content=\"summary_large_image\" \/>\n<meta name=\"twitter:label1\" content=\"\u00c9crit par\" \/>\n\t<meta name=\"twitter:data1\" content=\"s.couret\" \/>\n\t<meta name=\"twitter:label2\" content=\"Dur\u00e9e de lecture estim\u00e9e\" \/>\n\t<meta name=\"twitter:data2\" content=\"2 minutes\" \/>\n<script type=\"application\/ld+json\" class=\"yoast-schema-graph\">{\"@context\":\"https:\\\/\\\/schema.org\",\"@graph\":[{\"@type\":\"Article\",\"@id\":\"https:\\\/\\\/www.stjb-delasalle.fr\\\/site\\\/2023\\\/06\\\/18\\\/concert-de-chant-choral-a-la-cle-doree\\\/#article\",\"isPartOf\":{\"@id\":\"https:\\\/\\\/www.stjb-delasalle.fr\\\/site\\\/2023\\\/06\\\/18\\\/concert-de-chant-choral-a-la-cle-doree\\\/\"},\"author\":{\"name\":\"s.couret\",\"@id\":\"https:\\\/\\\/www.stjb-delasalle.fr\\\/site\\\/#\\\/schema\\\/person\\\/29e031eae2fbe58aca689f9074d3616a\"},\"headline\":\"Concert de chant choral \u00e0 la Cl\u00e9 d&rsquo;Or\u00e9e\",\"datePublished\":\"2023-06-18T16:06:41+00:00\",\"dateModified\":\"2023-10-30T13:12:43+00:00\",\"mainEntityOfPage\":{\"@id\":\"https:\\\/\\\/www.stjb-delasalle.fr\\\/site\\\/2023\\\/06\\\/18\\\/concert-de-chant-choral-a-la-cle-doree\\\/\"},\"wordCount\":92,\"publisher\":{\"@id\":\"https:\\\/\\\/www.stjb-delasalle.fr\\\/site\\\/#organization\"},\"image\":{\"@id\":\"https:\\\/\\\/www.stjb-delasalle.fr\\\/site\\\/2023\\\/06\\\/18\\\/concert-de-chant-choral-a-la-cle-doree\\\/#primaryimage\"},\"thumbnailUrl\":\"https:\\\/\\\/www.stjb-delasalle.fr\\\/site\\\/wp-content\\\/uploads\\\/2023\\\/10\\\/Chorale-juin-2023-Auditorium-Ecole-de-musique-La-cle-d-Oree-Laigne-1.jpg\",\"articleSection\":[\"Activit\u00e9s 6e\",\"Chorale\",\"Chorale 2022-2023\",\"Coll\u00e8ge\"],\"inLanguage\":\"fr-FR\"},{\"@type\":\"WebPage\",\"@id\":\"https:\\\/\\\/www.stjb-delasalle.fr\\\/site\\\/2023\\\/06\\\/18\\\/concert-de-chant-choral-a-la-cle-doree\\\/\",\"url\":\"https:\\\/\\\/www.stjb-delasalle.fr\\\/site\\\/2023\\\/06\\\/18\\\/concert-de-chant-choral-a-la-cle-doree\\\/\",\"name\":\"Concert de chant choral \u00e0 la Cl\u00e9 d'Or\u00e9e - Coll\u00e8ge Saint Jean Baptiste de La Salle\",\"isPartOf\":{\"@id\":\"https:\\\/\\\/www.stjb-delasalle.fr\\\/site\\\/#website\"},\"primaryImageOfPage\":{\"@id\":\"https:\\\/\\\/www.stjb-delasalle.fr\\\/site\\\/2023\\\/06\\\/18\\\/concert-de-chant-choral-a-la-cle-doree\\\/#primaryimage\"},\"image\":{\"@id\":\"https:\\\/\\\/www.stjb-delasalle.fr\\\/site\\\/2023\\\/06\\\/18\\\/concert-de-chant-choral-a-la-cle-doree\\\/#primaryimage\"},\"thumbnailUrl\":\"https:\\\/\\\/www.stjb-delasalle.fr\\\/site\\\/wp-content\\\/uploads\\\/2023\\\/10\\\/Chorale-juin-2023-Auditorium-Ecole-de-musique-La-cle-d-Oree-Laigne-1.jpg\",\"datePublished\":\"2023-06-18T16:06:41+00:00\",\"dateModified\":\"2023-10-30T13:12:43+00:00\",\"breadcrumb\":{\"@id\":\"https:\\\/\\\/www.stjb-delasalle.fr\\\/site\\\/2023\\\/06\\\/18\\\/concert-de-chant-choral-a-la-cle-doree\\\/#breadcrumb\"},\"inLanguage\":\"fr-FR\",\"potentialAction\":[{\"@type\":\"ReadAction\",\"target\":[\"https:\\\/\\\/www.stjb-delasalle.fr\\\/site\\\/2023\\\/06\\\/18\\\/concert-de-chant-choral-a-la-cle-doree\\\/\"]}]},{\"@type\":\"ImageObject\",\"inLanguage\":\"fr-FR\",\"@id\":\"https:\\\/\\\/www.stjb-delasalle.fr\\\/site\\\/2023\\\/06\\\/18\\\/concert-de-chant-choral-a-la-cle-doree\\\/#primaryimage\",\"url\":\"https:\\\/\\\/www.stjb-delasalle.fr\\\/site\\\/wp-content\\\/uploads\\\/2023\\\/10\\\/Chorale-juin-2023-Auditorium-Ecole-de-musique-La-cle-d-Oree-Laigne-1.jpg\",\"contentUrl\":\"https:\\\/\\\/www.stjb-delasalle.fr\\\/site\\\/wp-content\\\/uploads\\\/2023\\\/10\\\/Chorale-juin-2023-Auditorium-Ecole-de-musique-La-cle-d-Oree-Laigne-1.jpg\",\"width\":1920,\"height\":1440},{\"@type\":\"BreadcrumbList\",\"@id\":\"https:\\\/\\\/www.stjb-delasalle.fr\\\/site\\\/2023\\\/06\\\/18\\\/concert-de-chant-choral-a-la-cle-doree\\\/#breadcrumb\",\"itemListElement\":[{\"@type\":\"ListItem\",\"position\":1,\"name\":\"Accueil\",\"item\":\"https:\\\/\\\/www.stjb-delasalle.fr\\\/site\\\/\"},{\"@type\":\"ListItem\",\"position\":2,\"name\":\"Concert de chant choral \u00e0 la Cl\u00e9 d&rsquo;Or\u00e9e\"}]},{\"@type\":\"WebSite\",\"@id\":\"https:\\\/\\\/www.stjb-delasalle.fr\\\/site\\\/#website\",\"url\":\"https:\\\/\\\/www.stjb-delasalle.fr\\\/site\\\/\",\"name\":\"Coll\u00e8ge Saint Jean Baptiste de La Salle\",\"description\":\"Notre coll\u00e8ge vous accueille sur le site du Rancher \u00e0 Teloch\u00e9\",\"publisher\":{\"@id\":\"https:\\\/\\\/www.stjb-delasalle.fr\\\/site\\\/#organization\"},\"potentialAction\":[{\"@type\":\"SearchAction\",\"target\":{\"@type\":\"EntryPoint\",\"urlTemplate\":\"https:\\\/\\\/www.stjb-delasalle.fr\\\/site\\\/?s={search_term_string}\"},\"query-input\":{\"@type\":\"PropertyValueSpecification\",\"valueRequired\":true,\"valueName\":\"search_term_string\"}}],\"inLanguage\":\"fr-FR\"},{\"@type\":\"Organization\",\"@id\":\"https:\\\/\\\/www.stjb-delasalle.fr\\\/site\\\/#organization\",\"name\":\"Coll\u00e8ge Saint Jean Baptiste de La Salle\",\"url\":\"https:\\\/\\\/www.stjb-delasalle.fr\\\/site\\\/\",\"logo\":{\"@type\":\"ImageObject\",\"inLanguage\":\"fr-FR\",\"@id\":\"https:\\\/\\\/www.stjb-delasalle.fr\\\/site\\\/#\\\/schema\\\/logo\\\/image\\\/\",\"url\":\"https:\\\/\\\/www.stjb-delasalle.fr\\\/site\\\/wp-content\\\/uploads\\\/2021\\\/11\\\/logostjb_petit_transp.png\",\"contentUrl\":\"https:\\\/\\\/www.stjb-delasalle.fr\\\/site\\\/wp-content\\\/uploads\\\/2021\\\/11\\\/logostjb_petit_transp.png\",\"width\":180,\"height\":127,\"caption\":\"Coll\u00e8ge Saint Jean Baptiste de La Salle\"},\"image\":{\"@id\":\"https:\\\/\\\/www.stjb-delasalle.fr\\\/site\\\/#\\\/schema\\\/logo\\\/image\\\/\"}},{\"@type\":\"Person\",\"@id\":\"https:\\\/\\\/www.stjb-delasalle.fr\\\/site\\\/#\\\/schema\\\/person\\\/29e031eae2fbe58aca689f9074d3616a\",\"name\":\"s.couret\",\"image\":{\"@type\":\"ImageObject\",\"inLanguage\":\"fr-FR\",\"@id\":\"https:\\\/\\\/secure.gravatar.com\\\/avatar\\\/83474c4b01f4d5df531ba9e1ae59f6610ffe9a3c76657f973718ba9fff166522?s=96&d=mm&r=g\",\"url\":\"https:\\\/\\\/secure.gravatar.com\\\/avatar\\\/83474c4b01f4d5df531ba9e1ae59f6610ffe9a3c76657f973718ba9fff166522?s=96&d=mm&r=g\",\"contentUrl\":\"https:\\\/\\\/secure.gravatar.com\\\/avatar\\\/83474c4b01f4d5df531ba9e1ae59f6610ffe9a3c76657f973718ba9fff166522?s=96&d=mm&r=g\",\"caption\":\"s.couret\"},\"url\":\"https:\\\/\\\/www.stjb-delasalle.fr\\\/site\\\/author\\\/s-couret\\\/\"}]}<\/script>\n<!-- \/ Yoast SEO plugin. -->","yoast_head_json":{"title":"Concert de chant choral \u00e0 la Cl\u00e9 d'Or\u00e9e - Coll\u00e8ge Saint Jean Baptiste de La Salle","robots":{"index":"index","follow":"follow","max-snippet":"max-snippet:-1","max-image-preview":"max-image-preview:large","max-video-preview":"max-video-preview:-1"},"canonical":"https:\/\/www.stjb-delasalle.fr\/site\/2023\/06\/18\/concert-de-chant-choral-a-la-cle-doree\/","og_locale":"fr_FR","og_type":"article","og_title":"Concert de chant choral \u00e0 la Cl\u00e9 d'Or\u00e9e - Coll\u00e8ge Saint Jean Baptiste de La Salle","og_description":"&nbsp; Juin 2023 CONCERT DE CHANT CHORAL \u00e0 L&rsquo;auditorium de l&rsquo;\u00e9cole de musique La CL\u00c9 D&rsquo;OR\u00c9E, Laign\u00e9 -en-Belin &nbsp; Les CM2 de l&rsquo;\u00e9cole Sainte Anne Saint Joseph de Saint Gervais en Belin et nos coll\u00e9giens de Saint Jean-Baptiste de la Salle ont cr\u00e9\u00e9 ensemble, un concert sur le th\u00e8me \u00ab\u00a0Musique et images\u00a0\u00bb. MERCI aux choristes [&hellip;]","og_url":"https:\/\/www.stjb-delasalle.fr\/site\/2023\/06\/18\/concert-de-chant-choral-a-la-cle-doree\/","og_site_name":"Coll\u00e8ge Saint Jean Baptiste de La Salle","article_published_time":"2023-06-18T16:06:41+00:00","article_modified_time":"2023-10-30T13:12:43+00:00","og_image":[{"width":1920,"height":1440,"url":"https:\/\/www.stjb-delasalle.fr\/site\/wp-content\/uploads\/2023\/10\/Chorale-juin-2023-Auditorium-Ecole-de-musique-La-cle-d-Oree-Laigne-1.jpg","type":"image\/jpeg"}],"author":"s.couret","twitter_card":"summary_large_image","twitter_misc":{"\u00c9crit par":"s.couret","Dur\u00e9e de lecture estim\u00e9e":"2 minutes"},"schema":{"@context":"https:\/\/schema.org","@graph":[{"@type":"Article","@id":"https:\/\/www.stjb-delasalle.fr\/site\/2023\/06\/18\/concert-de-chant-choral-a-la-cle-doree\/#article","isPartOf":{"@id":"https:\/\/www.stjb-delasalle.fr\/site\/2023\/06\/18\/concert-de-chant-choral-a-la-cle-doree\/"},"author":{"name":"s.couret","@id":"https:\/\/www.stjb-delasalle.fr\/site\/#\/schema\/person\/29e031eae2fbe58aca689f9074d3616a"},"headline":"Concert de chant choral \u00e0 la Cl\u00e9 d&rsquo;Or\u00e9e","datePublished":"2023-06-18T16:06:41+00:00","dateModified":"2023-10-30T13:12:43+00:00","mainEntityOfPage":{"@id":"https:\/\/www.stjb-delasalle.fr\/site\/2023\/06\/18\/concert-de-chant-choral-a-la-cle-doree\/"},"wordCount":92,"publisher":{"@id":"https:\/\/www.stjb-delasalle.fr\/site\/#organization"},"image":{"@id":"https:\/\/www.stjb-delasalle.fr\/site\/2023\/06\/18\/concert-de-chant-choral-a-la-cle-doree\/#primaryimage"},"thumbnailUrl":"https:\/\/www.stjb-delasalle.fr\/site\/wp-content\/uploads\/2023\/10\/Chorale-juin-2023-Auditorium-Ecole-de-musique-La-cle-d-Oree-Laigne-1.jpg","articleSection":["Activit\u00e9s 6e","Chorale","Chorale 2022-2023","Coll\u00e8ge"],"inLanguage":"fr-FR"},{"@type":"WebPage","@id":"https:\/\/www.stjb-delasalle.fr\/site\/2023\/06\/18\/concert-de-chant-choral-a-la-cle-doree\/","url":"https:\/\/www.stjb-delasalle.fr\/site\/2023\/06\/18\/concert-de-chant-choral-a-la-cle-doree\/","name":"Concert de chant choral \u00e0 la Cl\u00e9 d'Or\u00e9e - Coll\u00e8ge Saint Jean Baptiste de La Salle","isPartOf":{"@id":"https:\/\/www.stjb-delasalle.fr\/site\/#website"},"primaryImageOfPage":{"@id":"https:\/\/www.stjb-delasalle.fr\/site\/2023\/06\/18\/concert-de-chant-choral-a-la-cle-doree\/#primaryimage"},"image":{"@id":"https:\/\/www.stjb-delasalle.fr\/site\/2023\/06\/18\/concert-de-chant-choral-a-la-cle-doree\/#primaryimage"},"thumbnailUrl":"https:\/\/www.stjb-delasalle.fr\/site\/wp-content\/uploads\/2023\/10\/Chorale-juin-2023-Auditorium-Ecole-de-musique-La-cle-d-Oree-Laigne-1.jpg","datePublished":"2023-06-18T16:06:41+00:00","dateModified":"2023-10-30T13:12:43+00:00","breadcrumb":{"@id":"https:\/\/www.stjb-delasalle.fr\/site\/2023\/06\/18\/concert-de-chant-choral-a-la-cle-doree\/#breadcrumb"},"inLanguage":"fr-FR","potentialAction":[{"@type":"ReadAction","target":["https:\/\/www.stjb-delasalle.fr\/site\/2023\/06\/18\/concert-de-chant-choral-a-la-cle-doree\/"]}]},{"@type":"ImageObject","inLanguage":"fr-FR","@id":"https:\/\/www.stjb-delasalle.fr\/site\/2023\/06\/18\/concert-de-chant-choral-a-la-cle-doree\/#primaryimage","url":"https:\/\/www.stjb-delasalle.fr\/site\/wp-content\/uploads\/2023\/10\/Chorale-juin-2023-Auditorium-Ecole-de-musique-La-cle-d-Oree-Laigne-1.jpg","contentUrl":"https:\/\/www.stjb-delasalle.fr\/site\/wp-content\/uploads\/2023\/10\/Chorale-juin-2023-Auditorium-Ecole-de-musique-La-cle-d-Oree-Laigne-1.jpg","width":1920,"height":1440},{"@type":"BreadcrumbList","@id":"https:\/\/www.stjb-delasalle.fr\/site\/2023\/06\/18\/concert-de-chant-choral-a-la-cle-doree\/#breadcrumb","itemListElement":[{"@type":"ListItem","position":1,"name":"Accueil","item":"https:\/\/www.stjb-delasalle.fr\/site\/"},{"@type":"ListItem","position":2,"name":"Concert de chant choral \u00e0 la Cl\u00e9 d&rsquo;Or\u00e9e"}]},{"@type":"WebSite","@id":"https:\/\/www.stjb-delasalle.fr\/site\/#website","url":"https:\/\/www.stjb-delasalle.fr\/site\/","name":"Coll\u00e8ge Saint Jean Baptiste de La Salle","description":"Notre coll\u00e8ge vous accueille sur le site du Rancher \u00e0 Teloch\u00e9","publisher":{"@id":"https:\/\/www.stjb-delasalle.fr\/site\/#organization"},"potentialAction":[{"@type":"SearchAction","target":{"@type":"EntryPoint","urlTemplate":"https:\/\/www.stjb-delasalle.fr\/site\/?s={search_term_string}"},"query-input":{"@type":"PropertyValueSpecification","valueRequired":true,"valueName":"search_term_string"}}],"inLanguage":"fr-FR"},{"@type":"Organization","@id":"https:\/\/www.stjb-delasalle.fr\/site\/#organization","name":"Coll\u00e8ge Saint Jean Baptiste de La Salle","url":"https:\/\/www.stjb-delasalle.fr\/site\/","logo":{"@type":"ImageObject","inLanguage":"fr-FR","@id":"https:\/\/www.stjb-delasalle.fr\/site\/#\/schema\/logo\/image\/","url":"https:\/\/www.stjb-delasalle.fr\/site\/wp-content\/uploads\/2021\/11\/logostjb_petit_transp.png","contentUrl":"https:\/\/www.stjb-delasalle.fr\/site\/wp-content\/uploads\/2021\/11\/logostjb_petit_transp.png","width":180,"height":127,"caption":"Coll\u00e8ge Saint Jean Baptiste de La Salle"},"image":{"@id":"https:\/\/www.stjb-delasalle.fr\/site\/#\/schema\/logo\/image\/"}},{"@type":"Person","@id":"https:\/\/www.stjb-delasalle.fr\/site\/#\/schema\/person\/29e031eae2fbe58aca689f9074d3616a","name":"s.couret","image":{"@type":"ImageObject","inLanguage":"fr-FR","@id":"https:\/\/secure.gravatar.com\/avatar\/83474c4b01f4d5df531ba9e1ae59f6610ffe9a3c76657f973718ba9fff166522?s=96&d=mm&r=g","url":"https:\/\/secure.gravatar.com\/avatar\/83474c4b01f4d5df531ba9e1ae59f6610ffe9a3c76657f973718ba9fff166522?s=96&d=mm&r=g","contentUrl":"https:\/\/secure.gravatar.com\/avatar\/83474c4b01f4d5df531ba9e1ae59f6610ffe9a3c76657f973718ba9fff166522?s=96&d=mm&r=g","caption":"s.couret"},"url":"https:\/\/www.stjb-delasalle.fr\/site\/author\/s-couret\/"}]}},"_links":{"self":[{"href":"https:\/\/www.stjb-delasalle.fr\/site\/wp-json\/wp\/v2\/posts\/13862","targetHints":{"allow":["GET"]}}],"collection":[{"href":"https:\/\/www.stjb-delasalle.fr\/site\/wp-json\/wp\/v2\/posts"}],"about":[{"href":"https:\/\/www.stjb-delasalle.fr\/site\/wp-json\/wp\/v2\/types\/post"}],"author":[{"embeddable":true,"href":"https:\/\/www.stjb-delasalle.fr\/site\/wp-json\/wp\/v2\/users\/3"}],"replies":[{"embeddable":true,"href":"https:\/\/www.stjb-delasalle.fr\/site\/wp-json\/wp\/v2\/comments?post=13862"}],"version-history":[{"count":2,"href":"https:\/\/www.stjb-delasalle.fr\/site\/wp-json\/wp\/v2\/posts\/13862\/revisions"}],"predecessor-version":[{"id":13877,"href":"https:\/\/www.stjb-delasalle.fr\/site\/wp-json\/wp\/v2\/posts\/13862\/revisions\/13877"}],"wp:featuredmedia":[{"embeddable":true,"href":"https:\/\/www.stjb-delasalle.fr\/site\/wp-json\/wp\/v2\/media\/13870"}],"wp:attachment":[{"href":"https:\/\/www.stjb-delasalle.fr\/site\/wp-json\/wp\/v2\/media?parent=13862"}],"wp:term":[{"taxonomy":"category","embeddable":true,"href":"https:\/\/www.stjb-delasalle.fr\/site\/wp-json\/wp\/v2\/categories?post=13862"},{"taxonomy":"post_tag","embeddable":true,"href":"https:\/\/www.stjb-delasalle.fr\/site\/wp-json\/wp\/v2\/tags?post=13862"}],"curies":[{"name":"wp","href":"https:\/\/api.w.org\/{rel}","templated":true}]}}