{"id":1386,"date":"2018-04-09T08:47:55","date_gmt":"2018-04-09T06:47:55","guid":{"rendered":"http:\/\/www.stjb-delasalle.fr\/?p=1386"},"modified":"2018-04-09T08:47:55","modified_gmt":"2018-04-09T06:47:55","slug":"rencontre-avec-jeanne-pas-a-pas","status":"publish","type":"post","link":"https:\/\/www.stjb-delasalle.fr\/site\/2018\/04\/09\/rencontre-avec-jeanne-pas-a-pas\/","title":{"rendered":"Rencontre avec Jeanne : pas \u00e0 pas"},"content":{"rendered":"<p>Pendant que la majorit\u00e9 des \u00e9l\u00e8ves de 5\u00e8me sont all\u00e9s au s\u00e9jour \u00ab\u00a0Montagne\u00a0\u00bb, les \u00e9l\u00e8ves restant ont eu une semaine bien remplie.<\/p>\n<p>Ils ont notamment rencontr\u00e9 une petite fille handicap\u00e9e, \u00e0 qui ils ont fait visiter le coll\u00e8ge, et ont \u00e9chang\u00e9 avec elle. Il s&rsquo;agit de Jeanne, n\u00e9e en 2009, atteinte d&rsquo;une maladie encore non diagnostiqu\u00e9e.<\/p>\n<p>Pour elle, ils vont organiser un cross solidaire le vendredi 20 avril \u00e0 l&rsquo;int\u00e9rieur du coll\u00e8ge, de 14h \u00e0 16h, cross auquel participeront tous les \u00e9l\u00e8ves de 6\u00e8 et 5\u00e8.<\/p>\n<p>Nous tenions simplement \u00e0 vous informer que des dons sont possibles pour l&rsquo;association \u00ab\u00a0Jeanne: Pas \u00e0 pas\u00a0\u00bb, qui se rajouteront au ch\u00e8que que le coll\u00e8ge remettra en fin de semaine.<\/p>\n<p>Ces dons seront \u00e0 transmettre au coll\u00e8ge le vendredi 20 avril, sous enveloppe au nom de l&rsquo;association.<\/p>\n<p><strong>Voici l&rsquo;article r\u00e9dig\u00e9 sur le blog de <a href=\"http:\/\/jeannepasapas.canalblog.com\" target=\"_blank\" rel=\"noopener\">Jeanne : pas \u00e0 pas<\/a> \u00e0 propos de la rencontre avec les \u00e9l\u00e8ves de cinqui\u00e8mes.<\/strong><\/p>\n<blockquote><p>Il y a quelques temps, j&rsquo;ai \u00e9t\u00e9 contact\u00e9e par une professeur du Coll\u00e8ge Saint Jean Baptiste de la Salle de T\u00e9loch\u00e9 (72).<br \/>\nL&rsquo;id\u00e9e \u00e9tait de mobiliser les coll\u00e9giens autour de Jeanne.<\/p>\n<p>Cet apr\u00e8s-midi, nous avons donc rencontr\u00e9 15 \u00e9l\u00e8ves de 5\u00e8me (leurs camarades \u00e9tant aux sports d&rsquo;hiver). Apr\u00e8s une visite du coll\u00e8ge (ils ont des terrains immenses, un bois, des chevaux, des poules et m\u00eame un paon), nous avons beaucoup discut\u00e9 sur Jeanne. Les coll\u00e9giens ont \u00e9t\u00e9 tr\u00e8s curieux, tr\u00e8s int\u00e9ress\u00e9s et le tout sans tabou !!! Puis nous avons fait un petit cours de musique, ce qui a beaucoup plus \u00e0 Jeanne. Enfin nous sommes all\u00e9s dehors faire une petite photo de groupe.<\/p>\n<p>Cette semaine, ces coll\u00e9giens vont faire un film, des affiches pour sensibiliser leurs camarades et organiser un cross qui aura lieu le 20 avril !!<\/p><\/blockquote>\n<p><a href=\"http:\/\/www.stjb-delasalle.fr\/wp-content\/uploads\/2018\/04\/119567277_o.jpg\"><img fetchpriority=\"high\" decoding=\"async\" class=\"alignleft wp-image-1387\" src=\"http:\/\/www.stjb-delasalle.fr\/wp-content\/uploads\/2018\/04\/119567277_o-225x300.jpg\" alt=\"\" width=\"400\" height=\"533\" \/><\/a> <a href=\"http:\/\/www.stjb-delasalle.fr\/wp-content\/uploads\/2018\/04\/119567316_o.jpg\"><img decoding=\"async\" class=\"alignleft wp-image-1388\" src=\"http:\/\/www.stjb-delasalle.fr\/wp-content\/uploads\/2018\/04\/119567316_o-225x300.jpg\" alt=\"\" width=\"400\" height=\"533\" \/><\/a> <a href=\"http:\/\/www.stjb-delasalle.fr\/wp-content\/uploads\/2018\/04\/119567428_o.jpg\"><img decoding=\"async\" class=\"alignleft wp-image-1390\" src=\"http:\/\/www.stjb-delasalle.fr\/wp-content\/uploads\/2018\/04\/119567428_o-300x225.jpg\" alt=\"\" width=\"400\" height=\"300\" \/><\/a> <a href=\"http:\/\/www.stjb-delasalle.fr\/wp-content\/uploads\/2018\/04\/119567451_o.jpg\"><img loading=\"lazy\" decoding=\"async\" class=\"alignleft wp-image-1391\" src=\"http:\/\/www.stjb-delasalle.fr\/wp-content\/uploads\/2018\/04\/119567451_o-225x300.jpg\" alt=\"\" width=\"400\" height=\"533\" \/><\/a><\/p>\n","protected":false},"excerpt":{"rendered":"<p>Pendant que la majorit\u00e9 des \u00e9l\u00e8ves de 5\u00e8me sont all\u00e9s au s\u00e9jour \u00ab\u00a0Montagne\u00a0\u00bb, les \u00e9l\u00e8ves restant ont eu une semaine bien remplie. Ils ont notamment rencontr\u00e9 une petite fille handicap\u00e9e, \u00e0 qui ils ont fait visiter le coll\u00e8ge, et ont \u00e9chang\u00e9 avec elle. Il s&rsquo;agit de Jeanne, n\u00e9e en 2009, atteinte d&rsquo;une maladie encore non [&hellip;]<\/p>\n","protected":false},"author":1,"featured_media":1389,"comment_status":"closed","ping_status":"closed","sticky":false,"template":"","format":"standard","meta":{"site-sidebar-layout":"default","site-content-layout":"","ast-site-content-layout":"default","site-content-style":"default","site-sidebar-style":"default","ast-global-header-display":"","ast-banner-title-visibility":"","ast-main-header-display":"","ast-hfb-above-header-display":"","ast-hfb-below-header-display":"","ast-hfb-mobile-header-display":"","site-post-title":"","ast-breadcrumbs-content":"","ast-featured-img":"","footer-sml-layout":"","ast-disable-related-posts":"","theme-transparent-header-meta":"","adv-header-id-meta":"","stick-header-meta":"","header-above-stick-meta":"","header-main-stick-meta":"","header-below-stick-meta":"","astra-migrate-meta-layouts":"default","ast-page-background-enabled":"default","ast-page-background-meta":{"desktop":{"background-color":"var(--ast-global-color-4)","background-image":"","background-repeat":"repeat","background-position":"center center","background-size":"auto","background-attachment":"scroll","background-type":"","background-media":"","overlay-type":"","overlay-color":"","overlay-opacity":"","overlay-gradient":""},"tablet":{"background-color":"","background-image":"","background-repeat":"repeat","background-position":"center center","background-size":"auto","background-attachment":"scroll","background-type":"","background-media":"","overlay-type":"","overlay-color":"","overlay-opacity":"","overlay-gradient":""},"mobile":{"background-color":"","background-image":"","background-repeat":"repeat","background-position":"center center","background-size":"auto","background-attachment":"scroll","background-type":"","background-media":"","overlay-type":"","overlay-color":"","overlay-opacity":"","overlay-gradient":""}},"ast-content-background-meta":{"desktop":{"background-color":"var(--ast-global-color-5)","background-image":"","background-repeat":"repeat","background-position":"center center","background-size":"auto","background-attachment":"scroll","background-type":"","background-media":"","overlay-type":"","overlay-color":"","overlay-opacity":"","overlay-gradient":""},"tablet":{"background-color":"var(--ast-global-color-5)","background-image":"","background-repeat":"repeat","background-position":"center center","background-size":"auto","background-attachment":"scroll","background-type":"","background-media":"","overlay-type":"","overlay-color":"","overlay-opacity":"","overlay-gradient":""},"mobile":{"background-color":"var(--ast-global-color-5)","background-image":"","background-repeat":"repeat","background-position":"center center","background-size":"auto","background-attachment":"scroll","background-type":"","background-media":"","overlay-type":"","overlay-color":"","overlay-opacity":"","overlay-gradient":""}},"footnotes":""},"categories":[6],"tags":[],"class_list":["post-1386","post","type-post","status-publish","format-standard","has-post-thumbnail","hentry","category-college"],"yoast_head":"<!-- This site is optimized with the Yoast SEO plugin v27.5 - https:\/\/yoast.com\/product\/yoast-seo-wordpress\/ -->\n<title>Rencontre avec Jeanne : pas \u00e0 pas - Coll\u00e8ge Saint Jean Baptiste de La Salle<\/title>\n<meta name=\"robots\" content=\"index, follow, max-snippet:-1, max-image-preview:large, max-video-preview:-1\" \/>\n<link rel=\"canonical\" href=\"https:\/\/www.stjb-delasalle.fr\/site\/2018\/04\/09\/rencontre-avec-jeanne-pas-a-pas\/\" \/>\n<meta property=\"og:locale\" content=\"fr_FR\" \/>\n<meta property=\"og:type\" content=\"article\" \/>\n<meta property=\"og:title\" content=\"Rencontre avec Jeanne : pas \u00e0 pas - Coll\u00e8ge Saint Jean Baptiste de La Salle\" \/>\n<meta property=\"og:description\" content=\"Pendant que la majorit\u00e9 des \u00e9l\u00e8ves de 5\u00e8me sont all\u00e9s au s\u00e9jour \u00ab\u00a0Montagne\u00a0\u00bb, les \u00e9l\u00e8ves restant ont eu une semaine bien remplie. Ils ont notamment rencontr\u00e9 une petite fille handicap\u00e9e, \u00e0 qui ils ont fait visiter le coll\u00e8ge, et ont \u00e9chang\u00e9 avec elle. Il s&rsquo;agit de Jeanne, n\u00e9e en 2009, atteinte d&rsquo;une maladie encore non [&hellip;]\" \/>\n<meta property=\"og:url\" content=\"https:\/\/www.stjb-delasalle.fr\/site\/2018\/04\/09\/rencontre-avec-jeanne-pas-a-pas\/\" \/>\n<meta property=\"og:site_name\" content=\"Coll\u00e8ge Saint Jean Baptiste de La Salle\" \/>\n<meta property=\"article:published_time\" content=\"2018-04-09T06:47:55+00:00\" \/>\n<meta name=\"author\" content=\"r.zucchetti\" \/>\n<meta name=\"twitter:card\" content=\"summary_large_image\" \/>\n<meta name=\"twitter:label1\" content=\"\u00c9crit par\" \/>\n\t<meta name=\"twitter:data1\" content=\"r.zucchetti\" \/>\n\t<meta name=\"twitter:label2\" content=\"Dur\u00e9e de lecture estim\u00e9e\" \/>\n\t<meta name=\"twitter:data2\" content=\"2 minutes\" \/>\n<script type=\"application\/ld+json\" class=\"yoast-schema-graph\">{\"@context\":\"https:\\\/\\\/schema.org\",\"@graph\":[{\"@type\":\"Article\",\"@id\":\"https:\\\/\\\/www.stjb-delasalle.fr\\\/site\\\/2018\\\/04\\\/09\\\/rencontre-avec-jeanne-pas-a-pas\\\/#article\",\"isPartOf\":{\"@id\":\"https:\\\/\\\/www.stjb-delasalle.fr\\\/site\\\/2018\\\/04\\\/09\\\/rencontre-avec-jeanne-pas-a-pas\\\/\"},\"author\":{\"name\":\"r.zucchetti\",\"@id\":\"https:\\\/\\\/www.stjb-delasalle.fr\\\/site\\\/#\\\/schema\\\/person\\\/36988a7b4178dd69b805a25eea2b8f8f\"},\"headline\":\"Rencontre avec Jeanne : pas \u00e0 pas\",\"datePublished\":\"2018-04-09T06:47:55+00:00\",\"mainEntityOfPage\":{\"@id\":\"https:\\\/\\\/www.stjb-delasalle.fr\\\/site\\\/2018\\\/04\\\/09\\\/rencontre-avec-jeanne-pas-a-pas\\\/\"},\"wordCount\":313,\"publisher\":{\"@id\":\"https:\\\/\\\/www.stjb-delasalle.fr\\\/site\\\/#organization\"},\"image\":{\"@id\":\"https:\\\/\\\/www.stjb-delasalle.fr\\\/site\\\/2018\\\/04\\\/09\\\/rencontre-avec-jeanne-pas-a-pas\\\/#primaryimage\"},\"thumbnailUrl\":\"\",\"articleSection\":[\"Coll\u00e8ge\"],\"inLanguage\":\"fr-FR\"},{\"@type\":\"WebPage\",\"@id\":\"https:\\\/\\\/www.stjb-delasalle.fr\\\/site\\\/2018\\\/04\\\/09\\\/rencontre-avec-jeanne-pas-a-pas\\\/\",\"url\":\"https:\\\/\\\/www.stjb-delasalle.fr\\\/site\\\/2018\\\/04\\\/09\\\/rencontre-avec-jeanne-pas-a-pas\\\/\",\"name\":\"Rencontre avec Jeanne : pas \u00e0 pas - Coll\u00e8ge Saint Jean Baptiste de La Salle\",\"isPartOf\":{\"@id\":\"https:\\\/\\\/www.stjb-delasalle.fr\\\/site\\\/#website\"},\"primaryImageOfPage\":{\"@id\":\"https:\\\/\\\/www.stjb-delasalle.fr\\\/site\\\/2018\\\/04\\\/09\\\/rencontre-avec-jeanne-pas-a-pas\\\/#primaryimage\"},\"image\":{\"@id\":\"https:\\\/\\\/www.stjb-delasalle.fr\\\/site\\\/2018\\\/04\\\/09\\\/rencontre-avec-jeanne-pas-a-pas\\\/#primaryimage\"},\"thumbnailUrl\":\"\",\"datePublished\":\"2018-04-09T06:47:55+00:00\",\"breadcrumb\":{\"@id\":\"https:\\\/\\\/www.stjb-delasalle.fr\\\/site\\\/2018\\\/04\\\/09\\\/rencontre-avec-jeanne-pas-a-pas\\\/#breadcrumb\"},\"inLanguage\":\"fr-FR\",\"potentialAction\":[{\"@type\":\"ReadAction\",\"target\":[\"https:\\\/\\\/www.stjb-delasalle.fr\\\/site\\\/2018\\\/04\\\/09\\\/rencontre-avec-jeanne-pas-a-pas\\\/\"]}]},{\"@type\":\"ImageObject\",\"inLanguage\":\"fr-FR\",\"@id\":\"https:\\\/\\\/www.stjb-delasalle.fr\\\/site\\\/2018\\\/04\\\/09\\\/rencontre-avec-jeanne-pas-a-pas\\\/#primaryimage\",\"url\":\"\",\"contentUrl\":\"\"},{\"@type\":\"BreadcrumbList\",\"@id\":\"https:\\\/\\\/www.stjb-delasalle.fr\\\/site\\\/2018\\\/04\\\/09\\\/rencontre-avec-jeanne-pas-a-pas\\\/#breadcrumb\",\"itemListElement\":[{\"@type\":\"ListItem\",\"position\":1,\"name\":\"Accueil\",\"item\":\"https:\\\/\\\/www.stjb-delasalle.fr\\\/site\\\/\"},{\"@type\":\"ListItem\",\"position\":2,\"name\":\"Rencontre avec Jeanne : pas \u00e0 pas\"}]},{\"@type\":\"WebSite\",\"@id\":\"https:\\\/\\\/www.stjb-delasalle.fr\\\/site\\\/#website\",\"url\":\"https:\\\/\\\/www.stjb-delasalle.fr\\\/site\\\/\",\"name\":\"Coll\u00e8ge Saint Jean Baptiste de La Salle\",\"description\":\"Notre coll\u00e8ge vous accueille sur le site du Rancher \u00e0 Teloch\u00e9\",\"publisher\":{\"@id\":\"https:\\\/\\\/www.stjb-delasalle.fr\\\/site\\\/#organization\"},\"potentialAction\":[{\"@type\":\"SearchAction\",\"target\":{\"@type\":\"EntryPoint\",\"urlTemplate\":\"https:\\\/\\\/www.stjb-delasalle.fr\\\/site\\\/?s={search_term_string}\"},\"query-input\":{\"@type\":\"PropertyValueSpecification\",\"valueRequired\":true,\"valueName\":\"search_term_string\"}}],\"inLanguage\":\"fr-FR\"},{\"@type\":\"Organization\",\"@id\":\"https:\\\/\\\/www.stjb-delasalle.fr\\\/site\\\/#organization\",\"name\":\"Coll\u00e8ge Saint Jean Baptiste de La Salle\",\"url\":\"https:\\\/\\\/www.stjb-delasalle.fr\\\/site\\\/\",\"logo\":{\"@type\":\"ImageObject\",\"inLanguage\":\"fr-FR\",\"@id\":\"https:\\\/\\\/www.stjb-delasalle.fr\\\/site\\\/#\\\/schema\\\/logo\\\/image\\\/\",\"url\":\"https:\\\/\\\/www.stjb-delasalle.fr\\\/site\\\/wp-content\\\/uploads\\\/2021\\\/11\\\/logostjb_petit_transp.png\",\"contentUrl\":\"https:\\\/\\\/www.stjb-delasalle.fr\\\/site\\\/wp-content\\\/uploads\\\/2021\\\/11\\\/logostjb_petit_transp.png\",\"width\":180,\"height\":127,\"caption\":\"Coll\u00e8ge Saint Jean Baptiste de La Salle\"},\"image\":{\"@id\":\"https:\\\/\\\/www.stjb-delasalle.fr\\\/site\\\/#\\\/schema\\\/logo\\\/image\\\/\"}},{\"@type\":\"Person\",\"@id\":\"https:\\\/\\\/www.stjb-delasalle.fr\\\/site\\\/#\\\/schema\\\/person\\\/36988a7b4178dd69b805a25eea2b8f8f\",\"name\":\"r.zucchetti\",\"image\":{\"@type\":\"ImageObject\",\"inLanguage\":\"fr-FR\",\"@id\":\"https:\\\/\\\/secure.gravatar.com\\\/avatar\\\/de909cd474d221f967baff6582e1e559c4977b81139138190583ff7dda97b212?s=96&d=mm&r=g\",\"url\":\"https:\\\/\\\/secure.gravatar.com\\\/avatar\\\/de909cd474d221f967baff6582e1e559c4977b81139138190583ff7dda97b212?s=96&d=mm&r=g\",\"contentUrl\":\"https:\\\/\\\/secure.gravatar.com\\\/avatar\\\/de909cd474d221f967baff6582e1e559c4977b81139138190583ff7dda97b212?s=96&d=mm&r=g\",\"caption\":\"r.zucchetti\"},\"sameAs\":[\"https:\\\/\\\/www.stjb-delasalle.fr\\\/site\"],\"url\":\"https:\\\/\\\/www.stjb-delasalle.fr\\\/site\\\/author\\\/r-zucchetti\\\/\"}]}<\/script>\n<!-- \/ Yoast SEO plugin. -->","yoast_head_json":{"title":"Rencontre avec Jeanne : pas \u00e0 pas - Coll\u00e8ge Saint Jean Baptiste de La Salle","robots":{"index":"index","follow":"follow","max-snippet":"max-snippet:-1","max-image-preview":"max-image-preview:large","max-video-preview":"max-video-preview:-1"},"canonical":"https:\/\/www.stjb-delasalle.fr\/site\/2018\/04\/09\/rencontre-avec-jeanne-pas-a-pas\/","og_locale":"fr_FR","og_type":"article","og_title":"Rencontre avec Jeanne : pas \u00e0 pas - Coll\u00e8ge Saint Jean Baptiste de La Salle","og_description":"Pendant que la majorit\u00e9 des \u00e9l\u00e8ves de 5\u00e8me sont all\u00e9s au s\u00e9jour \u00ab\u00a0Montagne\u00a0\u00bb, les \u00e9l\u00e8ves restant ont eu une semaine bien remplie. Ils ont notamment rencontr\u00e9 une petite fille handicap\u00e9e, \u00e0 qui ils ont fait visiter le coll\u00e8ge, et ont \u00e9chang\u00e9 avec elle. Il s&rsquo;agit de Jeanne, n\u00e9e en 2009, atteinte d&rsquo;une maladie encore non [&hellip;]","og_url":"https:\/\/www.stjb-delasalle.fr\/site\/2018\/04\/09\/rencontre-avec-jeanne-pas-a-pas\/","og_site_name":"Coll\u00e8ge Saint Jean Baptiste de La Salle","article_published_time":"2018-04-09T06:47:55+00:00","author":"r.zucchetti","twitter_card":"summary_large_image","twitter_misc":{"\u00c9crit par":"r.zucchetti","Dur\u00e9e de lecture estim\u00e9e":"2 minutes"},"schema":{"@context":"https:\/\/schema.org","@graph":[{"@type":"Article","@id":"https:\/\/www.stjb-delasalle.fr\/site\/2018\/04\/09\/rencontre-avec-jeanne-pas-a-pas\/#article","isPartOf":{"@id":"https:\/\/www.stjb-delasalle.fr\/site\/2018\/04\/09\/rencontre-avec-jeanne-pas-a-pas\/"},"author":{"name":"r.zucchetti","@id":"https:\/\/www.stjb-delasalle.fr\/site\/#\/schema\/person\/36988a7b4178dd69b805a25eea2b8f8f"},"headline":"Rencontre avec Jeanne : pas \u00e0 pas","datePublished":"2018-04-09T06:47:55+00:00","mainEntityOfPage":{"@id":"https:\/\/www.stjb-delasalle.fr\/site\/2018\/04\/09\/rencontre-avec-jeanne-pas-a-pas\/"},"wordCount":313,"publisher":{"@id":"https:\/\/www.stjb-delasalle.fr\/site\/#organization"},"image":{"@id":"https:\/\/www.stjb-delasalle.fr\/site\/2018\/04\/09\/rencontre-avec-jeanne-pas-a-pas\/#primaryimage"},"thumbnailUrl":"","articleSection":["Coll\u00e8ge"],"inLanguage":"fr-FR"},{"@type":"WebPage","@id":"https:\/\/www.stjb-delasalle.fr\/site\/2018\/04\/09\/rencontre-avec-jeanne-pas-a-pas\/","url":"https:\/\/www.stjb-delasalle.fr\/site\/2018\/04\/09\/rencontre-avec-jeanne-pas-a-pas\/","name":"Rencontre avec Jeanne : pas \u00e0 pas - Coll\u00e8ge Saint Jean Baptiste de La Salle","isPartOf":{"@id":"https:\/\/www.stjb-delasalle.fr\/site\/#website"},"primaryImageOfPage":{"@id":"https:\/\/www.stjb-delasalle.fr\/site\/2018\/04\/09\/rencontre-avec-jeanne-pas-a-pas\/#primaryimage"},"image":{"@id":"https:\/\/www.stjb-delasalle.fr\/site\/2018\/04\/09\/rencontre-avec-jeanne-pas-a-pas\/#primaryimage"},"thumbnailUrl":"","datePublished":"2018-04-09T06:47:55+00:00","breadcrumb":{"@id":"https:\/\/www.stjb-delasalle.fr\/site\/2018\/04\/09\/rencontre-avec-jeanne-pas-a-pas\/#breadcrumb"},"inLanguage":"fr-FR","potentialAction":[{"@type":"ReadAction","target":["https:\/\/www.stjb-delasalle.fr\/site\/2018\/04\/09\/rencontre-avec-jeanne-pas-a-pas\/"]}]},{"@type":"ImageObject","inLanguage":"fr-FR","@id":"https:\/\/www.stjb-delasalle.fr\/site\/2018\/04\/09\/rencontre-avec-jeanne-pas-a-pas\/#primaryimage","url":"","contentUrl":""},{"@type":"BreadcrumbList","@id":"https:\/\/www.stjb-delasalle.fr\/site\/2018\/04\/09\/rencontre-avec-jeanne-pas-a-pas\/#breadcrumb","itemListElement":[{"@type":"ListItem","position":1,"name":"Accueil","item":"https:\/\/www.stjb-delasalle.fr\/site\/"},{"@type":"ListItem","position":2,"name":"Rencontre avec Jeanne : pas \u00e0 pas"}]},{"@type":"WebSite","@id":"https:\/\/www.stjb-delasalle.fr\/site\/#website","url":"https:\/\/www.stjb-delasalle.fr\/site\/","name":"Coll\u00e8ge Saint Jean Baptiste de La Salle","description":"Notre coll\u00e8ge vous accueille sur le site du Rancher \u00e0 Teloch\u00e9","publisher":{"@id":"https:\/\/www.stjb-delasalle.fr\/site\/#organization"},"potentialAction":[{"@type":"SearchAction","target":{"@type":"EntryPoint","urlTemplate":"https:\/\/www.stjb-delasalle.fr\/site\/?s={search_term_string}"},"query-input":{"@type":"PropertyValueSpecification","valueRequired":true,"valueName":"search_term_string"}}],"inLanguage":"fr-FR"},{"@type":"Organization","@id":"https:\/\/www.stjb-delasalle.fr\/site\/#organization","name":"Coll\u00e8ge Saint Jean Baptiste de La Salle","url":"https:\/\/www.stjb-delasalle.fr\/site\/","logo":{"@type":"ImageObject","inLanguage":"fr-FR","@id":"https:\/\/www.stjb-delasalle.fr\/site\/#\/schema\/logo\/image\/","url":"https:\/\/www.stjb-delasalle.fr\/site\/wp-content\/uploads\/2021\/11\/logostjb_petit_transp.png","contentUrl":"https:\/\/www.stjb-delasalle.fr\/site\/wp-content\/uploads\/2021\/11\/logostjb_petit_transp.png","width":180,"height":127,"caption":"Coll\u00e8ge Saint Jean Baptiste de La Salle"},"image":{"@id":"https:\/\/www.stjb-delasalle.fr\/site\/#\/schema\/logo\/image\/"}},{"@type":"Person","@id":"https:\/\/www.stjb-delasalle.fr\/site\/#\/schema\/person\/36988a7b4178dd69b805a25eea2b8f8f","name":"r.zucchetti","image":{"@type":"ImageObject","inLanguage":"fr-FR","@id":"https:\/\/secure.gravatar.com\/avatar\/de909cd474d221f967baff6582e1e559c4977b81139138190583ff7dda97b212?s=96&d=mm&r=g","url":"https:\/\/secure.gravatar.com\/avatar\/de909cd474d221f967baff6582e1e559c4977b81139138190583ff7dda97b212?s=96&d=mm&r=g","contentUrl":"https:\/\/secure.gravatar.com\/avatar\/de909cd474d221f967baff6582e1e559c4977b81139138190583ff7dda97b212?s=96&d=mm&r=g","caption":"r.zucchetti"},"sameAs":["https:\/\/www.stjb-delasalle.fr\/site"],"url":"https:\/\/www.stjb-delasalle.fr\/site\/author\/r-zucchetti\/"}]}},"_links":{"self":[{"href":"https:\/\/www.stjb-delasalle.fr\/site\/wp-json\/wp\/v2\/posts\/1386","targetHints":{"allow":["GET"]}}],"collection":[{"href":"https:\/\/www.stjb-delasalle.fr\/site\/wp-json\/wp\/v2\/posts"}],"about":[{"href":"https:\/\/www.stjb-delasalle.fr\/site\/wp-json\/wp\/v2\/types\/post"}],"author":[{"embeddable":true,"href":"https:\/\/www.stjb-delasalle.fr\/site\/wp-json\/wp\/v2\/users\/1"}],"replies":[{"embeddable":true,"href":"https:\/\/www.stjb-delasalle.fr\/site\/wp-json\/wp\/v2\/comments?post=1386"}],"version-history":[{"count":0,"href":"https:\/\/www.stjb-delasalle.fr\/site\/wp-json\/wp\/v2\/posts\/1386\/revisions"}],"wp:featuredmedia":[{"embeddable":true,"href":"https:\/\/www.stjb-delasalle.fr\/site\/wp-json\/"}],"wp:attachment":[{"href":"https:\/\/www.stjb-delasalle.fr\/site\/wp-json\/wp\/v2\/media?parent=1386"}],"wp:term":[{"taxonomy":"category","embeddable":true,"href":"https:\/\/www.stjb-delasalle.fr\/site\/wp-json\/wp\/v2\/categories?post=1386"},{"taxonomy":"post_tag","embeddable":true,"href":"https:\/\/www.stjb-delasalle.fr\/site\/wp-json\/wp\/v2\/tags?post=1386"}],"curies":[{"name":"wp","href":"https:\/\/api.w.org\/{rel}","templated":true}]}}